{"id":363523,"date":"2023-11-28T07:55:09","date_gmt":"2023-11-28T06:55:09","guid":{"rendered":"https:\/\/www.radiopiu.net\/wordpress\/?p=363523"},"modified":"2023-11-28T08:43:15","modified_gmt":"2023-11-28T07:43:15","slug":"la-rassegna-stampa-loriginale-dal-1983-di-mirko-mezzacasa-e-ogni-giorno-alle-7-le-anticipazioni-per-chi-va-di-fretta","status":"publish","type":"post","link":"https:\/\/www.radiopiu.net\/wordpress\/la-rassegna-stampa-loriginale-dal-1983-di-mirko-mezzacasa-e-ogni-giorno-alle-7-le-anticipazioni-per-chi-va-di-fretta\/","title":{"rendered":"la rassegna stampa, l&#8217;originale dal 1983 DI MIRKO MEZZACASA  e ogni giorno alle 7 LE ANTICIPAZIONI PER CHI VA DI FRETTA"},"content":{"rendered":"<p>&nbsp;<\/p>\n<p>&nbsp;<\/p>\n<p><iframe loading=\"lazy\" title=\"la rassegna stampa, l&#039;originale dal 1983 DI MIRKO MEZZACASA  e ogni giorno alle 7 LE ANTICIPAZIONI P\" width=\"1200\" height=\"675\" src=\"https:\/\/www.youtube.com\/embed\/yPhrkiThK54?feature=oembed\" frameborder=\"0\" allow=\"accelerometer; autoplay; clipboard-write; encrypted-media; gyroscope; picture-in-picture; web-share\" allowfullscreen><\/iframe><\/p>\n<p>&nbsp;<\/p>\n<p>&nbsp;<\/p>\n<p><strong>VENEZIA<\/strong> Angelika \u00e8 lucida, capace di intendere e volere. Si faccia il processo alla donna che ha distrutto una famiglia nella strage di Santo Stefano di Cadore. Il rinvio a giudizio dovr\u00e0 essere formalizzato prima di gennaio altrimenti scadranno i termini della carcerazione.<br \/>\n<strong>BELLUNO<\/strong> Addio a Alessandro Masucci: l&#8217;Alpinismo Piange la Perdita di un Eroe Silenzioso<br \/>\n<strong>AGORDO<\/strong> Mario Eraldo Fontanive \u00e8 stata una presenza importante per Agordo, famiglie di imprenditori del commercio i Fontanive, Eraldo in particolare era il volto noto dell&#8217;Oreficeria in contrada dei Signori oggi nella mani del figlio Antonio. Domani alle 14 i funerali ad Agordo<br \/>\n<strong>BELLUNO<\/strong> Cresce la paura in tutta la provincia ma soprattutto in Valbelluna per la continua raffica di furti impuniti messi in atto dalla banda della domenica, cosi&#8217; sfacciati da entrare in casa anche in presenza dei proprietari.<br \/>\n<strong>QUESTURA<\/strong>-valbelluna &#8220;Arresto notturno a Limana lo scorso 7 novembre: Rinvenuti attrezzi da scasso e coltelli in auto.<br \/>\n<strong>QUESTURA<\/strong>-alpago Truffa ai Danni degli Imprenditori di Alpago: Fasulli Venditori Propongono Materiale &#8216;Antimulta&#8217; a Nomi Falsi&#8221; offerte di mensile e calendario della Polizia di Stato: attenzione agli imbrogli, conferma dalla Questura di Belluno<\/p>\n<p><strong>SELVA DI CADORE<\/strong> Dopo 25 anni la societ\u00e0 di impianti a Selva di Cadore cambia dirigenza. Da Beraldo rimasto in carica 25 anni a Pirollo.<br \/>\n<strong>CORTINA<\/strong> Via libera alla variante olimpica, questo il lotto zero del principale intervento stradale per l&#8217;evento del 2026.<br \/>\n<strong>BELLUNO<\/strong> Bilancio 2024, il vero problema sono il calo delle entrate. Domani se ne parla in consiglio comunale<br \/>\n<strong>AGORDO<\/strong> Ieri sera il consiglio dell&#8217;unione montana agordina, si puo&#8217; riascoltare e rivedere in podcast nelle dirette di RADIOPIU sul sito, canale telegram e facebook.<br \/>\n<strong>AGORDO<\/strong> IL COMUNE DI AGORDO VUOLE INSTALLARE OLTRE 1300 PANNELLI SOLARI<br \/>\n<strong>ALLEGHE<\/strong> LA NUOVA STAGIONE NELL&#8217;AREA CIVETTA, PENSANDO AL COLLEGAMENTO CON PASSO GIAU E CORTINA<br \/>\n<strong>FALCADE<\/strong> La rinomata ski area Alpe Lusia\/San Pellegrino, prestigioso palcoscenico di eventi sciistici internazionali, apre la stagione invernale il 2 dicembre in vista della Val di Fassa Audi FIS Ski World Cup 2024. La celebre pista La VolatA<br \/>\n<strong>AGORDO<\/strong> FESTA DI NATALE ESSILORLUXOTTICA: SI LAVORA PER ACCONTENTARE CHI NON E&#8217; RIUSCITO AD ISCRIVERSI<br \/>\n<strong>AGORDO<\/strong> L&#8217;ufficio postale di Agordo per la seconda volta in pochi mesi &#8220;sfonda&#8221; il video della televisione nell&#8217;ora di punta, durante il TG VENETO di Rai 3. Giornalisti e operatori sono saliti in vallata per documentare e commentare i disservizi nella terra di Luxottica, del turismo e di chi vorrebbe un servizio dignitoso.<br \/>\n<strong>LIVINALLONGO<\/strong> Il 25 novembre si \u00e8 svolta l&#8217;assemblea dei soci del Club Alpino Italiano presso la sala Bo\u00e8 ad Arabba. Il nuovo Consiglio Direttivo della Sezione di Livinallongo \u00e8 composto da Bepi Cappelletto, Claudio Crepaz, Federica Crepaz, Silvio Crepaz, Maurizio Denicol\u00f2, Matteo Righetto, Paolo Roverato, Romano Rubini e Leda Signori. Matteo Righetto \u00e8 stato eletto all&#8217;unanimit\u00e0 come nuovo Presidente<br \/>\n<strong>LONGARONE<\/strong> | SEI CITTADINI ECCELLENTI DAL TG DI ANTENNA3, CANALE 10 DIGITALE TERRESTRE. OGNI SERA ALLE 19.05 SU RADIO PIU&#8217; LE ANTICIPAZIONI DEL TELEGIORNALE BELLUNESE CON TIZIANA BOLOGNANI. IERI SERA, DI FABIO FIORAVANZI\u00a0 \u00a0Intervistati FRANCESCO PIAZZA (COORDINATORE CERIMONIALE PALAZZO CHIGI), SILVANA MOLIN PRADEL. I SERVIZI SUL SITO DI RADIOPIU NEL GIORNALE RADIOPIU IL QUOTIDIANO ON LINE DELLA NOSTRA TESTATA DISPONIBILE SUL CANALE TELEGRAM OGNI GIORNO ALLE SEI DEL MATTINO.<br \/>\n<strong>ALLEGHE<\/strong> IL COMUNE DI APRE IL BANDO PER LE BORSE DI STUDIO COMUNALI<\/p>\n<p><strong>SUL SITO:<\/strong> DILLO A RADIO PIU&#8217;&#8230;Un Incontro Straordinario tra Felice Strapazzon e la volpe<br \/>\nSALUTE E SOCIETA&#8217;, CON IL DOTTOR MARCO CARACCIOLO Malattia Renale Cronica E<br \/>\nOrtopedici e traumatologi<br \/>\n<strong>SOSPIROLO<\/strong> SETE D&#8217;AFRICA: INIZIATIVA CULTURALE BENEFICA CON ROBERTO SORAMAE&#8217;<br \/>\n<span style=\"color: #ff0000;\">DON CASSIANO DE COL DI LA VALLE AGORDINA \u2013 UN RIVOLUZIONARIO OTTOCENTESCO. SECONDA PARTE DI TIZIANO DE COL<\/span><\/p>\n<p>NUOTO ORGOGLIOSI DEI NOSTRI NUOTATORI AGORDO Negli scatti i nuotatori di attivamente Agordino, oggi alle 13.20 a RADIOPIU parliamo di risultati agonistici e della stagione invernale in piscina, con Roberto Broglio e Cristina Carazzai.<br \/>\nGIESSE PER LO SPORT\u201d \u2026 con la Canottieri Belluno, calcio a 5. Tutto sul campionato di serie A2, girone A. Il programma alla RADIO che da ascolto ai talenti del calcio a 5 bellunese. IN COLLABORAZIONE CON GIESSE RISARCIMENTO DANNI A BELLUNO<br \/>\nRADIO PIU\u2019 EMITTENTE AGORDINA (Taibon_32027): IL LUNEDI ALLE 16.30, IL MARTEDI ALLE 13.05 RADIO CLUB 103 IL LUNEDI ALLE 16.20 E MARTEDI ALLE 13.40 Radio Primiero\u00a0IL LUNEDI ALLE 10.30 E MARTEDI ALLE 12.30<\/p>\n<p>&nbsp;<\/p>\n<p>&nbsp;<\/p>\n<p>&nbsp;<\/p>\n<p>&nbsp;<\/p>\n<p>&nbsp;<\/p>\n<p>&nbsp;<\/p>\n<p>&nbsp;<\/p>\n<p>&nbsp;<\/p>\n<p>&nbsp;<\/p>\n<p>&nbsp;<\/p>\n","protected":false},"excerpt":{"rendered":"<p>&nbsp; &nbsp; &nbsp; &nbsp; VENEZIA Angelika \u00e8 lucida, capace di intendere e volere. Si faccia il processo alla donna che ha distrutto una famiglia nella strage di Santo Stefano di Cadore. Il rinvio a giudizio dovr\u00e0 essere formalizzato prima di gennaio altrimenti scadranno i termini della carcerazione. BELLUNO Addio a Alessandro Masucci: l&#8217;Alpinismo Piange la&hellip;<\/p>\n","protected":false},"author":4,"featured_media":363524,"comment_status":"closed","ping_status":"closed","sticky":false,"template":"","format":"standard","meta":{"_monsterinsights_skip_tracking":false,"_monsterinsights_sitenote_active":false,"_monsterinsights_sitenote_note":"","_monsterinsights_sitenote_category":0,"footnotes":""},"categories":[104,49,142],"tags":[],"class_list":["post-363523","post","type-post","status-publish","format-standard","has-post-thumbnail","hentry","category-evidenza_3","category-news-18","category-rassegna-stampa","category-104","category-49","category-142","description-off"],"img_url":"https:\/\/www.radiopiu.net\/wordpress\/wp-content\/uploads\/2023\/11\/COPERTINA-12.png","_links":{"self":[{"href":"https:\/\/www.radiopiu.net\/wordpress\/wp-json\/wp\/v2\/posts\/363523","targetHints":{"allow":["GET"]}}],"collection":[{"href":"https:\/\/www.radiopiu.net\/wordpress\/wp-json\/wp\/v2\/posts"}],"about":[{"href":"https:\/\/www.radiopiu.net\/wordpress\/wp-json\/wp\/v2\/types\/post"}],"author":[{"embeddable":true,"href":"https:\/\/www.radiopiu.net\/wordpress\/wp-json\/wp\/v2\/users\/4"}],"replies":[{"embeddable":true,"href":"https:\/\/www.radiopiu.net\/wordpress\/wp-json\/wp\/v2\/comments?post=363523"}],"version-history":[{"count":0,"href":"https:\/\/www.radiopiu.net\/wordpress\/wp-json\/wp\/v2\/posts\/363523\/revisions"}],"wp:featuredmedia":[{"embeddable":true,"href":"https:\/\/www.radiopiu.net\/wordpress\/wp-json\/wp\/v2\/media\/363524"}],"wp:attachment":[{"href":"https:\/\/www.radiopiu.net\/wordpress\/wp-json\/wp\/v2\/media?parent=363523"}],"wp:term":[{"taxonomy":"category","embeddable":true,"href":"https:\/\/www.radiopiu.net\/wordpress\/wp-json\/wp\/v2\/categories?post=363523"},{"taxonomy":"post_tag","embeddable":true,"href":"https:\/\/www.radiopiu.net\/wordpress\/wp-json\/wp\/v2\/tags?post=363523"}],"curies":[{"name":"wp","href":"https:\/\/api.w.org\/{rel}","templated":true}]}}