{"id":363550,"date":"2023-11-29T05:28:34","date_gmt":"2023-11-29T04:28:34","guid":{"rendered":"https:\/\/www.radiopiu.net\/wordpress\/?p=363550"},"modified":"2023-11-29T05:46:16","modified_gmt":"2023-11-29T04:46:16","slug":"chiusura-temporanea-della-sp4-val-cantuna-lavori-di-posa-conglomerato-bituminoso-il-giovedi-dalle-8-alle-17","status":"publish","type":"post","link":"https:\/\/www.radiopiu.net\/wordpress\/chiusura-temporanea-della-sp4-val-cantuna-lavori-di-posa-conglomerato-bituminoso-il-giovedi-dalle-8-alle-17\/","title":{"rendered":"Chiusura Temporanea della SP4 Val Cantuna: Lavori di Posa Conglomerato Bituminoso il Gioved\u00ec dalle 8 alle 17"},"content":{"rendered":"<p>***<\/p>\n<p>&nbsp;<\/p>\n<p><strong><img loading=\"lazy\" decoding=\"async\" class=\"alignleft\" src=\"https:\/\/www.radiopiu.net\/wordpress\/wp-content\/uploads\/2020\/10\/ASFALTO-LAVORI.jpg\" width=\"239\" height=\"179\" \/>VENETO STRADE<\/strong> La strada provinciale 4 della Val Cantuna subir\u00e0 una temporanea chiusura per consentire lavori essenziali di posa di conglomerato bituminoso. L&#8217;intervento interesser\u00e0 l&#8217;area prossima alla bretella Paiane-Cadola e si svolger\u00e0 giovedi dalle 8 alle 17. Veneto Strade ha annunciato la necessit\u00e0 di questa chiusura al fine di garantire la sicurezza e l&#8217;efficienza dei lavori programmati.\u00a0 I lavori, che riguardano la posa di conglomerato bituminoso, sono parte di un programma di manutenzione mirato a migliorare la qualit\u00e0 e la durabilit\u00e0 della strada provinciale. Si consiglia a tutti i residenti e agli utenti della strada interessata di prestare attenzione alle segnaletiche stradali e di seguire le indicazioni fornite dal personale presente sul luogo. La riapertura della strada \u00e8 prevista per le ore 17 di giovedi<\/p>\n<div class=\"flex-1 overflow-hidden\">\n<div class=\"react-scroll-to-bottom--css-ltpjk-79elbk h-full\">\n<div class=\"react-scroll-to-bottom--css-ltpjk-1n7m0yu\">\n<div class=\"flex flex-col pb-9 text-sm\">\n<div class=\"w-full text-token-text-primary\" data-testid=\"conversation-turn-14\">\n<div class=\"px-4 py-2 justify-center text-base md:gap-6 md:py-6 m-auto\">\n<div class=\"flex flex-1 text-base mx-auto gap-3 md:px-5 lg:px-1 xl:px-5 md:max-w-3xl lg:max-w-[40rem] xl:max-w-[48rem] } group final-completion\">\n<div class=\"relative flex w-full flex-col lg:w-[calc(100%-115px)] agent-turn\">\n<div class=\"flex-col gap-1 md:gap-3\">\n<div class=\"flex flex-grow flex-col max-w-full\">\n<div class=\"min-h-[20px] text-message flex flex-col items-start gap-3 whitespace-pre-wrap break-words [.text-message+&amp;]:mt-5 overflow-x-auto\" data-message-author-role=\"assistant\" data-message-id=\"1a09433c-11a9-456a-8aeb-5218f8e03e48\">\n<div class=\"markdown prose w-full break-words dark:prose-invert dark\"><\/div>\n<\/div>\n<\/div>\n<div class=\"mt-1 flex justify-start gap-3 empty:hidden\">\n<div class=\"text-gray-400 flex self-end lg:self-center justify-center lg:justify-start mt-0 gap-1 visible\">\n<p>__<\/p><\/div>\n<\/div>\n<\/div>\n<\/div>\n<\/div>\n<\/div>\n<\/div>\n<\/div>\n<\/div>\n<\/div>\n<\/div>\n<div class=\"w-full pt-2 md:pt-0 dark:border-white\/20 md:border-transparent md:dark:border-transparent md:w-[calc(100%-.5rem)]\">\n<form class=\"stretch mx-2 flex flex-row gap-3 last:mb-2 md:mx-4 md:last:mb-6 lg:mx-auto lg:max-w-2xl xl:max-w-3xl\">\n<div class=\"relative flex h-full flex-1 items-stretch md:flex-col\">\n<div class=\"flex w-full items-center\"><\/div>\n<\/div>\n<\/form>\n<\/div>\n","protected":false},"excerpt":{"rendered":"<p>*** &nbsp; VENETO STRADE La strada provinciale 4 della Val Cantuna subir\u00e0 una temporanea chiusura per consentire lavori essenziali di posa di conglomerato bituminoso. L&#8217;intervento interesser\u00e0 l&#8217;area prossima alla bretella Paiane-Cadola e si svolger\u00e0 giovedi dalle 8 alle 17. Veneto Strade ha annunciato la necessit\u00e0 di questa chiusura al fine di garantire la sicurezza e&hellip;<\/p>\n","protected":false},"author":4,"featured_media":165020,"comment_status":"closed","ping_status":"closed","sticky":false,"template":"","format":"standard","meta":{"_monsterinsights_skip_tracking":false,"_monsterinsights_sitenote_active":false,"_monsterinsights_sitenote_note":"","_monsterinsights_sitenote_category":0,"footnotes":""},"categories":[51,49],"tags":[],"class_list":["post-363550","post","type-post","status-publish","format-standard","has-post-thumbnail","hentry","category-evidenza-top","category-news-18","category-51","category-49","description-off"],"img_url":"https:\/\/www.radiopiu.net\/wordpress\/wp-content\/uploads\/2020\/10\/ASFALTO-LAVORI.jpg","_links":{"self":[{"href":"https:\/\/www.radiopiu.net\/wordpress\/wp-json\/wp\/v2\/posts\/363550","targetHints":{"allow":["GET"]}}],"collection":[{"href":"https:\/\/www.radiopiu.net\/wordpress\/wp-json\/wp\/v2\/posts"}],"about":[{"href":"https:\/\/www.radiopiu.net\/wordpress\/wp-json\/wp\/v2\/types\/post"}],"author":[{"embeddable":true,"href":"https:\/\/www.radiopiu.net\/wordpress\/wp-json\/wp\/v2\/users\/4"}],"replies":[{"embeddable":true,"href":"https:\/\/www.radiopiu.net\/wordpress\/wp-json\/wp\/v2\/comments?post=363550"}],"version-history":[{"count":0,"href":"https:\/\/www.radiopiu.net\/wordpress\/wp-json\/wp\/v2\/posts\/363550\/revisions"}],"wp:featuredmedia":[{"embeddable":true,"href":"https:\/\/www.radiopiu.net\/wordpress\/wp-json\/wp\/v2\/media\/165020"}],"wp:attachment":[{"href":"https:\/\/www.radiopiu.net\/wordpress\/wp-json\/wp\/v2\/media?parent=363550"}],"wp:term":[{"taxonomy":"category","embeddable":true,"href":"https:\/\/www.radiopiu.net\/wordpress\/wp-json\/wp\/v2\/categories?post=363550"},{"taxonomy":"post_tag","embeddable":true,"href":"https:\/\/www.radiopiu.net\/wordpress\/wp-json\/wp\/v2\/tags?post=363550"}],"curies":[{"name":"wp","href":"https:\/\/api.w.org\/{rel}","templated":true}]}}