{"id":363567,"date":"2023-11-28T15:49:20","date_gmt":"2023-11-28T14:49:20","guid":{"rendered":"https:\/\/www.radiopiu.net\/wordpress\/?p=363567"},"modified":"2023-11-28T15:49:20","modified_gmt":"2023-11-28T14:49:20","slug":"da-via-in-azzurro-per-gli-europei-di-cross","status":"publish","type":"post","link":"https:\/\/www.radiopiu.net\/wordpress\/da-via-in-azzurro-per-gli-europei-di-cross\/","title":{"rendered":"DA VIA&#8217; IN AZZURRO PER GLI EUROPEI DI CROSS"},"content":{"rendered":"<p>****<\/p>\n<p>&nbsp;<\/p>\n<p><a class=\"dt-pswp-item\" href=\"https:\/\/www.radiopiu.net\/wordpress\/wp-content\/uploads\/2023\/11\/Da-Via_Francesco_credito-Grana-Fidal-scaled.jpg\" data-dt-img-description=\"Campionati italiani di cross 2023 | 11-12.03.2023 Gubbio (PG) | Foto: Francesca Grana\/FIDAL\" data-large_image_width=\"2560\" data-large_image_height=\"2121\"><img loading=\"lazy\" decoding=\"async\" class=\"alignleft wp-image-363568 \" src=\"https:\/\/www.radiopiu.net\/wordpress\/wp-content\/uploads\/2023\/11\/Da-Via_Francesco_credito-Grana-Fidal-300x249.jpg\" alt=\"\" width=\"154\" height=\"128\" srcset=\"https:\/\/www.radiopiu.net\/wordpress\/wp-content\/uploads\/2023\/11\/Da-Via_Francesco_credito-Grana-Fidal-300x249.jpg 300w, https:\/\/www.radiopiu.net\/wordpress\/wp-content\/uploads\/2023\/11\/Da-Via_Francesco_credito-Grana-Fidal-1024x848.jpg 1024w, https:\/\/www.radiopiu.net\/wordpress\/wp-content\/uploads\/2023\/11\/Da-Via_Francesco_credito-Grana-Fidal-768x636.jpg 768w, https:\/\/www.radiopiu.net\/wordpress\/wp-content\/uploads\/2023\/11\/Da-Via_Francesco_credito-Grana-Fidal-1536x1273.jpg 1536w, https:\/\/www.radiopiu.net\/wordpress\/wp-content\/uploads\/2023\/11\/Da-Via_Francesco_credito-Grana-Fidal-2048x1697.jpg 2048w\" sizes=\"auto, (max-width: 154px) 100vw, 154px\" \/><\/a><\/p>\n<p><strong>BORGO VALBELLUNA <\/strong>La convocazione \u00e8 arrivata a poche ore dall\u2019ottimo settimo posto assoluto (quinto degli italiani, terzo tra gli under 23) del Carsolina Cross, la gara che domenica, sulle alture triestine di Sgonico, ha definito la composizione della squadra azzurra attesa dai Campionati Europei di corsa campestre, in programma il 10 dicembre a Bruxelles. Francesco Da Vi\u00e0 \u00e8 pronto a vestire la seconda maglia azzurra di una stagione che, comunque vada a finire, \u00e8 gi\u00e0 da incorniciare. Due mesi dopo il debutto in Nazionale, avvenuto con l\u2019incontro under 23 di corsa su strada di Trieste, vinto dall\u2019Italia anche grazie al suo terzo posto individuale, il 22enne di Domegge di Cadore, tesserato per il Gs La Piave 2000, sar\u00e0 tra i sei atleti che comporranno la squadra azzurra under 23 nella rassegna continentale di cross. La stagione trionfale di Francesco Da Vi\u00e0 era iniziata proprio sui prati, lo scorso inverno, prima con le vittorie nelle gare regionali e poi con il quarto posto ai Campionati Italiani under 23 di Gubbio. L\u2019allievo di Johnny Schievenin, per\u00f2, non si \u00e8 fermato l\u00ec. In primavera \u00e8 arrivato il debutto nella mezza maratona e a settembre il primo podio tricolore della carriera con l\u2019argento conquistato ai campionati italiani dei 10 km su strada di Pescara. Da qui, la prima chiamata in azzurro, l\u2019ottima prova di Trieste e un rinnovato slancio per l\u2019ultimo grande obiettivo della stagione, i Campionati Europei di cross, a cui Da Vi\u00e0 si \u00e8 avvicinato ben figurando nelle prove di qualificazione di Venaria Reale e, appunto, Sgonico. Francesco \u00e8 ora atteso in raduno a Tirrenia, dove rimarr\u00e0 sino al 4 dicembre. L\u20198 dicembre la partenza per il Belgio.<\/p>\n<p>&nbsp;<\/p>\n<p>&nbsp;<\/p>\n<p>******<\/p>\n","protected":false},"excerpt":{"rendered":"<p>**** &nbsp; BORGO VALBELLUNA La convocazione \u00e8 arrivata a poche ore dall\u2019ottimo settimo posto assoluto (quinto degli italiani, terzo tra gli under 23) del Carsolina Cross, la gara che domenica, sulle alture triestine di Sgonico, ha definito la composizione della squadra azzurra attesa dai Campionati Europei di corsa campestre, in programma il 10 dicembre a&hellip;<\/p>\n","protected":false},"author":4,"featured_media":363568,"comment_status":"closed","ping_status":"closed","sticky":false,"template":"","format":"standard","meta":{"_monsterinsights_skip_tracking":false,"_monsterinsights_sitenote_active":false,"_monsterinsights_sitenote_note":"","_monsterinsights_sitenote_category":0,"footnotes":""},"categories":[49],"tags":[],"class_list":["post-363567","post","type-post","status-publish","format-standard","has-post-thumbnail","hentry","category-news-18","category-49","description-off"],"img_url":"https:\/\/www.radiopiu.net\/wordpress\/wp-content\/uploads\/2023\/11\/Da-Via_Francesco_credito-Grana-Fidal-scaled.jpg","_links":{"self":[{"href":"https:\/\/www.radiopiu.net\/wordpress\/wp-json\/wp\/v2\/posts\/363567","targetHints":{"allow":["GET"]}}],"collection":[{"href":"https:\/\/www.radiopiu.net\/wordpress\/wp-json\/wp\/v2\/posts"}],"about":[{"href":"https:\/\/www.radiopiu.net\/wordpress\/wp-json\/wp\/v2\/types\/post"}],"author":[{"embeddable":true,"href":"https:\/\/www.radiopiu.net\/wordpress\/wp-json\/wp\/v2\/users\/4"}],"replies":[{"embeddable":true,"href":"https:\/\/www.radiopiu.net\/wordpress\/wp-json\/wp\/v2\/comments?post=363567"}],"version-history":[{"count":0,"href":"https:\/\/www.radiopiu.net\/wordpress\/wp-json\/wp\/v2\/posts\/363567\/revisions"}],"wp:featuredmedia":[{"embeddable":true,"href":"https:\/\/www.radiopiu.net\/wordpress\/wp-json\/wp\/v2\/media\/363568"}],"wp:attachment":[{"href":"https:\/\/www.radiopiu.net\/wordpress\/wp-json\/wp\/v2\/media?parent=363567"}],"wp:term":[{"taxonomy":"category","embeddable":true,"href":"https:\/\/www.radiopiu.net\/wordpress\/wp-json\/wp\/v2\/categories?post=363567"},{"taxonomy":"post_tag","embeddable":true,"href":"https:\/\/www.radiopiu.net\/wordpress\/wp-json\/wp\/v2\/tags?post=363567"}],"curies":[{"name":"wp","href":"https:\/\/api.w.org\/{rel}","templated":true}]}}