{"id":363619,"date":"2023-11-29T05:22:21","date_gmt":"2023-11-29T04:22:21","guid":{"rendered":"https:\/\/www.radiopiu.net\/wordpress\/?p=363619"},"modified":"2023-11-29T05:48:12","modified_gmt":"2023-11-29T04:48:12","slug":"essilorluxottica-celebra-i-dipendenti-che-hanno-trascorso-40-anni-in-azienda","status":"publish","type":"post","link":"https:\/\/www.radiopiu.net\/wordpress\/essilorluxottica-celebra-i-dipendenti-che-hanno-trascorso-40-anni-in-azienda\/","title":{"rendered":"ESSILORLUXOTTICA CELEBRA I DIPENDENTI CHE HANNO TRASCORSO 40 ANNI IN AZIENDA"},"content":{"rendered":"<p>****<\/p>\n<p>&nbsp;<\/p>\n<p><strong><a class=\"dt-pswp-item\" href=\"https:\/\/www.radiopiu.net\/wordpress\/wp-content\/uploads\/2023\/11\/3T4A7206-scaled.jpg\" data-dt-img-description=\"\" data-large_image_width=\"2560\" data-large_image_height=\"1707\"><img loading=\"lazy\" decoding=\"async\" class=\"alignleft wp-image-363620 size-large\" src=\"https:\/\/www.radiopiu.net\/wordpress\/wp-content\/uploads\/2023\/11\/3T4A7206-1024x683.jpg\" alt=\"\" width=\"1024\" height=\"683\" srcset=\"https:\/\/www.radiopiu.net\/wordpress\/wp-content\/uploads\/2023\/11\/3T4A7206-1024x683.jpg 1024w, https:\/\/www.radiopiu.net\/wordpress\/wp-content\/uploads\/2023\/11\/3T4A7206-300x200.jpg 300w, https:\/\/www.radiopiu.net\/wordpress\/wp-content\/uploads\/2023\/11\/3T4A7206-768x512.jpg 768w, https:\/\/www.radiopiu.net\/wordpress\/wp-content\/uploads\/2023\/11\/3T4A7206-1536x1024.jpg 1536w, https:\/\/www.radiopiu.net\/wordpress\/wp-content\/uploads\/2023\/11\/3T4A7206-2048x1365.jpg 2048w\" sizes=\"auto, (max-width: 1024px) 100vw, 1024px\" \/><\/a><\/strong><\/p>\n<p>&nbsp;<\/p>\n<p>&nbsp;<\/p>\n<p>&nbsp;<\/p>\n<p><strong>AGORDO<\/strong> EssilorLuxottica ha voluto onorare i dipendenti che hanno dedicato 40 anni di servizio con un pranzo speciale ad Agordo. La giornata \u00e8 stata contraddistinta dalla presenza di Francesco Milleri, Presidente e Amministratore Delegato con Paul Du Saillant, vice Amministratore Delegato e Leonardo Maria Del Vecchio, Chief Strategy Officer di EssilorLuxottica che, insieme al Cav. Luigi Francavilla, a Giorgio Striano (Chief Operating Officer), Piergiorgio Angeli ( Chief HR Office) e Federico Buffa (Chief Marketing Officer, R&amp;D product and style) hanno voluto essere presenti a questa giornata di festa. Durante la cerimonia, sono stati premiati oltre 40 lavoratori provenienti da vari stabilimenti. I dirigenti hanno sottolineato l&#8217;importanza del legame tra azienda e dipendenti, esprimendo gratitudine e augurando una vita felice a coloro che hanno contribuito al successo del Gruppo. <em>\u201cPrima di tutto desidero esprimere un grazie di cuore per tutto quello che avete fatto. Alcuni di voi hanno iniziato prestissimo a lavorare, per questo oggi voglio augurarvi di avere una vita ancora lunga e felice, perch\u00e9 \u00e8 quello che vi siete meritati. \u00a0Avete vissuto insieme a Leonardo il momento pi\u00f9 bello e glorioso di questa azienda. Avete vissuto gli anni ruggenti\u201d <\/em>sono le parole di Francesco Milleri, Presidente e Amministratore Delegato di EssilorLuxottica. Luigi Francavilla, nel suo intervento, ha scherzato con i presenti, ricordando di aver assunto personalmente molti di loro. Ha elogiato la loro bravura e ha espresso migliori auguri per il futuro. E poi Leonardo Maria Del Vecchio che ha dichiarato <em>\u201cSiete sempre stati per me un esempio, come lo \u00e8 stata la fabbrica e ovviamente mio padre. Cercher\u00f2 di fare del mio meglio affinch\u00e9 continui ad essere cos\u00ec, sia per me che ho solo 28 anni sia per le persone ancora pi\u00f9 giovani di me all\u2019interno dell\u2019azienda\u201d.<\/em><\/p>\n<p><strong>Ecco la lista dei premiati:<\/strong>\u00a0Candido Benvegn\u00f9, Marisa Benvegn\u00f9, Antonio Carrera, Mirella Crepaz, Corrado Da Campo, Maria Angela Da Rold, Maria Giovanna Dal Don, Sonia Dal Don, Massimo D&#8217;Alessandro, Sonia De Col, Eugenio De Felicibus, Massimo De Lazzer, Fiorella De Zaiacomo, Leonardo Del Vecchio, Liana Dell&#8217;Osbel, Loredana Doro, Paola Follador, Liviana Fontanelle, Carla Fusina, Paola Fusina, Edvige Manfroi, Gioachino Manfroi, Paola Manfroi, Sonia Manfroi, Nicola Matricardi, Enrica Minotto, Marco Modena, Sandro Moretti, Livio Paolin, Maria Rosa Pertile, Antonio Petricca, Manuela Piccolin, Luca Rapagnetta, Sandro Santomaso, Marina Savio, Paolo Sirena, Celeste Soppelsa, Edi Soppelsa, Sandra Stradelli, Giovanni Tomaselli, Lucia Trevison, Mirto Angelo Valt, Paolo Zasso.<\/p>\n<p>&nbsp;<\/p>\n<p>&nbsp;<\/p>\n<p>********<\/p>\n","protected":false},"excerpt":{"rendered":"<p>**** &nbsp; &nbsp; &nbsp; &nbsp; AGORDO EssilorLuxottica ha voluto onorare i dipendenti che hanno dedicato 40 anni di servizio con un pranzo speciale ad Agordo. La giornata \u00e8 stata contraddistinta dalla presenza di Francesco Milleri, Presidente e Amministratore Delegato con Paul Du Saillant, vice Amministratore Delegato e Leonardo Maria Del Vecchio, Chief Strategy Officer di&hellip;<\/p>\n","protected":false},"author":4,"featured_media":363620,"comment_status":"closed","ping_status":"closed","sticky":false,"template":"","format":"standard","meta":{"_monsterinsights_skip_tracking":false,"_monsterinsights_sitenote_active":false,"_monsterinsights_sitenote_note":"","_monsterinsights_sitenote_category":0,"footnotes":""},"categories":[104,49],"tags":[],"class_list":["post-363619","post","type-post","status-publish","format-standard","has-post-thumbnail","hentry","category-evidenza_3","category-news-18","category-104","category-49","description-off"],"img_url":"https:\/\/www.radiopiu.net\/wordpress\/wp-content\/uploads\/2023\/11\/3T4A7206-scaled.jpg","_links":{"self":[{"href":"https:\/\/www.radiopiu.net\/wordpress\/wp-json\/wp\/v2\/posts\/363619","targetHints":{"allow":["GET"]}}],"collection":[{"href":"https:\/\/www.radiopiu.net\/wordpress\/wp-json\/wp\/v2\/posts"}],"about":[{"href":"https:\/\/www.radiopiu.net\/wordpress\/wp-json\/wp\/v2\/types\/post"}],"author":[{"embeddable":true,"href":"https:\/\/www.radiopiu.net\/wordpress\/wp-json\/wp\/v2\/users\/4"}],"replies":[{"embeddable":true,"href":"https:\/\/www.radiopiu.net\/wordpress\/wp-json\/wp\/v2\/comments?post=363619"}],"version-history":[{"count":0,"href":"https:\/\/www.radiopiu.net\/wordpress\/wp-json\/wp\/v2\/posts\/363619\/revisions"}],"wp:featuredmedia":[{"embeddable":true,"href":"https:\/\/www.radiopiu.net\/wordpress\/wp-json\/wp\/v2\/media\/363620"}],"wp:attachment":[{"href":"https:\/\/www.radiopiu.net\/wordpress\/wp-json\/wp\/v2\/media?parent=363619"}],"wp:term":[{"taxonomy":"category","embeddable":true,"href":"https:\/\/www.radiopiu.net\/wordpress\/wp-json\/wp\/v2\/categories?post=363619"},{"taxonomy":"post_tag","embeddable":true,"href":"https:\/\/www.radiopiu.net\/wordpress\/wp-json\/wp\/v2\/tags?post=363619"}],"curies":[{"name":"wp","href":"https:\/\/api.w.org\/{rel}","templated":true}]}}