{"id":363656,"date":"2023-11-29T05:24:58","date_gmt":"2023-11-29T04:24:58","guid":{"rendered":"https:\/\/www.radiopiu.net\/wordpress\/?p=363656"},"modified":"2023-11-29T05:49:06","modified_gmt":"2023-11-29T04:49:06","slug":"incanto-daprile-uno-spettacolo-dal-romantico-richiamo-al-mediterraneo-ad-agordo","status":"publish","type":"post","link":"https:\/\/www.radiopiu.net\/wordpress\/incanto-daprile-uno-spettacolo-dal-romantico-richiamo-al-mediterraneo-ad-agordo\/","title":{"rendered":"Incanto d&#8217;Aprile: Uno Spettacolo dal Romantico Richiamo al Mediterraneo ad Agordo"},"content":{"rendered":"<div class=\"flex-1 overflow-hidden\">\n<div class=\"react-scroll-to-bottom--css-ltpjk-79elbk h-full\">\n<div class=\"react-scroll-to-bottom--css-ltpjk-1n7m0yu\">\n<div class=\"flex flex-col pb-9 text-sm\">\n<div class=\"w-full text-token-text-primary\" data-testid=\"conversation-turn-30\">\n<div class=\"px-4 py-2 justify-center text-base md:gap-6 md:py-6 m-auto\">\n<div class=\"flex flex-1 text-base mx-auto gap-3 md:px-5 lg:px-1 xl:px-5 md:max-w-3xl lg:max-w-[40rem] xl:max-w-[48rem] } group final-completion\">\n<div class=\"relative flex w-full flex-col lg:w-[calc(100%-115px)] agent-turn\">\n<div class=\"flex-col gap-1 md:gap-3\">\n<div class=\"flex flex-grow flex-col max-w-full\">\n<div class=\"min-h-[20px] text-message flex flex-col items-start gap-3 whitespace-pre-wrap break-words [.text-message+&amp;]:mt-5 overflow-x-auto\" data-message-author-role=\"assistant\" data-message-id=\"32c2379e-bf8f-475e-9dde-b7c2e223e590\">\n<div class=\"markdown prose w-full break-words dark:prose-invert dark\">\n<p>***<\/p>\n<p>&nbsp;<\/p>\n<p><strong><img loading=\"lazy\" decoding=\"async\" class=\"alignleft\" src=\"https:\/\/www.radiopiu.net\/wordpress\/wp-content\/uploads\/2023\/11\/d809bb4f-4ba1-4a92-afbf-a2613ef220dd.jpg\" width=\"176\" height=\"249\" \/>AGORDO<\/strong> agordo Alle 20, presso l\u2019Auditorium Monsignor Vincenzo Savio ad Agordo, lo spettacolo &#8220;Incanto d&#8217;Aprile&#8221; prende vita, ispirato dal romanzo &#8220;The Enchanted April&#8221; di Elisabeth Von Arnim. La riduzione e adattamento di Alberta Toninato, che cura anche la regia, porta sul palco un&#8217;esperienza teatrale coinvolgente.<\/p>\n<p>L&#8217;allestimento \u00e8 frutto di una collaborazione tra le compagnie veneziane Bottegavaga e Fuoriposto. L&#8217;ingresso \u00e8 aperto a offerte libere, e il ricavato sar\u00e0 devoluto al Centro Antiviolenza Belluno-DONNA.<\/p>\n<p>La trama segue quattro signore inglesi, prive dei loro mariti e sconosciute tra loro, che decidono di intraprendere una vacanza in Italia. Il luogo prescelto \u00e8 un castello medievale affacciato sul mare delle scogliere liguri. Guidate dalla promessa di un aprile italiano, ricco di sole e profumi di fiori, le protagoniste cercano il Paradiso terrestre e la trasformazione personale.<\/p>\n<p>&#8220;Incanto d&#8217;Aprile&#8221; si propone di catturare l&#8217;infelicit\u00e0 in cui versano le protagoniste attraverso la bellezza del Mediterraneo, dei fiori e del mare. Il microcosmo delle donne, diverse tra loro, crea un&#8217;armonia che le trasforma e le completa reciprocamente. Un&#8217;opportunit\u00e0 di viaggio teatrale in un aprile italiano che promette di essere davvero incantato.<\/p>\n<\/div>\n<\/div>\n<\/div>\n<div class=\"mt-1 flex justify-start gap-3 empty:hidden\">\n<div class=\"text-gray-400 flex self-end lg:self-center justify-center lg:justify-start mt-0 gap-1 visible\"><button class=\"flex items-center gap-1.5 rounded-md p-1 pl-0 text-xs hover:text-gray-950 dark:text-gray-400 dark:hover:text-gray-200 disabled:dark:hover:text-gray-400 md:invisible md:group-hover:visible md:group-[.final-completion]:visible\"><\/button><\/p>\n<div class=\"flex gap-1\"><\/div>\n<div class=\"flex items-center gap-1.5 text-xs\"><\/div>\n<\/div>\n<\/div>\n<\/div>\n<\/div>\n<\/div>\n<\/div>\n<\/div>\n<\/div>\n<\/div>\n<\/div>\n<\/div>\n<div class=\"w-full pt-2 md:pt-0 dark:border-white\/20 md:border-transparent md:dark:border-transparent md:w-[calc(100%-.5rem)]\">\n<form class=\"stretch mx-2 flex flex-row gap-3 last:mb-2 md:mx-4 md:last:mb-6 lg:mx-auto lg:max-w-2xl xl:max-w-3xl\">\n<div class=\"relative flex h-full flex-1 items-stretch md:flex-col\">\n<div class=\"flex w-full items-center\">&#8212;<\/div>\n<\/div>\n<\/form>\n<\/div>\n","protected":false},"excerpt":{"rendered":"<p>*** &nbsp; AGORDO agordo Alle 20, presso l\u2019Auditorium Monsignor Vincenzo Savio ad Agordo, lo spettacolo &#8220;Incanto d&#8217;Aprile&#8221; prende vita, ispirato dal romanzo &#8220;The Enchanted April&#8221; di Elisabeth Von Arnim. La riduzione e adattamento di Alberta Toninato, che cura anche la regia, porta sul palco un&#8217;esperienza teatrale coinvolgente. L&#8217;allestimento \u00e8 frutto di una collaborazione tra le&hellip;<\/p>\n","protected":false},"author":4,"featured_media":363655,"comment_status":"closed","ping_status":"closed","sticky":false,"template":"","format":"standard","meta":{"_monsterinsights_skip_tracking":false,"_monsterinsights_sitenote_active":false,"_monsterinsights_sitenote_note":"","_monsterinsights_sitenote_category":0,"footnotes":""},"categories":[104,49],"tags":[],"class_list":["post-363656","post","type-post","status-publish","format-standard","has-post-thumbnail","hentry","category-evidenza_3","category-news-18","category-104","category-49","description-off"],"img_url":"https:\/\/www.radiopiu.net\/wordpress\/wp-content\/uploads\/2023\/11\/d809bb4f-4ba1-4a92-afbf-a2613ef220dd.jpg","_links":{"self":[{"href":"https:\/\/www.radiopiu.net\/wordpress\/wp-json\/wp\/v2\/posts\/363656","targetHints":{"allow":["GET"]}}],"collection":[{"href":"https:\/\/www.radiopiu.net\/wordpress\/wp-json\/wp\/v2\/posts"}],"about":[{"href":"https:\/\/www.radiopiu.net\/wordpress\/wp-json\/wp\/v2\/types\/post"}],"author":[{"embeddable":true,"href":"https:\/\/www.radiopiu.net\/wordpress\/wp-json\/wp\/v2\/users\/4"}],"replies":[{"embeddable":true,"href":"https:\/\/www.radiopiu.net\/wordpress\/wp-json\/wp\/v2\/comments?post=363656"}],"version-history":[{"count":0,"href":"https:\/\/www.radiopiu.net\/wordpress\/wp-json\/wp\/v2\/posts\/363656\/revisions"}],"wp:featuredmedia":[{"embeddable":true,"href":"https:\/\/www.radiopiu.net\/wordpress\/wp-json\/wp\/v2\/media\/363655"}],"wp:attachment":[{"href":"https:\/\/www.radiopiu.net\/wordpress\/wp-json\/wp\/v2\/media?parent=363656"}],"wp:term":[{"taxonomy":"category","embeddable":true,"href":"https:\/\/www.radiopiu.net\/wordpress\/wp-json\/wp\/v2\/categories?post=363656"},{"taxonomy":"post_tag","embeddable":true,"href":"https:\/\/www.radiopiu.net\/wordpress\/wp-json\/wp\/v2\/tags?post=363656"}],"curies":[{"name":"wp","href":"https:\/\/api.w.org\/{rel}","templated":true}]}}