{"id":363675,"date":"2023-11-29T05:24:39","date_gmt":"2023-11-29T04:24:39","guid":{"rendered":"https:\/\/www.radiopiu.net\/wordpress\/?p=363675"},"modified":"2023-11-29T05:47:40","modified_gmt":"2023-11-29T04:47:40","slug":"preoccupazione-tra-i-lavoratori-di-innovatek-stipendio-di-novembre-in-ritardo","status":"publish","type":"post","link":"https:\/\/www.radiopiu.net\/wordpress\/preoccupazione-tra-i-lavoratori-di-innovatek-stipendio-di-novembre-in-ritardo\/","title":{"rendered":"Preoccupazione tra i Lavoratori di Innovatek: Stipendio di Novembre in Ritardo"},"content":{"rendered":"<h3>***<\/h3>\n<p>&nbsp;<\/p>\n<p>&nbsp;<\/p>\n<p><strong><a class=\"dt-pswp-item\" href=\"https:\/\/www.radiopiu.net\/wordpress\/wp-content\/uploads\/2023\/11\/th-17.jpg\" data-dt-img-description=\"\" data-large_image_width=\"320\" data-large_image_height=\"180\"><img loading=\"lazy\" decoding=\"async\" class=\"size-medium wp-image-363674 alignleft\" src=\"https:\/\/www.radiopiu.net\/wordpress\/wp-content\/uploads\/2023\/11\/th-17-300x169.jpg\" alt=\"\" width=\"300\" height=\"169\" srcset=\"https:\/\/www.radiopiu.net\/wordpress\/wp-content\/uploads\/2023\/11\/th-17-300x169.jpg 300w, https:\/\/www.radiopiu.net\/wordpress\/wp-content\/uploads\/2023\/11\/th-17.jpg 320w\" sizes=\"auto, (max-width: 300px) 100vw, 300px\" \/><\/a>LONGARONE<\/strong> I dipendenti di Innovatek di Longarone sono preoccupati poich\u00e9 lo stipendio di novembre, atteso per il 27 novembre, non \u00e8 stato ancora pagato. Si tratta del primo salario dopo il passaggio del ramo aziendale da Safilo a Innovatek. I lavoratori, in cassa integrazione straordinaria, hanno notato l&#8217;assenza dell&#8217;intera somma, compresa l&#8217;integrazione della cassa come previsto dagli accordi con i sindacati. Il presidente della societ\u00e0 ha spiegato che le retribuzioni vengono elaborate con un calendario &#8220;sfalsato&#8221; e che l&#8217;integrazione della cassa sar\u00e0 corrisposta il 27 dicembre. Un acconto rappresentativo sar\u00e0 erogato entro il 4 dicembre. La societ\u00e0 assicura una correzione degli eventuali errori nella fase iniziale.<\/p>\n<p>&nbsp;<\/p>\n<p>&nbsp;<\/p>\n<hr \/>\n<p>&nbsp;<\/p>\n","protected":false},"excerpt":{"rendered":"<p>*** &nbsp; &nbsp; LONGARONE I dipendenti di Innovatek di Longarone sono preoccupati poich\u00e9 lo stipendio di novembre, atteso per il 27 novembre, non \u00e8 stato ancora pagato. Si tratta del primo salario dopo il passaggio del ramo aziendale da Safilo a Innovatek. I lavoratori, in cassa integrazione straordinaria, hanno notato l&#8217;assenza dell&#8217;intera somma, compresa l&#8217;integrazione&hellip;<\/p>\n","protected":false},"author":4,"featured_media":363674,"comment_status":"closed","ping_status":"closed","sticky":false,"template":"","format":"standard","meta":{"_monsterinsights_skip_tracking":false,"_monsterinsights_sitenote_active":false,"_monsterinsights_sitenote_note":"","_monsterinsights_sitenote_category":0,"footnotes":""},"categories":[51,49],"tags":[],"class_list":["post-363675","post","type-post","status-publish","format-standard","has-post-thumbnail","hentry","category-evidenza-top","category-news-18","category-51","category-49","description-off"],"img_url":"https:\/\/www.radiopiu.net\/wordpress\/wp-content\/uploads\/2023\/11\/th-17.jpg","_links":{"self":[{"href":"https:\/\/www.radiopiu.net\/wordpress\/wp-json\/wp\/v2\/posts\/363675","targetHints":{"allow":["GET"]}}],"collection":[{"href":"https:\/\/www.radiopiu.net\/wordpress\/wp-json\/wp\/v2\/posts"}],"about":[{"href":"https:\/\/www.radiopiu.net\/wordpress\/wp-json\/wp\/v2\/types\/post"}],"author":[{"embeddable":true,"href":"https:\/\/www.radiopiu.net\/wordpress\/wp-json\/wp\/v2\/users\/4"}],"replies":[{"embeddable":true,"href":"https:\/\/www.radiopiu.net\/wordpress\/wp-json\/wp\/v2\/comments?post=363675"}],"version-history":[{"count":0,"href":"https:\/\/www.radiopiu.net\/wordpress\/wp-json\/wp\/v2\/posts\/363675\/revisions"}],"wp:featuredmedia":[{"embeddable":true,"href":"https:\/\/www.radiopiu.net\/wordpress\/wp-json\/wp\/v2\/media\/363674"}],"wp:attachment":[{"href":"https:\/\/www.radiopiu.net\/wordpress\/wp-json\/wp\/v2\/media?parent=363675"}],"wp:term":[{"taxonomy":"category","embeddable":true,"href":"https:\/\/www.radiopiu.net\/wordpress\/wp-json\/wp\/v2\/categories?post=363675"},{"taxonomy":"post_tag","embeddable":true,"href":"https:\/\/www.radiopiu.net\/wordpress\/wp-json\/wp\/v2\/tags?post=363675"}],"curies":[{"name":"wp","href":"https:\/\/api.w.org\/{rel}","templated":true}]}}