{"id":363801,"date":"2023-12-01T05:42:26","date_gmt":"2023-12-01T04:42:26","guid":{"rendered":"https:\/\/www.radiopiu.net\/wordpress\/?p=363801"},"modified":"2023-12-01T09:04:44","modified_gmt":"2023-12-01T08:04:44","slug":"giornale-radiopiu-01-dicembre-2023-direttore-mirko-mezzacasada-40-anni-25-giugno-1983-25-giugno-2023","status":"publish","type":"post","link":"https:\/\/www.radiopiu.net\/wordpress\/giornale-radiopiu-01-dicembre-2023-direttore-mirko-mezzacasada-40-anni-25-giugno-1983-25-giugno-2023\/","title":{"rendered":"GIORNALE RADIOPIU 01 DICEMBRE 2023 DIRETTORE MIRKO MEZZACASA\u2026DA 40 ANNI 25 GIUGNO 1983-25 GIUGNO 2023"},"content":{"rendered":"<p>*****<\/p>\n<p>&nbsp;<\/p>\n<blockquote>\n<h3 style=\"text-align: left;\"><a class=\"dt-pswp-item\" href=\"https:\/\/www.radiopiu.net\/wordpress\/wp-content\/uploads\/2023\/11\/Senza-nome-157.png\" data-dt-img-description=\"\" data-large_image_width=\"613\" data-large_image_height=\"328\"><img loading=\"lazy\" decoding=\"async\" class=\"size-medium wp-image-363893 alignleft\" src=\"https:\/\/www.radiopiu.net\/wordpress\/wp-content\/uploads\/2023\/11\/Senza-nome-157-300x161.png\" alt=\"\" width=\"300\" height=\"161\" srcset=\"https:\/\/www.radiopiu.net\/wordpress\/wp-content\/uploads\/2023\/11\/Senza-nome-157-300x161.png 300w, https:\/\/www.radiopiu.net\/wordpress\/wp-content\/uploads\/2023\/11\/Senza-nome-157.png 613w\" sizes=\"auto, (max-width: 300px) 100vw, 300px\" \/><\/a><\/h3>\n<h3 style=\"text-align: left;\"><span style=\"color: #0000ff;\"><strong>\u00a0QUESTURA DI BELLUNO OGGI\u00a0<\/strong><\/span><\/h3>\n<\/blockquote>\n<div class=\"moz-text-html\" lang=\"x-unicode\">\n<div><span style=\"color: #ff0000;\"><strong>A Belluno alle 11.15, presso la Questura, verr\u00e0 inaugurata la &#8220;sala ascolto vittime vulnerabili&#8221;.\u00a0<\/strong><\/span><\/div>\n<\/div>\n<div data-marker=\"__SIG_PRE__\"><\/div>\n<div data-marker=\"__SIG_PRE__\"><\/div>\n<div data-marker=\"__SIG_PRE__\"><\/div>\n<div data-marker=\"__SIG_PRE__\"><\/div>\n<div data-marker=\"__SIG_PRE__\"><\/div>\n<div data-marker=\"__SIG_PRE__\"><\/div>\n<div data-marker=\"__SIG_PRE__\"><\/div>\n<div data-marker=\"__SIG_PRE__\"><\/div>\n<div data-marker=\"__SIG_PRE__\"><\/div>\n<div data-marker=\"__SIG_PRE__\">\n<hr \/>\n<\/div>\n<div data-marker=\"__SIG_PRE__\"><\/div>\n<h2><\/h2>\n<p>&nbsp;<\/p>\n<p>&nbsp;<\/p>\n<hr \/>\n<p>&nbsp;<\/p>\n<p><img loading=\"lazy\" decoding=\"async\" class=\"aligncenter\" src=\"https:\/\/www.radiopiu.net\/wordpress\/wp-content\/uploads\/2021\/02\/RADIO-A-VALVOLE.jpg\" width=\"340\" height=\"213\" \/><\/p>\n<p><span style=\"color: #ff0000;\">\u00a0 <\/span><\/p>\n<h2><span style=\"color: #ff0000;\">i podcast informativi del mattino<\/span><\/h2>\n<p><strong><a class=\"dt-pswp-item\" href=\"https:\/\/www.radiopiu.net\/wordpress\/wp-content\/uploads\/2023\/11\/th-10.jpg\" data-dt-img-description=\"\" data-large_image_width=\"320\" data-large_image_height=\"180\"><img loading=\"lazy\" decoding=\"async\" class=\"wp-image-362866 alignleft\" src=\"https:\/\/www.radiopiu.net\/wordpress\/wp-content\/uploads\/2023\/11\/th-10-300x169.jpg\" alt=\"\" width=\"185\" height=\"104\" srcset=\"https:\/\/www.radiopiu.net\/wordpress\/wp-content\/uploads\/2023\/11\/th-10-300x169.jpg 300w, https:\/\/www.radiopiu.net\/wordpress\/wp-content\/uploads\/2023\/11\/th-10.jpg 320w\" sizes=\"auto, (max-width: 185px) 100vw, 185px\" \/><\/a>LA RASSEGNA STAMPA NAZIONALE ALLA RADIO, OGNI GIORNO ALLE 5 E ALLE 6 DEL MATTINO <span style=\"color: #0000ff;\">viene pubblicata alle 6.00 <span style=\"color: #ff0000;\">DIRETTA RADIO\u00a0<\/span><\/span><\/strong><\/p>\n<p><strong>DI STEFANO FAMA\u00a0 \u00a0 <\/strong><\/p>\n<p><strong>Nordio<\/strong> al consiglio superiore della magistratura, cerca la pace con le toghe.\u00a0 <strong>Petrolio,<\/strong> opec pi\u00f9 taglia un altro milione di barili al giorno. <strong>E&#8217; morto<\/strong> a 100 anni\u00a0 \u00a0Kissinger. <strong>Firenze<\/strong> trovato in casa il cadavere di un uomo.\u00a0 <strong>Venezia<\/strong> la morte di Giulia Cechettin, oggi l&#8217;autopsia e l&#8217;interrogatorio di Filippo Turetta. <strong>Reggio Emilia<\/strong>,\u00a0 chiedeva soldi per le pratiche ai profughi ucraini arrestato.<strong> Ravenna<\/strong>, Carabiniere finge di essere un ufficiale dei Nas per avere l&#8217;Hotel\u00a0 gratis. <strong>Sport<\/strong>, morto il giornalista sportivo Franco Zuccal\u00e0 storico volto di novantesimo minuto.<\/p>\n<audio class=\"wp-audio-shortcode\" id=\"audio-363801-1\" preload=\"none\" style=\"width: 100%;\" controls=\"controls\"><source type=\"audio\/mpeg\" src=\"https:\/\/www.radiopiu.net\/wordpress\/wp-content\/uploads\/2023\/11\/GIORNALEDELLESEI-13.mp3?_=1\" \/><a href=\"https:\/\/www.radiopiu.net\/wordpress\/wp-content\/uploads\/2023\/11\/GIORNALEDELLESEI-13.mp3\">https:\/\/www.radiopiu.net\/wordpress\/wp-content\/uploads\/2023\/11\/GIORNALEDELLESEI-13.mp3<\/a><\/audio>\n<p><strong>\u00a0\u00a0<\/strong><\/p>\n<p>&nbsp;<\/p>\n<p><strong>GIORNALE RADIO NAZIONALE, EDIZIONE DELLE SETTE <span style=\"color: #0000ff;\">viene pubblicato alle 7.05 <span style=\"color: #ff0000;\">DIRETTA RADIO<\/span><\/span><\/strong><\/p>\n<audio class=\"wp-audio-shortcode\" id=\"audio-363801-2\" preload=\"none\" style=\"width: 100%;\" controls=\"controls\"><source type=\"audio\/mpeg\" src=\"https:\/\/www.radiopiu.net\/wordpress\/wp-content\/uploads\/2023\/12\/giornale07.mp3?_=2\" \/><a href=\"https:\/\/www.radiopiu.net\/wordpress\/wp-content\/uploads\/2023\/12\/giornale07.mp3\">https:\/\/www.radiopiu.net\/wordpress\/wp-content\/uploads\/2023\/12\/giornale07.mp3<\/a><\/audio>\n<p>&nbsp;<\/p>\n<p>&nbsp;<\/p>\n<blockquote>\n<h2><strong>RASSEGNA STAMPA LOCALE, ORE OTTO <span style=\"color: #0000ff;\">viene pubblicata alle 8.05 <span style=\"color: #ff0000;\">DIRETTA RADIO<\/span><\/span><\/strong><\/h2>\n<\/blockquote>\n<p><iframe loading=\"lazy\" title=\"l&#039;originale dal 1983! la rassegna stampa locale di mirko mezzacasa E OGNI GIORNO ALLE SETTE, LE ANTI\" width=\"1200\" height=\"675\" src=\"https:\/\/www.youtube.com\/embed\/zkudrvQrjgs?feature=oembed\" frameborder=\"0\" allow=\"accelerometer; autoplay; clipboard-write; encrypted-media; gyroscope; picture-in-picture; web-share\" allowfullscreen><\/iframe><\/p>\n<p>&nbsp;<\/p>\n<hr \/>\n<p>&nbsp;<\/p>\n<p><a class=\"dt-pswp-item\" href=\"https:\/\/www.radiopiu.net\/wordpress\/wp-content\/uploads\/2023\/10\/34f4cfc6-e863-46e9-9695-8df44be63421.jpg\" data-dt-img-description=\"\" data-large_image_width=\"1200\" data-large_image_height=\"1200\"><img loading=\"lazy\" decoding=\"async\" class=\"wp-image-357393 alignleft\" src=\"https:\/\/www.radiopiu.net\/wordpress\/wp-content\/uploads\/2023\/10\/34f4cfc6-e863-46e9-9695-8df44be63421-300x300.jpg\" alt=\"\" width=\"81\" height=\"81\" srcset=\"https:\/\/www.radiopiu.net\/wordpress\/wp-content\/uploads\/2023\/10\/34f4cfc6-e863-46e9-9695-8df44be63421-300x300.jpg 300w, https:\/\/www.radiopiu.net\/wordpress\/wp-content\/uploads\/2023\/10\/34f4cfc6-e863-46e9-9695-8df44be63421-1024x1024.jpg 1024w, https:\/\/www.radiopiu.net\/wordpress\/wp-content\/uploads\/2023\/10\/34f4cfc6-e863-46e9-9695-8df44be63421-150x150.jpg 150w, https:\/\/www.radiopiu.net\/wordpress\/wp-content\/uploads\/2023\/10\/34f4cfc6-e863-46e9-9695-8df44be63421-768x768.jpg 768w, https:\/\/www.radiopiu.net\/wordpress\/wp-content\/uploads\/2023\/10\/34f4cfc6-e863-46e9-9695-8df44be63421.jpg 1200w\" sizes=\"auto, (max-width: 81px) 100vw, 81px\" \/><\/a>OGGI ALLA RADIO: <strong>ALLE 7<\/strong> LA RASSEGNA STAMPA LOCALE FLASH, PER CHI COME NOI ALLE SETTE DEL MATTINO VA DI FRETTA, TANTE NOTIZIE IN POCHE CHIACCHIERE. <strong>ALLE OTTO<\/strong> L&#8217;APPROFONDIMENTO NELLA STORICA RASSEGNA STAMPA LOCALE.\u00a0 DALLE 6 ALLE 21, OGNI ORA, L&#8217;INFORMAZIONE NAZIONALE, l&#8217;informazione locale, ALLE 10 flash. 11flash. 14 viabilit\u00e0. 15meteo. 16flash. 17flash. 18flash. 19 i titoli di Antenna 3<\/p>\n<p><strong>OGGI ALLE 9<\/strong> LA MUSICA\u00a0 OTTANTA SCELTA DA MONICA FONTANIVE, <strong>10.10 E 18.30<\/strong> MUSLA, NOVIE IN LADIN CON Jacqueline <strong>10.30 -1900<\/strong> PAOLO STEFAN, SOLIDARIETA&#8217; VENETO FONDO PENSIONE<strong> 13.10<\/strong> ANDREA DAL FARRA CHRISTIAN MORETTI &#8230; DA DOMANI SCI AI PIEDI ANCHE AD ALLEGHE<\/p>\n<p>&nbsp;<\/p>\n<hr \/>\n<p>&nbsp;<\/p>\n<blockquote>\n<h3>ACQUA NON POTABILE A GOSALDO<\/h3>\n<\/blockquote>\n<p>Gestione Servizi Pubblici informa che a GOSALDO nelle localit\u00e0 LE FOCHE, LAMBROI, DENEORE, MAGAIT, REN, SELLE, COL TAMAI, BITTI, GIARDOI E PETTUINE l&#8217;acqua erogata dall&#8217;acquedotto non \u00e8 potabile e pu\u00f2 essere usata per scopi alimentari SOLO PREVIA bollitura. GSP ha, comunque, gi\u00e0 adottato le necessarie misure per la disinfezione dell&#8217;acqua presente nei serbatoi e nella rete idrica con l&#8217;aggiunta di cloro.<\/p>\n<p>&nbsp;<\/p>\n<p>&nbsp;<\/p>\n<hr \/>\n<p>&nbsp;<\/p>\n<blockquote>\n<h3>LUNEDI CHIUDE LA PROVINCIALE 20<\/h3>\n<\/blockquote>\n<p><strong>SELVA DI CADORE<\/strong> Lunedi 4 dicembre dalle 8 alle 12 e dalle 13.30 alle 17 chiusura della provinciale 20 in localit\u00e0 Marzeluch di Colle Santa Lucia. Nella giornata saranno infatti montate l barriere paramassi.<\/p>\n<p>&nbsp;<\/p>\n<hr \/>\n<p>&nbsp;<\/p>\n<p>&nbsp;<\/p>\n<blockquote>\n<h2>Tragedia nella raccolta dei cachi: morto Giovanni Dal Pont a 85 anni<\/h2>\n<\/blockquote>\n<p><a class=\"dt-pswp-item\" href=\"https:\/\/www.radiopiu.net\/wordpress\/wp-content\/uploads\/2023\/12\/Senza-nome.png\" data-dt-img-description=\"\" data-large_image_width=\"275\" data-large_image_height=\"213\"><img loading=\"lazy\" decoding=\"async\" class=\" wp-image-363982 alignleft\" src=\"https:\/\/www.radiopiu.net\/wordpress\/wp-content\/uploads\/2023\/12\/Senza-nome.png\" alt=\"\" width=\"219\" height=\"170\" \/><\/a><strong>BELLUNO<\/strong> Una tragica fatalit\u00e0\u00a0 la morte di Giovanni Dal Pont, pensionato di 85 anni. L&#8217;uomo \u00e8 deceduto mentre si trovava a raccogliere cachi nel terreno di amici. La caduta dall&#8217;altezza di sei metri ha causato lesioni fatali, e nonostante l&#8217;allarme immediato, i soccorsi sono stati purtroppo inutili. Giovanni Dal Pont, molto conosciuto e rispettato nella comunit\u00e0, stava svolgendo un&#8217;attivit\u00e0 quotidiana apparentemente innocua, la raccolta dei cachi. La notizia della sua morte ha suscitato dolore e sgomento tra amici e vicini.<\/p>\n<p>&nbsp;<\/p>\n<p>&nbsp;<\/p>\n<p>&nbsp;<\/p>\n<p>&nbsp;<\/p>\n<p>&nbsp;<\/p>\n<hr \/>\n<p>&nbsp;<\/p>\n<blockquote>\n<h2><strong>Collisione auto a Rasai: ferito 34enne, danni ingenti ai veicoli<\/strong><\/h2>\n<\/blockquote>\n<p><strong>FELTRE<\/strong> Una collisione tra una Volkswagen Polo e un&#8217;Opel Corsa all&#8217;ingresso di Rasai ha causato ferite non gravi a un uomo di 34 anni. L&#8217;incidente \u00e8 avvenuto intorno alle 10:30, coinvolgendo i carabinieri per i rilievi e l&#8217;ambulanza del 118 per prestare soccorso e i\u00a0 vigili del fuoco di Feltre\u00a0 La neve potrebbe essere stata una causa dell&#8217;incidente. Entrambi i veicoli hanno riportato danni<\/p>\n<p>&nbsp;<\/p>\n<p>&nbsp;<\/p>\n<hr \/>\n<p>&nbsp;<\/p>\n<blockquote>\n<h3><a class=\"dt-pswp-item\" href=\"https:\/\/www.radiopiu.net\/wordpress\/wp-content\/uploads\/2023\/12\/Senza-nome-1.png\" data-dt-img-description=\"\" data-large_image_width=\"299\" data-large_image_height=\"225\"><img loading=\"lazy\" decoding=\"async\" class=\"size-full wp-image-363985 alignleft\" src=\"https:\/\/www.radiopiu.net\/wordpress\/wp-content\/uploads\/2023\/12\/Senza-nome-1.png\" alt=\"\" width=\"299\" height=\"225\" \/><\/a>OGGI L&#8217;ADDIO A RINALDO TOMASELLI<\/h3>\n<\/blockquote>\n<p>&nbsp;<\/p>\n<p><strong>FALCADE<\/strong> Oggi alle 14.30 a Caviola il funerale di Rinaldo Tomaselli, 98 anni, impegnato da sempre nel mondo del volontariato. Fu vice presidente della cooperativa di consumo di Caviola e consigliere del gruppo alpini AnaCaviola-Cime d&#8217;Auta. Lascia la moglie Clara, i figli Valter, Remis, Alvise e Manuela, le nuore il genero i cari nipoti.<\/p>\n<p>&nbsp;<\/p>\n<p>&nbsp;<\/p>\n<p>&nbsp;<\/p>\n<p>&nbsp;<\/p>\n<p>&nbsp;<\/p>\n<hr \/>\n<p>&nbsp;<\/p>\n<blockquote>\n<h3>INCENDIO A SOVRAMONTE, DANNEGGIATA UNA MANSARDA DI UN&#8217;ABITAZIONE<\/h3>\n<\/blockquote>\n<p><strong>SOVRAMONTE<\/strong> Ieri mattina alle 7 i Vigili del Fuoco sono intervenuti nella frazione di Servo a Sovramonte, per l\u2019incendio del tetto di un\u2019abitazione: nessuna persona \u00e8 rimasta coinvolta. I pompieri accorsi da Feltre insieme al personale volontario e da Belluno per un totale di 10 operatori e 4 automezzi, tra cui l\u2019autoscala, hanno iniziato le operazioni di spegnimento, riuscendo a circoscrivere le fiamme ed evitare un rogo generalizzato. L\u2019incendio ha interessato circa 50 mq di copertura e due stanze da letto mansardate. Le cause delle fiamme probabilmente innescate dallo scarico di una stufa sono al vaglio dei tecnici dei vigili del fuoco. Inibito l\u2019uso del piano mansardato. Le operazioni di soccorso e bonifica sono terminate alle 13:00 circa.<\/p>\n\n\t\t\t<style type='text\/css'>\n\t\t\t\t#gallery-1 {\n\t\t\t\t\tmargin: auto;\n\t\t\t\t}\n\t\t\t\t#gallery-1 .gallery-item {\n\t\t\t\t\tfloat: left;\n\t\t\t\t\tmargin-top: 10px;\n\t\t\t\t\ttext-align: center;\n\t\t\t\t\twidth: 33%;\n\t\t\t\t}\n\t\t\t\t#gallery-1 img {\n\t\t\t\t\tborder: 2px solid #cfcfcf;\n\t\t\t\t}\n\t\t\t\t#gallery-1 .gallery-caption {\n\t\t\t\t\tmargin-left: 0;\n\t\t\t\t}\n\t\t\t\t\/* see gallery_shortcode() in wp-includes\/media.php *\/\n\t\t\t<\/style>\n\t\t<div id='gallery-1' class='dt-gallery-container gallery galleryid-363801 gallery-columns-3 gallery-size-thumbnail'><dl class='gallery-item'>\n\t\t\t\t<dt class='gallery-icon landscape'>\n\t\t\t\t\t<a class=\"rollover rollover-zoom dt-pswp-item\" title=\"3de8b124-093b-440c-8cb5-2ffe18037e4e\" data-dt-img-description=\"\" data-large_image_width=\"960\" data-large_image_height=\"600\"href='https:\/\/www.radiopiu.net\/wordpress\/wp-content\/uploads\/2023\/11\/3de8b124-093b-440c-8cb5-2ffe18037e4e.jpg'><img loading=\"lazy\" decoding=\"async\" width=\"150\" height=\"150\" src=\"https:\/\/www.radiopiu.net\/wordpress\/wp-content\/uploads\/2023\/11\/3de8b124-093b-440c-8cb5-2ffe18037e4e-150x150.jpg\" class=\"attachment-thumbnail size-thumbnail\" alt=\"\" \/><\/a>\n\t\t\t\t<\/dt><\/dl><dl class='gallery-item'>\n\t\t\t\t<dt class='gallery-icon landscape'>\n\t\t\t\t\t<a class=\"rollover rollover-zoom dt-pswp-item\" title=\"7646bd87-e5a9-4794-8a0d-ebb45797c803\" data-dt-img-description=\"\" data-large_image_width=\"960\" data-large_image_height=\"744\"href='https:\/\/www.radiopiu.net\/wordpress\/wp-content\/uploads\/2023\/11\/7646bd87-e5a9-4794-8a0d-ebb45797c803.jpg'><img loading=\"lazy\" decoding=\"async\" width=\"150\" height=\"150\" src=\"https:\/\/www.radiopiu.net\/wordpress\/wp-content\/uploads\/2023\/11\/7646bd87-e5a9-4794-8a0d-ebb45797c803-150x150.jpg\" class=\"attachment-thumbnail size-thumbnail\" alt=\"\" \/><\/a>\n\t\t\t\t<\/dt><\/dl><dl class='gallery-item'>\n\t\t\t\t<dt class='gallery-icon landscape'>\n\t\t\t\t\t<a class=\"rollover rollover-zoom dt-pswp-item\" title=\"8e783f97-8417-40b2-891d-ee8df6f2f0a4\" data-dt-img-description=\"\" data-large_image_width=\"960\" data-large_image_height=\"600\"href='https:\/\/www.radiopiu.net\/wordpress\/wp-content\/uploads\/2023\/11\/8e783f97-8417-40b2-891d-ee8df6f2f0a4.jpg'><img loading=\"lazy\" decoding=\"async\" width=\"150\" height=\"150\" src=\"https:\/\/www.radiopiu.net\/wordpress\/wp-content\/uploads\/2023\/11\/8e783f97-8417-40b2-891d-ee8df6f2f0a4-150x150.jpg\" class=\"attachment-thumbnail size-thumbnail\" alt=\"\" \/><\/a>\n\t\t\t\t<\/dt><\/dl><br style=\"clear: both\" \/>\n\t\t\t<\/div>\n\n<p>&nbsp;<\/p>\n<hr \/>\n<p>&nbsp;<\/p>\n<p>&nbsp;<\/p>\n<p>&nbsp;<\/p>\n<blockquote>\n<h3><strong><a class=\"dt-pswp-item\" href=\"https:\/\/www.radiopiu.net\/wordpress\/wp-content\/uploads\/2021\/09\/tribunale-belluno.jpg\" data-dt-img-description=\"\" data-large_image_width=\"778\" data-large_image_height=\"518\"><img loading=\"lazy\" decoding=\"async\" class=\"wp-image-232453 alignleft\" src=\"https:\/\/www.radiopiu.net\/wordpress\/wp-content\/uploads\/2021\/09\/tribunale-belluno-300x200.jpg\" alt=\"\" width=\"188\" height=\"125\" srcset=\"https:\/\/www.radiopiu.net\/wordpress\/wp-content\/uploads\/2021\/09\/tribunale-belluno-300x200.jpg 300w, https:\/\/www.radiopiu.net\/wordpress\/wp-content\/uploads\/2021\/09\/tribunale-belluno-768x511.jpg 768w, https:\/\/www.radiopiu.net\/wordpress\/wp-content\/uploads\/2021\/09\/tribunale-belluno.jpg 778w\" sizes=\"auto, (max-width: 188px) 100vw, 188px\" \/><\/a>Omicidio alla festa latinoamericana: Chiusa l&#8217;indagine sulla morte di Antonio Costa<\/strong><\/h3>\n<\/blockquote>\n<p><strong>BELLUNO<\/strong> La Procura di Belluno ha concluso le indagini sull&#8217;omicidio di Antonio Costa avvenuto durante una festa latinoamericana. Pedro Livert Dominguez e Junior Cedano Sanchez sono accusati di omicidio volontario in concorso. Il sostituto procuratore Alberto Primavera ha emesso l&#8217;avviso di garanzia. Sanchez vedr\u00e0 aggravata la sua posizione. L&#8217;omicidio \u00e8 avvenuto con un colpo mortale dopo un pugno in testa. Le indagini si sono basate su testimonianze, video di sorveglianza e consulenze mediche. Sanchez potrebbe affrontare una richiesta di recidiva. La richiesta di rinvio a giudizio \u00e8 in attesa, mentre Dominguez resta in detenzione.<\/p>\n<p>&nbsp;<\/p>\n<p>&nbsp;<\/p>\n<blockquote>\n<h3><strong><a class=\"dt-pswp-item\" href=\"https:\/\/www.radiopiu.net\/wordpress\/wp-content\/uploads\/2018\/07\/TRIBUNALE-1.jpg\" data-dt-img-description=\"\" data-large_image_width=\"960\" data-large_image_height=\"720\"><img loading=\"lazy\" decoding=\"async\" class=\"wp-image-53164 alignleft\" src=\"https:\/\/www.radiopiu.net\/wordpress\/wp-content\/uploads\/2018\/07\/TRIBUNALE-1-300x225.jpg\" alt=\"\" width=\"191\" height=\"143\" srcset=\"https:\/\/www.radiopiu.net\/wordpress\/wp-content\/uploads\/2018\/07\/TRIBUNALE-1-300x225.jpg 300w, https:\/\/www.radiopiu.net\/wordpress\/wp-content\/uploads\/2018\/07\/TRIBUNALE-1-768x576.jpg 768w, https:\/\/www.radiopiu.net\/wordpress\/wp-content\/uploads\/2018\/07\/TRIBUNALE-1.jpg 960w\" sizes=\"auto, (max-width: 191px) 100vw, 191px\" \/><\/a><\/strong><\/h3>\n<p><strong>Ex Sindaco di Praiano Imputato per Morte Turista: Accuse di Omissione sulla Sicurezza<\/strong><\/p><\/blockquote>\n<p><strong>BELLUNO<\/strong> Giovanni Di Martino, ex sindaco di Praiano, \u00e8 stato imputato per omicidio colposo nella morte di Mariangela Calligaro, turista bellunese, causata da un&#8217;onda anomala nella Costiera Amalfitana nel gennaio 2018. Durante l&#8217;udienza, Di Martino ha cercato di discolparsi sostenendo che la responsabilit\u00e0 della segnaletica di sicurezza ricadesse sulla Polizia locale o sull&#8217;Ufficio tecnico del Comune. Tuttavia, non \u00e8 riuscito a produrre documenti a sostegno di tale affermazione. La prossima udienza \u00e8 prevista per aprile, mentre i familiari della vittima si sono costituiti parte civile chiedendo un risarcimento danni di 3,5 milioni di euro. La tragedia si \u00e8 verificata durante una passeggiata quando Mariangela Calligaro e il marito furono travolti da un&#8217;onda, causandone la morte.<\/p>\n<p>&nbsp;<\/p>\n<p>&nbsp;<\/p>\n<hr \/>\n<p>&nbsp;<\/p>\n<blockquote>\n<h3>FIRMATO L&#8217;ACCORDO INTEGRATIVO TRA ESSILORLUXOTTICA E SIGLE SINDACALI. ASSUNZIONE DI 1500 LAVORATORI IN SOMMINISTRAZIONE, AUMENTA IL MINIMO GARANTITO DEL PREMIO DI RISULTATO E VIENE INTRODOTTO UN NUOVO MODELLO DI SETTIMANA CORTA<\/h3>\n<\/blockquote>\n<p><strong><a class=\"dt-pswp-item\" href=\"https:\/\/www.radiopiu.net\/wordpress\/wp-content\/uploads\/2023\/11\/IMG_20231130_151334-scaled.jpg\" data-dt-img-description=\"\" data-large_image_width=\"2560\" data-large_image_height=\"1920\"><img loading=\"lazy\" decoding=\"async\" class=\" wp-image-363941 alignleft\" src=\"https:\/\/www.radiopiu.net\/wordpress\/wp-content\/uploads\/2023\/11\/IMG_20231130_151334-300x225.jpg\" alt=\"\" width=\"161\" height=\"121\" srcset=\"https:\/\/www.radiopiu.net\/wordpress\/wp-content\/uploads\/2023\/11\/IMG_20231130_151334-300x225.jpg 300w, https:\/\/www.radiopiu.net\/wordpress\/wp-content\/uploads\/2023\/11\/IMG_20231130_151334-1024x768.jpg 1024w, https:\/\/www.radiopiu.net\/wordpress\/wp-content\/uploads\/2023\/11\/IMG_20231130_151334-768x576.jpg 768w, https:\/\/www.radiopiu.net\/wordpress\/wp-content\/uploads\/2023\/11\/IMG_20231130_151334-1536x1152.jpg 1536w, https:\/\/www.radiopiu.net\/wordpress\/wp-content\/uploads\/2023\/11\/IMG_20231130_151334-2048x1536.jpg 2048w\" sizes=\"auto, (max-width: 161px) 100vw, 161px\" \/><\/a>AGORDO<\/strong>\u00a0 Firmato l&#8217;accordo integrativo aziendale tra sigle sindacali e EssilorLuxottica. L&#8217;accordo abbraccia temi normativi ed economici, rispondendo alle esigenze delle persone in un contesto storico complesso. Numerosi miglioramenti sono stati apportati, con un focus su pari opportunit\u00e0, contrasto alle molestie sul lavoro, salute e sicurezza, e flessibilit\u00e0 dell&#8217;orario di lavoro. Le misure per contrastare le molestie sul lavoro includono procedure specifiche e percorsi di formazione. Un notevole passo avanti \u00e8 rappresentato dai Team di miglioramento, incaricati di gestire le problematiche interne a ciascun reparto. Per quanto riguarda l&#8217;orario di lavoro, si introduce una flessibilit\u00e0 basata sull&#8217;anno solare (1 gennaio-31 dicembre) con piani di flessibilit\u00e0 che si concentrano sul turno mattino e con l&#8217;anticipo alla domenica per coloro che lavorano di notte. La gestione dei permessi subisce miglioramenti significativi con una procedura semplificata che garantisce risposte entro una settimana dalla richiesta. Anche i permessi individuali retribuiti vedono modifiche, con un preavviso ridotto da 48 a 24 ore per urgenze famigliari e una procedura semplificata tramite il portale interno di liquidazione delle ore accumulate in banca ore. La banca delle ore rimane invariata con un massimo di 180 ore accumulate. Per quanto riguarda il FIT viene introdotto un tetto massimo di 40 ore.\u00a0 Nel campo dell&#8217;assistenza familiare, i permessi sono estesi all&#8217;inserimento dei figli alla scuola materna oltre all&#8217;asilo nido. Per quanto riguarda il Premio di Risultato, la quota minima garantita \u00e8 incrementata da 830 euro a 1000 euro, e si lavora per parificare i premi tra lavoratori a tempo indeterminato e in somministrazione. <span style=\"color: #00000a; font-family: Helvetica;\"> Ai lavoratori in uscita verr\u00e0 concesso il part time per tre anni con contributi pieni. La novit\u00e0 sta nel fatto che i giovani che prenderanno il posto dei pensionandi non saranno pi\u00f9 assunti a tempo parziale, ma da subito a tempo pieno.<\/span> L&#8217;ipotesi di accordo prevede anche l&#8217;assunzione a tempo indeterminato di 1550 lavoratori in somministrazione, basata sull&#8217;anzianit\u00e0 di missione ovvero che siano in azienda da almeno 24 mesi al 31 dicembre 2023. Infine, viene introdotto sperimentalmente un nuovo tipo di settimana corta, consentendo ai dipendenti di lavorare 4 giorni a settimana per 20 settimane all&#8217;anno (15 nel primo anno di sperimentazione). In questo caso la copertura di tali giornate sar\u00e0 per tre quarti a carico dell&#8217;azienda e un quarto a carico del lavoratore. <span style=\"color: #00000a; font-family: Helvetica;\">Il nuovo accordo pone poi le basi per la costituzione del fondo sociale welfare per la conciliazione, un fondo ad hoc per il finanziamento di nuove misure di welfare a sostegno della conciliazione: un milione di euro per dare a lavoratori e lavoratrici risposte nuove e diverse per armonizzare la vita lavorativa con quella privata. <\/span><span style=\"color: #00000a; font-family: Helvetica;\">L\u2019accordo sostiene poi il diritto allo studio dei lavoratori-studenti, estendendo il diritto dei tre giorni di permesso non solo per esami universitari ma anche per master, Its, istituti ottici e secondari digitali tecnologici e prevedendo ulteriori 24 ore su base annuale per favorire la gestione dello studente.<\/span><\/p>\n<p>(foto: luxitalia.blogspot.com)<\/p>\n<p><strong>DI BARBARA PAOLAZZI (RADIO CLUB 103), SERVIZIO E INTERVISTA A MILENA CESCA DELLA FEMCA CISL BELLUNO-TREVISO<\/strong><\/p>\n<audio class=\"wp-audio-shortcode\" id=\"audio-363801-3\" preload=\"none\" style=\"width: 100%;\" controls=\"controls\"><source type=\"audio\/mpeg\" src=\"https:\/\/www.radiopiu.net\/wordpress\/wp-content\/uploads\/2023\/11\/PAOLAZZI-CONTRATTO-LUXOTTICA-E-INTERVISTA-CESCA.mp3?_=3\" \/><a href=\"https:\/\/www.radiopiu.net\/wordpress\/wp-content\/uploads\/2023\/11\/PAOLAZZI-CONTRATTO-LUXOTTICA-E-INTERVISTA-CESCA.mp3\">https:\/\/www.radiopiu.net\/wordpress\/wp-content\/uploads\/2023\/11\/PAOLAZZI-CONTRATTO-LUXOTTICA-E-INTERVISTA-CESCA.mp3<\/a><\/audio>\n<p>&nbsp;<\/p>\n<hr \/>\n<p>&nbsp;<\/p>\n<blockquote>\n<h3>DA OGGI LA TREDICESIMA A 1,3 MILIONI DI PENSIONATI VENETI<\/h3>\n<\/blockquote>\n<p><a class=\"dt-pswp-item\" href=\"https:\/\/www.radiopiu.net\/wordpress\/wp-content\/uploads\/2023\/11\/Schermata-2023-11-30-alle-13.35.19.png\" data-dt-img-description=\"\" data-large_image_width=\"1154\" data-large_image_height=\"330\"><img loading=\"lazy\" decoding=\"async\" class=\"size-medium wp-image-363907 alignleft\" src=\"https:\/\/www.radiopiu.net\/wordpress\/wp-content\/uploads\/2023\/11\/Schermata-2023-11-30-alle-13.35.19-300x86.png\" alt=\"\" width=\"300\" height=\"86\" srcset=\"https:\/\/www.radiopiu.net\/wordpress\/wp-content\/uploads\/2023\/11\/Schermata-2023-11-30-alle-13.35.19-300x86.png 300w, https:\/\/www.radiopiu.net\/wordpress\/wp-content\/uploads\/2023\/11\/Schermata-2023-11-30-alle-13.35.19-1024x293.png 1024w, https:\/\/www.radiopiu.net\/wordpress\/wp-content\/uploads\/2023\/11\/Schermata-2023-11-30-alle-13.35.19-768x220.png 768w, https:\/\/www.radiopiu.net\/wordpress\/wp-content\/uploads\/2023\/11\/Schermata-2023-11-30-alle-13.35.19-350x100.png 350w, https:\/\/www.radiopiu.net\/wordpress\/wp-content\/uploads\/2023\/11\/Schermata-2023-11-30-alle-13.35.19.png 1154w\" sizes=\"auto, (max-width: 300px) 100vw, 300px\" \/><\/a>Da oggi 1,3 milioni di pensionati presenti in Veneto iniziano a ricevere la tredicesima dall\u2019Inps. Agli altri 1,8 milioni di lavoratori dipendenti destinatari della gratifica natalizia, gli imprenditori (pubblici e privati) gliela pagheranno nelle prossime settimane e, tendenzialmente, non oltre il 25 dicembre. Complessivamente sono 3,1 milioni i veneti che dal 1\u00b0 dicembre alla vigilia di Natale riceveranno questa mensilit\u00e0 aggiuntiva. Nei portafogli di queste persone finiranno complessivamente 3,7 miliardi di euro. A fare i conti \u00e8 stato l\u2019Ufficio studi della CGIA. Rispetto l\u2019anno scorso, il volume economico complessivo delle tredicesime che verr\u00e0 erogato ai veneti \u00e8 incrementato di mezzo milione di euro. In questo momento \u00e8 molto difficile prevedere cosa acquisteranno i veneti con la tredicesima. Tra il pagamento delle bollette della luce, del gas e la rata del mutuo, anche quest\u2019anno non saranno molti i soldi che verranno destinati agli acquisti natalizi.<\/p>\n<h3><\/h3>\n<hr \/>\n<p>&nbsp;<\/p>\n<p><span style=\"color: #ff0000;\">DAL TG DI ANTENNA 3, IL TELEGIORNALE BELLUNESE IN ONDA ALLE 19.30 SUL COMODO CANALE 10 DEL DIGITALE TERRESTE. ALLE 19 ALLA RADIO, OGNI SERA,\u00a0 LE ANTICIPAZIONI.\u00a0<\/span><\/p>\n<blockquote>\n<h3 class=\"_title post-title entry-title\">PAURA DEI LUPI, LE PREDAZIONI SI RIPETONO<\/h3>\n<p><strong>\u00a0ALPAGO<\/strong> \u2013 I numeri sono variabili, e quando si parla di lupi possono fare la differenza. In Alpago se ne parla da molto, e quelli presenti potrebbero essere troppi. || Tempo da lupi, in tutti i sensi.Di lupi se ne parla in particolar modo in Alpago, dove oggi nevicava, e dove ci sono settanta allevatori di pecore.Le predazioni si ripetono, tanto da scoraggiare dall\u2019allevare pecore, vedi il caso del Dolada che dopo aver perso i suoi agnelli di razza Alpago ha deciso di smetterne la produzione cancellandone la carne dai propri men\u00f9.La preoccupazione \u00e8 molta, e si denuncia la mancanza di risposte nonostante dal territorio le richieste di aiuto siano state pi\u00f9 volte sollevate.<\/p><\/blockquote>\n<p>Intervistati GIANLUCA DAL BORGO (SINDACO CHIES D\u2019ALPAGO) (Servizio di\u00a0<a href=\"https:\/\/antennatre.medianordest.it\/redazione\/Fabio-Fioravanzi\/\">Fabio Fioravanzi<\/a>)<\/p>\n<p>&nbsp;<\/p>\n<p><iframe loading=\"lazy\" title=\"PAURA DEI LUPI, LE PREDAZIONI SI RIPETONO | 30\/11\/2023\" width=\"1200\" height=\"675\" src=\"https:\/\/www.youtube.com\/embed\/RahDyZm0qdI?feature=oembed\" frameborder=\"0\" allow=\"accelerometer; autoplay; clipboard-write; encrypted-media; gyroscope; picture-in-picture; web-share\" allowfullscreen><\/iframe><\/p>\n<p>&nbsp;<\/p>\n<hr \/>\n<p>&nbsp;<\/p>\n<h1 class=\"entry-title photoswipe-wrapper\">40esimo di RADIOPIU\u2026. LA VOCE DELL\u2019EMOZIONE<\/h1>\n<h2><span style=\"color: #ff0000;\">ISCRIVITI AL NOSTRO CANALE\u00a0\u00a0YOUTUBE PER SEGUIRE IN DIRETTA I PRINCIPALI PROGRAMMI DI RADIO PIU\u2019 E LE FUTURE DIRETTE IN ESTERNA. PER ISCRIVERTI <a style=\"color: #ff0000;\" href=\"https:\/\/youtube.com\/@radiopiu1527\">CLICCA QUI\u00a0<\/a>E PREMI\u00a0 \u201cIscriviti\u201d<\/span><\/h2>\n<p>&nbsp;<\/p>\n<hr \/>\n<p>&nbsp;<\/p>\n<blockquote>\n<h3>&#8220;Antonio Tajani a Belluno: Scenari per le imprese tra rischi e opportunit\u00e0 in un mondo instabile&#8221;<\/h3>\n<\/blockquote>\n<p><strong>BELLUNO<\/strong> Domani a Belluno, Confindustria Belluno Dolomiti ospiter\u00e0 un incontro dal titolo &#8220;UN MONDO INSTABILE &#8211; Scenari per le imprese tra rischi e opportunit\u00e0&#8221;, con il Vice Presidente del Consiglio e Ministro degli Esteri, Antonio Tajani, come ospite principale. L&#8217;evento fornir\u00e0 una prospettiva sui rischi e opportunit\u00e0 per le imprese in un contesto mondiale instabile.<\/p>\n<p>&nbsp;<\/p>\n<hr \/>\n<blockquote>\n<h2><\/h2>\n<h3>SEDICI DITTE IMPEGNATE NEL COMUNE DI BELLUNO PER RIPULIRE LE STRADE DALLA NEVE<\/h3>\n<\/blockquote>\n<p><strong><a class=\"dt-pswp-item\" href=\"https:\/\/www.radiopiu.net\/wordpress\/wp-content\/uploads\/2023\/11\/f8a81ba6-c973-49c2-b757-2317030fbb93.jpg\" data-dt-img-description=\"\" data-large_image_width=\"1024\" data-large_image_height=\"768\"><img loading=\"lazy\" decoding=\"async\" class=\" wp-image-363924 alignleft\" src=\"https:\/\/www.radiopiu.net\/wordpress\/wp-content\/uploads\/2023\/11\/f8a81ba6-c973-49c2-b757-2317030fbb93-300x225.jpg\" alt=\"\" width=\"149\" height=\"112\" srcset=\"https:\/\/www.radiopiu.net\/wordpress\/wp-content\/uploads\/2023\/11\/f8a81ba6-c973-49c2-b757-2317030fbb93-300x225.jpg 300w, https:\/\/www.radiopiu.net\/wordpress\/wp-content\/uploads\/2023\/11\/f8a81ba6-c973-49c2-b757-2317030fbb93-768x576.jpg 768w, https:\/\/www.radiopiu.net\/wordpress\/wp-content\/uploads\/2023\/11\/f8a81ba6-c973-49c2-b757-2317030fbb93.jpg 1024w\" sizes=\"auto, (max-width: 149px) 100vw, 149px\" \/><\/a>BELLUNO<\/strong> 16 ditte opereranno in tutto il territorio del Comune di Belluno per ripulire le strade dalla neve e per lo spargimento di sale e ghiaccio: presentato dall&#8217;amministrazione del capoluogo il nuovo piano neve.<\/p>\n<p><strong>DI DANIELE DALVIT<\/strong><\/p>\n<audio class=\"wp-audio-shortcode\" id=\"audio-363801-4\" preload=\"none\" style=\"width: 100%;\" controls=\"controls\"><source type=\"audio\/mpeg\" src=\"https:\/\/www.radiopiu.net\/wordpress\/wp-content\/uploads\/2023\/11\/Radio-Piu-Servizio-Piano-neve-Belluno-2023-2024.mp3?_=4\" \/><a href=\"https:\/\/www.radiopiu.net\/wordpress\/wp-content\/uploads\/2023\/11\/Radio-Piu-Servizio-Piano-neve-Belluno-2023-2024.mp3\">https:\/\/www.radiopiu.net\/wordpress\/wp-content\/uploads\/2023\/11\/Radio-Piu-Servizio-Piano-neve-Belluno-2023-2024.mp3<\/a><\/audio>\n<p>&nbsp;<\/p>\n<hr \/>\n<h2><\/h2>\n<blockquote>\n<h2>&#8220;Bando Servizio Civile 2023: UICI Belluno Accoglie 2 Volontari per il Progetto &#8216;UN VOLONTARIO PER TE Art. 40<\/h2>\n<\/blockquote>\n<p><strong>BELLUNO<\/strong> Il bando per la selezione di 753 operatori volontari per progetti di servizio civile \u00e8 stato pubblicato. L&#8217;Unione Italiana dei Ciechi e degli Ipovedenti di Belluno accoglier\u00e0 2 volontari per il progetto &#8220;UN VOLONTARIO PER TE&#8221;. Le domande devono essere presentate entro il 22 dicembre tramite la piattaforma DOL. I candidati tra 18 e 28 anni, italiani o stranieri regolarmente soggiornanti in Italia, possono partecipare. Il progetto richiede conoscenze informatiche di base, patente di guida B e diploma di scuola media superiore. Per ulteriori dettagli e la presentazione delle domande, consultare il sito <a href=\"https:\/\/www.uiciechi.it\/serviziocivile\/bandoscuart402023.asp\" target=\"_new\" rel=\"noopener\">www.uiciechi.it<\/a><\/p>\n<p>&nbsp;<\/p>\n<hr \/>\n<p>&nbsp;<\/p>\n<blockquote>\n<h3 class=\"entry-title\">\u201cMAMMA HO AVUTO UN INCIDENTE, CHIAMAMI\u2026\u201d L\u2019ENNESIMO ADDESCAMENTO TRUFFALDINO<\/h3>\n<\/blockquote>\n<p><strong class=\"photoswipe-wrapper\"><a class=\"dt-pswp-item pspw-wrap-ready\" href=\"https:\/\/www.radiopiu.net\/wordpress\/wp-content\/uploads\/2023\/11\/pexels-photo-46924.jpg\" data-dt-img-description=\"\" data-large_image_width=\"400\" data-large_image_height=\"267\"><img loading=\"lazy\" decoding=\"async\" class=\"wp-image-363923 alignleft\" src=\"https:\/\/www.radiopiu.net\/wordpress\/wp-content\/uploads\/2023\/11\/pexels-photo-46924-300x200.jpg\" sizes=\"auto, (max-width: 194px) 100vw, 194px\" srcset=\"https:\/\/www.radiopiu.net\/wordpress\/wp-content\/uploads\/2023\/11\/pexels-photo-46924-300x200.jpg 300w, https:\/\/www.radiopiu.net\/wordpress\/wp-content\/uploads\/2023\/11\/pexels-photo-46924.jpg 400w\" alt=\"\" width=\"194\" height=\"129\" \/><\/a>REDAZIONE<\/strong>\u00a0La redazione di Radio Pi\u00f9 ha recentemente ricevuto una lettera da una madre agordina che ha vissuto un\u2019ora di terrore a causa di un messaggio preoccupante ricevuto sul suo cellulare dalla figlia. Il messaggio chiedeva di contattare un nuovo numero di telefono, affermando di aver avuto un incidente. La madre, preoccupata per sua figlia che studia a Bologna, ha tempestato di messaggi\u00a0 la figlia fino alla risposta rassicurante, come ipotizzato era la classica esca da truffa.\u00a0 Patrizia ha deciso di condividere la sua esperienza per avvertire altre mamme ansiose che potrebbero cadere nella stessa trappola. Sembrerebbe che questo tipo di truffa stia diventando sempre pi\u00f9 diffuso, con chiamate simili rivolte non solo a persone anziane.\u00a0 Il messaggio in questione chiedeva di rispondere su WhatsApp a un numero specifico, 3935***3. Non \u00e8 chiaro cosa possa accadere rispondendo a questo numero, ma la madre incoraggia la comunit\u00e0 a stare attenta e a non cadere in potenziali inganni.<\/p>\n<p>&nbsp;<\/p>\n<p>&nbsp;<\/p>\n<hr \/>\n<p>&nbsp;<\/p>\n<blockquote>\n<h3>Segugio.it: Riduzione Consumi e Crescente Propensione al Risparmio per Luce e Gas nel 2023<\/h3>\n<\/blockquote>\n<p><img loading=\"lazy\" decoding=\"async\" class=\"alignleft\" src=\"https:\/\/www.radiopiu.net\/wordpress\/wp-content\/uploads\/2020\/07\/FIAMMA-GAS.jpg\" width=\"217\" height=\"163\" \/>L&#8217;ultimo osservatorio di <strong>Segugio.it<\/strong> analizza l&#8217;andamento dei consumi di luce e gas, evidenziando una riduzione durante l&#8217;instabilit\u00e0 del mercato e una maggiore propensione al risparmio. Nel periodo luglio-settembre 2023, la ricerca di tariffe pi\u00f9 convenienti per la luce \u00e8 cresciuta del +11% rispetto al 2022, con un aumento del +150% degli utenti con consumi annui fino a 1.000 kWh. Nel quarto trimestre del 2023, gli utenti con consumo annuo fino a 2.000 kWh rappresentano il 46% del totale. Anche per il gas, si nota una maggiore propensione al risparmio, con un aumento degli utenti con consumi fino a 1.000 Smc dal 43% al 53%. Le ricerche nel settore del gas sono prevalentemente nel Nord Italia, dove si registra anche una tendenza a ridurre i consumi, influenzata dal fattore geografico e climatico. Per ulteriori dettagli e confronti delle offerte, si pu\u00f2 consultare il comunicato completo su https:\/\/tariffe.segugio.it\/luce-gas\/.<\/p>\n<blockquote>\n<h2><\/h2>\n<\/blockquote>\n<hr \/>\n<h2><\/h2>\n<blockquote>\n<h2>DILLO A RADIO PIU&#8217;&#8230;C\u2019\u00e8 chi pu\u00f2 e chi no, ma chi ci dice il perch\u00e9?<\/h2>\n<\/blockquote>\n<p><strong>REDAZIONE\u00a0 <\/strong>In mezzo alla magia della neve, la giustizia dovrebbe cadere come fiocchi equi su ogni bambino, senza discriminazioni territoriali. L&#8217;inclusivit\u00e0, come la neve, dovrebbe coprire tutti, creando un manto di opportunit\u00e0 senza lasciare nessun bambino dietro, riceviamo e volentieri pubblichiamo.<\/p>\n<p>&nbsp;<\/p>\n<p><strong>DI GIANNI SANTOMASO<\/strong><\/p>\n<audio class=\"wp-audio-shortcode\" id=\"audio-363801-5\" preload=\"none\" style=\"width: 100%;\" controls=\"controls\"><source type=\"audio\/mpeg\" src=\"https:\/\/www.radiopiu.net\/wordpress\/wp-content\/uploads\/2023\/11\/GIANNI-SKI-PASS-AGLI-STUDENTI.mp3?_=5\" \/><a href=\"https:\/\/www.radiopiu.net\/wordpress\/wp-content\/uploads\/2023\/11\/GIANNI-SKI-PASS-AGLI-STUDENTI.mp3\">https:\/\/www.radiopiu.net\/wordpress\/wp-content\/uploads\/2023\/11\/GIANNI-SKI-PASS-AGLI-STUDENTI.mp3<\/a><\/audio>\n<p>&nbsp;<\/p>\n<p><img loading=\"lazy\" decoding=\"async\" class=\"alignleft\" src=\"https:\/\/www.radiopiu.net\/wordpress\/wp-content\/uploads\/2023\/11\/skiing-6060431_640.jpg\" width=\"300\" height=\"200\" \/>E\u2019finalmente arrivata la neve e la maggior parte dei bambini di montagna e\u2019 pronta per andare a sciare nel territorio Agordino. La possibilit\u00e0 di scelta delle localit\u00e0 sciistiche e delle scuole di sci, per nostra fortuna, \u00e8 ampia: Arabba Marmolada, Alpe Lusia San Pellegrino, Civetta per quel che riguarda il Dolomiti superSki, e le due piste di Forcella Aurine.<br \/>\nGi\u00e0\u2019 dall\u2019anno scorso per 10 comuni Agordini \u00e8 stato regalato uno skipass stagionale ai bimbi delle scuole materne ed elementari appartenenti agli istituti comprensivi di zona: istituto comprensivo di Cencenighe e quello di Alleghe. Quindi questi fortunatissimi bambini hanno l\u2019opportunit\u00e0 di andare a sciare con mamma e pap\u00e0 o partecipare ai vari corsi di sci proposti dalle scuole sci senza doversi accollare il costo dello skipass, che di questi tempi, \u00e8 un gran bel risparmio.<br \/>\nE se frequenti l\u2019Istituto Comprensivo di Agordo? Niente da fare, te lo devi pagare per intero. Come mai? Chiediamo delucidazioni sul criterio adottato per la gratuit\u00e0 degli skipass per i bambini delle scuole materne e primarie del territorio Agordino in particolare non \u00e8 comprensibile perch\u00e9 solo 10 comuni su 16 offrono questa possibilit\u00e0 e ancora non \u00e8 chiaro perch\u00e9 gli alunni dell\u2019Istituto comprensivo di Agordo siano esclusi da ogni tipo di gratuit\u00e0. Nell\u2019ottica dell\u2019inclusivita\u2019 e\u2019 incomprensibile, come ad oggi, i bambini non possono accedere al comprensorio sciistico che preferiscono anche in base alle loro abilit\u00e0 e capacit\u00e0. Vorremmo anche far notare che se un bambino \u00e8 residente in uno dei 10 comuni prescelti o, in questo caso direi di serie \u201cA\u201d ma ,sfortunatamente ,frequenta l\u2019Istituto comprensivo di Agordo, non ha diritto a tale gratuit\u00e0. E io come lo spiego a mio figlio che probabilmente,dovendo pagare lo skipass ,non posso permettermi per\u00f2 di sostenere il costo del corso di sci che magari \u00e8 frequentato dai suoi amichetti?<\/p>\n<p><strong>Silvia Toffano, Elisa Manfroi\u00a0\u00a0<\/strong><\/p>\n<p>&nbsp;<\/p>\n<hr \/>\n<p>&nbsp;<\/p>\n<p>&nbsp;<\/p>\n<h2>LA PRIMA NEVE, DA FALCADE A FELTRE<\/h2>\n\n\t\t\t<style type='text\/css'>\n\t\t\t\t#gallery-2 {\n\t\t\t\t\tmargin: auto;\n\t\t\t\t}\n\t\t\t\t#gallery-2 .gallery-item {\n\t\t\t\t\tfloat: left;\n\t\t\t\t\tmargin-top: 10px;\n\t\t\t\t\ttext-align: center;\n\t\t\t\t\twidth: 14%;\n\t\t\t\t}\n\t\t\t\t#gallery-2 img {\n\t\t\t\t\tborder: 2px solid #cfcfcf;\n\t\t\t\t}\n\t\t\t\t#gallery-2 .gallery-caption {\n\t\t\t\t\tmargin-left: 0;\n\t\t\t\t}\n\t\t\t\t\/* see gallery_shortcode() in wp-includes\/media.php *\/\n\t\t\t<\/style>\n\t\t<div id='gallery-2' class='dt-gallery-container gallery galleryid-363801 gallery-columns-7 gallery-size-thumbnail'><dl class='gallery-item'>\n\t\t\t\t<dt class='gallery-icon landscape'>\n\t\t\t\t\t<a class=\"rollover rollover-zoom dt-pswp-item\" title=\"7eaf92ff-39ba-4283-84de-d3d88d8785bf\" data-dt-img-description=\"\" data-large_image_width=\"2000\" data-large_image_height=\"1500\"href='https:\/\/www.radiopiu.net\/wordpress\/wp-content\/uploads\/2023\/11\/7eaf92ff-39ba-4283-84de-d3d88d8785bf.jpg'><img loading=\"lazy\" decoding=\"async\" width=\"150\" height=\"150\" src=\"https:\/\/www.radiopiu.net\/wordpress\/wp-content\/uploads\/2023\/11\/7eaf92ff-39ba-4283-84de-d3d88d8785bf-150x150.jpg\" class=\"attachment-thumbnail size-thumbnail\" alt=\"\" aria-describedby=\"gallery-2-363881\" \/><\/a>\n\t\t\t\t<\/dt>\n\t\t\t\t\t<dd class='wp-caption-text gallery-caption' id='gallery-2-363881'>\n\t\t\t\t\tAGORDO VALCOZZENA &#8211; GIGI &#8211; \n\t\t\t\t\t<\/dd><\/dl><dl class='gallery-item'>\n\t\t\t\t<dt class='gallery-icon portrait'>\n\t\t\t\t\t<a class=\"rollover rollover-zoom dt-pswp-item\" title=\"cortina\" data-dt-img-description=\"\" data-large_image_width=\"576\" data-large_image_height=\"1280\"href='https:\/\/www.radiopiu.net\/wordpress\/wp-content\/uploads\/2023\/11\/cortina.jpg'><img loading=\"lazy\" decoding=\"async\" width=\"150\" height=\"150\" src=\"https:\/\/www.radiopiu.net\/wordpress\/wp-content\/uploads\/2023\/11\/cortina-150x150.jpg\" class=\"attachment-thumbnail size-thumbnail\" alt=\"\" aria-describedby=\"gallery-2-363877\" \/><\/a>\n\t\t\t\t<\/dt>\n\t\t\t\t\t<dd class='wp-caption-text gallery-caption' id='gallery-2-363877'>\n\t\t\t\t\tDA CORTINA\n\t\t\t\t\t<\/dd><\/dl><dl class='gallery-item'>\n\t\t\t\t<dt class='gallery-icon portrait'>\n\t\t\t\t\t<a class=\"rollover rollover-zoom dt-pswp-item\" title=\"Falcade\" data-dt-img-description=\"\" data-large_image_width=\"720\" data-large_image_height=\"1280\"href='https:\/\/www.radiopiu.net\/wordpress\/wp-content\/uploads\/2023\/11\/falcade.jpg'><img loading=\"lazy\" decoding=\"async\" width=\"150\" height=\"150\" src=\"https:\/\/www.radiopiu.net\/wordpress\/wp-content\/uploads\/2023\/11\/falcade-150x150.jpg\" class=\"attachment-thumbnail size-thumbnail\" alt=\"\" aria-describedby=\"gallery-2-363867\" \/><\/a>\n\t\t\t\t<\/dt>\n\t\t\t\t\t<dd class='wp-caption-text gallery-caption' id='gallery-2-363867'>\n\t\t\t\t\tFALCADE\n\n\t\t\t\t\t<\/dd><\/dl><dl class='gallery-item'>\n\t\t\t\t<dt class='gallery-icon landscape'>\n\t\t\t\t\t<a class=\"rollover rollover-zoom dt-pswp-item\" title=\"taibon radiopiu\" data-dt-img-description=\"\" data-large_image_width=\"458\" data-large_image_height=\"402\"href='https:\/\/www.radiopiu.net\/wordpress\/wp-content\/uploads\/2023\/11\/taibon-radiopiu.png'><img loading=\"lazy\" decoding=\"async\" width=\"150\" height=\"150\" src=\"https:\/\/www.radiopiu.net\/wordpress\/wp-content\/uploads\/2023\/11\/taibon-radiopiu-150x150.png\" class=\"attachment-thumbnail size-thumbnail\" alt=\"\" aria-describedby=\"gallery-2-363864\" \/><\/a>\n\t\t\t\t<\/dt>\n\t\t\t\t\t<dd class='wp-caption-text gallery-caption' id='gallery-2-363864'>\n\t\t\t\t\tTAIBON RADIOPIU\n\t\t\t\t\t<\/dd><\/dl><dl class='gallery-item'>\n\t\t\t\t<dt class='gallery-icon portrait'>\n\t\t\t\t\t<a class=\"rollover rollover-zoom dt-pswp-item\" title=\"\" data-dt-img-description=\"\" data-large_image_width=\"960\" data-large_image_height=\"1280\"href='https:\/\/www.radiopiu.net\/wordpress\/wp-content\/uploads\/2023\/11\/930a9870-f133-4ebd-a333-b087d846b65f.jpg'><img loading=\"lazy\" decoding=\"async\" width=\"150\" height=\"150\" src=\"https:\/\/www.radiopiu.net\/wordpress\/wp-content\/uploads\/2023\/11\/930a9870-f133-4ebd-a333-b087d846b65f-150x150.jpg\" class=\"attachment-thumbnail size-thumbnail\" alt=\"\" \/><\/a>\n\t\t\t\t<\/dt><\/dl><dl class='gallery-item'>\n\t\t\t\t<dt class='gallery-icon portrait'>\n\t\t\t\t\t<a class=\"rollover rollover-zoom dt-pswp-item\" title=\"caralte\" data-dt-img-description=\"\" data-large_image_width=\"960\" data-large_image_height=\"1280\"href='https:\/\/www.radiopiu.net\/wordpress\/wp-content\/uploads\/2023\/11\/caralte.jpg'><img loading=\"lazy\" decoding=\"async\" width=\"150\" height=\"150\" src=\"https:\/\/www.radiopiu.net\/wordpress\/wp-content\/uploads\/2023\/11\/caralte-150x150.jpg\" class=\"attachment-thumbnail size-thumbnail\" alt=\"\" aria-describedby=\"gallery-2-363862\" \/><\/a>\n\t\t\t\t<\/dt>\n\t\t\t\t\t<dd class='wp-caption-text gallery-caption' id='gallery-2-363862'>\n\t\t\t\t\tTAI DI CADORE\n\t\t\t\t\t<\/dd><\/dl><dl class='gallery-item'>\n\t\t\t\t<dt class='gallery-icon landscape'>\n\t\t\t\t\t<a class=\"rollover rollover-zoom dt-pswp-item\" title=\"auronzo\" data-dt-img-description=\"\" data-large_image_width=\"1280\" data-large_image_height=\"960\"href='https:\/\/www.radiopiu.net\/wordpress\/wp-content\/uploads\/2023\/11\/auronzo.jpg'><img loading=\"lazy\" decoding=\"async\" width=\"150\" height=\"150\" src=\"https:\/\/www.radiopiu.net\/wordpress\/wp-content\/uploads\/2023\/11\/auronzo-150x150.jpg\" class=\"attachment-thumbnail size-thumbnail\" alt=\"\" aria-describedby=\"gallery-2-363863\" \/><\/a>\n\t\t\t\t<\/dt>\n\t\t\t\t\t<dd class='wp-caption-text gallery-caption' id='gallery-2-363863'>\n\t\t\t\t\tAURONZO\n\t\t\t\t\t<\/dd><\/dl><br style=\"clear: both\" \/>\n\t\t\t<\/div>\n\n<p>&nbsp;<\/p>\n<p>&nbsp;<\/p>\n<hr \/>\n<blockquote>\n<h3><\/h3>\n<h3>CONFINDUSTRIA BELLUNO DOLOMITI DONA ALLA MISERICORDIA DI LONGARONE UN NUOVO MEZZO PER IL TRASPORTO SOLIDALE<\/h3>\n<\/blockquote>\n<p><strong><a class=\"dt-pswp-item\" href=\"https:\/\/www.radiopiu.net\/wordpress\/wp-content\/uploads\/2023\/11\/Immagine-WhatsApp-2023-11-30-ore-15.53.04_4e251b02.jpg\" data-dt-img-description=\"\" data-large_image_width=\"2048\" data-large_image_height=\"1536\"><img loading=\"lazy\" decoding=\"async\" class=\" wp-image-363939 alignleft\" src=\"https:\/\/www.radiopiu.net\/wordpress\/wp-content\/uploads\/2023\/11\/Immagine-WhatsApp-2023-11-30-ore-15.53.04_4e251b02-300x225.jpg\" alt=\"\" width=\"159\" height=\"119\" srcset=\"https:\/\/www.radiopiu.net\/wordpress\/wp-content\/uploads\/2023\/11\/Immagine-WhatsApp-2023-11-30-ore-15.53.04_4e251b02-300x225.jpg 300w, https:\/\/www.radiopiu.net\/wordpress\/wp-content\/uploads\/2023\/11\/Immagine-WhatsApp-2023-11-30-ore-15.53.04_4e251b02-1024x768.jpg 1024w, https:\/\/www.radiopiu.net\/wordpress\/wp-content\/uploads\/2023\/11\/Immagine-WhatsApp-2023-11-30-ore-15.53.04_4e251b02-768x576.jpg 768w, https:\/\/www.radiopiu.net\/wordpress\/wp-content\/uploads\/2023\/11\/Immagine-WhatsApp-2023-11-30-ore-15.53.04_4e251b02-1536x1152.jpg 1536w, https:\/\/www.radiopiu.net\/wordpress\/wp-content\/uploads\/2023\/11\/Immagine-WhatsApp-2023-11-30-ore-15.53.04_4e251b02.jpg 2048w\" sizes=\"auto, (max-width: 159px) 100vw, 159px\" \/><\/a>BELLUNO<\/strong> Confindustria Belluno Dolomiti ha donato alla Misericordia di Longarone un nuovo pullmino per il trasporto solidale. Il veicolo, attrezzato per il trasporto di persone con problemi di mobilit\u00e0, \u00e8 stato acquistato con parte dei fondi raccolti durante la pandemia, che avevano gi\u00e0 permesso donazioni cruciali come postazioni di terapia intensiva e defibrillatori. La cerimonia di consegna \u00e8 avvenuta in presenza della presidente di Confindustria Belluno Dolomiti e del governatore della Misericordia di Longarone. Questo gesto simbolico sottolinea l&#8217;importanza della collaborazione tra il mondo dell&#8217;economia e il terzo settore per un territorio inclusivo. Il nuovo mezzo contribuir\u00e0 a soddisfare le crescenti richieste di assistenza nel territorio.<\/p>\n<p>&nbsp;<\/p>\n<p>&nbsp;<\/p>\n<hr \/>\n<p>&nbsp;<\/p>\n<blockquote>\n<h3>IL TURISMO IN VENETO SUPERA LE PRESENZE DEL 2019<\/h3>\n<\/blockquote>\n<p><strong><a class=\"dt-pswp-item\" href=\"https:\/\/www.radiopiu.net\/wordpress\/wp-content\/uploads\/2021\/08\/Venezia-Piazza-San-Marco.jpg\" data-dt-img-description=\"\" data-large_image_width=\"1600\" data-large_image_height=\"1068\"><img loading=\"lazy\" decoding=\"async\" class=\" wp-image-225913 alignleft\" src=\"https:\/\/www.radiopiu.net\/wordpress\/wp-content\/uploads\/2021\/08\/Venezia-Piazza-San-Marco-300x200.jpg\" alt=\"\" width=\"188\" height=\"125\" srcset=\"https:\/\/www.radiopiu.net\/wordpress\/wp-content\/uploads\/2021\/08\/Venezia-Piazza-San-Marco-300x200.jpg 300w, https:\/\/www.radiopiu.net\/wordpress\/wp-content\/uploads\/2021\/08\/Venezia-Piazza-San-Marco-1024x684.jpg 1024w, https:\/\/www.radiopiu.net\/wordpress\/wp-content\/uploads\/2021\/08\/Venezia-Piazza-San-Marco-768x513.jpg 768w, https:\/\/www.radiopiu.net\/wordpress\/wp-content\/uploads\/2021\/08\/Venezia-Piazza-San-Marco-1536x1025.jpg 1536w, https:\/\/www.radiopiu.net\/wordpress\/wp-content\/uploads\/2021\/08\/Venezia-Piazza-San-Marco.jpg 1600w\" sizes=\"auto, (max-width: 188px) 100vw, 188px\" \/><\/a>VENEZIA<\/strong> Nei primi nove mesi del 2023, il turismo in Veneto ha mostrato una crescita significativa rispetto al periodo pre-COVID nel 2019. Con circa 17,4 milioni di arrivi (+3,6%) e 63,9 milioni di presenze (+0,4%), il Veneto si conferma un&#8217;industria turistica in ascesa. Questi dati positivi evidenziano la resilienza del settore turistico veneto, capace di reagire alla crisi e guadagnare ulteriori quote di mercato. Nonostante le sfide, come le avverse condizioni meteorologiche, il presidente Luca Zaia sottolinea l&#8217;importanza del contributo del Veneto al mercato turistico mondiale, attribuendo il successo agli sforzi degli operatori del settore, supportati dalla Regione e dalle istituzioni.<\/p>\n<p>&nbsp;<\/p>\n<p>&nbsp;<\/p>\n<hr \/>\n<p>&nbsp;<\/p>\n<h3><span style=\"color: #ff0000;\">I CONSIGLI COMUNALI IN AGORDINO<\/span><\/h3>\n<blockquote>\n<h3>A ROCCA PIETORE<\/h3>\n<\/blockquote>\n<p><strong>ROCCA PIETORE<\/strong> Consiglio comunale fiume convocato dal sindaco di Rocca Pietore Andrea De Bernardin per marted\u00ec alle 18:30. Ben 12 punti da trattare, tra questi si parler\u00e0 dell&#8217;accordo con l&#8217;Unione Montana Agordina per il servizio associato di segreteria, l&#8217;approvazione del DUP, variazioni a bilancio e due interrogazioni del gruppo di minoranza che chiedono delucidazioni sui rimborsi delle assicurazioni e a che punto sono le sistemazioni dei fabbricati comunali danneggiati da Vaia e la motivazione di una sbarra sulla destra orografica del lago di Alleghe.<\/p>\n<p>&nbsp;<\/p>\n<hr \/>\n<p>&nbsp;<\/p>\n<blockquote>\n<h3>VACCINO ANTINFLUENZALE<\/h3>\n<\/blockquote>\n<p><strong><a class=\"dt-pswp-item\" href=\"https:\/\/www.radiopiu.net\/wordpress\/wp-content\/uploads\/2018\/01\/vaccinoinfluenza.jpg\" data-dt-img-description=\"\" data-large_image_width=\"1488\" data-large_image_height=\"973\"><img loading=\"lazy\" decoding=\"async\" class=\" wp-image-42390 alignleft\" src=\"https:\/\/www.radiopiu.net\/wordpress\/wp-content\/uploads\/2018\/01\/vaccinoinfluenza-300x196.jpg\" alt=\"\" width=\"142\" height=\"93\" srcset=\"https:\/\/www.radiopiu.net\/wordpress\/wp-content\/uploads\/2018\/01\/vaccinoinfluenza-300x196.jpg 300w, https:\/\/www.radiopiu.net\/wordpress\/wp-content\/uploads\/2018\/01\/vaccinoinfluenza-768x502.jpg 768w, https:\/\/www.radiopiu.net\/wordpress\/wp-content\/uploads\/2018\/01\/vaccinoinfluenza-1024x670.jpg 1024w, https:\/\/www.radiopiu.net\/wordpress\/wp-content\/uploads\/2018\/01\/vaccinoinfluenza.jpg 1488w\" sizes=\"auto, (max-width: 142px) 100vw, 142px\" \/><\/a>BELLUNO oggi <\/strong>\u00a001\/12 FELTRE GAGGIA ore 15.30-17.30<br \/>\nLa prenotazione \u00e8 possibile: online al link: https:\/\/dolomiti.myprenota.it\/vaccinazioni, con richiesta telefonica al numero 0437-514343, con richiesta via mail scrivendo a: vaccinazioni.covid@aulss1.veneto.it Si ricorda che tutti i soggetti per i quali \u00e8 raccomandata potranno eseguire gratuitamente la vaccinazione antinfluenzale dal proprio medico di famiglia o in alcune farmacie del territorio<\/p>\n<p>&nbsp;<\/p>\n<p>&nbsp;<\/p>\n<hr \/>\n<p>&nbsp;<\/p>\n<blockquote>\n<h3>PRO LOCO DI CANALE D&#8217;AGORDO, MUSEO ALBINO LUCIANI E CASA NATALE PAPA LUCIANI<\/h3>\n<\/blockquote>\n<p><strong><a class=\"dt-pswp-item\" href=\"https:\/\/www.radiopiu.net\/wordpress\/wp-content\/uploads\/2022\/10\/Il-Musal-Museo-Albino-Luciani-3.jpg\" data-dt-img-description=\"\" data-large_image_width=\"2362\" data-large_image_height=\"1575\"><img loading=\"lazy\" decoding=\"async\" class=\" wp-image-299949 alignleft\" src=\"https:\/\/www.radiopiu.net\/wordpress\/wp-content\/uploads\/2022\/10\/Il-Musal-Museo-Albino-Luciani-3-300x200.jpg\" alt=\"\" width=\"134\" height=\"89\" srcset=\"https:\/\/www.radiopiu.net\/wordpress\/wp-content\/uploads\/2022\/10\/Il-Musal-Museo-Albino-Luciani-3-300x200.jpg 300w, https:\/\/www.radiopiu.net\/wordpress\/wp-content\/uploads\/2022\/10\/Il-Musal-Museo-Albino-Luciani-3-1024x683.jpg 1024w, https:\/\/www.radiopiu.net\/wordpress\/wp-content\/uploads\/2022\/10\/Il-Musal-Museo-Albino-Luciani-3-768x512.jpg 768w, https:\/\/www.radiopiu.net\/wordpress\/wp-content\/uploads\/2022\/10\/Il-Musal-Museo-Albino-Luciani-3-1536x1024.jpg 1536w, https:\/\/www.radiopiu.net\/wordpress\/wp-content\/uploads\/2022\/10\/Il-Musal-Museo-Albino-Luciani-3-2048x1366.jpg 2048w\" sizes=\"auto, (max-width: 134px) 100vw, 134px\" \/><\/a>CANALE D&#8217;AGORDO<\/strong> Durante i mesi di dicembre, gennaio e febbraio, il Museo Albino Luciani e la Pro Loco a Canale d&#8217;Agordo saranno aperti il venerd\u00ec, sabato e domenica dalle 9:00 alle 12:00 e dalle 15:00 alle 18:00. Dal 22 dicembre 2023 al 7 gennaio 2024, saranno aperti tutti i giorni negli stessi orari, con chiusura il 25 dicembre, il pomeriggio del 31 dicembre e la mattina del 1 gennaio. Per quanto riguarda la Casa Natale di Papa Luciani, durante dicembre sar\u00e0 aperta il venerd\u00ec, sabato e domenica dalle 10:00 alle 13:00 e dalle 15:00 alle 18:00. Dal 22 dicembre 2023 al 7 gennaio 2024, sar\u00e0 aperta tutti i giorni negli stessi orari, con chiusura il 25 dicembre, il pomeriggio del 31 dicembre e la mattina del 1 gennaio.<\/p>\n<p>&nbsp;<\/p>\n<hr \/>\n<p>&nbsp;<\/p>\n<blockquote>\n<h2>Competenze, Energia e Territori: Un Focus sullo Sviluppo Locale<\/h2>\n<\/blockquote>\n<p><em><img loading=\"lazy\" decoding=\"async\" class=\"alignleft\" src=\"https:\/\/www.radiopiu.net\/wordpress\/wp-content\/uploads\/2023\/11\/Senza-nome-156.png\" width=\"262\" height=\"142\" \/>Il 4 dicembre alle 10 in sala Luciani a Belluno, in Camera di\u00a0 Commercio, si terr\u00e0 una giornata di confronto e approfondimento sulle competenze, energie e sinergie territoriali, focalizzando l&#8217;attenzione su attori locali, conoscenze e reti.<\/em><\/p>\n<p>Dalle 10 con i saluti istituzionali diMario Pozza, Presidente della CCIAA Treviso &#8211; Belluno|Dolomiti\u00a0 &#8211; Alberto Peterle, Presidente del GAL Prealpi e Dolomiti. Giornata di conoscenza e riflessione per contribuire allo sviluppo delle competenze e all&#8217;energia dei territori locali.<\/p>\n<p>&nbsp;<\/p>\n<hr \/>\n<p>&nbsp;<\/p>\n<blockquote>\n<h3>Prima Salita di &#8220;Ultima Perla&#8221; sulla Parete Nord del Monte Agner: Impresa Epica di Bertoldo e Dellai<\/h3>\n<\/blockquote>\n<p><strong>FONTE<\/strong>: sito internet <span style=\"color: #0000ff;\"><strong><a style=\"color: #0000ff;\" href=\"http:\/\/www.mountainblog.it\/\">www.mountainblog.it<\/a><\/strong><\/span><\/p>\n<p><strong><img loading=\"lazy\" decoding=\"async\" class=\"alignleft\" src=\"https:\/\/www.radiopiu.net\/wordpress\/wp-content\/uploads\/2023\/11\/Senza-nome-158.png\" width=\"182\" height=\"117\" \/>TAIBON<\/strong> In Valle di San Lucano, la scorsa settimana, Nicola Bertoldo e Diego Dellai del Gruppo Roccia 4 Gatti hanno compiuto un&#8217;impresa straordinaria: la prima salita di una lunga via di misto sulla Parete Nord del Monte Agner (2.872 m), la cima delle Pale di San Martino. La via, chiamata &#8220;Ultima Perla&#8221;, \u00e8 gi\u00e0 considerata una delle pi\u00f9 importanti vie invernali nelle Dolomiti degli ultimi anni. I due alpinisti hanno trascorso la notte al bivacco Biasin dopo essere saliti in cima all&#8217;Agner per identificare l&#8217;accesso alla parete.\u00a0 Su Instagram, hanno condiviso la loro emozionante esperienza, definendo la via &#8220;l&#8217;ultima perla delle Dolomiti&#8221; per i loro trascorsi e la bellezza della linea. La discesa, altrettanto impegnativa, ha richiesto loro altre quattro ore.<\/p>\n<p>L&#8217;ARTICOLO COMPLETO DAL SITO MOUNTAINBLOG <span style=\"color: #0000ff;\"><strong><a style=\"color: #0000ff;\" href=\"http:\/\/www.mountainblog.it\/redazionale\/nicola-bertoldo-e-diego-dellai-aprono-una-lunga-via-di-misto-sul-monte-agner\/?utm_source=dlvr.it&amp;utm_medium=facebook\">CLICCA QUI<\/a><\/strong><\/span><\/p>\n<p>&nbsp;<\/p>\n<hr \/>\n<p>&nbsp;<\/p>\n<p>&nbsp;<\/p>\n<blockquote>\n<h1>\u00a0SIGNORI&#8230; SI SCIA!<\/h1>\n<\/blockquote>\n<p>Cortina, Civetta, 3 Cime e San Pellegrino: parte il carosello dello sci. FALCADE Apre la &#8220;VolatA&#8221;, una delle piste pi\u00f9 prestigiose delle Dolomiti, ma anche \u00a0Cima Uomo con l&#8217;omonimo rifugio. Nell&#8217;occasione Renzo Minella festeggia il primo giorno di pensione. ALLEGHE\u00a0 La ski area Civetta apre domani con quattro piste, le altre saranno attive per il ponte e dell&#8217;Immacolata. Aprir\u00e0 i battenti, sempre domani, il primo dei rifugi, il &#8220;Fontana Bona&#8221;: A seguire, da marted\u00ec, gli altri cinque del sistema, a cui si aggiungono quelli della Val Zoldana e della Val Fiorentina.<\/p>\n<p>&nbsp;<\/p>\n<blockquote>\n<h3>ski area: ALPE LUSIA _SAN PELLEGRINO_FALCADE. DA DOMANI SI SCIA!<\/h3>\n<\/blockquote>\n<p><a class=\"dt-pswp-item\" href=\"https:\/\/www.radiopiu.net\/wordpress\/wp-content\/uploads\/2021\/02\/RENZO-MINELLA.jpg\" data-dt-img-description=\"renzo minella\" data-large_image_width=\"1024\" data-large_image_height=\"682\"><img loading=\"lazy\" decoding=\"async\" class=\"size-medium wp-image-191135 alignleft\" src=\"https:\/\/www.radiopiu.net\/wordpress\/wp-content\/uploads\/2021\/02\/RENZO-MINELLA-300x200.jpg\" alt=\"\" width=\"300\" height=\"200\" srcset=\"https:\/\/www.radiopiu.net\/wordpress\/wp-content\/uploads\/2021\/02\/RENZO-MINELLA-300x200.jpg 300w, https:\/\/www.radiopiu.net\/wordpress\/wp-content\/uploads\/2021\/02\/RENZO-MINELLA-768x512.jpg 768w, https:\/\/www.radiopiu.net\/wordpress\/wp-content\/uploads\/2021\/02\/RENZO-MINELLA.jpg 1024w\" sizes=\"auto, (max-width: 300px) 100vw, 300px\" \/><\/a><strong>L&#8217;INTERVISTA DI INIZIO STAGIONE<\/strong><\/p>\n<p><strong>OSPITE A RADIOPIU<\/strong><\/p>\n<p><strong>RENZO MINELLA\u00a0<\/strong><\/p>\n<p><strong>di mirko mezzacasa<\/strong><\/p>\n<audio class=\"wp-audio-shortcode\" id=\"audio-363801-6\" preload=\"none\" style=\"width: 100%;\" controls=\"controls\"><source type=\"audio\/mpeg\" src=\"https:\/\/www.radiopiu.net\/wordpress\/wp-content\/uploads\/2023\/11\/renzo-minella-falcade-2023.mp3?_=6\" \/><a href=\"https:\/\/www.radiopiu.net\/wordpress\/wp-content\/uploads\/2023\/11\/renzo-minella-falcade-2023.mp3\">https:\/\/www.radiopiu.net\/wordpress\/wp-content\/uploads\/2023\/11\/renzo-minella-falcade-2023.mp3<\/a><\/audio>\n<p>&nbsp;<\/p>\n<hr \/>\n<p>&nbsp;<\/p>\n<p>&nbsp;<\/p>\n<h2><strong><a class=\"dt-pswp-item\" href=\"https:\/\/www.radiopiu.net\/wordpress\/wp-content\/uploads\/2022\/03\/Pordoi-sfondo-Sella-credits-Arabba-Fodom-Turismo.jpg\" data-dt-img-description=\"\" data-large_image_width=\"2000\" data-large_image_height=\"1333\"><img loading=\"lazy\" decoding=\"async\" class=\" wp-image-263994 alignleft\" src=\"https:\/\/www.radiopiu.net\/wordpress\/wp-content\/uploads\/2022\/03\/Pordoi-sfondo-Sella-credits-Arabba-Fodom-Turismo-300x200.jpg\" alt=\"\" width=\"149\" height=\"99\" srcset=\"https:\/\/www.radiopiu.net\/wordpress\/wp-content\/uploads\/2022\/03\/Pordoi-sfondo-Sella-credits-Arabba-Fodom-Turismo-300x200.jpg 300w, https:\/\/www.radiopiu.net\/wordpress\/wp-content\/uploads\/2022\/03\/Pordoi-sfondo-Sella-credits-Arabba-Fodom-Turismo-1024x682.jpg 1024w, https:\/\/www.radiopiu.net\/wordpress\/wp-content\/uploads\/2022\/03\/Pordoi-sfondo-Sella-credits-Arabba-Fodom-Turismo-768x512.jpg 768w, https:\/\/www.radiopiu.net\/wordpress\/wp-content\/uploads\/2022\/03\/Pordoi-sfondo-Sella-credits-Arabba-Fodom-Turismo-1536x1024.jpg 1536w, https:\/\/www.radiopiu.net\/wordpress\/wp-content\/uploads\/2022\/03\/Pordoi-sfondo-Sella-credits-Arabba-Fodom-Turismo.jpg 2000w\" sizes=\"auto, (max-width: 149px) 100vw, 149px\" \/><\/a><\/strong><span style=\"color: #800080;\">TUTTO PRONTO PER LA STAGIONE INVERNALE ANCHE NEL COMPRENSORIO ARABBA &#8211; FODOM<\/span><\/h2>\n<p><strong>DI MIRKO MEZZACASA<\/strong><\/p>\n<p>OSPITE: Diego De Battista, Comprensorio Arabba &#8211; Fodom<\/p>\n<audio class=\"wp-audio-shortcode\" id=\"audio-363801-7\" preload=\"none\" style=\"width: 100%;\" controls=\"controls\"><source type=\"audio\/mpeg\" src=\"https:\/\/www.radiopiu.net\/wordpress\/wp-content\/uploads\/2023\/11\/adiego-de-battista-arabba-fodom.mp3?_=7\" \/><a href=\"https:\/\/www.radiopiu.net\/wordpress\/wp-content\/uploads\/2023\/11\/adiego-de-battista-arabba-fodom.mp3\">https:\/\/www.radiopiu.net\/wordpress\/wp-content\/uploads\/2023\/11\/adiego-de-battista-arabba-fodom.mp3<\/a><\/audio>\n<p>&nbsp;<\/p>\n<p>&nbsp;<\/p>\n<hr \/>\n<p>&nbsp;<\/p>\n<p>&nbsp;<\/p>\n<h2><strong><a class=\"dt-pswp-item\" href=\"https:\/\/www.radiopiu.net\/wordpress\/wp-content\/uploads\/2021\/09\/ROBERTO-HUBER.png\" data-dt-img-description=\"\" data-large_image_width=\"1074\" data-large_image_height=\"852\"><img loading=\"lazy\" decoding=\"async\" class=\" wp-image-230861 alignleft\" src=\"https:\/\/www.radiopiu.net\/wordpress\/wp-content\/uploads\/2021\/09\/ROBERTO-HUBER-300x238.png\" alt=\"\" width=\"144\" height=\"114\" srcset=\"https:\/\/www.radiopiu.net\/wordpress\/wp-content\/uploads\/2021\/09\/ROBERTO-HUBER-300x238.png 300w, https:\/\/www.radiopiu.net\/wordpress\/wp-content\/uploads\/2021\/09\/ROBERTO-HUBER-1024x812.png 1024w, https:\/\/www.radiopiu.net\/wordpress\/wp-content\/uploads\/2021\/09\/ROBERTO-HUBER-768x609.png 768w, https:\/\/www.radiopiu.net\/wordpress\/wp-content\/uploads\/2021\/09\/ROBERTO-HUBER.png 1074w\" sizes=\"auto, (max-width: 144px) 100vw, 144px\" \/><\/a><\/strong><span style=\"color: #3366ff;\">SI APRE LA STAGIONE INVERNALE ANCHE IN ALTA BADIA<\/span><\/h2>\n<p><strong>DI MIRKO MEZZACASA<\/strong><\/p>\n<p>OSPITE: Roberto Huber, Direttore Alta Badia Brand<\/p>\n<audio class=\"wp-audio-shortcode\" id=\"audio-363801-8\" preload=\"none\" style=\"width: 100%;\" controls=\"controls\"><source type=\"audio\/mpeg\" src=\"https:\/\/www.radiopiu.net\/wordpress\/wp-content\/uploads\/2023\/11\/roberto-huber-alta-badia-2023.mp3?_=8\" \/><a href=\"https:\/\/www.radiopiu.net\/wordpress\/wp-content\/uploads\/2023\/11\/roberto-huber-alta-badia-2023.mp3\">https:\/\/www.radiopiu.net\/wordpress\/wp-content\/uploads\/2023\/11\/roberto-huber-alta-badia-2023.mp3<\/a><\/audio>\n<p>&nbsp;<\/p>\n<hr \/>\n<p>&nbsp;<\/p>\n<p>&nbsp;<\/p>\n<div class=\"page-title-head hgroup\">\n<blockquote>\n<h3 class=\"entry-title\">LA NUOVA STAGIONE NELL\u2019AREA CIVETTA, PENSANDO AL COLLEGAMENTO CON PASSO GIAU E CORTINA<\/h3>\n<\/blockquote>\n<\/div>\n<p><strong>AUDIO<\/strong><a class=\"dt-pswp-item\" href=\"https:\/\/www.radiopiu.net\/wordpress\/wp-content\/uploads\/2022\/01\/Sergio-Pra.jpg\" data-dt-img-description=\"\" data-large_image_width=\"211\" data-large_image_height=\"300\"><img loading=\"lazy\" decoding=\"async\" class=\"wp-image-253233 alignleft\" src=\"https:\/\/www.radiopiu.net\/wordpress\/wp-content\/uploads\/2022\/01\/Sergio-Pra.jpg\" alt=\"\" width=\"89\" height=\"127\" \/><\/a><\/p>\n<p>di Mirko Mezzacasa, ospite\u00a0 il riconfermato Presidente dell&#8217;Alleghe Funivie Sergio Pra Presidente. &#8220;<em>Siamo convinti, apriremo il 2&#8243;<\/em><\/p>\n<audio class=\"wp-audio-shortcode\" id=\"audio-363801-9\" preload=\"none\" style=\"width: 100%;\" controls=\"controls\"><source type=\"audio\/mpeg\" src=\"https:\/\/www.radiopiu.net\/wordpress\/wp-content\/uploads\/2023\/11\/SERGIO-PRA-2023.mp3?_=9\" \/><a href=\"https:\/\/www.radiopiu.net\/wordpress\/wp-content\/uploads\/2023\/11\/SERGIO-PRA-2023.mp3\">https:\/\/www.radiopiu.net\/wordpress\/wp-content\/uploads\/2023\/11\/SERGIO-PRA-2023.mp3<\/a><\/audio>\n<p>&nbsp;<\/p>\n<p>&nbsp;<\/p>\n<hr \/>\n<p>&nbsp;<\/p>\n<p>&nbsp;<\/p>\n<blockquote>\n<h3>MARIA RITA GENTILIN, QUINDICINALE APPUNTAMENTO ALLA RADIO<\/h3>\n<\/blockquote>\n<h3><a class=\"dt-pswp-item\" href=\"https:\/\/www.radiopiu.net\/wordpress\/wp-content\/uploads\/2020\/03\/5e7c42e0-0c98-4557-b8b9-d24caa1ae6f6.jpg\" data-dt-img-description=\"\" data-large_image_width=\"225\" data-large_image_height=\"225\"><img loading=\"lazy\" decoding=\"async\" class=\" wp-image-124296 alignleft\" src=\"https:\/\/www.radiopiu.net\/wordpress\/wp-content\/uploads\/2020\/03\/5e7c42e0-0c98-4557-b8b9-d24caa1ae6f6.jpg\" alt=\"\" width=\"123\" height=\"123\" srcset=\"https:\/\/www.radiopiu.net\/wordpress\/wp-content\/uploads\/2020\/03\/5e7c42e0-0c98-4557-b8b9-d24caa1ae6f6.jpg 225w, https:\/\/www.radiopiu.net\/wordpress\/wp-content\/uploads\/2020\/03\/5e7c42e0-0c98-4557-b8b9-d24caa1ae6f6-150x150.jpg 150w\" sizes=\"auto, (max-width: 123px) 100vw, 123px\" \/><\/a><\/h3>\n<h3>\u00a0OSPITE MARIA RITA GENTILIN<\/h3>\n<p>di mirko mezzacasa<\/p>\n<audio class=\"wp-audio-shortcode\" id=\"audio-363801-10\" preload=\"none\" style=\"width: 100%;\" controls=\"controls\"><source type=\"audio\/mpeg\" src=\"https:\/\/www.radiopiu.net\/wordpress\/wp-content\/uploads\/2020\/03\/maria-rita-gentilin-28-novembre-2023.mp3?_=10\" \/><a href=\"https:\/\/www.radiopiu.net\/wordpress\/wp-content\/uploads\/2020\/03\/maria-rita-gentilin-28-novembre-2023.mp3\">https:\/\/www.radiopiu.net\/wordpress\/wp-content\/uploads\/2020\/03\/maria-rita-gentilin-28-novembre-2023.mp3<\/a><\/audio>\n<p>&nbsp;<\/p>\n<p><a class=\"dt-pswp-item\" href=\"https:\/\/www.radiopiu.net\/wordpress\/wp-content\/uploads\/2023\/11\/386730093_1571066800098305_8280960156214140207_n.jpg\" data-dt-img-description=\"\" data-large_image_width=\"206\" data-large_image_height=\"206\"><img loading=\"lazy\" decoding=\"async\" class=\" wp-image-363848 aligncenter\" src=\"https:\/\/www.radiopiu.net\/wordpress\/wp-content\/uploads\/2023\/11\/386730093_1571066800098305_8280960156214140207_n.jpg\" alt=\"\" width=\"346\" height=\"346\" srcset=\"https:\/\/www.radiopiu.net\/wordpress\/wp-content\/uploads\/2023\/11\/386730093_1571066800098305_8280960156214140207_n.jpg 206w, https:\/\/www.radiopiu.net\/wordpress\/wp-content\/uploads\/2023\/11\/386730093_1571066800098305_8280960156214140207_n-150x150.jpg 150w\" sizes=\"auto, (max-width: 346px) 100vw, 346px\" \/><\/a><\/p>\n<p>&nbsp;<\/p>\n<hr \/>\n<p>&nbsp;<\/p>\n<h2><span style=\"color: #ff0000;\">GLI APPUNTAMENTI DELLA SETTIMANA\u00a0<\/span><\/h2>\n<blockquote>\n<h3 class=\"Standard\"><b>Mel: \u201cTra boschi e valli in fiore. La Valle del Piave nell\u2019et\u00e0 del Ferro.\u201d<\/b><\/h3>\n<\/blockquote>\n<p class=\"Standard\">Oggi nella sede del Palazzo delle Contesse di Mel alle 17 conferenza dal titolo \u201cTra boschi e valli in fiore. La Valle del Piave nell\u2019et\u00e0 del Ferro.\u201d Interverranno la dottoressa Fiorenza Bortolami, archeologa, laureata con un tesi di dottorato dal titolo &#8220;Identit\u00e0, nuclei familiari e societ\u00e0 nelle necropoli del Veneto nell&#8217;et\u00e0 del Ferro&#8221;, e la dottoressa Angela Ruta Serafini, gi\u00e0 Soprintendenza per i Beni archeologici del Veneto, nonch\u00e9, tra gli altri, direttrice scientifica del progetto di allestimento del Museo Civico Archeologico di Mel nel 1996. Ingresso libero fino ad esaurimento posti.<\/p>\n<p>&nbsp;<\/p>\n<blockquote>\n<h3><strong>&#8220;Una Serata per Ricordare&#8230;&#8221; &#8211; Il Ventiquattresimo Concerto del Coro Monti del Sole a Sedico<\/strong><\/h3>\n<\/blockquote>\n<p style=\"text-align: left;\"><a class=\"dt-pswp-item\" href=\"https:\/\/www.radiopiu.net\/wordpress\/wp-content\/uploads\/2023\/11\/coro-Monti-del-Sole.jpg\" data-dt-img-description=\"\" data-large_image_width=\"1080\" data-large_image_height=\"720\"><img loading=\"lazy\" decoding=\"async\" class=\" wp-image-363396 alignleft\" src=\"https:\/\/www.radiopiu.net\/wordpress\/wp-content\/uploads\/2023\/11\/coro-Monti-del-Sole-300x200.jpg\" alt=\"\" width=\"153\" height=\"102\" srcset=\"https:\/\/www.radiopiu.net\/wordpress\/wp-content\/uploads\/2023\/11\/coro-Monti-del-Sole-300x200.jpg 300w, https:\/\/www.radiopiu.net\/wordpress\/wp-content\/uploads\/2023\/11\/coro-Monti-del-Sole-1024x683.jpg 1024w, https:\/\/www.radiopiu.net\/wordpress\/wp-content\/uploads\/2023\/11\/coro-Monti-del-Sole-768x512.jpg 768w, https:\/\/www.radiopiu.net\/wordpress\/wp-content\/uploads\/2023\/11\/coro-Monti-del-Sole.jpg 1080w\" sizes=\"auto, (max-width: 153px) 100vw, 153px\" \/><\/a><strong>SEDICO<\/strong> Il Palaskating di Sedico si prepara ad accogliere il tradizionale appuntamento musicale &#8220;Una Serata per Ricordare&#8230;&#8221;, giunto alla ventiquattresima edizione, organizzato dal Coro Monti del Sole. Il concerto, in programma domani alle 20.45, vedr\u00e0 la partecipazione speciale del Coro Tre Pini di Padova, fondato nel 1958 da Gianni Malatesta. Oltre a rendere omaggio agli amici scomparsi e a celebrare un altro anno di attivit\u00e0, il Coro Monti del Sole guarda anche al futuro, puntando ad arricchire il proprio organico con nuove voci.<\/p>\n<p>&nbsp;<\/p>\n<blockquote>\n<h3><a class=\"dt-pswp-item\" href=\"https:\/\/www.radiopiu.net\/wordpress\/wp-content\/uploads\/2023\/11\/facciamo-rete.png\" data-dt-img-description=\"\" data-large_image_width=\"621\" data-large_image_height=\"445\"><img loading=\"lazy\" decoding=\"async\" class=\" wp-image-363597 alignleft\" src=\"https:\/\/www.radiopiu.net\/wordpress\/wp-content\/uploads\/2023\/11\/facciamo-rete-300x215.png\" alt=\"\" width=\"151\" height=\"108\" srcset=\"https:\/\/www.radiopiu.net\/wordpress\/wp-content\/uploads\/2023\/11\/facciamo-rete-300x215.png 300w, https:\/\/www.radiopiu.net\/wordpress\/wp-content\/uploads\/2023\/11\/facciamo-rete.png 621w\" sizes=\"auto, (max-width: 151px) 100vw, 151px\" \/><\/a>FACCIAMO RETE: PER L&#8217;ELIMINAZIONE DELLA VIOLENZA SULLE DONNE<\/h3>\n<\/blockquote>\n<p><strong>BELLUNO<\/strong> Domani alle 10:30 in sala Bianchi a Belluno si terr\u00e0 un convegno per l&#8217;eliminazione della violenza contro le donne dal titolo &#8220;Facciamo Rete&#8221;. Ingresso libero.<\/p>\n<p>&nbsp;<\/p>\n<p>&nbsp;<\/p>\n<blockquote>\n<h3>SANTA BARBARA CON LA QUINTA MINERARI<\/h3>\n<\/blockquote>\n<p><strong>FALCADE\u00a0<\/strong>Due giorni di festa a Falcade con la quinta minerari del Follador De Rossi di Agordo. Oggi la serata con il ballo liscio e l&#8217;orchestra Prestazione Occasionale. Domani sera dedicato ai giovani con Bisso, Morgan e Battaglia che faranno ballare i presenti fino a tarda notte.<\/p>\n<p>&nbsp;<\/p>\n<blockquote>\n<h3>SI PARLA DELLA RIFORMA DELLO SPORT A FELTRE<\/h3>\n<\/blockquote>\n<p><strong>FELTRE<\/strong> AICS incontra a Feltre i lavoratori dello sport per illustrare la riforma dello sport. Appuntamento domani alle 16 nell&#8217;Aula Magna della palazzina Bonsembiante.<\/p>\n<p>&nbsp;<\/p>\n<blockquote>\n<h3>LA PRESENTAZIONE DEL LIBRO SULLA BOTANICA<\/h3>\n<\/blockquote>\n<p><strong>BELLUNO<\/strong> Il Parco Nazionale Dolomiti Bellunesi ha pubblicato il terzo volume della collana \u201cQuaderni del museo naturalistico Dolomiti Bellunesi\u201d, dedicato alla storia della botanica nella provincia di Belluno. La presentazione del volume domani alle 18 a Palazzo Fulcis &#8211; Museo Civico di Belluno.<\/p>\n<p>&nbsp;<\/p>\n<blockquote>\n<h3>CULTURA E CREATIVITA&#8217;: LA TAVOLA ROTONDA<\/h3>\n<\/blockquote>\n<p><strong>BELLUNO<\/strong> Il 2 dicembre, dalle 17:00 alle 18:30, presso Palazzo Bembo a Belluno, si terr\u00e0 una tavola rotonda esclusiva e su invito dedicata al ruolo cruciale di cultura e creativit\u00e0 nello sviluppo dell&#8217;economia locale. Moderata da Massimo Ferigutti, Presidente della Fondazione Teatri delle Dolomiti, l&#8217;evento offrir\u00e0 momenti di riflessione e condivisione di esperienze di successo<\/p>\n<p>&nbsp;<\/p>\n<blockquote>\n<h3>DOMENICA SANTA BARBARA A SAN GREGORIO NELLE ALPI<\/h3>\n<\/blockquote>\n<p><strong>SAN GREGORIO NELLE ALPI<\/strong> Domenica a San Gregorio nelle Alpi si festeggia Santa Barbara. Alle 9:30 il raduno dei Cavalieri di Vittorio Veneto, a seguire la partenza del corteo nel Viale delle lampade spente con omaggio ai minatori scomparsi. Alle 10 la Santa Messa e a seguire la processione per le vie del paese. Alle 12 pranzo nella sede degli Alpini.<\/p>\n<p>&nbsp;<\/p>\n<blockquote>\n<h3>LA CENA DELLA CLASSE DEL 1943<\/h3>\n<\/blockquote>\n<p><strong>AGORDO<\/strong> Una giornata di festa domenica 3 dicembre per i coscritti del 1943. Alle 10 la santa messa nella chiesa arcidiaconale di Agordo, a seguire il trasferimento con mezzi propri a Voltago per ammirare il punto panoramico del San Sebatiano e la cena al ristorante Stella Alpina. Per informazioni 340 6076042 oppure 339 8546806<\/p>\n<p>&nbsp;<\/p>\n<blockquote>\n<h3>AUTUNNO A TEATRO IN COMELICO<\/h3>\n<\/blockquote>\n<p><strong>SANTO STEFANO DI CADORE<\/strong> Settimo e ultimo appuntamento della rassegna \u201cAutunno a Teatro in Comelico 2023\u201d: domenica alle 17 al Cinema Piave di S. Stefano di Cadore, andr\u00e0 in scena <em>\u201cLa scuola \u00e8 finita\u201d<\/em>, commedia delle bellunesi Bretelle Lasche, che ci far\u00e0 fare un tuffo negli anni &#8217;90 per rivivere il frizzante ambiente della scuola di allora, con un cast di attori giovanissimi e di altri pi\u00f9 rodati.<\/p>\n<h2><\/h2>\n<h2><span style=\"color: #ff0000;\">PROSSIMAMENTE<\/span><\/h2>\n<blockquote>\n<h3>EMOZIONI SOTTO L&#8217;ALBERO IN VALLE DEL BIOIS<\/h3>\n<\/blockquote>\n<p><strong>FALCADE<\/strong> L&#8217;8 e il 9 dicembre sono le date da segnare sul calendario. Torna &#8220;Emozioni Sotto L&#8217;Albero&#8221;. Venerd\u00ec 8 giochi per bambini a partire dalle 16, a seguire nutella party e alle 17:30 l&#8217;accensione dell&#8217;albero di Natale sulla Piana. Il giorno seguente il mercatino d&#8217;inverno a Caviola e a Canale D&#8217;Agordo dalle 16 passeggiata con gli asini e gli zampognari, alle 17:30 l&#8217;accensione dell&#8217;Albero di Natale con la Pro Loco.<\/p>\n<p>&nbsp;<\/p>\n<h2><span style=\"color: #ff0000;\"><a class=\"dt-pswp-item\" href=\"https:\/\/www.radiopiu.net\/wordpress\/wp-content\/uploads\/2023\/11\/th-15.jpg\" data-dt-img-description=\"\" data-large_image_width=\"269\" data-large_image_height=\"180\"><img loading=\"lazy\" decoding=\"async\" class=\" wp-image-363382 alignleft\" src=\"https:\/\/www.radiopiu.net\/wordpress\/wp-content\/uploads\/2023\/11\/th-15.jpg\" alt=\"\" width=\"184\" height=\"123\" \/><\/a><\/span><\/h2>\n<p><strong>LA STAGIONE DEL CINEMA DOLOMITI DI FALCADE:<\/strong> 7.8.9 E 10 DICEMBRE C&#8217;e&#8217; Ancora Domani, il film di Paola Cortellesi. E per Natale, tra l&#8217;altro: Santo Cielo (Ficarra e Picone), Napoleon, Wish (film di animazione della W.Disney), Improvvisamente a Natale mi sposo (dal Cadore la commedia di Abatantuono)<\/p>\n<p>ORARI: feriali alle 21, la domenica alle 15.30 e alle 21. Per informazioni contattare il 331 2700389<\/p>\n<p>&nbsp;<\/p>\n<p>&nbsp;<\/p>\n<blockquote>\n<h3>NEL CUORE DELLA MONTAGNA<\/h3>\n<\/blockquote>\n<p><strong>SANTA GIUSTINA<\/strong> La rassegna &#8220;Nel Cuore della montagna&#8221;. La seconda serata (06 dicembre) include la proiezione del documentario &#8220;Torrente Ardo: il selvaggio alle porte della citt\u00e0&#8221;. La rassegna si conclude il 13 dicembre con lo scrittore Antonio Bortoluzzi, autore di &#8220;Il saldatore del Vajont&#8221;, offrendo una nuova prospettiva sulla tragedia. Tutti gli eventi si tengono alle 20:30 presso il Centro Culturale di Santa Giustina, con ingresso libero e gratuito.<\/p>\n<p>&nbsp;<\/p>\n<blockquote>\n<h3>IL CONCERTO PER IL 40ESIMO DEL CORO POLIFONICO DI TRICHIANA<\/h3>\n<\/blockquote>\n<p><strong>BORGO VALBELLUNA <\/strong>Sabato 9 dicembre alle 20:30 nella Chiesa arcipretale di Trichiana il concerto per festeggiare i 40 anni del Coro Polifonico.<\/p>\n<p>&nbsp;<\/p>\n<blockquote>\n<h3 class=\"entry-title\">EVENTI PER I 40 ANNI DEL CENTRO INTERNAZIONALE DEL LIBRO PARLATO \u201cA. SERNAGIOTTO\u201d<\/h3>\n<\/blockquote>\n<div><\/div>\n<div class=\"articlePlainText\"><strong class=\"photoswipe-wrapper\"><a class=\"dt-pswp-item pspw-wrap-ready\" href=\"https:\/\/www.radiopiu.net\/wordpress\/wp-content\/uploads\/2023\/11\/1f9b39ac-7445-4292-9e66-746ed8bde8d9.jpg\" data-dt-img-description=\"\" data-large_image_width=\"800\" data-large_image_height=\"1067\"><img loading=\"lazy\" decoding=\"async\" class=\" wp-image-360368 alignleft\" src=\"https:\/\/www.radiopiu.net\/wordpress\/wp-content\/uploads\/2023\/11\/1f9b39ac-7445-4292-9e66-746ed8bde8d9-225x300.jpg\" sizes=\"auto, (max-width: 182px) 100vw, 182px\" srcset=\"https:\/\/www.radiopiu.net\/wordpress\/wp-content\/uploads\/2023\/11\/1f9b39ac-7445-4292-9e66-746ed8bde8d9-225x300.jpg 225w, https:\/\/www.radiopiu.net\/wordpress\/wp-content\/uploads\/2023\/11\/1f9b39ac-7445-4292-9e66-746ed8bde8d9-768x1024.jpg 768w, https:\/\/www.radiopiu.net\/wordpress\/wp-content\/uploads\/2023\/11\/1f9b39ac-7445-4292-9e66-746ed8bde8d9.jpg 800w\" alt=\"\" width=\"105\" height=\"140\" \/><\/a>FELTRE<\/strong> Gli eventi in programma per celebrare i 40 anni del Libro Parlato di Feltre \u201cA. Sernagiotto\u201d.<\/div>\n<p><strong>SABATO 9 DICEMBRE\u00a0<\/strong>alle 18 in Sala Ocri Letture ad alta voce dedicate a Italo Calvino con Fabio Dalla Zuanna e Anna Branciforti<\/p>\n<p><strong>LUNEDI 18 DICEMBRE\u00a0<\/strong>alle 18 in Sala Ocri Flavio Faoro: da Oltre le vette ai racconti e alle fiabe, presenta Luisa Alchini. Letture ad alta voce del gruppo Libri Parlanti<\/p>\n<p><strong>VENERDI 22 DICEMBRE\u00a0<\/strong>alle 18 in Sala Ocri Presentazione del libro \u201cIl saldatore del Vajont\u201d con l\u2019autore Antonio G. Bortoluzzi \u2013 presenta Nicola Maccagnan<\/p>\n<p>&nbsp;<\/p>\n<blockquote>\n<h3>SETE D&#8217;AFRICA: INIZIATIVA CULTURALE BENEFICA CON ROBERTO SORAMAE&#8217; IL 15 DICEMBRE<\/h3>\n<\/blockquote>\n<p><strong><a class=\"dt-pswp-item\" href=\"https:\/\/www.radiopiu.net\/wordpress\/wp-content\/uploads\/2023\/11\/ef1c9bef-3a68-4a70-bbc5-fc72afe31a76.jpg\" data-dt-img-description=\"\" data-large_image_width=\"1141\" data-large_image_height=\"1600\"><img loading=\"lazy\" decoding=\"async\" class=\" wp-image-363467 alignleft\" src=\"https:\/\/www.radiopiu.net\/wordpress\/wp-content\/uploads\/2023\/11\/ef1c9bef-3a68-4a70-bbc5-fc72afe31a76-214x300.jpg\" alt=\"\" width=\"142\" height=\"199\" srcset=\"https:\/\/www.radiopiu.net\/wordpress\/wp-content\/uploads\/2023\/11\/ef1c9bef-3a68-4a70-bbc5-fc72afe31a76-214x300.jpg 214w, https:\/\/www.radiopiu.net\/wordpress\/wp-content\/uploads\/2023\/11\/ef1c9bef-3a68-4a70-bbc5-fc72afe31a76-730x1024.jpg 730w, https:\/\/www.radiopiu.net\/wordpress\/wp-content\/uploads\/2023\/11\/ef1c9bef-3a68-4a70-bbc5-fc72afe31a76-768x1077.jpg 768w, https:\/\/www.radiopiu.net\/wordpress\/wp-content\/uploads\/2023\/11\/ef1c9bef-3a68-4a70-bbc5-fc72afe31a76-1095x1536.jpg 1095w, https:\/\/www.radiopiu.net\/wordpress\/wp-content\/uploads\/2023\/11\/ef1c9bef-3a68-4a70-bbc5-fc72afe31a76.jpg 1141w\" sizes=\"auto, (max-width: 142px) 100vw, 142px\" \/><\/a>SOSPIROLO<\/strong><\/p>\n<p>DI ROBERTO BONA<\/p>\n<audio class=\"wp-audio-shortcode\" id=\"audio-363801-11\" preload=\"none\" style=\"width: 100%;\" controls=\"controls\"><source type=\"audio\/mpeg\" src=\"https:\/\/www.radiopiu.net\/wordpress\/wp-content\/uploads\/2023\/11\/BONA-SERATA-ROBERTO-SORAMAE-SCAD-15-DICEMBRE.mp3?_=11\" \/><a href=\"https:\/\/www.radiopiu.net\/wordpress\/wp-content\/uploads\/2023\/11\/BONA-SERATA-ROBERTO-SORAMAE-SCAD-15-DICEMBRE.mp3\">https:\/\/www.radiopiu.net\/wordpress\/wp-content\/uploads\/2023\/11\/BONA-SERATA-ROBERTO-SORAMAE-SCAD-15-DICEMBRE.mp3<\/a><\/audio>\n<p>&nbsp;<\/p>\n<blockquote>\n<h3>L&#8217;ULTIMA VIA DI RICCARDO BEE, IL FILM<\/h3>\n<\/blockquote>\n<p><em>&#8220;Partiva per tre o quattro giorni, da solo. Sapevamo che viveva esperienze estreme, ma quando tornava era come se nulla fosse accaduto, le teneva in gran parte per s\u00e9&#8221;<\/em><\/p>\n<p><strong>SABATO 16 DICEMBRE, ALLE 20.30 IN SALA DON TAMIS<\/strong><br \/>\nIL FILM SARA&#8217; PRESENTATO DAL REGISTA EMANUELE CONFORTIN, MODERATORE DELLA SERATA GIANPAOLO SORATROI. DAL TRENTO FILM FESTIVAL AD AGORDO, &#8220;L&#8217;ULTIMA VIA DI RICCARDO BEE&#8221;, PER INIZIATIVA DEL COMUNE DI AGORDO<\/p>\n<p><a class=\"dt-pswp-item\" href=\"https:\/\/www.radiopiu.net\/wordpress\/wp-content\/uploads\/2023\/11\/196c380b-4f41-40fe-b60e-025662cd56ca.jpg\" data-dt-img-description=\"\" data-large_image_width=\"1131\" data-large_image_height=\"1600\"><img loading=\"lazy\" decoding=\"async\" class=\"size-medium wp-image-362712 aligncenter\" src=\"https:\/\/www.radiopiu.net\/wordpress\/wp-content\/uploads\/2023\/11\/196c380b-4f41-40fe-b60e-025662cd56ca-212x300.jpg\" alt=\"\" width=\"212\" height=\"300\" srcset=\"https:\/\/www.radiopiu.net\/wordpress\/wp-content\/uploads\/2023\/11\/196c380b-4f41-40fe-b60e-025662cd56ca-212x300.jpg 212w, https:\/\/www.radiopiu.net\/wordpress\/wp-content\/uploads\/2023\/11\/196c380b-4f41-40fe-b60e-025662cd56ca-724x1024.jpg 724w, https:\/\/www.radiopiu.net\/wordpress\/wp-content\/uploads\/2023\/11\/196c380b-4f41-40fe-b60e-025662cd56ca-768x1086.jpg 768w, https:\/\/www.radiopiu.net\/wordpress\/wp-content\/uploads\/2023\/11\/196c380b-4f41-40fe-b60e-025662cd56ca-1086x1536.jpg 1086w, https:\/\/www.radiopiu.net\/wordpress\/wp-content\/uploads\/2023\/11\/196c380b-4f41-40fe-b60e-025662cd56ca.jpg 1131w\" sizes=\"auto, (max-width: 212px) 100vw, 212px\" \/><\/a><\/p>\n<p>&nbsp;<\/p>\n<p>&nbsp;<\/p>\n<p>&nbsp;<\/p>\n<hr \/>\n<p>&nbsp;<\/p>\n<div class=\"message spoilers-container\" dir=\"auto\">\n<div class=\"column\">\n<div class=\"message spoilers-container\" dir=\"auto\">\n<div class=\"column\">\n<p><img loading=\"lazy\" decoding=\"async\" class=\"aligncenter wp-image-61954 size-full\" src=\"https:\/\/www.radiopiu.net\/wordpress\/wp-content\/uploads\/2018\/09\/viabilita.jpeg\" sizes=\"auto, (max-width: 800px) 100vw, 800px\" srcset=\"https:\/\/www.radiopiu.net\/wordpress\/wp-content\/uploads\/2018\/09\/viabilita.jpeg 800w, https:\/\/www.radiopiu.net\/wordpress\/wp-content\/uploads\/2018\/09\/viabilita-300x38.jpeg 300w, https:\/\/www.radiopiu.net\/wordpress\/wp-content\/uploads\/2018\/09\/viabilita-768x96.jpeg 768w\" alt=\"\" width=\"800\" height=\"100\" \/><\/p>\n<\/div>\n<\/div>\n<div class=\"message spoilers-container\" dir=\"auto\">\n<div class=\"column\">\n<p>&nbsp;<\/p>\n<blockquote>\n<h3 class=\"entry-title\">PER DIGONERA: 563 CHIUSA FINO ALL\u2019IMMACOLATA<\/h3>\n<\/blockquote>\n<p><strong>REDAZIONE<\/strong> Correndo per battere anche la stagione fredda i lavori proseguono tra Saviner di Rocca Pietore e Digonera, impongono la chiusura della strada ormai da tempo, la nuova ordinanza la proroga fino alle 16.15 del 7 dicembre. Dunque interdizione totale in entrambi i sensi di marcia dalle 7.45 alle 16.15 dal lunedi al venerdi, negli altri orari senso unico alternato e limite di velocit\u00e0 a 30 chilometri orari<\/p>\n<p>&nbsp;<\/p>\n<p>&nbsp;<\/p>\n<\/div>\n<\/div>\n<\/div>\n<\/div>\n<blockquote class=\"wp-embedded-content\" data-secret=\"UvEMsCpPQe\"><p><a href=\"https:\/\/www.radiopiu.net\/wordpress\/viabilita\/\">viabilita<\/a><\/p><\/blockquote>\n<p><iframe loading=\"lazy\" class=\"wp-embedded-content\" sandbox=\"allow-scripts\" security=\"restricted\" style=\"position: absolute; clip: rect(1px, 1px, 1px, 1px);\" title=\"&#8220;viabilita&#8221; &#8212; Radio Pi\u00f9\" src=\"https:\/\/www.radiopiu.net\/wordpress\/viabilita\/embed\/#?secret=IMBedN6mck#?secret=UvEMsCpPQe\" data-secret=\"UvEMsCpPQe\" width=\"600\" height=\"338\" frameborder=\"0\" marginwidth=\"0\" marginheight=\"0\" scrolling=\"no\"><\/iframe><\/p>\n<div class=\"message spoilers-container\" dir=\"auto\">\n<div class=\"column\">\n<div class=\"message spoilers-container\" dir=\"auto\">\n<div class=\"column\">\n<div>\n<div dir=\"ltr\">\n<div class=\"gmail_quote\">\n<div dir=\"ltr\">\n<div><\/div>\n<div><\/div>\n<\/div>\n<\/div>\n<\/div>\n<\/div>\n<hr \/>\n<p>&nbsp;<\/p>\n<p><a class=\"dt-pswp-item\" href=\"https:\/\/www.radiopiu.net\/wordpress\/wp-content\/uploads\/2018\/09\/WhatsApp-Image-2018-09-20-at-16.04.06.jpeg\" data-dt-img-description=\"\" data-large_image_width=\"800\" data-large_image_height=\"100\"><img loading=\"lazy\" decoding=\"async\" class=\"wp-image-61378 size-full aligncenter\" src=\"https:\/\/www.radiopiu.net\/wordpress\/wp-content\/uploads\/2018\/09\/WhatsApp-Image-2018-09-20-at-16.04.06.jpeg\" alt=\"\" width=\"800\" height=\"100\" srcset=\"https:\/\/www.radiopiu.net\/wordpress\/wp-content\/uploads\/2018\/09\/WhatsApp-Image-2018-09-20-at-16.04.06.jpeg 800w, https:\/\/www.radiopiu.net\/wordpress\/wp-content\/uploads\/2018\/09\/WhatsApp-Image-2018-09-20-at-16.04.06-300x38.jpeg 300w, https:\/\/www.radiopiu.net\/wordpress\/wp-content\/uploads\/2018\/09\/WhatsApp-Image-2018-09-20-at-16.04.06-768x96.jpeg 768w\" sizes=\"auto, (max-width: 800px) 100vw, 800px\" \/><\/a><\/p>\n<\/div>\n<\/div>\n<\/div>\n<\/div>\n<p><center><\/center>&nbsp;<\/p>\n<p><center><\/center><center><\/center><b>OGGI <\/b>Molto nuvoloso o coperto ovunque. <b>\u00a0<\/b>Precipitazioni probabili durante tutta la giornata, deboli o molto deboli al mattino su Dolomiti, a tratti moderate su Prealpi, in intensificazione ovunque nel pomeriggio\/sera, anche con rovesci. Limite neve su Prealpi confinato alle cime pi\u00f9 elevate durante i rovesci pi\u00f9 intensi, su Dolomiti in rialzo al mattino fin attorno i 2000 m, in possibile calo dalla sera.<\/p>\n<hr \/>\n<p><center><\/center><b>DOMANI: <\/b>Molto nuvoloso o coperto con qualche irregolare schiarita a partire da Dolomiti in serata. Tra notte e mattino probabili precipitazioni diffuse moderate anche sottoforma di rovescio in graduale attenuazione a partire dal pomeriggio\/sera quando saranno sparse e pi\u00f9 probabili sottoforma di rovescio su Prealpi. Tendenza ad esaurimento dei fenomeni dalla tarda serata. Limite neve in graduale deciso calo dapprima su Dolomiti pi\u00f9 tardi anche su Prealpi, fino attorno gli 800- 1000 m ma possibile a fondovalle su Dolomiti nel pomeriggio.<\/p>\n<hr \/>\n<p>&nbsp;<\/p>\n<p><center><\/center><strong>DOMENICA<\/strong> Cielo sereno con aria tersa ed ottima visibilit\u00e0. Temperature in generale ulteriore calo, anche sensibile le minime.<\/p>\n<hr \/>\n<p><center><\/center><strong>LUNEDI<\/strong> Fino al primo mattino sereno o poco nuvoloso, a seguire nubi medio-alte in arrivo da ovest fino a nuvoloso o molto nuvoloso nel pomeriggio ed in serata quando non sono del tutto escluse debolissime nevicate. Temperature minime in calo, massime stazionarie.<\/p>\n<p>&nbsp;<\/p>\n<div class=\"message spoilers-container\" dir=\"auto\">\n<hr \/>\n<p>&nbsp;<\/p>\n<p><img loading=\"lazy\" decoding=\"async\" class=\"wp-image-60761 size-full aligncenter\" src=\"https:\/\/www.radiopiu.net\/wordpress\/wp-content\/uploads\/2018\/09\/sport.jpg\" alt=\"\" width=\"800\" height=\"100\" srcset=\"https:\/\/www.radiopiu.net\/wordpress\/wp-content\/uploads\/2018\/09\/sport.jpg 800w, https:\/\/www.radiopiu.net\/wordpress\/wp-content\/uploads\/2018\/09\/sport-300x38.jpg 300w, https:\/\/www.radiopiu.net\/wordpress\/wp-content\/uploads\/2018\/09\/sport-768x96.jpg 768w\" sizes=\"auto, (max-width: 800px) 100vw, 800px\" \/><\/p>\n<p><span style=\"color: #0000ff;\"><strong>\u00a0\u00a0<\/strong><\/span><\/p>\n<p><span style=\"color: #0000ff;\"><strong>HOCKEY SU GHIACCIO<\/strong><\/span><\/p>\n<blockquote>\n<h3>L&#8217;ALLEGHE VINCE AI RIGORI CON IL FIEMME, FELTRE SORNIONE CHE VINCE CON IL PERGINE<\/h3>\n<\/blockquote>\n<p><strong><a class=\"dt-pswp-item\" href=\"https:\/\/www.radiopiu.net\/wordpress\/wp-content\/uploads\/2022\/01\/HOCKEY-2022.jpg\" data-dt-img-description=\"\" data-large_image_width=\"1920\" data-large_image_height=\"1280\"><img loading=\"lazy\" decoding=\"async\" class=\" wp-image-255780 alignleft\" src=\"https:\/\/www.radiopiu.net\/wordpress\/wp-content\/uploads\/2022\/01\/HOCKEY-2022-300x200.jpg\" alt=\"\" width=\"195\" height=\"130\" srcset=\"https:\/\/www.radiopiu.net\/wordpress\/wp-content\/uploads\/2022\/01\/HOCKEY-2022-300x200.jpg 300w, https:\/\/www.radiopiu.net\/wordpress\/wp-content\/uploads\/2022\/01\/HOCKEY-2022-1024x683.jpg 1024w, https:\/\/www.radiopiu.net\/wordpress\/wp-content\/uploads\/2022\/01\/HOCKEY-2022-768x512.jpg 768w, https:\/\/www.radiopiu.net\/wordpress\/wp-content\/uploads\/2022\/01\/HOCKEY-2022-1536x1024.jpg 1536w, https:\/\/www.radiopiu.net\/wordpress\/wp-content\/uploads\/2022\/01\/HOCKEY-2022.jpg 1920w\" sizes=\"auto, (max-width: 195px) 100vw, 195px\" \/><\/a>di Marco Gaz<\/strong><\/p>\n<p><span style=\"color: #ff0000;\"><strong>SEDICESIMA GIORNATA IHL<\/strong><\/span><\/p>\n<p><strong>ALLEGHE \u2013 FIEMME 6-5 dtr<\/strong><\/p>\n<p>PARZIALI: 2-0, 2-2, 1-3, 0-0, 0-1<\/p>\n<p>GOL: Pt. 4\u201957\u201d Makela, 17\u201916\u201d De Val. St. 7\u201944\u201d Covi, 12\u201903\u201d Makela, 14\u201920\u201d Vanzetta, 19\u201912\u201d Martini. Tt. 0\u201952\u201d Moucka, 12\u201928\u201d Pisetta, 16\u201931\u201d Zherdev, 17\u201930\u201d Nicolao. Rig. Makela, A. Vinatzer, Nicolai<\/p>\n<p>Sono i tiri di rigore che regalano il punto supplementare al\u2019Alleghe dopo una partita combattuta dove per ben cinque volte le civette sono passate in vantaggio per poi farsi riprendere da un Fiemme mai domo. Al De Toni emozioni a non finire ma costano caro le penalit\u00e0 agli alleghesi dove subiscono 4 dei 5 gol. Ora la testa a sabato sera quando gli agordini giocheranno in trasferta con il fanalino di coda Dobbiaco.<\/p>\n<p>Il Fiemme inizia a spingere fin dalle prime battute ma Scola \u00e8 attento e salva il risultato. Alla prima vera azione gli alleghesi passano in vantaggio. Ci pensa Makela a colpire nel segno dopo uno splendido assist di Zherdev. Le civette prendono coraggio e continuano a farsi pericolose dalle parti della gabbia trentina. La partita \u00e8 vivace e le squadre danno spettacolo. A fare la differenza sono i portieri. La prima frazione si chiude con la seconda rete agordina a firma di De Val. nel drittel centrale le squadre continuano a lottare e i trentini si avvicinano alla rete. All\u2019ennesimo powerplay a favore, il Fiemme accorcia le distanze con Covi. Dopo una serie di conclusioni andate a vuoto, l\u2019Alleghe porta a tre le marcature. \u00c8 ancora Makela che mette la firma al tabellino con un rasoterra imprendibile per il golie trentino. Ma il Fiemme risponde di nuovo, ancora una volta con l\u2019uomo in pi\u00f9. Questa volta \u00e8 Vanzetta che accorcia di nuovo le distanze. Ma prima della seconda pausa gli agordini calano il poker con Martini che coglie un assist d\u2019oro per infilare il puck alle spalle di Laurin. A punire la squadra allenata da Scapinello \u00e8 l\u2019ennesima penalit\u00e0 con gli ospiti che accorciano di nuovo le distanze. Gli agordini schiacciano in difesa i trentini ma non riescono a trovare il gol. Match in bilico tanto che a 7\u2019 dal termine il Fiemme pareggia i conti. Civette che non demordono e con Zherdev tornano di nuovo in vantaggio. Ultimi minuti al cardiopalma con il Fiemme cin attacco che trova di nuovo il pareggio. \u00a0Si va all\u2019overtime ma il punteggio non si sblocca. Ai tiri di rigore le civette hanno la meglio portando a casa il punto supplementare.<\/p>\n<p><strong>PERGINE \u2013 FELTRE 1-3<\/strong><\/p>\n<p>PARZIALI: 0-0, 1-0, 0-3<\/p>\n<p>GOL: St. 7\u201927\u201d Bitetto. Tt. 14\u201901\u201d Boschet, 18\u201927\u201d Eruzione, 19\u201914\u201d Nimenko<\/p>\n<p>Un Feltre sornione espugna lo stadio di Pergine dopo un terzo tempo magistrale. I picchi conquistano 3 punti contro la terza forza del campionato. Padroni di casa che hanno tenuto in mano la sfida per poi crollare nel finale e lasciare ai feltrini la sfida.\u00a0 Primi minuti di gara con i padroni di casa che prendono di mira la porta feltrina senza per\u00f2 a sbloccare il punteggio. Un vero e proprio assedio delle Linci con il Feltre che prova a rispondere ma senza risultati e si va al riposo a reti inviolate. La trama della partita non cambia nel secondo tempo e il Pergine sblocca la partita con Bitetto. Picchi che subiscono le incursioni dei padroni di casa ma si difendono con le unghie. Feltrini che si svegliano nel terzo tempo e pareggiano i conti con Boschet. Nel finale i picchi spingono fino a portare a casa la partita con il gol di Eruzione e Nimenko<\/p>\n<p><strong>LA CLASSIFICA:\u00a0<\/strong>Caldaro 42, Varese 33, Pergine 32, Appiano 27, Feltre 26, \u00a0Alleghe 24, Fiemme e \u00a0Como 18, Bressanone 10, Valpellice 7, \u00a0Dobbiaco 3<\/p>\n<p>&nbsp;<\/p>\n<p><span style=\"color: #0000ff;\"><strong>NUOTO<\/strong><\/span><\/p>\n<blockquote>\n<h3>Successo per Tullio Franceschini ai Campionati Europei di Nuoto Master a Madeira<\/h3>\n<\/blockquote>\n<p><strong><a class=\"dt-pswp-item\" href=\"https:\/\/www.radiopiu.net\/wordpress\/wp-content\/uploads\/2023\/11\/Franceschini_in_Portogallo.jpg\" data-dt-img-description=\"\" data-large_image_width=\"879\" data-large_image_height=\"942\"><img loading=\"lazy\" decoding=\"async\" class=\"wp-image-363890 alignleft\" src=\"https:\/\/www.radiopiu.net\/wordpress\/wp-content\/uploads\/2023\/11\/Franceschini_in_Portogallo-280x300.jpg\" alt=\"\" width=\"151\" height=\"162\" srcset=\"https:\/\/www.radiopiu.net\/wordpress\/wp-content\/uploads\/2023\/11\/Franceschini_in_Portogallo-280x300.jpg 280w, https:\/\/www.radiopiu.net\/wordpress\/wp-content\/uploads\/2023\/11\/Franceschini_in_Portogallo-768x823.jpg 768w, https:\/\/www.radiopiu.net\/wordpress\/wp-content\/uploads\/2023\/11\/Franceschini_in_Portogallo.jpg 879w\" sizes=\"auto, (max-width: 151px) 100vw, 151px\" \/><\/a>BELLUNO<\/strong> Tullio Franceschini, rappresentante di Sportivamente Belluno, ha ottenuto un notevole quarto posto nella categoria 3 chilometri in acque libere ai Campionati Europei di Nuoto Master a Madeira, Portogallo. Nonostante il successo sportivo, Franceschini considera la competizione una priorit\u00e0 secondaria. Definendosi un &#8220;cittadino del mondo&#8221;, partecipa alle gare per esplorare nuovi luoghi e rivedere quelli amati. Il suo approccio alle competizioni \u00e8 guidato dalla curiosit\u00e0 e dalla conoscenza piuttosto che dalla ricerca della vittoria. L&#8217;esperienza a Madeira \u00e8 stata stimolante, con Franceschini che elogia l&#8217;isola per la sua bellezza naturale, la popolazione accogliente e l&#8217;ambiente ancora intatto dal turismo. Oltre alla competizione, ha apprezzato il mare pulito e la ricca vita marina. Franceschini enfatizza l&#8217;importanza della costanza nello sport e sottolinea che per lui, lo sport \u00e8 principalmente relazioni, salute e divertimento, con la competizione in secondo piano. Il nuotatore mira a arricchire la propria esperienza umana e culturale attraverso le sue partecipazioni sportive, come evidenziato dal suo viaggio in Portogallo.<\/p>\n<div class=\"flex-1 overflow-hidden\">\n<div class=\"react-scroll-to-bottom--css-ltpjk-79elbk h-full\">\n<div class=\"react-scroll-to-bottom--css-ltpjk-1n7m0yu\">\n<div class=\"flex flex-col pb-9 text-sm\">\n<div class=\"w-full text-token-text-primary\" data-testid=\"conversation-turn-26\">\n<div class=\"px-4 py-2 justify-center text-base md:gap-6 md:py-6 m-auto\">\n<div class=\"flex flex-1 text-base mx-auto gap-3 md:px-5 lg:px-1 xl:px-5 md:max-w-3xl lg:max-w-[40rem] xl:max-w-[48rem] } group final-completion\">\n<div class=\"relative flex w-full flex-col lg:w-[calc(100%-115px)] agent-turn\">\n<div class=\"flex-col gap-1 md:gap-3\">\n<div class=\"mt-1 flex justify-start gap-3 empty:hidden\">\n<div class=\"text-gray-400 flex self-end lg:self-center justify-center lg:justify-start mt-0 gap-1 visible\">\n<div class=\"flex gap-1\"><\/div>\n<\/div>\n<\/div>\n<\/div>\n<\/div>\n<\/div>\n<\/div>\n<\/div>\n<\/div>\n<\/div>\n<\/div>\n<\/div>\n<\/div>\n","protected":false},"excerpt":{"rendered":"<p>***** &nbsp; \u00a0QUESTURA DI BELLUNO OGGI\u00a0 A Belluno alle 11.15, presso la Questura, verr\u00e0 inaugurata la &#8220;sala ascolto vittime vulnerabili&#8221;.\u00a0 &nbsp; &nbsp; &nbsp; \u00a0 i podcast informativi del mattino LA RASSEGNA STAMPA NAZIONALE ALLA RADIO, OGNI GIORNO ALLE 5 E ALLE 6 DEL MATTINO viene pubblicata alle 6.00 DIRETTA RADIO\u00a0 DI STEFANO FAMA\u00a0 \u00a0 Nordio&hellip;<\/p>\n","protected":false},"author":4,"featured_media":363893,"comment_status":"closed","ping_status":"closed","sticky":false,"template":"","format":"standard","meta":{"_monsterinsights_skip_tracking":false,"_monsterinsights_sitenote_active":false,"_monsterinsights_sitenote_note":"","_monsterinsights_sitenote_category":0,"footnotes":""},"categories":[51,86,49],"tags":[],"class_list":["post-363801","post","type-post","status-publish","format-standard","has-post-thumbnail","hentry","category-evidenza-top","category-gr","category-news-18","category-51","category-86","category-49","description-off"],"img_url":"https:\/\/www.radiopiu.net\/wordpress\/wp-content\/uploads\/2023\/11\/Senza-nome-157.png","_links":{"self":[{"href":"https:\/\/www.radiopiu.net\/wordpress\/wp-json\/wp\/v2\/posts\/363801","targetHints":{"allow":["GET"]}}],"collection":[{"href":"https:\/\/www.radiopiu.net\/wordpress\/wp-json\/wp\/v2\/posts"}],"about":[{"href":"https:\/\/www.radiopiu.net\/wordpress\/wp-json\/wp\/v2\/types\/post"}],"author":[{"embeddable":true,"href":"https:\/\/www.radiopiu.net\/wordpress\/wp-json\/wp\/v2\/users\/4"}],"replies":[{"embeddable":true,"href":"https:\/\/www.radiopiu.net\/wordpress\/wp-json\/wp\/v2\/comments?post=363801"}],"version-history":[{"count":0,"href":"https:\/\/www.radiopiu.net\/wordpress\/wp-json\/wp\/v2\/posts\/363801\/revisions"}],"wp:featuredmedia":[{"embeddable":true,"href":"https:\/\/www.radiopiu.net\/wordpress\/wp-json\/wp\/v2\/media\/363893"}],"wp:attachment":[{"href":"https:\/\/www.radiopiu.net\/wordpress\/wp-json\/wp\/v2\/media?parent=363801"}],"wp:term":[{"taxonomy":"category","embeddable":true,"href":"https:\/\/www.radiopiu.net\/wordpress\/wp-json\/wp\/v2\/categories?post=363801"},{"taxonomy":"post_tag","embeddable":true,"href":"https:\/\/www.radiopiu.net\/wordpress\/wp-json\/wp\/v2\/tags?post=363801"}],"curies":[{"name":"wp","href":"https:\/\/api.w.org\/{rel}","templated":true}]}}