{"id":363813,"date":"2023-11-30T05:23:05","date_gmt":"2023-11-30T04:23:05","guid":{"rendered":"https:\/\/www.radiopiu.net\/wordpress\/?p=363813"},"modified":"2023-11-30T06:15:53","modified_gmt":"2023-11-30T05:15:53","slug":"presepi-dei-colmiei-parte-la-quarta-edizione","status":"publish","type":"post","link":"https:\/\/www.radiopiu.net\/wordpress\/presepi-dei-colmiei-parte-la-quarta-edizione\/","title":{"rendered":"Presepi dei Colmiei: parte la quarta edizione"},"content":{"rendered":"<h2 class=\"articlePlainTitle\">***<\/h2>\n<div class=\"articlePlainText\">\n<h2 class=\"articlePlainTitle\"><a class=\"dt-pswp-item\" href=\"https:\/\/www.radiopiu.net\/wordpress\/wp-content\/uploads\/2023\/10\/CANALE-DAGORDO.jpg\" data-dt-img-description=\"\" data-large_image_width=\"1280\" data-large_image_height=\"720\"><img loading=\"lazy\" decoding=\"async\" class=\" wp-image-355525 alignleft\" src=\"https:\/\/www.radiopiu.net\/wordpress\/wp-content\/uploads\/2023\/10\/CANALE-DAGORDO-300x169.jpg\" alt=\"\" width=\"217\" height=\"122\" srcset=\"https:\/\/www.radiopiu.net\/wordpress\/wp-content\/uploads\/2023\/10\/CANALE-DAGORDO-300x169.jpg 300w, https:\/\/www.radiopiu.net\/wordpress\/wp-content\/uploads\/2023\/10\/CANALE-DAGORDO-1024x576.jpg 1024w, https:\/\/www.radiopiu.net\/wordpress\/wp-content\/uploads\/2023\/10\/CANALE-DAGORDO-768x432.jpg 768w, https:\/\/www.radiopiu.net\/wordpress\/wp-content\/uploads\/2023\/10\/CANALE-DAGORDO.jpg 1280w\" sizes=\"auto, (max-width: 217px) 100vw, 217px\" \/><\/a><\/h2>\n<p><strong>CANALE D&#8217;AGORDO<\/strong> Pronta a partire la quarta edizione della rassegna &#8220;I presepi dei Colmiei&#8221; organizzato dalla Pro loco di Canale.<\/div>\n<div class=\"articlePlainText\">L&#8217;invito dell&#8217;associazione, rivolto a &#8220;Colmiei e Vile&#8221;, \u00e8 quello a realizzare un presepe caratteristico che rappresenti lo spirito della comunit\u00e0, mettendo a frutto creativit\u00e0 e gusto personale. Meglio ancora se ad allestire i presepi saranno gruppi di vicini di casa: i Colmi\u00e9i erano, infatti, proprio i quartieri in cui una volta era suddiviso il borgo.<\/div>\n<div class=\"articlePlainText\">Le opere realizzate vanno quindi segnalate alla Pro loco entro entro il 10 dicembre telefonando allo 0437 1948001 o scrivendo una mail a info@prolococanale.it. Verr\u00e0 dunque realizzato un percorso di visita e sar\u00e0 indetto un concorso.\u00a0\u2014<\/div>\n<div><\/div>\n<div><\/div>\n<div><\/div>\n<div>\n<hr \/>\n<\/div>\n<p>&nbsp;<\/p>\n","protected":false},"excerpt":{"rendered":"<p>*** CANALE D&#8217;AGORDO Pronta a partire la quarta edizione della rassegna &#8220;I presepi dei Colmiei&#8221; organizzato dalla Pro loco di Canale. L&#8217;invito dell&#8217;associazione, rivolto a &#8220;Colmiei e Vile&#8221;, \u00e8 quello a realizzare un presepe caratteristico che rappresenti lo spirito della comunit\u00e0, mettendo a frutto creativit\u00e0 e gusto personale. Meglio ancora se ad allestire i presepi&hellip;<\/p>\n","protected":false},"author":4,"featured_media":355525,"comment_status":"closed","ping_status":"closed","sticky":false,"template":"","format":"standard","meta":{"_monsterinsights_skip_tracking":false,"_monsterinsights_sitenote_active":false,"_monsterinsights_sitenote_note":"","_monsterinsights_sitenote_category":0,"footnotes":""},"categories":[104,49],"tags":[],"class_list":["post-363813","post","type-post","status-publish","format-standard","has-post-thumbnail","hentry","category-evidenza_3","category-news-18","category-104","category-49","description-off"],"img_url":"https:\/\/www.radiopiu.net\/wordpress\/wp-content\/uploads\/2023\/10\/CANALE-DAGORDO.jpg","_links":{"self":[{"href":"https:\/\/www.radiopiu.net\/wordpress\/wp-json\/wp\/v2\/posts\/363813","targetHints":{"allow":["GET"]}}],"collection":[{"href":"https:\/\/www.radiopiu.net\/wordpress\/wp-json\/wp\/v2\/posts"}],"about":[{"href":"https:\/\/www.radiopiu.net\/wordpress\/wp-json\/wp\/v2\/types\/post"}],"author":[{"embeddable":true,"href":"https:\/\/www.radiopiu.net\/wordpress\/wp-json\/wp\/v2\/users\/4"}],"replies":[{"embeddable":true,"href":"https:\/\/www.radiopiu.net\/wordpress\/wp-json\/wp\/v2\/comments?post=363813"}],"version-history":[{"count":0,"href":"https:\/\/www.radiopiu.net\/wordpress\/wp-json\/wp\/v2\/posts\/363813\/revisions"}],"wp:featuredmedia":[{"embeddable":true,"href":"https:\/\/www.radiopiu.net\/wordpress\/wp-json\/wp\/v2\/media\/355525"}],"wp:attachment":[{"href":"https:\/\/www.radiopiu.net\/wordpress\/wp-json\/wp\/v2\/media?parent=363813"}],"wp:term":[{"taxonomy":"category","embeddable":true,"href":"https:\/\/www.radiopiu.net\/wordpress\/wp-json\/wp\/v2\/categories?post=363813"},{"taxonomy":"post_tag","embeddable":true,"href":"https:\/\/www.radiopiu.net\/wordpress\/wp-json\/wp\/v2\/tags?post=363813"}],"curies":[{"name":"wp","href":"https:\/\/api.w.org\/{rel}","templated":true}]}}