{"id":363894,"date":"2023-11-30T11:28:20","date_gmt":"2023-11-30T10:28:20","guid":{"rendered":"https:\/\/www.radiopiu.net\/wordpress\/?p=363894"},"modified":"2023-12-01T07:11:14","modified_gmt":"2023-12-01T06:11:14","slug":"prima-salita-di-ultima-perla-sulla-parete-nord-del-monte-agner-impresa-epica-di-bertoldo-e-dellai","status":"publish","type":"post","link":"https:\/\/www.radiopiu.net\/wordpress\/prima-salita-di-ultima-perla-sulla-parete-nord-del-monte-agner-impresa-epica-di-bertoldo-e-dellai\/","title":{"rendered":"Prima Salita di &#8220;Ultima Perla&#8221; sulla Parete Nord del Monte Agner: Impresa Epica di Bertoldo e Dellai"},"content":{"rendered":"<p><strong>FONTE<\/strong>: sito internet <span style=\"color: #0000ff;\"><strong><a style=\"color: #0000ff;\" href=\"http:\/\/www.mountainblog.it\/\">www.mountainblog.it<\/a><\/strong><\/span><\/p>\n<p><strong><img loading=\"lazy\" decoding=\"async\" class=\"alignleft\" src=\"https:\/\/www.radiopiu.net\/wordpress\/wp-content\/uploads\/2023\/11\/Senza-nome-158.png\" width=\"182\" height=\"117\" \/>TAIBON<\/strong> In Valle di San Lucano, la scorsa settimana, Nicola Bertoldo e Diego Dellai del Gruppo Roccia 4 Gatti hanno compiuto un&#8217;impresa straordinaria: la prima salita di una lunga via di misto sulla Parete Nord del Monte Agner (2.872 m), la cima delle Pale di San Martino. La via, chiamata &#8220;Ultima Perla&#8221;, \u00e8 gi\u00e0 considerata una delle pi\u00f9 importanti vie invernali nelle Dolomiti degli ultimi anni. I due alpinisti hanno trascorso la notte al bivacco Biasin dopo essere saliti in cima all&#8217;Agner per identificare l&#8217;accesso alla parete.\u00a0 Su Instagram, hanno condiviso la loro emozionante esperienza, definendo la via &#8220;l&#8217;ultima perla delle Dolomiti&#8221; per i loro trascorsi e la bellezza della linea. La discesa, altrettanto impegnativa, ha richiesto loro altre quattro ore.<\/p>\n<p>L&#8217;ARTICOLO COMPLETO DAL SITO MOUNTAINBLOG <span style=\"color: #0000ff;\"><strong><a style=\"color: #0000ff;\" href=\"http:\/\/www.mountainblog.it\/redazionale\/nicola-bertoldo-e-diego-dellai-aprono-una-lunga-via-di-misto-sul-monte-agner\/?utm_source=dlvr.it&amp;utm_medium=facebook\">CLICCA QUI<\/a><\/strong><\/span><\/p>\n<p>&nbsp;<\/p>\n<p>&nbsp;<\/p>\n<hr \/>\n<p>&nbsp;<\/p>\n","protected":false},"excerpt":{"rendered":"<p>FONTE: sito internet www.mountainblog.it TAIBON In Valle di San Lucano, la scorsa settimana, Nicola Bertoldo e Diego Dellai del Gruppo Roccia 4 Gatti hanno compiuto un&#8217;impresa straordinaria: la prima salita di una lunga via di misto sulla Parete Nord del Monte Agner (2.872 m), la cima delle Pale di San Martino. La via, chiamata &#8220;Ultima&hellip;<\/p>\n","protected":false},"author":4,"featured_media":363895,"comment_status":"closed","ping_status":"closed","sticky":false,"template":"","format":"standard","meta":{"_monsterinsights_skip_tracking":false,"_monsterinsights_sitenote_active":false,"_monsterinsights_sitenote_note":"","_monsterinsights_sitenote_category":0,"footnotes":""},"categories":[51,49],"tags":[],"class_list":["post-363894","post","type-post","status-publish","format-standard","has-post-thumbnail","hentry","category-evidenza-top","category-news-18","category-51","category-49","description-off"],"img_url":"https:\/\/www.radiopiu.net\/wordpress\/wp-content\/uploads\/2023\/11\/Senza-nome-158.png","_links":{"self":[{"href":"https:\/\/www.radiopiu.net\/wordpress\/wp-json\/wp\/v2\/posts\/363894","targetHints":{"allow":["GET"]}}],"collection":[{"href":"https:\/\/www.radiopiu.net\/wordpress\/wp-json\/wp\/v2\/posts"}],"about":[{"href":"https:\/\/www.radiopiu.net\/wordpress\/wp-json\/wp\/v2\/types\/post"}],"author":[{"embeddable":true,"href":"https:\/\/www.radiopiu.net\/wordpress\/wp-json\/wp\/v2\/users\/4"}],"replies":[{"embeddable":true,"href":"https:\/\/www.radiopiu.net\/wordpress\/wp-json\/wp\/v2\/comments?post=363894"}],"version-history":[{"count":0,"href":"https:\/\/www.radiopiu.net\/wordpress\/wp-json\/wp\/v2\/posts\/363894\/revisions"}],"wp:featuredmedia":[{"embeddable":true,"href":"https:\/\/www.radiopiu.net\/wordpress\/wp-json\/wp\/v2\/media\/363895"}],"wp:attachment":[{"href":"https:\/\/www.radiopiu.net\/wordpress\/wp-json\/wp\/v2\/media?parent=363894"}],"wp:term":[{"taxonomy":"category","embeddable":true,"href":"https:\/\/www.radiopiu.net\/wordpress\/wp-json\/wp\/v2\/categories?post=363894"},{"taxonomy":"post_tag","embeddable":true,"href":"https:\/\/www.radiopiu.net\/wordpress\/wp-json\/wp\/v2\/tags?post=363894"}],"curies":[{"name":"wp","href":"https:\/\/api.w.org\/{rel}","templated":true}]}}