{"id":363917,"date":"2023-12-01T05:34:53","date_gmt":"2023-12-01T04:34:53","guid":{"rendered":"https:\/\/www.radiopiu.net\/wordpress\/?p=363917"},"modified":"2023-12-01T07:10:39","modified_gmt":"2023-12-01T06:10:39","slug":"segugio-it-riduzione-consumi-e-crescente-propensione-al-risparmio-per-luce-e-gas-nel-2023","status":"publish","type":"post","link":"https:\/\/www.radiopiu.net\/wordpress\/segugio-it-riduzione-consumi-e-crescente-propensione-al-risparmio-per-luce-e-gas-nel-2023\/","title":{"rendered":"Segugio.it: Riduzione Consumi e Crescente Propensione al Risparmio per Luce e Gas nel 2023"},"content":{"rendered":"<div class=\"w-full text-token-text-primary\" data-testid=\"conversation-turn-43\">\n<div class=\"px-4 py-2 justify-center text-base md:gap-6 md:py-6 m-auto\">\n<div class=\"flex flex-1 text-base mx-auto gap-3 md:px-5 lg:px-1 xl:px-5 md:max-w-3xl lg:max-w-[40rem] xl:max-w-[48rem] } group\">\n<div class=\"relative flex w-full flex-col lg:w-[calc(100%-115px)]\">\n<div class=\"flex-col gap-1 md:gap-3\">\n<div class=\"flex flex-grow flex-col max-w-full\">\n<div class=\"min-h-[20px] text-message flex flex-col items-start gap-3 whitespace-pre-wrap break-words [.text-message+&amp;]:mt-5 overflow-x-auto\" data-message-author-role=\"user\" data-message-id=\"aaa25220-54f4-453b-8dcc-34d084d5285c\">\n<div>***<\/div>\n<div><\/div>\n<div><\/div>\n<div><\/div>\n<div class=\"\"><img loading=\"lazy\" decoding=\"async\" class=\"alignleft\" src=\"https:\/\/www.radiopiu.net\/wordpress\/wp-content\/uploads\/2020\/07\/FIAMMA-GAS.jpg\" width=\"217\" height=\"163\" \/>L&#8217;ultimo osservatorio di <strong>Segugio.it<\/strong> analizza l&#8217;andamento dei consumi di luce e gas, evidenziando una riduzione durante l&#8217;instabilit\u00e0 del mercato e una maggiore propensione al risparmio. Nel periodo luglio-settembre 2023, la ricerca di tariffe pi\u00f9 convenienti per la luce \u00e8 cresciuta del +11% rispetto al 2022, con un aumento del +150% degli utenti con consumi annui fino a 1.000 kWh. Nel quarto trimestre del 2023, gli utenti con consumo annuo fino a 2.000 kWh rappresentano il 46% del totale. Anche per il gas, si nota una maggiore propensione al risparmio, con un aumento degli utenti con consumi fino a 1.000 Smc dal 43% al 53%. Le ricerche nel settore del gas sono prevalentemente nel Nord Italia, dove si registra anche una tendenza a ridurre i consumi, influenzata dal fattore geografico e climatico. Per ulteriori dettagli e confronti delle offerte, si pu\u00f2 consultare il comunicato completo su https:\/\/tariffe.segugio.it\/luce-gas\/.<\/div>\n<\/div>\n<\/div>\n<\/div>\n<\/div>\n<\/div>\n<\/div>\n<\/div>\n<div><\/div>\n<div><\/div>\n<div><\/div>\n<div><\/div>\n<div>\n<hr \/>\n<\/div>\n<div class=\"w-full text-token-text-primary\" data-testid=\"conversation-turn-43\">\n<div class=\"px-4 py-2 justify-center text-base md:gap-6 md:py-6 m-auto\">\n<div class=\"flex flex-1 text-base mx-auto gap-3 md:px-5 lg:px-1 xl:px-5 md:max-w-3xl lg:max-w-[40rem] xl:max-w-[48rem] } group\">\n<div class=\"relative flex w-full flex-col lg:w-[calc(100%-115px)]\">\n<div class=\"flex-col gap-1 md:gap-3\">\n<div class=\"mt-1 flex justify-start gap-3 empty:hidden\">\n<div class=\"text-gray-400 flex self-end lg:self-center justify-center lg:justify-start mt-0 gap-1 visible\">\n<div class=\"flex items-center gap-1.5 text-xs\"><\/div>\n<\/div>\n<\/div>\n<\/div>\n<\/div>\n<\/div>\n<\/div>\n<\/div>\n<div class=\"w-full text-token-text-primary\" data-testid=\"conversation-turn-44\">\n<div class=\"px-4 py-2 justify-center text-base md:gap-6 md:py-6 m-auto\">\n<div class=\"flex flex-1 text-base mx-auto gap-3 md:px-5 lg:px-1 xl:px-5 md:max-w-3xl lg:max-w-[40rem] xl:max-w-[48rem] } group final-completion\">\n<div class=\"flex-shrink-0 flex flex-col relative items-end\">\n<div>\n<div class=\"pt-0.5\">\n<div class=\"gizmo-shadow-stroke flex h-6 w-6 items-center justify-center overflow-hidden rounded-full\">\n<div class=\"relative p-1 rounded-sm h-9 w-9 text-white flex items-center justify-center\"><\/div>\n<\/div>\n<\/div>\n<\/div>\n<\/div>\n<\/div>\n<\/div>\n<\/div>\n","protected":false},"excerpt":{"rendered":"<p>*** L&#8217;ultimo osservatorio di Segugio.it analizza l&#8217;andamento dei consumi di luce e gas, evidenziando una riduzione durante l&#8217;instabilit\u00e0 del mercato e una maggiore propensione al risparmio. Nel periodo luglio-settembre 2023, la ricerca di tariffe pi\u00f9 convenienti per la luce \u00e8 cresciuta del +11% rispetto al 2022, con un aumento del +150% degli utenti con consumi&hellip;<\/p>\n","protected":false},"author":4,"featured_media":150271,"comment_status":"closed","ping_status":"closed","sticky":false,"template":"","format":"standard","meta":{"_monsterinsights_skip_tracking":false,"_monsterinsights_sitenote_active":false,"_monsterinsights_sitenote_note":"","_monsterinsights_sitenote_category":0,"footnotes":""},"categories":[51,49],"tags":[],"class_list":["post-363917","post","type-post","status-publish","format-standard","has-post-thumbnail","hentry","category-evidenza-top","category-news-18","category-51","category-49","description-off"],"img_url":"https:\/\/www.radiopiu.net\/wordpress\/wp-content\/uploads\/2020\/07\/FIAMMA-GAS.jpg","_links":{"self":[{"href":"https:\/\/www.radiopiu.net\/wordpress\/wp-json\/wp\/v2\/posts\/363917","targetHints":{"allow":["GET"]}}],"collection":[{"href":"https:\/\/www.radiopiu.net\/wordpress\/wp-json\/wp\/v2\/posts"}],"about":[{"href":"https:\/\/www.radiopiu.net\/wordpress\/wp-json\/wp\/v2\/types\/post"}],"author":[{"embeddable":true,"href":"https:\/\/www.radiopiu.net\/wordpress\/wp-json\/wp\/v2\/users\/4"}],"replies":[{"embeddable":true,"href":"https:\/\/www.radiopiu.net\/wordpress\/wp-json\/wp\/v2\/comments?post=363917"}],"version-history":[{"count":0,"href":"https:\/\/www.radiopiu.net\/wordpress\/wp-json\/wp\/v2\/posts\/363917\/revisions"}],"wp:featuredmedia":[{"embeddable":true,"href":"https:\/\/www.radiopiu.net\/wordpress\/wp-json\/wp\/v2\/media\/150271"}],"wp:attachment":[{"href":"https:\/\/www.radiopiu.net\/wordpress\/wp-json\/wp\/v2\/media?parent=363917"}],"wp:term":[{"taxonomy":"category","embeddable":true,"href":"https:\/\/www.radiopiu.net\/wordpress\/wp-json\/wp\/v2\/categories?post=363917"},{"taxonomy":"post_tag","embeddable":true,"href":"https:\/\/www.radiopiu.net\/wordpress\/wp-json\/wp\/v2\/tags?post=363917"}],"curies":[{"name":"wp","href":"https:\/\/api.w.org\/{rel}","templated":true}]}}