{"id":363930,"date":"2023-12-01T05:37:03","date_gmt":"2023-12-01T04:37:03","guid":{"rendered":"https:\/\/www.radiopiu.net\/wordpress\/?p=363930"},"modified":"2023-12-01T09:05:30","modified_gmt":"2023-12-01T08:05:30","slug":"firmato-laccordo-integrativo-tra-essilorluxottica-e-sigle-sindacali-assunzione-di-1550-lavoratori-in-somministrazione-aumenta-il-minimo-garantito-del-premio-di-risultato-e-viene-introdotto-un-nuov","status":"publish","type":"post","link":"https:\/\/www.radiopiu.net\/wordpress\/firmato-laccordo-integrativo-tra-essilorluxottica-e-sigle-sindacali-assunzione-di-1550-lavoratori-in-somministrazione-aumenta-il-minimo-garantito-del-premio-di-risultato-e-viene-introdotto-un-nuov\/","title":{"rendered":"FIRMATO L&#8217;ACCORDO INTEGRATIVO TRA ESSILORLUXOTTICA E SIGLE SINDACALI. ASSUNZIONE DI 1500 LAVORATORI IN SOMMINISTRAZIONE, AUMENTA IL MINIMO GARANTITO DEL PREMIO DI RISULTATO E VIENE INTRODOTTO UN NUOVO MODELLO DI SETTIMANA CORTA"},"content":{"rendered":"<p>*****<\/p>\n<p>&nbsp;<\/p>\n<p><strong><a class=\"dt-pswp-item\" href=\"https:\/\/www.radiopiu.net\/wordpress\/wp-content\/uploads\/2023\/11\/IMG_20231130_151334-1-scaled.jpg\" data-dt-img-description=\"\" data-large_image_width=\"2560\" data-large_image_height=\"1920\"><img loading=\"lazy\" decoding=\"async\" class=\" wp-image-363942 alignleft\" src=\"https:\/\/www.radiopiu.net\/wordpress\/wp-content\/uploads\/2023\/11\/IMG_20231130_151334-1-300x225.jpg\" alt=\"\" width=\"191\" height=\"143\" srcset=\"https:\/\/www.radiopiu.net\/wordpress\/wp-content\/uploads\/2023\/11\/IMG_20231130_151334-1-300x225.jpg 300w, https:\/\/www.radiopiu.net\/wordpress\/wp-content\/uploads\/2023\/11\/IMG_20231130_151334-1-1024x768.jpg 1024w, https:\/\/www.radiopiu.net\/wordpress\/wp-content\/uploads\/2023\/11\/IMG_20231130_151334-1-768x576.jpg 768w, https:\/\/www.radiopiu.net\/wordpress\/wp-content\/uploads\/2023\/11\/IMG_20231130_151334-1-1536x1152.jpg 1536w, https:\/\/www.radiopiu.net\/wordpress\/wp-content\/uploads\/2023\/11\/IMG_20231130_151334-1-2048x1536.jpg 2048w\" sizes=\"auto, (max-width: 191px) 100vw, 191px\" \/><\/a>AGORDO<\/strong>\u00a0 Firmato l&#8217;accordo integrativo aziendale tra sigle sindacali e EssilorLuxottica. L&#8217;accordo abbraccia temi normativi ed economici, rispondendo alle esigenze delle persone in un contesto storico complesso. Numerosi miglioramenti sono stati apportati, con un focus su pari opportunit\u00e0, contrasto alle molestie sul lavoro, salute e sicurezza, e flessibilit\u00e0 dell&#8217;orario di lavoro. Le misure per contrastare le molestie sul lavoro includono procedure specifiche e percorsi di formazione. Un notevole passo avanti \u00e8 rappresentato dai Team di miglioramento, incaricati di gestire le problematiche interne a ciascun reparto. Per quanto riguarda l&#8217;orario di lavoro, si introduce una flessibilit\u00e0 basata sull&#8217;anno solare (1 gennaio-31 dicembre) con piani di flessibilit\u00e0 che si concentrano sul turno mattino e con l&#8217;anticipo alla domenica per coloro che lavorano di notte. La gestione dei permessi subisce miglioramenti significativi con una procedura semplificata che garantisce risposte entro una settimana dalla richiesta. Anche i permessi individuali retribuiti vedono modifiche, con un preavviso ridotto da 48 a 24 ore per urgenze famigliari e una procedura semplificata tramite il portale interno di liquidazione delle ore accumulate in banca ore. La banca delle ore rimane invariata con un massimo di 180 ore accumulate. Per quanto riguarda il FIT viene introdotto un tetto massimo di 40 ore.\u00a0 Nel campo dell&#8217;assistenza familiare, i permessi sono estesi all&#8217;inserimento dei figli alla scuola materna oltre all&#8217;asilo nido. Per quanto riguarda il Premio di Risultato, la quota minima garantita \u00e8 incrementata da 830 euro a 1000 euro, e si lavora per parificare i premi tra lavoratori a tempo indeterminato e in somministrazione. <span style=\"color: #00000a; font-family: Helvetica;\"> Ai lavoratori in uscita verr\u00e0 concesso il part time per tre anni con contributi pieni. La novit\u00e0 sta nel fatto che i giovani che prenderanno il posto dei pensionandi non saranno pi\u00f9 assunti a tempo parziale, ma da subito a tempo pieno.<\/span> L&#8217;ipotesi di accordo prevede anche l&#8217;assunzione a tempo indeterminato di 1550 lavoratori in somministrazione, basata sull&#8217;anzianit\u00e0 di missione ovvero che siano in azienda da almeno 24 mesi al 31 dicembre 2023. Infine, viene introdotto sperimentalmente un nuovo tipo di settimana corta, consentendo ai dipendenti di lavorare 4 giorni a settimana per 20 settimane all&#8217;anno (15 nel primo anno di sperimentazione). In questo caso la copertura di tali giornate sar\u00e0 per tre quarti a carico dell&#8217;azienda e un quarto a carico del lavoratore. <span style=\"color: #00000a; font-family: Helvetica;\">Il nuovo accordo pone poi le basi per la costituzione del fondo sociale welfare per la conciliazione, un fondo ad hoc per il finanziamento di nuove misure di welfare a sostegno della conciliazione: un milione di euro per dare a lavoratori e lavoratrici risposte nuove e diverse per armonizzare la vita lavorativa con quella privata. <\/span><span style=\"color: #00000a; font-family: Helvetica;\">L\u2019accordo sostiene poi il diritto allo studio dei lavoratori-studenti, estendendo il diritto dei tre giorni di permesso non solo per esami universitari ma anche per master, Its, istituti ottici e secondari digitali tecnologici e prevedendo ulteriori 24 ore su base annuale per favorire la gestione dello studente.<\/span><\/p>\n<p>(foto: luxitalia.blogspot.com)<\/p>\n<p><strong>MILENA CESCA, FEMCA CISL BELLUNO-TREVISO<\/strong><\/p>\n<audio class=\"wp-audio-shortcode\" id=\"audio-363930-1\" preload=\"none\" style=\"width: 100%;\" controls=\"controls\"><source type=\"audio\/mpeg\" src=\"https:\/\/www.radiopiu.net\/wordpress\/wp-content\/uploads\/2023\/11\/MILENA-CESCA-CISL.mp3?_=1\" \/><a href=\"https:\/\/www.radiopiu.net\/wordpress\/wp-content\/uploads\/2023\/11\/MILENA-CESCA-CISL.mp3\">https:\/\/www.radiopiu.net\/wordpress\/wp-content\/uploads\/2023\/11\/MILENA-CESCA-CISL.mp3<\/a><\/audio>\n<p>&nbsp;<\/p>\n<p>*******<\/p>\n","protected":false},"excerpt":{"rendered":"<p>***** &nbsp; AGORDO\u00a0 Firmato l&#8217;accordo integrativo aziendale tra sigle sindacali e EssilorLuxottica. L&#8217;accordo abbraccia temi normativi ed economici, rispondendo alle esigenze delle persone in un contesto storico complesso. Numerosi miglioramenti sono stati apportati, con un focus su pari opportunit\u00e0, contrasto alle molestie sul lavoro, salute e sicurezza, e flessibilit\u00e0 dell&#8217;orario di lavoro. Le misure per&hellip;<\/p>\n","protected":false},"author":4,"featured_media":284018,"comment_status":"closed","ping_status":"closed","sticky":false,"template":"","format":"standard","meta":{"_monsterinsights_skip_tracking":false,"_monsterinsights_sitenote_active":false,"_monsterinsights_sitenote_note":"","_monsterinsights_sitenote_category":0,"footnotes":""},"categories":[104,49],"tags":[],"class_list":["post-363930","post","type-post","status-publish","format-standard","has-post-thumbnail","hentry","category-evidenza_3","category-news-18","category-104","category-49","description-off"],"img_url":"https:\/\/www.radiopiu.net\/wordpress\/wp-content\/uploads\/2022\/06\/LUXOTTICA-11-scaled.jpg","_links":{"self":[{"href":"https:\/\/www.radiopiu.net\/wordpress\/wp-json\/wp\/v2\/posts\/363930","targetHints":{"allow":["GET"]}}],"collection":[{"href":"https:\/\/www.radiopiu.net\/wordpress\/wp-json\/wp\/v2\/posts"}],"about":[{"href":"https:\/\/www.radiopiu.net\/wordpress\/wp-json\/wp\/v2\/types\/post"}],"author":[{"embeddable":true,"href":"https:\/\/www.radiopiu.net\/wordpress\/wp-json\/wp\/v2\/users\/4"}],"replies":[{"embeddable":true,"href":"https:\/\/www.radiopiu.net\/wordpress\/wp-json\/wp\/v2\/comments?post=363930"}],"version-history":[{"count":0,"href":"https:\/\/www.radiopiu.net\/wordpress\/wp-json\/wp\/v2\/posts\/363930\/revisions"}],"wp:featuredmedia":[{"embeddable":true,"href":"https:\/\/www.radiopiu.net\/wordpress\/wp-json\/wp\/v2\/media\/284018"}],"wp:attachment":[{"href":"https:\/\/www.radiopiu.net\/wordpress\/wp-json\/wp\/v2\/media?parent=363930"}],"wp:term":[{"taxonomy":"category","embeddable":true,"href":"https:\/\/www.radiopiu.net\/wordpress\/wp-json\/wp\/v2\/categories?post=363930"},{"taxonomy":"post_tag","embeddable":true,"href":"https:\/\/www.radiopiu.net\/wordpress\/wp-json\/wp\/v2\/tags?post=363930"}],"curies":[{"name":"wp","href":"https:\/\/api.w.org\/{rel}","templated":true}]}}