{"id":363994,"date":"2023-12-01T07:55:54","date_gmt":"2023-12-01T06:55:54","guid":{"rendered":"https:\/\/www.radiopiu.net\/wordpress\/?p=363994"},"modified":"2023-12-01T08:55:47","modified_gmt":"2023-12-01T07:55:47","slug":"loriginale-dal-1983-la-rassegna-stampa-locale-di-mirko-mezzacasa-e-ogni-giorno-alle-sette-le-anticipazioni-alla-radio-per-chi-va-di-fretta","status":"publish","type":"post","link":"https:\/\/www.radiopiu.net\/wordpress\/loriginale-dal-1983-la-rassegna-stampa-locale-di-mirko-mezzacasa-e-ogni-giorno-alle-sette-le-anticipazioni-alla-radio-per-chi-va-di-fretta\/","title":{"rendered":"l&#8217;originale dal 1983! la rassegna stampa locale di mirko mezzacasa E OGNI GIORNO ALLE SETTE, LE ANTICIPAZIONI ALLA RADIO PER CHI VA DI FRETTA"},"content":{"rendered":"<p>&nbsp;<\/p>\n<p><iframe loading=\"lazy\" title=\"l&#039;originale dal 1983! la rassegna stampa locale di mirko mezzacasa E OGNI GIORNO ALLE SETTE, LE ANTI\" width=\"1200\" height=\"675\" src=\"https:\/\/www.youtube.com\/embed\/zkudrvQrjgs?feature=oembed\" frameborder=\"0\" allow=\"accelerometer; autoplay; clipboard-write; encrypted-media; gyroscope; picture-in-picture; web-share\" allowfullscreen><\/iframe><\/p>\n<p>&nbsp;<\/p>\n<p>&nbsp;<\/p>\n<p>a GOSALDO nelle localit\u00e0 LE FOCHE, LAMBROI, DENEORE, MAGAIT, REN, SELLE, COL TAMAI, BITTI, GIARDOI E PETTUINE l\u2019acqua erogata dall\u2019acquedotto non \u00e8 potabile e pu\u00f2 essere usata per scopi alimentari SOLO PREVIA bollitura.<br \/>\nSELVA DI CADORE Lunedi 4 dicembre dalle 8 alle 12 e dalle 13.30 alle 17 chiusura della provinciale 20 in localit\u00e0 Marzeluch di Colle Santa Lucia. Nella giornata saranno infatti montate l barriere paramassi.<\/p>\n<p>FELTRE Una collisione tra una Volkswagen Polo e un\u2019Opel Corsa all\u2019ingresso di Rasai ha causato ferite non gravi a un uomo di 34 anni. L\u2019incidente \u00e8 avvenuto intorno alle 10:30, coinvolgendo i carabinieri per i rilievi e l\u2019ambulanza del 118 per prestare soccorso. I vigili del fuoco di Feltre sono intervenuti, sostituendo i colleghi impegnati altrove<br \/>\nFALCADE Oggi alle 14.30 a Caviola il funerale di Rinaldo Tomaselli, 98 anni, impegnato da sempre nel mondo del volontariato. Fu vice presidente della cooperativa di consumo di Caviola e consigliere del gruppo alpini AnaCaviola-Cime d\u2019Auta. Lascia la moglie Clara, i figli Valter, Remis, Alvise e Manuela, l nuore il genero i cari nipoti.<br \/>\nINCENDIO A SOVRAMONTE, DANNEGGIATA UNA MANSARDA DI UN\u2019ABITAZIONE<br \/>\nSOVRAMONTE Ieri mattina alle 7 i Vigili del Fuoco sono intervenuti nella frazione di Servo a Sovramonte, per l\u2019incendio del tetto di un\u2019abitazione: nessuna persona \u00e8 rimasta coinvolta<\/p>\n<p>BELLUNO La Procura di Belluno ha concluso le indagini sull\u2019omicidio di Antonio Costa avvenuto durante una festa latinoamericana. Pedro Livert Dominguez e Junior Cedano Sanchez sono accusati di omicidio volontario in concorso. La richiesta di rinvio a giudizio \u00e8 in attesa, mentre Dominguez resta in detenzione.<\/p>\n<p>BELLUNO Giovanni Di Martino, ex sindaco di Praiano, \u00e8 stato imputato per omicidio colposo nella morte di Mariangela Calligaro, turista bellunese, causata da un\u2019onda anomala nella Costiera Amalfitana nel gennaio 2018. Durante l\u2019udienza, Di Martino ha cercato di discolparsi sostenendo che la responsabilit\u00e0 della segnaletica di sicurezza ricadesse sulla Polizia locale o sull\u2019Ufficio tecnico del Comune. I familiari della vittima si sono costituiti parte civile chiedendo un risarcimento danni di 3,5 milioni di euro. La tragedia si \u00e8 verificata durante una passeggiata quando Mariangela Calligaro e il marito furono travolti da un\u2019onda, causandone la morte.<br \/>\nFIRMATO L\u2019ACCORDO INTEGRATIVO TRA ESSILORLUXOTTICA E SIGLE SINDACALI. ASSUNZIONE DI 1550 LAVORATORI IN SOMMINISTRAZIONE, AUMENTA IL MINIMO GARANTITO DEL PREMIO DI RISULTATO E VIENE INTRODOTTO UN NUOVO MODELLO DI SETTIMANA CORTA<br \/>\nDA OGGI LA TREDICESIMA A 1,3 MILIONI DI PENSIONATI VENETI<\/p>\n<p>&nbsp;<\/p>\n<p>&nbsp;<\/p>\n<p>DAL TG DI ANTENNA 3, IL TELEGIORNALE BELLUNESE IN ONDA ALLE 19.30 SUL COMODO CANALE 10 DEL DIGITALE TERRESTE. ALLE 19 ALLA RADIO, OGNI SERA, LE ANTICIPAZIONI. PAURA DEI LUPI, LE PREDAZIONI SI RIPETONO<br \/>\nALPAGO \u2013 Le predazioni si ripetono, tanto da scoraggiare dall\u2019allevare pecore, vedi il caso del Dolada che dopo aver perso i suoi agnelli di razza Alpago ha deciso di smetterne la produzione cancellandone la carne dai propri men\u00f9<br \/>\nBELLUNO Domani a Belluno, Confindustria Belluno Dolomiti ospiter\u00e0 un incontro dal titolo \u201cUN MONDO INSTABILE \u2013 Scenari per le imprese tra rischi e opportunit\u00e0\u201d, con il Vice Presidente del Consiglio e Ministro degli Esteri, Antonio Tajani, come ospite principale. L\u2019evento fornir\u00e0 una prospettiva sui rischi e opportunit\u00e0 per le imprese in un contesto mondiale instabile.<br \/>\n\u201cMAMMA HO AVUTO UN INCIDENTE, CHIAMAMI\u2026\u201d L\u2019ENNESIMO ADDESCAMENTO TRUFFALDINO<br \/>\nSegugio.it: Riduzione Consumi e Crescente Propensione al Risparmio per Luce e Gas nel 2023<br \/>\nL\u2019ultimo osservatorio di Segugio.it analizza l\u2019andamento dei consumi di luce e gas, evidenziando una riduzione durante l\u2019instabilit\u00e0 del mercato e una maggiore propensione al risparmio. Nel periodo luglio-settembre 2023, la ricerca di tariffe pi\u00f9 convenienti per la luce \u00e8 cresciuta del +11% rispetto al 2022, con un aumento del +150% degli utenti con consumi annui fino a 1.000 kWh<br \/>\nDILLO A RADIO PIU\u2019\u2026C\u2019\u00e8 chi pu\u00f2 e chi no, ma chi ci dice il perch\u00e9?<br \/>\nREDAZIONE In mezzo alla magia della neve, la giustizia dovrebbe cadere come fiocchi equi su ogni bambino, senza discriminazioni territoriali. L\u2019inclusivit\u00e0, come la neve, dovrebbe coprire tutti, creando un manto di opportunit\u00e0 senza lasciare nessun bambino dietro, riceviamo e volentieri pubblichiamo.<br \/>\nCompetenze, Energia e Territori: Un Focus sullo Sviluppo Locale<br \/>\nIl 4 dicembre alle 10 in sala Luciani a Belluno, in Camera di Commercio, si terr\u00e0 una giornata di confronto e approfondimento sulle competenze, energie e sinergie territoriali, focalizzando l\u2019attenzione su attori locali, conoscenze e reti.<br \/>\nSIGNORI\u2026 SI SCIA!<br \/>\nCortina, Civetta, 3 Cime e San Pellegrino: parte il carosello dello sci. FALCADE Apre la \u201cVolatA\u201d, una delle piste pi\u00f9 prestigiose delle Dolomiti, ma anche Cima Uomo con l\u2019omonimo rifugio. Nell\u2019occasione Renzo Minella festeggia il primo giorno di pensione. ALLEGHE La ski area Civetta apre domani con quattro piste, le altre saranno attive per il ponte e dell\u2019Immacolata. Aprir\u00e0 i battenti, sempre domani, il primo dei rifugi, il \u201cFontana Bona\u201d: A seguire, da marted\u00ec, gli altri cinque del sistema, a cui si aggiungono quelli della Val Zoldana e della Val Fiorentina.<\/p>\n<p>HOCKEY SU GHIACCIO L\u2019ALLEGHE VINCE AI RIGORI CON IL FIEMME, FELTRE SORNIONE CHE VINCE CON IL PERGINE ALLEGHE \u2013 FIEMME 6-5 dtr; PERGINE \u2013 FELTRE 1-3<br \/>\nNUOTO Successo per Tullio Franceschini ai Campionati Europei di Nuoto Master a Madeira<\/p>\n<p>&nbsp;<\/p>\n<p>&nbsp;<\/p>\n<p>&nbsp;<\/p>\n<p>&nbsp;<\/p>\n<p>&nbsp;<\/p>\n<p>&nbsp;<\/p>\n<p>&nbsp;<\/p>\n<p>&nbsp;<\/p>\n","protected":false},"excerpt":{"rendered":"<p>&nbsp; &nbsp; &nbsp; a GOSALDO nelle localit\u00e0 LE FOCHE, LAMBROI, DENEORE, MAGAIT, REN, SELLE, COL TAMAI, BITTI, GIARDOI E PETTUINE l\u2019acqua erogata dall\u2019acquedotto non \u00e8 potabile e pu\u00f2 essere usata per scopi alimentari SOLO PREVIA bollitura. SELVA DI CADORE Lunedi 4 dicembre dalle 8 alle 12 e dalle 13.30 alle 17 chiusura della provinciale 20&hellip;<\/p>\n","protected":false},"author":4,"featured_media":363980,"comment_status":"closed","ping_status":"closed","sticky":false,"template":"","format":"standard","meta":{"_monsterinsights_skip_tracking":false,"_monsterinsights_sitenote_active":false,"_monsterinsights_sitenote_note":"","_monsterinsights_sitenote_category":0,"footnotes":""},"categories":[104,49,142],"tags":[],"class_list":["post-363994","post","type-post","status-publish","format-standard","has-post-thumbnail","hentry","category-evidenza_3","category-news-18","category-rassegna-stampa","category-104","category-49","category-142","description-off"],"img_url":"https:\/\/www.radiopiu.net\/wordpress\/wp-content\/uploads\/2023\/12\/copertina.png","_links":{"self":[{"href":"https:\/\/www.radiopiu.net\/wordpress\/wp-json\/wp\/v2\/posts\/363994","targetHints":{"allow":["GET"]}}],"collection":[{"href":"https:\/\/www.radiopiu.net\/wordpress\/wp-json\/wp\/v2\/posts"}],"about":[{"href":"https:\/\/www.radiopiu.net\/wordpress\/wp-json\/wp\/v2\/types\/post"}],"author":[{"embeddable":true,"href":"https:\/\/www.radiopiu.net\/wordpress\/wp-json\/wp\/v2\/users\/4"}],"replies":[{"embeddable":true,"href":"https:\/\/www.radiopiu.net\/wordpress\/wp-json\/wp\/v2\/comments?post=363994"}],"version-history":[{"count":0,"href":"https:\/\/www.radiopiu.net\/wordpress\/wp-json\/wp\/v2\/posts\/363994\/revisions"}],"wp:featuredmedia":[{"embeddable":true,"href":"https:\/\/www.radiopiu.net\/wordpress\/wp-json\/wp\/v2\/media\/363980"}],"wp:attachment":[{"href":"https:\/\/www.radiopiu.net\/wordpress\/wp-json\/wp\/v2\/media?parent=363994"}],"wp:term":[{"taxonomy":"category","embeddable":true,"href":"https:\/\/www.radiopiu.net\/wordpress\/wp-json\/wp\/v2\/categories?post=363994"},{"taxonomy":"post_tag","embeddable":true,"href":"https:\/\/www.radiopiu.net\/wordpress\/wp-json\/wp\/v2\/tags?post=363994"}],"curies":[{"name":"wp","href":"https:\/\/api.w.org\/{rel}","templated":true}]}}