{"id":364014,"date":"2023-12-01T10:15:53","date_gmt":"2023-12-01T09:15:53","guid":{"rendered":"https:\/\/www.radiopiu.net\/wordpress\/?p=364014"},"modified":"2023-12-02T06:36:14","modified_gmt":"2023-12-02T05:36:14","slug":"don-fabio-fiori-esemplare-di-solidarieta-nelle-dolomiti-modello-di-comunita-resiliente","status":"publish","type":"post","link":"https:\/\/www.radiopiu.net\/wordpress\/don-fabio-fiori-esemplare-di-solidarieta-nelle-dolomiti-modello-di-comunita-resiliente\/","title":{"rendered":"Don Fabio Fiori, Esemplare di Solidariet\u00e0 nelle Dolomiti: Modello di Comunit\u00e0 Resiliente"},"content":{"rendered":"<p>***<\/p>\n<p>&nbsp;<\/p>\n<p>&nbsp;<\/p>\n<p><a class=\"dt-pswp-item\" href=\"https:\/\/www.radiopiu.net\/wordpress\/wp-content\/uploads\/2023\/12\/11.png\" data-dt-img-description=\"\" data-large_image_width=\"826\" data-large_image_height=\"586\"><img loading=\"lazy\" decoding=\"async\" class=\" wp-image-364017 alignleft\" src=\"https:\/\/www.radiopiu.net\/wordpress\/wp-content\/uploads\/2023\/12\/11-300x213.png\" alt=\"\" width=\"241\" height=\"171\" srcset=\"https:\/\/www.radiopiu.net\/wordpress\/wp-content\/uploads\/2023\/12\/11-300x213.png 300w, https:\/\/www.radiopiu.net\/wordpress\/wp-content\/uploads\/2023\/12\/11-768x545.png 768w, https:\/\/www.radiopiu.net\/wordpress\/wp-content\/uploads\/2023\/12\/11.png 826w\" sizes=\"auto, (max-width: 241px) 100vw, 241px\" \/><\/a>Don Fabio Fiori \u00e8 stato scelto come protagonista della campagna mediatica nazionale della Conferenza Episcopale Italiana (CEI) per la sensibilizzazione sulle offerte deducibili. Don Fabio Fiori, parroco delle comunit\u00e0 di Danta e San Nicol\u00f2 in Comelico, \u00e8 stato riconosciuto come esempio di resilienza, solidariet\u00e0 e generosit\u00e0. La sua iniziativa innovativa, la cooperativa &#8220;Alberi di Mango&#8221;, \u00e8 stata selezionata come simbolo di come la comunit\u00e0 pu\u00f2 affrontare sfide difficili, mantenendo la coesione e offrendo supporto reciproco. Don Fabio, originario di Calalzo di Cadore, con la sua filosofia di &#8220;stare vicino alle persone con gesti semplici&#8221;, ha conquistato il cuore delle comunit\u00e0 a lui affidate e ora \u00e8 riconosciuto a livello nazionale come un esempio di come la comunit\u00e0 possa essere una risorsa preziosa nelle sfide pi\u00f9 difficili.<\/p>\n<p>&nbsp;<\/p>\n<p><img loading=\"lazy\" decoding=\"async\" class=\"alignleft\" src=\"https:\/\/www.radiopiu.net\/wordpress\/wp-content\/uploads\/2023\/12\/2222.png\" width=\"328\" height=\"177\" \/>Nelle remote localit\u00e0 di Danta di Cadore e San Nicol\u00f2 di Comelico, unite dalla bellezza delle Dolomiti, la cooperativa &#8220;Alberi di Mango&#8221; si erge come simbolo di resilienza durante la pandemia. Don Fabio Fiori, ispirato da esperienze cooperative di comunit\u00e0, ha creato un progetto che offre aiuto e lavoro, mantenendo viva l&#8217;anima di queste comunit\u00e0. La cooperativa fornisce servizi come la consegna di pizza a domicilio e gestisce un ristorante bar, diventando un punto di ritrovo e solidariet\u00e0. L&#8217;iniziativa ha attirato giovani imprenditori, come il giovane chef Davide, contribuendo a contrastare lo spopolamento del territorio. La storia di Danta e San Nicol\u00f2 \u00e8 un esempio di come l&#8217;unione e la condivisione possano dare nuova vita a comunit\u00e0 isolate, dimostrando che la speranza pu\u00f2 fiorire anche nei luoghi pi\u00f9 remoti.<\/p>\n<p>&nbsp;<\/p>\n<p>&nbsp;<\/p>\n<hr \/>\n<p>&nbsp;<\/p>\n","protected":false},"excerpt":{"rendered":"<p>*** &nbsp; &nbsp; Don Fabio Fiori \u00e8 stato scelto come protagonista della campagna mediatica nazionale della Conferenza Episcopale Italiana (CEI) per la sensibilizzazione sulle offerte deducibili. Don Fabio Fiori, parroco delle comunit\u00e0 di Danta e San Nicol\u00f2 in Comelico, \u00e8 stato riconosciuto come esempio di resilienza, solidariet\u00e0 e generosit\u00e0. La sua iniziativa innovativa, la cooperativa&hellip;<\/p>\n","protected":false},"author":4,"featured_media":364018,"comment_status":"closed","ping_status":"closed","sticky":false,"template":"","format":"standard","meta":{"_monsterinsights_skip_tracking":false,"_monsterinsights_sitenote_active":false,"_monsterinsights_sitenote_note":"","_monsterinsights_sitenote_category":0,"footnotes":""},"categories":[51,49],"tags":[],"class_list":["post-364014","post","type-post","status-publish","format-standard","has-post-thumbnail","hentry","category-evidenza-top","category-news-18","category-51","category-49","description-off"],"img_url":"https:\/\/www.radiopiu.net\/wordpress\/wp-content\/uploads\/2023\/12\/2222.png","_links":{"self":[{"href":"https:\/\/www.radiopiu.net\/wordpress\/wp-json\/wp\/v2\/posts\/364014","targetHints":{"allow":["GET"]}}],"collection":[{"href":"https:\/\/www.radiopiu.net\/wordpress\/wp-json\/wp\/v2\/posts"}],"about":[{"href":"https:\/\/www.radiopiu.net\/wordpress\/wp-json\/wp\/v2\/types\/post"}],"author":[{"embeddable":true,"href":"https:\/\/www.radiopiu.net\/wordpress\/wp-json\/wp\/v2\/users\/4"}],"replies":[{"embeddable":true,"href":"https:\/\/www.radiopiu.net\/wordpress\/wp-json\/wp\/v2\/comments?post=364014"}],"version-history":[{"count":0,"href":"https:\/\/www.radiopiu.net\/wordpress\/wp-json\/wp\/v2\/posts\/364014\/revisions"}],"wp:featuredmedia":[{"embeddable":true,"href":"https:\/\/www.radiopiu.net\/wordpress\/wp-json\/wp\/v2\/media\/364018"}],"wp:attachment":[{"href":"https:\/\/www.radiopiu.net\/wordpress\/wp-json\/wp\/v2\/media?parent=364014"}],"wp:term":[{"taxonomy":"category","embeddable":true,"href":"https:\/\/www.radiopiu.net\/wordpress\/wp-json\/wp\/v2\/categories?post=364014"},{"taxonomy":"post_tag","embeddable":true,"href":"https:\/\/www.radiopiu.net\/wordpress\/wp-json\/wp\/v2\/tags?post=364014"}],"curies":[{"name":"wp","href":"https:\/\/api.w.org\/{rel}","templated":true}]}}