{"id":364023,"date":"2023-12-01T10:46:11","date_gmt":"2023-12-01T09:46:11","guid":{"rendered":"https:\/\/www.radiopiu.net\/wordpress\/?p=364023"},"modified":"2023-12-01T10:46:11","modified_gmt":"2023-12-01T09:46:11","slug":"richiesta-di-danni-per-le-olimpiadi-2026-confindustria-belluno-dolomiti-minaccia-azioni-legal","status":"publish","type":"post","link":"https:\/\/www.radiopiu.net\/wordpress\/richiesta-di-danni-per-le-olimpiadi-2026-confindustria-belluno-dolomiti-minaccia-azioni-legal\/","title":{"rendered":"Richiesta di Danni per le Olimpiadi 2026: Confindustria Belluno Dolomiti Minaccia Azioni Legal"},"content":{"rendered":"<h3>****<\/h3>\n<blockquote><p>&nbsp;<\/p><\/blockquote>\n<p><strong><a class=\"dt-pswp-item\" href=\"https:\/\/www.radiopiu.net\/wordpress\/wp-content\/uploads\/2019\/09\/Lorraine_Berton.jpg\" data-dt-img-description=\"\" data-large_image_width=\"767\" data-large_image_height=\"768\"><img loading=\"lazy\" decoding=\"async\" class=\" wp-image-99105 alignleft\" src=\"https:\/\/www.radiopiu.net\/wordpress\/wp-content\/uploads\/2019\/09\/Lorraine_Berton-300x300.jpg\" alt=\"\" width=\"154\" height=\"154\" srcset=\"https:\/\/www.radiopiu.net\/wordpress\/wp-content\/uploads\/2019\/09\/Lorraine_Berton-300x300.jpg 300w, https:\/\/www.radiopiu.net\/wordpress\/wp-content\/uploads\/2019\/09\/Lorraine_Berton-150x150.jpg 150w, https:\/\/www.radiopiu.net\/wordpress\/wp-content\/uploads\/2019\/09\/Lorraine_Berton.jpg 767w\" sizes=\"auto, (max-width: 154px) 100vw, 154px\" \/><\/a>BELLUNO<\/strong> Lorraine Berton (foto), presidente di Confindustria Belluno Dolomiti, ha dichiarato che se il territorio veneto e bellunese non otterr\u00e0 la dignit\u00e0 che merita nelle Olimpiadi 2026, assegnate a Milano e Cortina, si valuter\u00e0 una richiesta di danni di immagine e al territorio, comprese azioni legali. Berton sottolinea che una possibile Olimpiade a met\u00e0, senza bob o redistribuzione delle gare, causer\u00e0 danni irreparabili all&#8217;economia e alla crescita attesa, provocando anche danni &#8220;esistenziali&#8221; ai territori, in particolare alla montagna bellunese. L&#8217;eventuale riduzione degli investimenti e dei programmi potrebbe compromettere le opportunit\u00e0 storiche per invertire le tendenze demografiche negative. La minaccia di richiesta di danni, chiarisce Berton, non \u00e8 una minaccia ma una possibile contromisura nel caso in cui non vengano rispettate le legittime aspettative del territorio, citando l&#8217;atto ufficiale della candidatura olimpica regolato da norme internazionali e consuetudini. La speranza \u00e8 che prevalga il buon senso, ma Condindustria \u00e8 pronta a difendere il territorio in tutte le sedi, inclusa quella legale.<\/p>\n<p>&nbsp;<\/p>\n<p>&nbsp;<\/p>\n<hr \/>\n<p>&nbsp;<\/p>\n","protected":false},"excerpt":{"rendered":"<p>**** &nbsp; BELLUNO Lorraine Berton (foto), presidente di Confindustria Belluno Dolomiti, ha dichiarato che se il territorio veneto e bellunese non otterr\u00e0 la dignit\u00e0 che merita nelle Olimpiadi 2026, assegnate a Milano e Cortina, si valuter\u00e0 una richiesta di danni di immagine e al territorio, comprese azioni legali. Berton sottolinea che una possibile Olimpiade a&hellip;<\/p>\n","protected":false},"author":4,"featured_media":211858,"comment_status":"closed","ping_status":"closed","sticky":false,"template":"","format":"standard","meta":{"_monsterinsights_skip_tracking":false,"_monsterinsights_sitenote_active":false,"_monsterinsights_sitenote_note":"","_monsterinsights_sitenote_category":0,"footnotes":""},"categories":[49],"tags":[],"class_list":["post-364023","post","type-post","status-publish","format-standard","has-post-thumbnail","hentry","category-news-18","category-49","description-off"],"img_url":"https:\/\/www.radiopiu.net\/wordpress\/wp-content\/uploads\/2021\/05\/CONFINDUSTRIA.png","_links":{"self":[{"href":"https:\/\/www.radiopiu.net\/wordpress\/wp-json\/wp\/v2\/posts\/364023","targetHints":{"allow":["GET"]}}],"collection":[{"href":"https:\/\/www.radiopiu.net\/wordpress\/wp-json\/wp\/v2\/posts"}],"about":[{"href":"https:\/\/www.radiopiu.net\/wordpress\/wp-json\/wp\/v2\/types\/post"}],"author":[{"embeddable":true,"href":"https:\/\/www.radiopiu.net\/wordpress\/wp-json\/wp\/v2\/users\/4"}],"replies":[{"embeddable":true,"href":"https:\/\/www.radiopiu.net\/wordpress\/wp-json\/wp\/v2\/comments?post=364023"}],"version-history":[{"count":0,"href":"https:\/\/www.radiopiu.net\/wordpress\/wp-json\/wp\/v2\/posts\/364023\/revisions"}],"wp:featuredmedia":[{"embeddable":true,"href":"https:\/\/www.radiopiu.net\/wordpress\/wp-json\/wp\/v2\/media\/211858"}],"wp:attachment":[{"href":"https:\/\/www.radiopiu.net\/wordpress\/wp-json\/wp\/v2\/media?parent=364023"}],"wp:term":[{"taxonomy":"category","embeddable":true,"href":"https:\/\/www.radiopiu.net\/wordpress\/wp-json\/wp\/v2\/categories?post=364023"},{"taxonomy":"post_tag","embeddable":true,"href":"https:\/\/www.radiopiu.net\/wordpress\/wp-json\/wp\/v2\/tags?post=364023"}],"curies":[{"name":"wp","href":"https:\/\/api.w.org\/{rel}","templated":true}]}}