{"id":364098,"date":"2023-12-02T05:10:22","date_gmt":"2023-12-02T04:10:22","guid":{"rendered":"https:\/\/www.radiopiu.net\/wordpress\/?p=364098"},"modified":"2023-12-02T06:32:06","modified_gmt":"2023-12-02T05:32:06","slug":"intervento-dei-vigili-del-fuoco-a-cencenighe-agordino-cavo-elettrico-penzolante-ripristinato-in-sicurezza","status":"publish","type":"post","link":"https:\/\/www.radiopiu.net\/wordpress\/intervento-dei-vigili-del-fuoco-a-cencenighe-agordino-cavo-elettrico-penzolante-ripristinato-in-sicurezza\/","title":{"rendered":"Intervento dei Vigili del Fuoco a Cencenighe Agordino, donna investita a Feltre"},"content":{"rendered":"<blockquote><p>**<\/p>\n<p>&nbsp;<\/p>\n<p>&nbsp;<\/p>\n<p style=\"text-align: left;\"><img decoding=\"async\" class=\"alignleft\" src=\"https:\/\/www.radiopiu.net\/wordpress\/wp-content\/uploads\/2023\/12\/Senza-nome-4.png\" \/>\u00a0Ieri sera\u00a0 a<em>lle 19:30, i Vigili del Fuoco di Agordo sono intervenuti prontamente in risposta a una segnalazione di emergenza lungo la SP 346 del passo San Pellegrino, nel comune di Cencenighe Agordino. <\/em><\/p>\n<\/blockquote>\n<p><strong>AGORDO<\/strong> L&#8217;intervento \u00e8 stato necessario a causa di un cavo elettrico che penzolava dalla volta della galleria delle Anime, creando un potenziale pericolo per la circolazione stradale. I Vigili del Fuoco, con tempestivit\u00e0 e professionalit\u00e0, hanno messo in sicurezza il cavo e ripristinato la viabilit\u00e0, evitando cos\u00ec possibili incidenti. Fortunatamente, non sono stati coinvolti veicoli o persone nell&#8217;incidente, e l&#8217;intervento ha permesso di prevenire conseguenze pi\u00f9 gravi. Sul posto sono intervenuti anche i Carabinieri di Falcade e gli operatori di Veneto Strade per coordinare le attivit\u00e0 e garantire la sicurezza della zona.<\/p>\n<p>&nbsp;<\/p>\n<p><strong>FELTRE<\/strong> Suem 118, Carabinieri e Vigili del fuoco sono intervenuti a Feltre poco prima delle 18 in seguito all&#8217;investimento di una donna di 53 anni di Belluno trasportata con l&#8217;ambulanza medicalizzata dal pronto soccorso del Santa Maria del Prato con ferite di media gravit\u00e0<\/p>\n<p>&nbsp;<\/p>\n<hr \/>\n<p>&nbsp;<\/p>\n","protected":false},"excerpt":{"rendered":"<p>** &nbsp; &nbsp; \u00a0Ieri sera\u00a0 alle 19:30, i Vigili del Fuoco di Agordo sono intervenuti prontamente in risposta a una segnalazione di emergenza lungo la SP 346 del passo San Pellegrino, nel comune di Cencenighe Agordino. AGORDO L&#8217;intervento \u00e8 stato necessario a causa di un cavo elettrico che penzolava dalla volta della galleria delle Anime,&hellip;<\/p>\n","protected":false},"author":4,"featured_media":364100,"comment_status":"closed","ping_status":"closed","sticky":false,"template":"","format":"standard","meta":{"_monsterinsights_skip_tracking":false,"_monsterinsights_sitenote_active":false,"_monsterinsights_sitenote_note":"","_monsterinsights_sitenote_category":0,"footnotes":""},"categories":[51,49],"tags":[],"class_list":["post-364098","post","type-post","status-publish","format-standard","has-post-thumbnail","hentry","category-evidenza-top","category-news-18","category-51","category-49","description-off"],"img_url":"https:\/\/www.radiopiu.net\/wordpress\/wp-content\/uploads\/2023\/12\/Senza-nome-4.png","_links":{"self":[{"href":"https:\/\/www.radiopiu.net\/wordpress\/wp-json\/wp\/v2\/posts\/364098","targetHints":{"allow":["GET"]}}],"collection":[{"href":"https:\/\/www.radiopiu.net\/wordpress\/wp-json\/wp\/v2\/posts"}],"about":[{"href":"https:\/\/www.radiopiu.net\/wordpress\/wp-json\/wp\/v2\/types\/post"}],"author":[{"embeddable":true,"href":"https:\/\/www.radiopiu.net\/wordpress\/wp-json\/wp\/v2\/users\/4"}],"replies":[{"embeddable":true,"href":"https:\/\/www.radiopiu.net\/wordpress\/wp-json\/wp\/v2\/comments?post=364098"}],"version-history":[{"count":0,"href":"https:\/\/www.radiopiu.net\/wordpress\/wp-json\/wp\/v2\/posts\/364098\/revisions"}],"wp:featuredmedia":[{"embeddable":true,"href":"https:\/\/www.radiopiu.net\/wordpress\/wp-json\/wp\/v2\/media\/364100"}],"wp:attachment":[{"href":"https:\/\/www.radiopiu.net\/wordpress\/wp-json\/wp\/v2\/media?parent=364098"}],"wp:term":[{"taxonomy":"category","embeddable":true,"href":"https:\/\/www.radiopiu.net\/wordpress\/wp-json\/wp\/v2\/categories?post=364098"},{"taxonomy":"post_tag","embeddable":true,"href":"https:\/\/www.radiopiu.net\/wordpress\/wp-json\/wp\/v2\/tags?post=364098"}],"curies":[{"name":"wp","href":"https:\/\/api.w.org\/{rel}","templated":true}]}}