{"id":364111,"date":"2023-12-04T05:31:07","date_gmt":"2023-12-04T04:31:07","guid":{"rendered":"https:\/\/www.radiopiu.net\/wordpress\/?p=364111"},"modified":"2023-12-04T05:49:29","modified_gmt":"2023-12-04T04:49:29","slug":"onore-a-santa-barbara-celebrazioni-dei-vigili-del-fuoco-il-4-dicembre","status":"publish","type":"post","link":"https:\/\/www.radiopiu.net\/wordpress\/onore-a-santa-barbara-celebrazioni-dei-vigili-del-fuoco-il-4-dicembre\/","title":{"rendered":"Onore a Santa Barbara: Celebrazioni dei Vigili del Fuoco il 4 dicembre"},"content":{"rendered":"<blockquote>\n<h2><\/h2>\n<\/blockquote>\n<p><em>Il prossimo luned\u00ec, 4 dicembre, i Vigili del Fuoco si preparano a onorare la loro patrona, Santa Barbara, con una solenne cerimonia presso la sede centrale del Comando.\u00a0<\/em><\/p>\n<p><a class=\"dt-pswp-item\" href=\"https:\/\/www.radiopiu.net\/wordpress\/wp-content\/uploads\/2018\/12\/Vigili-del-fuoco-e1462166495384.jpg\" data-dt-img-description=\"\" data-large_image_width=\"800\" data-large_image_height=\"529\"><img loading=\"lazy\" decoding=\"async\" class=\"size-medium wp-image-71034 alignleft\" src=\"https:\/\/www.radiopiu.net\/wordpress\/wp-content\/uploads\/2018\/12\/Vigili-del-fuoco-e1462166495384-300x198.jpg\" alt=\"\" width=\"300\" height=\"198\" srcset=\"https:\/\/www.radiopiu.net\/wordpress\/wp-content\/uploads\/2018\/12\/Vigili-del-fuoco-e1462166495384-300x198.jpg 300w, https:\/\/www.radiopiu.net\/wordpress\/wp-content\/uploads\/2018\/12\/Vigili-del-fuoco-e1462166495384-768x508.jpg 768w, https:\/\/www.radiopiu.net\/wordpress\/wp-content\/uploads\/2018\/12\/Vigili-del-fuoco-e1462166495384.jpg 800w\" sizes=\"auto, (max-width: 300px) 100vw, 300px\" \/><\/a>\u00a0<strong>BELLUNO<\/strong> <strong>Programma della Cerimonia: <\/strong><strong>\u00a010:00 &#8211; Arrivo Autorit\u00e0 ed invitati:<\/strong> La giornata inizier\u00e0 con l&#8217;arrivo delle Autorit\u00e0 e degli invitati presso la sede centrale del Comando (Varco 3). A seguire, si proceder\u00e0 con l&#8217;alzabandiera nel piazzale interno. <strong>Deposizione di una corona d\u2019alloro:<\/strong> Un momento di raccoglimento e commemorazione si vivr\u00e0 con la deposizione di una corona d&#8217;alloro presso il monumento ai caduti, situato anch&#8217;esso nel piazzale interno. <strong>\u00a010:30 &#8211; Santa Messa:<\/strong> S.E. il Vescovo di Belluno-Feltre, monsignor Renato Marangoni, presieder\u00e0 la Santa Messa presso l&#8217;edificio A3. Un momento di preghiera e riflessione per ricordare la patrona e chiedere protezione per i Vigili del Fuoco nell&#8217;adempimento del loro dovere. <strong>\u00a011:30 &#8211; Consegna dei \u201cdiplomi di lodevole servizio\u201d e delle \u201ccroci di anzianit\u00e0\u201d:<\/strong> In seguito alla celebrazione religiosa, si proceder\u00e0 con la consegna di riconoscimenti al personale, tra cui i &#8220;diplomi di lodevole servizio&#8221; e le <a class=\"dt-pswp-item\" href=\"https:\/\/www.radiopiu.net\/wordpress\/wp-content\/uploads\/2021\/07\/1ccf594b-9821-4e46-93d3-896eca847217.jpg\" data-dt-img-description=\"\" data-large_image_width=\"1080\" data-large_image_height=\"1080\"><img loading=\"lazy\" decoding=\"async\" class=\" wp-image-222514 alignright\" src=\"https:\/\/www.radiopiu.net\/wordpress\/wp-content\/uploads\/2021\/07\/1ccf594b-9821-4e46-93d3-896eca847217-300x300.jpg\" alt=\"\" width=\"148\" height=\"148\" srcset=\"https:\/\/www.radiopiu.net\/wordpress\/wp-content\/uploads\/2021\/07\/1ccf594b-9821-4e46-93d3-896eca847217-300x300.jpg 300w, https:\/\/www.radiopiu.net\/wordpress\/wp-content\/uploads\/2021\/07\/1ccf594b-9821-4e46-93d3-896eca847217-1024x1024.jpg 1024w, https:\/\/www.radiopiu.net\/wordpress\/wp-content\/uploads\/2021\/07\/1ccf594b-9821-4e46-93d3-896eca847217-150x150.jpg 150w, https:\/\/www.radiopiu.net\/wordpress\/wp-content\/uploads\/2021\/07\/1ccf594b-9821-4e46-93d3-896eca847217-768x768.jpg 768w, https:\/\/www.radiopiu.net\/wordpress\/wp-content\/uploads\/2021\/07\/1ccf594b-9821-4e46-93d3-896eca847217.jpg 1080w\" sizes=\"auto, (max-width: 148px) 100vw, 148px\" \/><\/a>&#8220;croci di anzianit\u00e0&#8221;, un atto di merito per il contributo significativo offerto nel corso degli anni. <strong>ostra nel Piazzale della Caserma: <\/strong>Nel piazzale della caserma, saranno esposti gli automezzi, le attrezzature e i dispositivi utilizzati durante gli interventi. Sar\u00e0 anche l&#8217;occasione per illustrare al pubblico presente l&#8217;ampia gamma di attivit\u00e0 svolte dal Comando dei Vigili del Fuoco. <strong>Celebrazioni nei Distaccamenti Permanent: <\/strong>Analoghe celebrazioni sono previste anche presso i distaccamenti permanenti, garantendo che l&#8217;onore a Santa Barbara sia reso in ogni angolo del territorio di competenza. <strong>Partecipazione Limitata: <\/strong>La partecipazione alle celebrazioni sar\u00e0 limitata alle Autorit\u00e0, ai vigili del fuoco permanenti e volontari, sia in servizio che in quiescenza, e ai relativi familiari, per motivi di capienza. La giornata si preannuncia come un momento di riflessione, onore e riconoscimento per i coraggiosi Vigili del Fuoco, che quotidianamente mettono a rischio la propria vita per proteggere la comunit\u00e0.<\/p>\n<div class=\"flex-1 overflow-hidden\">\n<div class=\"react-scroll-to-bottom--css-ltpjk-79elbk h-full\">\n<div class=\"react-scroll-to-bottom--css-ltpjk-1n7m0yu\">\n<div class=\"flex flex-col pb-9 text-sm\">\n<div class=\"w-full text-token-text-primary\" data-testid=\"conversation-turn-11\">\n<div class=\"px-4 py-2 justify-center text-base md:gap-6 md:py-6 m-auto\">\n<div class=\"flex flex-1 text-base mx-auto gap-3 md:px-5 lg:px-1 xl:px-5 md:max-w-3xl lg:max-w-[40rem] xl:max-w-[48rem] } group final-completion\">\n<div class=\"relative flex w-full flex-col lg:w-[calc(100%-115px)] agent-turn\">\n<div class=\"flex-col gap-1 md:gap-3\">\n<div class=\"flex flex-grow flex-col max-w-full\">\n<div class=\"min-h-[20px] text-message flex flex-col items-start gap-3 whitespace-pre-wrap break-words [.text-message+&amp;]:mt-5 overflow-x-auto\" data-message-author-role=\"assistant\" data-message-id=\"98a82999-f042-45c3-8b1d-216ad968a2b5\">\n<div class=\"markdown prose w-full break-words dark:prose-invert dark\">\n<p><strong>Ecco l&#8217;elenco del personale cui sono state concesse le benemerenze:<\/strong><\/p>\n<table>\n<thead>\n<tr>\n<th>Categoria<\/th>\n<th>Nome e Cognome<\/th>\n<th>Benemerenza<\/th>\n<\/tr>\n<\/thead>\n<tbody>\n<tr>\n<td>D.C.S.<\/td>\n<td>MAGRIN Franco<\/td>\n<td>Diploma di Lodevole Servizio<\/td>\n<\/tr>\n<tr>\n<td>C.R.E.<\/td>\n<td>PASTORI Mauro<\/td>\n<td>Diploma di Lodevole Servizio<\/td>\n<\/tr>\n<tr>\n<td>C.R.E.<\/td>\n<td>VEABELLI Dario<\/td>\n<td>Diploma di Lodevole Servizio<\/td>\n<\/tr>\n<tr>\n<td>C.R.<\/td>\n<td>DE PELLEGRIN Ezio<\/td>\n<td>Diploma di Lodevole Servizio<\/td>\n<\/tr>\n<tr>\n<td>C.R.<\/td>\n<td>FONTANA Paolo<\/td>\n<td>Diploma di Lodevole Servizio<\/td>\n<\/tr>\n<tr>\n<td>C.R.<\/td>\n<td>FONTANA Pierpaolo<\/td>\n<td>Diploma di Lodevole Servizio<\/td>\n<\/tr>\n<tr>\n<td>C.R.<\/td>\n<td>URSICH Giuliano<\/td>\n<td>Diploma di Lodevole Servizio<\/td>\n<\/tr>\n<tr>\n<td>C.R.<\/td>\n<td>BOGO Roberto<\/td>\n<td>Diploma di Lodevole Servizio<\/td>\n<\/tr>\n<tr>\n<td>C.R.<\/td>\n<td>REOLON Ernesto<\/td>\n<td>Diploma di Lodevole Servizio<\/td>\n<\/tr>\n<tr>\n<td>C.R.<\/td>\n<td>ODOLO Adriano<\/td>\n<td>Diploma di Lodevole Servizio<\/td>\n<\/tr>\n<tr>\n<td>C.R.<\/td>\n<td>DE ZOLT LISABETTA Nicola<\/td>\n<td>Diploma di Lodevole Servizio<\/td>\n<\/tr>\n<tr>\n<td>C.Q.E.<\/td>\n<td>POMARE\u2019 Alberto<\/td>\n<td>Diploma di Lodevole Servizio<\/td>\n<\/tr>\n<tr>\n<td>C.Q.E.<\/td>\n<td>TANCON Giuseppe<\/td>\n<td>Diploma di Lodevole Servizio<\/td>\n<\/tr>\n<tr>\n<td>C.Q.E.<\/td>\n<td>LIPEZ Ennio<\/td>\n<td>Diploma di Lodevole Servizio<\/td>\n<\/tr>\n<tr>\n<td>V.C.<\/td>\n<td>TOFFOLI Enzo<\/td>\n<td>Diploma di Lodevole Servizio<\/td>\n<\/tr>\n<tr>\n<td>V.C.<\/td>\n<td>BUOITE STELLA Alessandro<\/td>\n<td>Croce per i 15 anni anzianit\u00e0 di servizio<\/td>\n<\/tr>\n<tr>\n<td>V.C.<\/td>\n<td>IACONA Vincenzo<\/td>\n<td>Croce per i 15 anni anzianit\u00e0 di servizio<\/td>\n<\/tr>\n<tr>\n<td>V.C.<\/td>\n<td>COCCARO Adriano<\/td>\n<td>Croce per i 15 anni anzianit\u00e0 di servizio<\/td>\n<\/tr>\n<tr>\n<td>V.C.<\/td>\n<td>CORSO Simone<\/td>\n<td>Croce per i 15 anni anzianit\u00e0 di servizio<\/td>\n<\/tr>\n<tr>\n<td>V.C.<\/td>\n<td>COLDEBELLA Stefano<\/td>\n<td>Croce per i 15 anni anzianit\u00e0 di servizio<\/td>\n<\/tr>\n<tr>\n<td>V.C.<\/td>\n<td>ARZETON Matteo<\/td>\n<td>Croce per i 15 anni anzianit\u00e0 di servizio<\/td>\n<\/tr>\n<tr>\n<td>V.C.<\/td>\n<td>PETERLE Michele<\/td>\n<td>Croce per i 15 anni anzianit\u00e0 di servizio<\/td>\n<\/tr>\n<tr>\n<td>V.C.<\/td>\n<td>SIMONCELLI Diego<\/td>\n<td>Croce per i 15 anni anzianit\u00e0 di servizio<\/td>\n<\/tr>\n<tr>\n<td>V.C.<\/td>\n<td>SOMACAL Christian<\/td>\n<td>Croce per i 15 anni anzianit\u00e0 di servizio<\/td>\n<\/tr>\n<tr>\n<td>C.Q.V.<\/td>\n<td>SCHENA Daniele<\/td>\n<td>Croce per i 15 anni anzianit\u00e0 di servizio<\/td>\n<\/tr>\n<tr>\n<td>V.V.<\/td>\n<td>CASANOVA BORCA Elvio<\/td>\n<td>Croce per i 15 anni anzianit\u00e0 di servizio<\/td>\n<\/tr>\n<tr>\n<td>V.V.<\/td>\n<td>FERRO Stefano<\/td>\n<td>Croce per i 15 anni anzianit\u00e0 di servizio<\/td>\n<\/tr>\n<\/tbody>\n<\/table>\n<p>Le benemerenze includono diplomi di lodevole servizio e croci per 15 anni di anzianit\u00e0 di servizio, riconoscimenti che sottolineano l&#8217;impegno e la dedizione del personale dei Vigili del Fuoco.<\/p>\n<\/div>\n<\/div>\n<\/div>\n<div class=\"mt-1 flex justify-start gap-3 empty:hidden\">\n<div class=\"text-gray-400 flex self-end lg:self-center justify-center lg:justify-start mt-0 gap-1 visible\">\n<p>&nbsp;<\/p>\n<\/div>\n<\/div>\n<\/div>\n<\/div>\n<\/div>\n<\/div>\n<\/div>\n<\/div>\n<\/div>\n<\/div>\n<\/div>\n","protected":false},"excerpt":{"rendered":"<p>Il prossimo luned\u00ec, 4 dicembre, i Vigili del Fuoco si preparano a onorare la loro patrona, Santa Barbara, con una solenne cerimonia presso la sede centrale del Comando.\u00a0 \u00a0BELLUNO Programma della Cerimonia: \u00a010:00 &#8211; Arrivo Autorit\u00e0 ed invitati: La giornata inizier\u00e0 con l&#8217;arrivo delle Autorit\u00e0 e degli invitati presso la sede centrale del Comando (Varco&hellip;<\/p>\n","protected":false},"author":4,"featured_media":363323,"comment_status":"closed","ping_status":"closed","sticky":false,"template":"","format":"standard","meta":{"_monsterinsights_skip_tracking":false,"_monsterinsights_sitenote_active":false,"_monsterinsights_sitenote_note":"","_monsterinsights_sitenote_category":0,"footnotes":""},"categories":[51,49],"tags":[],"class_list":["post-364111","post","type-post","status-publish","format-standard","has-post-thumbnail","hentry","category-evidenza-top","category-news-18","category-51","category-49","description-off"],"img_url":"https:\/\/www.radiopiu.net\/wordpress\/wp-content\/uploads\/2023\/11\/vigili-fuoco-agordo-2-scaled.jpg","_links":{"self":[{"href":"https:\/\/www.radiopiu.net\/wordpress\/wp-json\/wp\/v2\/posts\/364111","targetHints":{"allow":["GET"]}}],"collection":[{"href":"https:\/\/www.radiopiu.net\/wordpress\/wp-json\/wp\/v2\/posts"}],"about":[{"href":"https:\/\/www.radiopiu.net\/wordpress\/wp-json\/wp\/v2\/types\/post"}],"author":[{"embeddable":true,"href":"https:\/\/www.radiopiu.net\/wordpress\/wp-json\/wp\/v2\/users\/4"}],"replies":[{"embeddable":true,"href":"https:\/\/www.radiopiu.net\/wordpress\/wp-json\/wp\/v2\/comments?post=364111"}],"version-history":[{"count":0,"href":"https:\/\/www.radiopiu.net\/wordpress\/wp-json\/wp\/v2\/posts\/364111\/revisions"}],"wp:featuredmedia":[{"embeddable":true,"href":"https:\/\/www.radiopiu.net\/wordpress\/wp-json\/wp\/v2\/media\/363323"}],"wp:attachment":[{"href":"https:\/\/www.radiopiu.net\/wordpress\/wp-json\/wp\/v2\/media?parent=364111"}],"wp:term":[{"taxonomy":"category","embeddable":true,"href":"https:\/\/www.radiopiu.net\/wordpress\/wp-json\/wp\/v2\/categories?post=364111"},{"taxonomy":"post_tag","embeddable":true,"href":"https:\/\/www.radiopiu.net\/wordpress\/wp-json\/wp\/v2\/tags?post=364111"}],"curies":[{"name":"wp","href":"https:\/\/api.w.org\/{rel}","templated":true}]}}