{"id":364114,"date":"2023-12-02T05:10:01","date_gmt":"2023-12-02T04:10:01","guid":{"rendered":"https:\/\/www.radiopiu.net\/wordpress\/?p=364114"},"modified":"2023-12-02T06:33:24","modified_gmt":"2023-12-02T05:33:24","slug":"ladri-scatenati-nel-tardo-pomeriggio-sette-abitazioni-colpite-in-un-nuovo-raid","status":"publish","type":"post","link":"https:\/\/www.radiopiu.net\/wordpress\/ladri-scatenati-nel-tardo-pomeriggio-sette-abitazioni-colpite-in-un-nuovo-raid\/","title":{"rendered":"Ladri scatenati nel Tardo Pomeriggio: Sette Abitazioni Colpite in un Nuovo Raid"},"content":{"rendered":"<p><strong><img loading=\"lazy\" decoding=\"async\" class=\"alignleft\" src=\"https:\/\/www.radiopiu.net\/wordpress\/wp-content\/uploads\/2021\/10\/d114a40e-bd5d-4ed4-969a-c1cfff9b1497.jpg\" width=\"256\" height=\"192\" \/>FELTRE<\/strong> Aumenta la sensazione di insicurezza in provincia, ma soprattutto nel feltrino zona troppo spesso interessata da furti e scorribande impunite. Anche giovedi hanno vinto i ladri che hanno visitato\u00a0 sette abitazioni ad\u00a0 Alano. I ladri, rapidi, furtivi, abili e sfrontati, hanno operato nel tardo pomeriggio, sorprendendo i proprietari che si sono trovati di fronte a una situazione di furto senza accorgersene. Il bottino \u00e8 ancora in corso di quantificazione, ma l&#8217;allarme \u00e8 elevato, soprattutto alla luce di un precedente raid mercoled\u00ec a Fonzaso, dove quattro case sono state visitate nella stessa fascia oraria. Gli obiettivi principali sembrano essere oro e denaro contante. I malviventi hanno agito anche in abitazioni occupate senza alcuna esitazione. I residenti sono stati vittime di intrusioni mentre erano in casa, mettendo in mostra la spavalderia della banda. In alcuni casi, i ladri sono riusciti ad entrare senza essere notati, come nel caso di un bambino con la madre che faceva i compiti nella sua cameretta. Il bollettino in fase di aggiornamento riporta due case svaligiate in via Tenente De Rossi, mentre le altre cinque sono distribuite tra la zona della farmacia e la piazza. In uno degli episodi, la banda \u00e8 entrata da una finestra, sorprendendo una madre con il bambino, ma si \u00e8 dileguata rapidamente dopo essere stata scoperta.<\/p>\n<div class=\"flex-1 overflow-hidden\">\n<div class=\"react-scroll-to-bottom--css-ltpjk-79elbk h-full\">\n<div class=\"react-scroll-to-bottom--css-ltpjk-1n7m0yu\">\n<div class=\"flex flex-col pb-9 text-sm\">\n<div class=\"w-full text-token-text-primary\" data-testid=\"conversation-turn-13\">\n<div class=\"px-4 py-2 justify-center text-base md:gap-6 md:py-6 m-auto\">\n<div class=\"flex flex-1 text-base mx-auto gap-3 md:px-5 lg:px-1 xl:px-5 md:max-w-3xl lg:max-w-[40rem] xl:max-w-[48rem] } group final-completion\">\n<div class=\"relative flex w-full flex-col lg:w-[calc(100%-115px)] agent-turn\">\n<div class=\"flex-col gap-1 md:gap-3\">\n<div class=\"flex flex-grow flex-col max-w-full\">\n<div class=\"min-h-[20px] text-message flex flex-col items-start gap-3 whitespace-pre-wrap break-words [.text-message+&amp;]:mt-5 overflow-x-auto\" data-message-author-role=\"assistant\" data-message-id=\"c8e609c4-06c8-4f7a-9689-7d152a38b664\">\n<div class=\"markdown prose w-full break-words dark:prose-invert dark\">\n<p>Si sospetta che questa possa essere la stessa banda che ha recentemente agito nella zona della pedemontana trevigiana, compiendo raid consecutivi a Monfumo, Biadene e Castelcucco. I proprietari colpiti si sono recati in caserma per formalizzare le denunce e verificare gli oggetti rubati. Nel frattempo, si indaga anche sui colpi messi a segno mercoled\u00ec ad Arten di Fonzaso, dove i ladri sono riusciti a sfuggire alla perlustrazione dei Carabinieri, entrando ed uscendo attraverso porte e finestre sul retro delle abitazioni.<\/p>\n<\/div>\n<p>&nbsp;<\/p>\n<\/div>\n<\/div>\n<\/div>\n<\/div>\n<\/div>\n<hr \/>\n<div class=\"flex flex-1 text-base mx-auto gap-3 md:px-5 lg:px-1 xl:px-5 md:max-w-3xl lg:max-w-[40rem] xl:max-w-[48rem] } group final-completion\">\n<div class=\"relative flex w-full flex-col lg:w-[calc(100%-115px)] agent-turn\">\n<div class=\"flex-col gap-1 md:gap-3\">\n<div class=\"mt-1 flex justify-start gap-3 empty:hidden\">\n<div class=\"text-gray-400 flex self-end lg:self-center justify-center lg:justify-start mt-0 gap-1 visible\">\n<div class=\"flex gap-1\"><\/div>\n<div class=\"flex items-center gap-1.5 text-xs\"><\/div>\n<\/div>\n<\/div>\n<\/div>\n<\/div>\n<\/div>\n<\/div>\n<\/div>\n<\/div>\n<\/div>\n<\/div>\n<\/div>\n<div class=\"w-full pt-2 md:pt-0 dark:border-white\/20 md:border-transparent md:dark:border-transparent md:w-[calc(100%-.5rem)]\">\n<form class=\"stretch mx-2 flex flex-row gap-3 last:mb-2 md:mx-4 md:last:mb-6 lg:mx-auto lg:max-w-2xl xl:max-w-3xl\">\n<div class=\"relative flex h-full flex-1 items-stretch md:flex-col\">\n<div class=\"flex w-full items-center\"><\/div>\n<\/div>\n<\/form>\n<\/div>\n","protected":false},"excerpt":{"rendered":"<p>FELTRE Aumenta la sensazione di insicurezza in provincia, ma soprattutto nel feltrino zona troppo spesso interessata da furti e scorribande impunite. Anche giovedi hanno vinto i ladri che hanno visitato\u00a0 sette abitazioni ad\u00a0 Alano. I ladri, rapidi, furtivi, abili e sfrontati, hanno operato nel tardo pomeriggio, sorprendendo i proprietari che si sono trovati di fronte&hellip;<\/p>\n","protected":false},"author":4,"featured_media":237169,"comment_status":"closed","ping_status":"closed","sticky":false,"template":"","format":"standard","meta":{"_monsterinsights_skip_tracking":false,"_monsterinsights_sitenote_active":false,"_monsterinsights_sitenote_note":"","_monsterinsights_sitenote_category":0,"footnotes":""},"categories":[51,49],"tags":[],"class_list":["post-364114","post","type-post","status-publish","format-standard","has-post-thumbnail","hentry","category-evidenza-top","category-news-18","category-51","category-49","description-off"],"img_url":"https:\/\/www.radiopiu.net\/wordpress\/wp-content\/uploads\/2021\/10\/d114a40e-bd5d-4ed4-969a-c1cfff9b1497.jpg","_links":{"self":[{"href":"https:\/\/www.radiopiu.net\/wordpress\/wp-json\/wp\/v2\/posts\/364114","targetHints":{"allow":["GET"]}}],"collection":[{"href":"https:\/\/www.radiopiu.net\/wordpress\/wp-json\/wp\/v2\/posts"}],"about":[{"href":"https:\/\/www.radiopiu.net\/wordpress\/wp-json\/wp\/v2\/types\/post"}],"author":[{"embeddable":true,"href":"https:\/\/www.radiopiu.net\/wordpress\/wp-json\/wp\/v2\/users\/4"}],"replies":[{"embeddable":true,"href":"https:\/\/www.radiopiu.net\/wordpress\/wp-json\/wp\/v2\/comments?post=364114"}],"version-history":[{"count":0,"href":"https:\/\/www.radiopiu.net\/wordpress\/wp-json\/wp\/v2\/posts\/364114\/revisions"}],"wp:featuredmedia":[{"embeddable":true,"href":"https:\/\/www.radiopiu.net\/wordpress\/wp-json\/wp\/v2\/media\/237169"}],"wp:attachment":[{"href":"https:\/\/www.radiopiu.net\/wordpress\/wp-json\/wp\/v2\/media?parent=364114"}],"wp:term":[{"taxonomy":"category","embeddable":true,"href":"https:\/\/www.radiopiu.net\/wordpress\/wp-json\/wp\/v2\/categories?post=364114"},{"taxonomy":"post_tag","embeddable":true,"href":"https:\/\/www.radiopiu.net\/wordpress\/wp-json\/wp\/v2\/tags?post=364114"}],"curies":[{"name":"wp","href":"https:\/\/api.w.org\/{rel}","templated":true}]}}