{"id":364120,"date":"2023-12-02T05:34:33","date_gmt":"2023-12-02T04:34:33","guid":{"rendered":"https:\/\/www.radiopiu.net\/wordpress\/?p=364120"},"modified":"2023-12-02T05:34:33","modified_gmt":"2023-12-02T04:34:33","slug":"copertura-della-tribuna-dello-stadio-dorigo-pronto-il-piano-esecutivo","status":"publish","type":"post","link":"https:\/\/www.radiopiu.net\/wordpress\/copertura-della-tribuna-dello-stadio-dorigo-pronto-il-piano-esecutivo\/","title":{"rendered":"Copertura della tribuna dello stadio Dorigo: pronto il piano esecutivo"},"content":{"rendered":"<blockquote>\n<h2>**<\/h2>\n<h2><\/h2>\n<h2>DI GIANNI SANTOMASO<\/h2>\n<\/blockquote>\n<p><strong><a class=\"dt-pswp-item\" href=\"https:\/\/www.radiopiu.net\/wordpress\/wp-content\/uploads\/2023\/12\/Senza-nome-6.png\" data-dt-img-description=\"\" data-large_image_width=\"594\" data-large_image_height=\"287\"><img loading=\"lazy\" decoding=\"async\" class=\"size-medium wp-image-364119 alignleft\" src=\"https:\/\/www.radiopiu.net\/wordpress\/wp-content\/uploads\/2023\/12\/Senza-nome-6-300x145.png\" alt=\"\" width=\"300\" height=\"145\" srcset=\"https:\/\/www.radiopiu.net\/wordpress\/wp-content\/uploads\/2023\/12\/Senza-nome-6-300x145.png 300w, https:\/\/www.radiopiu.net\/wordpress\/wp-content\/uploads\/2023\/12\/Senza-nome-6.png 594w\" sizes=\"auto, (max-width: 300px) 100vw, 300px\" \/><\/a>AGORDO\u00a0<\/strong> Lo studio di ingegneria Mtd ha consegnato agli uffici del Comune di Agordo il progetto esecutivo per la copertura della tribuna dello stadio Ivano Dorigo. Un intervento che \u00e8 atteso da diverso tempo non solo ad Agordo, ma nell&#8217;intera vallata perch\u00e9 in questa maniera l&#8217;impianto di atletica potr\u00e0 ospitare anche gare di carattere nazionale.<\/p>\n<div class=\"articlePlainText\">Per l&#8217;intervento il Comune ha stanziato 390 mila euro: 350 mila derivanti dai fondi di confine di area vasta, 40 mila di fondi di bilancio. \u00abIl progetto redatto dallo studio Mtd\u00bb, spiega l&#8217;assessora allo sport, Cristina Bien, \u00ab\u00e8 stato spedito in Comune. Ora gli uffici provvederanno alla validazione e poi lo manderanno in giunta per l&#8217;approvazione. Credo che a breve l&#8217;iter possa concludersi\u00bb.<\/div>\n<div class=\"articlePlainText\">A quel punto di aprir\u00e0 quello per l&#8217;appalto dei lavori. \u00abL&#8217;intenzione \u00e8 quella di andare a gara con l&#8217;inizio dell&#8217;anno\u00bb, dice Bien, \u00abin modo tale da poter partire con i lavori a met\u00e0 marzo o comunque con l&#8217;arrivo della buona stagione\u00bb.<\/div>\n<div class=\"articlePlainText\">L&#8217;obiettivo \u00e8 quello di far s\u00ec che, per l&#8217;avvio della stagione sportiva 2024-2025, l&#8217;impianto di Polane sia completato, sia per la copertura della tribuna, sia per il sintetico sul campo di allenamento. Il bando per di tale lavoro \u00e8 stato posticipato di quindici giorni per ragioni tecniche.<\/div>\n<div><\/div>\n<div><\/div>\n<div>\n<hr \/>\n<\/div>\n","protected":false},"excerpt":{"rendered":"<p>** DI GIANNI SANTOMASO AGORDO\u00a0 Lo studio di ingegneria Mtd ha consegnato agli uffici del Comune di Agordo il progetto esecutivo per la copertura della tribuna dello stadio Ivano Dorigo. Un intervento che \u00e8 atteso da diverso tempo non solo ad Agordo, ma nell&#8217;intera vallata perch\u00e9 in questa maniera l&#8217;impianto di atletica potr\u00e0 ospitare anche&hellip;<\/p>\n","protected":false},"author":4,"featured_media":364119,"comment_status":"closed","ping_status":"closed","sticky":false,"template":"","format":"standard","meta":{"_monsterinsights_skip_tracking":false,"_monsterinsights_sitenote_active":false,"_monsterinsights_sitenote_note":"","_monsterinsights_sitenote_category":0,"footnotes":""},"categories":[49],"tags":[],"class_list":["post-364120","post","type-post","status-publish","format-standard","has-post-thumbnail","hentry","category-news-18","category-49","description-off"],"img_url":"https:\/\/www.radiopiu.net\/wordpress\/wp-content\/uploads\/2023\/12\/Senza-nome-6.png","_links":{"self":[{"href":"https:\/\/www.radiopiu.net\/wordpress\/wp-json\/wp\/v2\/posts\/364120","targetHints":{"allow":["GET"]}}],"collection":[{"href":"https:\/\/www.radiopiu.net\/wordpress\/wp-json\/wp\/v2\/posts"}],"about":[{"href":"https:\/\/www.radiopiu.net\/wordpress\/wp-json\/wp\/v2\/types\/post"}],"author":[{"embeddable":true,"href":"https:\/\/www.radiopiu.net\/wordpress\/wp-json\/wp\/v2\/users\/4"}],"replies":[{"embeddable":true,"href":"https:\/\/www.radiopiu.net\/wordpress\/wp-json\/wp\/v2\/comments?post=364120"}],"version-history":[{"count":0,"href":"https:\/\/www.radiopiu.net\/wordpress\/wp-json\/wp\/v2\/posts\/364120\/revisions"}],"wp:featuredmedia":[{"embeddable":true,"href":"https:\/\/www.radiopiu.net\/wordpress\/wp-json\/wp\/v2\/media\/364119"}],"wp:attachment":[{"href":"https:\/\/www.radiopiu.net\/wordpress\/wp-json\/wp\/v2\/media?parent=364120"}],"wp:term":[{"taxonomy":"category","embeddable":true,"href":"https:\/\/www.radiopiu.net\/wordpress\/wp-json\/wp\/v2\/categories?post=364120"},{"taxonomy":"post_tag","embeddable":true,"href":"https:\/\/www.radiopiu.net\/wordpress\/wp-json\/wp\/v2\/tags?post=364120"}],"curies":[{"name":"wp","href":"https:\/\/api.w.org\/{rel}","templated":true}]}}