{"id":364138,"date":"2023-12-02T07:55:29","date_gmt":"2023-12-02T06:55:29","guid":{"rendered":"https:\/\/www.radiopiu.net\/wordpress\/?p=364138"},"modified":"2023-12-02T08:50:01","modified_gmt":"2023-12-02T07:50:01","slug":"dal1983-loriginale-la-rassegna-stampa-locale-di-mirko-mezzacasa","status":"publish","type":"post","link":"https:\/\/www.radiopiu.net\/wordpress\/dal1983-loriginale-la-rassegna-stampa-locale-di-mirko-mezzacasa\/","title":{"rendered":"dal1983, l&#8217;originale LA RASSEGNA STAMPA LOCALE DI MIRKO MEZZACASA"},"content":{"rendered":"<p>&nbsp;<\/p>\n<p><iframe loading=\"lazy\" title=\"dal1983, l&#039;originale LA RASSEGNA STAMPA LOCALE DI MIRKO MEZZACASA\" width=\"1200\" height=\"675\" src=\"https:\/\/www.youtube.com\/embed\/INZuAKufxxw?feature=oembed\" frameborder=\"0\" allow=\"accelerometer; autoplay; clipboard-write; encrypted-media; gyroscope; picture-in-picture; web-share\" allowfullscreen><\/iframe><\/p>\n<p>&nbsp;<\/p>\n<p>&nbsp;<\/p>\n<p>&nbsp;<\/p>\n<p><strong>AGORDO<\/strong> OGGI\u00a0 I PERITI MINERARI E L\u2019ISTITUTO UMBERTO FOLLADOR FESTEGGIANO SANTA BARBARA, ALLE 10 LA MESSA NELL\u2019ARCIDIACONALE, A SEGUIRE LA CONSEGNA DELLE BORSE DI STUDIO IN SALA DON TAMIS DIRETTA SUI CANALI FACEBOOK, TELEGRAM E SITO RADIOPIU<br \/>\n<strong>BELLUNO<\/strong> Oggi alle 10:30 in sala Bianchi a Belluno si terr\u00e0 un convegno per l\u2019eliminazione della violenza contro le donne dal titolo \u201cFacciamo Rete\u201d. Ingresso libero.<\/p>\n<p><strong>SELVA DI CADORE<\/strong>\u00a0Lunedi 4 dicembre dalle 8 alle 12 e dalle 13.30 alle 17 chiusura della provinciale 20 in localit\u00e0 Marzeluch di Colle Santa Lucia. Nella giornata saranno infatti montate l barriere paramassi.<br \/>\n<strong>OGGI<\/strong> L&#8217;ULTIMO SALUTO AL POMPIERE CHRISTIAN BORGO VALBELLUNA Lara, la moglie, con i figli Diego, Raul, mamma, pap\u00e0, fratello e sorella, hanno dato il triste annuncio della morte di Christian Somacal. I funerali si svolgeranno oggi alle 14.30 a Lentiai.<br \/>\n<strong>CENCENIGHE <\/strong>\u00a0L&#8217;intervento \u00e8 stato necessario a causa di un cavo elettrico che penzolava dalla volta della galleria delle Anime, creando un potenziale pericolo per la circolazione stradale. I Vigili del Fuoco, con tempestivit\u00e0 e professionalit\u00e0, hanno messo in sicurezza il cavo e ripristinato la viabilit\u00e0, evitando cos\u00ec possibili incidenti.<br \/>\n<strong>FELTRE<\/strong> Suem 118, Carabinieri e Vigili del fuoco sono intervenuti a Feltre poco prima delle 18 in seguito all&#8217;investimento di una donna di 53 anni di Belluno trasportata con l&#8217;ambulanza medicalizzata del pronto soccorso del Santa Maria del Prato con ferite di media gravit\u00e0<br \/>\n<strong>FELTRE<\/strong> Aumenta la sensazione di insicurezza in provincia, ma soprattutto nel feltrino zona troppo spesso interessata da furti e scorribande impunite. Anche giovedi hanno vinto i ladri che hanno visitato\u00a0 sette abitazioni ad\u00a0 Alano. I ladri, rapidi, furtivi, abili e sfrontati, hanno operato nel tardo pomeriggio, sorprendendo i proprietari che si sono trovati di fronte a una situazione di furto senza accorgersene. Il bottino \u00e8 ancora in corso di quantificazione<br \/>\n<strong>BELLUNO<\/strong> Lorraine Berton (foto), presidente di Confindustria Belluno Dolomiti, ha dichiarato che se il territorio veneto e bellunese non otterr\u00e0 la dignit\u00e0 che merita nelle Olimpiadi 2026, assegnate a Milano e Cortina, si valuter\u00e0 una richiesta di danni di immagine e al territorio, comprese azioni legali.<br \/>\nIL COMUNE DI AGORDO VUOLE APPROVARE IL PAT ENTRO META&#8217; APRILE<br \/>\nCopertura della tribuna dello stadio Dorigo: pronto il piano esecutivo<br \/>\nBELLUNO Il Comandante della Polizia locale di Belluno, Antonio Codemo, ha guidato la giornata di studi dedicata all&#8217;infortunistica stradale presso la Sala Bianchi. La giornata ha visto la partecipazione di esperti nel settore, con relatori di rilievo<br \/>\nDon Fabio Fiori \u00e8 stato scelto come protagonista della campagna mediatica nazionale della Conferenza Episcopale Italiana (CEI) per la sensibilizzazione sulle offerte deducibili. Don Fabio Fiori, parroco delle comunit\u00e0 di Danta e San Nicol\u00f2 in Comelico, \u00e8 stato riconosciuto come esempio di resilienza, solidariet\u00e0 e generosit\u00e0. La sua iniziativa innovativa, la cooperativa &#8220;Alberi di Mango&#8221;, \u00e8 stata selezionata come simbolo di come la comunit\u00e0 pu\u00f2 affrontare sfide difficili, mantenendo la coesione e offrendo supporto reciproco<br \/>\nBELLUNO Il Vicepresidente del Consiglio dei Ministri e Ministro degli Esteri, Antonio Tajani, sar\u00e0 a Belluno oggi alle 16 per partecipare a un evento organizzato da Confindustria Belluno Dolomiti.<br \/>\nBELLUNO Oggi il Commissario Dal Ben ha introdotto i 21 nuovi direttori di Dipartimento dell&#8217;Ulss Dolomiti, completando l&#8217;organizzazione aziendale con 205 incarichi assegnati dal mese di maggio. Tra i nuovi incarichi, 9 sono primari, 21 responsabili di unit\u00e0 operativa e 14 ad alta specializzazione<br \/>\nSUL SITO DI RADIOPIU: SPECIALE RINNOVO CONTRATTO LAVORO LUXOTTICA<br \/>\nIl punto con la Uil, Roberto Toigo segretario generale Veneto, Emilio Bez e Viviana De Rocco delegati Uil-Uiltec Luxottica Agordo.<br \/>\nConsiglio Comunale di Ponte nelle Alpi: Interventi per Illuminazione e Sicurezza Urbana, intervento per 67mila euro.<br \/>\nInvestimenti di oltre 3 Milioni di Euro per Hotel Boite e Residence Corte a Borca di Cadore<br \/>\nBELLUNO Oggi, dalle 17:00 alle 18:30, presso Palazzo Bembo a Belluno, si terr\u00e0 una tavola rotonda esclusiva e su invito dedicata al ruolo cruciale di cultura e creativit\u00e0 nello sviluppo dell&#8217;economia locale. Moderata da Massimo Ferigutti, Presidente della Fondazione Teatri delle Dolomiti<br \/>\nFALCADE L&#8217;8 e il 9 dicembre sono le date da segnare sul calendario. Torna &#8220;Emozioni Sotto L&#8217;Albero&#8221;. Venerd\u00ec 8 giochi per bambini a partire dalle 16, a seguire nutella party e alle 17:30 l&#8217;accensione dell&#8217;albero di Natale sulla Piana. Il giorno seguente il mercatino d&#8217;inverno a Caviola e a Canale D&#8217;Agordo dalle 16 passeggiata con gli asini e gli zampognari, alle 17:30 l&#8217;accensione dell&#8217;Albero di Natale con la Pro Loco.<br \/>\nMaltempo Posticipata a domani l&#8217;apertura degli impianti a Falcade e Alleghe<br \/>\nDA ALLEGHE A FORCELLA AURINE, DA FALCADE AD ARABBA E CORVARA &#8211; A COLLOQUIO CON I RESPONSABILI DELLE STAZIONI SCIISTICHE sul sito di radiopiu servizi e interviste<\/p>\n<p>CALCIO REDAZIONE Ultimi due fine settimana di calcio giocato per alcune squadre dell\u2019Agordina. Allievi e Giovanissimi hanno gi\u00e0 terminato la prima parte del campionato e torneranno in campo l\u2019ultimo fine settimana di febbraio. Juniores e Terza Categoria sono impegnate con le ultime partite prima della lunga pausa e questo fine settimana giocheranno il penultimo turno prima dello stop.<br \/>\nHOCKEY\u00a0 IHL: ALLEGHE A DOBBIACO, TURNO DI RIPOSO PER IL FELTRE<\/p>\n<p>&nbsp;<\/p>\n<hr \/>\n<p>&nbsp;<\/p>\n<p>&nbsp;<\/p>\n<p>&nbsp;<\/p>\n<p>&nbsp;<\/p>\n<p>&nbsp;<\/p>\n<p>&nbsp;<\/p>\n<p>&nbsp;<\/p>\n<p>&nbsp;<\/p>\n<p>&nbsp;<\/p>\n<p>&nbsp;<\/p>\n<p>&nbsp;<\/p>\n<p>&nbsp;<\/p>\n<p>&nbsp;<\/p>\n<p>&nbsp;<\/p>\n<p>&nbsp;<\/p>\n<p>&nbsp;<\/p>\n<p>&nbsp;<\/p>\n<p>&nbsp;<\/p>\n<p>&nbsp;<\/p>\n<p>&nbsp;<\/p>\n<p>&nbsp;<\/p>\n","protected":false},"excerpt":{"rendered":"<p>&nbsp; &nbsp; &nbsp; &nbsp; AGORDO OGGI\u00a0 I PERITI MINERARI E L\u2019ISTITUTO UMBERTO FOLLADOR FESTEGGIANO SANTA BARBARA, ALLE 10 LA MESSA NELL\u2019ARCIDIACONALE, A SEGUIRE LA CONSEGNA DELLE BORSE DI STUDIO IN SALA DON TAMIS DIRETTA SUI CANALI FACEBOOK, TELEGRAM E SITO RADIOPIU BELLUNO Oggi alle 10:30 in sala Bianchi a Belluno si terr\u00e0 un convegno per&hellip;<\/p>\n","protected":false},"author":4,"featured_media":364141,"comment_status":"closed","ping_status":"closed","sticky":false,"template":"","format":"standard","meta":{"_monsterinsights_skip_tracking":false,"_monsterinsights_sitenote_active":false,"_monsterinsights_sitenote_note":"","_monsterinsights_sitenote_category":0,"footnotes":""},"categories":[104,49,142],"tags":[],"class_list":["post-364138","post","type-post","status-publish","format-standard","has-post-thumbnail","hentry","category-evidenza_3","category-news-18","category-rassegna-stampa","category-104","category-49","category-142","description-off"],"img_url":"https:\/\/www.radiopiu.net\/wordpress\/wp-content\/uploads\/2023\/12\/Senza-nome-8.png","_links":{"self":[{"href":"https:\/\/www.radiopiu.net\/wordpress\/wp-json\/wp\/v2\/posts\/364138","targetHints":{"allow":["GET"]}}],"collection":[{"href":"https:\/\/www.radiopiu.net\/wordpress\/wp-json\/wp\/v2\/posts"}],"about":[{"href":"https:\/\/www.radiopiu.net\/wordpress\/wp-json\/wp\/v2\/types\/post"}],"author":[{"embeddable":true,"href":"https:\/\/www.radiopiu.net\/wordpress\/wp-json\/wp\/v2\/users\/4"}],"replies":[{"embeddable":true,"href":"https:\/\/www.radiopiu.net\/wordpress\/wp-json\/wp\/v2\/comments?post=364138"}],"version-history":[{"count":0,"href":"https:\/\/www.radiopiu.net\/wordpress\/wp-json\/wp\/v2\/posts\/364138\/revisions"}],"wp:featuredmedia":[{"embeddable":true,"href":"https:\/\/www.radiopiu.net\/wordpress\/wp-json\/wp\/v2\/media\/364141"}],"wp:attachment":[{"href":"https:\/\/www.radiopiu.net\/wordpress\/wp-json\/wp\/v2\/media?parent=364138"}],"wp:term":[{"taxonomy":"category","embeddable":true,"href":"https:\/\/www.radiopiu.net\/wordpress\/wp-json\/wp\/v2\/categories?post=364138"},{"taxonomy":"post_tag","embeddable":true,"href":"https:\/\/www.radiopiu.net\/wordpress\/wp-json\/wp\/v2\/tags?post=364138"}],"curies":[{"name":"wp","href":"https:\/\/api.w.org\/{rel}","templated":true}]}}