{"id":364203,"date":"2023-12-02T15:21:45","date_gmt":"2023-12-02T14:21:45","guid":{"rendered":"https:\/\/www.radiopiu.net\/wordpress\/?p=364203"},"modified":"2023-12-02T15:21:45","modified_gmt":"2023-12-02T14:21:45","slug":"meteo-in-arrivo-nuovo-peggioramento","status":"publish","type":"post","link":"https:\/\/www.radiopiu.net\/wordpress\/meteo-in-arrivo-nuovo-peggioramento\/","title":{"rendered":"METEO. IN ARRIVO NUOVO PEGGIORAMENTO"},"content":{"rendered":"<p>****<\/p>\n<p>&nbsp;<\/p>\n<p><strong>VENEZIA <\/strong>Le previsioni meteo annunciano per le prossime ore una nuova fase di instabilit\u00e0 a partire dai settori occidentali con precipitazioni irregolari anche con rovesci e con possibilit\u00e0 di qualche temporale. Il limite neve \u00e8 in marcato calo. Rinforzi di vento da nord in montagna con raffiche di Foehn in qualche valle e localmente fino alla pedemontana e da nord-est sulla costa dove saranno tesi o a tratti forti. Domani tempo stabile con temperature in forte calo. Il Centro Funzionale Decentrato della Protezione Civile regionale, sulla base di queste previsioni meteo, ha emesso un bollettino che dichiara lo stato di \u201cAttenzione\u201d (Giallo) per criticit\u00e0 idrogeologica nei bacini Vene-B (Alto Brenta-Bacchiglione-Alpone) e Vene-H (Piave Pedemontano), dalle 14 di oggi sabato 2 dicembre fino alle ore 00:00 di domani 03 dicembre. \u00c8 altres\u00ec dichiarato lo stato di \u201cAttenzione\u201d (Giallo) per criticit\u00e0 idraulica dalle ore 16 di oggi 2 dicembre alle 14 di domani 3 dicembre nei bacini Vene-C (Adige-Garda e Monti Lessini), riferita al transito della piena lungo il fiume Adige, e\u00a0 Vene-G (Livenza, Lemene e Tagliamento),per il transito della piena lungo il fiume Tagliamento.<\/p>\n<p>&nbsp;<\/p>\n<p><a class=\"dt-pswp-item\" href=\"https:\/\/www.radiopiu.net\/wordpress\/wp-content\/uploads\/2023\/12\/SCR-20231202-noup.png\" data-dt-img-description=\"\" data-large_image_width=\"1296\" data-large_image_height=\"374\"><img loading=\"lazy\" decoding=\"async\" class=\"alignnone wp-image-364204 size-large\" src=\"https:\/\/www.radiopiu.net\/wordpress\/wp-content\/uploads\/2023\/12\/SCR-20231202-noup-1024x296.png\" alt=\"\" width=\"1024\" height=\"296\" srcset=\"https:\/\/www.radiopiu.net\/wordpress\/wp-content\/uploads\/2023\/12\/SCR-20231202-noup-1024x296.png 1024w, https:\/\/www.radiopiu.net\/wordpress\/wp-content\/uploads\/2023\/12\/SCR-20231202-noup-300x87.png 300w, https:\/\/www.radiopiu.net\/wordpress\/wp-content\/uploads\/2023\/12\/SCR-20231202-noup-768x222.png 768w, https:\/\/www.radiopiu.net\/wordpress\/wp-content\/uploads\/2023\/12\/SCR-20231202-noup-350x100.png 350w, https:\/\/www.radiopiu.net\/wordpress\/wp-content\/uploads\/2023\/12\/SCR-20231202-noup.png 1296w\" sizes=\"auto, (max-width: 1024px) 100vw, 1024px\" \/><\/a><\/p>\n<p>&nbsp;<\/p>\n<p>&nbsp;<\/p>\n<p>********<\/p>\n","protected":false},"excerpt":{"rendered":"<p>**** &nbsp; VENEZIA Le previsioni meteo annunciano per le prossime ore una nuova fase di instabilit\u00e0 a partire dai settori occidentali con precipitazioni irregolari anche con rovesci e con possibilit\u00e0 di qualche temporale. Il limite neve \u00e8 in marcato calo. Rinforzi di vento da nord in montagna con raffiche di Foehn in qualche valle e&hellip;<\/p>\n","protected":false},"author":4,"featured_media":165742,"comment_status":"closed","ping_status":"closed","sticky":false,"template":"","format":"standard","meta":{"_monsterinsights_skip_tracking":false,"_monsterinsights_sitenote_active":false,"_monsterinsights_sitenote_note":"","_monsterinsights_sitenote_category":0,"footnotes":""},"categories":[49],"tags":[],"class_list":["post-364203","post","type-post","status-publish","format-standard","has-post-thumbnail","hentry","category-news-18","category-49","description-off"],"img_url":"https:\/\/www.radiopiu.net\/wordpress\/wp-content\/uploads\/2020\/10\/PIOGGIA.jpg","_links":{"self":[{"href":"https:\/\/www.radiopiu.net\/wordpress\/wp-json\/wp\/v2\/posts\/364203","targetHints":{"allow":["GET"]}}],"collection":[{"href":"https:\/\/www.radiopiu.net\/wordpress\/wp-json\/wp\/v2\/posts"}],"about":[{"href":"https:\/\/www.radiopiu.net\/wordpress\/wp-json\/wp\/v2\/types\/post"}],"author":[{"embeddable":true,"href":"https:\/\/www.radiopiu.net\/wordpress\/wp-json\/wp\/v2\/users\/4"}],"replies":[{"embeddable":true,"href":"https:\/\/www.radiopiu.net\/wordpress\/wp-json\/wp\/v2\/comments?post=364203"}],"version-history":[{"count":0,"href":"https:\/\/www.radiopiu.net\/wordpress\/wp-json\/wp\/v2\/posts\/364203\/revisions"}],"wp:featuredmedia":[{"embeddable":true,"href":"https:\/\/www.radiopiu.net\/wordpress\/wp-json\/wp\/v2\/media\/165742"}],"wp:attachment":[{"href":"https:\/\/www.radiopiu.net\/wordpress\/wp-json\/wp\/v2\/media?parent=364203"}],"wp:term":[{"taxonomy":"category","embeddable":true,"href":"https:\/\/www.radiopiu.net\/wordpress\/wp-json\/wp\/v2\/categories?post=364203"},{"taxonomy":"post_tag","embeddable":true,"href":"https:\/\/www.radiopiu.net\/wordpress\/wp-json\/wp\/v2\/tags?post=364203"}],"curies":[{"name":"wp","href":"https:\/\/api.w.org\/{rel}","templated":true}]}}