{"id":364454,"date":"2023-12-05T05:42:17","date_gmt":"2023-12-05T04:42:17","guid":{"rendered":"https:\/\/www.radiopiu.net\/wordpress\/?p=364454"},"modified":"2023-12-05T16:18:15","modified_gmt":"2023-12-05T15:18:15","slug":"giornale-radiopiu-05-dicembre-2023-direttore-mirko-mezzacasada-40-anni-25-giugno-1983-25-giugno-2023","status":"publish","type":"post","link":"https:\/\/www.radiopiu.net\/wordpress\/giornale-radiopiu-05-dicembre-2023-direttore-mirko-mezzacasada-40-anni-25-giugno-1983-25-giugno-2023\/","title":{"rendered":"GIORNALE RADIOPIU 05 DICEMBRE 2023 DIRETTORE MIRKO MEZZACASA\u2026DA 40 ANNI 25 GIUGNO 1983-25 GIUGNO 2023"},"content":{"rendered":"<p>****<\/p>\n<p>&nbsp;<\/p>\n<blockquote>\n<h3>A CACCIA E IN FILA INDIANA<\/h3>\n<\/blockquote>\n<p><strong>ROCCA PIETORE<\/strong> la passeggiate dei lupi, cinque in fila indiana, pizzicati sulla strada per lo Chalet in riva al lago di Alleghe<\/p>\n<div style=\"width: 848px;\" class=\"wp-video\"><video class=\"wp-video-shortcode\" id=\"video-364454-1\" width=\"848\" height=\"480\" preload=\"metadata\" controls=\"controls\"><source type=\"video\/mp4\" src=\"https:\/\/www.radiopiu.net\/wordpress\/wp-content\/uploads\/2023\/12\/WhatsApp-Video-2023-12-05-at-00.12.12.mp4?_=1\" \/><a href=\"https:\/\/www.radiopiu.net\/wordpress\/wp-content\/uploads\/2023\/12\/WhatsApp-Video-2023-12-05-at-00.12.12.mp4\">https:\/\/www.radiopiu.net\/wordpress\/wp-content\/uploads\/2023\/12\/WhatsApp-Video-2023-12-05-at-00.12.12.mp4<\/a><\/video><\/div>\n<p>&nbsp;<\/p>\n<p>&nbsp;<\/p>\n<h1 class=\"entry-title photoswipe-wrapper\">40esimo di RADIOPIU\u2026. LA VOCE DELL\u2019EMOZIONE<\/h1>\n<h2><span style=\"color: #ff0000;\">ISCRIVITI AL NOSTRO CANALE\u00a0\u00a0YOUTUBE PER SEGUIRE IN DIRETTA I PRINCIPALI PROGRAMMI DI RADIO PIU\u2019 E LE FUTURE DIRETTE IN ESTERNA. PER ISCRIVERTI <a style=\"color: #ff0000;\" href=\"https:\/\/youtube.com\/@radiopiu1527\">CLICCA QUI\u00a0<\/a>E PREMI\u00a0 \u201cIscriviti\u201d<\/span><\/h2>\n<p>&nbsp;<\/p>\n<hr \/>\n<p>&nbsp;<\/p>\n<p><img loading=\"lazy\" decoding=\"async\" class=\"aligncenter\" src=\"https:\/\/www.radiopiu.net\/wordpress\/wp-content\/uploads\/2021\/02\/RADIO-A-VALVOLE.jpg\" width=\"340\" height=\"213\" \/><\/p>\n<p><span style=\"color: #ff0000;\">\u00a0 \u00a0<\/span><\/p>\n<hr \/>\n<p>&nbsp;<\/p>\n<p>&nbsp;<\/p>\n<p><strong><a class=\"dt-pswp-item\" href=\"https:\/\/www.radiopiu.net\/wordpress\/wp-content\/uploads\/2023\/12\/Senza-nome-16.png\" data-dt-img-description=\"\" data-large_image_width=\"244\" data-large_image_height=\"177\"><img loading=\"lazy\" decoding=\"async\" class=\"size-full wp-image-364595 aligncenter\" src=\"https:\/\/www.radiopiu.net\/wordpress\/wp-content\/uploads\/2023\/12\/Senza-nome-16.png\" alt=\"\" width=\"244\" height=\"177\" \/><\/a> <\/strong><\/p>\n<p><strong>\u00a0<\/strong><\/p>\n<p><strong>OGGI L&#8217;ULTIMO SALUTO A GIULIA, I FUNERALI A PADOVA NELLA BASILICA DI SANTA GIUSTINA, DALLE NOVE DEL MATTINO DIRETTA TELEVISIVA SUI CANALI DI <span style=\"color: #ff0000;\">ANTENNA 3<\/span>,\u00a0 CANALE 10 DEL DIGITALE TERRESTRE. UNA LUNGA DIRETTA CON I PROFESSIONISTI DELLA TELEVISIONE VENETA.\u00a0\u00a0<\/strong><\/p>\n<p>&nbsp;<\/p>\n<p>&nbsp;<\/p>\n<blockquote>\n<hr \/>\n<h3><\/h3>\n<h3><\/h3>\n<h3>I DATI SULLA VIOLENZA DI GENERE IN VENETO<\/h3>\n<\/blockquote>\n<p><strong><a class=\"dt-pswp-item\" href=\"https:\/\/www.radiopiu.net\/wordpress\/wp-content\/uploads\/2023\/12\/zaia-2023-scaled.jpg\" data-dt-img-description=\"\" data-large_image_width=\"2560\" data-large_image_height=\"1708\"><img loading=\"lazy\" decoding=\"async\" class=\" wp-image-364512 alignleft\" src=\"https:\/\/www.radiopiu.net\/wordpress\/wp-content\/uploads\/2023\/12\/zaia-2023-300x200.jpg\" alt=\"\" width=\"155\" height=\"103\" srcset=\"https:\/\/www.radiopiu.net\/wordpress\/wp-content\/uploads\/2023\/12\/zaia-2023-300x200.jpg 300w, https:\/\/www.radiopiu.net\/wordpress\/wp-content\/uploads\/2023\/12\/zaia-2023-1024x683.jpg 1024w, https:\/\/www.radiopiu.net\/wordpress\/wp-content\/uploads\/2023\/12\/zaia-2023-768x512.jpg 768w, https:\/\/www.radiopiu.net\/wordpress\/wp-content\/uploads\/2023\/12\/zaia-2023-1536x1025.jpg 1536w, https:\/\/www.radiopiu.net\/wordpress\/wp-content\/uploads\/2023\/12\/zaia-2023-2048x1366.jpg 2048w\" sizes=\"auto, (max-width: 155px) 100vw, 155px\" \/><\/a>VENEZIA <\/strong>Il Presidente della Regione del Veneto, Luca Zaia ha voluto ricordare la giovane Giulia Cecchettin e il lutto regionale proclamato per oggi. Con l\u2019occasione, Zaia ha chiesto ai cittadini e a tutto il mondo economico di dare un segnale forte, specialmente durante le esequie, per ricordare la ragazza veneziana: fiocchi rossi, serrande abbassate, bandiere a mezz\u2019asta in tutte le istituzioni. Nel corso del punto stampa sono stati presentati dal Presidente Zaia anche numerosi dati sulle strutture operanti in Veneto a supporto delle donne vittime di violenza e sull\u2019attivit\u00e0 di prevenzione fornita dalla Regione del Veneto.<\/p>\n<p><span style=\"color: #ff0000;\"><strong>Per visualizzare il report sulla violenza di genere <a href=\"https:\/\/www.radiopiu.net\/wordpress\/wp-content\/uploads\/2023\/12\/Violenza_Report_2023_def.pdf\">clicca qui<\/a><\/strong><\/span><\/p>\n<p><strong>IL PRESIDENTE DEL VENETO LUCA ZAIA<\/strong><\/p>\n<p><iframe loading=\"lazy\" title=\"ZAIA GIULIA E VIOLENZA\" width=\"1200\" height=\"675\" src=\"https:\/\/www.youtube.com\/embed\/CeHGGFlLBbU?feature=oembed\" frameborder=\"0\" allow=\"accelerometer; autoplay; clipboard-write; encrypted-media; gyroscope; picture-in-picture; web-share\" allowfullscreen><\/iframe><\/p>\n<p>&nbsp;<\/p>\n<p>&nbsp;<\/p>\n<p>&nbsp;<\/p>\n<hr \/>\n<p>&nbsp;<\/p>\n<blockquote>\n<h3>DOMANI I FUNERALI DI &#8220;BEPI&#8221;\u00a0 &#8220;che le tue montagne possano accoglierti in pace&#8221;<\/h3>\n<\/blockquote>\n<blockquote><p><em><strong>Tragedia in Montagna: Belluno Piange la Perdita di un Appassionato Scialpinista. L&#8217;abbraccio alla compagna Gianna, ai fratelli Giancarlo, Gianni, Dora e Stefano,<\/strong><\/em><\/p><\/blockquote>\n<p><strong><a class=\"dt-pswp-item\" href=\"https:\/\/www.radiopiu.net\/wordpress\/wp-content\/uploads\/2023\/12\/Senza-nome-12.png\" data-dt-img-description=\"\" data-large_image_width=\"409\" data-large_image_height=\"366\"><img loading=\"lazy\" decoding=\"async\" class=\" wp-image-364346 alignleft\" src=\"https:\/\/www.radiopiu.net\/wordpress\/wp-content\/uploads\/2023\/12\/Senza-nome-12-300x268.png\" alt=\"\" width=\"131\" height=\"117\" srcset=\"https:\/\/www.radiopiu.net\/wordpress\/wp-content\/uploads\/2023\/12\/Senza-nome-12-300x268.png 300w, https:\/\/www.radiopiu.net\/wordpress\/wp-content\/uploads\/2023\/12\/Senza-nome-12.png 409w\" sizes=\"auto, (max-width: 131px) 100vw, 131px\" \/><\/a>BELLUNO<\/strong> Una citt\u00e0 in\u00a0 lutto per la tragica morte di Piero Furlan, 66 anni, deceduto sabato dopo essere stato travolto da una valanga sul Giau. L&#8217;appassionato scialpinista \u00e8 rimasto sepolto sotto tre metri di neve mentre sciava, nonostante i disperati tentativi del compagno di escursione, Giuseppe Da Pian. Quest&#8217;ultimo, figlio di un amico di Furlan che quest&#8217;ultimo aveva salvato da una valanga 21 anni fa, \u00e8 riuscito a lanciare immediatamente l&#8217;allarme ai soccorritori. Furlan, in pensione da pochi anni dopo una lunga carriera come autista alla procura della Repubblica di Belluno, era noto per la sua passione per lo scialpinismo, che praticava da decenni. La sua morte ha lasciato la comunit\u00e0 locale, familiari e amici nello sconforto. I funerali, \u00a0domani alle 15 nella chiesa parrocchiale di Mussoi.<\/p>\n<p>&nbsp;<\/p>\n<p>&nbsp;<\/p>\n<blockquote>\n<hr \/>\n<\/blockquote>\n<p>&nbsp;<\/p>\n<h2><span style=\"color: #ff0000;\">i podcast informativi del mattino<\/span><\/h2>\n<p><strong><a class=\"dt-pswp-item\" href=\"https:\/\/www.radiopiu.net\/wordpress\/wp-content\/uploads\/2023\/11\/th-10.jpg\" data-dt-img-description=\"\" data-large_image_width=\"320\" data-large_image_height=\"180\"><img loading=\"lazy\" decoding=\"async\" class=\"wp-image-362866 alignleft\" src=\"https:\/\/www.radiopiu.net\/wordpress\/wp-content\/uploads\/2023\/11\/th-10-300x169.jpg\" alt=\"\" width=\"185\" height=\"104\" srcset=\"https:\/\/www.radiopiu.net\/wordpress\/wp-content\/uploads\/2023\/11\/th-10-300x169.jpg 300w, https:\/\/www.radiopiu.net\/wordpress\/wp-content\/uploads\/2023\/11\/th-10.jpg 320w\" sizes=\"auto, (max-width: 185px) 100vw, 185px\" \/><\/a>LA RASSEGNA STAMPA NAZIONALE ALLA RADIO, OGNI GIORNO ALLE 5 E ALLE 6 DEL MATTINO <span style=\"color: #0000ff;\">viene pubblicata alle 6.00 <span style=\"color: #ff0000;\">DIRETTA RADIO\u00a0 \u00a0<\/span><\/span><\/strong><\/p>\n<p>&nbsp;<\/p>\n<p><strong>I TITOLI:<\/strong>\u00a0 Altre 300 vittime a Gaza, situazione intollerabile per la Croce Rossa. Finiscono i fondi degli Stati Uniti per l&#8217;Ucraina, entro fine anno. Erutta un vulcano in Indonesia, inghiottiti 11 scalatori. Congresso dei radicali, denunciate irregolarit\u00e0. Arresti a Brescia per incitamento al terrorismo. Nuova condanna per Omar Confalonieri, sei anni per l&#8217;agente immobiliare che drogava i clienti. Accusata di associazione mafiosa la maestra amante di Messina Denaro. Condannato a 17 anni Mario Roggero, il gioielliere uccise due rapinatori durante un colpo<\/p>\n<audio class=\"wp-audio-shortcode\" id=\"audio-364454-1\" preload=\"none\" style=\"width: 100%;\" controls=\"controls\"><source type=\"audio\/mpeg\" src=\"https:\/\/www.radiopiu.net\/wordpress\/wp-content\/uploads\/2023\/12\/GIORNALEDELLESEI-2.mp3?_=1\" \/><a href=\"https:\/\/www.radiopiu.net\/wordpress\/wp-content\/uploads\/2023\/12\/GIORNALEDELLESEI-2.mp3\">https:\/\/www.radiopiu.net\/wordpress\/wp-content\/uploads\/2023\/12\/GIORNALEDELLESEI-2.mp3<\/a><\/audio>\n<p><strong>\u00a0\u00a0<\/strong><\/p>\n<p>&nbsp;<\/p>\n<p>&nbsp;<\/p>\n<p><strong><a class=\"dt-pswp-item\" href=\"https:\/\/www.radiopiu.net\/wordpress\/wp-content\/uploads\/2018\/10\/microphone-1003561_1280.jpg\" data-dt-img-description=\"\" data-large_image_width=\"1280\" data-large_image_height=\"853\"><img loading=\"lazy\" decoding=\"async\" class=\"wp-image-65425 alignleft\" src=\"https:\/\/www.radiopiu.net\/wordpress\/wp-content\/uploads\/2018\/10\/microphone-1003561_1280-300x200.jpg\" alt=\"\" width=\"183\" height=\"122\" srcset=\"https:\/\/www.radiopiu.net\/wordpress\/wp-content\/uploads\/2018\/10\/microphone-1003561_1280-300x200.jpg 300w, https:\/\/www.radiopiu.net\/wordpress\/wp-content\/uploads\/2018\/10\/microphone-1003561_1280-768x512.jpg 768w, https:\/\/www.radiopiu.net\/wordpress\/wp-content\/uploads\/2018\/10\/microphone-1003561_1280-1024x682.jpg 1024w, https:\/\/www.radiopiu.net\/wordpress\/wp-content\/uploads\/2018\/10\/microphone-1003561_1280.jpg 1280w\" sizes=\"auto, (max-width: 183px) 100vw, 183px\" \/><\/a><\/strong><\/p>\n<p>&nbsp;<\/p>\n<p>&nbsp;<\/p>\n<p><strong>GIORNALE RADIO NAZIONALE, EDIZIONE DELLE SETTE <span style=\"color: #0000ff;\">viene pubblicato alle 7.05 <span style=\"color: #ff0000;\">DIRETTA RADIO<\/span><\/span><\/strong><\/p>\n<audio class=\"wp-audio-shortcode\" id=\"audio-364454-2\" preload=\"none\" style=\"width: 100%;\" controls=\"controls\"><source type=\"audio\/mpeg\" src=\"https:\/\/www.radiopiu.net\/wordpress\/wp-content\/uploads\/2023\/12\/giornale07-4.mp3?_=2\" \/><a href=\"https:\/\/www.radiopiu.net\/wordpress\/wp-content\/uploads\/2023\/12\/giornale07-4.mp3\">https:\/\/www.radiopiu.net\/wordpress\/wp-content\/uploads\/2023\/12\/giornale07-4.mp3<\/a><\/audio>\n<p>&nbsp;<\/p>\n<p>&nbsp;<\/p>\n<blockquote>\n<h2><strong>RASSEGNA STAMPA LOCALE, ORE OTTO <span style=\"color: #0000ff;\">viene pubblicata alle 8.05 <span style=\"color: #ff0000;\">DIRETTA RADIO<\/span><\/span><\/strong><\/h2>\n<\/blockquote>\n<p><iframe loading=\"lazy\" title=\"dal 1983 la rassegna stampa locale, l&#039;originale di mirko mezzacasa  E ALLE SETTE OGNI GIORNO LE ANTI\" width=\"1200\" height=\"675\" src=\"https:\/\/www.youtube.com\/embed\/QiGODx4TRDg?feature=oembed\" frameborder=\"0\" allow=\"accelerometer; autoplay; clipboard-write; encrypted-media; gyroscope; picture-in-picture; web-share\" allowfullscreen><\/iframe><\/p>\n<p>&nbsp;<\/p>\n<hr \/>\n<p>&nbsp;<\/p>\n<p><a class=\"dt-pswp-item\" href=\"https:\/\/www.radiopiu.net\/wordpress\/wp-content\/uploads\/2023\/10\/34f4cfc6-e863-46e9-9695-8df44be63421.jpg\" data-dt-img-description=\"\" data-large_image_width=\"1200\" data-large_image_height=\"1200\"><img loading=\"lazy\" decoding=\"async\" class=\"wp-image-357393 alignleft\" src=\"https:\/\/www.radiopiu.net\/wordpress\/wp-content\/uploads\/2023\/10\/34f4cfc6-e863-46e9-9695-8df44be63421-300x300.jpg\" alt=\"\" width=\"81\" height=\"81\" srcset=\"https:\/\/www.radiopiu.net\/wordpress\/wp-content\/uploads\/2023\/10\/34f4cfc6-e863-46e9-9695-8df44be63421-300x300.jpg 300w, https:\/\/www.radiopiu.net\/wordpress\/wp-content\/uploads\/2023\/10\/34f4cfc6-e863-46e9-9695-8df44be63421-1024x1024.jpg 1024w, https:\/\/www.radiopiu.net\/wordpress\/wp-content\/uploads\/2023\/10\/34f4cfc6-e863-46e9-9695-8df44be63421-150x150.jpg 150w, https:\/\/www.radiopiu.net\/wordpress\/wp-content\/uploads\/2023\/10\/34f4cfc6-e863-46e9-9695-8df44be63421-768x768.jpg 768w, https:\/\/www.radiopiu.net\/wordpress\/wp-content\/uploads\/2023\/10\/34f4cfc6-e863-46e9-9695-8df44be63421.jpg 1200w\" sizes=\"auto, (max-width: 81px) 100vw, 81px\" \/><\/a>OGGI ALLA RADIO: <strong>ALLE 7<\/strong> LA RASSEGNA STAMPA LOCALE FLASH, PER CHI COME NOI ALLE SETTE DEL MATTINO VA DI FRETTA, TANTE NOTIZIE IN POCHE CHIACCHIERE. <strong>ALLE OTTO<\/strong> L&#8217;APPROFONDIMENTO NELLA STORICA RASSEGNA STAMPA LOCALE.\u00a0 DALLE 6 ALLE 21, OGNI ORA, L&#8217;INFORMAZIONE NAZIONALE, l&#8217;informazione locale, ALLE 10 flash. 11flash. 14 viabilit\u00e0. 15meteo. 16flash. 17flash. 18flash. 19 i titoli di Antenna 3<\/p>\n<p><strong>OGGI ALLE 9<\/strong> IL COUNTRY CON ALEX NASCINBEN, <strong>ALLE 10.10 E 18.30<\/strong>\u00a0 MUSLA, LE NOVIE IN LADIN\u00a0 <strong>ALLE 10.30 E 1900<\/strong> L&#8217;ACCENSIONE DELL&#8217;ALBERO A FALCADE, LE INIZIATIVE IN VALLE DEL BIOIS CON ANTONELLA CHENA PRESIDENTE PROMO FALCADE<strong> ALLE 13.10<\/strong> GIESSE PER LO SPORT, IL CALCIO A 5 CON LA CANOTTIERI BELLUNO E CON GIESSE RISARCIMENTO DANNI.<\/p>\n<p>&nbsp;<\/p>\n<p>&nbsp;<\/p>\n<hr \/>\n<p>&nbsp;<\/p>\n<blockquote>\n<h3>ACQUA NON POTABILE A GOSALDO<\/h3>\n<\/blockquote>\n<p>Nelle localit\u00e0 LE FOCHE, LAMBROI, DENEORE, MAGAIT, REN, SELLE, COL TAMAI, BITTI, GIARDOI E PETTUINE l\u2019acqua erogata dall\u2019acquedotto non \u00e8 potabile e pu\u00f2 essere usata per scopi alimentari SOLO PREVIA bollitura.<\/p>\n<p>&nbsp;<\/p>\n<hr \/>\n<p>&nbsp;<\/p>\n<blockquote>\n<h3><strong>Intervento Guastatori Esercito: Neutralizzati Tre Ordigni della Prima Guerra Mondiale<\/strong><\/h3>\n<\/blockquote>\n<p><strong><a class=\"dt-pswp-item\" href=\"https:\/\/www.radiopiu.net\/wordpress\/wp-content\/uploads\/2023\/11\/th-19.jpg\" data-dt-img-description=\"\" data-large_image_width=\"270\" data-large_image_height=\"180\"><img loading=\"lazy\" decoding=\"async\" class=\"wp-image-363817 alignleft\" src=\"https:\/\/www.radiopiu.net\/wordpress\/wp-content\/uploads\/2023\/11\/th-19.jpg\" alt=\"\" width=\"122\" height=\"81\" \/><\/a>FELTRE<\/strong> Gli specialisti del 3^ Reggimento Guastatori dell&#8217;Esercito italiano sono intervenuti per disinnescare tre ordigni risalenti alla Prima Guerra Mondiale. Escursionisti hanno segnalato la presenza degli ordigni, due a Alano di Piave e uno a Feltre, notando oggetti sospetti nelle aree. I guastatori hanno messo in sicurezza e neutralizzato due granate di artiglieria da 75 millimetri a Alano di Piave, ritrovate a novembre. A Feltre, \u00e8 stata individuata e resa innocua una bomba da mortaio da 60 millimetri, che risultava inerte, priva di parti esplosive.<\/p>\n<p>&nbsp;<\/p>\n<p>&nbsp;<\/p>\n<hr \/>\n<p>&nbsp;<\/p>\n<blockquote>\n<h2>QUALITA&#8217; DELLA VITA, BELLUNO ANCORA PIU&#8217; GIU&#8217; IN 44ESIMA POSIZIONE<\/h2>\n<\/blockquote>\n<blockquote><p><em>Classifica qualit\u00e0 della vita Sole 24 Ore, la provincia di Belluno al 44\u00b0 posto Bene \u201caffari e lavoro\u201d, \u201cricchezza e consumi\u201d, \u201cgiustizia e sicurezza\u201d. Male \u201cdemografia e societ\u00e0\u201d Padrin: \u00abPenalizzati ancora una volta dallo spopolamento. Ma non stracciamoci le vesti per questa graduatoria\u00bb<\/em><\/p><\/blockquote>\n<p>&nbsp;<\/p>\n<p><strong>BELLUNO<\/strong> Il presidente della Provincia di Belluno, Roberto Padrin, risponde alla graduatoria annuale sulla qualit\u00e0 della vita del Sole 24 Ore, dichiarando che le classifiche non raccontano tutto. Nonostante la provincia scenda di 9 posizioni rispetto all&#8217;anno precedente, Padrin sottolinea i punti positivi nelle categorie di giustizia e sicurezza, ricchezza e consumi, e affari e lavoro. Tuttavia, evidenzia le sfide demografiche e climatiche, indicando lo spopolamento come una preoccupazione chiave e sottolineando la necessit\u00e0 di mantenere la sicurezza e l&#8217;occupazione mentre si affrontano questi problemi.<\/p>\n<div style=\"width: 848px;\" class=\"wp-video\"><video class=\"wp-video-shortcode\" id=\"video-364454-2\" width=\"848\" height=\"480\" preload=\"metadata\" controls=\"controls\"><source type=\"video\/mp4\" src=\"https:\/\/www.radiopiu.net\/wordpress\/wp-content\/uploads\/2023\/12\/WhatsApp-Video-2023-12-04-at-13.27.31.mp4?_=2\" \/><a href=\"https:\/\/www.radiopiu.net\/wordpress\/wp-content\/uploads\/2023\/12\/WhatsApp-Video-2023-12-04-at-13.27.31.mp4\">https:\/\/www.radiopiu.net\/wordpress\/wp-content\/uploads\/2023\/12\/WhatsApp-Video-2023-12-04-at-13.27.31.mp4<\/a><\/video><\/div>\n<p>&nbsp;<\/p>\n<p>&nbsp;<\/p>\n<hr \/>\n<p>&nbsp;<\/p>\n<blockquote>\n<h3>LA SANTA BARBARA DEI MARINAI, PONTE NELLE ALPI RICORDA<\/h3>\n<\/blockquote>\n<blockquote><p><em>\u00ab Per noi \u00e8 un orgoglio portare avanti i valori e gli insegnamenti del mare &#8211; sottolinea Umberto Collarin, tra i riferimenti della realt\u00e0 associativa -. pur in un\u2019area di montagna che ha un legame strettissimo con Venezia e l\u2019Adriatico\u00bb.<span class=\"gmail-Apple-converted-space\">\u00a0<\/span><\/em><\/p><\/blockquote>\n<p><strong>PONTE NELLE ALPI<\/strong>\u00a0 L&#8217;associazione Marinai d&#8217;Italia, attiva dal 1979, trova la sua unica sede montana a Ponte nelle Alpi. La piazza Marinai d&#8217;Italia, nel medesimo comune, ospita un monumento con un&#8217;ancora e le Dolomiti acquistata all\u2019Arsenale di Venezia , commemorando i marinai bellunesi caduti nelle guerre mondiali. Presieduta da Mario Capelli, l&#8217;associazione \u00e8 attiva nel territorio con iniziative di volontariato, Protezione Civile e coinvolgimento delle scuole. Annualmente, organizza un evento per Santa Barbara, con la deposizione di corone al monumento. La sede a Nuova Erto, con un&#8217;ancora proveniente dalla nave scuola Cristoforo Colombo, simboleggia il legame stretto tra la montagna e il mare, portando avanti i valori marittimi con orgoglio. La cerimonia ha sottolineato l&#8217;importanza di mantenere viva la connessione tra Ponte nelle Alpi, Venezia e l&#8217;Adriatico ed \u00a0\u00e8 stata arricchita dai rappresentanti dei gruppi Alpini, Artiglieri, Carabinieri. Non sono mancati nemmeno il sindaco di Ponte nelle Alpi, Paolo Vendramini, l\u2019assessore Andrea Pontello e il consigliere delegato alla Protezione civile, Tommaso Carlin.<\/p>\n\n\t\t\t<style type='text\/css'>\n\t\t\t\t#gallery-1 {\n\t\t\t\t\tmargin: auto;\n\t\t\t\t}\n\t\t\t\t#gallery-1 .gallery-item {\n\t\t\t\t\tfloat: left;\n\t\t\t\t\tmargin-top: 10px;\n\t\t\t\t\ttext-align: center;\n\t\t\t\t\twidth: 50%;\n\t\t\t\t}\n\t\t\t\t#gallery-1 img {\n\t\t\t\t\tborder: 2px solid #cfcfcf;\n\t\t\t\t}\n\t\t\t\t#gallery-1 .gallery-caption {\n\t\t\t\t\tmargin-left: 0;\n\t\t\t\t}\n\t\t\t\t\/* see gallery_shortcode() in wp-includes\/media.php *\/\n\t\t\t<\/style>\n\t\t<div id='gallery-1' class='dt-gallery-container gallery galleryid-364454 gallery-columns-2 gallery-size-thumbnail'><dl class='gallery-item'>\n\t\t\t\t<dt class='gallery-icon landscape'>\n\t\t\t\t\t<a class=\"rollover rollover-zoom dt-pswp-item\" title=\"Marinai_1\" data-dt-img-description=\"\" data-large_image_width=\"1307\" data-large_image_height=\"737\"href='https:\/\/www.radiopiu.net\/wordpress\/wp-content\/uploads\/2023\/12\/Marinai_1.jpg'><img loading=\"lazy\" decoding=\"async\" width=\"150\" height=\"150\" src=\"https:\/\/www.radiopiu.net\/wordpress\/wp-content\/uploads\/2023\/12\/Marinai_1-150x150.jpg\" class=\"attachment-thumbnail size-thumbnail\" alt=\"\" \/><\/a>\n\t\t\t\t<\/dt><\/dl><dl class='gallery-item'>\n\t\t\t\t<dt class='gallery-icon portrait'>\n\t\t\t\t\t<a class=\"rollover rollover-zoom dt-pswp-item\" title=\"Marinai_2\" data-dt-img-description=\"\" data-large_image_width=\"740\" data-large_image_height=\"1024\"href='https:\/\/www.radiopiu.net\/wordpress\/wp-content\/uploads\/2023\/12\/Marinai_2.jpg'><img loading=\"lazy\" decoding=\"async\" width=\"150\" height=\"150\" src=\"https:\/\/www.radiopiu.net\/wordpress\/wp-content\/uploads\/2023\/12\/Marinai_2-150x150.jpg\" class=\"attachment-thumbnail size-thumbnail\" alt=\"\" \/><\/a>\n\t\t\t\t<\/dt><\/dl><br style=\"clear: both\" \/>\n\t\t\t<\/div>\n\n<p>&nbsp;<\/p>\n<hr \/>\n<p>&nbsp;<\/p>\n<blockquote>\n<h3>ROBERTO PADRIN ELOGIA LE PAROLE DI MATTARELLA DOPO L&#8217;INCONTRO CON UNCEM<\/h3>\n<\/blockquote>\n<p><strong><a class=\"dt-pswp-item\" href=\"https:\/\/www.radiopiu.net\/wordpress\/wp-content\/uploads\/2020\/05\/PADRIN.jpg\" data-dt-img-description=\"\" data-large_image_width=\"945\" data-large_image_height=\"1417\"><img loading=\"lazy\" decoding=\"async\" class=\" wp-image-134835 alignleft\" src=\"https:\/\/www.radiopiu.net\/wordpress\/wp-content\/uploads\/2020\/05\/PADRIN-200x300.jpg\" alt=\"\" width=\"97\" height=\"146\" srcset=\"https:\/\/www.radiopiu.net\/wordpress\/wp-content\/uploads\/2020\/05\/PADRIN-200x300.jpg 200w, https:\/\/www.radiopiu.net\/wordpress\/wp-content\/uploads\/2020\/05\/PADRIN-683x1024.jpg 683w, https:\/\/www.radiopiu.net\/wordpress\/wp-content\/uploads\/2020\/05\/PADRIN-768x1152.jpg 768w, https:\/\/www.radiopiu.net\/wordpress\/wp-content\/uploads\/2020\/05\/PADRIN.jpg 945w\" sizes=\"auto, (max-width: 97px) 100vw, 97px\" \/><\/a>BELLUNO<\/strong> Il presidente della Provincia di Belluno, Roberto Padrin, esprime apprezzamento per le dichiarazioni del presidente Mattarella a proposito della strategia per la montagna. Padrin sottolinea l&#8217;importanza di accelerare su questa strategia, indicando che le aree montane non sono solo cruciali per il loro territorio ma anche per l&#8217;intero Paese. Il presidente Mattarella ha evidenziato la necessit\u00e0 di una fiscalit\u00e0 differenziata per le aree montane, una richiesta a cui Padrin si \u00e8 dimostrato favorevole, affermando che la montagna, a causa dei costi superiori per mantenere i servizi, ha bisogno di incentivi o differenziali. Padrin accoglie con positivit\u00e0 l&#8217;attenzione rinnovata sulla montagna nell&#8217;agenda politica e spera che si traduca presto in azioni concrete per contrastare lo spopolamento e sostenere le comunit\u00e0 montane.<\/p>\n<p>&nbsp;<\/p>\n<p>&nbsp;<\/p>\n<hr \/>\n<p>&nbsp;<\/p>\n<blockquote>\n<h3>SCIOPERO E PROTESTA PER TAGLIO DELLE ORE LAVORATE NELL&#8217;OSPEDALE DI FELTRE<\/h3>\n<\/blockquote>\n<p><strong><a class=\"dt-pswp-item\" href=\"https:\/\/www.radiopiu.net\/wordpress\/wp-content\/uploads\/2019\/02\/ospedale-di-feltre.jpeg\" data-dt-img-description=\"\" data-large_image_width=\"650\" data-large_image_height=\"463\"><img loading=\"lazy\" decoding=\"async\" class=\" wp-image-76822 alignleft\" src=\"https:\/\/www.radiopiu.net\/wordpress\/wp-content\/uploads\/2019\/02\/ospedale-di-feltre-300x214.jpeg\" alt=\"\" width=\"179\" height=\"128\" srcset=\"https:\/\/www.radiopiu.net\/wordpress\/wp-content\/uploads\/2019\/02\/ospedale-di-feltre-300x214.jpeg 300w, https:\/\/www.radiopiu.net\/wordpress\/wp-content\/uploads\/2019\/02\/ospedale-di-feltre.jpeg 650w\" sizes=\"auto, (max-width: 179px) 100vw, 179px\" \/><\/a>FELTRE <\/strong>Ieri mattina, personale addetto alle pulizie dell&#8217;ULSS 1 Dolomiti &#8211; Distretto 2 di Feltre ha scioperato e protestato davanti all&#8217;ospedale di Feltre. L&#8217;attenzione delle organizzazioni sindacali Filcams CGIL Belluno e Fisascat CISL Belluno Treviso \u00e8 focalizzata sul taglio del 20% delle ore lavorate da parte della societ\u00e0 Euro &amp; Promos FM Spa, subentrata nell&#8217;appalto il 1\u00b0 ottobre scorso. La riduzione dell&#8217;orario ha portato a un calo degli stipendi, e gi\u00e0 diverse lavoratrici si sono dimesse (circa 13 su 70 dipendenti) poich\u00e9 il taglio stipendiale non \u00e8 sostenibile per arrivare a fine mese. Le preoccupazioni sindacali includono la possibile perdita di qualit\u00e0 nel servizio di pulizia dell&#8217;ospedale, essenziale in un periodo in cui emergono nuovi casi di Covid e influenza nella provincia di Belluno. Circa la met\u00e0 del personale addetto alle pulizie ha aderito allo sciopero. Un incontro \u00e8 previsto per il 12 dicembre presso l&#8217;Ispettorato territoriale del lavoro, dove le organizzazioni sindacali sperano di trovare soluzioni. Le richieste sindacali includono il ripristino delle condizioni contrattuali del precedente appalto, in accordo con il contratto nazionale dei multiservizi, che prevede il mantenimento del contratto e delle ore di lavoro in caso di cambio di appalto. L&#8217;azienda subentrante \u00e8 accusata di aver richiesto alle lavoratrici di accettare il taglio del 20% come condizione per essere assunte. La richiesta sindacale \u00e8 il ripristino delle ore contrattuali originali.<\/p>\n<p>&nbsp;<\/p>\n<p>&nbsp;<\/p>\n<hr \/>\n<p>&nbsp;<\/p>\n<blockquote>\n<h2>Onorificenze e Riconoscimenti per Lungo Servizio ai Vigili del Fuoco di Belluno<\/h2>\n<\/blockquote>\n<p><strong><a class=\"dt-pswp-item\" href=\"https:\/\/www.radiopiu.net\/wordpress\/wp-content\/uploads\/2023\/12\/FRANCO.png\" data-dt-img-description=\"\" data-large_image_width=\"303\" data-large_image_height=\"275\"><img loading=\"lazy\" decoding=\"async\" class=\" wp-image-364594 alignleft\" src=\"https:\/\/www.radiopiu.net\/wordpress\/wp-content\/uploads\/2023\/12\/FRANCO-300x272.png\" alt=\"\" width=\"212\" height=\"192\" srcset=\"https:\/\/www.radiopiu.net\/wordpress\/wp-content\/uploads\/2023\/12\/FRANCO-300x272.png 300w, https:\/\/www.radiopiu.net\/wordpress\/wp-content\/uploads\/2023\/12\/FRANCO.png 303w\" sizes=\"auto, (max-width: 212px) 100vw, 212px\" \/><\/a>BELLUNO<\/strong> Franco Magrin, una vera istituzione nei vigili del fuoco di Belluno, \u00e8 stato premiato con un diploma di lodevole servizio in occasione del suo pensionamento. La cerimonia ha visto la consegna di riconoscimenti anche ad altri distinguiti colleghi: Ennio Lipez, Enzo Toffoli, Roberto Bogo, Mauro Pastori, Giuliano Ursich, Dario Veabelli, Paolo Fontana ed Ezio De Pellegrin hanno ricevuto lo stesso prestigioso diploma. Inoltre, sono state assegnate le &#8220;croci&#8221; per i 15 anni di servizio ai vigili del fuoco in servizio. Christian Somacal, avendo raggiunto questo traguardo significativo, avrebbe dovuto ricevere il riconoscimento, ma la croce \u00e8 stata consegnata ai suoi due figli presenti alla cerimonia in segno di profonda commozione. Numerose autorit\u00e0 hanno partecipato alla cerimonia, tra cui il comandante dei carabinieri Enrico Pigozzo, il comandante della Finanza Guarino, il questore Francesco Zerilli e molti sindaci della regione. La cerimonia \u00e8 stata celebrata con la deposizione di una corona di alloro, l&#8217;innalzamento del tricolore e la partecipazione di rappresentanti di varie associazioni, rendendo omaggio a chi ha dedicato anni di servizio nell&#8217;arduo compito di proteggere la comunit\u00e0.<\/p>\n<p><strong>FOTO PAGINA FACEBOOK, MAURO CALLEGARI<\/strong><\/p>\n<p><a class=\"dt-pswp-item\" href=\"https:\/\/www.radiopiu.net\/wordpress\/wp-content\/uploads\/2023\/12\/406491826_10225161256960007_4618054161706053813_n.jpg\" data-dt-img-description=\"\" data-large_image_width=\"2048\" data-large_image_height=\"1536\"><img loading=\"lazy\" decoding=\"async\" class=\"wp-image-364593 aligncenter\" src=\"https:\/\/www.radiopiu.net\/wordpress\/wp-content\/uploads\/2023\/12\/406491826_10225161256960007_4618054161706053813_n-1024x768.jpg\" alt=\"\" width=\"428\" height=\"321\" srcset=\"https:\/\/www.radiopiu.net\/wordpress\/wp-content\/uploads\/2023\/12\/406491826_10225161256960007_4618054161706053813_n-1024x768.jpg 1024w, https:\/\/www.radiopiu.net\/wordpress\/wp-content\/uploads\/2023\/12\/406491826_10225161256960007_4618054161706053813_n-300x225.jpg 300w, https:\/\/www.radiopiu.net\/wordpress\/wp-content\/uploads\/2023\/12\/406491826_10225161256960007_4618054161706053813_n-768x576.jpg 768w, https:\/\/www.radiopiu.net\/wordpress\/wp-content\/uploads\/2023\/12\/406491826_10225161256960007_4618054161706053813_n-1536x1152.jpg 1536w, https:\/\/www.radiopiu.net\/wordpress\/wp-content\/uploads\/2023\/12\/406491826_10225161256960007_4618054161706053813_n.jpg 2048w\" sizes=\"auto, (max-width: 428px) 100vw, 428px\" \/><\/a><\/p>\n<div class=\"flex-1 overflow-hidden\">\n<div class=\"react-scroll-to-bottom--css-ddpko-79elbk h-full\">\n<div class=\"react-scroll-to-bottom--css-ddpko-1n7m0yu\">\n<div class=\"flex flex-col pb-9 text-sm\">\n<div class=\"w-full text-token-text-primary\" data-testid=\"conversation-turn-49\">\n<div class=\"px-4 py-2 justify-center text-base md:gap-6 m-auto\">\n<div class=\"flex flex-1 text-base mx-auto gap-3 md:px-5 lg:px-1 xl:px-5 md:max-w-3xl lg:max-w-[40rem] xl:max-w-[48rem] } group final-completion\">\n<div class=\"relative flex w-full flex-col lg:w-[calc(100%-115px)] agent-turn\">\n<div class=\"flex-col gap-1 md:gap-3\">\n<div class=\"mt-1 flex justify-start gap-3 empty:hidden\">\n<div class=\"text-gray-400 flex self-end lg:self-center justify-center lg:justify-start mt-0 gap-1 visible\">\n<div class=\"flex gap-1\"><\/div>\n<div><\/div>\n<div>\n<hr \/>\n<\/div>\n<div><\/div>\n<div>\n<p><strong>DAL TG DI ANTENNA 3, CANALE 10 DIGITALE TERRESTRE, OGNI SERA ALLE 19.00 LE ANTICIPAZIONI DEL TG DELLA 19.30&#8230; SU RADIOPIU&#8217;.<\/strong><\/p>\n<\/div>\n<div>\n<blockquote>\n<h3 class=\"_title post-title entry-title\">SANTA BARBARA NEL RICORDO DI WALTER LOCATELLO E CHRISTIAN SOMACAL<\/h3>\n<\/blockquote>\n<\/div>\n<h3>\u00a0DI TIZIANA BOLOGNANI<br \/>\nIntervistati MONS. RENATO MARANGONI (VESCOVO DI BELLUNO FELTRE), FABIO CALORE (V. COMANDANTE VIGILI DEL FUOCO BELLUNO)<\/h3>\n<div>\n<p><iframe loading=\"lazy\" title=\"SANTA BARBARA NEL RICORDO DI WALTER LOCATELLO E CHRISTIAN SOMACAL | 04\/12\/2023\" width=\"1200\" height=\"675\" src=\"https:\/\/www.youtube.com\/embed\/PhvtN5nxk3w?feature=oembed\" frameborder=\"0\" allow=\"accelerometer; autoplay; clipboard-write; encrypted-media; gyroscope; picture-in-picture; web-share\" allowfullscreen><\/iframe><\/p>\n<p>&nbsp;<\/p>\n<p>&nbsp;<\/p>\n<\/div>\n<\/div>\n<\/div>\n<\/div>\n<\/div>\n<\/div>\n<\/div>\n<\/div>\n<\/div>\n<\/div>\n<\/div>\n<\/div>\n<hr \/>\n<p>&nbsp;<\/p>\n<blockquote>\n<h3>CONFERITI ALTRI 10 INCARICHI DIRIGENZIALI IN ULSS 1 DOLOMITI<\/h3>\n<\/blockquote>\n<p><strong><a class=\"dt-pswp-item\" href=\"https:\/\/www.radiopiu.net\/wordpress\/wp-content\/uploads\/2023\/12\/WhatsApp-Image-2023-12-04-at-17.41.10.jpeg\" data-dt-img-description=\"\" data-large_image_width=\"1900\" data-large_image_height=\"1325\"><img loading=\"lazy\" decoding=\"async\" class=\" wp-image-364562 alignleft\" src=\"https:\/\/www.radiopiu.net\/wordpress\/wp-content\/uploads\/2023\/12\/WhatsApp-Image-2023-12-04-at-17.41.10-300x209.jpeg\" alt=\"\" width=\"179\" height=\"125\" srcset=\"https:\/\/www.radiopiu.net\/wordpress\/wp-content\/uploads\/2023\/12\/WhatsApp-Image-2023-12-04-at-17.41.10-300x209.jpeg 300w, https:\/\/www.radiopiu.net\/wordpress\/wp-content\/uploads\/2023\/12\/WhatsApp-Image-2023-12-04-at-17.41.10-1024x714.jpeg 1024w, https:\/\/www.radiopiu.net\/wordpress\/wp-content\/uploads\/2023\/12\/WhatsApp-Image-2023-12-04-at-17.41.10-768x536.jpeg 768w, https:\/\/www.radiopiu.net\/wordpress\/wp-content\/uploads\/2023\/12\/WhatsApp-Image-2023-12-04-at-17.41.10-1536x1071.jpeg 1536w, https:\/\/www.radiopiu.net\/wordpress\/wp-content\/uploads\/2023\/12\/WhatsApp-Image-2023-12-04-at-17.41.10.jpeg 1900w\" sizes=\"auto, (max-width: 179px) 100vw, 179px\" \/><\/a>BELLUNO<\/strong> La direzione dell&#8217;Ulss Dolomiti ha conferito diversi incarichi dirigenziali, evidenziando l&#8217;alta specializzazione e professionalit\u00e0 dei nominati. Tra i medici che hanno ottenuto incarichi di direzione di struttura semplice, troviamo Ziad El Asmar per l&#8217;UOS Endoscopia Urologica e Alessandro Iannetti per l&#8217;UOS Endourologia. La dottoressa Giusi Da Pra \u00e8 stata designata per un incarico di altissima professionalit\u00e0 per il Coordinamento RSA e Cure Primarie del Distretto di Belluno. Gli incarichi di alta specializzazione sono stati assegnati a dirigenti medici quali Massimo Forni per il Patient Blood Management, Grazia Piccolin per la Diagnostica in biologia molecolare e microbiologia, Sara Pizzi per la Patologia oncologica dell&#8217;apparato genitale femminile, Spiridione Della Lucia per il Coordinamento e counselling contro il fumo, Francesca De Zaiacomo per la Continuit\u00e0 assistenziale Ospedale Territorio, Susanna Tison per il Coordinamento centri residenziali e semiresidenziali a Feltre, e Claudia Massaro per il Coordinamento ambulatorio per i disturbi della nutrizione ed alimentazione a Feltre. Gli incarichi hanno una durata di cinque anni, iniziando il 1 dicembre 2023, con possibilit\u00e0 di rinnovo. Il direttore ha sottolineato l&#8217;importanza di gestire umanamente i pazienti e di agevolare i percorsi tra ospedale e territorio.<\/p>\n<h3><\/h3>\n<p>&nbsp;<\/p>\n<hr \/>\n<p>&nbsp;<\/p>\n<blockquote>\n<h3><strong>Seren del Grappa Avr\u00e0 una Nuova Scuola dell&#8217;Infanzia Pubblica<\/strong><\/h3>\n<\/blockquote>\n<p>&nbsp;<\/p>\n<p><strong>SEREN DEL GRAPPA<\/strong> La Regione del Veneto ha ufficialmente approvato l&#8217;istituzione di una scuola dell&#8217;infanzia pubblica a Seren del Grappa per il prossimo anno, inclusa nell&#8217;Istituto Comprensivo di Pedavena. Il sindaco, Dario Scopel, considera questa notizia cruciale per potenziare l&#8217;offerta educativa nel territorio, offrendo vantaggi alle famiglie residenti. La nuova scuola sar\u00e0 ospitata in uno stabile recentemente ristrutturato a Rasai, rispettando gli standard di sicurezza pi\u00f9 moderni. La scuola privata esistente cesser\u00e0 il servizio, ma si lavora per creare un asilo nido privato nel sito, offrendo un&#8217;opzione integrativa. Il dirigente dell&#8217;Istituto Comprensivo di Pedavena, Matteo Carrera, esprime la sua soddisfazione per il risultato raggiunto e annuncia prossimi passi per informare i genitori e organizzare incontri per le iscrizioni.<\/p>\n<p><strong>IL SINDACO DI SEREN DEL GRAPPA DARIO SCOPEL<\/strong><\/p>\n<div style=\"width: 848px;\" class=\"wp-video\"><video class=\"wp-video-shortcode\" id=\"video-364454-3\" width=\"848\" height=\"480\" preload=\"metadata\" controls=\"controls\"><source type=\"video\/mp4\" src=\"https:\/\/www.radiopiu.net\/wordpress\/wp-content\/uploads\/2023\/12\/WhatsApp-Video-2023-12-04-at-12.57.51-1.mp4?_=3\" \/><a href=\"https:\/\/www.radiopiu.net\/wordpress\/wp-content\/uploads\/2023\/12\/WhatsApp-Video-2023-12-04-at-12.57.51-1.mp4\">https:\/\/www.radiopiu.net\/wordpress\/wp-content\/uploads\/2023\/12\/WhatsApp-Video-2023-12-04-at-12.57.51-1.mp4<\/a><\/video><\/div>\n<p>&nbsp;<\/p>\n<hr \/>\n<p>&nbsp;<\/p>\n<blockquote>\n<h3 class=\"entry-title\">CONTROVERSIA SULLA PATERNIT\u00c0 DEL PROGETTO DEL BACINO D\u2019ACCUMULO NEL NEVEG\u00c0L A BELLUNO: L\u2019EX ASSESSORE CRITICA L\u2019ATTUALE AMMINISTRAZIONE<\/h3>\n<\/blockquote>\n<p><strong><img loading=\"lazy\" decoding=\"async\" class=\"alignleft\" src=\"https:\/\/www.radiopiu.net\/wordpress\/wp-content\/uploads\/2020\/05\/GIANNONE.jpg\" width=\"82\" height=\"123\" \/>BELLUNO<\/strong> L&#8217;ex assessore ai LL.PP. di Belluno critica l&#8217;attuale amministrazione in merito al progetto del bacino d\u2019accumulo nel Neveg\u00e0l. Accusa l&#8217;attuale assessore di minimizzare il lavoro precedente, sottolineando che il progetto preliminare \u00e8 stato fondamentale per ottenere finanziamenti e avviare la progettazione definitiva ed esecutiva dell&#8217;opera. La discussione verte sulla paternit\u00e0 del progetto, sollevando dubbi sulla reale volont\u00e0 di riconoscere il lavoro svolto dalla precedente amministrazione.<\/p>\n<p>&nbsp;<\/p>\n<p>&nbsp;<\/p>\n<p>IL DOCUMENTO<\/p>\n<a href=\"https:\/\/www.radiopiu.net\/wordpress\/wp-content\/uploads\/2023\/12\/2023.12.04-La-paternita.-Il-progetto-del-bacino-daccumulo-in-Nevegal-dellamministrazione-Massaro-Un-segno-sulla-carta-geografica-fatto-con-la-matita.pdf\" class=\"pdfemb-viewer\" style=\"\" data-width=\"max\" data-height=\"max\" data-toolbar=\"top\" data-toolbar-fixed=\"on\">2023.12.04 - La paternit\u00e0. Il progetto del bacino d\u2019accumulo in Neveg\u00e0l dell\u2019amministrazione Massaro - Un segno sulla carta geografica fatto con la matita.<\/a>\n<p>&nbsp;<\/p>\n<hr \/>\n<p>&nbsp;<\/p>\n<blockquote>\n<h3>ASSEGNATI I LAVORI PER LA SISTEMAZIONE DEL BELVEDERE A BELLUNO<\/h3>\n<\/blockquote>\n<p><strong><a class=\"dt-pswp-item\" href=\"https:\/\/www.radiopiu.net\/wordpress\/wp-content\/uploads\/2023\/12\/6214e755-9a54-4bed-8038-efba0b5d8a70.jpg\" data-dt-img-description=\"\" data-large_image_width=\"1600\" data-large_image_height=\"900\"><img loading=\"lazy\" decoding=\"async\" class=\" wp-image-364566 alignleft\" src=\"https:\/\/www.radiopiu.net\/wordpress\/wp-content\/uploads\/2023\/12\/6214e755-9a54-4bed-8038-efba0b5d8a70-300x169.jpg\" alt=\"\" width=\"229\" height=\"129\" srcset=\"https:\/\/www.radiopiu.net\/wordpress\/wp-content\/uploads\/2023\/12\/6214e755-9a54-4bed-8038-efba0b5d8a70-300x169.jpg 300w, https:\/\/www.radiopiu.net\/wordpress\/wp-content\/uploads\/2023\/12\/6214e755-9a54-4bed-8038-efba0b5d8a70-1024x576.jpg 1024w, https:\/\/www.radiopiu.net\/wordpress\/wp-content\/uploads\/2023\/12\/6214e755-9a54-4bed-8038-efba0b5d8a70-768x432.jpg 768w, https:\/\/www.radiopiu.net\/wordpress\/wp-content\/uploads\/2023\/12\/6214e755-9a54-4bed-8038-efba0b5d8a70-1536x864.jpg 1536w, https:\/\/www.radiopiu.net\/wordpress\/wp-content\/uploads\/2023\/12\/6214e755-9a54-4bed-8038-efba0b5d8a70.jpg 1600w\" sizes=\"auto, (max-width: 229px) 100vw, 229px\" \/><\/a>BELLUNO<\/strong> Assegnati i lavori per la sistemazione del Belvedere a Belluno; dopo due bandi andati deserti, in questi giorni l&#8217;affidamento dell&#8217;incarico a una ditta cittadina.<\/p>\n<p><strong>DI DANIELE DALVIT<\/strong><\/p>\n<audio class=\"wp-audio-shortcode\" id=\"audio-364454-3\" preload=\"none\" style=\"width: 100%;\" controls=\"controls\"><source type=\"audio\/mpeg\" src=\"https:\/\/www.radiopiu.net\/wordpress\/wp-content\/uploads\/2023\/12\/Radio-Piu-Servizio-Assegnazione-lavori-Belvedere.mp3?_=3\" \/><a href=\"https:\/\/www.radiopiu.net\/wordpress\/wp-content\/uploads\/2023\/12\/Radio-Piu-Servizio-Assegnazione-lavori-Belvedere.mp3\">https:\/\/www.radiopiu.net\/wordpress\/wp-content\/uploads\/2023\/12\/Radio-Piu-Servizio-Assegnazione-lavori-Belvedere.mp3<\/a><\/audio>\n<p>&nbsp;<\/p>\n<hr \/>\n<p>&nbsp;<\/p>\n<blockquote>\n<h3>CONTRIBUTI\u00a0 ALLE SOCIETA\u2019 SPORTIVE: EROGATI\u00a0 OLTRE 5 MILA EURO PER MANUTENZIONI STRAORDINARIE AI CAMPI DA CALCIO<\/h3>\n<\/blockquote>\n<p><strong>BELLUNO <\/strong>Deliberati nei giorni scorsi in sede di giunta 5 mila 200 euro di contributi a tre societ\u00e0 sportive del territorio. A beneficiarne saranno l\u2019Asd Cavarzano, la Gsd Schiara e l\u2019Usd Piave per interventi di manutenzione straordinaria previsti o realizzati all\u2019interno dei campi sportivi rispettivamente di Cavarzano, Tisoi e Salce. Il fondo andr\u00e0 a coprire le spese sostenute dalle tre realt\u00e0 per migliorare e rendere fruibili in sicurezza gli spazi sportivi affidati loro in gestione dal Comune.<\/p>\n<p><strong>MONICA MAZZOCCOLI, ASSESSORE ALLO SPORT DEL COMUNE DI BELLUNO<\/strong><\/p>\n<p><iframe loading=\"lazy\" title=\"MAZZOCCOLI SPORT BELLUNO\" width=\"1200\" height=\"675\" src=\"https:\/\/www.youtube.com\/embed\/EGKdodEzh1U?feature=oembed\" frameborder=\"0\" allow=\"accelerometer; autoplay; clipboard-write; encrypted-media; gyroscope; picture-in-picture; web-share\" allowfullscreen><\/iframe><\/p>\n<p>&nbsp;<\/p>\n<p>&nbsp;<\/p>\n<hr \/>\n<p>&nbsp;<\/p>\n<blockquote>\n<h3>BIM GSP, AL VIA L\u2019ELABORAZIONE DEL PIANO INDUSTRIALE PER LA DOLOMITI AMBIENTE<\/h3>\n<\/blockquote>\n<p><strong><a class=\"dt-pswp-item\" href=\"https:\/\/www.radiopiu.net\/wordpress\/wp-content\/uploads\/2023\/12\/Attilio-Sommavilla-e-i-consulenti-di-Ars-Ambiente-e-BZM.jpg\" data-dt-img-description=\"\" data-large_image_width=\"850\" data-large_image_height=\"477\"><img loading=\"lazy\" decoding=\"async\" class=\" wp-image-364569 alignleft\" src=\"https:\/\/www.radiopiu.net\/wordpress\/wp-content\/uploads\/2023\/12\/Attilio-Sommavilla-e-i-consulenti-di-Ars-Ambiente-e-BZM-300x168.jpg\" alt=\"\" width=\"205\" height=\"115\" srcset=\"https:\/\/www.radiopiu.net\/wordpress\/wp-content\/uploads\/2023\/12\/Attilio-Sommavilla-e-i-consulenti-di-Ars-Ambiente-e-BZM-300x168.jpg 300w, https:\/\/www.radiopiu.net\/wordpress\/wp-content\/uploads\/2023\/12\/Attilio-Sommavilla-e-i-consulenti-di-Ars-Ambiente-e-BZM-768x431.jpg 768w, https:\/\/www.radiopiu.net\/wordpress\/wp-content\/uploads\/2023\/12\/Attilio-Sommavilla-e-i-consulenti-di-Ars-Ambiente-e-BZM.jpg 850w\" sizes=\"auto, (max-width: 205px) 100vw, 205px\" \/><\/a>BELLUNO<\/strong> Durante l&#8217;assemblea dei soci di Bim Gsp, tenutasi nella Sala Bianchi di Belluno, sono stati affrontati due principali punti all&#8217;ordine del giorno. Inizialmente, si \u00e8 discusso dell&#8217;acquisto delle azioni in Dolomiti Ambiente detenute dalla Provincia di Belluno, che Gsp, come azionista di minoranza con il 7,6%, potrebbe acquistare esercitando il diritto di prelazione. Si \u00e8 sottolineata l&#8217;importanza di un Piano Industriale per valutare il reale valore di Dolomiti Ambiente. Successivamente, \u00e8 stata esaminata la richiesta del Comune di Alano di Piave di recedere da Gsp, che \u00e8 stata accettata con la decisione di acquisire le 60 azioni proprie detenute dal Comune, riconoscendo un valore di 450mila euro. La discussione ha evidenziato il valore strategico dell&#8217;impianto di trattamento rifiuti di Maserot di Santa Giustina e l&#8217;importanza di mantenere pubblica la gestione integrata dei rifiuti. La tariffa applicata dall&#8217;impianto sar\u00e0 soggetta alla regolazione tariffaria di ARERA in caso di affidamento in house del Servizio Integrato Ambientale. L&#8217;assemblea ha autorizzato il Cda di Gsp a elaborare un piano industriale per la gestione integrata del servizio.<\/p>\n<p>&nbsp;<\/p>\n<p>&nbsp;<\/p>\n<hr \/>\n<p>&nbsp;<\/p>\n<blockquote>\n<h3>IL PALAGHIACCIO DI FALCADE IN GESTIONE ALLO SCI CLUB VALBIOIS<\/h3>\n<\/blockquote>\n<p><strong><a class=\"dt-pswp-item\" href=\"https:\/\/www.radiopiu.net\/wordpress\/wp-content\/uploads\/2023\/12\/SCR-20231204-runh.jpeg\" data-dt-img-description=\"\" data-large_image_width=\"1438\" data-large_image_height=\"840\"><img loading=\"lazy\" decoding=\"async\" class=\" wp-image-364578 alignleft\" src=\"https:\/\/www.radiopiu.net\/wordpress\/wp-content\/uploads\/2023\/12\/SCR-20231204-runh-300x175.jpeg\" alt=\"\" width=\"177\" height=\"103\" srcset=\"https:\/\/www.radiopiu.net\/wordpress\/wp-content\/uploads\/2023\/12\/SCR-20231204-runh-300x175.jpeg 300w, https:\/\/www.radiopiu.net\/wordpress\/wp-content\/uploads\/2023\/12\/SCR-20231204-runh-1024x598.jpeg 1024w, https:\/\/www.radiopiu.net\/wordpress\/wp-content\/uploads\/2023\/12\/SCR-20231204-runh-768x449.jpeg 768w, https:\/\/www.radiopiu.net\/wordpress\/wp-content\/uploads\/2023\/12\/SCR-20231204-runh.jpeg 1438w\" sizes=\"auto, (max-width: 177px) 100vw, 177px\" \/><\/a>FALCADE<\/strong><\/p>\n<p>DI GIANNI SANTOMASO<\/p>\n<audio class=\"wp-audio-shortcode\" id=\"audio-364454-4\" preload=\"none\" style=\"width: 100%;\" controls=\"controls\"><source type=\"audio\/mpeg\" src=\"https:\/\/www.radiopiu.net\/wordpress\/wp-content\/uploads\/2023\/12\/GIANNI-IL-PALAGHIACCIO-DI-FALCADE-ALLO-SCI-CLUB-VALBIOIS.mp3?_=4\" \/><a href=\"https:\/\/www.radiopiu.net\/wordpress\/wp-content\/uploads\/2023\/12\/GIANNI-IL-PALAGHIACCIO-DI-FALCADE-ALLO-SCI-CLUB-VALBIOIS.mp3\">https:\/\/www.radiopiu.net\/wordpress\/wp-content\/uploads\/2023\/12\/GIANNI-IL-PALAGHIACCIO-DI-FALCADE-ALLO-SCI-CLUB-VALBIOIS.mp3<\/a><\/audio>\n<p>&nbsp;<\/p>\n<p>&nbsp;<\/p>\n<hr \/>\n<p>&nbsp;<\/p>\n<p>&nbsp;<\/p>\n<blockquote>\n<h2><img loading=\"lazy\" decoding=\"async\" class=\"alignleft\" src=\"https:\/\/www.radiopiu.net\/wordpress\/wp-content\/uploads\/2023\/12\/s.nicolao.jpg\" width=\"227\" height=\"170\" \/>SAN NICOLAO NELLE CASE DEI BIMBI E DOMANI A SCUOLA E DAGLI ANZIANI<\/h2>\n<\/blockquote>\n<p>&nbsp;<\/p>\n<p><strong>LIVINALLONGO<\/strong><\/p>\n<p><strong>DI LORENZO SORATROI<\/strong><\/p>\n<audio class=\"wp-audio-shortcode\" id=\"audio-364454-5\" preload=\"none\" style=\"width: 100%;\" controls=\"controls\"><source type=\"audio\/mpeg\" src=\"https:\/\/www.radiopiu.net\/wordpress\/wp-content\/uploads\/2023\/12\/lorenzo-nicolao.mp3?_=5\" \/><a href=\"https:\/\/www.radiopiu.net\/wordpress\/wp-content\/uploads\/2023\/12\/lorenzo-nicolao.mp3\">https:\/\/www.radiopiu.net\/wordpress\/wp-content\/uploads\/2023\/12\/lorenzo-nicolao.mp3<\/a><\/audio>\n<p>&nbsp;<\/p>\n<p>&nbsp;<\/p>\n<hr \/>\n<p>&nbsp;<\/p>\n<p>&nbsp;<\/p>\n<blockquote>\n<h3>\u00a0ARRIVA SAN NICOLO&#8217; ALLA SCUOLA DELL&#8217;INFANZIA DI TAIBON<\/h3>\n<\/blockquote>\n<p><strong><a class=\"dt-pswp-item\" href=\"https:\/\/www.radiopiu.net\/wordpress\/wp-content\/uploads\/2023\/12\/f726e70b-4c92-4e77-9d9d-92c2682fe1bc.jpg\" data-dt-img-description=\"\" data-large_image_width=\"1200\" data-large_image_height=\"1600\"><img loading=\"lazy\" decoding=\"async\" class=\" wp-image-364560 alignleft\" src=\"https:\/\/www.radiopiu.net\/wordpress\/wp-content\/uploads\/2023\/12\/f726e70b-4c92-4e77-9d9d-92c2682fe1bc-225x300.jpg\" alt=\"\" width=\"95\" height=\"127\" srcset=\"https:\/\/www.radiopiu.net\/wordpress\/wp-content\/uploads\/2023\/12\/f726e70b-4c92-4e77-9d9d-92c2682fe1bc-225x300.jpg 225w, https:\/\/www.radiopiu.net\/wordpress\/wp-content\/uploads\/2023\/12\/f726e70b-4c92-4e77-9d9d-92c2682fe1bc-768x1024.jpg 768w, https:\/\/www.radiopiu.net\/wordpress\/wp-content\/uploads\/2023\/12\/f726e70b-4c92-4e77-9d9d-92c2682fe1bc-1152x1536.jpg 1152w, https:\/\/www.radiopiu.net\/wordpress\/wp-content\/uploads\/2023\/12\/f726e70b-4c92-4e77-9d9d-92c2682fe1bc.jpg 1200w\" sizes=\"auto, (max-width: 95px) 100vw, 95px\" \/><\/a>TAIBON\u00a0 <\/strong>Oggi arriver\u00e0 San Nicol\u00f2 alla scuole dell&#8217;infanzia di Taibon, accompagnato dai volontari della Proloco Taibon. Sono loro che ogni anno si accertano che la tradizione continui&#8230;Loro che aiutano San Nicol\u00f2 a preparare i doni per ogni bimbo. Sempre loro, preparano i sacchi con i doni che resteranno alla scuola, per tutti i bambini di oggi e di domani. Quest&#8217;anno, in collaborazione con il gruppo sportivo di Taibon e il gruppo Donatori del sangue, insieme hanno realizzato 6 panchine colorate per le classi che da tempo ne erano sprovviste. Un grazie a questi gruppi di volontariato, senza i quali la tradizione, la collaborazione, la generosit\u00e0 non potrebbero prendere forma.<\/p>\n<p>&nbsp;<\/p>\n<hr \/>\n<h2><\/h2>\n<p><strong><a class=\"dt-pswp-item\" href=\"https:\/\/www.radiopiu.net\/wordpress\/wp-content\/uploads\/2023\/12\/e3fb72fe-90fb-4c4a-870d-f8cda716b982.jpg\" data-dt-img-description=\"\" data-large_image_width=\"724\" data-large_image_height=\"1024\"><img loading=\"lazy\" decoding=\"async\" class=\"size-medium wp-image-364604 alignleft\" src=\"https:\/\/www.radiopiu.net\/wordpress\/wp-content\/uploads\/2023\/12\/e3fb72fe-90fb-4c4a-870d-f8cda716b982-212x300.jpg\" alt=\"\" width=\"212\" height=\"300\" srcset=\"https:\/\/www.radiopiu.net\/wordpress\/wp-content\/uploads\/2023\/12\/e3fb72fe-90fb-4c4a-870d-f8cda716b982-212x300.jpg 212w, https:\/\/www.radiopiu.net\/wordpress\/wp-content\/uploads\/2023\/12\/e3fb72fe-90fb-4c4a-870d-f8cda716b982.jpg 724w\" sizes=\"auto, (max-width: 212px) 100vw, 212px\" \/><\/a> <\/strong><\/p>\n<p><strong>\u00a0<\/strong><\/p>\n<p><strong>VENERDI A FALCADE L&#8217;ACCENSIONE DELL&#8217;ALBERO&#8230; LA FESTA. OGGI ENTRIAMO NELLE PIEGHE DEGLI EVENTI CON ANTONELLA SCHENA, PRESIDENTE PROMO FALCADE ALLE 10.30 E 1900 ALLA RADIO PIU&#8217;\u00a0<\/strong><\/p>\n<blockquote>\n<h3>EMOZIONI SOTTO L&#8217;ALBERO IN VALLE DEL BIOIS<\/h3>\n<\/blockquote>\n<p><strong>FALCADE<\/strong> L&#8217;8 e il 9 dicembre sono le date da segnare sul calendario. Torna &#8220;Emozioni Sotto L&#8217;Albero&#8221;. Venerd\u00ec 8 giochi per bambini a partire dalle 16, a seguire nutella party e alle 17:30 l&#8217;accensione dell&#8217;albero di Natale sulla Piana. Il giorno seguente il mercatino d&#8217;inverno a Caviola e a Canale D&#8217;Agordo dalle 16 passeggiata con gli asini e gli zampognari, alle 17:30 l&#8217;accensione dell&#8217;Albero di Natale con la Pro Loco.<\/p>\n<p>&nbsp;<\/p>\n<hr \/>\n<blockquote>\n<h3><\/h3>\n<h3>ANCHE AD ALLEGHE VENERDI E&#8217; IL GIORNO DELL&#8217;ACCENSIONE DELL&#8217; ALBERO E DEL RICORDO DI AFRA<\/h3>\n<\/blockquote>\n<p>&nbsp;<\/p>\n<blockquote class=\"wp-embedded-content\" data-secret=\"7Zcm7OHE7x\"><p><a href=\"https:\/\/www.radiopiu.net\/wordpress\/proloco-di-alleghe-la-nuova-canzone-in-attesa-dellaccensione-dellalbero\/\">PROLOCO DI ALLEGHE, LA NUOVA CANZONE IN ATTESA DELL\u2019ACCENSIONE DELL\u2019ALBERO<\/a><\/p><\/blockquote>\n<p><iframe loading=\"lazy\" class=\"wp-embedded-content\" sandbox=\"allow-scripts\" security=\"restricted\" style=\"position: absolute; clip: rect(1px, 1px, 1px, 1px);\" title=\"&#8220;PROLOCO DI ALLEGHE, LA NUOVA CANZONE IN ATTESA DELL\u2019ACCENSIONE DELL\u2019ALBERO&#8221; &#8212; Radio Pi\u00f9\" src=\"https:\/\/www.radiopiu.net\/wordpress\/proloco-di-alleghe-la-nuova-canzone-in-attesa-dellaccensione-dellalbero\/embed\/#?secret=z3DQXMoqIp#?secret=7Zcm7OHE7x\" data-secret=\"7Zcm7OHE7x\" width=\"600\" height=\"338\" frameborder=\"0\" marginwidth=\"0\" marginheight=\"0\" scrolling=\"no\"><\/iframe><\/p>\n<p>&nbsp;<\/p>\n<blockquote>\n<h3>SOT AL PEZ DE NADEL, SABATO DALLE 16 LA FESTA CON L&#8217;ASSOCIAZIONE BORGO DI SOTTOGUDA<\/h3>\n<\/blockquote>\n<p><a class=\"dt-pswp-item\" href=\"https:\/\/www.radiopiu.net\/wordpress\/wp-content\/uploads\/2023\/12\/d71087b3-a5b8-4c23-a07b-9a648873bd19.jpg\" data-dt-img-description=\"\" data-large_image_width=\"1080\" data-large_image_height=\"1080\"><img loading=\"lazy\" decoding=\"async\" class=\"size-medium wp-image-364605 aligncenter\" src=\"https:\/\/www.radiopiu.net\/wordpress\/wp-content\/uploads\/2023\/12\/d71087b3-a5b8-4c23-a07b-9a648873bd19-300x300.jpg\" alt=\"\" width=\"300\" height=\"300\" srcset=\"https:\/\/www.radiopiu.net\/wordpress\/wp-content\/uploads\/2023\/12\/d71087b3-a5b8-4c23-a07b-9a648873bd19-300x300.jpg 300w, https:\/\/www.radiopiu.net\/wordpress\/wp-content\/uploads\/2023\/12\/d71087b3-a5b8-4c23-a07b-9a648873bd19-1024x1024.jpg 1024w, https:\/\/www.radiopiu.net\/wordpress\/wp-content\/uploads\/2023\/12\/d71087b3-a5b8-4c23-a07b-9a648873bd19-150x150.jpg 150w, https:\/\/www.radiopiu.net\/wordpress\/wp-content\/uploads\/2023\/12\/d71087b3-a5b8-4c23-a07b-9a648873bd19-768x768.jpg 768w, https:\/\/www.radiopiu.net\/wordpress\/wp-content\/uploads\/2023\/12\/d71087b3-a5b8-4c23-a07b-9a648873bd19.jpg 1080w\" sizes=\"auto, (max-width: 300px) 100vw, 300px\" \/><\/a><\/p>\n<blockquote>\n<h3><\/h3>\n<\/blockquote>\n<blockquote>\n<h3>ARRIVANO I KRAMPUS A FRASSENE&#8217;<\/h3>\n<\/blockquote>\n<p><strong>VOLTAGO<\/strong> Il Gruppo Giovani di Voltago organizzano per domenica alle 19 in piazza di Frassen\u00e8 il tradizionale arrivo dei Krampus. Si consiglia di non portare gli amici a 4 zampe che potrebbero spaventarsi.<\/p>\n<p>&nbsp;<\/p>\n<h3><\/h3>\n<hr \/>\n<p>&nbsp;<\/p>\n<blockquote>\n<h3><strong>Associazione Io non ho paura del lupo risponde alle preoccupazioni sull&#8217;emergenza lupo in Alpago<\/strong><\/h3>\n<\/blockquote>\n<p><em><span id=\"gmail-docs-internal-guid-6ebda064-7fff-510b-ef70-cd976fa48f27\">\u201cNon esiste alcuna \u201cemergenza lupo\u201d in Alpago; esiste piuttosto l\u2019esigenza di informare con equilibrio e solidit\u00e0 scientifica <\/span><\/em><\/p>\n<p><strong><a class=\"dt-pswp-item\" href=\"https:\/\/www.radiopiu.net\/wordpress\/wp-content\/uploads\/2023\/12\/Senza-nome-14.png\" data-dt-img-description=\"\" data-large_image_width=\"220\" data-large_image_height=\"140\"><img loading=\"lazy\" decoding=\"async\" class=\" wp-image-364520 alignleft\" src=\"https:\/\/www.radiopiu.net\/wordpress\/wp-content\/uploads\/2023\/12\/Senza-nome-14.png\" alt=\"\" width=\"170\" height=\"108\" \/><\/a>ALPAGO<\/strong> L&#8217;Associazione &#8220;Io non ho paura del lupo&#8221; si pronuncia sulla presunta &#8220;emergenza lupo&#8221; in Alpago, contestando l&#8217;uso di tale termine. Invita a un approccio informativo basato sulla solidit\u00e0 scientifica e sull&#8217;equilibrio per affrontare il ritorno naturale dei lupi. Sottolinea che la presenza del lupo in Alpago \u00e8 naturale e che il lupo \u00e8 un regolatore naturale della propria popolazione. Sottolinea inoltre che il lupo contribuir\u00e0 a controllare il sovrannumero di ungulati, riducendo i danni ecologici. L&#8217;associazione offre il suo supporto per promuovere la conoscenza e la coesistenza tra lupo e comunit\u00e0 locali.<\/p>\n<p>&nbsp;<\/p>\n<hr \/>\n<p>&nbsp;<\/p>\n<blockquote>\n<h3>L&#8217;ALTRA BELLUNO FUORI DELL&#8217;ITALIA<\/h3>\n<\/blockquote>\n<p><strong><a class=\"dt-pswp-item\" href=\"https:\/\/www.radiopiu.net\/wordpress\/wp-content\/uploads\/2023\/12\/chiara_ferraroni-e1701685111669.jpeg\" data-dt-img-description=\"\" data-large_image_width=\"1600\" data-large_image_height=\"900\"><img loading=\"lazy\" decoding=\"async\" class=\" wp-image-364500 alignleft\" src=\"https:\/\/www.radiopiu.net\/wordpress\/wp-content\/uploads\/2023\/12\/chiara_ferraroni-e1701685111669-300x169.jpeg\" alt=\"\" width=\"233\" height=\"131\" srcset=\"https:\/\/www.radiopiu.net\/wordpress\/wp-content\/uploads\/2023\/12\/chiara_ferraroni-e1701685111669-300x169.jpeg 300w, https:\/\/www.radiopiu.net\/wordpress\/wp-content\/uploads\/2023\/12\/chiara_ferraroni-e1701685111669-1024x576.jpeg 1024w, https:\/\/www.radiopiu.net\/wordpress\/wp-content\/uploads\/2023\/12\/chiara_ferraroni-e1701685111669-768x432.jpeg 768w, https:\/\/www.radiopiu.net\/wordpress\/wp-content\/uploads\/2023\/12\/chiara_ferraroni-e1701685111669-1536x864.jpeg 1536w, https:\/\/www.radiopiu.net\/wordpress\/wp-content\/uploads\/2023\/12\/chiara_ferraroni-e1701685111669.jpeg 1600w\" sizes=\"auto, (max-width: 233px) 100vw, 233px\" \/><\/a>BELLUNO<\/strong> La provincia di Belluno, con meno di 200mila abitanti, si distingue per la sua vasta diaspora di bellunesi nel mondo, stimati a circa 200mila. Un convegno organizzato dall&#8217;Associazione &#8220;Radici Venete APS&#8221; ha evidenziato l&#8217;importanza di coinvolgere questa vasta comunit\u00e0 di discendenti emigrati nei <a class=\"dt-pswp-item\" href=\"https:\/\/www.radiopiu.net\/wordpress\/wp-content\/uploads\/2023\/12\/proloco_lattebushe.jpeg\" data-dt-img-description=\"\" data-large_image_width=\"1600\" data-large_image_height=\"900\"><img loading=\"lazy\" decoding=\"async\" class=\" wp-image-364499 alignright\" src=\"https:\/\/www.radiopiu.net\/wordpress\/wp-content\/uploads\/2023\/12\/proloco_lattebushe-300x169.jpeg\" alt=\"\" width=\"209\" height=\"118\" srcset=\"https:\/\/www.radiopiu.net\/wordpress\/wp-content\/uploads\/2023\/12\/proloco_lattebushe-300x169.jpeg 300w, https:\/\/www.radiopiu.net\/wordpress\/wp-content\/uploads\/2023\/12\/proloco_lattebushe-1024x576.jpeg 1024w, https:\/\/www.radiopiu.net\/wordpress\/wp-content\/uploads\/2023\/12\/proloco_lattebushe-768x432.jpeg 768w, https:\/\/www.radiopiu.net\/wordpress\/wp-content\/uploads\/2023\/12\/proloco_lattebushe-1536x864.jpeg 1536w, https:\/\/www.radiopiu.net\/wordpress\/wp-content\/uploads\/2023\/12\/proloco_lattebushe.jpeg 1600w\" sizes=\"auto, (max-width: 209px) 100vw, 209px\" \/><\/a>secoli scorsi. Il presidente dell&#8217;associazione, Walter Brunello, ha annunciato piani per il 2024, dichiarato &#8220;Anno delle radici italiane&#8221;, per facilitare il ritorno di questi potenziali viaggiatori. Il turismo delle radici si concentrer\u00e0 sui prodotti tipici veneti. L&#8217;incontro ha visto la partecipazione attiva di enti locali, aziende e l&#8217;UNPLI, sottolineando il desiderio di promuovere il territorio veneto attraverso iniziative culturali e turistiche. Discendenti bellunesi, presenti all&#8217;estero, hanno condiviso le loro esperienze, evidenziando il richiamo delle radici e il desiderio di esplorare il territorio. Il presidente dell&#8217;Associazione Bellunesi nel Mondo, Oscar De Bona, ha sottolineato il potenziale turistico dei discendenti e l&#8217;importanza del sostegno finanziario per favorire la crescita di questo flusso turistico. (foto, Chiara Ferraroni e Nicola Garlet di Bellunoradici.net).<\/p>\n<p>&nbsp;<\/p>\n<hr \/>\n<p>&nbsp;<\/p>\n<blockquote>\n<h3>FARE DEL BELLUNESE UN&#8217;AREA AD ALTO CONTENUTO DI CONOSCENZE INNOVATIVE PER AFFRONTARE LE SFIDE DEL MERCATO GLOBALE<\/h3>\n<\/blockquote>\n<p><strong><a class=\"dt-pswp-item\" href=\"https:\/\/www.radiopiu.net\/wordpress\/wp-content\/uploads\/2023\/12\/IMG_6213-scaled.jpg\" data-dt-img-description=\"\" data-large_image_width=\"2560\" data-large_image_height=\"1920\"><img loading=\"lazy\" decoding=\"async\" class=\" wp-image-364538 alignleft\" src=\"https:\/\/www.radiopiu.net\/wordpress\/wp-content\/uploads\/2023\/12\/IMG_6213-300x225.jpg\" alt=\"\" width=\"188\" height=\"141\" srcset=\"https:\/\/www.radiopiu.net\/wordpress\/wp-content\/uploads\/2023\/12\/IMG_6213-300x225.jpg 300w, https:\/\/www.radiopiu.net\/wordpress\/wp-content\/uploads\/2023\/12\/IMG_6213-1024x768.jpg 1024w, https:\/\/www.radiopiu.net\/wordpress\/wp-content\/uploads\/2023\/12\/IMG_6213-768x576.jpg 768w, https:\/\/www.radiopiu.net\/wordpress\/wp-content\/uploads\/2023\/12\/IMG_6213-1536x1152.jpg 1536w, https:\/\/www.radiopiu.net\/wordpress\/wp-content\/uploads\/2023\/12\/IMG_6213-2048x1536.jpg 2048w\" sizes=\"auto, (max-width: 188px) 100vw, 188px\" \/><\/a>BELLUNO<\/strong> L&#8217;incontro presso la Camera di Commercio di Treviso-Belluno Dolomiti, promosso dal centro Europe Direct \u201cMontagna Veneta\u201d del GAL Prealpi e Dolomiti, ha affrontato il ruolo cruciale delle conoscenze e competenze come driver di sviluppo per i territori decentrati. Il professor Giulio Buciuni, direttore del master in entrepreneurship al Trinity College di Dublino, ha evidenziato la centralit\u00e0 della conoscenza nello sviluppo delle periferie, sottolineando la correlazione con le citt\u00e0 metropolitane e i centri hub. Gli interventi hanno spaziato dalla scuola alla formazione, evidenziando esempi di successo di collaborazione tra preparazione accademica e mondo produttivo. Matteo Aguanno, direttore del centro Europe Direct \u201cMontagna Veneta\u201d, ha sottolineato l&#8217;importanza delle risorse finanziarie, come il PNRR, per stimolare la crescita nei territori come il Bellunese. Il presidente della Camera di Commercio, Mario Pozza, ha enfatizzato il ruolo delle competenze come elemento chiave per progetti di successo, evidenziando l&#8217;impegno della Camera nella promozione della preparazione e professionalit\u00e0 dei giovani. L&#8217;Anno Europeo delle Competenze \u00e8 considerato un&#8217;opportunit\u00e0 cruciale per affrontare la carenza di manodopera e prepararsi agli eventi come le Olimpiadi Milano &#8211; Cortina 2026.<\/p>\n<p>&nbsp;<\/p>\n<p>&nbsp;<\/p>\n<hr \/>\n<p>&nbsp;<\/p>\n<blockquote>\n<h3>APPELLO DI SOLIDARIETA&#8217; PER ENRICO E ANNA. LA COPPIA DI FELTRE A CUI STA PER ESSERE PIGNORATA LA CASA<\/h3>\n<\/blockquote>\n<p>Una campagna di solidariet\u00e0 \u00e8 stata avviata a Feltre, Belluno, su GoFundMe per &#8220;ridare dignit\u00e0 a Enrico e Anna&#8221;, una coppia di 57 anni a rischio di perdere la casa. Enrico \u00e8 stato diagnosticato nel 2006 con una malattia neurodegenerativa che si \u00e8 poi rivelata sclerosi, rendendolo incapace di lavorare. Nonostante gli sforzi di Anna, che lavora incessantemente, la coppia \u00e8 in debito e la banca sta procedendo al pignoramento della casa. Enrico, nonostante la sua condizione, non ha ottenuto la pensione di disabilit\u00e0. La loro casa sar\u00e0 messa all&#8217;asta a breve, e la situazione mette a rischio non solo il loro patrimonio, ma anche la loro dignit\u00e0. La raccolta fondi su GoFundMe ha gi\u00e0 superato i 3.500 euro con oltre novanta donazioni. Chi desidera contribuire pu\u00f2 farlo al seguente link: <a href=\"https:\/\/gf.me\/v\/c\/4srp\/37j3j1a2jc\">https:\/\/gf.me\/v\/c\/4srp\/37j3j1a2jc<\/a><\/p>\n<p>&nbsp;<\/p>\n<p>&nbsp;<\/p>\n<hr \/>\n<p>&nbsp;<\/p>\n<blockquote>\n<h3>CROCE ROSSA DI BELLUNO: CENA DI GALA A VILLA MIARI FULCIS PER L&#8217;ACQUISTO DI UNA NUOVA AMBULANZA<\/h3>\n<\/blockquote>\n<p><strong>BELLUNO<\/strong> La Croce Rossa di Belluno ha organizzato una cena di gala a Villa Miari Fulcis, a Modolo, con 120 partecipanti tra autorit\u00e0 e rappresentanti locali. Lo scopo benefico della serata era l&#8217;acquisto di una nuova ambulanza per il territorio bellunese. La cena, preparata da Villa Clizia e servita dagli studenti dell&#8217;Istituto Alberghiero Dolomieu, \u00e8 stata allietata da spettacoli di Danza Oltre e intermezzi musicali di alta qualit\u00e0 del maestro Giacomo Menegardi e della cantante Anna Giorgi. La famiglia Miari Fulcis ha messo a disposizione la villa seicentesca per l&#8217;evento. La serata ha raccolto fondi in un clima di ottimismo e generosit\u00e0.<\/p>\n\n\t\t\t<style type='text\/css'>\n\t\t\t\t#gallery-2 {\n\t\t\t\t\tmargin: auto;\n\t\t\t\t}\n\t\t\t\t#gallery-2 .gallery-item {\n\t\t\t\t\tfloat: left;\n\t\t\t\t\tmargin-top: 10px;\n\t\t\t\t\ttext-align: center;\n\t\t\t\t\twidth: 20%;\n\t\t\t\t}\n\t\t\t\t#gallery-2 img {\n\t\t\t\t\tborder: 2px solid #cfcfcf;\n\t\t\t\t}\n\t\t\t\t#gallery-2 .gallery-caption {\n\t\t\t\t\tmargin-left: 0;\n\t\t\t\t}\n\t\t\t\t\/* see gallery_shortcode() in wp-includes\/media.php *\/\n\t\t\t<\/style>\n\t\t<div id='gallery-2' class='dt-gallery-container gallery galleryid-364454 gallery-columns-5 gallery-size-thumbnail'><dl class='gallery-item'>\n\t\t\t\t<dt class='gallery-icon landscape'>\n\t\t\t\t\t<a class=\"rollover rollover-zoom dt-pswp-item\" title=\"2963b9f0-6ad8-4eea-8061-242abdfaffdd\" data-dt-img-description=\"\" data-large_image_width=\"2000\" data-large_image_height=\"1500\"href='https:\/\/www.radiopiu.net\/wordpress\/wp-content\/uploads\/2023\/12\/2963b9f0-6ad8-4eea-8061-242abdfaffdd.jpg'><img loading=\"lazy\" decoding=\"async\" width=\"150\" height=\"150\" src=\"https:\/\/www.radiopiu.net\/wordpress\/wp-content\/uploads\/2023\/12\/2963b9f0-6ad8-4eea-8061-242abdfaffdd-150x150.jpg\" class=\"attachment-thumbnail size-thumbnail\" alt=\"\" \/><\/a>\n\t\t\t\t<\/dt><\/dl><dl class='gallery-item'>\n\t\t\t\t<dt class='gallery-icon portrait'>\n\t\t\t\t\t<a class=\"rollover rollover-zoom dt-pswp-item\" title=\"0b3c2e19-9be2-40a7-9a29-3c3c2444db61\" data-dt-img-description=\"\" data-large_image_width=\"1200\" data-large_image_height=\"1600\"href='https:\/\/www.radiopiu.net\/wordpress\/wp-content\/uploads\/2023\/12\/0b3c2e19-9be2-40a7-9a29-3c3c2444db61.jpg'><img loading=\"lazy\" decoding=\"async\" width=\"150\" height=\"150\" src=\"https:\/\/www.radiopiu.net\/wordpress\/wp-content\/uploads\/2023\/12\/0b3c2e19-9be2-40a7-9a29-3c3c2444db61-150x150.jpg\" class=\"attachment-thumbnail size-thumbnail\" alt=\"\" \/><\/a>\n\t\t\t\t<\/dt><\/dl><dl class='gallery-item'>\n\t\t\t\t<dt class='gallery-icon landscape'>\n\t\t\t\t\t<a class=\"rollover rollover-zoom dt-pswp-item\" title=\"4fd4a971-9e65-4ff1-b31a-933673558c56-1\" data-dt-img-description=\"\" data-large_image_width=\"1600\" data-large_image_height=\"816\"href='https:\/\/www.radiopiu.net\/wordpress\/wp-content\/uploads\/2023\/12\/4fd4a971-9e65-4ff1-b31a-933673558c56-1.jpg'><img loading=\"lazy\" decoding=\"async\" width=\"150\" height=\"150\" src=\"https:\/\/www.radiopiu.net\/wordpress\/wp-content\/uploads\/2023\/12\/4fd4a971-9e65-4ff1-b31a-933673558c56-1-150x150.jpg\" class=\"attachment-thumbnail size-thumbnail\" alt=\"\" \/><\/a>\n\t\t\t\t<\/dt><\/dl><dl class='gallery-item'>\n\t\t\t\t<dt class='gallery-icon landscape'>\n\t\t\t\t\t<a class=\"rollover rollover-zoom dt-pswp-item\" title=\"48bec324-0795-4433-be7c-c5807c123e39\" data-dt-img-description=\"\" data-large_image_width=\"1600\" data-large_image_height=\"1066\"href='https:\/\/www.radiopiu.net\/wordpress\/wp-content\/uploads\/2023\/12\/48bec324-0795-4433-be7c-c5807c123e39.jpg'><img loading=\"lazy\" decoding=\"async\" width=\"150\" height=\"150\" src=\"https:\/\/www.radiopiu.net\/wordpress\/wp-content\/uploads\/2023\/12\/48bec324-0795-4433-be7c-c5807c123e39-150x150.jpg\" class=\"attachment-thumbnail size-thumbnail\" alt=\"\" \/><\/a>\n\t\t\t\t<\/dt><\/dl><dl class='gallery-item'>\n\t\t\t\t<dt class='gallery-icon landscape'>\n\t\t\t\t\t<a class=\"rollover rollover-zoom dt-pswp-item\" title=\"d6293385-d81f-4d85-99ff-90277d697e8f\" data-dt-img-description=\"\" data-large_image_width=\"2048\" data-large_image_height=\"1365\"href='https:\/\/www.radiopiu.net\/wordpress\/wp-content\/uploads\/2023\/12\/d6293385-d81f-4d85-99ff-90277d697e8f.jpg'><img loading=\"lazy\" decoding=\"async\" width=\"150\" height=\"150\" src=\"https:\/\/www.radiopiu.net\/wordpress\/wp-content\/uploads\/2023\/12\/d6293385-d81f-4d85-99ff-90277d697e8f-150x150.jpg\" class=\"attachment-thumbnail size-thumbnail\" alt=\"\" \/><\/a>\n\t\t\t\t<\/dt><\/dl><br style=\"clear: both\" \/>\n\t\t\t<\/div>\n\n<p>&nbsp;<\/p>\n<p>&nbsp;<\/p>\n<p>&nbsp;<\/p>\n<hr \/>\n<p>&nbsp;<\/p>\n<h3>SALUTE E SOCIETA&#8217;, DOTTOR MARCO CARACCIOLO<\/h3>\n<p><a class=\"dt-pswp-item\" href=\"https:\/\/www.radiopiu.net\/wordpress\/wp-content\/uploads\/2023\/01\/17912865-3eb5-b61e-1c46-18b4b4e2ab8e.jpg\" data-dt-img-description=\"Close up of elder woman hands with atopic dermatitis, eczema, allergy reaction on dry skin\" data-large_image_width=\"800\" data-large_image_height=\"445\"><img loading=\"lazy\" decoding=\"async\" class=\"size-medium wp-image-364482 alignleft\" src=\"https:\/\/www.radiopiu.net\/wordpress\/wp-content\/uploads\/2023\/01\/17912865-3eb5-b61e-1c46-18b4b4e2ab8e-300x167.jpg\" alt=\"\" width=\"300\" height=\"167\" srcset=\"https:\/\/www.radiopiu.net\/wordpress\/wp-content\/uploads\/2023\/01\/17912865-3eb5-b61e-1c46-18b4b4e2ab8e-300x167.jpg 300w, https:\/\/www.radiopiu.net\/wordpress\/wp-content\/uploads\/2023\/01\/17912865-3eb5-b61e-1c46-18b4b4e2ab8e-768x427.jpg 768w, https:\/\/www.radiopiu.net\/wordpress\/wp-content\/uploads\/2023\/01\/17912865-3eb5-b61e-1c46-18b4b4e2ab8e.jpg 800w\" sizes=\"auto, (max-width: 300px) 100vw, 300px\" \/><\/a><\/p>\n<h3>Malattie della pelle<\/h3>\n<p>Un terzo della popolazione italiana \u2013 20 milioni &#8211; \u00e8 colpito da problemi di tipo dermatologico di diversa natura e gravit\u00e0. Per questo \u00e8 nato l\u2019Intergruppo Parlamentare sulle Malattie della pelle.<\/p>\n<h3>Il valore della prevenzione<\/h3>\n<p>Giunto alla seconda edizione, al summit annuale di Gsk \u201cInnovaCtion, Ricerca, innovazione e cambiamento per la salute del futuro\u201d il punto su salute globale e innovazione sanitaria.<\/p>\n<p>AUDIO<\/p>\n<audio class=\"wp-audio-shortcode\" id=\"audio-364454-6\" preload=\"none\" style=\"width: 100%;\" controls=\"controls\"><source type=\"audio\/mpeg\" src=\"https:\/\/www.radiopiu.net\/wordpress\/wp-content\/uploads\/2023\/01\/SALUTE-5.mp3?_=6\" \/><a href=\"https:\/\/www.radiopiu.net\/wordpress\/wp-content\/uploads\/2023\/01\/SALUTE-5.mp3\">https:\/\/www.radiopiu.net\/wordpress\/wp-content\/uploads\/2023\/01\/SALUTE-5.mp3<\/a><\/audio>\n<p>&nbsp;<\/p>\n<p>LA RACCOLTA COMPLETA <a href=\"https:\/\/www.radiopiu.net\/wordpress\/saluteesocieta\/\"><span style=\"color: #0000ff;\"><strong>CLICCA QUI<\/strong><\/span><\/a><\/p>\n<p>&nbsp;<\/p>\n<hr \/>\n<p>&nbsp;<\/p>\n<blockquote>\n<h3>AVANTI AVANTI&#8230;C&#8217;E&#8217; POSTO<\/h3>\n<\/blockquote>\n<p><strong>AGORDO<\/strong> Iniziano i preparativi al PalaLuxottica per la Festa di Natale e dalla foto si evince che si sta costrunedo una tesostruttura all&#8217;esterno dello stabile&#8230;per aggiungere qualche posto in pi\u00f9?<\/p>\n<h3><a class=\"dt-pswp-item\" href=\"https:\/\/www.radiopiu.net\/wordpress\/wp-content\/uploads\/2023\/12\/6511967e-8b53-4103-a83e-d260d6bf0ded.jpg\" data-dt-img-description=\"\" data-large_image_width=\"2000\" data-large_image_height=\"1500\"><img loading=\"lazy\" decoding=\"async\" class=\"wp-image-364540 aligncenter\" src=\"https:\/\/www.radiopiu.net\/wordpress\/wp-content\/uploads\/2023\/12\/6511967e-8b53-4103-a83e-d260d6bf0ded-1024x768.jpg\" alt=\"\" width=\"435\" height=\"326\" srcset=\"https:\/\/www.radiopiu.net\/wordpress\/wp-content\/uploads\/2023\/12\/6511967e-8b53-4103-a83e-d260d6bf0ded-1024x768.jpg 1024w, https:\/\/www.radiopiu.net\/wordpress\/wp-content\/uploads\/2023\/12\/6511967e-8b53-4103-a83e-d260d6bf0ded-300x225.jpg 300w, https:\/\/www.radiopiu.net\/wordpress\/wp-content\/uploads\/2023\/12\/6511967e-8b53-4103-a83e-d260d6bf0ded-768x576.jpg 768w, https:\/\/www.radiopiu.net\/wordpress\/wp-content\/uploads\/2023\/12\/6511967e-8b53-4103-a83e-d260d6bf0ded-1536x1152.jpg 1536w, https:\/\/www.radiopiu.net\/wordpress\/wp-content\/uploads\/2023\/12\/6511967e-8b53-4103-a83e-d260d6bf0ded.jpg 2000w\" sizes=\"auto, (max-width: 435px) 100vw, 435px\" \/><\/a><\/h3>\n<p>&nbsp;<\/p>\n<p>&nbsp;<\/p>\n<hr \/>\n<p>&nbsp;<\/p>\n<h3><span style=\"color: #ff0000;\">I CONSIGLI COMUNALI IN AGORDINO<\/span><\/h3>\n<blockquote>\n<h3>A ROCCA PIETORE<\/h3>\n<\/blockquote>\n<p><strong>ROCCA PIETORE<\/strong> Consiglio comunale fiume convocato dal sindaco di Rocca Pietore Andrea De Bernardin per oggi alle 18:30. Ben 12 punti da trattare, tra questi si parler\u00e0 dell&#8217;accordo con l&#8217;Unione Montana Agordina per il servizio associato di segreteria, l&#8217;approvazione del DUP, variazioni a bilancio e due interrogazioni del gruppo di minoranza che chiedono delucidazioni sui rimborsi delle assicurazioni e a che punto sono le sistemazioni dei fabbricati comunali danneggiati da Vaia e la motivazione di una sbarra sulla destra orografica del lago di Alleghe.<\/p>\n<p>&nbsp;<\/p>\n<p>&nbsp;<\/p>\n<blockquote>\n<h3><strong><a class=\"dt-pswp-item\" href=\"https:\/\/www.radiopiu.net\/wordpress\/wp-content\/uploads\/2023\/08\/pic-nic-valle-san-lucano.jpeg\" data-dt-img-description=\"\" data-large_image_width=\"1506\" data-large_image_height=\"1078\"><img loading=\"lazy\" decoding=\"async\" class=\"wp-image-350508 alignleft\" src=\"https:\/\/www.radiopiu.net\/wordpress\/wp-content\/uploads\/2023\/08\/pic-nic-valle-san-lucano-300x215.jpeg\" alt=\"\" width=\"167\" height=\"120\" srcset=\"https:\/\/www.radiopiu.net\/wordpress\/wp-content\/uploads\/2023\/08\/pic-nic-valle-san-lucano-300x215.jpeg 300w, https:\/\/www.radiopiu.net\/wordpress\/wp-content\/uploads\/2023\/08\/pic-nic-valle-san-lucano-1024x733.jpeg 1024w, https:\/\/www.radiopiu.net\/wordpress\/wp-content\/uploads\/2023\/08\/pic-nic-valle-san-lucano-768x550.jpeg 768w, https:\/\/www.radiopiu.net\/wordpress\/wp-content\/uploads\/2023\/08\/pic-nic-valle-san-lucano.jpeg 1506w\" sizes=\"auto, (max-width: 167px) 100vw, 167px\" \/><\/a>Presentazione Piano di Valorizzazione Turistica Valle San Lucano e Val Corpassa a Taibon<\/strong><\/h3>\n<\/blockquote>\n<p><strong>TAIBON<\/strong> Il Comune di Taibon, insieme all&#8217;Unione montana agordina, presenter\u00e0 gioved\u00ec il Piano di azione per la valorizzazione turistica della Valle di San Lucano e della Val Corpassa.\u00a0 Il piano \u00e8 parte di un progetto pi\u00f9 ampio di valorizzazione e sviluppo turistico, finanziato con 1.200.000 euro di fondi di confine di area vasta. La presentazione includer\u00e0 la riorganizzazione delle aree pic-nic in Valle di San Lucano e uno studio per futuri interventi nelle due valli sul territorio comunale. Etifor, spin-off dell&#8217;Universit\u00e0 degli Studi di Padova, presenter\u00e0 i risultati del secondo stralcio del progetto durante l&#8217;evento.<\/p>\n<p>&nbsp;<\/p>\n<blockquote>\n<h2>Contributi da 25.000 euro a 15 Associazioni di Alleghe e Comuni Limitrofi<\/h2>\n<\/blockquote>\n<p><strong>DI GIANNI SANTOMASO<\/strong><\/p>\n<audio class=\"wp-audio-shortcode\" id=\"audio-364454-7\" preload=\"none\" style=\"width: 100%;\" controls=\"controls\"><source type=\"audio\/mpeg\" src=\"https:\/\/www.radiopiu.net\/wordpress\/wp-content\/uploads\/2023\/12\/GIANNI-LAMMINISTRAZIONE-COMUNALE-DI-ALLEGHE-FINANZIA-CON-25-MILA-EURO-LE-ASSOCIAZIONI.mp3?_=7\" \/><a href=\"https:\/\/www.radiopiu.net\/wordpress\/wp-content\/uploads\/2023\/12\/GIANNI-LAMMINISTRAZIONE-COMUNALE-DI-ALLEGHE-FINANZIA-CON-25-MILA-EURO-LE-ASSOCIAZIONI.mp3\">https:\/\/www.radiopiu.net\/wordpress\/wp-content\/uploads\/2023\/12\/GIANNI-LAMMINISTRAZIONE-COMUNALE-DI-ALLEGHE-FINANZIA-CON-25-MILA-EURO-LE-ASSOCIAZIONI.mp3<\/a><\/audio>\n<p>&nbsp;<\/p>\n<p><strong><a class=\"dt-pswp-item\" href=\"https:\/\/www.radiopiu.net\/wordpress\/wp-content\/uploads\/2023\/12\/MUNICIPIO-ALLEGHE.jpeg\" data-dt-img-description=\"\" data-large_image_width=\"1744\" data-large_image_height=\"1076\"><img loading=\"lazy\" decoding=\"async\" class=\"wp-image-364583 alignleft\" src=\"https:\/\/www.radiopiu.net\/wordpress\/wp-content\/uploads\/2023\/12\/MUNICIPIO-ALLEGHE-300x185.jpeg\" alt=\"\" width=\"206\" height=\"127\" srcset=\"https:\/\/www.radiopiu.net\/wordpress\/wp-content\/uploads\/2023\/12\/MUNICIPIO-ALLEGHE-300x185.jpeg 300w, https:\/\/www.radiopiu.net\/wordpress\/wp-content\/uploads\/2023\/12\/MUNICIPIO-ALLEGHE-1024x632.jpeg 1024w, https:\/\/www.radiopiu.net\/wordpress\/wp-content\/uploads\/2023\/12\/MUNICIPIO-ALLEGHE-768x474.jpeg 768w, https:\/\/www.radiopiu.net\/wordpress\/wp-content\/uploads\/2023\/12\/MUNICIPIO-ALLEGHE-1536x948.jpeg 1536w, https:\/\/www.radiopiu.net\/wordpress\/wp-content\/uploads\/2023\/12\/MUNICIPIO-ALLEGHE.jpeg 1744w\" sizes=\"auto, (max-width: 206px) 100vw, 206px\" \/><\/a>ALLEGHE <\/strong>Sono stati destinati contributi totali di 25.000 euro a 15 realt\u00e0 associative: organizzazioni che operano non solo ad Alleghe ma anche nei Comuni di Agordo, Rocca Pietore e Belluno. Quest&#8217;anno, sono state finanziate le attivit\u00e0 di 15 su 16 associazioni che ne avevano fatto richiesta. L&#8217;unica organizzazione esclusa \u00e8 stata l&#8217;Unione nazionale italiana volontari pro ciechi.<\/p>\n<div class=\"flex-1 overflow-hidden\">\n<div class=\"react-scroll-to-bottom--css-lzkkl-79elbk h-full\">\n<div class=\"react-scroll-to-bottom--css-lzkkl-1n7m0yu\">\n<div class=\"flex flex-col pb-9 text-sm\">\n<div class=\"w-full text-token-text-primary\" data-testid=\"conversation-turn-3\">\n<div class=\"px-4 py-2 justify-center text-base md:gap-6 m-auto\">\n<div class=\"flex flex-1 text-base mx-auto gap-3 md:px-5 lg:px-1 xl:px-5 md:max-w-3xl lg:max-w-[40rem] xl:max-w-[48rem] } group final-completion\">\n<div class=\"relative flex w-full flex-col lg:w-[calc(100%-115px)] agent-turn\">\n<div class=\"flex-col gap-1 md:gap-3\">\n<div class=\"flex flex-grow flex-col max-w-full\">\n<div class=\"min-h-[20px] text-message flex flex-col items-start gap-3 whitespace-pre-wrap break-words [.text-message+&amp;]:mt-5 overflow-x-auto\" data-message-author-role=\"assistant\" data-message-id=\"51c6913a-5c8c-4a37-b760-0112fc70c3be\">\n<div class=\"markdown prose w-full break-words dark:prose-invert dark\">\n<ol>\n<li>Consorzio operatori turistici di Alleghe-Caprile: 5.500 euro<\/li>\n<li>Gruppo Ana Monte Civetta: 3.500 euro<\/li>\n<li>Associazione Pro loco Alleghe: 3.000 euro<\/li>\n<li>Sci Nordico Marmolada Asd di Rocca Pietore: 2.000 euro<\/li>\n<li>Alleghe Hockey: 2.000 euro<\/li>\n<li>Union dei Ladin de Alie: 2.000 euro<\/li>\n<li>Asd Agordino Ghiaccio e Sport: 2.000 euro<\/li>\n<li>Associazione volontari ambulanze Croce Verde: 1.500 euro<\/li>\n<li>Cai Sezione di Caprile: 1.200 euro<\/li>\n<li>Coro San Biagio: 200 euro<\/li>\n<li>Universit\u00e0 adulti anziani Sezione Alto Cordevole: 100 euro<\/li>\n<li>Asuer El Broi di Agordo: 1.000 euro<\/li>\n<li>Cai Sezione di Belluno: 600 euro<\/li>\n<li>Unione italiana ciechi e ipovedenti di Belluno: 200 euro<\/li>\n<li>Associazione Bellunesi nel mondo: 200 euro<\/li>\n<\/ol>\n<p>&nbsp;<\/p>\n<\/div>\n<\/div>\n<\/div>\n<\/div>\n<\/div>\n<\/div>\n<\/div>\n<\/div>\n<\/div>\n<\/div>\n<\/div>\n<\/div>\n<p>&nbsp;<\/p>\n<p>&nbsp;<\/p>\n<hr \/>\n<p>&nbsp;<\/p>\n<blockquote>\n<h3>SCUOLE APERTE A FELTRE<\/h3>\n<\/blockquote>\n<p><strong>FELTRE <\/strong>Per l\u2019Istituto Comprensivo di Feltre \u00e8 tempo di \u201cScuola Aperta\u201d, l\u2019iniziativa \u00e8 rivolta ad alunni e genitori in vista delle iscrizioni per il prossimo anno scolastico 2024\/2025 che inizieranno ai primi di gennaio. Un fitto programma di incontri durante i quali gli insegnanti presenteranno i progetti del Piano dell\u2019Offerta Formativa e forniranno indicazioni su orari e organizzazione scolastica, per le famiglie sar\u00e0 anche l\u2019occasione per visitare i vari plessi dell\u2019Istituto e prendere contatto con le iniziative che l\u2019Istituto mette in cantiere ogni anno.<\/p>\n<p><strong>I CALENDARI DEI VARI APPUNTAMENTI<\/strong><\/p>\n\n\t\t\t<style type='text\/css'>\n\t\t\t\t#gallery-3 {\n\t\t\t\t\tmargin: auto;\n\t\t\t\t}\n\t\t\t\t#gallery-3 .gallery-item {\n\t\t\t\t\tfloat: left;\n\t\t\t\t\tmargin-top: 10px;\n\t\t\t\t\ttext-align: center;\n\t\t\t\t\twidth: 33%;\n\t\t\t\t}\n\t\t\t\t#gallery-3 img {\n\t\t\t\t\tborder: 2px solid #cfcfcf;\n\t\t\t\t}\n\t\t\t\t#gallery-3 .gallery-caption {\n\t\t\t\t\tmargin-left: 0;\n\t\t\t\t}\n\t\t\t\t\/* see gallery_shortcode() in wp-includes\/media.php *\/\n\t\t\t<\/style>\n\t\t<div id='gallery-3' class='dt-gallery-container gallery galleryid-364454 gallery-columns-3 gallery-size-thumbnail'><dl class='gallery-item'>\n\t\t\t\t<dt class='gallery-icon portrait'>\n\t\t\t\t\t<a class=\"rollover rollover-zoom dt-pswp-item\" title=\"scuola_aperta_IC_feltre_primaria\" data-dt-img-description=\"\" data-large_image_width=\"1131\" data-large_image_height=\"1600\"href='https:\/\/www.radiopiu.net\/wordpress\/wp-content\/uploads\/2023\/12\/scuola_aperta_IC_feltre_primaria.jpeg'><img loading=\"lazy\" decoding=\"async\" width=\"150\" height=\"150\" src=\"https:\/\/www.radiopiu.net\/wordpress\/wp-content\/uploads\/2023\/12\/scuola_aperta_IC_feltre_primaria-150x150.jpeg\" class=\"attachment-thumbnail size-thumbnail\" alt=\"\" \/><\/a>\n\t\t\t\t<\/dt><\/dl><dl class='gallery-item'>\n\t\t\t\t<dt class='gallery-icon portrait'>\n\t\t\t\t\t<a class=\"rollover rollover-zoom dt-pswp-item\" title=\"scuola_aperta_IC_feltre_infanzia\" data-dt-img-description=\"\" data-large_image_width=\"1131\" data-large_image_height=\"1600\"href='https:\/\/www.radiopiu.net\/wordpress\/wp-content\/uploads\/2023\/12\/scuola_aperta_IC_feltre_infanzia.jpeg'><img loading=\"lazy\" decoding=\"async\" width=\"150\" height=\"150\" src=\"https:\/\/www.radiopiu.net\/wordpress\/wp-content\/uploads\/2023\/12\/scuola_aperta_IC_feltre_infanzia-150x150.jpeg\" class=\"attachment-thumbnail size-thumbnail\" alt=\"\" \/><\/a>\n\t\t\t\t<\/dt><\/dl><dl class='gallery-item'>\n\t\t\t\t<dt class='gallery-icon portrait'>\n\t\t\t\t\t<a class=\"rollover rollover-zoom dt-pswp-item\" title=\"scuola_aperta_IC_feltre_secondaria\" data-dt-img-description=\"\" data-large_image_width=\"1131\" data-large_image_height=\"1600\"href='https:\/\/www.radiopiu.net\/wordpress\/wp-content\/uploads\/2023\/12\/scuola_aperta_IC_feltre_secondaria.jpeg'><img loading=\"lazy\" decoding=\"async\" width=\"150\" height=\"150\" src=\"https:\/\/www.radiopiu.net\/wordpress\/wp-content\/uploads\/2023\/12\/scuola_aperta_IC_feltre_secondaria-150x150.jpeg\" class=\"attachment-thumbnail size-thumbnail\" alt=\"\" \/><\/a>\n\t\t\t\t<\/dt><\/dl><br style=\"clear: both\" \/>\n\t\t\t<\/div>\n\n<p>&nbsp;<\/p>\n<p>&nbsp;<\/p>\n<hr \/>\n<p>&nbsp;<\/p>\n<blockquote>\n<h3>OGGI A BELLUNO LA PRESENTAZIONE DELL&#8217;EVENTO\u00a0 DI DOMENICA<\/h3>\n<\/blockquote>\n<div class=\"moz-text-html\" lang=\"x-western\">\n<div dir=\"auto\"><strong>BELLUNO<\/strong> Oggi nella sede del Coni\u00a0 si terr\u00e0\u00a0 la\u00a0 presentazione con l&#8217;associazione Atletica Dolomiti Belluno, della Winter Run 2023 che si correr\u00e0 a Belluno il 10 dicembre 2023. Verr\u00e0 presentata anche la convocazione ai campionati europei di corsa campestre a Bruxelles dell&#8217;atleta della Atletica Dolomiti Belluno Lucia Arnoldo.<\/div>\n<\/div>\n<p>&nbsp;<\/p>\n<p>&nbsp;<\/p>\n<hr \/>\n<p>&nbsp;<\/p>\n<blockquote>\n<h3><a class=\"dt-pswp-item\" href=\"https:\/\/www.radiopiu.net\/wordpress\/wp-content\/uploads\/2023\/12\/image004.jpg\" data-dt-img-description=\"\" data-large_image_width=\"322\" data-large_image_height=\"480\"><img loading=\"lazy\" decoding=\"async\" class=\" wp-image-364528 alignleft\" src=\"https:\/\/www.radiopiu.net\/wordpress\/wp-content\/uploads\/2023\/12\/image004-201x300.jpg\" alt=\"\" width=\"118\" height=\"176\" srcset=\"https:\/\/www.radiopiu.net\/wordpress\/wp-content\/uploads\/2023\/12\/image004-201x300.jpg 201w, https:\/\/www.radiopiu.net\/wordpress\/wp-content\/uploads\/2023\/12\/image004.jpg 322w\" sizes=\"auto, (max-width: 118px) 100vw, 118px\" \/><\/a>POSTE ITALIANE: NEGLI UFFICI POSTALI DELLA PROVINCIA DI BELLUNO LA CARTOLINA DEDICATA AL NATALE 2023<\/h3>\n<\/blockquote>\n<p><strong>BELLUNO <\/strong>Poste Italiane dedica alle prossime festivit\u00e0 natalizie la colorata cartolina filatelica \u201cL\u2019Albero di Natale e le sue Stelle\u201d, in distribuzione dal 1 dicembre 2023 al 5 gennaio 2024 negli Uffici Postali con sportello filatelico di Belluno Castello e Feltre al prezzo di 1\u20ac.Nell\u2019occasione sar\u00e0 anche possibile chiedere l\u2019annullo speciale rettangolare dedicato. Un modo per inviare gli auguri di buone feste a chi ci sta lontano o a una persona speciale, un\u2019occasione per sostenere ancora una volta il valore della scrittura e una semplice cartolina rappresenta un oggetto che pu\u00f2 essere custodito nel tempo.<\/p>\n<p>&nbsp;<\/p>\n<p>&nbsp;<\/p>\n<hr \/>\n<p>&nbsp;<\/p>\n<blockquote>\n<h3>8-9-10 DICEMBRE: TORNA LA STELLA DI NATALE DELL&#8217;AIL<\/h3>\n<\/blockquote>\n<p><strong>AGORDO<\/strong> Nelle giornate del 8-9-10 dicembre l&#8217;Ail torna in piazza con le Stelle di Natale per aiutare la ricerca. Si potranno acquistare presso il Centro Commerciale &#8220;La Corte Agordina&#8221; o in localit\u00e0 Valcozzena al Zum Brillenbar.<\/p>\n<p>&nbsp;<\/p>\n<p>&nbsp;<\/p>\n<hr \/>\n<p>&nbsp;<\/p>\n<h2><span style=\"color: #ff6600;\">IERI ALLA RADIO<\/span><\/h2>\n<h2><span style=\"color: #808000;\">PERITI MINERARI DALL\u2019AGORDINO AL MONDO<\/span><\/h2>\n<p><strong>REDAZIONE<\/strong> Continua la serie di racconti con i periti minerari agordini. Nelle prossime due puntate la storia di Mario Garavana. I racconti dei periti minerari agordini che hanno lavorato nel mondo, ogni luned\u00ec alle 10:30 e alle 19 su Radio Pi\u00f9.<\/p>\n<p><iframe loading=\"lazy\" title=\"MARIO GARAVANA\" width=\"1200\" height=\"675\" src=\"https:\/\/www.youtube.com\/embed\/YCfGUxoC5m8?feature=oembed\" frameborder=\"0\" allow=\"accelerometer; autoplay; clipboard-write; encrypted-media; gyroscope; picture-in-picture; web-share\" allowfullscreen><\/iframe><\/p>\n<p>&nbsp;<\/p>\n<p><strong>LA RACCOLTA COMPLETA <a href=\"https:\/\/www.radiopiu.net\/wordpress\/periti-minerari-dallagordino-al-mondo\/\">CLICCA QUI<\/a><\/strong><\/p>\n<p>&nbsp;<\/p>\n<h2><span style=\"color: #008000;\">I RACCONTI DI PAOLO SOPPELSA<\/span><\/h2>\n<p><strong>DICEMBRE<\/strong><\/p>\n<p><strong>AUDIO<\/strong><\/p>\n<audio class=\"wp-audio-shortcode\" id=\"audio-364454-8\" preload=\"none\" style=\"width: 100%;\" controls=\"controls\"><source type=\"audio\/mpeg\" src=\"https:\/\/www.radiopiu.net\/wordpress\/wp-content\/uploads\/2023\/12\/PAOLOS.mp3?_=8\" \/><a href=\"https:\/\/www.radiopiu.net\/wordpress\/wp-content\/uploads\/2023\/12\/PAOLOS.mp3\">https:\/\/www.radiopiu.net\/wordpress\/wp-content\/uploads\/2023\/12\/PAOLOS.mp3<\/a><\/audio>\n<p>&nbsp;<\/p>\n<p><a class=\"dt-pswp-item\" href=\"https:\/\/www.radiopiu.net\/wordpress\/wp-content\/uploads\/2023\/12\/5f936c71-c5f6-4dae-9d5a-d827dd649fa9.jpg\" data-dt-img-description=\"\" data-large_image_width=\"1080\" data-large_image_height=\"810\"><img loading=\"lazy\" decoding=\"async\" class=\" wp-image-364448 alignleft\" src=\"https:\/\/www.radiopiu.net\/wordpress\/wp-content\/uploads\/2023\/12\/5f936c71-c5f6-4dae-9d5a-d827dd649fa9-300x225.jpg\" alt=\"\" width=\"200\" height=\"150\" srcset=\"https:\/\/www.radiopiu.net\/wordpress\/wp-content\/uploads\/2023\/12\/5f936c71-c5f6-4dae-9d5a-d827dd649fa9-300x225.jpg 300w, https:\/\/www.radiopiu.net\/wordpress\/wp-content\/uploads\/2023\/12\/5f936c71-c5f6-4dae-9d5a-d827dd649fa9-1024x768.jpg 1024w, https:\/\/www.radiopiu.net\/wordpress\/wp-content\/uploads\/2023\/12\/5f936c71-c5f6-4dae-9d5a-d827dd649fa9-768x576.jpg 768w, https:\/\/www.radiopiu.net\/wordpress\/wp-content\/uploads\/2023\/12\/5f936c71-c5f6-4dae-9d5a-d827dd649fa9.jpg 1080w\" sizes=\"auto, (max-width: 200px) 100vw, 200px\" \/><\/a>Era al termine del mese triste che l&#8217;autunno salutava la valle; bastava una notte di burrasca per spogliare i larici e i faggi e far entrare l&#8217;inverno nel vivere ora pi\u00f9 lento degli uomini e della natura. I boschi ormai addormentati e un vento freddo che sferzava il paese, raggelando gli uomini e ghiacciando le pozzanghere. Era tempo di legna e di fuoco che ardeva potente nella stufa, era il tempo dell&#8217;inizio dell&#8217;ultimo mese dell&#8217;anno. Iniziava cos\u00ec dicembre, il mese delle poche ore di luce e delle lunghe e fredde notti durante le quali ghiacciavano le fontane. Dicembre era mese duro e gelido, ma la sua severit\u00e0 era mitigata dal clima di festa che si iniziava a respirare gi\u00e0 nei primi giorni. Era il tempo dell&#8217;accensione delle luminarie di Natale e delle prime due ricorrenze, la prima dedicata ai grandi e subito dopo la seconda, invece dedicata ai pi\u00f9 piccoli. Santa Barbara, la protettrice di minatori artiglieri e dei Vigili del Fuoco e poi, subito dopo, il tanto atteso San Nicol\u00f2, che portava sempre un piccolo dono a quei bambini che mettevano accanto all&#8217;entrata il fieno per l&#8217;asinello e un bicchiere di rosso per il Santo. Poi le giornate si facevano sempre pi\u00f9 brevi, e al mattino era un lungo e freddo attendere il sole. A volte le notti erano inquiete, con le montagne che parlavano con voce di vento. Si agitavano i rami spogli dei larici e dal fondo della Val Cordevole saliva un rombo cupo, continuo e severo e tutto era vivo nel buio della notte; quando c&#8217;era la luna il Pelsa vestito d&#8217;inverno si mostrava imponente e austero e nel cielo limpido brillavano migliaia di fredde stelle. Poi il lungo venire del giorno; erano questi i giorni delle albe infinite dei profondi silenzi dei boschi addormentati e del R\u00f9 da Ghisel trasformato in cascata di ghiaccio. Dopo il giorno dell&#8217;Immacolata, alla sera i tetti delle case si trasformavano in profili luminosi e all&#8217;interno delle &#8220;stue&#8221; si respirava il profumo del muschio dei presepi. Quando il cielo ingrigiva era sempre neve in arrivo, e cos\u00ec erano pomeriggi domenicali trascorsi a giocare con quella neve nuova e poi, all&#8217;accendersi delle stelle, era uno sghiacciarsi sul fornel rovente. Aldil\u00e0 dei sottili vetri l&#8217;inverno potente, nella stua la televisione in bianco e nero che mandava le pubblicit\u00e0 natalizie della Coca Cola e del pandoro Bauli. Poi finalmente il tanto atteso Natale, con la cena della Vigilia consumata in salotto a Belluno. I grissini avvolti dal prosciutto crudo, i tortellini in brodo e poi la carne e il tiramis\u00f9 con i savoiardi annegati nella crema. I calici riempiti con lo spumante e un sorso anche per me, il taglio del pandoro lasciato tutta la sera ad intiepidire accanto al termosifone. Poi l&#8217;agognato regalo, quello desiderato da tempo, e una lunga notte insonne trascorsa pensando a come giocarci con quel dono natalizio. Natale e Santo Stefano erano giorni stanchi, passati in casa un po&#8217; a giocare e un po&#8217; a guardare i classici programmi natalizi, e poi di nuovo lass\u00f9 al paese, dove il fuoco ardeva nella cucina economica ed era pi\u00f9 inverno. A quota mille il gelo avvolgeva ogni cosa e a buio fatto la neve scintillava alla luce della luna. Ormai era gi\u00e0 tempo di ultimo dell&#8217;anno da trascorrere lass\u00f9, dove i silenzi d&#8217;inverno erano potenti come il botto provocato dal tappo dello spumante aperto a mezzanotte in punto. Si congedava cos\u00ec dicembre, e sfumato il fragore dei fuochi artificiali che avevano scosso la quiete della valle, calava ancora una volta il tacere profondo di un nuovo lungo e gelido gennaio.<\/p>\n<p>&nbsp;<\/p>\n<hr \/>\n<p>&nbsp;<\/p>\n<blockquote>\n<h3>IERI OGGI E DOMANI&#8230; CON SILVIA BALDO &#8211; 4 DICEMBRE 2023<\/h3>\n<\/blockquote>\n<p><img loading=\"lazy\" decoding=\"async\" class=\"alignleft\" src=\"https:\/\/www.radiopiu.net\/wordpress\/wp-content\/uploads\/2023\/09\/309000774_10222572118595513_7956305457803922499_n.jpg\" width=\"83\" height=\"83\" \/><\/p>\n<p><strong>AUDIO<\/strong><\/p>\n<audio class=\"wp-audio-shortcode\" id=\"audio-364454-9\" preload=\"none\" style=\"width: 100%;\" controls=\"controls\"><source type=\"audio\/mpeg\" src=\"https:\/\/www.radiopiu.net\/wordpress\/wp-content\/uploads\/2023\/01\/silvia-ieri.mp3?_=9\" \/><a href=\"https:\/\/www.radiopiu.net\/wordpress\/wp-content\/uploads\/2023\/01\/silvia-ieri.mp3\">https:\/\/www.radiopiu.net\/wordpress\/wp-content\/uploads\/2023\/01\/silvia-ieri.mp3<\/a><\/audio>\n<p>&nbsp;<\/p>\n<p>&nbsp;<\/p>\n<hr \/>\n<p>&nbsp;<\/p>\n<blockquote>\n<h3>CONTO ALLA ROVESCIA PER DOLOMITI FANTASY<\/h3>\n<\/blockquote>\n<p><strong><a class=\"dt-pswp-item\" href=\"https:\/\/www.radiopiu.net\/wordpress\/wp-content\/uploads\/2023\/12\/DOLOMITI-FANTASY.png\" data-dt-img-description=\"\" data-large_image_width=\"260\" data-large_image_height=\"230\"><img loading=\"lazy\" decoding=\"async\" class=\" wp-image-364532 alignleft\" src=\"https:\/\/www.radiopiu.net\/wordpress\/wp-content\/uploads\/2023\/12\/DOLOMITI-FANTASY.png\" alt=\"\" width=\"137\" height=\"121\" \/><\/a>BORGO VALBELLUNA<\/strong> Dolomiti Fantasy, l&#8217;evento nerd, fantasy e pop nel Bellunese, avr\u00e0 la sua quinta edizione tra sei mesi nel Parco Lotto di Trichiana, a Borgo Valbelluna. Dopo il periodo pandemico, gli organizzatori sono entusiasti del successo delle recenti edizioni, con oltre 3500 visitatori che hanno apprezzato la formula di eventi culturali e di intrattenimento. La manifestazione si conferma come un appuntamento di rilievo per gli appassionati del genere &#8220;comics &amp; games&#8221; nell&#8217;area, contribuendo a colorare il panorama locale con un&#8217;offerta dedicata a tutti gli amanti del mondo fantasy e nerd.<\/p>\n<p>&nbsp;<\/p>\n<p>&nbsp;<\/p>\n<hr \/>\n<p>&nbsp;<\/p>\n<blockquote>\n<h3>PRO LOCO DI CANALE D&#8217;AGORDO, MUSEO ALBINO LUCIANI E CASA NATALE PAPA LUCIANI<\/h3>\n<\/blockquote>\n<p><strong><a class=\"dt-pswp-item\" href=\"https:\/\/www.radiopiu.net\/wordpress\/wp-content\/uploads\/2022\/10\/Il-Musal-Museo-Albino-Luciani-3.jpg\" data-dt-img-description=\"\" data-large_image_width=\"2362\" data-large_image_height=\"1575\"><img loading=\"lazy\" decoding=\"async\" class=\" wp-image-299949 alignleft\" src=\"https:\/\/www.radiopiu.net\/wordpress\/wp-content\/uploads\/2022\/10\/Il-Musal-Museo-Albino-Luciani-3-300x200.jpg\" alt=\"\" width=\"134\" height=\"89\" srcset=\"https:\/\/www.radiopiu.net\/wordpress\/wp-content\/uploads\/2022\/10\/Il-Musal-Museo-Albino-Luciani-3-300x200.jpg 300w, https:\/\/www.radiopiu.net\/wordpress\/wp-content\/uploads\/2022\/10\/Il-Musal-Museo-Albino-Luciani-3-1024x683.jpg 1024w, https:\/\/www.radiopiu.net\/wordpress\/wp-content\/uploads\/2022\/10\/Il-Musal-Museo-Albino-Luciani-3-768x512.jpg 768w, https:\/\/www.radiopiu.net\/wordpress\/wp-content\/uploads\/2022\/10\/Il-Musal-Museo-Albino-Luciani-3-1536x1024.jpg 1536w, https:\/\/www.radiopiu.net\/wordpress\/wp-content\/uploads\/2022\/10\/Il-Musal-Museo-Albino-Luciani-3-2048x1366.jpg 2048w\" sizes=\"auto, (max-width: 134px) 100vw, 134px\" \/><\/a>CANALE D&#8217;AGORDO<\/strong> Durante i mesi di dicembre, gennaio e febbraio, il Museo Albino Luciani e la Pro Loco a Canale d&#8217;Agordo saranno aperti il venerd\u00ec, sabato e domenica dalle 9:00 alle 12:00 e dalle 15:00 alle 18:00. Dal 22 dicembre 2023 al 7 gennaio 2024, saranno aperti tutti i giorni negli stessi orari, con chiusura il 25 dicembre, il pomeriggio del 31 dicembre e la mattina del 1 gennaio. Per quanto riguarda la Casa Natale di Papa Luciani, durante dicembre sar\u00e0 aperta il venerd\u00ec, sabato e domenica dalle 10:00 alle 13:00 e dalle 15:00 alle 18:00. Dal 22 dicembre 2023 al 7 gennaio 2024, sar\u00e0 aperta tutti i giorni negli stessi orari, con chiusura il 25 dicembre, il pomeriggio del 31 dicembre e la mattina del 1 gennaio.<\/p>\n<p>&nbsp;<\/p>\n<p>&nbsp;<\/p>\n<hr \/>\n<p>&nbsp;<\/p>\n<h2><span style=\"color: #ff0000;\">GLI APPUNTAMENTI DELLA SETTIMANA\u00a0<\/span><\/h2>\n<h2><span style=\"color: #ff0000;\"> \u00a0<\/span><\/h2>\n<blockquote>\n<h3>TORNA A LA VALLE LA RASSEGNA \u201cSOT AL TAMER\u201d<\/h3>\n<\/blockquote>\n<p><strong>LA VALLE AGORDINA\u00a0<\/strong>La rassegna \u201cSot al Tamer\u201d fa ritorno a La Valle Agordina. I prossimi appuntamenti: Maurizio De Cassan: Tecnico del Centro di Ricerche ENEA con 12 esperienze in Antartide (9 dicembre);\u00a0 Denis Mezzacasa: Pilota della scuderia Xmotors di Maser, partecipante al campionato Seat Ibiza Cupra (16 dicembre). L\u2019iniziativa \u00e8 organizzata con il contributo attivo della Pro Loco di La Valle Agordina e il patrocinio del Comune di La Valle. L\u2019ingresso \u00e8 libero.<\/p>\n<blockquote>\n<h3><\/h3>\n<h3>LA FESTA PROVINCIALE DELL&#8217;ATLETICA 2023<\/h3>\n<\/blockquote>\n<p><strong>AGORDO<\/strong> Sabato alle 16 in sala Don Tamis premiazione degli atleti e societ\u00e0 che si sono distinti nell&#8217;anno, nomina dell&#8217;allenatore, giudice, dirigente e atleti dell&#8217;anno. Con il Comitato Provinciale della Fidal in collaborazione con Atletica Agordina.<\/p>\n<p>&nbsp;<\/p>\n<h2><span style=\"color: #ff0000;\"><a class=\"dt-pswp-item\" href=\"https:\/\/www.radiopiu.net\/wordpress\/wp-content\/uploads\/2023\/11\/th-15.jpg\" data-dt-img-description=\"\" data-large_image_width=\"269\" data-large_image_height=\"180\"><img loading=\"lazy\" decoding=\"async\" class=\" wp-image-363382 alignleft\" src=\"https:\/\/www.radiopiu.net\/wordpress\/wp-content\/uploads\/2023\/11\/th-15.jpg\" alt=\"\" width=\"184\" height=\"123\" \/><\/a><\/span><\/h2>\n<p><strong>LA STAGIONE DEL CINEMA DOLOMITI DI FALCADE:<\/strong> 7.8.9 E 10 DICEMBRE C&#8217;e&#8217; Ancora Domani, il film di Paola Cortellesi. E per Natale, tra l&#8217;altro: Santo Cielo (Ficarra e Picone), Napoleon, Wish (film di animazione della W.Disney), Improvvisamente a Natale mi sposo (dal Cadore la commedia di Abatantuono)<\/p>\n<p>ORARI: feriali alle 21, la domenica alle 15.30 e alle 21. Per informazioni contattare il 331 2700389<\/p>\n<p>&nbsp;<\/p>\n<blockquote>\n<h3>L&#8217;ESSENZA DELL&#8217;ACQUA<\/h3>\n<\/blockquote>\n<p><strong>LIMANA<\/strong> Domenica alle 11 nella Sala Mostre del Municipio inaugurazione della mostra itinerante, 127esima collettiva, dal 1972 con il circolo artistico Mario Morales.<\/p>\n<p>&nbsp;<\/p>\n<blockquote>\n<h3>NEL CUORE DELLA MONTAGNA<\/h3>\n<\/blockquote>\n<p><strong>SANTA GIUSTINA<\/strong> La rassegna &#8220;Nel Cuore della montagna&#8221;. La seconda serata (domani) include la proiezione del documentario &#8220;Torrente Ardo: il selvaggio alle porte della citt\u00e0&#8221;. La rassegna si conclude il 13 dicembre con lo scrittore Antonio Bortoluzzi, autore di &#8220;Il saldatore del Vajont&#8221;, offrendo una nuova prospettiva sulla tragedia. Tutti gli eventi si tengono alle 20:30 presso il Centro Culturale di Santa Giustina, con ingresso libero e gratuito.<\/p>\n<p>&nbsp;<\/p>\n<blockquote>\n<h3>IL CONCERTO PER IL 40ESIMO DEL CORO POLIFONICO DI TRICHIANA<\/h3>\n<\/blockquote>\n<p><strong>BORGO VALBELLUNA <\/strong>Sabato 9 dicembre alle 20:30 nella Chiesa arcipretale di Trichiana il concerto per festeggiare i 40 anni del Coro Polifonico.<\/p>\n<p>&nbsp;<\/p>\n<blockquote>\n<h3 class=\"entry-title\">EVENTI PER I 40 ANNI DEL CENTRO INTERNAZIONALE DEL LIBRO PARLATO \u201cA. SERNAGIOTTO\u201d<\/h3>\n<\/blockquote>\n<div><\/div>\n<div class=\"articlePlainText\"><strong class=\"photoswipe-wrapper\"><a class=\"dt-pswp-item pspw-wrap-ready\" href=\"https:\/\/www.radiopiu.net\/wordpress\/wp-content\/uploads\/2023\/11\/1f9b39ac-7445-4292-9e66-746ed8bde8d9.jpg\" data-dt-img-description=\"\" data-large_image_width=\"800\" data-large_image_height=\"1067\"><img loading=\"lazy\" decoding=\"async\" class=\" wp-image-360368 alignleft\" src=\"https:\/\/www.radiopiu.net\/wordpress\/wp-content\/uploads\/2023\/11\/1f9b39ac-7445-4292-9e66-746ed8bde8d9-225x300.jpg\" sizes=\"auto, (max-width: 182px) 100vw, 182px\" srcset=\"https:\/\/www.radiopiu.net\/wordpress\/wp-content\/uploads\/2023\/11\/1f9b39ac-7445-4292-9e66-746ed8bde8d9-225x300.jpg 225w, https:\/\/www.radiopiu.net\/wordpress\/wp-content\/uploads\/2023\/11\/1f9b39ac-7445-4292-9e66-746ed8bde8d9-768x1024.jpg 768w, https:\/\/www.radiopiu.net\/wordpress\/wp-content\/uploads\/2023\/11\/1f9b39ac-7445-4292-9e66-746ed8bde8d9.jpg 800w\" alt=\"\" width=\"105\" height=\"140\" \/><\/a>FELTRE<\/strong> Gli eventi in programma per celebrare i 40 anni del Libro Parlato di Feltre \u201cA. Sernagiotto\u201d.<\/div>\n<p><strong>SABATO 9 DICEMBRE\u00a0<\/strong>alle 18 in Sala Ocri Letture ad alta voce dedicate a Italo Calvino con Fabio Dalla Zuanna e Anna Branciforti<\/p>\n<p><strong>LUNEDI 18 DICEMBRE\u00a0<\/strong>alle 18 in Sala Ocri Flavio Faoro: da Oltre le vette ai racconti e alle fiabe, presenta Luisa Alchini. Letture ad alta voce del gruppo Libri Parlanti<\/p>\n<p><strong>VENERDI 22 DICEMBRE\u00a0<\/strong>alle 18 in Sala Ocri Presentazione del libro \u201cIl saldatore del Vajont\u201d con l\u2019autore Antonio G. Bortoluzzi \u2013 presenta Nicola Maccagnan<\/p>\n<p>&nbsp;<\/p>\n<p>&nbsp;<\/p>\n<h2><span style=\"color: #ff0000;\">PROSSIMAMENTE<\/span><\/h2>\n<blockquote>\n<h3>SETE D&#8217;AFRICA: INIZIATIVA CULTURALE BENEFICA CON ROBERTO SORAMAE&#8217; IL 15 DICEMBRE<\/h3>\n<\/blockquote>\n<p><strong><a class=\"dt-pswp-item\" href=\"https:\/\/www.radiopiu.net\/wordpress\/wp-content\/uploads\/2023\/11\/ef1c9bef-3a68-4a70-bbc5-fc72afe31a76.jpg\" data-dt-img-description=\"\" data-large_image_width=\"1141\" data-large_image_height=\"1600\"><img loading=\"lazy\" decoding=\"async\" class=\" wp-image-363467 alignleft\" src=\"https:\/\/www.radiopiu.net\/wordpress\/wp-content\/uploads\/2023\/11\/ef1c9bef-3a68-4a70-bbc5-fc72afe31a76-214x300.jpg\" alt=\"\" width=\"142\" height=\"199\" srcset=\"https:\/\/www.radiopiu.net\/wordpress\/wp-content\/uploads\/2023\/11\/ef1c9bef-3a68-4a70-bbc5-fc72afe31a76-214x300.jpg 214w, https:\/\/www.radiopiu.net\/wordpress\/wp-content\/uploads\/2023\/11\/ef1c9bef-3a68-4a70-bbc5-fc72afe31a76-730x1024.jpg 730w, https:\/\/www.radiopiu.net\/wordpress\/wp-content\/uploads\/2023\/11\/ef1c9bef-3a68-4a70-bbc5-fc72afe31a76-768x1077.jpg 768w, https:\/\/www.radiopiu.net\/wordpress\/wp-content\/uploads\/2023\/11\/ef1c9bef-3a68-4a70-bbc5-fc72afe31a76-1095x1536.jpg 1095w, https:\/\/www.radiopiu.net\/wordpress\/wp-content\/uploads\/2023\/11\/ef1c9bef-3a68-4a70-bbc5-fc72afe31a76.jpg 1141w\" sizes=\"auto, (max-width: 142px) 100vw, 142px\" \/><\/a>SOSPIROLO<\/strong><\/p>\n<p>DI ROBERTO BONA<\/p>\n<audio class=\"wp-audio-shortcode\" id=\"audio-364454-10\" preload=\"none\" style=\"width: 100%;\" controls=\"controls\"><source type=\"audio\/mpeg\" src=\"https:\/\/www.radiopiu.net\/wordpress\/wp-content\/uploads\/2023\/11\/BONA-SERATA-ROBERTO-SORAMAE-SCAD-15-DICEMBRE.mp3?_=10\" \/><a href=\"https:\/\/www.radiopiu.net\/wordpress\/wp-content\/uploads\/2023\/11\/BONA-SERATA-ROBERTO-SORAMAE-SCAD-15-DICEMBRE.mp3\">https:\/\/www.radiopiu.net\/wordpress\/wp-content\/uploads\/2023\/11\/BONA-SERATA-ROBERTO-SORAMAE-SCAD-15-DICEMBRE.mp3<\/a><\/audio>\n<p>&nbsp;<\/p>\n<blockquote>\n<h3>L&#8217;ULTIMA VIA DI RICCARDO BEE, IL FILM<\/h3>\n<\/blockquote>\n<p><em>&#8220;Partiva per tre o quattro giorni, da solo. Sapevamo che viveva esperienze estreme, ma quando tornava era come se nulla fosse accaduto, le teneva in gran parte per s\u00e9&#8221;<\/em><\/p>\n<p><strong>SABATO 16 DICEMBRE, ALLE 20.30 IN SALA DON TAMIS<\/strong><br \/>\nIL FILM SARA&#8217; PRESENTATO DAL REGISTA EMANUELE CONFORTIN, MODERATORE DELLA SERATA GIANPAOLO SORATROI. DAL TRENTO FILM FESTIVAL AD AGORDO, &#8220;L&#8217;ULTIMA VIA DI RICCARDO BEE&#8221;, PER INIZIATIVA DEL COMUNE DI AGORDO<\/p>\n<p><a class=\"dt-pswp-item\" href=\"https:\/\/www.radiopiu.net\/wordpress\/wp-content\/uploads\/2023\/11\/196c380b-4f41-40fe-b60e-025662cd56ca.jpg\" data-dt-img-description=\"\" data-large_image_width=\"1131\" data-large_image_height=\"1600\"><img loading=\"lazy\" decoding=\"async\" class=\"size-medium wp-image-362712 aligncenter\" src=\"https:\/\/www.radiopiu.net\/wordpress\/wp-content\/uploads\/2023\/11\/196c380b-4f41-40fe-b60e-025662cd56ca-212x300.jpg\" alt=\"\" width=\"212\" height=\"300\" srcset=\"https:\/\/www.radiopiu.net\/wordpress\/wp-content\/uploads\/2023\/11\/196c380b-4f41-40fe-b60e-025662cd56ca-212x300.jpg 212w, https:\/\/www.radiopiu.net\/wordpress\/wp-content\/uploads\/2023\/11\/196c380b-4f41-40fe-b60e-025662cd56ca-724x1024.jpg 724w, https:\/\/www.radiopiu.net\/wordpress\/wp-content\/uploads\/2023\/11\/196c380b-4f41-40fe-b60e-025662cd56ca-768x1086.jpg 768w, https:\/\/www.radiopiu.net\/wordpress\/wp-content\/uploads\/2023\/11\/196c380b-4f41-40fe-b60e-025662cd56ca-1086x1536.jpg 1086w, https:\/\/www.radiopiu.net\/wordpress\/wp-content\/uploads\/2023\/11\/196c380b-4f41-40fe-b60e-025662cd56ca.jpg 1131w\" sizes=\"auto, (max-width: 212px) 100vw, 212px\" \/><\/a><\/p>\n<p>&nbsp;<\/p>\n<p>&nbsp;<\/p>\n<hr \/>\n<p>&nbsp;<\/p>\n<div class=\"message spoilers-container\" dir=\"auto\">\n<div class=\"column\">\n<div class=\"message spoilers-container\" dir=\"auto\">\n<div class=\"column\">\n<p><img loading=\"lazy\" decoding=\"async\" class=\"aligncenter wp-image-61954 size-full\" src=\"https:\/\/www.radiopiu.net\/wordpress\/wp-content\/uploads\/2018\/09\/viabilita.jpeg\" sizes=\"auto, (max-width: 800px) 100vw, 800px\" srcset=\"https:\/\/www.radiopiu.net\/wordpress\/wp-content\/uploads\/2018\/09\/viabilita.jpeg 800w, https:\/\/www.radiopiu.net\/wordpress\/wp-content\/uploads\/2018\/09\/viabilita-300x38.jpeg 300w, https:\/\/www.radiopiu.net\/wordpress\/wp-content\/uploads\/2018\/09\/viabilita-768x96.jpeg 768w\" alt=\"\" width=\"800\" height=\"100\" \/><\/p>\n<\/div>\n<\/div>\n<div class=\"message spoilers-container\" dir=\"auto\">\n<div class=\"column\">\n<p>&nbsp;<\/p>\n<blockquote>\n<h3 class=\"entry-title\">PER DIGONERA: 563 CHIUSA FINO ALL\u2019IMMACOLATA<\/h3>\n<\/blockquote>\n<p><strong>REDAZIONE<\/strong> Correndo per battere anche la stagione fredda i lavori proseguono tra Saviner di Rocca Pietore e Digonera, impongono la chiusura della strada ormai da tempo, la nuova ordinanza la proroga fino alle 16.15 del 7 dicembre. Dunque interdizione totale in entrambi i sensi di marcia dalle 7.45 alle 16.15 dal lunedi al venerdi, negli altri orari senso unico alternato e limite di velocit\u00e0 a 30 chilometri orari<\/p>\n<p>&nbsp;<\/p>\n<p>&nbsp;<\/p>\n<\/div>\n<\/div>\n<\/div>\n<\/div>\n<blockquote class=\"wp-embedded-content\" data-secret=\"cxJr2lX7sS\"><p><a href=\"https:\/\/www.radiopiu.net\/wordpress\/viabilita\/\">viabilita<\/a><\/p><\/blockquote>\n<p><iframe loading=\"lazy\" class=\"wp-embedded-content\" sandbox=\"allow-scripts\" security=\"restricted\" style=\"position: absolute; clip: rect(1px, 1px, 1px, 1px);\" title=\"&#8220;viabilita&#8221; &#8212; Radio Pi\u00f9\" src=\"https:\/\/www.radiopiu.net\/wordpress\/viabilita\/embed\/#?secret=ANhCQiGJgX#?secret=cxJr2lX7sS\" data-secret=\"cxJr2lX7sS\" width=\"600\" height=\"338\" frameborder=\"0\" marginwidth=\"0\" marginheight=\"0\" scrolling=\"no\"><\/iframe><\/p>\n<div class=\"message spoilers-container\" dir=\"auto\">\n<div class=\"column\">\n<div class=\"message spoilers-container\" dir=\"auto\">\n<div class=\"column\">\n<div>\n<div dir=\"ltr\">\n<div class=\"gmail_quote\">\n<div dir=\"ltr\">\n<div><\/div>\n<div><\/div>\n<\/div>\n<\/div>\n<\/div>\n<\/div>\n<hr \/>\n<p>&nbsp;<\/p>\n<p><a class=\"dt-pswp-item\" href=\"https:\/\/www.radiopiu.net\/wordpress\/wp-content\/uploads\/2018\/09\/WhatsApp-Image-2018-09-20-at-16.04.06.jpeg\" data-dt-img-description=\"\" data-large_image_width=\"800\" data-large_image_height=\"100\"><img loading=\"lazy\" decoding=\"async\" class=\"wp-image-61378 size-full aligncenter\" src=\"https:\/\/www.radiopiu.net\/wordpress\/wp-content\/uploads\/2018\/09\/WhatsApp-Image-2018-09-20-at-16.04.06.jpeg\" alt=\"\" width=\"800\" height=\"100\" srcset=\"https:\/\/www.radiopiu.net\/wordpress\/wp-content\/uploads\/2018\/09\/WhatsApp-Image-2018-09-20-at-16.04.06.jpeg 800w, https:\/\/www.radiopiu.net\/wordpress\/wp-content\/uploads\/2018\/09\/WhatsApp-Image-2018-09-20-at-16.04.06-300x38.jpeg 300w, https:\/\/www.radiopiu.net\/wordpress\/wp-content\/uploads\/2018\/09\/WhatsApp-Image-2018-09-20-at-16.04.06-768x96.jpeg 768w\" sizes=\"auto, (max-width: 800px) 100vw, 800px\" \/><\/a><\/p>\n<\/div>\n<\/div>\n<\/div>\n<\/div>\n<p><center><\/center><center><\/center><center><\/center>&nbsp;<\/p>\n<p>&nbsp;<\/p>\n<blockquote>\n<h2>IL PUNTO SULL&#8217;ANDAMENTO METEOROLOGICO.<\/h2>\n<\/blockquote>\n<p><strong>DI BARBARA PAOLAZZI<\/strong><\/p>\n<audio class=\"wp-audio-shortcode\" id=\"audio-364454-11\" preload=\"none\" style=\"width: 100%;\" controls=\"controls\"><source type=\"audio\/mpeg\" src=\"https:\/\/www.radiopiu.net\/wordpress\/wp-content\/uploads\/2023\/12\/meteo-barabra.mp3?_=11\" \/><a href=\"https:\/\/www.radiopiu.net\/wordpress\/wp-content\/uploads\/2023\/12\/meteo-barabra.mp3\">https:\/\/www.radiopiu.net\/wordpress\/wp-content\/uploads\/2023\/12\/meteo-barabra.mp3<\/a><\/audio>\n<p>&nbsp;<\/p>\n<p><center><\/center><center><\/center><b>OGGI: <\/b>Cielo perlopi\u00f9 nuvoloso, a tratti molto nuvoloso\/coperto, specie sulle Prealpi occidentali, dove saranno possibili deboli fenomeni soprattutto al mattino, pi\u00f9 sporadici altrove. Contesto termico di stampo invernale.<br \/>\n<b>Precipitazioni: <\/b>Nella notte e al mattino possibili deboli nevicate fino a fondovalle, pi\u00f9 probabili sulle Prealpi centro-occidentali (40\/60%), meno sulla provincia di Belluno (20\/40%), dove localmente potranno risultare del tutto assenti e sulle Dolomiti. Al pomeriggio non esclusa qualche residuo fiocco di neve, con limite in rialzo a 600\/900 m, eventualmente senza accumulo (10\/30%).<\/p>\n<hr \/>\n<p><center><\/center><b>DOMANI: <\/b>Nelle prime ore cielo in genere irregolarmente nuvoloso con qualche fenomeno residuo; tempo in miglioramento nel corso della giornata. Dalle ore centrali cielo perlopi\u00f9 sereno o poco nuvoloso. <b>Precipitazioni: <\/b>Qualche residuo e sporadico fenomeno al mattino eventualmente nevoso oltre gli 800-900 m, in seguito precipitazioni assenti.<\/p>\n<p>&nbsp;<\/p>\n<hr \/>\n<p><center><\/center><strong>GIOVEDI<\/strong> Tempo soleggiato e piuttosto freddo, specie al primo mattino quando si verificheranno estese gelate a tutte le quote. In serata lieve aumento della copertura per sottili nubi alte.<\/p>\n<hr \/>\n<p><center><\/center><strong>VENERDI<\/strong> Al mattino poco nuvoloso per nubi alte, con graduale aumento della nuvolosit\u00e0 di tipo medio-alta stratiforme con possibili modeste precipitazioni, nevose oltre i 700\/900 m. Temperature minime in lieve aumento, massime in lieve calo.<\/p>\n<hr \/>\n<p>&nbsp;<\/p>\n<p>&nbsp;<\/p>\n<div class=\"message spoilers-container\" dir=\"auto\">\n<hr \/>\n<p>&nbsp;<\/p>\n<p><img loading=\"lazy\" decoding=\"async\" class=\"wp-image-60761 size-full aligncenter\" src=\"https:\/\/www.radiopiu.net\/wordpress\/wp-content\/uploads\/2018\/09\/sport.jpg\" alt=\"\" width=\"800\" height=\"100\" srcset=\"https:\/\/www.radiopiu.net\/wordpress\/wp-content\/uploads\/2018\/09\/sport.jpg 800w, https:\/\/www.radiopiu.net\/wordpress\/wp-content\/uploads\/2018\/09\/sport-300x38.jpg 300w, https:\/\/www.radiopiu.net\/wordpress\/wp-content\/uploads\/2018\/09\/sport-768x96.jpg 768w\" sizes=\"auto, (max-width: 800px) 100vw, 800px\" \/><\/p>\n<p><span style=\"color: #0000ff;\"><strong>\u00a0\u00a0<\/strong><\/span><\/p>\n<h2><\/h2>\n<h2><strong><a class=\"dt-pswp-item\" href=\"https:\/\/www.radiopiu.net\/wordpress\/wp-content\/uploads\/2023\/11\/fea585af-6d9d-4bde-8eb7-6a36edf89581.jpg\" data-dt-img-description=\"\" data-large_image_width=\"1600\" data-large_image_height=\"1200\"><img loading=\"lazy\" decoding=\"async\" class=\" wp-image-363196 alignleft\" src=\"https:\/\/www.radiopiu.net\/wordpress\/wp-content\/uploads\/2023\/11\/fea585af-6d9d-4bde-8eb7-6a36edf89581-300x225.jpg\" alt=\"\" width=\"153\" height=\"115\" srcset=\"https:\/\/www.radiopiu.net\/wordpress\/wp-content\/uploads\/2023\/11\/fea585af-6d9d-4bde-8eb7-6a36edf89581-300x225.jpg 300w, https:\/\/www.radiopiu.net\/wordpress\/wp-content\/uploads\/2023\/11\/fea585af-6d9d-4bde-8eb7-6a36edf89581-1024x768.jpg 1024w, https:\/\/www.radiopiu.net\/wordpress\/wp-content\/uploads\/2023\/11\/fea585af-6d9d-4bde-8eb7-6a36edf89581-768x576.jpg 768w, https:\/\/www.radiopiu.net\/wordpress\/wp-content\/uploads\/2023\/11\/fea585af-6d9d-4bde-8eb7-6a36edf89581-1536x1152.jpg 1536w, https:\/\/www.radiopiu.net\/wordpress\/wp-content\/uploads\/2023\/11\/fea585af-6d9d-4bde-8eb7-6a36edf89581.jpg 1600w\" sizes=\"auto, (max-width: 153px) 100vw, 153px\" \/><\/a><span style=\"color: #00ccff;\">LA RASSEGNA STAMPA <\/span><\/strong><span style=\"color: #00ccff;\"><strong>DA L&#8217;AMICO DEL POPOLO<\/strong><\/span><\/h2>\n<p><strong>DI GIANNI SANTOMASO<\/strong><\/p>\n<p><strong>OSPITE: Silvia Xaiz<\/strong><\/p>\n<audio class=\"wp-audio-shortcode\" id=\"audio-364454-12\" preload=\"none\" style=\"width: 100%;\" controls=\"controls\"><source type=\"audio\/mpeg\" src=\"https:\/\/www.radiopiu.net\/wordpress\/wp-content\/uploads\/2023\/12\/RASSEGNA-GIANNI.mp3?_=12\" \/><a href=\"https:\/\/www.radiopiu.net\/wordpress\/wp-content\/uploads\/2023\/12\/RASSEGNA-GIANNI.mp3\">https:\/\/www.radiopiu.net\/wordpress\/wp-content\/uploads\/2023\/12\/RASSEGNA-GIANNI.mp3<\/a><\/audio>\n<p>&nbsp;<\/p>\n<p>&nbsp;<\/p>\n<p>&nbsp;<\/p>\n<p>&nbsp;<\/p>\n<p><span style=\"color: #0000ff;\"><strong>CALCIO A 5<\/strong><\/span><\/p>\n<div class=\"x11i5rnm xat24cr x1mh8g0r x1vvkbs xtlvy1s x126k92a\">\n<h4 class=\"photoswipe-wrapper\" dir=\"auto\"><a class=\"dt-pswp-item pspw-wrap-ready\" href=\"https:\/\/www.radiopiu.net\/wordpress\/wp-content\/uploads\/2023\/10\/Senza-nome-57.png\" data-dt-img-description=\"\" data-large_image_width=\"317\" data-large_image_height=\"322\"><img loading=\"lazy\" decoding=\"async\" class=\"size-medium wp-image-358116 aligncenter\" src=\"https:\/\/www.radiopiu.net\/wordpress\/wp-content\/uploads\/2023\/10\/Senza-nome-57-295x300.png\" sizes=\"auto, (max-width: 295px) 100vw, 295px\" srcset=\"https:\/\/www.radiopiu.net\/wordpress\/wp-content\/uploads\/2023\/10\/Senza-nome-57-295x300.png 295w, https:\/\/www.radiopiu.net\/wordpress\/wp-content\/uploads\/2023\/10\/Senza-nome-57.png 317w\" alt=\"\" width=\"295\" height=\"300\" \/><\/a><\/h4>\n<h4 dir=\"auto\"><\/h4>\n<h4 dir=\"auto\">GIESSE PER LO SPORT\u201d \u2026 con la Canottieri Belluno, calcio a 5. Tutto sul campionato di serie A2, girone A. Il programma alla RADIO che da ascolto ai talenti del calcio a 5 bellunese. IN COLLABORAZIONE CON GIESSE RISARCIMENTO DANNI A BELLUNO<\/h4>\n<\/div>\n<div class=\"x11i5rnm xat24cr x1mh8g0r x1vvkbs xtlvy1s x126k92a\">\n<h4 dir=\"auto\"><a class=\"x1i10hfl xjbqb8w x6umtig x1b1mbwd xaqea5y xav7gou x9f619 x1ypdohk xt0psk2 xe8uvvx xdj266r x11i5rnm xat24cr x1mh8g0r xexx8yu x4uap5 x18d9i69 xkhd6sd x16tdsg8 x1hl2dhg xggy1nq x1a2a7pz xt0b8zv x1qq9wsj xo1l8bm\" tabindex=\"0\" role=\"link\" href=\"https:\/\/www.facebook.com\/groups\/radiopiu\/?__cft__[0]=AZVtB3sskZBwGsu89zeRk9eNMGUFohz53TdYmXZyePAKPt8cBeKCqA03znGJk9wPaqHDXQ5yMBG_hrsUX03xH8fdmlMazTirW3KRFEY3Kr2cyBd_5Es2MvKnqyd6ZcahL6_M_zOo19o5N5tV8NHsHcfP&amp;__tn__=-UK-R\"><span class=\"xt0psk2\">RADIO PIU\u2019 EMITTENTE AGORDINA (Taibon_32027)<\/span><\/a>: IL LUNEDI ALLE 16.30, IL MARTEDI ALLE 13.05 RADIO CLUB 103 IL LUNEDI ALLE 16.20 E MARTEDI ALLE 13.40 <a class=\"x1i10hfl xjbqb8w x6umtig x1b1mbwd xaqea5y xav7gou x9f619 x1ypdohk xt0psk2 xe8uvvx xdj266r x11i5rnm xat24cr x1mh8g0r xexx8yu x4uap5 x18d9i69 xkhd6sd x16tdsg8 x1hl2dhg xggy1nq x1a2a7pz xt0b8zv x1qq9wsj xo1l8bm\" tabindex=\"0\" role=\"link\" href=\"https:\/\/www.facebook.com\/groups\/61488111720\/user\/100063652837062\/?__cft__[0]=AZVtB3sskZBwGsu89zeRk9eNMGUFohz53TdYmXZyePAKPt8cBeKCqA03znGJk9wPaqHDXQ5yMBG_hrsUX03xH8fdmlMazTirW3KRFEY3Kr2cyBd_5Es2MvKnqyd6ZcahL6_M_zOo19o5N5tV8NHsHcfP&amp;__tn__=-]K-R\"><span class=\"xt0psk2\">Radio Primiero<\/span><\/a>\u00a0IL LUNEDI ALLE 10.30 E MARTEDI ALLE 12.30<\/h4>\n<p>&nbsp;<\/p>\n<p><strong><a class=\"dt-pswp-item\" href=\"https:\/\/www.radiopiu.net\/wordpress\/wp-content\/uploads\/2023\/10\/CANOTTIERI.jpeg\" data-dt-img-description=\"\" data-large_image_width=\"1860\" data-large_image_height=\"1262\"><img loading=\"lazy\" decoding=\"async\" class=\" wp-image-359046 alignleft\" src=\"https:\/\/www.radiopiu.net\/wordpress\/wp-content\/uploads\/2023\/10\/CANOTTIERI-300x204.jpeg\" alt=\"\" width=\"165\" height=\"112\" srcset=\"https:\/\/www.radiopiu.net\/wordpress\/wp-content\/uploads\/2023\/10\/CANOTTIERI-300x204.jpeg 300w, https:\/\/www.radiopiu.net\/wordpress\/wp-content\/uploads\/2023\/10\/CANOTTIERI-1024x695.jpeg 1024w, https:\/\/www.radiopiu.net\/wordpress\/wp-content\/uploads\/2023\/10\/CANOTTIERI-768x521.jpeg 768w, https:\/\/www.radiopiu.net\/wordpress\/wp-content\/uploads\/2023\/10\/CANOTTIERI-1536x1042.jpeg 1536w, https:\/\/www.radiopiu.net\/wordpress\/wp-content\/uploads\/2023\/10\/CANOTTIERI.jpeg 1860w\" sizes=\"auto, (max-width: 165px) 100vw, 165px\" \/><\/a>PUNTATA 07 &#8211; 04 DICEMBRE 2023<\/strong><\/p>\n<p><span style=\"color: #0000ff;\"><strong>OTTAVA GIORNATA SERIE A2 &#8211; GIRONE A<\/strong><\/span><\/p>\n<p><strong>AOSTA \u2013 CANOTTIERI BELLUNO 5-5<\/strong><\/p>\n<p>Reti: PT 4.42 Dos Santos; ST 5.25 Avallone (A), 5.44 Dos Santos, 6.26 Dall\u2019\u00d2, 7.00 Pellegrino (A), 10.51 Francesco Vescio (A), 12.41 Tommaso Grosso (A), 14.39 Dos Santos, 15.25 Dall\u2019\u00d2, 18.47 Tommaso Grosso (A)<\/p>\n<audio class=\"wp-audio-shortcode\" id=\"audio-364454-13\" preload=\"none\" style=\"width: 100%;\" controls=\"controls\"><source type=\"audio\/mpeg\" src=\"https:\/\/www.radiopiu.net\/wordpress\/wp-content\/uploads\/2023\/11\/GIESSECALCIO-4.mp3?_=13\" \/><a href=\"https:\/\/www.radiopiu.net\/wordpress\/wp-content\/uploads\/2023\/11\/GIESSECALCIO-4.mp3\">https:\/\/www.radiopiu.net\/wordpress\/wp-content\/uploads\/2023\/11\/GIESSECALCIO-4.mp3<\/a><\/audio>\n<p>&nbsp;<\/p>\n<p><strong>LA RACCOLTA COMPLETA <a href=\"https:\/\/www.radiopiu.net\/wordpress\/giesse-per-lo-sport-con-la-canottieri-belluno-calcio-a-5\/\">CLICCA QUI<\/a><\/strong><\/p>\n<p>&nbsp;<\/p>\n<p>&nbsp;<\/p>\n<\/div>\n<\/div>\n","protected":false},"excerpt":{"rendered":"<p>**** &nbsp; A CACCIA E IN FILA INDIANA ROCCA PIETORE la passeggiate dei lupi, cinque in fila indiana, pizzicati sulla strada per lo Chalet in riva al lago di Alleghe &nbsp; &nbsp; 40esimo di RADIOPIU\u2026. LA VOCE DELL\u2019EMOZIONE ISCRIVITI AL NOSTRO CANALE\u00a0\u00a0YOUTUBE PER SEGUIRE IN DIRETTA I PRINCIPALI PROGRAMMI DI RADIO PIU\u2019 E LE FUTURE&hellip;<\/p>\n","protected":false},"author":4,"featured_media":364595,"comment_status":"closed","ping_status":"closed","sticky":false,"template":"","format":"standard","meta":{"_monsterinsights_skip_tracking":false,"_monsterinsights_sitenote_active":false,"_monsterinsights_sitenote_note":"","_monsterinsights_sitenote_category":0,"footnotes":""},"categories":[51,86,49],"tags":[],"class_list":["post-364454","post","type-post","status-publish","format-standard","has-post-thumbnail","hentry","category-evidenza-top","category-gr","category-news-18","category-51","category-86","category-49","description-off"],"img_url":"https:\/\/www.radiopiu.net\/wordpress\/wp-content\/uploads\/2023\/12\/Senza-nome-16.png","_links":{"self":[{"href":"https:\/\/www.radiopiu.net\/wordpress\/wp-json\/wp\/v2\/posts\/364454","targetHints":{"allow":["GET"]}}],"collection":[{"href":"https:\/\/www.radiopiu.net\/wordpress\/wp-json\/wp\/v2\/posts"}],"about":[{"href":"https:\/\/www.radiopiu.net\/wordpress\/wp-json\/wp\/v2\/types\/post"}],"author":[{"embeddable":true,"href":"https:\/\/www.radiopiu.net\/wordpress\/wp-json\/wp\/v2\/users\/4"}],"replies":[{"embeddable":true,"href":"https:\/\/www.radiopiu.net\/wordpress\/wp-json\/wp\/v2\/comments?post=364454"}],"version-history":[{"count":0,"href":"https:\/\/www.radiopiu.net\/wordpress\/wp-json\/wp\/v2\/posts\/364454\/revisions"}],"wp:featuredmedia":[{"embeddable":true,"href":"https:\/\/www.radiopiu.net\/wordpress\/wp-json\/wp\/v2\/media\/364595"}],"wp:attachment":[{"href":"https:\/\/www.radiopiu.net\/wordpress\/wp-json\/wp\/v2\/media?parent=364454"}],"wp:term":[{"taxonomy":"category","embeddable":true,"href":"https:\/\/www.radiopiu.net\/wordpress\/wp-json\/wp\/v2\/categories?post=364454"},{"taxonomy":"post_tag","embeddable":true,"href":"https:\/\/www.radiopiu.net\/wordpress\/wp-json\/wp\/v2\/tags?post=364454"}],"curies":[{"name":"wp","href":"https:\/\/api.w.org\/{rel}","templated":true}]}}