{"id":364522,"date":"2023-12-05T05:39:24","date_gmt":"2023-12-05T04:39:24","guid":{"rendered":"https:\/\/www.radiopiu.net\/wordpress\/?p=364522"},"modified":"2023-12-05T05:54:26","modified_gmt":"2023-12-05T04:54:26","slug":"sciopero-e-protesta-per-taglio-delle-ore-lavorate-nellospedale-di-feltre","status":"publish","type":"post","link":"https:\/\/www.radiopiu.net\/wordpress\/sciopero-e-protesta-per-taglio-delle-ore-lavorate-nellospedale-di-feltre\/","title":{"rendered":"SCIOPERO E PROTESTA PER TAGLIO DELLE ORE LAVORATE NELL&#8217;OSPEDALE DI FELTRE"},"content":{"rendered":"<p>*****<\/p>\n<p>&nbsp;<\/p>\n<p><strong><a class=\"dt-pswp-item\" href=\"https:\/\/www.radiopiu.net\/wordpress\/wp-content\/uploads\/2019\/02\/ospedale-di-feltre.jpeg\" data-dt-img-description=\"\" data-large_image_width=\"650\" data-large_image_height=\"463\"><img loading=\"lazy\" decoding=\"async\" class=\" wp-image-76822 alignleft\" src=\"https:\/\/www.radiopiu.net\/wordpress\/wp-content\/uploads\/2019\/02\/ospedale-di-feltre-300x214.jpeg\" alt=\"\" width=\"179\" height=\"128\" srcset=\"https:\/\/www.radiopiu.net\/wordpress\/wp-content\/uploads\/2019\/02\/ospedale-di-feltre-300x214.jpeg 300w, https:\/\/www.radiopiu.net\/wordpress\/wp-content\/uploads\/2019\/02\/ospedale-di-feltre.jpeg 650w\" sizes=\"auto, (max-width: 179px) 100vw, 179px\" \/><\/a>FELTRE <\/strong>Questa mattina, personale addetto alle pulizie dell&#8217;ULSS 1 Dolomiti &#8211; Distretto 2 di Feltre ha scioperato e protestato davanti all&#8217;ospedale di Feltre. L&#8217;attenzione delle organizzazioni sindacali Filcams CGIL Belluno e Fisascat CISL Belluno Treviso \u00e8 focalizzata sul taglio del 20% delle ore lavorate da parte della societ\u00e0 Euro &amp; Promos FM Spa, subentrata nell&#8217;appalto il 1\u00b0 ottobre scorso. La riduzione dell&#8217;orario ha portato a un calo degli stipendi, e gi\u00e0 diverse lavoratrici si sono dimesse (circa 13 su 70 dipendenti) poich\u00e9 il taglio stipendiale non \u00e8 sostenibile per arrivare a fine mese. Le preoccupazioni sindacali includono la possibile perdita di qualit\u00e0 nel servizio di pulizia dell&#8217;ospedale, essenziale in un periodo in cui emergono nuovi casi di Covid e influenza nella provincia di Belluno. Circa la met\u00e0 del personale addetto alle pulizie ha aderito allo sciopero. Un incontro \u00e8 previsto per il 12 dicembre presso l&#8217;Ispettorato territoriale del lavoro, dove le organizzazioni sindacali sperano di trovare soluzioni. Le richieste sindacali includono il ripristino delle condizioni contrattuali del precedente appalto, in accordo con il contratto nazionale dei multiservizi, che prevede il mantenimento del contratto e delle ore di lavoro in caso di cambio di appalto. L&#8217;azienda subentrante \u00e8 accusata di aver richiesto alle lavoratrici di accettare il taglio del 20% come condizione per essere assunte. La richiesta sindacale \u00e8 il ripristino delle ore contrattuali originali.<\/p>\n<p>&nbsp;<\/p>\n<p>&nbsp;<\/p>\n<p>******<\/p>\n","protected":false},"excerpt":{"rendered":"<p>***** &nbsp; FELTRE Questa mattina, personale addetto alle pulizie dell&#8217;ULSS 1 Dolomiti &#8211; Distretto 2 di Feltre ha scioperato e protestato davanti all&#8217;ospedale di Feltre. L&#8217;attenzione delle organizzazioni sindacali Filcams CGIL Belluno e Fisascat CISL Belluno Treviso \u00e8 focalizzata sul taglio del 20% delle ore lavorate da parte della societ\u00e0 Euro &amp; Promos FM Spa,&hellip;<\/p>\n","protected":false},"author":4,"featured_media":76822,"comment_status":"closed","ping_status":"closed","sticky":false,"template":"","format":"standard","meta":{"_monsterinsights_skip_tracking":false,"_monsterinsights_sitenote_active":false,"_monsterinsights_sitenote_note":"","_monsterinsights_sitenote_category":0,"footnotes":""},"categories":[51,49],"tags":[],"class_list":["post-364522","post","type-post","status-publish","format-standard","has-post-thumbnail","hentry","category-evidenza-top","category-news-18","category-51","category-49","description-off"],"img_url":"https:\/\/www.radiopiu.net\/wordpress\/wp-content\/uploads\/2019\/02\/ospedale-di-feltre.jpeg","_links":{"self":[{"href":"https:\/\/www.radiopiu.net\/wordpress\/wp-json\/wp\/v2\/posts\/364522","targetHints":{"allow":["GET"]}}],"collection":[{"href":"https:\/\/www.radiopiu.net\/wordpress\/wp-json\/wp\/v2\/posts"}],"about":[{"href":"https:\/\/www.radiopiu.net\/wordpress\/wp-json\/wp\/v2\/types\/post"}],"author":[{"embeddable":true,"href":"https:\/\/www.radiopiu.net\/wordpress\/wp-json\/wp\/v2\/users\/4"}],"replies":[{"embeddable":true,"href":"https:\/\/www.radiopiu.net\/wordpress\/wp-json\/wp\/v2\/comments?post=364522"}],"version-history":[{"count":0,"href":"https:\/\/www.radiopiu.net\/wordpress\/wp-json\/wp\/v2\/posts\/364522\/revisions"}],"wp:featuredmedia":[{"embeddable":true,"href":"https:\/\/www.radiopiu.net\/wordpress\/wp-json\/wp\/v2\/media\/76822"}],"wp:attachment":[{"href":"https:\/\/www.radiopiu.net\/wordpress\/wp-json\/wp\/v2\/media?parent=364522"}],"wp:term":[{"taxonomy":"category","embeddable":true,"href":"https:\/\/www.radiopiu.net\/wordpress\/wp-json\/wp\/v2\/categories?post=364522"},{"taxonomy":"post_tag","embeddable":true,"href":"https:\/\/www.radiopiu.net\/wordpress\/wp-json\/wp\/v2\/tags?post=364522"}],"curies":[{"name":"wp","href":"https:\/\/api.w.org\/{rel}","templated":true}]}}