{"id":364527,"date":"2023-12-07T05:39:30","date_gmt":"2023-12-07T04:39:30","guid":{"rendered":"https:\/\/www.radiopiu.net\/wordpress\/?p=364527"},"modified":"2023-12-07T05:49:29","modified_gmt":"2023-12-07T04:49:29","slug":"appello-di-solidarieta-per-enrico-e-anna-la-coppia-di-feltre-a-cui-sta-per-essere-pignorata-la-casa","status":"publish","type":"post","link":"https:\/\/www.radiopiu.net\/wordpress\/appello-di-solidarieta-per-enrico-e-anna-la-coppia-di-feltre-a-cui-sta-per-essere-pignorata-la-casa\/","title":{"rendered":"APPELLO DI SOLIDARIETA&#8217; PER ENRICO E ANNA. LA COPPIA DI FELTRE A CUI STA PER ESSERE PIGNORATA LA CASA"},"content":{"rendered":"<p>****<\/p>\n<p>&nbsp;<\/p>\n<p>Una campagna di solidariet\u00e0 \u00e8 stata avviata a Feltre, Belluno, su GoFundMe per &#8220;ridare dignit\u00e0 a Enrico e Anna&#8221;, una coppia di 57 anni a rischio di perdere la casa. Enrico \u00e8 stato diagnosticato nel 2006 con una malattia neurodegenerativa che si \u00e8 poi rivelata sclerosi, rendendolo incapace di lavorare. Nonostante gli sforzi di Anna, che lavora incessantemente, la coppia \u00e8 in debito e la banca sta procedendo al pignoramento della casa. Enrico, nonostante la sua condizione, non ha ottenuto la pensione di disabilit\u00e0. La loro casa sar\u00e0 messa all&#8217;asta a breve, e la situazione mette a rischio non solo il loro patrimonio, ma anche la loro dignit\u00e0. La raccolta fondi su GoFundMe ha gi\u00e0 superato i 3.500 euro con oltre novanta donazioni. Chi desidera contribuire pu\u00f2 farlo al seguente link: <a href=\"https:\/\/gf.me\/v\/c\/4srp\/37j3j1a2jc\">https:\/\/gf.me\/v\/c\/4srp\/37j3j1a2jc<\/a><\/p>\n<p>&nbsp;<\/p>\n<p>&nbsp;<\/p>\n<p>********<\/p>\n","protected":false},"excerpt":{"rendered":"<p>**** &nbsp; Una campagna di solidariet\u00e0 \u00e8 stata avviata a Feltre, Belluno, su GoFundMe per &#8220;ridare dignit\u00e0 a Enrico e Anna&#8221;, una coppia di 57 anni a rischio di perdere la casa. Enrico \u00e8 stato diagnosticato nel 2006 con una malattia neurodegenerativa che si \u00e8 poi rivelata sclerosi, rendendolo incapace di lavorare. Nonostante gli sforzi&hellip;<\/p>\n","protected":false},"author":4,"featured_media":344857,"comment_status":"closed","ping_status":"closed","sticky":false,"template":"","format":"standard","meta":{"_monsterinsights_skip_tracking":false,"_monsterinsights_sitenote_active":false,"_monsterinsights_sitenote_note":"","_monsterinsights_sitenote_category":0,"footnotes":""},"categories":[104,49],"tags":[],"class_list":["post-364527","post","type-post","status-publish","format-standard","has-post-thumbnail","hentry","category-evidenza_3","category-news-18","category-104","category-49","description-off"],"img_url":"https:\/\/www.radiopiu.net\/wordpress\/wp-content\/uploads\/2023\/07\/Feltre-Piazza-Maggiore.jpg","_links":{"self":[{"href":"https:\/\/www.radiopiu.net\/wordpress\/wp-json\/wp\/v2\/posts\/364527","targetHints":{"allow":["GET"]}}],"collection":[{"href":"https:\/\/www.radiopiu.net\/wordpress\/wp-json\/wp\/v2\/posts"}],"about":[{"href":"https:\/\/www.radiopiu.net\/wordpress\/wp-json\/wp\/v2\/types\/post"}],"author":[{"embeddable":true,"href":"https:\/\/www.radiopiu.net\/wordpress\/wp-json\/wp\/v2\/users\/4"}],"replies":[{"embeddable":true,"href":"https:\/\/www.radiopiu.net\/wordpress\/wp-json\/wp\/v2\/comments?post=364527"}],"version-history":[{"count":0,"href":"https:\/\/www.radiopiu.net\/wordpress\/wp-json\/wp\/v2\/posts\/364527\/revisions"}],"wp:featuredmedia":[{"embeddable":true,"href":"https:\/\/www.radiopiu.net\/wordpress\/wp-json\/wp\/v2\/media\/344857"}],"wp:attachment":[{"href":"https:\/\/www.radiopiu.net\/wordpress\/wp-json\/wp\/v2\/media?parent=364527"}],"wp:term":[{"taxonomy":"category","embeddable":true,"href":"https:\/\/www.radiopiu.net\/wordpress\/wp-json\/wp\/v2\/categories?post=364527"},{"taxonomy":"post_tag","embeddable":true,"href":"https:\/\/www.radiopiu.net\/wordpress\/wp-json\/wp\/v2\/tags?post=364527"}],"curies":[{"name":"wp","href":"https:\/\/api.w.org\/{rel}","templated":true}]}}