{"id":364620,"date":"2023-12-05T07:55:08","date_gmt":"2023-12-05T06:55:08","guid":{"rendered":"https:\/\/www.radiopiu.net\/wordpress\/?p=364620"},"modified":"2023-12-05T08:52:40","modified_gmt":"2023-12-05T07:52:40","slug":"dal-1983-la-rassegna-stampa-locale-loriginale-di-mirko-mezzacasa-e-alle-sette-ogni-giorno-le-anticipazioni-per-chi-ha-fretta","status":"publish","type":"post","link":"https:\/\/www.radiopiu.net\/wordpress\/dal-1983-la-rassegna-stampa-locale-loriginale-di-mirko-mezzacasa-e-alle-sette-ogni-giorno-le-anticipazioni-per-chi-ha-fretta\/","title":{"rendered":"dal 1983 la rassegna stampa locale, l&#8217;originale di mirko mezzacasa  E ALLE SETTE OGNI GIORNO LE ANTICIPAZIONI PER CHI &#8230; HA FRETTA"},"content":{"rendered":"<p>&nbsp;<\/p>\n<p>&nbsp;<\/p>\n<p><iframe loading=\"lazy\" title=\"dal 1983 la rassegna stampa locale, l&#039;originale di mirko mezzacasa  E ALLE SETTE OGNI GIORNO LE ANTI\" width=\"1200\" height=\"675\" src=\"https:\/\/www.youtube.com\/embed\/QiGODx4TRDg?feature=oembed\" frameborder=\"0\" allow=\"accelerometer; autoplay; clipboard-write; encrypted-media; gyroscope; picture-in-picture; web-share\" allowfullscreen><\/iframe><\/p>\n<p>&nbsp;<\/p>\n<p>&nbsp;<\/p>\n<p>VENEZIA Il Presidente della Regione del Veneto, Luca Zaia ha voluto ricordare la giovane Giulia Cecchettin e il lutto regionale proclamato per oggi.<br \/>\nDOMANI I FUNERALI DI \u201cBEPI\u201d Giuseppe Furlan, \u201cche le tue montagne possano accoglierti in pace\u201d Belluno Piange la Perdita di un Appassionato Scialpinista. L\u2019abbraccio alla compagna Gianna, ai fratelli Giancarlo, Gianni, Dora e Stefano<br \/>\nFELTRE Gli specialisti del 3^ Reggimento Guastatori dell\u2019Esercito italiano sono intervenuti per disinnescare tre ordigni risalenti alla Prima Guerra Mondiale. Escursionisti hanno segnalato la presenza degli ordigni, due a Alano di Piave e uno a Feltre, notando oggetti sospetti nelle aree.<br \/>\nQUALITA\u2019 DELLA VITA, BELLUNO ANCORA PIU\u2019 GIU\u2019 IN 44ESIMA POSIZIONE<br \/>\nClassifica qualit\u00e0 della vita Sole 24 Ore, la provincia di Belluno al 44\u00b0 posto Bene \u201caffari e lavoro\u201d, \u201cricchezza e consumi\u201d, \u201cgiustizia e sicurezza\u201d. Male \u201cdemografia e societ\u00e0\u201d Padrin: \u00abPenalizzati ancora una volta dallo spopolamento. Ma non stracciamoci le vesti per questa graduatoria\u00bb<br \/>\nFELTRE Ieri mattina, personale addetto alle pulizie dell\u2019ULSS 1 Dolomiti \u2013 Distretto 2 di Feltre ha scioperato e protestato davanti all\u2019ospedale di Feltre. L\u2019attenzione delle organizzazioni sindacali Filcams CGIL Belluno e Fisascat CISL Belluno Treviso \u00e8 focalizzata sul taglio del 20% delle ore lavorate da parte della societ\u00e0 Euro &amp; Promos FM Spa, subentrata nell\u2019appalto il 1\u00b0 ottobre scorso.<\/p>\n<p>BELLUNO Franco Magrin, una vera istituzione nei vigili del fuoco di Belluno, \u00e8 stato premiato con un diploma di lodevole servizio in occasione del suo pensionamento. La cerimonia ha visto la consegna di riconoscimenti anche ad altri ti colleghi: Ennio Lipez, Enzo Toffoli, Roberto Bogo, Mauro Pastori, Giuliano Ursich, Dario Veabelli, Paolo Fontana ed Ezio De Pellegrin hanno ricevuto lo stesso prestigioso diploma. Inoltre, sono state assegnate le \u201ccroci\u201d per i 15 anni di servizio ai vigili del fuoco in servizio.<\/p>\n<p>BELLUNO, CONFERITI ALTRI 10 INCARICHI DIRIGENZIALI IN ULSS 1 DOLOMITI<br \/>\nSEREN DEL GRAPPA La Regione del Veneto ha ufficialmente approvato l\u2019istituzione di una scuola dell\u2019infanzia pubblica a Seren del Grappa per il prossimo anno, inclusa nell\u2019Istituto Comprensivo di Pedavena.<br \/>\nBELLUNO L\u2019ex assessore ai LL.PP. di Belluno Biagio Giannone critica l\u2019attuale amministrazione in merito al progetto del bacino d\u2019accumulo nel Neveg\u00e0l. Accusa l\u2019attuale assessore di minimizzare il lavoro precedente, sottolineando che il progetto preliminare \u00e8 stato fondamentale per ottenere finanziamenti e avviare la progettazione definitiva ed esecutiva dell\u2019opera. La discussione verte sulla paternit\u00e0 del progetto, sollevando dubbi sulla reale volont\u00e0 di riconoscere il lavoro svolto dalla precedente amministrazione.<br \/>\nBELLUNO Assegnati i lavori per la sistemazione del Belvedere a Belluno; dopo due bandi andati deserti, in questi giorni l\u2019affidamento dell\u2019incarico a una ditta cittadina.<br \/>\nALLEGHE Contributi da 25.000 euro a 15 Associazioni di Alleghe e Comuni Limitrofi<br \/>\nBELLUNO Deliberati nei giorni scorsi in sede di giunta 5 mila 200 euro di contributi a tre societ\u00e0 sportive del territorio.<\/p>\n<p>FALCADE IL PALAGHIACCIO DI FALCADE IN GESTIONE ALLO SCI CLUB VALBIOIS<br \/>\nLIVINALLONGO SAN NICOLAO NELLE CASE DEI BIMBI E DOMANI A SCUOLA E DAGLI ANZIANI<br \/>\nOGGI ARRIVA SAN NICOLO\u2019 ALLA SCUOLA DELL\u2019INFANZIA DI TAIBON<br \/>\nFALCADE VENERDI A FALCADE L&#8217;ACCENSIONE DELL&#8217;ALBERO&#8230; LA FESTA. OGGI ENTRIAMO NELLE PIEGHE DEGLI EVENTI CON ANTONELLA SCHENA, PRESIDENTE PROMO FALCADE ALLE 10.30 E 1900 ALLA RADIO PIU&#8217;<br \/>\nANCHE AD ALLEGHE VENERDI E&#8217; IL GIORNO DELL&#8217;ACCENSIONE DELL&#8217; ALBERO E DEL RICORDO DI AFRA<br \/>\nSOT AL PEZ DE NADEL, SABATO DALLE 16 LA FESTA CON L&#8217;ASSOCIAZIONE BORGO DI SOTTOGUDA<br \/>\nVOLTAGO Il Gruppo Giovani di Voltago organizzano per domenica alle 19 in piazza di Frassen\u00e8 il tradizionale arrivo dei Krampus. Si consiglia di non portare gli amici a 4 zampe che potrebbero spaventarsi.<br \/>\nAPPELLO DI SOLIDARIETA&#8217; PER ENRICO E ANNA. LA COPPIA DI FELTRE A CUI STA PER ESSERE PIGNORATA LA CASA<br \/>\nUna campagna di solidariet\u00e0 \u00e8 stata avviata a Feltre, Belluno, su GoFundMe per &#8220;ridare dignit\u00e0 a Enrico e Anna&#8221;, una coppia di 57 anni a rischio di perdere la casa. Enrico \u00e8 stato diagnosticato nel 2006 con una malattia neurodegenerativa che si \u00e8 poi rivelata sclerosi, rendendolo incapace di lavorare.<br \/>\nAGORDO Nelle giornate del 8-9-10 dicembre l&#8217;Ail torna in piazza con le Stelle di Natale per aiutare la ricerca. Si potranno acquistare presso il Centro Commerciale &#8220;La Corte Agordina&#8221; o in localit\u00e0 Valcozzena al Zum Brillenbar.<br \/>\nAGORDO Sabato alle 16 in sala Don Tamis premiazione degli atleti e societ\u00e0 che si sono distinti nell&#8217;anno, nomina dell&#8217;allenatore, giudice, dirigente e atleti dell&#8217;anno. Con il Comitato Provinciale della Fidal in collaborazione con Atletica Agordina.<\/p>\n<p>&nbsp;<\/p>\n<p>&nbsp;<\/p>\n<p>&nbsp;<\/p>\n<p>&nbsp;<\/p>\n<p>&nbsp;<\/p>\n<p>&nbsp;<\/p>\n<p>&nbsp;<\/p>\n<p>&nbsp;<\/p>\n","protected":false},"excerpt":{"rendered":"<p>&nbsp; &nbsp; &nbsp; &nbsp; VENEZIA Il Presidente della Regione del Veneto, Luca Zaia ha voluto ricordare la giovane Giulia Cecchettin e il lutto regionale proclamato per oggi. DOMANI I FUNERALI DI \u201cBEPI\u201d Giuseppe Furlan, \u201cche le tue montagne possano accoglierti in pace\u201d Belluno Piange la Perdita di un Appassionato Scialpinista. L\u2019abbraccio alla compagna Gianna, ai&hellip;<\/p>\n","protected":false},"author":4,"featured_media":364621,"comment_status":"closed","ping_status":"closed","sticky":false,"template":"","format":"standard","meta":{"_monsterinsights_skip_tracking":false,"_monsterinsights_sitenote_active":false,"_monsterinsights_sitenote_note":"","_monsterinsights_sitenote_category":0,"footnotes":""},"categories":[49,142],"tags":[],"class_list":["post-364620","post","type-post","status-publish","format-standard","has-post-thumbnail","hentry","category-news-18","category-rassegna-stampa","category-49","category-142","description-off"],"img_url":"https:\/\/www.radiopiu.net\/wordpress\/wp-content\/uploads\/2023\/12\/COERT.png","_links":{"self":[{"href":"https:\/\/www.radiopiu.net\/wordpress\/wp-json\/wp\/v2\/posts\/364620","targetHints":{"allow":["GET"]}}],"collection":[{"href":"https:\/\/www.radiopiu.net\/wordpress\/wp-json\/wp\/v2\/posts"}],"about":[{"href":"https:\/\/www.radiopiu.net\/wordpress\/wp-json\/wp\/v2\/types\/post"}],"author":[{"embeddable":true,"href":"https:\/\/www.radiopiu.net\/wordpress\/wp-json\/wp\/v2\/users\/4"}],"replies":[{"embeddable":true,"href":"https:\/\/www.radiopiu.net\/wordpress\/wp-json\/wp\/v2\/comments?post=364620"}],"version-history":[{"count":0,"href":"https:\/\/www.radiopiu.net\/wordpress\/wp-json\/wp\/v2\/posts\/364620\/revisions"}],"wp:featuredmedia":[{"embeddable":true,"href":"https:\/\/www.radiopiu.net\/wordpress\/wp-json\/wp\/v2\/media\/364621"}],"wp:attachment":[{"href":"https:\/\/www.radiopiu.net\/wordpress\/wp-json\/wp\/v2\/media?parent=364620"}],"wp:term":[{"taxonomy":"category","embeddable":true,"href":"https:\/\/www.radiopiu.net\/wordpress\/wp-json\/wp\/v2\/categories?post=364620"},{"taxonomy":"post_tag","embeddable":true,"href":"https:\/\/www.radiopiu.net\/wordpress\/wp-json\/wp\/v2\/tags?post=364620"}],"curies":[{"name":"wp","href":"https:\/\/api.w.org\/{rel}","templated":true}]}}