{"id":364866,"date":"2023-12-06T05:35:16","date_gmt":"2023-12-06T04:35:16","guid":{"rendered":"https:\/\/www.radiopiu.net\/wordpress\/?p=364866"},"modified":"2023-12-06T06:18:14","modified_gmt":"2023-12-06T05:18:14","slug":"alleghe-i-rumatera-presentano-il-nuovo-album-apres-ski","status":"publish","type":"post","link":"https:\/\/www.radiopiu.net\/wordpress\/alleghe-i-rumatera-presentano-il-nuovo-album-apres-ski\/","title":{"rendered":"ALLEGHE: I Rumatera Presentano il Nuovo Album &#8220;Apr\u00e8s-ski&#8221;"},"content":{"rendered":"<p>+++<\/p>\n<p>&nbsp;<\/p>\n<p><strong><a class=\"dt-pswp-item\" href=\"https:\/\/www.radiopiu.net\/wordpress\/wp-content\/uploads\/2023\/12\/Cover-RUMATERA-ep.jpg\" data-dt-img-description=\"\" data-large_image_width=\"1488\" data-large_image_height=\"1488\"><img loading=\"lazy\" decoding=\"async\" class=\"wp-image-364867 alignleft\" src=\"https:\/\/www.radiopiu.net\/wordpress\/wp-content\/uploads\/2023\/12\/Cover-RUMATERA-ep-300x300.jpg\" alt=\"\" width=\"168\" height=\"168\" srcset=\"https:\/\/www.radiopiu.net\/wordpress\/wp-content\/uploads\/2023\/12\/Cover-RUMATERA-ep-300x300.jpg 300w, https:\/\/www.radiopiu.net\/wordpress\/wp-content\/uploads\/2023\/12\/Cover-RUMATERA-ep-1024x1024.jpg 1024w, https:\/\/www.radiopiu.net\/wordpress\/wp-content\/uploads\/2023\/12\/Cover-RUMATERA-ep-150x150.jpg 150w, https:\/\/www.radiopiu.net\/wordpress\/wp-content\/uploads\/2023\/12\/Cover-RUMATERA-ep-768x768.jpg 768w, https:\/\/www.radiopiu.net\/wordpress\/wp-content\/uploads\/2023\/12\/Cover-RUMATERA-ep.jpg 1488w\" sizes=\"auto, (max-width: 168px) 100vw, 168px\" \/><\/a>ALLEGHE<\/strong> Il gruppo punk rock Rumatera presenta in anteprima il nuovo singolo e album &#8220;Apr\u00e8s-ski&#8221; sabato alle 13 agli impianti di Alleghe. Il lancio include un dj set a tema apr\u00e8s-ski, celebrando le feste tradizionali in baita dopo una giornata sugli sci. Il disco, caratterizzato da un nuovo stile elettronico e dance ispirato agli apr\u00e8s-ski austriaci, sar\u00e0 disponibile dal 22 dicembre. Il primo singolo, &#8220;Pista nera&#8221;, uscir\u00e0 l&#8217;8 dicembre. L&#8217;evento agli impianti di Alleghe promette un mix di classici del gruppo\u00a0e un&#8217;anteprima del nuovo album, creando un&#8217;atmosfera di festa invernale.<\/p>\n<p>&nbsp;<\/p>\n<p>&nbsp;<\/p>\n<p>&nbsp;<\/p>\n<p>&nbsp;<\/p>\n<hr \/>\n<p>&nbsp;<\/p>\n","protected":false},"excerpt":{"rendered":"<p>+++ &nbsp; ALLEGHE Il gruppo punk rock Rumatera presenta in anteprima il nuovo singolo e album &#8220;Apr\u00e8s-ski&#8221; sabato alle 13 agli impianti di Alleghe. Il lancio include un dj set a tema apr\u00e8s-ski, celebrando le feste tradizionali in baita dopo una giornata sugli sci. Il disco, caratterizzato da un nuovo stile elettronico e dance ispirato&hellip;<\/p>\n","protected":false},"author":4,"featured_media":364867,"comment_status":"closed","ping_status":"closed","sticky":false,"template":"","format":"standard","meta":{"_monsterinsights_skip_tracking":false,"_monsterinsights_sitenote_active":false,"_monsterinsights_sitenote_note":"","_monsterinsights_sitenote_category":0,"footnotes":""},"categories":[104,49],"tags":[],"class_list":["post-364866","post","type-post","status-publish","format-standard","has-post-thumbnail","hentry","category-evidenza_3","category-news-18","category-104","category-49","description-off"],"img_url":"https:\/\/www.radiopiu.net\/wordpress\/wp-content\/uploads\/2023\/12\/Cover-RUMATERA-ep.jpg","_links":{"self":[{"href":"https:\/\/www.radiopiu.net\/wordpress\/wp-json\/wp\/v2\/posts\/364866","targetHints":{"allow":["GET"]}}],"collection":[{"href":"https:\/\/www.radiopiu.net\/wordpress\/wp-json\/wp\/v2\/posts"}],"about":[{"href":"https:\/\/www.radiopiu.net\/wordpress\/wp-json\/wp\/v2\/types\/post"}],"author":[{"embeddable":true,"href":"https:\/\/www.radiopiu.net\/wordpress\/wp-json\/wp\/v2\/users\/4"}],"replies":[{"embeddable":true,"href":"https:\/\/www.radiopiu.net\/wordpress\/wp-json\/wp\/v2\/comments?post=364866"}],"version-history":[{"count":0,"href":"https:\/\/www.radiopiu.net\/wordpress\/wp-json\/wp\/v2\/posts\/364866\/revisions"}],"wp:featuredmedia":[{"embeddable":true,"href":"https:\/\/www.radiopiu.net\/wordpress\/wp-json\/wp\/v2\/media\/364867"}],"wp:attachment":[{"href":"https:\/\/www.radiopiu.net\/wordpress\/wp-json\/wp\/v2\/media?parent=364866"}],"wp:term":[{"taxonomy":"category","embeddable":true,"href":"https:\/\/www.radiopiu.net\/wordpress\/wp-json\/wp\/v2\/categories?post=364866"},{"taxonomy":"post_tag","embeddable":true,"href":"https:\/\/www.radiopiu.net\/wordpress\/wp-json\/wp\/v2\/tags?post=364866"}],"curies":[{"name":"wp","href":"https:\/\/api.w.org\/{rel}","templated":true}]}}