{"id":364911,"date":"2023-12-06T11:26:11","date_gmt":"2023-12-06T10:26:11","guid":{"rendered":"https:\/\/www.radiopiu.net\/wordpress\/?p=364911"},"modified":"2023-12-07T05:52:11","modified_gmt":"2023-12-07T04:52:11","slug":"cortinabanca-e-c-f-s-scuola-edile-di-belluno-celebrano-i-giovani-per-un-futuro-sostenibile-al-teatro-comunale-di-belluno","status":"publish","type":"post","link":"https:\/\/www.radiopiu.net\/wordpress\/cortinabanca-e-c-f-s-scuola-edile-di-belluno-celebrano-i-giovani-per-un-futuro-sostenibile-al-teatro-comunale-di-belluno\/","title":{"rendered":"Cortinabanca e C.F.S. &#8211; Scuola Edile di Belluno Celebrano i Giovani per un Futuro Sostenibile al Teatro Comunale di Belluno"},"content":{"rendered":"<div class=\"flex-1 overflow-hidden\">\n<div class=\"react-scroll-to-bottom--css-kfclk-79elbk h-full\">\n<div class=\"react-scroll-to-bottom--css-kfclk-1n7m0yu\">\n<div class=\"flex flex-col pb-9 text-sm\">\n<div class=\"w-full text-token-text-primary\" data-testid=\"conversation-turn-19\">\n<div class=\"px-4 py-2 justify-center text-base md:gap-6 m-auto\">\n<div class=\"flex flex-1 text-base mx-auto gap-3 md:px-5 lg:px-1 xl:px-5 md:max-w-3xl lg:max-w-[40rem] xl:max-w-[48rem] } group final-completion\">\n<div class=\"relative flex w-full flex-col lg:w-[calc(100%-115px)] agent-turn\">\n<div class=\"flex-col gap-1 md:gap-3\">\n<div class=\"flex flex-grow flex-col max-w-full\">\n<div class=\"min-h-[20px] text-message flex flex-col items-start gap-3 whitespace-pre-wrap break-words [.text-message+&amp;]:mt-5 overflow-x-auto\" data-message-author-role=\"assistant\" data-message-id=\"4b56588f-010e-40c0-a8ce-a97c4423f4de\">\n<div class=\"markdown prose w-full break-words dark:prose-invert dark\">\n<p>^^^<\/p>\n<p>&nbsp;<\/p>\n<p>&nbsp;<\/p>\n<p><strong> <img decoding=\"async\" class=\"alignleft\" src=\"https:\/\/www.radiopiu.net\/wordpress\/wp-content\/uploads\/2023\/12\/Axel-Bassani-300x300.jpg\" \/>SEDICO<\/strong> Il prossimo 15 dicembre, presso il Teatro Comunale di Belluno, si terr\u00e0 l&#8217;evento intitolato &#8220;I giovani protagonisti di un futuro sostenibile&#8221;, promosso da Cortinabanca e dal C.F.S &#8211; Scuola Edile di Belluno. La collaborazione tra le due realt\u00e0 ha l&#8217;obiettivo di sostenere la formazione dei giovani, come dimostrato dal recente avvio del convitto per studenti a Sedico. L&#8217;evento coinvolger\u00e0 la consegna di attestati di fine corso e borse di studio a studenti meritevoli, attribuendo loro un significato nuovo e particolare legato al tema della sostenibilit\u00e0. Durante l&#8217;occasione, verranno presentate alcune tesi di laurea e ricerche affrontando concretamente aspetti della sostenibilit\u00e0, tema attuale nella societ\u00e0 contemporanea. Il presidente del C.F.S. e della Scuola Edile di Belluno, Massimo Riva, enfatizza l&#8217;occasione di festa e approfondimento sulla sostenibilit\u00e0, una tematica rilevante nei rispettivi ambiti.<\/p>\n<blockquote><p><em>\u201cLa collaborazione avviata da qualche tempo con Cortinabanca si sostanzia anche in questo importante evento che vedr\u00e0 i nostri ragazzi protagonisti\u201d, sottolinea dal canto suo il presidente del C.F.S. e della Scuola Edile di Belluno Massimo Riva, che aggiunge: \u201cSar\u00e0 un&#8217;occasione di festa, ma anche di approfondimento su una tematica di grande attualit\u00e0 come quella della sostenibilit\u00e0, che interseca le nostre vite e soprattutto quelle dei giovani in maniera sempre pi\u00f9 intensa proprio nei nostri rispettivi ambiti d&#8217;azione\u201d.<\/em><\/p><\/blockquote>\n<p>Il presidente di Cortinabanca, Massimo Antonelli, sottolinea l&#8217;importanza di premiare 251 studenti per i loro eccellenti risultati scolastici, definendoli una grande speranza per il futuro della provincia.<\/p>\n<blockquote>\n<p class=\"western\" style=\"text-align: left;\" align=\"justify\"><em>\u201cQuest\u2019anno, in sinergia con la Scuola Edile di Sedico, &#8211; commenta il presidente di Cortinabanca Massimo Antonelli &#8211; la consueta consegna dei premi di studio \u00e8 stata organizzata nella prestigiosa cornice del Teatro Comunale di Belluno per dare sempre pi\u00f9 importanza e valore ai nostri giovani studenti; siamo felici e orgogliosi di poter premiare 251 ragazzi, che hanno raggiunto ottimi risultati scolastici e che quindi non solo sono l\u2019orgoglio della nostra Provincia, ma soprattutto rappresentano una grande speranza per il futuro delle nostre terre, bisognose sempre pi\u00f9 di giovani preparati, dinamici e vogliosi di entrare nel mondo del lavoro con entusiasmo e professionalit\u00e0\u201d.<\/em><\/p>\n<\/blockquote>\n<p align=\"justify\">L&#8217;evento, patrocinato dal Comune di Belluno e con la partecipazione di autorit\u00e0, vedr\u00e0 la presenza del motociclista Axel Bassani (foto), recentemente laureatosi campione del mondo dei team indipendenti nel campionato SuperBike. Con circa 300 studenti attesi con le loro famiglie, l&#8217;incontro promette di essere visivamente e emotivamente impattante.<\/p>\n<p>&nbsp;<\/p>\n<p>&nbsp;<\/p>\n<div class=\"flex-1 overflow-hidden\">\n<div class=\"react-scroll-to-bottom--css-kfclk-79elbk h-full\">\n<div class=\"react-scroll-to-bottom--css-kfclk-1n7m0yu\">\n<div class=\"flex flex-col pb-9 text-sm\">\n<div class=\"w-full text-token-text-primary\" data-testid=\"conversation-turn-19\">\n<div class=\"px-4 py-2 justify-center text-base md:gap-6 m-auto\">\n<div class=\"flex flex-1 text-base mx-auto gap-3 md:px-5 lg:px-1 xl:px-5 md:max-w-3xl lg:max-w-[40rem] xl:max-w-[48rem] } group final-completion\">\n<div class=\"relative flex w-full flex-col lg:w-[calc(100%-115px)] agent-turn\">\n<div class=\"flex-col gap-1 md:gap-3\">\n<div class=\"mt-1 flex justify-start gap-3 empty:hidden\"><\/div>\n<\/div>\n<\/div>\n<\/div>\n<\/div>\n<\/div>\n<\/div>\n<\/div>\n<\/div>\n<\/div>\n<\/div>\n<\/div>\n<\/div>\n<\/div>\n<\/div>\n<\/div>\n<\/div>\n<\/div>\n<\/div>\n<\/div>\n<\/div>\n<\/div>\n<div class=\"w-full pt-2 md:pt-0 dark:border-white\/20 md:border-transparent md:dark:border-transparent md:w-[calc(100%-.5rem)]\">\n<form class=\"stretch mx-2 flex flex-row gap-3 last:mb-2 md:mx-4 md:last:mb-6 lg:mx-auto lg:max-w-2xl xl:max-w-3xl\">\n<div class=\"flex w-full items-center\"><\/div>\n<div><\/div>\n<div>\n<hr \/>\n<\/div>\n<\/form>\n<\/div>\n","protected":false},"excerpt":{"rendered":"<p>^^^ &nbsp; &nbsp; SEDICO Il prossimo 15 dicembre, presso il Teatro Comunale di Belluno, si terr\u00e0 l&#8217;evento intitolato &#8220;I giovani protagonisti di un futuro sostenibile&#8221;, promosso da Cortinabanca e dal C.F.S &#8211; Scuola Edile di Belluno. La collaborazione tra le due realt\u00e0 ha l&#8217;obiettivo di sostenere la formazione dei giovani, come dimostrato dal recente avvio&hellip;<\/p>\n","protected":false},"author":4,"featured_media":364912,"comment_status":"closed","ping_status":"closed","sticky":false,"template":"","format":"standard","meta":{"_monsterinsights_skip_tracking":false,"_monsterinsights_sitenote_active":false,"_monsterinsights_sitenote_note":"","_monsterinsights_sitenote_category":0,"footnotes":""},"categories":[51,49],"tags":[],"class_list":["post-364911","post","type-post","status-publish","format-standard","has-post-thumbnail","hentry","category-evidenza-top","category-news-18","category-51","category-49","description-off"],"img_url":"https:\/\/www.radiopiu.net\/wordpress\/wp-content\/uploads\/2023\/12\/Axel-Bassani.jpg","_links":{"self":[{"href":"https:\/\/www.radiopiu.net\/wordpress\/wp-json\/wp\/v2\/posts\/364911","targetHints":{"allow":["GET"]}}],"collection":[{"href":"https:\/\/www.radiopiu.net\/wordpress\/wp-json\/wp\/v2\/posts"}],"about":[{"href":"https:\/\/www.radiopiu.net\/wordpress\/wp-json\/wp\/v2\/types\/post"}],"author":[{"embeddable":true,"href":"https:\/\/www.radiopiu.net\/wordpress\/wp-json\/wp\/v2\/users\/4"}],"replies":[{"embeddable":true,"href":"https:\/\/www.radiopiu.net\/wordpress\/wp-json\/wp\/v2\/comments?post=364911"}],"version-history":[{"count":0,"href":"https:\/\/www.radiopiu.net\/wordpress\/wp-json\/wp\/v2\/posts\/364911\/revisions"}],"wp:featuredmedia":[{"embeddable":true,"href":"https:\/\/www.radiopiu.net\/wordpress\/wp-json\/wp\/v2\/media\/364912"}],"wp:attachment":[{"href":"https:\/\/www.radiopiu.net\/wordpress\/wp-json\/wp\/v2\/media?parent=364911"}],"wp:term":[{"taxonomy":"category","embeddable":true,"href":"https:\/\/www.radiopiu.net\/wordpress\/wp-json\/wp\/v2\/categories?post=364911"},{"taxonomy":"post_tag","embeddable":true,"href":"https:\/\/www.radiopiu.net\/wordpress\/wp-json\/wp\/v2\/tags?post=364911"}],"curies":[{"name":"wp","href":"https:\/\/api.w.org\/{rel}","templated":true}]}}