{"id":364937,"date":"2023-12-07T05:25:57","date_gmt":"2023-12-07T04:25:57","guid":{"rendered":"https:\/\/www.radiopiu.net\/wordpress\/?p=364937"},"modified":"2023-12-07T05:50:49","modified_gmt":"2023-12-07T04:50:49","slug":"sci-e-montagna-grigoletto-anef-veneto-nuove-norme-per-la-continuita-lavorativa-degli-impianti-a-fune-da-venezia-e-arrivato-un-segnale-vitale","status":"publish","type":"post","link":"https:\/\/www.radiopiu.net\/wordpress\/sci-e-montagna-grigoletto-anef-veneto-nuove-norme-per-la-continuita-lavorativa-degli-impianti-a-fune-da-venezia-e-arrivato-un-segnale-vitale\/","title":{"rendered":"SCI E MONTAGNA &#8211; GRIGOLETTO, ANEF VENETO: \u201cNUOVE NORME PER LA CONTINUITA&#8217; LAVORATIVA DEGLI IMPIANTI A FUNE, DA VENEZIA \u00c8 ARRIVATO UN SEGNALE VITALE\u201d"},"content":{"rendered":"<p><strong><img loading=\"lazy\" decoding=\"async\" class=\"alignleft\" src=\"https:\/\/www.radiopiu.net\/wordpress\/wp-content\/uploads\/2021\/11\/foto_Marco_Grigoletto01.jpg\" width=\"195\" height=\"130\" \/>VENEZIA<\/strong> <em>\u201cDal Consiglio regionale del Veneto \u00e8 arrivato un segnale importante per gli operatori della montagna. La norma \u00e8 tecnica, ma la svolta \u00e8 significativa. Agli impiantisti viene garantita continuit\u00e0 lavorativa anche nelle more della definizione delle controversie con i proprietari dei terreni. \u00c8 un cambio di passo che d\u00e0 certezza a chi opera nelle terre alte in un settore strategico come quello dello sci, peraltro senza ledere i diritti di nessuno\u201d. <\/em>Cos\u00ec Marco Grigoletto, presidente di Anef Veneto, commenta il via libera da parte dell&#8217;Assemblea di Palazzo Ferro Fini al progetto di legge della Giunta regionale che disciplina degli impianti a fune adibiti a servizio pubblico di trasporto, delle piste e dei sistemi di innevamento programmato e della sicurezza nella pratica degli sport sulla neve\u201d <em>\u201cIl progetto di legge \u00e8 frutto di un lavoro durato mesi, fondamentale \u00e8 stato il sostegno della Regione e in particolar modo della consigliera Silvia Cestaro\u201d, rimarca Grigoletto. \u201cOra attendiamo con ansia la pubblicazione della norma sul Bollettino Ufficiale della Regione\u201d.<\/em><\/p>\n<p>&nbsp;<\/p>\n<hr \/>\n<p>&nbsp;<\/p>\n","protected":false},"excerpt":{"rendered":"<p>VENEZIA \u201cDal Consiglio regionale del Veneto \u00e8 arrivato un segnale importante per gli operatori della montagna. La norma \u00e8 tecnica, ma la svolta \u00e8 significativa. Agli impiantisti viene garantita continuit\u00e0 lavorativa anche nelle more della definizione delle controversie con i proprietari dei terreni. \u00c8 un cambio di passo che d\u00e0 certezza a chi opera nelle&hellip;<\/p>\n","protected":false},"author":4,"featured_media":241599,"comment_status":"closed","ping_status":"closed","sticky":false,"template":"","format":"standard","meta":{"_monsterinsights_skip_tracking":false,"_monsterinsights_sitenote_active":false,"_monsterinsights_sitenote_note":"","_monsterinsights_sitenote_category":0,"footnotes":""},"categories":[104,49],"tags":[],"class_list":["post-364937","post","type-post","status-publish","format-standard","has-post-thumbnail","hentry","category-evidenza_3","category-news-18","category-104","category-49","description-off"],"img_url":"https:\/\/www.radiopiu.net\/wordpress\/wp-content\/uploads\/2021\/11\/foto_Marco_Grigoletto01.jpg","_links":{"self":[{"href":"https:\/\/www.radiopiu.net\/wordpress\/wp-json\/wp\/v2\/posts\/364937","targetHints":{"allow":["GET"]}}],"collection":[{"href":"https:\/\/www.radiopiu.net\/wordpress\/wp-json\/wp\/v2\/posts"}],"about":[{"href":"https:\/\/www.radiopiu.net\/wordpress\/wp-json\/wp\/v2\/types\/post"}],"author":[{"embeddable":true,"href":"https:\/\/www.radiopiu.net\/wordpress\/wp-json\/wp\/v2\/users\/4"}],"replies":[{"embeddable":true,"href":"https:\/\/www.radiopiu.net\/wordpress\/wp-json\/wp\/v2\/comments?post=364937"}],"version-history":[{"count":0,"href":"https:\/\/www.radiopiu.net\/wordpress\/wp-json\/wp\/v2\/posts\/364937\/revisions"}],"wp:featuredmedia":[{"embeddable":true,"href":"https:\/\/www.radiopiu.net\/wordpress\/wp-json\/wp\/v2\/media\/241599"}],"wp:attachment":[{"href":"https:\/\/www.radiopiu.net\/wordpress\/wp-json\/wp\/v2\/media?parent=364937"}],"wp:term":[{"taxonomy":"category","embeddable":true,"href":"https:\/\/www.radiopiu.net\/wordpress\/wp-json\/wp\/v2\/categories?post=364937"},{"taxonomy":"post_tag","embeddable":true,"href":"https:\/\/www.radiopiu.net\/wordpress\/wp-json\/wp\/v2\/tags?post=364937"}],"curies":[{"name":"wp","href":"https:\/\/api.w.org\/{rel}","templated":true}]}}