{"id":364940,"date":"2023-12-07T05:27:52","date_gmt":"2023-12-07T04:27:52","guid":{"rendered":"https:\/\/www.radiopiu.net\/wordpress\/?p=364940"},"modified":"2023-12-07T05:50:20","modified_gmt":"2023-12-07T04:50:20","slug":"grave-carenza-di-organico-negli-uffici-giudiziari-e-penitenziari-di-belluno-rischio-blocco-attivita","status":"publish","type":"post","link":"https:\/\/www.radiopiu.net\/wordpress\/grave-carenza-di-organico-negli-uffici-giudiziari-e-penitenziari-di-belluno-rischio-blocco-attivita\/","title":{"rendered":"Grave carenza di organico negli uffici giudiziari e penitenziari di Belluno: rischio blocco attivit\u00e0"},"content":{"rendered":"<blockquote>\n<h3>\u00a7\u00a7\u00a7<\/h3>\n<p>&nbsp;<\/p><\/blockquote>\n<p><strong><img loading=\"lazy\" decoding=\"async\" class=\"alignleft\" src=\"https:\/\/www.radiopiu.net\/wordpress\/wp-content\/uploads\/2023\/12\/pexels-photo-6077326.webp\" width=\"266\" height=\"178\" \/>TREVISO<\/strong> <strong>BELLUNO<\/strong>Dal primo gennaio 2024, l&#8217;Ufficio del Giudice di Pace della Procura di Belluno affronter\u00e0 una seria crisi, con soli due impiegati su cinque previsti. La carenza di personale coinvolge anche gli uffici giudiziari, dove la situazione \u00e8 critica, con percentuali di scopertura del personale che mettono a rischio la funzionalit\u00e0 degli uffici. La Cisl Fp ha portato l&#8217;attenzione del ministero della Giustizia su questa emergenza, inviando due lettere alle figure chiave dell&#8217;organizzazione giudiziaria. Nei dettagli, l&#8217;Ufficio del Giudice di Pace vedr\u00e0 una diminuzione del 60% del personale, compromettendo gravemente le attivit\u00e0. La Procura e il Tribunale subiranno rispettivamente una scopertura del 46% e del 47%, con proiezioni ancora pi\u00f9 allarmanti per il futuro. La richiesta della Cisl Fp \u00e8 di adottare misure straordinarie, tra cui il riconoscimento di una prelazione nell&#8217;assegnazione del personale neoassunto e l&#8217;apertura della mobilit\u00e0 temporanea dalle altre pubbliche amministrazioni locali. Anche la casa circondariale di Belluno \u00e8 coinvolta, con soli sette amministrativi su 16 previsti. La richiesta \u00e8 di assegnare ulteriori risorse in occasione delle prossime assunzioni, garantendo al carcere bellunese priorit\u00e0 rispetto ad altre strutture penitenziarie. Angelo Costanza della Cisl Fp sottolinea la gravit\u00e0 della situazione, evidenziando il rischio di errori involontari dovuti allo stress e ai carichi di lavoro e l&#8217;importanza di una soluzione nazionale da parte del ministero della Giustizia.<\/p>\n<p>&nbsp;<\/p>\n<hr \/>\n<p>&nbsp;<\/p>\n","protected":false},"excerpt":{"rendered":"<p>\u00a7\u00a7\u00a7 &nbsp; TREVISO BELLUNODal primo gennaio 2024, l&#8217;Ufficio del Giudice di Pace della Procura di Belluno affronter\u00e0 una seria crisi, con soli due impiegati su cinque previsti. La carenza di personale coinvolge anche gli uffici giudiziari, dove la situazione \u00e8 critica, con percentuali di scopertura del personale che mettono a rischio la funzionalit\u00e0 degli uffici.&hellip;<\/p>\n","protected":false},"author":4,"featured_media":364943,"comment_status":"closed","ping_status":"closed","sticky":false,"template":"","format":"standard","meta":{"_monsterinsights_skip_tracking":false,"_monsterinsights_sitenote_active":false,"_monsterinsights_sitenote_note":"","_monsterinsights_sitenote_category":0,"footnotes":""},"categories":[51,49],"tags":[],"class_list":["post-364940","post","type-post","status-publish","format-standard","has-post-thumbnail","hentry","category-evidenza-top","category-news-18","category-51","category-49","description-off"],"img_url":"https:\/\/www.radiopiu.net\/wordpress\/wp-content\/uploads\/2023\/12\/pexels-photo-6077326.webp","_links":{"self":[{"href":"https:\/\/www.radiopiu.net\/wordpress\/wp-json\/wp\/v2\/posts\/364940","targetHints":{"allow":["GET"]}}],"collection":[{"href":"https:\/\/www.radiopiu.net\/wordpress\/wp-json\/wp\/v2\/posts"}],"about":[{"href":"https:\/\/www.radiopiu.net\/wordpress\/wp-json\/wp\/v2\/types\/post"}],"author":[{"embeddable":true,"href":"https:\/\/www.radiopiu.net\/wordpress\/wp-json\/wp\/v2\/users\/4"}],"replies":[{"embeddable":true,"href":"https:\/\/www.radiopiu.net\/wordpress\/wp-json\/wp\/v2\/comments?post=364940"}],"version-history":[{"count":0,"href":"https:\/\/www.radiopiu.net\/wordpress\/wp-json\/wp\/v2\/posts\/364940\/revisions"}],"wp:featuredmedia":[{"embeddable":true,"href":"https:\/\/www.radiopiu.net\/wordpress\/wp-json\/wp\/v2\/media\/364943"}],"wp:attachment":[{"href":"https:\/\/www.radiopiu.net\/wordpress\/wp-json\/wp\/v2\/media?parent=364940"}],"wp:term":[{"taxonomy":"category","embeddable":true,"href":"https:\/\/www.radiopiu.net\/wordpress\/wp-json\/wp\/v2\/categories?post=364940"},{"taxonomy":"post_tag","embeddable":true,"href":"https:\/\/www.radiopiu.net\/wordpress\/wp-json\/wp\/v2\/tags?post=364940"}],"curies":[{"name":"wp","href":"https:\/\/api.w.org\/{rel}","templated":true}]}}