{"id":365060,"date":"2023-12-09T05:20:38","date_gmt":"2023-12-09T04:20:38","guid":{"rendered":"https:\/\/www.radiopiu.net\/wordpress\/?p=365060"},"modified":"2023-12-09T09:28:33","modified_gmt":"2023-12-09T08:28:33","slug":"grp18dicembre","status":"publish","type":"post","link":"https:\/\/www.radiopiu.net\/wordpress\/grp18dicembre\/","title":{"rendered":"GIORNALE RADIOPIU 09 DICEMBRE 2023 DIRETTORE MIRKO MEZZACASA\u2026DA 40 ANNI 25 GIUGNO 1983-25 GIUGNO 2023"},"content":{"rendered":"<hr \/>\n<hr \/>\n<hr \/>\n<hr \/>\n<hr \/>\n<hr \/>\n<h1 class=\"entry-title photoswipe-wrapper\">40esimo di RADIOPIU\u2026. LA VOCE DELL\u2019EMOZIONE<\/h1>\n<h2><span style=\"color: #ff0000;\">ISCRIVITI AL NOSTRO CANALE\u00a0\u00a0YOUTUBE PER SEGUIRE IN DIRETTA I PRINCIPALI PROGRAMMI DI RADIO PIU\u2019 E LE FUTURE DIRETTE IN ESTERNA. PER ISCRIVERTI <a style=\"color: #ff0000;\" href=\"https:\/\/youtube.com\/@radiopiu1527\">CLICCA QUI\u00a0<\/a>E PREMI\u00a0 \u201cIscriviti\u201d\u00a0<\/span><\/h2>\n<p>&nbsp;<\/p>\n<blockquote>\n<h3>MERAVIGLIE A ROCCA PIETORE<\/h3>\n<\/blockquote>\n\n\t\t\t<style type='text\/css'>\n\t\t\t\t#gallery-1 {\n\t\t\t\t\tmargin: auto;\n\t\t\t\t}\n\t\t\t\t#gallery-1 .gallery-item {\n\t\t\t\t\tfloat: left;\n\t\t\t\t\tmargin-top: 10px;\n\t\t\t\t\ttext-align: center;\n\t\t\t\t\twidth: 50%;\n\t\t\t\t}\n\t\t\t\t#gallery-1 img {\n\t\t\t\t\tborder: 2px solid #cfcfcf;\n\t\t\t\t}\n\t\t\t\t#gallery-1 .gallery-caption {\n\t\t\t\t\tmargin-left: 0;\n\t\t\t\t}\n\t\t\t\t\/* see gallery_shortcode() in wp-includes\/media.php *\/\n\t\t\t<\/style>\n\t\t<div id='gallery-1' class='dt-gallery-container gallery galleryid-365060 gallery-columns-2 gallery-size-thumbnail'><dl class='gallery-item'>\n\t\t\t\t<dt class='gallery-icon landscape'>\n\t\t\t\t\t<a class=\"rollover rollover-zoom dt-pswp-item\" title=\"dalla Marmolada Diego Andriollo\" data-dt-img-description=\"\" data-large_image_width=\"1024\" data-large_image_height=\"768\"href='https:\/\/www.radiopiu.net\/wordpress\/wp-content\/uploads\/2023\/12\/dalla-Marmolada-Diego-Andriollo.jpg'><img loading=\"lazy\" decoding=\"async\" width=\"150\" height=\"150\" src=\"https:\/\/www.radiopiu.net\/wordpress\/wp-content\/uploads\/2023\/12\/dalla-Marmolada-Diego-Andriollo-150x150.jpg\" class=\"attachment-thumbnail size-thumbnail\" alt=\"\" aria-describedby=\"gallery-1-365154\" \/><\/a>\n\t\t\t\t<\/dt>\n\t\t\t\t\t<dd class='wp-caption-text gallery-caption' id='gallery-1-365154'>\n\t\t\t\t\tdalla MARMOLADA Diego Andriollo\n\t\t\t\t\t<\/dd><\/dl><dl class='gallery-item'>\n\t\t\t\t<dt class='gallery-icon landscape'>\n\t\t\t\t\t<a class=\"rollover rollover-zoom dt-pswp-item\" title=\"\" data-dt-img-description=\"\" data-large_image_width=\"1280\" data-large_image_height=\"1280\"href='https:\/\/www.radiopiu.net\/wordpress\/wp-content\/uploads\/2023\/12\/da-saviner-gianni-santomaso.jpg'><img loading=\"lazy\" decoding=\"async\" width=\"150\" height=\"150\" src=\"https:\/\/www.radiopiu.net\/wordpress\/wp-content\/uploads\/2023\/12\/da-saviner-gianni-santomaso-150x150.jpg\" class=\"attachment-thumbnail size-thumbnail\" alt=\"\" aria-describedby=\"gallery-1-365155\" srcset=\"https:\/\/www.radiopiu.net\/wordpress\/wp-content\/uploads\/2023\/12\/da-saviner-gianni-santomaso-150x150.jpg 150w, https:\/\/www.radiopiu.net\/wordpress\/wp-content\/uploads\/2023\/12\/da-saviner-gianni-santomaso-300x300.jpg 300w, https:\/\/www.radiopiu.net\/wordpress\/wp-content\/uploads\/2023\/12\/da-saviner-gianni-santomaso-1024x1024.jpg 1024w, https:\/\/www.radiopiu.net\/wordpress\/wp-content\/uploads\/2023\/12\/da-saviner-gianni-santomaso-768x768.jpg 768w, https:\/\/www.radiopiu.net\/wordpress\/wp-content\/uploads\/2023\/12\/da-saviner-gianni-santomaso.jpg 1280w\" sizes=\"auto, (max-width: 150px) 100vw, 150px\" \/><\/a>\n\t\t\t\t<\/dt>\n\t\t\t\t\t<dd class='wp-caption-text gallery-caption' id='gallery-1-365155'>\n\t\t\t\t\tda SAVINER Gianni Pezz\u00e8\n\t\t\t\t\t<\/dd><\/dl><br style=\"clear: both\" \/>\n\t\t\t<\/div>\n\n<blockquote>\n<h2><em>\u00a0<\/em><\/h2>\n<h2><em>EVENTI DI NATALE, L&#8217;ACCENSIONE DELL&#8217;ALBERO A FALCADE ED ALLEGHE, IL PRESEPE DI TOCCOL AD AGORDO<\/em><\/h2>\n<p>&nbsp;<\/p>\n<p><strong>FALCADE<\/strong><\/p><\/blockquote>\n\n\t\t\t<style type='text\/css'>\n\t\t\t\t#gallery-2 {\n\t\t\t\t\tmargin: auto;\n\t\t\t\t}\n\t\t\t\t#gallery-2 .gallery-item {\n\t\t\t\t\tfloat: left;\n\t\t\t\t\tmargin-top: 10px;\n\t\t\t\t\ttext-align: center;\n\t\t\t\t\twidth: 50%;\n\t\t\t\t}\n\t\t\t\t#gallery-2 img {\n\t\t\t\t\tborder: 2px solid #cfcfcf;\n\t\t\t\t}\n\t\t\t\t#gallery-2 .gallery-caption {\n\t\t\t\t\tmargin-left: 0;\n\t\t\t\t}\n\t\t\t\t\/* see gallery_shortcode() in wp-includes\/media.php *\/\n\t\t\t<\/style>\n\t\t<div id='gallery-2' class='dt-gallery-container gallery galleryid-365060 gallery-columns-2 gallery-size-thumbnail'><dl class='gallery-item'>\n\t\t\t\t<dt class='gallery-icon portrait'>\n\t\t\t\t\t<a class=\"rollover rollover-zoom dt-pswp-item\" title=\"2cf420dd-ee46-4d27-ad1c-77aaf5d6aae4\" data-dt-img-description=\"\" data-large_image_width=\"768\" data-large_image_height=\"1024\"href='https:\/\/www.radiopiu.net\/wordpress\/wp-content\/uploads\/2023\/12\/2cf420dd-ee46-4d27-ad1c-77aaf5d6aae4.jpg'><img loading=\"lazy\" decoding=\"async\" width=\"150\" height=\"150\" src=\"https:\/\/www.radiopiu.net\/wordpress\/wp-content\/uploads\/2023\/12\/2cf420dd-ee46-4d27-ad1c-77aaf5d6aae4-150x150.jpg\" class=\"attachment-thumbnail size-thumbnail\" alt=\"\" \/><\/a>\n\t\t\t\t<\/dt><\/dl><dl class='gallery-item'>\n\t\t\t\t<dt class='gallery-icon portrait'>\n\t\t\t\t\t<a class=\"rollover rollover-zoom dt-pswp-item\" title=\"c78badc3-5f7e-438e-bc60-8efc2fb77581\" data-dt-img-description=\"\" data-large_image_width=\"768\" data-large_image_height=\"1024\"href='https:\/\/www.radiopiu.net\/wordpress\/wp-content\/uploads\/2023\/12\/c78badc3-5f7e-438e-bc60-8efc2fb77581.jpg'><img loading=\"lazy\" decoding=\"async\" width=\"150\" height=\"150\" src=\"https:\/\/www.radiopiu.net\/wordpress\/wp-content\/uploads\/2023\/12\/c78badc3-5f7e-438e-bc60-8efc2fb77581-150x150.jpg\" class=\"attachment-thumbnail size-thumbnail\" alt=\"\" \/><\/a>\n\t\t\t\t<\/dt><\/dl><br style=\"clear: both\" \/>\n\t\t\t<\/div>\n\n<p>https:\/\/www.facebook.com\/radiopiu\/videos\/1817151265409101<\/p>\n<p>&nbsp;<\/p>\n<p>&nbsp;<\/p>\n<p><strong>ALLEGHE\u00a0<\/strong><\/p>\n\n\t\t\t<style type='text\/css'>\n\t\t\t\t#gallery-3 {\n\t\t\t\t\tmargin: auto;\n\t\t\t\t}\n\t\t\t\t#gallery-3 .gallery-item {\n\t\t\t\t\tfloat: left;\n\t\t\t\t\tmargin-top: 10px;\n\t\t\t\t\ttext-align: center;\n\t\t\t\t\twidth: 33%;\n\t\t\t\t}\n\t\t\t\t#gallery-3 img {\n\t\t\t\t\tborder: 2px solid #cfcfcf;\n\t\t\t\t}\n\t\t\t\t#gallery-3 .gallery-caption {\n\t\t\t\t\tmargin-left: 0;\n\t\t\t\t}\n\t\t\t\t\/* see gallery_shortcode() in wp-includes\/media.php *\/\n\t\t\t<\/style>\n\t\t<div id='gallery-3' class='dt-gallery-container gallery galleryid-365060 gallery-columns-3 gallery-size-thumbnail'><dl class='gallery-item'>\n\t\t\t\t<dt class='gallery-icon landscape'>\n\t\t\t\t\t<a class=\"rollover rollover-zoom dt-pswp-item\" title=\"494bcab0-b628-4aee-9982-d4bca1097287\" data-dt-img-description=\"\" data-large_image_width=\"1600\" data-large_image_height=\"736\"href='https:\/\/www.radiopiu.net\/wordpress\/wp-content\/uploads\/2023\/12\/494bcab0-b628-4aee-9982-d4bca1097287.jpg'><img loading=\"lazy\" decoding=\"async\" width=\"150\" height=\"150\" src=\"https:\/\/www.radiopiu.net\/wordpress\/wp-content\/uploads\/2023\/12\/494bcab0-b628-4aee-9982-d4bca1097287-150x150.jpg\" class=\"attachment-thumbnail size-thumbnail\" alt=\"\" \/><\/a>\n\t\t\t\t<\/dt><\/dl><dl class='gallery-item'>\n\t\t\t\t<dt class='gallery-icon landscape'>\n\t\t\t\t\t<a class=\"rollover rollover-zoom dt-pswp-item\" title=\"ee30e609-163f-4951-8649-635d8f557eee\" data-dt-img-description=\"\" data-large_image_width=\"1600\" data-large_image_height=\"736\"href='https:\/\/www.radiopiu.net\/wordpress\/wp-content\/uploads\/2023\/12\/ee30e609-163f-4951-8649-635d8f557eee.jpg'><img loading=\"lazy\" decoding=\"async\" width=\"150\" height=\"150\" src=\"https:\/\/www.radiopiu.net\/wordpress\/wp-content\/uploads\/2023\/12\/ee30e609-163f-4951-8649-635d8f557eee-150x150.jpg\" class=\"attachment-thumbnail size-thumbnail\" alt=\"\" \/><\/a>\n\t\t\t\t<\/dt><\/dl><dl class='gallery-item'>\n\t\t\t\t<dt class='gallery-icon landscape'>\n\t\t\t\t\t<a class=\"rollover rollover-zoom dt-pswp-item\" title=\"b7e5dcbd-de5f-436e-bed4-4c55965ce665\" data-dt-img-description=\"\" data-large_image_width=\"1600\" data-large_image_height=\"736\"href='https:\/\/www.radiopiu.net\/wordpress\/wp-content\/uploads\/2023\/12\/b7e5dcbd-de5f-436e-bed4-4c55965ce665.jpg'><img loading=\"lazy\" decoding=\"async\" width=\"150\" height=\"150\" src=\"https:\/\/www.radiopiu.net\/wordpress\/wp-content\/uploads\/2023\/12\/b7e5dcbd-de5f-436e-bed4-4c55965ce665-150x150.jpg\" class=\"attachment-thumbnail size-thumbnail\" alt=\"\" \/><\/a>\n\t\t\t\t<\/dt><\/dl><br style=\"clear: both\" \/>\n\t\t\t<\/div>\n\n<p><strong>\u00a0<\/strong><\/p>\n<p><strong>AGORDO-TOCCOL il presepe da un&#8217;idea di Giovannina e Renzo\u00a0<\/strong><\/p>\n\n\t\t\t<style type='text\/css'>\n\t\t\t\t#gallery-4 {\n\t\t\t\t\tmargin: auto;\n\t\t\t\t}\n\t\t\t\t#gallery-4 .gallery-item {\n\t\t\t\t\tfloat: left;\n\t\t\t\t\tmargin-top: 10px;\n\t\t\t\t\ttext-align: center;\n\t\t\t\t\twidth: 100%;\n\t\t\t\t}\n\t\t\t\t#gallery-4 img {\n\t\t\t\t\tborder: 2px solid #cfcfcf;\n\t\t\t\t}\n\t\t\t\t#gallery-4 .gallery-caption {\n\t\t\t\t\tmargin-left: 0;\n\t\t\t\t}\n\t\t\t\t\/* see gallery_shortcode() in wp-includes\/media.php *\/\n\t\t\t<\/style>\n\t\t<div id='gallery-4' class='dt-gallery-container gallery galleryid-365060 gallery-columns-1 gallery-size-medium'><dl class='gallery-item'>\n\t\t\t\t<dt class='gallery-icon landscape'>\n\t\t\t\t\t<a class=\"rollover rollover-zoom dt-pswp-item\" title=\"236ac0f1-e575-4262-aba9-91bfabfd9550\" data-dt-img-description=\"\" data-large_image_width=\"1600\" data-large_image_height=\"1200\"href='https:\/\/www.radiopiu.net\/wordpress\/wp-content\/uploads\/2023\/12\/236ac0f1-e575-4262-aba9-91bfabfd9550.jpg'><img loading=\"lazy\" decoding=\"async\" width=\"300\" height=\"225\" src=\"https:\/\/www.radiopiu.net\/wordpress\/wp-content\/uploads\/2023\/12\/236ac0f1-e575-4262-aba9-91bfabfd9550-300x225.jpg\" class=\"attachment-medium size-medium\" alt=\"\" srcset=\"https:\/\/www.radiopiu.net\/wordpress\/wp-content\/uploads\/2023\/12\/236ac0f1-e575-4262-aba9-91bfabfd9550-300x225.jpg 300w, https:\/\/www.radiopiu.net\/wordpress\/wp-content\/uploads\/2023\/12\/236ac0f1-e575-4262-aba9-91bfabfd9550-1024x768.jpg 1024w, https:\/\/www.radiopiu.net\/wordpress\/wp-content\/uploads\/2023\/12\/236ac0f1-e575-4262-aba9-91bfabfd9550-768x576.jpg 768w, https:\/\/www.radiopiu.net\/wordpress\/wp-content\/uploads\/2023\/12\/236ac0f1-e575-4262-aba9-91bfabfd9550-1536x1152.jpg 1536w, https:\/\/www.radiopiu.net\/wordpress\/wp-content\/uploads\/2023\/12\/236ac0f1-e575-4262-aba9-91bfabfd9550.jpg 1600w\" sizes=\"auto, (max-width: 300px) 100vw, 300px\" \/><\/a>\n\t\t\t\t<\/dt><\/dl><br style=\"clear: both\" \/>\n\t\t\t<\/div>\n\n<p>&nbsp;<\/p>\n<hr \/>\n<p>&nbsp;<\/p>\n<blockquote>\n<h1><span style=\"color: #ff0000;\">i podcast informativi del mattino &#8211; audio &#8211;\u00a0<\/span><\/h1>\n<\/blockquote>\n<p><strong><a class=\"dt-pswp-item\" href=\"https:\/\/www.radiopiu.net\/wordpress\/wp-content\/uploads\/2023\/11\/th-10.jpg\" data-dt-img-description=\"\" data-large_image_width=\"320\" data-large_image_height=\"180\"><img loading=\"lazy\" decoding=\"async\" class=\"wp-image-362866 alignleft\" src=\"https:\/\/www.radiopiu.net\/wordpress\/wp-content\/uploads\/2023\/11\/th-10-300x169.jpg\" alt=\"\" width=\"185\" height=\"104\" srcset=\"https:\/\/www.radiopiu.net\/wordpress\/wp-content\/uploads\/2023\/11\/th-10-300x169.jpg 300w, https:\/\/www.radiopiu.net\/wordpress\/wp-content\/uploads\/2023\/11\/th-10.jpg 320w\" sizes=\"auto, (max-width: 185px) 100vw, 185px\" \/><\/a>LA RASSEGNA STAMPA NAZIONALE ALLA RADIO, OGNI GIORNO ALLE 5 E ALLE 6 DEL MATTINO <span style=\"color: #0000ff;\">viene pubblicata alle 6.00 <span style=\"color: #ff0000;\">DIRETTA RADIO<\/span><\/span><\/strong><\/p>\n<p><strong>di\u00a0 Paolo Franza.<\/strong><br \/>\nIn primo piano i giornali ci parlano di sport con l&#8217;incontro di ieri tra Juventus e Napoli,<br \/>\nma anche la donna uccisa in Liguria, la guerra estera e ancora altre notizie di cronaca<br \/>\nJuventus Napoli, decide il gol di gatti in bianconeri, tornano primi classifica con il finale di una zero la squadra di allegri, sorpassa di nuovo l&#8217;inter. \u00a0Liguria, La Spezia donna uccisa in albergo fermato il marito che confessa, volevamo morire insieme il mistero degli unici giorni di silenzio.\u00a0 Il racconto di Maria, segregata e violentata per due anni in un maneggio a Roma, mi spegnevano le sigarette sulle gambe. La giovane originaria della Germania racconta il suo incubo. Le indagini, Turetta e quei cinque, incontri con lo psicologo prima del delitto<\/p>\n<audio class=\"wp-audio-shortcode\" id=\"audio-365060-1\" preload=\"none\" style=\"width: 100%;\" controls=\"controls\"><source type=\"audio\/mpeg\" src=\"https:\/\/www.radiopiu.net\/wordpress\/wp-content\/uploads\/2023\/12\/GIORNALEDELLESEI-6.mp3?_=1\" \/><a href=\"https:\/\/www.radiopiu.net\/wordpress\/wp-content\/uploads\/2023\/12\/GIORNALEDELLESEI-6.mp3\">https:\/\/www.radiopiu.net\/wordpress\/wp-content\/uploads\/2023\/12\/GIORNALEDELLESEI-6.mp3<\/a><\/audio>\n<p>&nbsp;<\/p>\n<p>&nbsp;<\/p>\n<p><strong><a class=\"dt-pswp-item\" href=\"https:\/\/www.radiopiu.net\/wordpress\/wp-content\/uploads\/2021\/07\/microfono-radio-ok-768x448-768x448-1.jpg\" data-dt-img-description=\"\" data-large_image_width=\"768\" data-large_image_height=\"448\"><img loading=\"lazy\" decoding=\"async\" class=\"wp-image-220632 alignleft\" src=\"https:\/\/www.radiopiu.net\/wordpress\/wp-content\/uploads\/2021\/07\/microfono-radio-ok-768x448-768x448-1-300x175.jpg\" alt=\"\" width=\"178\" height=\"104\" srcset=\"https:\/\/www.radiopiu.net\/wordpress\/wp-content\/uploads\/2021\/07\/microfono-radio-ok-768x448-768x448-1-300x175.jpg 300w, https:\/\/www.radiopiu.net\/wordpress\/wp-content\/uploads\/2021\/07\/microfono-radio-ok-768x448-768x448-1.jpg 768w\" sizes=\"auto, (max-width: 178px) 100vw, 178px\" \/><\/a>GIORNALE RADIO NAZIONALE, EDIZIONE DELLE SETTE <span style=\"color: #0000ff;\">viene pubblicato alle 7.05 <span style=\"color: #ff0000;\">DIRETTA RADIO<\/span><\/span><\/strong><\/p>\n<audio class=\"wp-audio-shortcode\" id=\"audio-365060-2\" preload=\"none\" style=\"width: 100%;\" controls=\"controls\"><source type=\"audio\/mpeg\" src=\"https:\/\/www.radiopiu.net\/wordpress\/wp-content\/uploads\/2023\/12\/giornale07-7.mp3?_=2\" \/><a href=\"https:\/\/www.radiopiu.net\/wordpress\/wp-content\/uploads\/2023\/12\/giornale07-7.mp3\">https:\/\/www.radiopiu.net\/wordpress\/wp-content\/uploads\/2023\/12\/giornale07-7.mp3<\/a><\/audio>\n<p>&nbsp;<\/p>\n<p>&nbsp;<\/p>\n<hr \/>\n<p>&nbsp;<\/p>\n<h2><strong>RASSEGNA STAMPA LOCALE, ORE OTTO <span style=\"color: #0000ff;\">viene pubblicata alle 8.05 <span style=\"color: #ff0000;\">DIRETTA RADIO<\/span><\/span><\/strong><\/h2>\n<p>&nbsp;<\/p>\n<p>&nbsp;<\/p>\n<p><iframe loading=\"lazy\" title=\"RASSEGNA STAMPA LOCALE\" width=\"1200\" height=\"675\" src=\"https:\/\/www.youtube.com\/embed\/UCEs8fiowg0?feature=oembed\" frameborder=\"0\" allow=\"accelerometer; autoplay; clipboard-write; encrypted-media; gyroscope; picture-in-picture; web-share\" allowfullscreen><\/iframe><\/p>\n<p>&nbsp;<\/p>\n<p>&nbsp;<\/p>\n<hr \/>\n<blockquote>\n<h3><\/h3>\n<p><a class=\"dt-pswp-item\" href=\"https:\/\/www.radiopiu.net\/wordpress\/wp-content\/uploads\/2023\/10\/34f4cfc6-e863-46e9-9695-8df44be63421.jpg\" data-dt-img-description=\"\" data-large_image_width=\"1200\" data-large_image_height=\"1200\"><img loading=\"lazy\" decoding=\"async\" class=\"wp-image-357393 alignleft\" src=\"https:\/\/www.radiopiu.net\/wordpress\/wp-content\/uploads\/2023\/10\/34f4cfc6-e863-46e9-9695-8df44be63421-300x300.jpg\" alt=\"\" width=\"81\" height=\"81\" srcset=\"https:\/\/www.radiopiu.net\/wordpress\/wp-content\/uploads\/2023\/10\/34f4cfc6-e863-46e9-9695-8df44be63421-300x300.jpg 300w, https:\/\/www.radiopiu.net\/wordpress\/wp-content\/uploads\/2023\/10\/34f4cfc6-e863-46e9-9695-8df44be63421-1024x1024.jpg 1024w, https:\/\/www.radiopiu.net\/wordpress\/wp-content\/uploads\/2023\/10\/34f4cfc6-e863-46e9-9695-8df44be63421-150x150.jpg 150w, https:\/\/www.radiopiu.net\/wordpress\/wp-content\/uploads\/2023\/10\/34f4cfc6-e863-46e9-9695-8df44be63421-768x768.jpg 768w, https:\/\/www.radiopiu.net\/wordpress\/wp-content\/uploads\/2023\/10\/34f4cfc6-e863-46e9-9695-8df44be63421.jpg 1200w\" sizes=\"auto, (max-width: 81px) 100vw, 81px\" \/><\/a>OGGI ALLA RADIO: <strong>ALLE 7<\/strong> LA RASSEGNA STAMPA LOCALE FLASH, PER CHI COME NOI ALLE SETTE DEL MATTINO VA DI FRETTA, TANTE NOTIZIE IN POCHE CHIACCHIERE. <strong>ALLE OTTO<\/strong> L&#8217;APPROFONDIMENTO NELLA STORICA RASSEGNA STAMPA LOCALE.\u00a0 DALLE 6 ALLE 21, OGNI ORA, L&#8217;INFORMAZIONE NAZIONALE, l&#8217;informazione locale, ALLE 10 flash. 11flash. 14 viabilit\u00e0. 15meteo. 16flash. 17flash. 18flash. 19 i titoli di Antenna 3<\/p>\n<p><b>10.30 E 1900\u00a0<\/b> la rassegna stampa da l&#8217;amico del popolo di GIANNI SANTOMASO <b>\u00a0ALLE 13.10<\/b> Matteo Cagnati presidente Sci Club Val Biois\u00a0 <b>16.30 <\/b>SPECIALE CALCIO marco gaz<\/p>\n<p>&nbsp;<\/p>\n<p>&nbsp;<\/p><\/blockquote>\n<hr \/>\n<blockquote>\n<blockquote>\n<h3><\/h3>\n<h3>ACQUA GSP: NON POTABILE A GOSALDO E LIVINALLONGO<\/h3>\n<\/blockquote>\n<p><strong>A GOSALDO<\/strong> Nelle localit\u00e0 LE FOCHE, LAMBROI, DENEORE, MAGAIT, REN, SELLE, COL TAMAI, BITTI, GIARDOI E PETTUINE\u00a0 a <strong>LIVINALLONGO DEL COL DI LANA<\/strong> nelle localit\u00e0\u00a0 BRENTA, AL FAURO, CREPAZ, RENAZ, RUAZ, PEZZEI, S. GIOVANNI, FOSSAL, SALESEI DI SOPRA, SALESEI DI SOTTO, PIAN DI SALESEI, SALESEI, SOTTOCREPA e FOPPA l\u2019acqua erogata dall\u2019acquedotto non \u00e8 potabile e pu\u00f2 essere usata per scopi alimentari SOLO PREVIA bollitura.<\/p>\n<p>&nbsp;<\/p>\n<p>&nbsp;<\/p><\/blockquote>\n<hr \/>\n<p>&nbsp;<\/p>\n<blockquote>\n<h2>Immacolata di intenso lavoro per la rete dell\u2019emergenza urgenza<\/h2>\n<\/blockquote>\n<div class=\"w-full text-token-text-primary\" data-testid=\"conversation-turn-7\">\n<div class=\"px-4 py-2 justify-center text-base md:gap-6 m-auto\">\n<div class=\"flex flex-1 text-base mx-auto gap-3 md:px-5 lg:px-1 xl:px-5 md:max-w-3xl lg:max-w-[40rem] xl:max-w-[48rem] } group final-completion\">\n<div class=\"relative flex w-full flex-col lg:w-[calc(100%-115px)] agent-turn\">\n<div class=\"flex-col gap-1 md:gap-3\">\n<div class=\"flex flex-grow flex-col max-w-full\">\n<div class=\"min-h-[20px] text-message flex flex-col items-start gap-3 whitespace-pre-wrap break-words [.text-message+&amp;]:mt-5 overflow-x-auto\" data-message-author-role=\"assistant\" data-message-id=\"c87df974-a35b-44a7-88bc-2ccd2a2e92a3\">\n<div class=\"markdown prose w-full break-words dark:prose-invert dark\">\n<p><a class=\"dt-pswp-item\" href=\"https:\/\/www.radiopiu.net\/wordpress\/wp-content\/uploads\/2023\/12\/PHOTO-2023-11-11-08-44-25.jpg\" data-dt-img-description=\"\" data-large_image_width=\"1080\" data-large_image_height=\"1070\"><img loading=\"lazy\" decoding=\"async\" class=\"size-medium wp-image-365181 alignleft\" src=\"https:\/\/www.radiopiu.net\/wordpress\/wp-content\/uploads\/2023\/12\/PHOTO-2023-11-11-08-44-25-300x297.jpg\" alt=\"\" width=\"300\" height=\"297\" srcset=\"https:\/\/www.radiopiu.net\/wordpress\/wp-content\/uploads\/2023\/12\/PHOTO-2023-11-11-08-44-25-300x297.jpg 300w, https:\/\/www.radiopiu.net\/wordpress\/wp-content\/uploads\/2023\/12\/PHOTO-2023-11-11-08-44-25-1024x1015.jpg 1024w, https:\/\/www.radiopiu.net\/wordpress\/wp-content\/uploads\/2023\/12\/PHOTO-2023-11-11-08-44-25-150x150.jpg 150w, https:\/\/www.radiopiu.net\/wordpress\/wp-content\/uploads\/2023\/12\/PHOTO-2023-11-11-08-44-25-768x761.jpg 768w, https:\/\/www.radiopiu.net\/wordpress\/wp-content\/uploads\/2023\/12\/PHOTO-2023-11-11-08-44-25.jpg 1080w\" sizes=\"auto, (max-width: 300px) 100vw, 300px\" \/><\/a>La giornata dell&#8217;Immacolata ha rappresentato un periodo di grande impegno per la rete dell&#8217;emergenza-urgenza dell&#8217;Ulss Dolomiti, che ha risposto con efficienza alle numerose richieste di intervento legate a incidenti stradali, traumi in pista e malori, spesso derivati dal consistente afflusso turistico in occasione del ponte dell&#8217;Immacolata.<\/p>\n<p><strong>Incidenti Stradali<\/strong><\/p>\n<p>Nel corso della giornata, sono stati registrati quattro incidenti stradali con feriti. Due di essi si sono verificati durante la mattinata a Santa Giustina, coinvolgendo complessivamente quattro persone, le quali sono state successivamente trattate all&#8217;ospedale di Feltre per patologie di lieve entit\u00e0. Altri due incidenti si sono verificati a Vodo di Cadore. Nel tragico incidente delle 10:15 a Vodo, una donna del 1952, residente in provincia di Belluno, ha perso la vita. Altri quattro individui sono rimasti feriti, tra cui un minore elitrasportato all&#8217;ospedale di Belluno, una donna di 42 anni elitrasportata all&#8217;ospedale di Belluno con traumi e successivamente dimessa, un uomo di 40 anni curato al pronto soccorso di Pieve per una frattura in fase di dimissione, e un uomo di 34 anni centralizzato in ambulanza all&#8217;ospedale di Belluno, in osservazione al pronto soccorso senza criticit\u00e0.<\/p>\n<p>Alle 14:30, la Centrale SUEM di Pieve di Cadore \u00e8 stata allertata per un secondo incidente a Vodo con una persona ferita, curata per traumi minori al pronto soccorso di Pieve.<\/p>\n<p><strong>Traumi in Pista<\/strong><\/p>\n<p>I soccorsi in pista per traumi da sci, gestiti in collaborazione con le Forze dell\u2019Ordine e le ambulanze aggiuntive, sono stati al numero di 16, di cui 8 nel comprensorio di Cortina (con 2 elitrasportati a Belluno), 6 nel comprensorio di Arabba (con 1 elitrasportato a Belluno) e 2 nel comprensorio di Falcade.<\/p>\n<p><strong>Accessi ai Pronto Soccorsi<\/strong><\/p>\n<p>Gli accessi ai Pronti Soccorso di Belluno, Feltre, Pieve e Agordo sono rimasti nella media stagionale, con la prevalenza di traumi minori da sci. Tuttavia, l&#8217;impatto maggiore \u00e8 stato causato dagli incidenti stradali, gestiti con fluidit\u00e0 nonostante la complessit\u00e0 della situazione. La prontezza e la professionalit\u00e0 del personale della rete dell&#8217;emergenza-urgenza hanno contribuito a garantire un pronto e adeguato soccorso in tutte le situazioni.<\/p>\n<\/div>\n<\/div>\n<\/div>\n<\/div>\n<\/div>\n<\/div>\n<\/div>\n<\/div>\n<div class=\"flex gap-1\">\n<hr \/>\n<hr \/>\n<hr \/>\n<hr \/>\n<hr \/>\n<hr \/>\n<hr \/>\n<hr \/>\n<hr \/>\n<hr \/>\n<hr \/>\n<hr \/>\n<hr \/>\n<hr \/>\n<hr \/>\n<hr \/>\n<hr \/>\n<hr \/>\n<hr \/>\n<hr \/>\n<hr \/>\n<hr \/>\n<hr \/>\n<hr \/>\n<hr \/>\n<hr \/>\n<hr \/>\n<hr \/>\n<hr \/>\n<hr \/>\n<hr \/>\n<hr \/>\n<hr \/>\n<hr \/>\n<hr \/>\n<hr \/>\n<hr \/>\n<hr \/>\n<hr \/>\n<hr \/>\n<hr \/>\n<hr \/>\n<hr \/>\n<hr \/>\n<hr \/>\n<hr \/>\n<hr \/>\n<hr \/>\n<hr \/>\n<\/div>\n<div><\/div>\n<div>\n<hr \/>\n<\/div>\n<div><\/div>\n<div><\/div>\n<div><\/div>\n<div><\/div>\n<blockquote>\n<h3>INCIDENTE MORTALE A CORTINA, VITTIMA UNA DONNA, FERITI DUE BAMBINI<\/h3>\n<\/blockquote>\n<p>&nbsp;<\/p>\n<p><strong><em><a class=\"dt-pswp-item\" href=\"https:\/\/www.radiopiu.net\/wordpress\/wp-content\/uploads\/2023\/12\/Senza-nome-36.png\" data-dt-img-description=\"\" data-large_image_width=\"312\" data-large_image_height=\"287\"><img loading=\"lazy\" decoding=\"async\" class=\"wp-image-365201 alignleft\" src=\"https:\/\/www.radiopiu.net\/wordpress\/wp-content\/uploads\/2023\/12\/Senza-nome-36-300x276.png\" alt=\"\" width=\"195\" height=\"179\" srcset=\"https:\/\/www.radiopiu.net\/wordpress\/wp-content\/uploads\/2023\/12\/Senza-nome-36-300x276.png 300w, https:\/\/www.radiopiu.net\/wordpress\/wp-content\/uploads\/2023\/12\/Senza-nome-36.png 312w\" sizes=\"auto, (max-width: 195px) 100vw, 195px\" \/><\/a><\/em>VODO DI CADORE <\/strong><em>Alle 10:40 di ieri mattina,\u00a0 il grave incidente lungo la statale Alemagna. I vigili del fuoco sono stati chiamati d&#8217;urgenza per intervenire su uno scontro frontale tra un&#8217;auto, una mini che viaggiava in direzione di Cortina,\u00a0 e un camper, che ha causato la morte di una donna, Imelda Pordon di 71 anni albergatrice di San Vito di Cadore (foto),\u00a0 e ferito gravemente altre cinque persone, tra cui due bambini. Alla guida della mini che ha impattato con il camper il nipote di Imelda, Matteo Pordon\u00a0 di 39 anni (non \u00e8 in pricolo di vita). Le altre persone ferite sono F.P., alla guida del camper, la moglie L.C. e i due bambini. <\/em><em>Le squadre di soccorso, provenienti dai distaccamenti di Pieve di Cadore e dai volontari di Borca, sono immediatamente giunte sul luogo dell&#8217;incidente per mettere in sicurezza i veicoli coinvolti e prestare i primi soccorsi. Purtroppo, nonostante gli sforzi dei soccorritori, il medico del Suem ha dovuto constatare il decesso della donna che viaggiava a bordo dell&#8217;auto coinvolta nell&#8217;incidente. <\/em><em>L&#8217;uomo che si trovava con la vittima \u00e8 stato ferito e trasportato d&#8217;urgenza in ospedale. Anche i membri di una famiglia a bordo del camper hanno riportato ferite, inclusi due bambini, la mamma e il pap\u00e0. Tutti i feriti sono stati stabilizzati sul posto dai sanitari e successivamente trasferiti in ospedale tramite due ambulanze e l&#8217;elicottero del 118. <\/em><em>La statale Alemagna \u00e8 rimasta chiusa al traffico per consentire l&#8217;intervento tempestivo dei soccorsi e l&#8217;esecuzione dei rilievi da parte dei carabinieri, che stanno indagando per ricostruire la dinamica dell&#8217;incidente.\u00a0<\/em><\/p>\n<div class=\"flex-1 overflow-hidden\">\n<div class=\"react-scroll-to-bottom--css-waqov-79elbk h-full\">\n<div class=\"react-scroll-to-bottom--css-waqov-1n7m0yu\">\n<div class=\"flex flex-col pb-9 text-sm\">\n<div class=\"w-full text-token-text-primary\" data-testid=\"conversation-turn-3\">\n<div class=\"px-4 py-2 justify-center text-base md:gap-6 m-auto\">\n<div class=\"flex flex-1 text-base mx-auto gap-3 md:px-5 lg:px-1 xl:px-5 md:max-w-3xl lg:max-w-[40rem] xl:max-w-[48rem] } group final-completion\">\n<div class=\"relative flex w-full flex-col lg:w-[calc(100%-115px)] agent-turn\">\n<div class=\"flex-col gap-1 md:gap-3\">\n<div class=\"mt-1 flex justify-start gap-3 empty:hidden\">\n<div class=\"text-gray-400 flex self-end lg:self-center justify-center lg:justify-start mt-0 gap-1 visible\">\n<p>&nbsp;<\/p>\n<\/div>\n<\/div>\n<\/div>\n<\/div>\n<\/div>\n<\/div>\n<\/div>\n<\/div>\n<\/div>\n<\/div>\n<\/div>\n<div class=\"w-full pt-2 md:pt-0 dark:border-white\/20 md:border-transparent md:dark:border-transparent md:w-[calc(100%-.5rem)]\">\n<form class=\"stretch mx-2 flex flex-row gap-3 last:mb-2 md:mx-4 md:last:mb-6 lg:mx-auto lg:max-w-2xl xl:max-w-3xl\">\n<div class=\"relative flex h-full flex-1 items-stretch md:flex-col\">\n<div class=\"flex w-full items-center\"><\/div>\n<\/div>\n<\/form>\n<\/div>\n\n\t\t\t<style type='text\/css'>\n\t\t\t\t#gallery-5 {\n\t\t\t\t\tmargin: auto;\n\t\t\t\t}\n\t\t\t\t#gallery-5 .gallery-item {\n\t\t\t\t\tfloat: left;\n\t\t\t\t\tmargin-top: 10px;\n\t\t\t\t\ttext-align: center;\n\t\t\t\t\twidth: 33%;\n\t\t\t\t}\n\t\t\t\t#gallery-5 img {\n\t\t\t\t\tborder: 2px solid #cfcfcf;\n\t\t\t\t}\n\t\t\t\t#gallery-5 .gallery-caption {\n\t\t\t\t\tmargin-left: 0;\n\t\t\t\t}\n\t\t\t\t\/* see gallery_shortcode() in wp-includes\/media.php *\/\n\t\t\t<\/style>\n\t\t<div id='gallery-5' class='dt-gallery-container gallery galleryid-365060 gallery-columns-3 gallery-size-thumbnail'><dl class='gallery-item'>\n\t\t\t\t<dt class='gallery-icon landscape'>\n\t\t\t\t\t<a class=\"rollover rollover-zoom dt-pswp-item\" title=\"0cd0c97b-f888-4109-bbdb-b130b363afbd\" data-dt-img-description=\"\" data-large_image_width=\"960\" data-large_image_height=\"680\"href='https:\/\/www.radiopiu.net\/wordpress\/wp-content\/uploads\/2023\/12\/0cd0c97b-f888-4109-bbdb-b130b363afbd.jpg'><img loading=\"lazy\" decoding=\"async\" width=\"150\" height=\"150\" src=\"https:\/\/www.radiopiu.net\/wordpress\/wp-content\/uploads\/2023\/12\/0cd0c97b-f888-4109-bbdb-b130b363afbd-150x150.jpg\" class=\"attachment-thumbnail size-thumbnail\" alt=\"\" \/><\/a>\n\t\t\t\t<\/dt><\/dl><dl class='gallery-item'>\n\t\t\t\t<dt class='gallery-icon landscape'>\n\t\t\t\t\t<a class=\"rollover rollover-zoom dt-pswp-item\" title=\"ca34538a-0340-4be5-b540-d8e35aa6232d\" data-dt-img-description=\"\" data-large_image_width=\"960\" data-large_image_height=\"540\"href='https:\/\/www.radiopiu.net\/wordpress\/wp-content\/uploads\/2023\/12\/ca34538a-0340-4be5-b540-d8e35aa6232d.jpg'><img loading=\"lazy\" decoding=\"async\" width=\"150\" height=\"150\" src=\"https:\/\/www.radiopiu.net\/wordpress\/wp-content\/uploads\/2023\/12\/ca34538a-0340-4be5-b540-d8e35aa6232d-150x150.jpg\" class=\"attachment-thumbnail size-thumbnail\" alt=\"\" \/><\/a>\n\t\t\t\t<\/dt><\/dl><dl class='gallery-item'>\n\t\t\t\t<dt class='gallery-icon landscape'>\n\t\t\t\t\t<a class=\"rollover rollover-zoom dt-pswp-item\" title=\"ffb8d42e-621c-4739-9331-0610be55c544\" data-dt-img-description=\"\" data-large_image_width=\"960\" data-large_image_height=\"652\"href='https:\/\/www.radiopiu.net\/wordpress\/wp-content\/uploads\/2023\/12\/ffb8d42e-621c-4739-9331-0610be55c544.jpg'><img loading=\"lazy\" decoding=\"async\" width=\"150\" height=\"150\" src=\"https:\/\/www.radiopiu.net\/wordpress\/wp-content\/uploads\/2023\/12\/ffb8d42e-621c-4739-9331-0610be55c544-150x150.jpg\" class=\"attachment-thumbnail size-thumbnail\" alt=\"\" \/><\/a>\n\t\t\t\t<\/dt><\/dl><br style=\"clear: both\" \/>\n\t\t\t<\/div>\n\n<p>&nbsp;<\/p>\n<hr \/>\n<p>&nbsp;<\/p>\n<p>&nbsp;<\/p>\n<blockquote>\n<h2>Incidente a Santa Giustina: Scontro tra Due Auto Lungo la SS 50, un Ferito<\/h2>\n<\/blockquote>\n<p><strong>SANTA\u00a0 GIUSTINA<\/strong> Poco dopo le 9:30, ieri, un incidente stradale ha coinvolto due veicoli lungo la SS 50 in via Trevigiana, nella localit\u00e0 di Volpere. I vigili del fuoco sono intervenuti prontamente per gestire la situazione,\u00a0 una persona \u00e8 rimasta ferita nell&#8217;incidente. Le squadre di soccorso, provenienti dal distaccamento di Feltre, hanno lavorato per mettere in sicurezza le auto coinvolte, mentre il personale sanitario del Suem ha prestato assistenza al conducente ferito. Nel frattempo, le forze dell&#8217;ordine, compresi carabinieri e polizia, hanno deviato il traffico e eseguito i rilievi del sinistro per determinare la dinamica dell&#8217;incidente. Le operazioni di soccorso dei vigili del fuoco sono state concluse dopo circa un&#8217;ora, riaprendo la strada al traffico regolare.<\/p>\n<p>&nbsp;<\/p>\n\n\t\t\t<style type='text\/css'>\n\t\t\t\t#gallery-6 {\n\t\t\t\t\tmargin: auto;\n\t\t\t\t}\n\t\t\t\t#gallery-6 .gallery-item {\n\t\t\t\t\tfloat: left;\n\t\t\t\t\tmargin-top: 10px;\n\t\t\t\t\ttext-align: center;\n\t\t\t\t\twidth: 33%;\n\t\t\t\t}\n\t\t\t\t#gallery-6 img {\n\t\t\t\t\tborder: 2px solid #cfcfcf;\n\t\t\t\t}\n\t\t\t\t#gallery-6 .gallery-caption {\n\t\t\t\t\tmargin-left: 0;\n\t\t\t\t}\n\t\t\t\t\/* see gallery_shortcode() in wp-includes\/media.php *\/\n\t\t\t<\/style>\n\t\t<div id='gallery-6' class='dt-gallery-container gallery galleryid-365060 gallery-columns-3 gallery-size-thumbnail'><dl class='gallery-item'>\n\t\t\t\t<dt class='gallery-icon landscape'>\n\t\t\t\t\t<a class=\"rollover rollover-zoom dt-pswp-item\" title=\"734bd41f-b1f2-48f3-84a7-5e7fd3df8672\" data-dt-img-description=\"\" data-large_image_width=\"1280\" data-large_image_height=\"960\"href='https:\/\/www.radiopiu.net\/wordpress\/wp-content\/uploads\/2023\/12\/734bd41f-b1f2-48f3-84a7-5e7fd3df8672.jpg'><img loading=\"lazy\" decoding=\"async\" width=\"150\" height=\"150\" src=\"https:\/\/www.radiopiu.net\/wordpress\/wp-content\/uploads\/2023\/12\/734bd41f-b1f2-48f3-84a7-5e7fd3df8672-150x150.jpg\" class=\"attachment-thumbnail size-thumbnail\" alt=\"\" \/><\/a>\n\t\t\t\t<\/dt><\/dl><dl class='gallery-item'>\n\t\t\t\t<dt class='gallery-icon landscape'>\n\t\t\t\t\t<a class=\"rollover rollover-zoom dt-pswp-item\" title=\"6cbe3187-b537-413b-96d3-6ecc1215ad16\" data-dt-img-description=\"\" data-large_image_width=\"1280\" data-large_image_height=\"961\"href='https:\/\/www.radiopiu.net\/wordpress\/wp-content\/uploads\/2023\/12\/6cbe3187-b537-413b-96d3-6ecc1215ad16.jpg'><img loading=\"lazy\" decoding=\"async\" width=\"150\" height=\"150\" src=\"https:\/\/www.radiopiu.net\/wordpress\/wp-content\/uploads\/2023\/12\/6cbe3187-b537-413b-96d3-6ecc1215ad16-150x150.jpg\" class=\"attachment-thumbnail size-thumbnail\" alt=\"\" \/><\/a>\n\t\t\t\t<\/dt><\/dl><dl class='gallery-item'>\n\t\t\t\t<dt class='gallery-icon landscape'>\n\t\t\t\t\t<a class=\"rollover rollover-zoom dt-pswp-item\" title=\"7ad58698-1d8d-4975-b7a1-e0c49d2fb98c\" data-dt-img-description=\"\" data-large_image_width=\"961\" data-large_image_height=\"728\"href='https:\/\/www.radiopiu.net\/wordpress\/wp-content\/uploads\/2023\/12\/7ad58698-1d8d-4975-b7a1-e0c49d2fb98c.jpg'><img loading=\"lazy\" decoding=\"async\" width=\"150\" height=\"150\" src=\"https:\/\/www.radiopiu.net\/wordpress\/wp-content\/uploads\/2023\/12\/7ad58698-1d8d-4975-b7a1-e0c49d2fb98c-150x150.jpg\" class=\"attachment-thumbnail size-thumbnail\" alt=\"\" \/><\/a>\n\t\t\t\t<\/dt><\/dl><br style=\"clear: both\" \/>\n\t\t\t<\/div>\n\n<p>&nbsp;<\/p>\n<hr \/>\n<blockquote><p>&nbsp;<\/p>\n<h2>CADE UNA PIANTA, IN FIAMME UN CASSONETTO DELLA CARTA<\/h2>\n<\/blockquote>\n<p><strong>BELLUNO <\/strong>Alle 9.30, di venerd\u00ec, i vigili del fuoco della centrale sono intervenuti in localit\u00e0 Tisoi in via San Simon a Belluno per una pianta finita sulla strada: nessuna persona \u00e8 rimasta ferita. Il personale della squadra ha provveduto a liberare al strada ripristinando la viabilit\u00e0. Sul posto il personale del comune per la rimozione completa della pianta. A mezzogiorno altro intervento per i vigili del fuoco della centrale per l\u2019incendio del cassonetto della raccolta della carta posto in Via Vittorio Veneto a Belluno. I pompieri accorsi con un\u2019autopompa, hanno prontamente spento con la schiuma le fiamme, evitando il coinvolgimento del vicino cassonetto della plastica. Le cause delle fiamme sono al vaglio della squadra intervenuta.<\/p>\n\n\t\t\t<style type='text\/css'>\n\t\t\t\t#gallery-7 {\n\t\t\t\t\tmargin: auto;\n\t\t\t\t}\n\t\t\t\t#gallery-7 .gallery-item {\n\t\t\t\t\tfloat: left;\n\t\t\t\t\tmargin-top: 10px;\n\t\t\t\t\ttext-align: center;\n\t\t\t\t\twidth: 25%;\n\t\t\t\t}\n\t\t\t\t#gallery-7 img {\n\t\t\t\t\tborder: 2px solid #cfcfcf;\n\t\t\t\t}\n\t\t\t\t#gallery-7 .gallery-caption {\n\t\t\t\t\tmargin-left: 0;\n\t\t\t\t}\n\t\t\t\t\/* see gallery_shortcode() in wp-includes\/media.php *\/\n\t\t\t<\/style>\n\t\t<div id='gallery-7' class='dt-gallery-container gallery galleryid-365060 gallery-columns-4 gallery-size-thumbnail'><dl class='gallery-item'>\n\t\t\t\t<dt class='gallery-icon landscape'>\n\t\t\t\t\t<a class=\"rollover\" href='https:\/\/www.radiopiu.net\/wordpress\/cade-una-pianta-in-fiamme-un-cassonetto-della-carta\/6427bb84-9ce5-44fe-a0eb-86d81951857f\/'><img loading=\"lazy\" decoding=\"async\" width=\"150\" height=\"150\" src=\"https:\/\/www.radiopiu.net\/wordpress\/wp-content\/uploads\/2023\/12\/6427bb84-9ce5-44fe-a0eb-86d81951857f-150x150.jpg\" class=\"attachment-thumbnail size-thumbnail\" alt=\"\" \/><\/a>\n\t\t\t\t<\/dt><\/dl><dl class='gallery-item'>\n\t\t\t\t<dt class='gallery-icon landscape'>\n\t\t\t\t\t<a class=\"rollover\" href='https:\/\/www.radiopiu.net\/wordpress\/cade-una-pianta-in-fiamme-un-cassonetto-della-carta\/1d532ccb-5266-4214-96f7-60db9452c636\/'><img loading=\"lazy\" decoding=\"async\" width=\"150\" height=\"150\" src=\"https:\/\/www.radiopiu.net\/wordpress\/wp-content\/uploads\/2023\/12\/1d532ccb-5266-4214-96f7-60db9452c636-150x150.jpg\" class=\"attachment-thumbnail size-thumbnail\" alt=\"\" \/><\/a>\n\t\t\t\t<\/dt><\/dl><dl class='gallery-item'>\n\t\t\t\t<dt class='gallery-icon landscape'>\n\t\t\t\t\t<a class=\"rollover\" href='https:\/\/www.radiopiu.net\/wordpress\/cade-una-pianta-in-fiamme-un-cassonetto-della-carta\/d5e6659f-c970-4a30-ad84-de78b5c2cd89\/'><img loading=\"lazy\" decoding=\"async\" width=\"150\" height=\"150\" src=\"https:\/\/www.radiopiu.net\/wordpress\/wp-content\/uploads\/2023\/12\/d5e6659f-c970-4a30-ad84-de78b5c2cd89-150x150.jpg\" class=\"attachment-thumbnail size-thumbnail\" alt=\"\" \/><\/a>\n\t\t\t\t<\/dt><\/dl><dl class='gallery-item'>\n\t\t\t\t<dt class='gallery-icon landscape'>\n\t\t\t\t\t<a class=\"rollover\" href='https:\/\/www.radiopiu.net\/wordpress\/cade-una-pianta-in-fiamme-un-cassonetto-della-carta\/ffc52abf-583b-4f02-8721-2287cdc165e6\/'><img loading=\"lazy\" decoding=\"async\" width=\"150\" height=\"150\" src=\"https:\/\/www.radiopiu.net\/wordpress\/wp-content\/uploads\/2023\/12\/ffc52abf-583b-4f02-8721-2287cdc165e6-150x150.jpg\" class=\"attachment-thumbnail size-thumbnail\" alt=\"\" \/><\/a>\n\t\t\t\t<\/dt><\/dl><br style=\"clear: both\" \/>\n\t\t\t<\/div>\n\n<p>&nbsp;<\/p>\n<hr \/>\n<p>&nbsp;<\/p>\n<blockquote>\n<h2>Ondata di Furti a Limana: Segnalazioni Numerose e un Furto Accertato<\/h2>\n<\/blockquote>\n<p><strong><img loading=\"lazy\" decoding=\"async\" class=\"alignleft\" src=\"https:\/\/www.radiopiu.net\/wordpress\/wp-content\/uploads\/2019\/11\/LIMANA.jpg\" width=\"290\" height=\"163\" \/>LIMANA<\/strong> La tranquillit\u00e0 della serata a Limana \u00e8 stata turbata da una serie di segnalazioni di furti, con almeno un caso accertato che ha destato preoccupazione nella comunit\u00e0. I primi allarmi sono giunti tra le 19 e le 20, concentrati soprattutto nella parte alta del comune, nelle zone di Coi e Navasa. Tuttavia, la situazione \u00e8 divenuta pi\u00f9 seria con la notizia di un furto confermato in pieno centro, precisamente in via Sandro Pertini, una strada aperta solo pochi anni fa e che collega via Baorche con via Roma. La zona lungo via Pertini \u00e8 caratterizzata principalmente da villette singole, ed \u00e8 proprio in una di queste, nella parte pi\u00f9 ovest del quartiere, che si \u00e8 verificato il furto. I carabinieri sono prontamente intervenuti sul luogo, rispondendo alle chiamate di emergenza che giungevano non solo dalla zona interessata ma anche da altre zone del territorio di Limana. Nella serata, l&#8217;amministrazione comunale ha preso posizione sui social, confermando ufficialmente il furto nel centro della citt\u00e0. La comunit\u00e0 \u00e8 stata sollecitata a segnalare tempestivamente al numero di emergenza 112 sia i furti subiti che qualsiasi movimento sospetto, prima di diffondere informazioni attraverso altri canali. L&#8217;amministrazione ha sottolineato l&#8217;importanza della tempestivit\u00e0 nelle segnalazioni, indicando come ci\u00f2 possa agevolare le indagini e talvolta contribuire a circoscrivere le aree coinvolte nei furti.<\/p>\n<p>&nbsp;<\/p>\n<hr \/>\n<blockquote><p>&nbsp;<\/p>\n<h1>Lotta alla Contraffazione &#8211; Risultati Anno 2022<\/h1>\n<\/blockquote>\n<p><strong><img loading=\"lazy\" decoding=\"async\" class=\"alignleft\" src=\"https:\/\/www.radiopiu.net\/wordpress\/wp-content\/uploads\/2021\/07\/2eb8f214-39a6-4e15-bd1e-539b9100c08b.jpg\" width=\"213\" height=\"142\" \/>BELLUNO<\/strong> Nell&#8217;ultimo anno, la Linea Diretta Anticontraffazione (LAC) ha gestito circa 2000 richieste di assistenza, fornendo supporto contro la violazione dei diritti di propriet\u00e0 industriale e promuovendo la tutela del &#8220;Made in Italy.&#8221; Le richieste provengono sia dai titolari di marchi, brevetti e design che dai consumatori, con un totale di 1450 richieste dai titolari e oltre 500 dai consumatori.\u00a0 Sono state trasmesse segnalazioni dettagliate al Gruppo Anticontraffazione e Sicurezza Prodotti della Guardia di Finanza. Sono state attivate operazioni internazionali per la tutela di marchi italiani. Tra i risultati del 2022, si evidenziano sequestri che riguardano oltre 36 milioni di prodotti contraffatti, oltre 20 milioni di articoli violanti le norme del &#8220;Made in Italy,&#8221; oltre 9 milioni di manufatti che violano il diritto d&#8217;autore e pi\u00f9 di 213 milioni di beni considerati non sicuri o non conformi alle regolamentazioni vigenti. Un&#8217;operazione internazionale congiunta denominata &#8220;Aphrodite&#8221; ha portato al sequestro di 9,5 milioni di unit\u00e0 di merci illegali e contraffatte, compresi cosmetici, profumi, abbigliamento, calzature, orologi e giocattoli di marchi noti.<\/p>\n<p>&nbsp;<\/p>\n<hr \/>\n<blockquote>\n<h3><strong>\u00a0<\/strong><\/h3>\n<h3><strong> Modifiche Legge Regionale per Piste da Sci: Sinergia Regione-Provincia salva la stagione<\/strong><\/h3>\n<\/blockquote>\n<p><strong><a class=\"dt-pswp-item\" href=\"https:\/\/www.radiopiu.net\/wordpress\/wp-content\/uploads\/2023\/11\/DARIO-SCOPEL.png\" data-dt-img-description=\"\" data-large_image_width=\"645\" data-large_image_height=\"410\"><img loading=\"lazy\" decoding=\"async\" class=\"wp-image-362294 alignleft\" src=\"https:\/\/www.radiopiu.net\/wordpress\/wp-content\/uploads\/2023\/11\/DARIO-SCOPEL-300x191.png\" alt=\"\" width=\"185\" height=\"118\" srcset=\"https:\/\/www.radiopiu.net\/wordpress\/wp-content\/uploads\/2023\/11\/DARIO-SCOPEL-300x191.png 300w, https:\/\/www.radiopiu.net\/wordpress\/wp-content\/uploads\/2023\/11\/DARIO-SCOPEL.png 645w\" sizes=\"auto, (max-width: 185px) 100vw, 185px\" \/><\/a>BELLUNO<\/strong> Recenti modifiche alla legge regionale 21\/2008 hanno scongiurato la chiusura imminente di alcune piste da sci nel cuore della stagione invernale. Il consigliere provinciale Dario Scopel, delegato ai trasporti e agli impianti a fune, evidenzia l&#8217;importanza di queste modifiche che introducono la servit\u00f9 coattiva in fase di esercizio pista, semplificando la disponibilit\u00e0 di terreni essenziali.<\/p>\n<p><strong>DARIO SCOPEL<\/strong><\/p>\n<audio class=\"wp-audio-shortcode\" id=\"audio-365060-3\" preload=\"none\" style=\"width: 100%;\" controls=\"controls\"><source type=\"audio\/mpeg\" src=\"https:\/\/www.radiopiu.net\/wordpress\/wp-content\/uploads\/2023\/12\/scopel.mp3?_=3\" \/><a href=\"https:\/\/www.radiopiu.net\/wordpress\/wp-content\/uploads\/2023\/12\/scopel.mp3\">https:\/\/www.radiopiu.net\/wordpress\/wp-content\/uploads\/2023\/12\/scopel.mp3<\/a><\/audio>\n<p>&nbsp;<\/p>\n<p>&nbsp;<\/p>\n<hr \/>\n<h3><\/h3>\n<blockquote>\n<h3><strong><a class=\"dt-pswp-item\" href=\"https:\/\/www.radiopiu.net\/wordpress\/wp-content\/uploads\/2023\/12\/Lavori_in_corso.jpg\" data-dt-img-description=\"\" data-large_image_width=\"1141\" data-large_image_height=\"624\"><img loading=\"lazy\" decoding=\"async\" class=\"wp-image-365061 alignleft\" src=\"https:\/\/www.radiopiu.net\/wordpress\/wp-content\/uploads\/2023\/12\/Lavori_in_corso-300x164.jpg\" alt=\"\" width=\"180\" height=\"98\" srcset=\"https:\/\/www.radiopiu.net\/wordpress\/wp-content\/uploads\/2023\/12\/Lavori_in_corso-300x164.jpg 300w, https:\/\/www.radiopiu.net\/wordpress\/wp-content\/uploads\/2023\/12\/Lavori_in_corso-1024x560.jpg 1024w, https:\/\/www.radiopiu.net\/wordpress\/wp-content\/uploads\/2023\/12\/Lavori_in_corso-768x420.jpg 768w, https:\/\/www.radiopiu.net\/wordpress\/wp-content\/uploads\/2023\/12\/Lavori_in_corso.jpg 1141w\" sizes=\"auto, (max-width: 180px) 100vw, 180px\" \/><\/a>Miglioramento Mobilit\u00e0 a Ponte nelle Alpi<\/strong><\/h3>\n<\/blockquote>\n<p><strong>PONTE NELLE ALPI<\/strong> Per i nuovi marciapiedi per migliorare la viabilit\u00e0 d&#8217;ingresso a nord il Comune ha messo in cantiere un\u00a0 intervento da 700mila euro finanziato dal Pnrr, con ulteriori 200mila euro per il primo stralcio. La fase attuale prevede la conclusione dei lavori, concentrati sui raccordi a destra verso la rotatoria di Cima i Pra, attraversamenti sicuri per la ciclo-pedonale Ponte nelle Alpi-Cadola e una passerella a sbalzo prima del cavalcavia ferroviario. Durante i lavori, \u00e8 istituito un senso unico alternato in viale Cadore nei giorni feriali dal 6 al 22 dicembre, dalle 8:30 alle 16:30, regolato da semafori o movieri.<\/p>\n<p>&nbsp;<\/p>\n<p>&nbsp;<\/p>\n<hr \/>\n<p>&nbsp;<\/p>\n<blockquote>\n<h3><a href=\"https:\/\/www.radiopiu.net\/wordpress\/wp-content\/uploads\/2023\/12\/pexels-photo-1590915.webp\"><img loading=\"lazy\" decoding=\"async\" class=\"wp-image-365062 alignleft\" src=\"https:\/\/www.radiopiu.net\/wordpress\/wp-content\/uploads\/2023\/12\/pexels-photo-1590915-300x200.webp\" alt=\"\" width=\"179\" height=\"119\" srcset=\"https:\/\/www.radiopiu.net\/wordpress\/wp-content\/uploads\/2023\/12\/pexels-photo-1590915-300x200.webp 300w, https:\/\/www.radiopiu.net\/wordpress\/wp-content\/uploads\/2023\/12\/pexels-photo-1590915.webp 400w\" sizes=\"auto, (max-width: 179px) 100vw, 179px\" \/><\/a>Campagna Arpav sulla qualit\u00e0 dell&#8217;aria in Alpago<\/h3>\n<\/blockquote>\n<p>Dal 28 novembre \u00e8 iniziata la seconda campagna sulla qualit\u00e0 dell\u2019aria programmata per quest\u2019anno. Con un mezzo mobile posizionato vicino al campo sportivo, Arpav monitora fino a met\u00e0 gennaio i parametri: polveri PM10, ozono, biossido di azoto, anidride solforosa, monossido di carbonio, benzene, toluene, xileni, idrocarburi policiclici aromatici.<\/p>\n<p>&nbsp;<\/p>\n<p>&nbsp;<\/p>\n<hr \/>\n<p>&nbsp;<\/p>\n<blockquote>\n<h3>DOTE SPORT: CONTRIBUTO EROGATO A TUTTI I RICHIEDENTI<\/h3>\n<\/blockquote>\n<p><strong>BELLUNO<\/strong> Positivi i dati per Dote Sport 2023: sono 119 le richieste valide (riportanti i criteri necessari all\u2019ammissione al contributo) arrivate quest\u2019anno dal territorio, a tutte sar\u00e0 dato riscontro positivo. Il fondo messo a disposizione, aumentato con l\u2019ultima variazione di bilancio, \u00e8 di 30 mila euro. \u201cSiamo soddisfatti di esser riusciti ad assicurare lo stesso contributo del passato, nonostante le difficolt\u00e0 note del bilancio \u2013 commenta il sindaco, Oscar De Pellegrin -. E\u2019 uno sforzo che abbiamo ritenuto doveroso, perch\u00e9 la pratica sportiva rivolta ai nostri ragazzi \u00e8 educazione, formazione e prevenzione. Crescere con i valori dello sport, dello spirito di squadra e della sana competizione assicura ai nostri figli solide basi per affrontare la vita\u201d.<\/p>\n<p><strong>L&#8217;ASSESSORE ALLO SPORT MONICA MAZZOCCOLI<\/strong><\/p>\n<p><iframe loading=\"lazy\" title=\"MONICA MAZZOCCOLI\" width=\"1200\" height=\"675\" src=\"https:\/\/www.youtube.com\/embed\/bhdFjd6ykhc?feature=oembed\" frameborder=\"0\" allow=\"accelerometer; autoplay; clipboard-write; encrypted-media; gyroscope; picture-in-picture; web-share\" allowfullscreen><\/iframe><\/p>\n<p>&nbsp;<\/p>\n<p>&nbsp;<\/p>\n<p>&nbsp;<\/p>\n<hr \/>\n<p>&nbsp;<\/p>\n<blockquote>\n<h3>Conclusi i Lavori di Adeguamento al Serbatoio di Gaidon a La Valle Agordina: Investimento di 110.000 Euro<\/h3>\n<\/blockquote>\n<p><strong>LA VALLE <\/strong>Recentemente sono stati portati a termine i lavori di adeguamento al serbatoio di Gaidon, situato a La Valle Agordina, con un investimento complessivo di 110.000 euro. L&#8217;intervento, gestito dall&#8217;impresa Sevis di Soraga di Fassa (TN), ha interessato una ristrutturazione completa dell&#8217;impianto, implementando migliorie quali l&#8217;impermeabilizzazione delle pareti, la sostituzione di tubazioni e valvole, l&#8217;installazione di dispositivi di misurazione, l&#8217;adozione di nuovi sistemi di disinfezione mediante lampade UV e il potenziamento del telecontrollo per il monitoraggio remoto. Attilio Sommavilla, presidente di Bim Gsp, sottolinea l&#8217;importanza di questa opera nel contesto del rinnovamento delle infrastrutture idriche nella provincia di Belluno.<\/p>\n\n\t\t\t<style type='text\/css'>\n\t\t\t\t#gallery-8 {\n\t\t\t\t\tmargin: auto;\n\t\t\t\t}\n\t\t\t\t#gallery-8 .gallery-item {\n\t\t\t\t\tfloat: left;\n\t\t\t\t\tmargin-top: 10px;\n\t\t\t\t\ttext-align: center;\n\t\t\t\t\twidth: 33%;\n\t\t\t\t}\n\t\t\t\t#gallery-8 img {\n\t\t\t\t\tborder: 2px solid #cfcfcf;\n\t\t\t\t}\n\t\t\t\t#gallery-8 .gallery-caption {\n\t\t\t\t\tmargin-left: 0;\n\t\t\t\t}\n\t\t\t\t\/* see gallery_shortcode() in wp-includes\/media.php *\/\n\t\t\t<\/style>\n\t\t<div id='gallery-8' class='dt-gallery-container gallery galleryid-365060 gallery-columns-3 gallery-size-thumbnail'><dl class='gallery-item'>\n\t\t\t\t<dt class='gallery-icon landscape'>\n\t\t\t\t\t<a class=\"rollover rollover-zoom dt-pswp-item\" title=\"1_serbatoio_Gaidon_esterno\" data-dt-img-description=\"\" data-large_image_width=\"709\" data-large_image_height=\"591\"href='https:\/\/www.radiopiu.net\/wordpress\/wp-content\/uploads\/2023\/12\/1_serbatoio_Gaidon_esterno.jpg'><img loading=\"lazy\" decoding=\"async\" width=\"150\" height=\"150\" src=\"https:\/\/www.radiopiu.net\/wordpress\/wp-content\/uploads\/2023\/12\/1_serbatoio_Gaidon_esterno-150x150.jpg\" class=\"attachment-thumbnail size-thumbnail\" alt=\"\" \/><\/a>\n\t\t\t\t<\/dt><\/dl><dl class='gallery-item'>\n\t\t\t\t<dt class='gallery-icon landscape'>\n\t\t\t\t\t<a class=\"rollover rollover-zoom dt-pswp-item\" title=\"2_debatterizzatore a raggi UV\" data-dt-img-description=\"\" data-large_image_width=\"709\" data-large_image_height=\"709\"href='https:\/\/www.radiopiu.net\/wordpress\/wp-content\/uploads\/2023\/12\/2_debatterizzatore-a-raggi-UV.jpg'><img loading=\"lazy\" decoding=\"async\" width=\"150\" height=\"150\" src=\"https:\/\/www.radiopiu.net\/wordpress\/wp-content\/uploads\/2023\/12\/2_debatterizzatore-a-raggi-UV-150x150.jpg\" class=\"attachment-thumbnail size-thumbnail\" alt=\"\" srcset=\"https:\/\/www.radiopiu.net\/wordpress\/wp-content\/uploads\/2023\/12\/2_debatterizzatore-a-raggi-UV-150x150.jpg 150w, https:\/\/www.radiopiu.net\/wordpress\/wp-content\/uploads\/2023\/12\/2_debatterizzatore-a-raggi-UV-300x300.jpg 300w, https:\/\/www.radiopiu.net\/wordpress\/wp-content\/uploads\/2023\/12\/2_debatterizzatore-a-raggi-UV.jpg 709w\" sizes=\"auto, (max-width: 150px) 100vw, 150px\" \/><\/a>\n\t\t\t\t<\/dt><\/dl><dl class='gallery-item'>\n\t\t\t\t<dt class='gallery-icon landscape'>\n\t\t\t\t\t<a class=\"rollover rollover-zoom dt-pswp-item\" title=\"3_nuove valvole e condotte interne\" data-dt-img-description=\"\" data-large_image_width=\"709\" data-large_image_height=\"709\"href='https:\/\/www.radiopiu.net\/wordpress\/wp-content\/uploads\/2023\/12\/3_nuove-valvole-e-condotte-interne.jpg'><img loading=\"lazy\" decoding=\"async\" width=\"150\" height=\"150\" src=\"https:\/\/www.radiopiu.net\/wordpress\/wp-content\/uploads\/2023\/12\/3_nuove-valvole-e-condotte-interne-150x150.jpg\" class=\"attachment-thumbnail size-thumbnail\" alt=\"\" srcset=\"https:\/\/www.radiopiu.net\/wordpress\/wp-content\/uploads\/2023\/12\/3_nuove-valvole-e-condotte-interne-150x150.jpg 150w, https:\/\/www.radiopiu.net\/wordpress\/wp-content\/uploads\/2023\/12\/3_nuove-valvole-e-condotte-interne-300x300.jpg 300w, https:\/\/www.radiopiu.net\/wordpress\/wp-content\/uploads\/2023\/12\/3_nuove-valvole-e-condotte-interne.jpg 709w\" sizes=\"auto, (max-width: 150px) 100vw, 150px\" \/><\/a>\n\t\t\t\t<\/dt><\/dl><br style=\"clear: both\" \/>\n\t\t\t<\/div>\n\n<p>&nbsp;<\/p>\n<hr \/>\n<p>&nbsp;<\/p>\n<p>&nbsp;<\/p>\n<blockquote>\n<h2>Risolto il Problema dell&#8217;Acqua per l&#8217;Innevamento al Nevegal: Squadra di Enti Coinvolti<\/h2>\n<\/blockquote>\n<p><strong><a class=\"dt-pswp-item\" href=\"https:\/\/www.radiopiu.net\/wordpress\/wp-content\/uploads\/2023\/12\/6c37cb28-e6db-416a-828c-344a91272b93.jpg\" data-dt-img-description=\"\" data-large_image_width=\"1600\" data-large_image_height=\"1200\"><img loading=\"lazy\" decoding=\"async\" class=\" wp-image-365089 alignleft\" src=\"https:\/\/www.radiopiu.net\/wordpress\/wp-content\/uploads\/2023\/12\/6c37cb28-e6db-416a-828c-344a91272b93-300x225.jpg\" alt=\"\" width=\"278\" height=\"208\" srcset=\"https:\/\/www.radiopiu.net\/wordpress\/wp-content\/uploads\/2023\/12\/6c37cb28-e6db-416a-828c-344a91272b93-300x225.jpg 300w, https:\/\/www.radiopiu.net\/wordpress\/wp-content\/uploads\/2023\/12\/6c37cb28-e6db-416a-828c-344a91272b93-1024x768.jpg 1024w, https:\/\/www.radiopiu.net\/wordpress\/wp-content\/uploads\/2023\/12\/6c37cb28-e6db-416a-828c-344a91272b93-768x576.jpg 768w, https:\/\/www.radiopiu.net\/wordpress\/wp-content\/uploads\/2023\/12\/6c37cb28-e6db-416a-828c-344a91272b93-1536x1152.jpg 1536w, https:\/\/www.radiopiu.net\/wordpress\/wp-content\/uploads\/2023\/12\/6c37cb28-e6db-416a-828c-344a91272b93.jpg 1600w\" sizes=\"auto, (max-width: 278px) 100vw, 278px\" \/><\/a>BELLUNO<\/strong> Dopo oltre vent&#8217;anni, \u00e8 stata risolta la questione della concessione idrica per l&#8217;innevamento al Nevegal, coinvolgendo il Comune di Belluno, Nevegal 2021, la Provincia di Belluno, Bim Gsp e l&#8217;Autorit\u00e0 di bacino. La concessione a tempo indeterminato del Pozzo dell&#8217;Anta numero 2 \u00e8 stata ottenuta grazie a un lavoro di squadra. Mentre il problema dell&#8217;acqua \u00e8 stato risolto, l&#8217;apertura della stagione invernale \u00e8 ancora vincolata alle condizioni meteorologiche. Nonostante ci\u00f2, Nevegal 2021 ha investito nelle manutenzioni, mirando a una rapida apertura. La firma del contratto di gestione degli impianti di risalita \u00e8 in attesa, ma la societ\u00e0 \u00e8 pronta per la stagione, puntando a essere competitiva nel settore famiglie e bambini.<\/p>\n<p>DI DANIELE DALVIT<\/p>\n<audio class=\"wp-audio-shortcode\" id=\"audio-365060-4\" preload=\"none\" style=\"width: 100%;\" controls=\"controls\"><source type=\"audio\/mpeg\" src=\"https:\/\/www.radiopiu.net\/wordpress\/wp-content\/uploads\/2023\/12\/Radio-Piu-Servizio-Risolto-problema-acqua-innevamento-Nevegal-1.mp3?_=4\" \/><a href=\"https:\/\/www.radiopiu.net\/wordpress\/wp-content\/uploads\/2023\/12\/Radio-Piu-Servizio-Risolto-problema-acqua-innevamento-Nevegal-1.mp3\">https:\/\/www.radiopiu.net\/wordpress\/wp-content\/uploads\/2023\/12\/Radio-Piu-Servizio-Risolto-problema-acqua-innevamento-Nevegal-1.mp3<\/a><\/audio>\n<p>&nbsp;<\/p>\n<hr \/>\n<p>&nbsp;<\/p>\n<p>&nbsp;<\/p>\n<blockquote>\n<h3>Contributi Differenziati per Studenti a Belluno e Bolzano: Incentivi del Comune di Livinallongo<\/h3>\n<\/blockquote>\n<p><strong><img loading=\"lazy\" decoding=\"async\" class=\"alignleft\" src=\"https:\/\/www.radiopiu.net\/wordpress\/wp-content\/uploads\/2021\/02\/View_from_Cimitre_Livinallongo_del_Col_di_Lana.jpg\" width=\"195\" height=\"146\" \/>LIVINALLONGO<\/strong> Il Comune di Livinallongo ha modificato i contributi per le famiglie con studenti delle scuole superiori e universit\u00e0, differenziando gli importi in base alla provincia di frequenza. Questo cambiamento \u00e8 stato motivato dalla disparit\u00e0 dei costi scolastici affrontati dalle famiglie che vivono in montagna rispetto a quelle in citt\u00e0.<\/p>\n<p><strong>di LORENZO SORATROI<\/strong><\/p>\n<audio class=\"wp-audio-shortcode\" id=\"audio-365060-5\" preload=\"none\" style=\"width: 100%;\" controls=\"controls\"><source type=\"audio\/mpeg\" src=\"https:\/\/www.radiopiu.net\/wordpress\/wp-content\/uploads\/2023\/12\/LORENZO-CONTRIUT.mp3?_=5\" \/><a href=\"https:\/\/www.radiopiu.net\/wordpress\/wp-content\/uploads\/2023\/12\/LORENZO-CONTRIUT.mp3\">https:\/\/www.radiopiu.net\/wordpress\/wp-content\/uploads\/2023\/12\/LORENZO-CONTRIUT.mp3<\/a><\/audio>\n<div class=\"articlePlainText\">\n<hr \/>\n<hr \/>\n<hr \/>\n<hr \/>\n<hr \/>\n<hr \/>\n<hr \/>\n<hr \/>\n<hr \/>\n<hr \/>\n<hr \/>\n<hr \/>\n<hr \/>\n<hr \/>\n<hr \/>\n<hr \/>\n<hr \/>\n<hr \/>\n<hr \/>\n<hr \/>\n<hr \/>\n<hr \/>\n<hr \/>\n<hr \/>\n<hr \/>\n<hr \/>\n<hr \/>\n<hr \/>\n<hr \/>\n<hr \/>\n<hr \/>\n<hr \/>\n<hr \/>\n<hr \/>\n<hr \/>\n<hr \/>\n<hr \/>\n<hr \/>\n<hr \/>\n<hr \/>\n<\/div>\n<blockquote>\n<h3 class=\"articlePlainText\">LUNEDI SERA IL CONSIGLIO COMUNALE<\/h3>\n<\/blockquote>\n<div class=\"articlePlainText\"><strong>LIVINALLONGO <\/strong>Convocato per luned\u00ec alle 18,30 il consiglio comunale di Livinallongo. Si discuter\u00e0 della fusione di Bim Infrastrutture in Bim Gsp, della variazione al bilancio per l&#8217;applicazione dell&#8217;avanzo e della nuova bozza di convenzione per la concessione di terreni comunali nella zona sciistica Arabba Portavescovo.<\/div>\n<div><\/div>\n<hr \/>\n<hr \/>\n<hr \/>\n<blockquote>\n<hr \/>\n<hr \/>\n<hr \/>\n<hr \/>\n<hr \/>\n<hr \/>\n<hr \/>\n<hr \/>\n<hr \/>\n<hr \/>\n<hr \/>\n<hr \/>\n<hr \/>\n<hr \/>\n<hr \/>\n<hr \/>\n<hr \/>\n<hr \/>\n<hr \/>\n<hr \/>\n<hr \/>\n<hr \/>\n<h3><strong> <a class=\"dt-pswp-item\" href=\"https:\/\/www.radiopiu.net\/wordpress\/wp-content\/uploads\/2023\/12\/volantino-raddoppio-isp-cortinabanca-per-poverta-a-casa-nostra_2023.jpg\" data-dt-img-description=\"\" data-large_image_width=\"509\" data-large_image_height=\"720\"><img loading=\"lazy\" decoding=\"async\" class=\"wp-image-365063 alignleft\" src=\"https:\/\/www.radiopiu.net\/wordpress\/wp-content\/uploads\/2023\/12\/volantino-raddoppio-isp-cortinabanca-per-poverta-a-casa-nostra_2023-212x300.jpg\" alt=\"\" width=\"151\" height=\"214\" srcset=\"https:\/\/www.radiopiu.net\/wordpress\/wp-content\/uploads\/2023\/12\/volantino-raddoppio-isp-cortinabanca-per-poverta-a-casa-nostra_2023-212x300.jpg 212w, https:\/\/www.radiopiu.net\/wordpress\/wp-content\/uploads\/2023\/12\/volantino-raddoppio-isp-cortinabanca-per-poverta-a-casa-nostra_2023.jpg 509w\" sizes=\"auto, (max-width: 151px) 100vw, 151px\" \/><\/a>Solidariet\u00e0 di CORTINABANCA e &#8220;Insieme si pu\u00f2&#8230;<\/strong><\/h3>\n<\/blockquote>\n<p><strong>CORTINA\u00a0<\/strong> In collaborazione con l&#8217;Associazione Gruppi &#8220;Insieme si pu\u00f2&#8230;&#8221;, CORTINABANCA rinnova la sua azione di solidariet\u00e0 nel mese di dicembre, sostenendo il progetto &#8220;La povert\u00e0 a casa nostra&#8221;. La collaborazione prevede un gesto doppio, in quanto l&#8217;istituto ampezzano raddoppier\u00e0 ogni bonifico ricevuto a favore del progetto. Il progetto mira a supportare le famiglie in difficolt\u00e0 socio-economica della provincia di Belluno, fornendo aiuto nei bisogni essenziali e promuovendo un progetto di vita che favorisca l&#8217;autosostentamento. L&#8217;azione solidale comprende interventi su diverse situazioni problematiche, quali precariet\u00e0 lavorativa, difficolt\u00e0 abitative, problemi di salute, e altre emergenze. Chiunque desideri contribuire al progetto pu\u00f2 effettuare un bonifico per l&#8217;Associazione Gruppi Insieme si pu\u00f2.<\/p>\n<div class=\"w-full pt-2 md:pt-0 dark:border-white\/20 md:border-transparent md:dark:border-transparent md:w-[calc(100%-.5rem)]\">\n<form class=\"stretch mx-2 flex flex-row gap-3 last:mb-2 md:mx-4 md:last:mb-6 lg:mx-auto lg:max-w-2xl xl:max-w-3xl\">\n<div class=\"relative flex h-full flex-1 items-stretch md:flex-col\">\n<div class=\"flex w-full items-center\"><\/div>\n<div><\/div>\n<div>\n<hr \/>\n<\/div>\n<div><\/div>\n<blockquote>\n<h3>\u00a0GLI ALBERI DI NATALE DEL BELLUNESE NELLA CAPITALE, ANCHE AL QUIRINALE<\/h3>\n<p>&nbsp;<\/p>\n<blockquote>\n<h3>DALLA RASSEGNA STAMPA DELLE OTTO DEL MATTINO, OSPITE PIERANTONIO ZANCHETTA<\/h3>\n<\/blockquote>\n<audio class=\"wp-audio-shortcode\" id=\"audio-365060-6\" preload=\"none\" style=\"width: 100%;\" controls=\"controls\"><source type=\"audio\/mpeg\" src=\"https:\/\/www.radiopiu.net\/wordpress\/wp-content\/uploads\/2023\/12\/pierantonio-zancheta.mp3?_=6\" \/><a href=\"https:\/\/www.radiopiu.net\/wordpress\/wp-content\/uploads\/2023\/12\/pierantonio-zancheta.mp3\">https:\/\/www.radiopiu.net\/wordpress\/wp-content\/uploads\/2023\/12\/pierantonio-zancheta.mp3<\/a><\/audio>\n<p>&nbsp;<\/p>\n<p>&nbsp;<\/p>\n<p><strong>PIERANTONIO ZANCHETTA DOTTORE FORESTALE\u00a0<\/strong><\/p>\n<div style=\"width: 848px;\" class=\"wp-video\"><video class=\"wp-video-shortcode\" id=\"video-365060-1\" width=\"848\" height=\"480\" preload=\"metadata\" controls=\"controls\"><source type=\"video\/mp4\" src=\"https:\/\/www.radiopiu.net\/wordpress\/wp-content\/uploads\/2023\/12\/ZANCHETTA.mp4?_=1\" \/><a href=\"https:\/\/www.radiopiu.net\/wordpress\/wp-content\/uploads\/2023\/12\/ZANCHETTA.mp4\">https:\/\/www.radiopiu.net\/wordpress\/wp-content\/uploads\/2023\/12\/ZANCHETTA.mp4<\/a><\/video><\/div>\n<p>&nbsp;<\/p>\n<p>&nbsp;<\/p>\n<blockquote>\n<h3>DALLA RASSEGNA STAMPA DELLE OTTO DEL MATTINO, OSPITE PIERANTONIO ZANCHETTA<\/h3>\n<\/blockquote>\n<p>&nbsp;<\/p>\n<p>&nbsp;<\/p>\n<p>&nbsp;<\/p>\n<p>&nbsp;<\/p><\/blockquote>\n<div>\n\n\t\t\t<style type='text\/css'>\n\t\t\t\t#gallery-9 {\n\t\t\t\t\tmargin: auto;\n\t\t\t\t}\n\t\t\t\t#gallery-9 .gallery-item {\n\t\t\t\t\tfloat: left;\n\t\t\t\t\tmargin-top: 10px;\n\t\t\t\t\ttext-align: center;\n\t\t\t\t\twidth: 100%;\n\t\t\t\t}\n\t\t\t\t#gallery-9 img {\n\t\t\t\t\tborder: 2px solid #cfcfcf;\n\t\t\t\t}\n\t\t\t\t#gallery-9 .gallery-caption {\n\t\t\t\t\tmargin-left: 0;\n\t\t\t\t}\n\t\t\t\t\/* see gallery_shortcode() in wp-includes\/media.php *\/\n\t\t\t<\/style>\n\t\t<div id='gallery-9' class='dt-gallery-container gallery galleryid-365060 gallery-columns-1 gallery-size-thumbnail'><dl class='gallery-item'>\n\t\t\t\t<dt class='gallery-icon portrait'>\n\t\t\t\t\t<a class=\"rollover rollover-zoom dt-pswp-item\" title=\"dbdb0275-cccd-4f20-95eb-2accc4a3c9fe\" data-dt-img-description=\"\" data-large_image_width=\"1058\" data-large_image_height=\"1442\"href='https:\/\/www.radiopiu.net\/wordpress\/wp-content\/uploads\/2023\/12\/dbdb0275-cccd-4f20-95eb-2accc4a3c9fe.jpg'><img loading=\"lazy\" decoding=\"async\" width=\"150\" height=\"150\" src=\"https:\/\/www.radiopiu.net\/wordpress\/wp-content\/uploads\/2023\/12\/dbdb0275-cccd-4f20-95eb-2accc4a3c9fe-150x150.jpg\" class=\"attachment-thumbnail size-thumbnail\" alt=\"\" aria-describedby=\"gallery-9-365117\" \/><\/a>\n\t\t\t\t<\/dt>\n\t\t\t\t\t<dd class='wp-caption-text gallery-caption' id='gallery-9-365117'>\n\t\t\t\t\tAlbero allestito presso la tenuta presidenziale di Castel Porziano, presso la quale la delegazione bellunese \u00e8 stata gentilmente ospitata  per poter effettuare le operazioni di consegna e allestimento degli alberi di Natale Natale presso le prestigiose sedi di Roma.\n\t\t\t\t\t<\/dd><\/dl><br style=\"clear: both\" \/>\n\t\t\t<\/div>\n\n<\/div>\n<\/div>\n<div>\n\n\t\t\t<style type='text\/css'>\n\t\t\t\t#gallery-10 {\n\t\t\t\t\tmargin: auto;\n\t\t\t\t}\n\t\t\t\t#gallery-10 .gallery-item {\n\t\t\t\t\tfloat: left;\n\t\t\t\t\tmargin-top: 10px;\n\t\t\t\t\ttext-align: center;\n\t\t\t\t\twidth: 100%;\n\t\t\t\t}\n\t\t\t\t#gallery-10 img {\n\t\t\t\t\tborder: 2px solid #cfcfcf;\n\t\t\t\t}\n\t\t\t\t#gallery-10 .gallery-caption {\n\t\t\t\t\tmargin-left: 0;\n\t\t\t\t}\n\t\t\t\t\/* see gallery_shortcode() in wp-includes\/media.php *\/\n\t\t\t<\/style>\n\t\t<div id='gallery-10' class='dt-gallery-container gallery galleryid-365060 gallery-columns-1 gallery-size-thumbnail'><dl class='gallery-item'>\n\t\t\t\t<dt class='gallery-icon landscape'>\n\t\t\t\t\t<a class=\"rollover rollover-zoom dt-pswp-item\" title=\"Senza-nome-25\" data-dt-img-description=\"\" data-large_image_width=\"507\" data-large_image_height=\"321\"href='https:\/\/www.radiopiu.net\/wordpress\/wp-content\/uploads\/2023\/12\/Senza-nome-25-1.png'><img loading=\"lazy\" decoding=\"async\" width=\"150\" height=\"150\" src=\"https:\/\/www.radiopiu.net\/wordpress\/wp-content\/uploads\/2023\/12\/Senza-nome-25-1-150x150.png\" class=\"attachment-thumbnail size-thumbnail\" alt=\"\" aria-describedby=\"gallery-10-365118\" \/><\/a>\n\t\t\t\t<\/dt>\n\t\t\t\t\t<dd class='wp-caption-text gallery-caption' id='gallery-10-365118'>\n\t\t\t\t\tROMA La Provincia di Belluno ha scelto il comune di Seren del Grappa per donare l\u2019albero di Natale agli uffici del Segretariato generale della Presidenza del Consiglio dei Ministri a Roma. Questa tradizione dura da sei anni, e l\u2019abete bianco inviato rappresenta il simbolo natalizio dell\u2019Europa Centrale e dei Paesi nordici. Il comune di Seren del Grappa \u00e8 stato scelto per la sua gestione virtuosa del patrimonio silvopastorale e delle risorse territoriali. L\u2019albero proviene dal Monte Grappa, aggiungendo un valore simbolico alla donazione. La consegna \u00e8 stata effettuata dal dott. forestale Pierantonio Zanchetta e dai volontari del gruppo A.N.A. Belluno. All\u2019evento hanno partecipato anche il senatore Luca de Carlo, l\u2019onorevole Marco Osnato, il sindaco di Seren del Grappa Dario Scopel, e Vittoriano Speranza, rappresentante dell\u2019Associazione Bellunesi nel Mondo a Roma.\n\t\t\t\t\t<\/dd><\/dl><br style=\"clear: both\" \/>\n\t\t\t<\/div>\n\n<p>&nbsp;<\/p>\n<p>&nbsp;<\/p>\n<p>&nbsp;<\/p>\n<p>&nbsp;<\/p>\n<\/div>\n<\/form>\n<\/div>\n<hr \/>\n<p>&nbsp;<\/p>\n<p>&nbsp;<\/p>\n<blockquote>\n<h2><a class=\"dt-pswp-item\" href=\"https:\/\/www.radiopiu.net\/wordpress\/wp-content\/uploads\/2021\/10\/VAJONT-GIORNO-DOPO-FOTO-ZANFRON.png\" data-dt-img-description=\"\" data-large_image_width=\"1196\" data-large_image_height=\"804\"><img loading=\"lazy\" decoding=\"async\" class=\" wp-image-236216 alignleft\" src=\"https:\/\/www.radiopiu.net\/wordpress\/wp-content\/uploads\/2021\/10\/VAJONT-GIORNO-DOPO-FOTO-ZANFRON-300x202.png\" alt=\"\" width=\"140\" height=\"94\" srcset=\"https:\/\/www.radiopiu.net\/wordpress\/wp-content\/uploads\/2021\/10\/VAJONT-GIORNO-DOPO-FOTO-ZANFRON-300x202.png 300w, https:\/\/www.radiopiu.net\/wordpress\/wp-content\/uploads\/2021\/10\/VAJONT-GIORNO-DOPO-FOTO-ZANFRON-1024x688.png 1024w, https:\/\/www.radiopiu.net\/wordpress\/wp-content\/uploads\/2021\/10\/VAJONT-GIORNO-DOPO-FOTO-ZANFRON-768x516.png 768w, https:\/\/www.radiopiu.net\/wordpress\/wp-content\/uploads\/2021\/10\/VAJONT-GIORNO-DOPO-FOTO-ZANFRON.png 1196w\" sizes=\"auto, (max-width: 140px) 100vw, 140px\" \/><\/a>Incontro Speciale con Papa Francesco per i Sopravvissuti del Vajont<\/h2>\n<\/blockquote>\n<p><strong>\u00a0LONGARONE<\/strong>\u00a0 \u00a0Il Comune di Longarone e la Fondazione Vajont hanno annunciato un commovente pellegrinaggio dei sopravvissuti della tragedia del Vajont in udienza speciale con Papa Francesco, in occasione del 60\u00b0 anniversario dell&#8217;evento. La Prefettura della Casa Pontificia ha confermato che il Papa si incontrer\u00e0 con loro il 19 gennaio 2024. Il vescovo Renato Marangoni, il sindaco Roberto Padrin e il parroco Augusto Antoniol collaborano nell&#8217;organizzazione, sottolineando l&#8217;importanza di onorare il passato e guardare al futuro con speranza e unit\u00e0.<\/p>\n<p>&nbsp;<\/p>\n<hr \/>\n<p>&nbsp;<\/p>\n<p>&nbsp;<\/p>\n<blockquote>\n<h3><strong><a class=\"dt-pswp-item\" href=\"https:\/\/www.radiopiu.net\/wordpress\/wp-content\/uploads\/2023\/12\/ESC_A.png\" data-dt-img-description=\"\" data-large_image_width=\"1231\" data-large_image_height=\"845\"><img loading=\"lazy\" decoding=\"async\" class=\"wp-image-365068 alignleft\" src=\"https:\/\/www.radiopiu.net\/wordpress\/wp-content\/uploads\/2023\/12\/ESC_A-300x206.png\" alt=\"\" width=\"190\" height=\"130\" srcset=\"https:\/\/www.radiopiu.net\/wordpress\/wp-content\/uploads\/2023\/12\/ESC_A-300x206.png 300w, https:\/\/www.radiopiu.net\/wordpress\/wp-content\/uploads\/2023\/12\/ESC_A-1024x703.png 1024w, https:\/\/www.radiopiu.net\/wordpress\/wp-content\/uploads\/2023\/12\/ESC_A-768x527.png 768w, https:\/\/www.radiopiu.net\/wordpress\/wp-content\/uploads\/2023\/12\/ESC_A.png 1231w\" sizes=\"auto, (max-width: 190px) 100vw, 190px\" \/><\/a>Solidariet\u00e0 in Azione: Volontari del Corpo Europeo contro lo Spreco Alimentare a Belluno<\/strong><\/h3>\n<\/blockquote>\n<p><strong>BELLUNO<\/strong> Il Corpo Europeo di Solidariet\u00e0, con quattro volontari provenienti da Spagna, Albania e Tunisia, sta conducendo una serie di attivit\u00e0 solidali a Belluno. Tra queste, la mostra &#8220;SprekArte&#8221; presso il Comitato d&#8217;Intesa, che mira a sensibilizzare sulla questione dello spreco alimentare. Inoltre, i volontari organizzano una raccolta alimentare per supportare la mensa solidale &#8220;Noi con Voi&#8221; di Feltre e un evento culturale il 15 dicembre con gruppi di conversazione in diverse lingue e la preparazione di piatti tipici dei loro Paesi di origine. Un impegno concreto per la solidariet\u00e0 e la sensibilizzazione nella comunit\u00e0 bellunese.<\/p>\n<p>&nbsp;<\/p>\n<hr \/>\n<p>&nbsp;<\/p>\n<h3>LA FESTA PROVINCIALE DELL&#8217;ATLETICA 2023<\/h3>\n<p><strong><a class=\"dt-pswp-item\" href=\"https:\/\/www.radiopiu.net\/wordpress\/wp-content\/uploads\/2021\/11\/FERNANDO-SOCCOL.png\" data-dt-img-description=\"\" data-large_image_width=\"608\" data-large_image_height=\"444\"><img loading=\"lazy\" decoding=\"async\" class=\"wp-image-243446 alignleft\" src=\"https:\/\/www.radiopiu.net\/wordpress\/wp-content\/uploads\/2021\/11\/FERNANDO-SOCCOL-300x219.png\" alt=\"\" width=\"142\" height=\"104\" srcset=\"https:\/\/www.radiopiu.net\/wordpress\/wp-content\/uploads\/2021\/11\/FERNANDO-SOCCOL-300x219.png 300w, https:\/\/www.radiopiu.net\/wordpress\/wp-content\/uploads\/2021\/11\/FERNANDO-SOCCOL.png 608w\" sizes=\"auto, (max-width: 142px) 100vw, 142px\" \/><\/a>AGORDO <\/strong>Oggi alle 16 in sala Don Tamis premiazione degli atleti e societ\u00e0 che si sono distinti nell&#8217;anno, nomina dell&#8217;allenatore, giudice, dirigente e atleti dell&#8217;anno. Con il Comitato Provinciale della Fidal in collaborazione con Atletica Agordina.<\/p>\n<p><strong>ai MICROFONI DI RADIOPIU FERNANDO SOCCOL-ATLETICA AGORDINA<\/strong><\/p>\n<audio class=\"wp-audio-shortcode\" id=\"audio-365060-7\" preload=\"none\" style=\"width: 100%;\" controls=\"controls\"><source type=\"audio\/mpeg\" src=\"https:\/\/www.radiopiu.net\/wordpress\/wp-content\/uploads\/2023\/12\/FERNANDO-SOCCOL.mp3?_=7\" \/><a href=\"https:\/\/www.radiopiu.net\/wordpress\/wp-content\/uploads\/2023\/12\/FERNANDO-SOCCOL.mp3\">https:\/\/www.radiopiu.net\/wordpress\/wp-content\/uploads\/2023\/12\/FERNANDO-SOCCOL.mp3<\/a><\/audio>\n<p>&nbsp;<\/p>\n<hr \/>\n<p>&nbsp;<\/p>\n<p>&nbsp;<\/p>\n<blockquote>\n<h2>Snow Mike: Microfoni sulla Neve, Giornalisti e Campioni Olimpici sulle Piste di Falcade<\/h2>\n<\/blockquote>\n<p><strong><a class=\"dt-pswp-item\" href=\"https:\/\/www.radiopiu.net\/wordpress\/wp-content\/uploads\/2023\/12\/Senza-nome-31.png\" data-dt-img-description=\"\" data-large_image_width=\"300\" data-large_image_height=\"211\"><img loading=\"lazy\" decoding=\"async\" class=\" wp-image-365106 alignleft\" src=\"https:\/\/www.radiopiu.net\/wordpress\/wp-content\/uploads\/2023\/12\/Senza-nome-31.png\" alt=\"\" width=\"293\" height=\"206\" \/><\/a>FALCADE<\/strong> Il 12 dicembre si terr\u00e0 la seconda edizione di &#8220;Snow Mike: Microfoni sulla Neve&#8221; a Falcade e nella Ski Area San Pellegrino, un evento che vede otto telecronisti sportivi unirsi a noti campioni come Alessandro Ballan, Paolo Bettini e Jury Chechi per una giornata unica nelle Dolomiti. Giornalisti e sportivi si sfideranno in una gara di slalom gigante nel rinomato comprensorio sciistico, godendo delle spettacolari vette dichiarate Patrimonio UNESCO. Nel pomeriggio, presso il Palafalcade, incontreranno i giovani atleti dello Ski College Veneto, del Liceo Scientifico di Agordo e dello Sci Club Val Biois. Parteciperanno anche Ludovica Cividini di Infront, Valentina Graziosi di Sport Italia, Riccardo Magrini di Eurosport, Alessandro Fabretti di Rai Sport e i giornalisti di Sky Sport Carlo Vanzini, Davide Camicioli, Mauro Sanchini e Giovanni Bruno. L&#8217;evento \u00e8 gratuito e aperto a tutti, organizzato da PromoFalcade Dolomiti e dalla Ski Area San Pellegrino nell&#8217;ambito del progetto FCC &#8220;Vivere le Dolomiti &#8211; Attuazione piano di marketing territoriale&#8221; della provincia di Belluno.<\/p>\n<p>&nbsp;<\/p>\n<p>&nbsp;<\/p>\n<hr \/>\n<h3 class=\"entry-title\"><\/h3>\n<blockquote>\n<h3>Mercatino Natalizio a Agordo: Raccolta Fondi<\/h3>\n<\/blockquote>\n<div><strong>AGORDO<\/strong>\u00a0 Anche quest&#8217;anno in occasione delle festivit\u00e0 ritorna il mercatino per la raccolta fondi in favore dell&#8217;Associazione Fibromialgia. Domani presso i locali della sagrestia nella Chiesa Arcidiaconale di Agordo dalle 9 alle 12<\/div>\n<div><\/div>\n<div><a class=\"dt-pswp-item\" href=\"https:\/\/www.radiopiu.net\/wordpress\/wp-content\/uploads\/2023\/12\/Senza-nome-35.png\" data-dt-img-description=\"\" data-large_image_width=\"927\" data-large_image_height=\"709\"><img loading=\"lazy\" decoding=\"async\" class=\"size-medium wp-image-365169 aligncenter\" src=\"https:\/\/www.radiopiu.net\/wordpress\/wp-content\/uploads\/2023\/12\/Senza-nome-35-300x229.png\" alt=\"\" width=\"300\" height=\"229\" srcset=\"https:\/\/www.radiopiu.net\/wordpress\/wp-content\/uploads\/2023\/12\/Senza-nome-35-300x229.png 300w, https:\/\/www.radiopiu.net\/wordpress\/wp-content\/uploads\/2023\/12\/Senza-nome-35-768x587.png 768w, https:\/\/www.radiopiu.net\/wordpress\/wp-content\/uploads\/2023\/12\/Senza-nome-35.png 927w\" sizes=\"auto, (max-width: 300px) 100vw, 300px\" \/><\/a><\/div>\n<div><\/div>\n<div><\/div>\n<div><\/div>\n<div><\/div>\n<div class=\"articlePlainText\"><strong class=\"photoswipe-wrapper\">FELTRE<\/strong> Oggi alle 18 in Sala Ocri Letture ad alta voce dedicate a Italo Calvino con Fabio Dalla Zuanna e Anna Branciforti<\/div>\n<p><strong>\u00a0<\/strong><\/p>\n<p><strong>LUNEDI 18 DICEMBRE <\/strong>alle 18 in Sala Ocri Flavio Faoro: da Oltre le vette ai racconti e alle fiabe, presenta Luisa Alchini. Letture ad alta voce del gruppo Libri Parlanti<\/p>\n<p><strong>VENERDI 22 DICEMBRE\u00a0<\/strong>alle 18 in Sala Ocri Presentazione del libro \u201cIl saldatore del Vajont\u201d con l\u2019autore Antonio G. Bortoluzzi \u2013 presenta Nicola Maccagnan<\/p>\n<p><strong>CESIOMAGGIORE <\/strong>Il Museo etnografico Dolomiti a Seravella, in collaborazione con il gruppo folk di Cesiomaggiore, presenta una mostra natalizia dedicata ai presepi della tradizione locale bellunese. Sar\u00e0 accessibile durante le festivit\u00e0 natalizie secondo un programma dedicato.<\/p>\n<p><strong>AGORDO<\/strong>\u00a0 Scuola aperta alla\u00a0 scuola Primaria per i genitori che iscrivono i loro figli alla prima classe. Il 19 dicembre alle 17,15\u00a0 alla scuola primaria Tito Livio Burattini.<\/p>\n<p><strong>LA VALLE<\/strong> Sabato 16 dicembre dalle 10.30 alle 12 scuola aperta alla primaria Don G.Mezzacasa&#8221;, sar\u00e0 presentata la scuola e potr\u00e0 essere visitata dai genitori, attivit\u00e0 di laboratorio per i piccoli visitatori.<\/p>\n<p><strong>AGORDO<\/strong> Cena della classe 1953,\u00a0 \u00a0sabato 16 dicembre alle 19,30 alla Pizzeria Agordina 043763147, iscrizioni entro gioved\u00ec 14<\/p>\n<p>&nbsp;<\/p>\n<hr \/>\n<blockquote>\n<h3>\u00a0PENNE NERE IN ASSEMBLEA<\/h3>\n<\/blockquote>\n<p><strong>TAIBON <\/strong>L&#8217;assemblea del gruppo alpini di Agordo Rivamonte Taibon \u00e8 programmata per domani a Taibon presieduta dal capogruppo Giovanni Da Pr\u00e0, alle 9,30 nel vecchio municipio,\u00a0 alle 11\u00a0 la messa nella parrocchiale.<\/p>\n<p>&nbsp;<\/p>\n<hr \/>\n<p>&nbsp;<\/p>\n<blockquote>\n<h3>EMOZIONI SOTTO L&#8217;ALBERO IN VALLE DEL BIOIS<\/h3>\n<\/blockquote>\n<p><strong>FALCADE<\/strong> Oggi il mercatino d&#8217;inverno a Caviola e a Canale D&#8217;Agordo dalle 16 passeggiata con gli asini e gli zampognari, alle 17:30 l&#8217;accensione dell&#8217;Albero di Natale con la Pro Loco<\/p>\n<p><strong>LA STAGIONE DEL CINEMA DOLOMITI DI FALCADE:<\/strong> 7.8.9 E 10 DICEMBRE C&#8217;e&#8217; Ancora Domani, il film di Paola Cortellesi.<\/p>\n<p>&nbsp;<\/p>\n<p>&nbsp;<\/p>\n<hr \/>\n<p>&nbsp;<\/p>\n<blockquote>\n<h3>DOMANI I KRAMPUS A FRASSENE&#8217;<\/h3>\n<\/blockquote>\n<p><strong>VOLTAGO<\/strong> Il Gruppo Giovani di Voltago organizzano per domani alle 19 in piazza di Frassen\u00e8 il tradizionale arrivo dei Krampus. Si consiglia di non portare gli amici a 4 zampe che potrebbero spaventarsi.<\/p>\n<p>&nbsp;<\/p>\n<hr \/>\n<p>&nbsp;<\/p>\n<p><strong>FELTRE <\/strong>\u00a0Il Centro Diurno per persone con disabilit\u00e0 &#8220;Le Casette&#8221; del distretto di Feltre parteciper\u00e0 al Mercatino di Natale programmato per il 9 e 10 dicembre 2023 presso il Dolomiti Hub a Fonzaso.<strong>\u00a0\u00a0<\/strong><\/p>\n<p><strong>AGORDO<\/strong> Nelle giornate del 8-9-10 dicembre l&#8217;Ail torna in piazza con le Stelle di Natale per aiutare la ricerca. Si potranno acquistare presso il Centro Commerciale &#8220;La Corte Agordina&#8221; o in localit\u00e0 Valcozzena al Zum Brillenbar.<\/p>\n<p><strong>LIVINALLONGO<\/strong> Il gruppo insieme si pu\u00f2 &#8220;fodom&#8221;i ricorda il mercatino di Natale ad Arabba. Il ricavato andr\u00e0 a suor Agnese Grones in Pakistan. I giorni 8 ,9 ,10 e il wek-end dal 15,16,17,e 18 dicembre\u00a0 Orario 15:30 18:30. Presso pianoterra ufficio turistico.<\/p>\n<p>&nbsp;<\/p>\n<hr \/>\n<h3><strong>\u00a0<\/strong><\/h3>\n<h3><strong>Secondo Open Day Vaccinale a Feltre: Ulss Dolomiti Invita alla Vaccinazione Anti-Influenzale e Anti-Covid19<\/strong><\/h3>\n<p><strong>BELLUNO<\/strong> L&#8217;Ulss Dolomiti organizza un secondo open day vaccinale presso l&#8217;Ospedale di Feltre, Padiglione Gaggia, dedicato alla somministrazione della vaccinazione anti-influenzale e anti-Covid19. L&#8217;evento si terr\u00e0 DOMANI dalle 14:30 alle 17:30<\/p>\n<p><a class=\"dt-pswp-item\" href=\"https:\/\/www.radiopiu.net\/wordpress\/wp-content\/uploads\/2023\/12\/OPEN-DAY-VACCINALE_feltre.png\" data-dt-img-description=\"\" data-large_image_width=\"1080\" data-large_image_height=\"1080\"><img loading=\"lazy\" decoding=\"async\" class=\"size-medium wp-image-364966 aligncenter\" src=\"https:\/\/www.radiopiu.net\/wordpress\/wp-content\/uploads\/2023\/12\/OPEN-DAY-VACCINALE_feltre-300x300.png\" alt=\"\" width=\"300\" height=\"300\" srcset=\"https:\/\/www.radiopiu.net\/wordpress\/wp-content\/uploads\/2023\/12\/OPEN-DAY-VACCINALE_feltre-300x300.png 300w, https:\/\/www.radiopiu.net\/wordpress\/wp-content\/uploads\/2023\/12\/OPEN-DAY-VACCINALE_feltre-1024x1024.png 1024w, https:\/\/www.radiopiu.net\/wordpress\/wp-content\/uploads\/2023\/12\/OPEN-DAY-VACCINALE_feltre-150x150.png 150w, https:\/\/www.radiopiu.net\/wordpress\/wp-content\/uploads\/2023\/12\/OPEN-DAY-VACCINALE_feltre-768x768.png 768w, https:\/\/www.radiopiu.net\/wordpress\/wp-content\/uploads\/2023\/12\/OPEN-DAY-VACCINALE_feltre.png 1080w\" sizes=\"auto, (max-width: 300px) 100vw, 300px\" \/><\/a><\/p>\n<p>&nbsp;<\/p>\n<hr \/>\n<p>&nbsp;<\/p>\n<blockquote>\n<h3>La Verit\u00e0 sul Lupo&#8221;: Convegno Dibattito a Tambre per Svelare Dati e Controversie<\/h3>\n<\/blockquote>\n<p><strong>ALPAGO<\/strong> Oggi\u00a0 alle 20:30, presso il Centro sociale di Tambre, si terr\u00e0 il convegno &#8220;La Verit\u00e0 sul Lupo&#8221;, organizzato dalla cooperativa Fardjma con il patrocinio dell&#8217;Amministrazione Comunale.<\/p>\n<p>&nbsp;<\/p>\n<blockquote>\n<h3>L&#8217;ESSENZA DELL&#8217;ACQUA<\/h3>\n<\/blockquote>\n<p><strong>LIMANA<\/strong> Domani alle 11 nella Sala Mostre del Municipio inaugurazione della mostra itinerante, 127esima collettiva, dal 1972 con il circolo artistico Mario Morales.<\/p>\n<p>&nbsp;<\/p>\n<hr \/>\n<p>&nbsp;<\/p>\n<blockquote>\n<h3><b><span style=\"color: #741b47;\">DILLO A RADIO PIU&#8230;<\/span><\/b><span style=\"color: #000000;\">L&#8217;<\/span>OPINIONE Franco Piacentini_Feltre<\/h3>\n<\/blockquote>\n<div><\/div>\n<div><strong>SINTESI:<\/strong> In una lettera dal titolo &#8220;Dalla propaganda elettorale all&#8217;aiuto alle persone fragili&#8221;, l&#8217;autore Franco Piacentini critica la propaganda elettorale dei partiti di governo che dipinge un quadro positivo dell&#8217;Italia. Sottolinea che invece di slogan strumentali, coloro che detengono incarichi pubblici dovrebbero concentrarsi sull&#8217;eliminazione delle ingiustizie sociali, contrastare la povert\u00e0, combattere l&#8217;evasione fiscale, migliorare la sanit\u00e0 pubblica, aumentare il potere d&#8217;acquisto delle retribuzioni e pensioni, e approvare leggi sulla non autosufficienza. L&#8217;autore elenca una serie di proposte concrete per il bene comune e sottolinea l&#8217;importanza di impegni reali e riforme da parte del governo e del parlamento.<\/div>\n<div><\/div>\n<p><span style=\"color: #0000ff;\"><a style=\"color: #0000ff;\" href=\"https:\/\/www.radiopiu.net\/wordpress\/wp-content\/uploads\/2023\/12\/PIACENTINI.rtf\">LEGGI LA LETTERA DI FRANCO\u00a0 PIACENTINI DA FELTRE\u00a0<\/a><\/span><\/p>\n<p>&nbsp;<\/p>\n<p>&nbsp;<\/p>\n<hr \/>\n<p>&nbsp;<\/p>\n<blockquote>\n<h2>ALLEGHE: oggi ai PIANI DI PEZZE&#8217; I Rumatera Presentano il Nuovo Album &#8220;Apr\u00e8s-ski&#8221;<\/h2>\n<\/blockquote>\n<p><strong><a class=\"dt-pswp-item\" href=\"https:\/\/www.radiopiu.net\/wordpress\/wp-content\/uploads\/2023\/12\/Cover-RUMATERA-ep.jpg\" data-dt-img-description=\"\" data-large_image_width=\"1488\" data-large_image_height=\"1488\"><img loading=\"lazy\" decoding=\"async\" class=\"wp-image-364867 alignleft\" src=\"https:\/\/www.radiopiu.net\/wordpress\/wp-content\/uploads\/2023\/12\/Cover-RUMATERA-ep-300x300.jpg\" alt=\"\" width=\"168\" height=\"168\" srcset=\"https:\/\/www.radiopiu.net\/wordpress\/wp-content\/uploads\/2023\/12\/Cover-RUMATERA-ep-300x300.jpg 300w, https:\/\/www.radiopiu.net\/wordpress\/wp-content\/uploads\/2023\/12\/Cover-RUMATERA-ep-1024x1024.jpg 1024w, https:\/\/www.radiopiu.net\/wordpress\/wp-content\/uploads\/2023\/12\/Cover-RUMATERA-ep-150x150.jpg 150w, https:\/\/www.radiopiu.net\/wordpress\/wp-content\/uploads\/2023\/12\/Cover-RUMATERA-ep-768x768.jpg 768w, https:\/\/www.radiopiu.net\/wordpress\/wp-content\/uploads\/2023\/12\/Cover-RUMATERA-ep.jpg 1488w\" sizes=\"auto, (max-width: 168px) 100vw, 168px\" \/><\/a>ALLEGHE<\/strong> Il gruppo punk rock Rumatera presenta in anteprima il nuovo singolo e album &#8220;Apr\u00e8s-ski&#8221; oggi alle 13 agli impianti di Alleghe. Il lancio include un dj set a tema apr\u00e8s-ski, celebrando le feste tradizionali in baita dopo una giornata sugli sci. Il disco, caratterizzato da un nuovo stile elettronico e dance ispirato agli apr\u00e8s-ski austriaci, sar\u00e0 disponibile dal 22 dicembre. Il primo singolo, &#8220;Pista nera&#8221;, uscir\u00e0 l&#8217;8 dicembre. L&#8217;evento agli impianti di Alleghe promette un mix di classici del gruppo e un&#8217;anteprima del nuovo album, creando un&#8217;atmosfera di festa invernale.<\/p>\n<p>&nbsp;<\/p>\n<p><strong>L&#8217;INTERVISTA ALLA RADIO<\/strong><\/p>\n<audio class=\"wp-audio-shortcode\" id=\"audio-365060-8\" preload=\"none\" style=\"width: 100%;\" controls=\"controls\"><source type=\"audio\/mpeg\" src=\"https:\/\/www.radiopiu.net\/wordpress\/wp-content\/uploads\/2023\/12\/RUMATERA-AAA.mp3?_=8\" \/><a href=\"https:\/\/www.radiopiu.net\/wordpress\/wp-content\/uploads\/2023\/12\/RUMATERA-AAA.mp3\">https:\/\/www.radiopiu.net\/wordpress\/wp-content\/uploads\/2023\/12\/RUMATERA-AAA.mp3<\/a><\/audio>\n<p>&nbsp;<\/p>\n<hr \/>\n<p>&nbsp;<\/p>\n<p>&nbsp;<\/p>\n<blockquote>\n<h2>IERI ALLA RADIO&#8230; MATTEO CAGNATI PRESIDENTE SCI CLUB VAL BIOIS<\/h2>\n<\/blockquote>\n<p><img loading=\"lazy\" decoding=\"async\" class=\"alignleft\" src=\"https:\/\/www.radiopiu.net\/wordpress\/wp-content\/uploads\/2020\/02\/download-4.jpg\" width=\"106\" height=\"103\" \/><\/p>\n<p>&nbsp;<\/p>\n<p><strong>AUDIO\u00a0<\/strong><\/p>\n<p>&nbsp;<\/p>\n<p>di MIRKO MEZZACASA<\/p>\n<audio class=\"wp-audio-shortcode\" id=\"audio-365060-9\" preload=\"none\" style=\"width: 100%;\" controls=\"controls\"><source type=\"audio\/mpeg\" src=\"https:\/\/www.radiopiu.net\/wordpress\/wp-content\/uploads\/2021\/06\/matteo-cagnati-sci-club-val-biois.mp3?_=9\" \/><a href=\"https:\/\/www.radiopiu.net\/wordpress\/wp-content\/uploads\/2021\/06\/matteo-cagnati-sci-club-val-biois.mp3\">https:\/\/www.radiopiu.net\/wordpress\/wp-content\/uploads\/2021\/06\/matteo-cagnati-sci-club-val-biois.mp3<\/a><\/audio>\n<p>&nbsp;<\/p>\n<p>&nbsp;<\/p>\n<hr \/>\n<p>&nbsp;<\/p>\n<p>&nbsp;<\/p>\n<blockquote>\n<h3>L\u2019ACCENSIONE DELL\u2019ALBERO A FALCADE E LE INIZIATIVE IN VALLE DEL BIOIS<\/h3>\n<\/blockquote>\n<p><strong><a class=\"dt-pswp-item\" href=\"https:\/\/www.radiopiu.net\/wordpress\/wp-content\/uploads\/2023\/12\/emozioni-albero-falcade.jpg\" data-dt-img-description=\"\" data-large_image_width=\"724\" data-large_image_height=\"1024\"><img loading=\"lazy\" decoding=\"async\" class=\" wp-image-364774 alignleft\" src=\"https:\/\/www.radiopiu.net\/wordpress\/wp-content\/uploads\/2023\/12\/emozioni-albero-falcade-212x300.jpg\" alt=\"\" width=\"110\" height=\"156\" srcset=\"https:\/\/www.radiopiu.net\/wordpress\/wp-content\/uploads\/2023\/12\/emozioni-albero-falcade-212x300.jpg 212w, https:\/\/www.radiopiu.net\/wordpress\/wp-content\/uploads\/2023\/12\/emozioni-albero-falcade.jpg 724w\" sizes=\"auto, (max-width: 110px) 100vw, 110px\" \/><\/a>DI MIRKO MEZZACASA<\/strong><\/p>\n<p>OSPITE: Antonella Schena PromoFalcade<\/p>\n<audio class=\"wp-audio-shortcode\" id=\"audio-365060-10\" preload=\"none\" style=\"width: 100%;\" controls=\"controls\"><source type=\"audio\/mpeg\" src=\"https:\/\/www.radiopiu.net\/wordpress\/wp-content\/uploads\/2023\/12\/antonella-schena-natale-2023.mp3?_=10\" \/><a href=\"https:\/\/www.radiopiu.net\/wordpress\/wp-content\/uploads\/2023\/12\/antonella-schena-natale-2023.mp3\">https:\/\/www.radiopiu.net\/wordpress\/wp-content\/uploads\/2023\/12\/antonella-schena-natale-2023.mp3<\/a><\/audio>\n<p>&nbsp;<\/p>\n<p>&nbsp;<\/p>\n<hr \/>\n<p>&nbsp;<\/p>\n<blockquote>\n<h3><a class=\"dt-pswp-item\" href=\"https:\/\/www.radiopiu.net\/wordpress\/wp-content\/uploads\/2023\/12\/IMG-20231204-WA00031.jpg\" data-dt-img-description=\"\" data-large_image_width=\"1134\" data-large_image_height=\"1631\"><img loading=\"lazy\" decoding=\"async\" class=\"size-medium wp-image-364936 alignleft\" src=\"https:\/\/www.radiopiu.net\/wordpress\/wp-content\/uploads\/2023\/12\/IMG-20231204-WA00031-209x300.jpg\" alt=\"\" width=\"209\" height=\"300\" srcset=\"https:\/\/www.radiopiu.net\/wordpress\/wp-content\/uploads\/2023\/12\/IMG-20231204-WA00031-209x300.jpg 209w, https:\/\/www.radiopiu.net\/wordpress\/wp-content\/uploads\/2023\/12\/IMG-20231204-WA00031-712x1024.jpg 712w, https:\/\/www.radiopiu.net\/wordpress\/wp-content\/uploads\/2023\/12\/IMG-20231204-WA00031-768x1105.jpg 768w, https:\/\/www.radiopiu.net\/wordpress\/wp-content\/uploads\/2023\/12\/IMG-20231204-WA00031-1068x1536.jpg 1068w, https:\/\/www.radiopiu.net\/wordpress\/wp-content\/uploads\/2023\/12\/IMG-20231204-WA00031.jpg 1134w\" sizes=\"auto, (max-width: 209px) 100vw, 209px\" \/><\/a><\/h3>\n<h3><\/h3>\n<h3><\/h3>\n<h3>MERCATINI AD ARABBA<\/h3>\n<\/blockquote>\n<p><strong>LIVINALLONGO<\/strong> Il gruppo insieme si pu\u00f2 &#8220;fodom&#8221;i ricorda il mercatino di Natale ad Arabba. Il ricavato andr\u00e0 a suor Agnese Grones in Pakistan. I giorni 8 ,9 ,10 e il wek-end dal 15,16,17,e 18 dicembre\u00a0 Orario 15:30 18:30. Presso pianoterra ufficio turistico.<\/p>\n<p>&nbsp;<\/p>\n<p>&nbsp;<\/p>\n<p>&nbsp;<\/p>\n<p>&nbsp;<\/p>\n<p>&nbsp;<\/p>\n<p>&nbsp;<\/p>\n<hr \/>\n<blockquote>\n<h3><\/h3>\n<h3>TORNA A LA VALLE LA RASSEGNA \u201cSOT AL TAMER\u201d<\/h3>\n<\/blockquote>\n<p><strong>LA VALLE AGORDINA\u00a0<\/strong>La rassegna \u201cSot al Tamer\u201d fa ritorno a La Valle Agordina. I prossimi appuntamenti: Maurizio De Cassan: Tecnico del Centro di Ricerche ENEA con 12 esperienze in Antartide (9 dicembre);\u00a0 Denis Mezzacasa: Pilota della scuderia Xmotors di Maser, partecipante al campionato Seat Ibiza Cupra (16 dicembre). L\u2019iniziativa \u00e8 organizzata con il contributo attivo della Pro Loco di La Valle Agordina e il patrocinio del Comune di La Valle. L\u2019ingresso \u00e8 libero.<\/p>\n<p>&nbsp;<\/p>\n<hr \/>\n<blockquote>\n<h3><\/h3>\n<h3>L&#8217;ESSENZA DELL&#8217;ACQUA<\/h3>\n<\/blockquote>\n<p><strong>LIMANA <\/strong>Domani \u00a0alle 11 nella Sala Mostre del Municipio inaugurazione della mostra itinerante, 127esima collettiva, dal 1972 con il circolo artistico Mario Morales.<\/p>\n<p>&nbsp;<\/p>\n<blockquote>\n<h3 class=\"entry-title\">EVENTI PER I 40 ANNI DEL CENTRO INTERNAZIONALE DEL LIBRO PARLATO \u201cA. SERNAGIOTTO\u201d<\/h3>\n<\/blockquote>\n<div><a class=\"dt-pswp-item\" href=\"https:\/\/www.radiopiu.net\/wordpress\/wp-content\/uploads\/2023\/12\/a1c78a19-c7f7-419c-b423-e70f35493a08.jpg\" data-dt-img-description=\"\" data-large_image_width=\"1080\" data-large_image_height=\"1080\"><img loading=\"lazy\" decoding=\"async\" class=\"size-medium wp-image-365151 aligncenter\" src=\"https:\/\/www.radiopiu.net\/wordpress\/wp-content\/uploads\/2023\/12\/a1c78a19-c7f7-419c-b423-e70f35493a08-300x300.jpg\" alt=\"\" width=\"300\" height=\"300\" srcset=\"https:\/\/www.radiopiu.net\/wordpress\/wp-content\/uploads\/2023\/12\/a1c78a19-c7f7-419c-b423-e70f35493a08-300x300.jpg 300w, https:\/\/www.radiopiu.net\/wordpress\/wp-content\/uploads\/2023\/12\/a1c78a19-c7f7-419c-b423-e70f35493a08-1024x1024.jpg 1024w, https:\/\/www.radiopiu.net\/wordpress\/wp-content\/uploads\/2023\/12\/a1c78a19-c7f7-419c-b423-e70f35493a08-150x150.jpg 150w, https:\/\/www.radiopiu.net\/wordpress\/wp-content\/uploads\/2023\/12\/a1c78a19-c7f7-419c-b423-e70f35493a08-768x768.jpg 768w, https:\/\/www.radiopiu.net\/wordpress\/wp-content\/uploads\/2023\/12\/a1c78a19-c7f7-419c-b423-e70f35493a08.jpg 1080w\" sizes=\"auto, (max-width: 300px) 100vw, 300px\" \/><\/a><\/div>\n<div><\/div>\n<div class=\"articlePlainText\"><strong class=\"photoswipe-wrapper\"><a class=\"dt-pswp-item pspw-wrap-ready\" href=\"https:\/\/www.radiopiu.net\/wordpress\/wp-content\/uploads\/2023\/11\/1f9b39ac-7445-4292-9e66-746ed8bde8d9.jpg\" data-dt-img-description=\"\" data-large_image_width=\"800\" data-large_image_height=\"1067\"><img loading=\"lazy\" decoding=\"async\" class=\" wp-image-360368 alignleft\" src=\"https:\/\/www.radiopiu.net\/wordpress\/wp-content\/uploads\/2023\/11\/1f9b39ac-7445-4292-9e66-746ed8bde8d9-225x300.jpg\" sizes=\"auto, (max-width: 182px) 100vw, 182px\" srcset=\"https:\/\/www.radiopiu.net\/wordpress\/wp-content\/uploads\/2023\/11\/1f9b39ac-7445-4292-9e66-746ed8bde8d9-225x300.jpg 225w, https:\/\/www.radiopiu.net\/wordpress\/wp-content\/uploads\/2023\/11\/1f9b39ac-7445-4292-9e66-746ed8bde8d9-768x1024.jpg 768w, https:\/\/www.radiopiu.net\/wordpress\/wp-content\/uploads\/2023\/11\/1f9b39ac-7445-4292-9e66-746ed8bde8d9.jpg 800w\" alt=\"\" width=\"105\" height=\"140\" \/><\/a>FELTRE<\/strong> Gli eventi in programma per celebrare i 40 anni del Libro Parlato di Feltre \u201cA. Sernagiotto\u201d.<\/div>\n<p><strong>OGGI <\/strong>alle 18 in Sala Ocri Letture ad alta voce dedicate a Italo Calvino con Fabio Dalla Zuanna e Anna Branciforti<\/p>\n<p><strong>LUNEDI 18 DICEMBRE\u00a0<\/strong>alle 18 in Sala Ocri Flavio Faoro: da Oltre le vette ai racconti e alle fiabe, presenta Luisa Alchini. Letture ad alta voce del gruppo Libri Parlanti<\/p>\n<p><strong>VENERDI 22 DICEMBRE\u00a0<\/strong>alle 18 in Sala Ocri Presentazione del libro \u201cIl saldatore del Vajont\u201d con l\u2019autore Antonio G. Bortoluzzi \u2013 presenta Nicola Maccagnan<\/p>\n<p>&nbsp;<\/p>\n<blockquote>\n<h3>L&#8217;ULTIMA VIA DI RICCARDO BEE, IL FILM<\/h3>\n<\/blockquote>\n<p><em>&#8220;Partiva per tre o quattro giorni, da solo. Sapevamo che viveva esperienze estreme, ma quando tornava era come se nulla fosse accaduto, le teneva in gran parte per s\u00e9&#8221;<\/em><\/p>\n<p><strong>SABATO 16 DICEMBRE, ALLE 20.30 IN SALA DON TAMIS<\/strong><br \/>\nIL FILM SARA&#8217; PRESENTATO DAL REGISTA EMANUELE CONFORTIN, MODERATORE DELLA SERATA GIANPAOLO SORATROI. DAL TRENTO FILM FESTIVAL AD AGORDO, &#8220;L&#8217;ULTIMA VIA DI RICCARDO BEE&#8221;, PER INIZIATIVA DEL COMUNE DI AGORDO<\/p>\n<p><a class=\"dt-pswp-item\" href=\"https:\/\/www.radiopiu.net\/wordpress\/wp-content\/uploads\/2023\/11\/196c380b-4f41-40fe-b60e-025662cd56ca.jpg\" data-dt-img-description=\"\" data-large_image_width=\"1131\" data-large_image_height=\"1600\"><img loading=\"lazy\" decoding=\"async\" class=\"size-medium wp-image-362712 aligncenter\" src=\"https:\/\/www.radiopiu.net\/wordpress\/wp-content\/uploads\/2023\/11\/196c380b-4f41-40fe-b60e-025662cd56ca-212x300.jpg\" alt=\"\" width=\"212\" height=\"300\" srcset=\"https:\/\/www.radiopiu.net\/wordpress\/wp-content\/uploads\/2023\/11\/196c380b-4f41-40fe-b60e-025662cd56ca-212x300.jpg 212w, https:\/\/www.radiopiu.net\/wordpress\/wp-content\/uploads\/2023\/11\/196c380b-4f41-40fe-b60e-025662cd56ca-724x1024.jpg 724w, https:\/\/www.radiopiu.net\/wordpress\/wp-content\/uploads\/2023\/11\/196c380b-4f41-40fe-b60e-025662cd56ca-768x1086.jpg 768w, https:\/\/www.radiopiu.net\/wordpress\/wp-content\/uploads\/2023\/11\/196c380b-4f41-40fe-b60e-025662cd56ca-1086x1536.jpg 1086w, https:\/\/www.radiopiu.net\/wordpress\/wp-content\/uploads\/2023\/11\/196c380b-4f41-40fe-b60e-025662cd56ca.jpg 1131w\" sizes=\"auto, (max-width: 212px) 100vw, 212px\" \/><\/a><\/p>\n<p>&nbsp;<\/p>\n<div><\/div>\n<p>&nbsp;<\/p>\n<hr \/>\n<p>&nbsp;<\/p>\n<blockquote class=\"wp-embedded-content\" data-secret=\"aohgMzGFYs\"><p><a href=\"https:\/\/www.radiopiu.net\/wordpress\/viabilita\/\">viabilita<\/a><\/p><\/blockquote>\n<p><iframe loading=\"lazy\" class=\"wp-embedded-content\" sandbox=\"allow-scripts\" security=\"restricted\" style=\"position: absolute; clip: rect(1px, 1px, 1px, 1px);\" title=\"&#8220;viabilita&#8221; &#8212; Radio Pi\u00f9\" src=\"https:\/\/www.radiopiu.net\/wordpress\/viabilita\/embed\/#?secret=9zOfNREr9m#?secret=aohgMzGFYs\" data-secret=\"aohgMzGFYs\" width=\"600\" height=\"338\" frameborder=\"0\" marginwidth=\"0\" marginheight=\"0\" scrolling=\"no\"><\/iframe><\/p>\n<p>&nbsp;<\/p>\n<p><a class=\"dt-pswp-item\" href=\"https:\/\/www.radiopiu.net\/wordpress\/wp-content\/uploads\/2018\/09\/WhatsApp-Image-2018-09-20-at-16.04.06.jpeg\" data-dt-img-description=\"\" data-large_image_width=\"800\" data-large_image_height=\"100\"><img loading=\"lazy\" decoding=\"async\" class=\"wp-image-61378 size-full aligncenter\" src=\"https:\/\/www.radiopiu.net\/wordpress\/wp-content\/uploads\/2018\/09\/WhatsApp-Image-2018-09-20-at-16.04.06.jpeg\" alt=\"\" width=\"800\" height=\"100\" srcset=\"https:\/\/www.radiopiu.net\/wordpress\/wp-content\/uploads\/2018\/09\/WhatsApp-Image-2018-09-20-at-16.04.06.jpeg 800w, https:\/\/www.radiopiu.net\/wordpress\/wp-content\/uploads\/2018\/09\/WhatsApp-Image-2018-09-20-at-16.04.06-300x38.jpeg 300w, https:\/\/www.radiopiu.net\/wordpress\/wp-content\/uploads\/2018\/09\/WhatsApp-Image-2018-09-20-at-16.04.06-768x96.jpeg 768w\" sizes=\"auto, (max-width: 800px) 100vw, 800px\" \/><\/a><\/p>\n<p><center><\/center><b>OGGI: <\/b>Al mattino cielo irregolarmente nuvoloso con residui e modesti fenomeni; ampie schiarite nella mattinata a partire dalle zone prealpine occidentali e nuova intensificazione della nuvolosit\u00e0 verso sera con possibili fenomeni a fine giornata.<br \/>\n<b>Precipitazioni: <\/b>Al mattino non esclusa qualche residua breve e debole precipitazione (20-30%) con eventuali deboli nevicate fino a fondovalle. Tra venerd\u00ec pomeriggio e sabato sono previsti quantitativi di precipitazione molto modesti<\/p>\n<hr \/>\n<p><center><\/center><b>DOMENICA : <\/b>Nel corso della notte e nel primo mattino cielo molto nuvoloso o coperto con deboli fenomeni sparsi; schiarite gi\u00e0 in mattinata con il tempo che tender\u00e0 a divenire rapidamente soleggiato e stabile ma con nubi intermittenti. Alla sera e nella notte nuova e modesta intensificazione della nuvolosit\u00e0 per nubi medio-alte. <b>Precipitazioni: <\/b>Nottetempo e primo mattino possibili\u00a0 deboli nevicate locali o sparse fino a fondovalle e neve burrascosa in alta montagna con quantitativi dell&#8217;ordine di 1-3 mm e altrettanti cm di neve fresca; schiarite e fenomeni assenti gi\u00e0 in mattinata.<\/p>\n<p>&nbsp;<\/p>\n<hr \/>\n<p><center><\/center><strong>LUNEDI<\/strong> Nel corso della giornata, cielo irregolarmente nuvoloso per nubi medio-alte alternate a parziali schiarite con fenomeni molto scarsi o assenti, eventualmente nevosi oltre i 2200-2400 m. Clima pi\u00f9 mite rispetto ai giorni precedenti a tutte le quote. Temperature in aumento specie in alta montagna.<\/p>\n<hr \/>\n<p><center><\/center><strong>MARTEDI<\/strong> Tempo variabile con cielo irregolarmente nuvoloso specie nel primo mattino. Schiarite nel corso della mattinata in un contesto generalmente che rimarr\u00e0 parzialmente nuvoloso; non esclusi locali deboli precipitazioni nel corso della giornata con qualche fiocco di neve oltre i 2500 m. Temperature in ulteriore contenuto aumento.<\/p>\n<p>&nbsp;<\/p>\n<p>&nbsp;<\/p>\n<p>&nbsp;<\/p>\n<p><img loading=\"lazy\" decoding=\"async\" class=\"wp-image-60761 size-full aligncenter\" src=\"https:\/\/www.radiopiu.net\/wordpress\/wp-content\/uploads\/2018\/09\/sport.jpg\" alt=\"\" width=\"800\" height=\"100\" srcset=\"https:\/\/www.radiopiu.net\/wordpress\/wp-content\/uploads\/2018\/09\/sport.jpg 800w, https:\/\/www.radiopiu.net\/wordpress\/wp-content\/uploads\/2018\/09\/sport-300x38.jpg 300w, https:\/\/www.radiopiu.net\/wordpress\/wp-content\/uploads\/2018\/09\/sport-768x96.jpg 768w\" sizes=\"auto, (max-width: 800px) 100vw, 800px\" \/><\/p>\n<p>&nbsp;<\/p>\n<p><span style=\"color: #0000ff;\"><strong>CALCIO<\/strong><\/span><\/p>\n<blockquote>\n<h2>DOMANI IN CAMPO AGORDINA E PIAVE PER LA TERZA CATEGORIA<\/h2>\n<\/blockquote>\n<p><strong><a class=\"dt-pswp-item\" href=\"https:\/\/www.radiopiu.net\/wordpress\/wp-content\/uploads\/2023\/11\/calcio.jpg\" data-dt-img-description=\"\" data-large_image_width=\"1280\" data-large_image_height=\"853\"><img loading=\"lazy\" decoding=\"async\" class=\" wp-image-360218 alignleft\" src=\"https:\/\/www.radiopiu.net\/wordpress\/wp-content\/uploads\/2023\/11\/calcio-300x200.jpg\" alt=\"\" width=\"179\" height=\"119\" srcset=\"https:\/\/www.radiopiu.net\/wordpress\/wp-content\/uploads\/2023\/11\/calcio-300x200.jpg 300w, https:\/\/www.radiopiu.net\/wordpress\/wp-content\/uploads\/2023\/11\/calcio-1024x682.jpg 1024w, https:\/\/www.radiopiu.net\/wordpress\/wp-content\/uploads\/2023\/11\/calcio-768x512.jpg 768w, https:\/\/www.radiopiu.net\/wordpress\/wp-content\/uploads\/2023\/11\/calcio.jpg 1280w\" sizes=\"auto, (max-width: 179px) 100vw, 179px\" \/><\/a>REDAZIONE<\/strong> Con le ultime partite giocate lo scorso fine settimana, il settore giovanile dell\u2019Agordina saluta il calcio giocato e torner\u00e0 in campo con il 2024. Non \u00e8 ancora finista la prima parte della stagione per la prima squadra della compagine di Agordo che nel fine settimana giocher\u00e0 l\u2019ultima partita in calendario del girone di andata di Terza Categoria, poi la prossima settimana verr\u00e0 recuperata la giornata che non si era giocata sette giorni fa. Ultima sfida del 2023 in casa per la compagine di Chiea che all\u2019Ivano Dorigo di Agordo ospiter\u00e0 l\u2019Auronzo. I cadorini sono secondi in classifica e ad Agordo daranno filo da torcere all\u2019Agordina. Si prospetta una sfida combattuta all\u2019Ivano Dorigo con entrambe le squadre bisognose di punti: l\u2019Agordina per avvicinarsi alla zona playoff e l\u2019Auronzo per non lasciare il Gemelle primo in classifica alla fine del girone di andata. Occhi puntati anche sulla sfida di Belluno con il Piave che ospita il Cortina. I verdenero di Belluno vogliono i 3 punti per agguantare la diretta avversaria in classifica e scalare cos\u00ec qualche posizione. Entrambe le partite sono in programma domani alle 14:30.<\/p>\n<p><strong>ANDREA BALDASSI PORTAVOCE DEL PIAVE CALCIO<\/strong><\/p>\n<audio class=\"wp-audio-shortcode\" id=\"audio-365060-11\" preload=\"none\" style=\"width: 100%;\" controls=\"controls\"><source type=\"audio\/mpeg\" src=\"https:\/\/www.radiopiu.net\/wordpress\/wp-content\/uploads\/2023\/12\/BALDA-SAB.mp3?_=11\" \/><a href=\"https:\/\/www.radiopiu.net\/wordpress\/wp-content\/uploads\/2023\/12\/BALDA-SAB.mp3\">https:\/\/www.radiopiu.net\/wordpress\/wp-content\/uploads\/2023\/12\/BALDA-SAB.mp3<\/a><\/audio>\n<p>&nbsp;<\/p>\n<p>&nbsp;<\/p>\n<p>&nbsp;<\/p>\n<p><span style=\"color: #0000ff;\"><strong>CALCIO A 5<\/strong><\/span><\/p>\n<blockquote>\n<h3>TORNEO DEGLI ANGELI: DOMANI I QUARTI DI FINALE<\/h3>\n<p><strong>AGORDO<\/strong> La sedicesima edizione del Torneo Degli Angeli, competizione di calcio a 5 organizzata dall&#8217;U.S. Le Ville, \u00e8 iniziata al PalaRova di Agordo con le partite valide per la qualificazione alla fase finale. Una giornata di sport al palazzetto di Via Lungo Rova dove si sono sfidate le 9 squadre iscritte all&#8217;edizione 2023. Kosova, Voltago, Republica Cioka, Bar Ristorante da Carla, U.S. Le Ville, Atletico Assetati, Baldini Assicurazioni e Dream Team hanno strappato il pass per i quarti di finale in programma domani mattina sempre al PalaRova. Si giocher\u00e0 dalle 10 alle 13 e queste sono le sfide in programma: Kosova &#8211; Voltago, Republica Cioka &#8211; Bar Ristorante da Carla, U.S. Le Ville &#8211; Atletico Assetati, Baldini Assicurazioni &#8211; Dream Team. Chi vince accede alle semifinali in programma domenica 17 dicembre, ultimo giorno del torneo dedicato a Thierry Brancaleone e Denis Benvegn\u00f9. Lo stesso giorno alle 18 si giocher\u00e0 la finale.<\/p><\/blockquote>\n<p><strong><a class=\"dt-pswp-item\" href=\"https:\/\/www.radiopiu.net\/wordpress\/wp-content\/uploads\/2023\/12\/torneo-angeli-2023.jpg\" data-dt-img-description=\"\" data-large_image_width=\"938\" data-large_image_height=\"1311\"><img loading=\"lazy\" decoding=\"async\" class=\" wp-image-364830 alignleft\" src=\"https:\/\/www.radiopiu.net\/wordpress\/wp-content\/uploads\/2023\/12\/torneo-angeli-2023-215x300.jpg\" alt=\"\" width=\"140\" height=\"195\" srcset=\"https:\/\/www.radiopiu.net\/wordpress\/wp-content\/uploads\/2023\/12\/torneo-angeli-2023-215x300.jpg 215w, https:\/\/www.radiopiu.net\/wordpress\/wp-content\/uploads\/2023\/12\/torneo-angeli-2023-733x1024.jpg 733w, https:\/\/www.radiopiu.net\/wordpress\/wp-content\/uploads\/2023\/12\/torneo-angeli-2023-768x1073.jpg 768w, https:\/\/www.radiopiu.net\/wordpress\/wp-content\/uploads\/2023\/12\/torneo-angeli-2023.jpg 938w\" sizes=\"auto, (max-width: 140px) 100vw, 140px\" \/><\/a>DI MARCO GAZ<\/strong><\/p>\n<p>OSPITE: Andrea Rumor, Presidente U.S. Le Ville<\/p>\n<audio class=\"wp-audio-shortcode\" id=\"audio-365060-12\" preload=\"none\" style=\"width: 100%;\" controls=\"controls\"><source type=\"audio\/mpeg\" src=\"https:\/\/www.radiopiu.net\/wordpress\/wp-content\/uploads\/2023\/12\/gr-06-sport-torneo-degli-angeli.mp3?_=12\" \/><a href=\"https:\/\/www.radiopiu.net\/wordpress\/wp-content\/uploads\/2023\/12\/gr-06-sport-torneo-degli-angeli.mp3\">https:\/\/www.radiopiu.net\/wordpress\/wp-content\/uploads\/2023\/12\/gr-06-sport-torneo-degli-angeli.mp3<\/a><\/audio>\n<blockquote>\n<h3><\/h3>\n<\/blockquote>\n<p><span style=\"color: #0000ff;\"><strong>AGORDINO GHIACCIO SPORT\u00a0<\/strong><\/span><\/p>\n<blockquote>\n<div class=\"page-title-head hgroup\">\n<h3 class=\"entry-title\">TRIONFO NELLA GINNASTICA ARTISTICA: AGORDINO GHIACCIO E SPORT CELEBRA I RISULTATI STRAORDINARI DEI GIOVANI ATLETI<\/h3>\n<\/div>\n<\/blockquote>\n<p><strong><a class=\"dt-pswp-item\" href=\"https:\/\/www.radiopiu.net\/wordpress\/wp-content\/uploads\/2023\/12\/368114030_1052321269336597_7712657869838984256_n.jpg\" data-dt-img-description=\"\" data-large_image_width=\"1080\" data-large_image_height=\"1080\"><img loading=\"lazy\" decoding=\"async\" class=\"size-medium wp-image-365198 alignleft\" src=\"https:\/\/www.radiopiu.net\/wordpress\/wp-content\/uploads\/2023\/12\/368114030_1052321269336597_7712657869838984256_n-300x300.jpg\" alt=\"\" width=\"300\" height=\"300\" srcset=\"https:\/\/www.radiopiu.net\/wordpress\/wp-content\/uploads\/2023\/12\/368114030_1052321269336597_7712657869838984256_n-300x300.jpg 300w, https:\/\/www.radiopiu.net\/wordpress\/wp-content\/uploads\/2023\/12\/368114030_1052321269336597_7712657869838984256_n-1024x1024.jpg 1024w, https:\/\/www.radiopiu.net\/wordpress\/wp-content\/uploads\/2023\/12\/368114030_1052321269336597_7712657869838984256_n-150x150.jpg 150w, https:\/\/www.radiopiu.net\/wordpress\/wp-content\/uploads\/2023\/12\/368114030_1052321269336597_7712657869838984256_n-768x768.jpg 768w, https:\/\/www.radiopiu.net\/wordpress\/wp-content\/uploads\/2023\/12\/368114030_1052321269336597_7712657869838984256_n.jpg 1080w\" sizes=\"auto, (max-width: 300px) 100vw, 300px\" \/><\/a>ALLEGHE<\/strong> In una festa di movimento e agilit\u00e0, l&#8217;Agordino Ghiaccio e Sport, in collaborazione con le societ\u00e0 360 gradi passion di Longarone e P.R Ranch di La Valle Agordina, ha tenuto una entusiasmante gara sociale di ginnastica artistica presso la palestra di Caprile. La competizione ha visto oltre 100 giovani partecipanti provenienti da Agordo, Cortina, Sedico, Feltre e Longarone, dando vita a una giornata di sana competizione e spirito sportivo. Le atlete dell&#8217;Agordino Ghiaccio e Sport hanno spiccato nell&#8217;evento, dimostrando talento e dedizione nelle discipline del corpo libero e del minitrampolino elastico. L&#8217;emozione era palpabile mentre pi\u00f9 di 100 ragazzi si sono confrontati nella ricerca della perfezione ginnica. I risultati eccezionali hanno visto <a class=\"dt-pswp-item\" href=\"https:\/\/www.radiopiu.net\/wordpress\/wp-content\/uploads\/2023\/12\/405635407_2053193478371713_8867563302031808521_n.jpg\" data-dt-img-description=\"\" data-large_image_width=\"1080\" data-large_image_height=\"1080\"><img loading=\"lazy\" decoding=\"async\" class=\"size-medium wp-image-365199 alignright\" src=\"https:\/\/www.radiopiu.net\/wordpress\/wp-content\/uploads\/2023\/12\/405635407_2053193478371713_8867563302031808521_n-300x300.jpg\" alt=\"\" width=\"300\" height=\"300\" srcset=\"https:\/\/www.radiopiu.net\/wordpress\/wp-content\/uploads\/2023\/12\/405635407_2053193478371713_8867563302031808521_n-300x300.jpg 300w, https:\/\/www.radiopiu.net\/wordpress\/wp-content\/uploads\/2023\/12\/405635407_2053193478371713_8867563302031808521_n-1024x1024.jpg 1024w, https:\/\/www.radiopiu.net\/wordpress\/wp-content\/uploads\/2023\/12\/405635407_2053193478371713_8867563302031808521_n-150x150.jpg 150w, https:\/\/www.radiopiu.net\/wordpress\/wp-content\/uploads\/2023\/12\/405635407_2053193478371713_8867563302031808521_n-768x768.jpg 768w, https:\/\/www.radiopiu.net\/wordpress\/wp-content\/uploads\/2023\/12\/405635407_2053193478371713_8867563302031808521_n.jpg 1080w\" sizes=\"auto, (max-width: 300px) 100vw, 300px\" \/><\/a>cinque atlete dell&#8217;Agordino Ghiaccio e Sport salire sul podio, portando a casa medaglie d&#8217;oro e bronzo: <strong>Ellis Lepre, fascia 6 anni<\/strong>: Medaglia d&#8217;oro <strong>Sara Nicolai, fascia 10 anni<\/strong>: Medaglia d&#8217;oro <strong>Jasmine Dalle Vedove, fascia 11 anni<\/strong>: Medaglia d&#8217;oro <strong>Anastasia Della Santa, fascia 13 anni<\/strong>: Medaglia d&#8217;oro <strong>Melissa De Toni, fascia 8 anni<\/strong>: Medaglia di bronzo.<\/p>\n<p>L&#8217;entusiasmo e il talento di queste giovani atlete hanno sicuramente reso la giornata indimenticabile per tutti i partecipanti e gli spettatori presenti. La societ\u00e0 esprime la propria soddisfazione per il successo della manifestazione, sottolineando l&#8217;importanza di iniziative come questa che promuovono lo sport giovanile e coinvolgono ragazzi da diverse parti della provincia. La ginnastica artistica, con la sua eleganza e la sua disciplina, continua a essere una fonte di ispirazione per tutti, e l&#8217;Agordino Ghiaccio e Sport si conferma un promotore di eccellenza in questo settore. La giornata si \u00e8 conclusa con una bella festa dello sport, dimostrando che il talento e la passione per la ginnastica artistica prosperano nell&#8217;Agordino.<\/p>\n<blockquote>\n<div class=\"page-title-breadcrumbs\"><\/div>\n<\/blockquote>\n<div><span style=\"color: #0000ff;\"><strong>PALLAVOLO<\/strong><\/span><\/div>\n<blockquote>\n<h3>Belluno Volley Continua il Trionfo: Bologna Sconfitta in Tre Set<\/h3>\n<\/blockquote>\n<p><b>\u00a0<\/b><b>BELLUNO VOLLEY-GEETIT BOLOGNA 3-0<\/b><\/p>\n<p><b>PARZIALI:<\/b> 25-13, 25-19, 25-15.<span class=\"gmail-Apple-converted-space\">\u00a0<\/span><\/p>\n<p><b>BELLUNO VOLLEY:<\/b> Maccabruni 4, Bisi 15, Schiro 12, Bucko 6, Mozzato 6, Antonaci 7; Orto (L), G. Martinez 2, S. Guolla 1. N.e. I. Martinez, De Col, Stufano, F. Guolla, Fraccaro (L). Allenatore: G. Colussi.<\/p>\n<p>Il Belluno Volley ha conquistato la quinta vittoria consecutiva, superando la Geetit Bologna con un netto 3-0. La squadra di coach Gian Luca Colussi ha dimostrato una performance impeccabile, vincendo ogni set e consolidando la sua posizione di terza forza nel campionato di A3. In una serata caratterizzata da attacchi incisivi e muri dominanti (11-1), i padroni di casa hanno entusiasmato i 600 spettatori presenti alla Spes Arena. Nel roster si sono distinti i fratelli Martinez, Ignacio e Gonzalo, oltre ai Guolla. Un debutto significativo \u00e8 stato quello di Fiodar Alexander Guolla, convocato per la prima volta in questa stagione. La prossima sfida vedr\u00e0 il Belluno Volley affrontare Mantova in un atteso match domenicale. Coach Colussi ha elogiato la squadra per la prestazione impeccabile, sottolineando l&#8217;importanza di ogni aspetto positivo e preparandosi per una battaglia contro Mantova.<\/p>\n\n\t\t\t<style type='text\/css'>\n\t\t\t\t#gallery-11 {\n\t\t\t\t\tmargin: auto;\n\t\t\t\t}\n\t\t\t\t#gallery-11 .gallery-item {\n\t\t\t\t\tfloat: left;\n\t\t\t\t\tmargin-top: 10px;\n\t\t\t\t\ttext-align: center;\n\t\t\t\t\twidth: 33%;\n\t\t\t\t}\n\t\t\t\t#gallery-11 img {\n\t\t\t\t\tborder: 2px solid #cfcfcf;\n\t\t\t\t}\n\t\t\t\t#gallery-11 .gallery-caption {\n\t\t\t\t\tmargin-left: 0;\n\t\t\t\t}\n\t\t\t\t\/* see gallery_shortcode() in wp-includes\/media.php *\/\n\t\t\t<\/style>\n\t\t<div id='gallery-11' class='dt-gallery-container gallery galleryid-365060 gallery-columns-3 gallery-size-thumbnail'><dl class='gallery-item'>\n\t\t\t\t<dt class='gallery-icon landscape'>\n\t\t\t\t\t<a class=\"rollover rollover-zoom dt-pswp-item\" title=\"Esultanza_bellunese\" data-dt-img-description=\"\" data-large_image_width=\"1280\" data-large_image_height=\"855\"href='https:\/\/www.radiopiu.net\/wordpress\/wp-content\/uploads\/2023\/12\/Esultanza_bellunese.jpg'><img loading=\"lazy\" decoding=\"async\" width=\"150\" height=\"150\" src=\"https:\/\/www.radiopiu.net\/wordpress\/wp-content\/uploads\/2023\/12\/Esultanza_bellunese-150x150.jpg\" class=\"attachment-thumbnail size-thumbnail\" alt=\"\" \/><\/a>\n\t\t\t\t<\/dt><\/dl><dl class='gallery-item'>\n\t\t\t\t<dt class='gallery-icon landscape'>\n\t\t\t\t\t<a class=\"rollover rollover-zoom dt-pswp-item\" title=\"Il_sorriso_di_Bisi\" data-dt-img-description=\"\" data-large_image_width=\"1280\" data-large_image_height=\"855\"href='https:\/\/www.radiopiu.net\/wordpress\/wp-content\/uploads\/2023\/12\/Il_sorriso_di_Bisi.jpg'><img loading=\"lazy\" decoding=\"async\" width=\"150\" height=\"150\" src=\"https:\/\/www.radiopiu.net\/wordpress\/wp-content\/uploads\/2023\/12\/Il_sorriso_di_Bisi-150x150.jpg\" class=\"attachment-thumbnail size-thumbnail\" alt=\"\" \/><\/a>\n\t\t\t\t<\/dt><\/dl><dl class='gallery-item'>\n\t\t\t\t<dt class='gallery-icon landscape'>\n\t\t\t\t\t<a class=\"rollover rollover-zoom dt-pswp-item\" title=\"Schiro_in_attacco\" data-dt-img-description=\"\" data-large_image_width=\"1280\" data-large_image_height=\"855\"href='https:\/\/www.radiopiu.net\/wordpress\/wp-content\/uploads\/2023\/12\/Schiro_in_attacco.jpg'><img loading=\"lazy\" decoding=\"async\" width=\"150\" height=\"150\" src=\"https:\/\/www.radiopiu.net\/wordpress\/wp-content\/uploads\/2023\/12\/Schiro_in_attacco-150x150.jpg\" class=\"attachment-thumbnail size-thumbnail\" alt=\"\" \/><\/a>\n\t\t\t\t<\/dt><\/dl><br style=\"clear: both\" \/>\n\t\t\t<\/div>\n\n<p>&nbsp;<\/p>\n","protected":false},"excerpt":{"rendered":"<p>40esimo di RADIOPIU\u2026. LA VOCE DELL\u2019EMOZIONE ISCRIVITI AL NOSTRO CANALE\u00a0\u00a0YOUTUBE PER SEGUIRE IN DIRETTA I PRINCIPALI PROGRAMMI DI RADIO PIU\u2019 E LE FUTURE DIRETTE IN ESTERNA. PER ISCRIVERTI CLICCA QUI\u00a0E PREMI\u00a0 \u201cIscriviti\u201d\u00a0 &nbsp; MERAVIGLIE A ROCCA PIETORE \u00a0 EVENTI DI NATALE, L&#8217;ACCENSIONE DELL&#8217;ALBERO A FALCADE ED ALLEGHE, IL PRESEPE DI TOCCOL AD AGORDO &nbsp; FALCADE&hellip;<\/p>\n","protected":false},"author":4,"featured_media":365181,"comment_status":"closed","ping_status":"closed","sticky":false,"template":"","format":"standard","meta":{"_monsterinsights_skip_tracking":false,"_monsterinsights_sitenote_active":false,"_monsterinsights_sitenote_note":"","_monsterinsights_sitenote_category":0,"footnotes":""},"categories":[51,86,49],"tags":[],"class_list":["post-365060","post","type-post","status-publish","format-standard","has-post-thumbnail","hentry","category-evidenza-top","category-gr","category-news-18","category-51","category-86","category-49","description-off"],"img_url":"https:\/\/www.radiopiu.net\/wordpress\/wp-content\/uploads\/2023\/12\/PHOTO-2023-11-11-08-44-25.jpg","_links":{"self":[{"href":"https:\/\/www.radiopiu.net\/wordpress\/wp-json\/wp\/v2\/posts\/365060","targetHints":{"allow":["GET"]}}],"collection":[{"href":"https:\/\/www.radiopiu.net\/wordpress\/wp-json\/wp\/v2\/posts"}],"about":[{"href":"https:\/\/www.radiopiu.net\/wordpress\/wp-json\/wp\/v2\/types\/post"}],"author":[{"embeddable":true,"href":"https:\/\/www.radiopiu.net\/wordpress\/wp-json\/wp\/v2\/users\/4"}],"replies":[{"embeddable":true,"href":"https:\/\/www.radiopiu.net\/wordpress\/wp-json\/wp\/v2\/comments?post=365060"}],"version-history":[{"count":0,"href":"https:\/\/www.radiopiu.net\/wordpress\/wp-json\/wp\/v2\/posts\/365060\/revisions"}],"wp:featuredmedia":[{"embeddable":true,"href":"https:\/\/www.radiopiu.net\/wordpress\/wp-json\/wp\/v2\/media\/365181"}],"wp:attachment":[{"href":"https:\/\/www.radiopiu.net\/wordpress\/wp-json\/wp\/v2\/media?parent=365060"}],"wp:term":[{"taxonomy":"category","embeddable":true,"href":"https:\/\/www.radiopiu.net\/wordpress\/wp-json\/wp\/v2\/categories?post=365060"},{"taxonomy":"post_tag","embeddable":true,"href":"https:\/\/www.radiopiu.net\/wordpress\/wp-json\/wp\/v2\/tags?post=365060"}],"curies":[{"name":"wp","href":"https:\/\/api.w.org\/{rel}","templated":true}]}}