{"id":365064,"date":"2023-12-07T11:12:48","date_gmt":"2023-12-07T10:12:48","guid":{"rendered":"https:\/\/www.radiopiu.net\/wordpress\/?p=365064"},"modified":"2023-12-07T11:12:48","modified_gmt":"2023-12-07T10:12:48","slug":"solidarieta-di-cortinabanca-e-insieme-si-puo","status":"publish","type":"post","link":"https:\/\/www.radiopiu.net\/wordpress\/solidarieta-di-cortinabanca-e-insieme-si-puo\/","title":{"rendered":"Solidariet\u00e0 di CORTINABANCA e &#8220;Insieme si pu\u00f2&#8230;"},"content":{"rendered":"<blockquote>\n<h3><strong>***<\/strong><\/h3>\n<\/blockquote>\n<h3><strong><a class=\"dt-pswp-item\" href=\"https:\/\/www.radiopiu.net\/wordpress\/wp-content\/uploads\/2023\/12\/volantino-raddoppio-isp-cortinabanca-per-poverta-a-casa-nostra_2023.jpg\" data-dt-img-description=\"\" data-large_image_width=\"509\" data-large_image_height=\"720\"><img loading=\"lazy\" decoding=\"async\" class=\"wp-image-365063 alignleft\" src=\"https:\/\/www.radiopiu.net\/wordpress\/wp-content\/uploads\/2023\/12\/volantino-raddoppio-isp-cortinabanca-per-poverta-a-casa-nostra_2023-212x300.jpg\" alt=\"\" width=\"151\" height=\"214\" srcset=\"https:\/\/www.radiopiu.net\/wordpress\/wp-content\/uploads\/2023\/12\/volantino-raddoppio-isp-cortinabanca-per-poverta-a-casa-nostra_2023-212x300.jpg 212w, https:\/\/www.radiopiu.net\/wordpress\/wp-content\/uploads\/2023\/12\/volantino-raddoppio-isp-cortinabanca-per-poverta-a-casa-nostra_2023.jpg 509w\" sizes=\"auto, (max-width: 151px) 100vw, 151px\" \/><\/a><\/strong><\/h3>\n<p><strong>CORTINA\u00a0<\/strong> In collaborazione con l&#8217;Associazione Gruppi &#8220;Insieme si pu\u00f2&#8230;&#8221;, CORTINABANCA rinnova la sua azione di solidariet\u00e0 nel mese di dicembre, sostenendo il progetto &#8220;La povert\u00e0 a casa nostra&#8221;. La collaborazione prevede un gesto doppio, in quanto l&#8217;istituto ampezzano raddoppier\u00e0 ogni bonifico ricevuto a favore del progetto. Il progetto mira a supportare le famiglie in difficolt\u00e0 socio-economica della provincia di Belluno, fornendo aiuto nei bisogni essenziali e promuovendo un progetto di vita che favorisca l&#8217;autosostentamento. L&#8217;azione solidale comprende interventi su diverse situazioni problematiche, quali precariet\u00e0 lavorativa, difficolt\u00e0 abitative, problemi di salute, e altre emergenze. Chiunque desideri contribuire al progetto pu\u00f2 effettuare un bonifico per l&#8217;Associazione Gruppi Insieme si pu\u00f2.<\/p>\n<p>&nbsp;<\/p>\n<p>&nbsp;<\/p>\n<p>&nbsp;<\/p>\n<hr \/>\n<p>&nbsp;<\/p>\n","protected":false},"excerpt":{"rendered":"<p>*** CORTINA\u00a0 In collaborazione con l&#8217;Associazione Gruppi &#8220;Insieme si pu\u00f2&#8230;&#8221;, CORTINABANCA rinnova la sua azione di solidariet\u00e0 nel mese di dicembre, sostenendo il progetto &#8220;La povert\u00e0 a casa nostra&#8221;. La collaborazione prevede un gesto doppio, in quanto l&#8217;istituto ampezzano raddoppier\u00e0 ogni bonifico ricevuto a favore del progetto. Il progetto mira a supportare le famiglie in&hellip;<\/p>\n","protected":false},"author":4,"featured_media":365065,"comment_status":"closed","ping_status":"closed","sticky":false,"template":"","format":"standard","meta":{"_monsterinsights_skip_tracking":false,"_monsterinsights_sitenote_active":false,"_monsterinsights_sitenote_note":"","_monsterinsights_sitenote_category":0,"footnotes":""},"categories":[49],"tags":[],"class_list":["post-365064","post","type-post","status-publish","format-standard","has-post-thumbnail","hentry","category-news-18","category-49","description-off"],"img_url":"https:\/\/www.radiopiu.net\/wordpress\/wp-content\/uploads\/2023\/12\/Senza-nome-30.png","_links":{"self":[{"href":"https:\/\/www.radiopiu.net\/wordpress\/wp-json\/wp\/v2\/posts\/365064","targetHints":{"allow":["GET"]}}],"collection":[{"href":"https:\/\/www.radiopiu.net\/wordpress\/wp-json\/wp\/v2\/posts"}],"about":[{"href":"https:\/\/www.radiopiu.net\/wordpress\/wp-json\/wp\/v2\/types\/post"}],"author":[{"embeddable":true,"href":"https:\/\/www.radiopiu.net\/wordpress\/wp-json\/wp\/v2\/users\/4"}],"replies":[{"embeddable":true,"href":"https:\/\/www.radiopiu.net\/wordpress\/wp-json\/wp\/v2\/comments?post=365064"}],"version-history":[{"count":0,"href":"https:\/\/www.radiopiu.net\/wordpress\/wp-json\/wp\/v2\/posts\/365064\/revisions"}],"wp:featuredmedia":[{"embeddable":true,"href":"https:\/\/www.radiopiu.net\/wordpress\/wp-json\/wp\/v2\/media\/365065"}],"wp:attachment":[{"href":"https:\/\/www.radiopiu.net\/wordpress\/wp-json\/wp\/v2\/media?parent=365064"}],"wp:term":[{"taxonomy":"category","embeddable":true,"href":"https:\/\/www.radiopiu.net\/wordpress\/wp-json\/wp\/v2\/categories?post=365064"},{"taxonomy":"post_tag","embeddable":true,"href":"https:\/\/www.radiopiu.net\/wordpress\/wp-json\/wp\/v2\/tags?post=365064"}],"curies":[{"name":"wp","href":"https:\/\/api.w.org\/{rel}","templated":true}]}}