{"id":365087,"date":"2023-12-09T05:11:46","date_gmt":"2023-12-09T04:11:46","guid":{"rendered":"https:\/\/www.radiopiu.net\/wordpress\/?p=365087"},"modified":"2023-12-09T05:50:35","modified_gmt":"2023-12-09T04:50:35","slug":"risolto-il-problema-dellacqua-per-linnevamento-al-nevegal-squadra-di-enti-coinvolti","status":"publish","type":"post","link":"https:\/\/www.radiopiu.net\/wordpress\/risolto-il-problema-dellacqua-per-linnevamento-al-nevegal-squadra-di-enti-coinvolti\/","title":{"rendered":"Risolto il Problema dell&#8217;Acqua per l&#8217;Innevamento al Nevegal: Squadra di Enti Coinvolti"},"content":{"rendered":"<p>***<\/p>\n<p>&nbsp;<\/p>\n<p>&nbsp;<\/p>\n<p><strong><a class=\"dt-pswp-item\" href=\"https:\/\/www.radiopiu.net\/wordpress\/wp-content\/uploads\/2023\/12\/6c37cb28-e6db-416a-828c-344a91272b93.jpg\" data-dt-img-description=\"\" data-large_image_width=\"1600\" data-large_image_height=\"1200\"><img loading=\"lazy\" decoding=\"async\" class=\" wp-image-365089 alignleft\" src=\"https:\/\/www.radiopiu.net\/wordpress\/wp-content\/uploads\/2023\/12\/6c37cb28-e6db-416a-828c-344a91272b93-300x225.jpg\" alt=\"\" width=\"278\" height=\"208\" srcset=\"https:\/\/www.radiopiu.net\/wordpress\/wp-content\/uploads\/2023\/12\/6c37cb28-e6db-416a-828c-344a91272b93-300x225.jpg 300w, https:\/\/www.radiopiu.net\/wordpress\/wp-content\/uploads\/2023\/12\/6c37cb28-e6db-416a-828c-344a91272b93-1024x768.jpg 1024w, https:\/\/www.radiopiu.net\/wordpress\/wp-content\/uploads\/2023\/12\/6c37cb28-e6db-416a-828c-344a91272b93-768x576.jpg 768w, https:\/\/www.radiopiu.net\/wordpress\/wp-content\/uploads\/2023\/12\/6c37cb28-e6db-416a-828c-344a91272b93-1536x1152.jpg 1536w, https:\/\/www.radiopiu.net\/wordpress\/wp-content\/uploads\/2023\/12\/6c37cb28-e6db-416a-828c-344a91272b93.jpg 1600w\" sizes=\"auto, (max-width: 278px) 100vw, 278px\" \/><\/a>BELLUNO<\/strong> Dopo oltre vent&#8217;anni, \u00e8 stata risolta la questione della concessione idrica per l&#8217;innevamento al Nevegal, coinvolgendo il Comune di Belluno, Nevegal 2021, la Provincia di Belluno, Bim Gsp e l&#8217;Autorit\u00e0 di bacino. La concessione a tempo indeterminato del Pozzo dell&#8217;Anta numero 2 \u00e8 stata ottenuta grazie a un lavoro di squadra. Mentre il problema dell&#8217;acqua \u00e8 stato risolto, l&#8217;apertura della stagione invernale \u00e8 ancora vincolata alle condizioni meteorologiche. Nonostante ci\u00f2, Nevegal 2021 ha investito nelle manutenzioni, mirando a una rapida apertura. La firma del contratto di gestione degli impianti di risalita \u00e8 in attesa, ma la societ\u00e0 \u00e8 pronta per la stagione, puntando a essere competitiva nel settore famiglie e bambini.<\/p>\n<p>DI DANIELE DALVIT<\/p>\n<audio class=\"wp-audio-shortcode\" id=\"audio-365087-1\" preload=\"none\" style=\"width: 100%;\" controls=\"controls\"><source type=\"audio\/mpeg\" src=\"https:\/\/www.radiopiu.net\/wordpress\/wp-content\/uploads\/2023\/12\/Radio-Piu-Servizio-Risolto-problema-acqua-innevamento-Nevegal-1.mp3?_=1\" \/><a href=\"https:\/\/www.radiopiu.net\/wordpress\/wp-content\/uploads\/2023\/12\/Radio-Piu-Servizio-Risolto-problema-acqua-innevamento-Nevegal-1.mp3\">https:\/\/www.radiopiu.net\/wordpress\/wp-content\/uploads\/2023\/12\/Radio-Piu-Servizio-Risolto-problema-acqua-innevamento-Nevegal-1.mp3<\/a><\/audio>\n<p>&nbsp;<\/p>\n<p>&nbsp;<\/p>\n<p>&nbsp;<\/p>\n<hr \/>\n<p>&nbsp;<\/p>\n","protected":false},"excerpt":{"rendered":"<p>*** &nbsp; &nbsp; BELLUNO Dopo oltre vent&#8217;anni, \u00e8 stata risolta la questione della concessione idrica per l&#8217;innevamento al Nevegal, coinvolgendo il Comune di Belluno, Nevegal 2021, la Provincia di Belluno, Bim Gsp e l&#8217;Autorit\u00e0 di bacino. La concessione a tempo indeterminato del Pozzo dell&#8217;Anta numero 2 \u00e8 stata ottenuta grazie a un lavoro di squadra.&hellip;<\/p>\n","protected":false},"author":4,"featured_media":365089,"comment_status":"closed","ping_status":"closed","sticky":false,"template":"","format":"standard","meta":{"_monsterinsights_skip_tracking":false,"_monsterinsights_sitenote_active":false,"_monsterinsights_sitenote_note":"","_monsterinsights_sitenote_category":0,"footnotes":""},"categories":[51,49],"tags":[],"class_list":["post-365087","post","type-post","status-publish","format-standard","has-post-thumbnail","hentry","category-evidenza-top","category-news-18","category-51","category-49","description-off"],"img_url":"https:\/\/www.radiopiu.net\/wordpress\/wp-content\/uploads\/2023\/12\/6c37cb28-e6db-416a-828c-344a91272b93.jpg","_links":{"self":[{"href":"https:\/\/www.radiopiu.net\/wordpress\/wp-json\/wp\/v2\/posts\/365087","targetHints":{"allow":["GET"]}}],"collection":[{"href":"https:\/\/www.radiopiu.net\/wordpress\/wp-json\/wp\/v2\/posts"}],"about":[{"href":"https:\/\/www.radiopiu.net\/wordpress\/wp-json\/wp\/v2\/types\/post"}],"author":[{"embeddable":true,"href":"https:\/\/www.radiopiu.net\/wordpress\/wp-json\/wp\/v2\/users\/4"}],"replies":[{"embeddable":true,"href":"https:\/\/www.radiopiu.net\/wordpress\/wp-json\/wp\/v2\/comments?post=365087"}],"version-history":[{"count":0,"href":"https:\/\/www.radiopiu.net\/wordpress\/wp-json\/wp\/v2\/posts\/365087\/revisions"}],"wp:featuredmedia":[{"embeddable":true,"href":"https:\/\/www.radiopiu.net\/wordpress\/wp-json\/wp\/v2\/media\/365089"}],"wp:attachment":[{"href":"https:\/\/www.radiopiu.net\/wordpress\/wp-json\/wp\/v2\/media?parent=365087"}],"wp:term":[{"taxonomy":"category","embeddable":true,"href":"https:\/\/www.radiopiu.net\/wordpress\/wp-json\/wp\/v2\/categories?post=365087"},{"taxonomy":"post_tag","embeddable":true,"href":"https:\/\/www.radiopiu.net\/wordpress\/wp-json\/wp\/v2\/tags?post=365087"}],"curies":[{"name":"wp","href":"https:\/\/api.w.org\/{rel}","templated":true}]}}