{"id":365203,"date":"2023-12-09T05:19:49","date_gmt":"2023-12-09T04:19:49","guid":{"rendered":"https:\/\/www.radiopiu.net\/wordpress\/?p=365203"},"modified":"2023-12-09T05:45:31","modified_gmt":"2023-12-09T04:45:31","slug":"ondata-di-furti-a-limana-segnalazioni-numerose-e-un-furto-accertato","status":"publish","type":"post","link":"https:\/\/www.radiopiu.net\/wordpress\/ondata-di-furti-a-limana-segnalazioni-numerose-e-un-furto-accertato\/","title":{"rendered":"Ondata di Furti a Limana: Segnalazioni Numerose e un Furto Accertato"},"content":{"rendered":"<p><strong><img loading=\"lazy\" decoding=\"async\" class=\"alignleft\" src=\"https:\/\/www.radiopiu.net\/wordpress\/wp-content\/uploads\/2019\/11\/LIMANA.jpg\" width=\"290\" height=\"163\" \/>LIMANA<\/strong> La tranquillit\u00e0 della serata a Limana \u00e8 stata turbata da una serie di segnalazioni di furti, con almeno un caso accertato che ha destato preoccupazione nella comunit\u00e0. I primi allarmi sono giunti tra le 19 e le 20, concentrati soprattutto nella parte alta del comune, nelle zone di Coi e Navasa. Tuttavia, la situazione \u00e8 divenuta pi\u00f9 seria con la notizia di un furto confermato in pieno centro, precisamente in via Sandro Pertini, una strada aperta solo pochi anni fa e che collega via Baorche con via Roma. La zona lungo via Pertini \u00e8 caratterizzata principalmente da villette singole, ed \u00e8 proprio in una di queste, nella parte pi\u00f9 ovest del quartiere, che si \u00e8 verificato il furto. I carabinieri sono prontamente intervenuti sul luogo, rispondendo alle chiamate di emergenza che giungevano non solo dalla zona interessata ma anche da altre zone del territorio di Limana. Nella serata, l&#8217;amministrazione comunale ha preso posizione sui social, confermando ufficialmente il furto nel centro della citt\u00e0. La comunit\u00e0 \u00e8 stata sollecitata a segnalare tempestivamente al numero di emergenza 112 sia i furti subiti che qualsiasi movimento sospetto, prima di diffondere informazioni attraverso altri canali. L&#8217;amministrazione ha sottolineato l&#8217;importanza della tempestivit\u00e0 nelle segnalazioni, indicando come ci\u00f2 possa agevolare le indagini e talvolta contribuire a circoscrivere le aree coinvolte nei furti.<\/p>\n<p>&nbsp;<\/p>\n<p>&nbsp;<\/p>\n<p>__<\/p>\n","protected":false},"excerpt":{"rendered":"<p>LIMANA La tranquillit\u00e0 della serata a Limana \u00e8 stata turbata da una serie di segnalazioni di furti, con almeno un caso accertato che ha destato preoccupazione nella comunit\u00e0. I primi allarmi sono giunti tra le 19 e le 20, concentrati soprattutto nella parte alta del comune, nelle zone di Coi e Navasa. Tuttavia, la situazione&hellip;<\/p>\n","protected":false},"author":4,"featured_media":105869,"comment_status":"closed","ping_status":"closed","sticky":false,"template":"","format":"standard","meta":{"_monsterinsights_skip_tracking":false,"_monsterinsights_sitenote_active":false,"_monsterinsights_sitenote_note":"","_monsterinsights_sitenote_category":0,"footnotes":""},"categories":[104,49],"tags":[],"class_list":["post-365203","post","type-post","status-publish","format-standard","has-post-thumbnail","hentry","category-evidenza_3","category-news-18","category-104","category-49","description-off"],"img_url":"https:\/\/www.radiopiu.net\/wordpress\/wp-content\/uploads\/2019\/11\/LIMANA.jpg","_links":{"self":[{"href":"https:\/\/www.radiopiu.net\/wordpress\/wp-json\/wp\/v2\/posts\/365203","targetHints":{"allow":["GET"]}}],"collection":[{"href":"https:\/\/www.radiopiu.net\/wordpress\/wp-json\/wp\/v2\/posts"}],"about":[{"href":"https:\/\/www.radiopiu.net\/wordpress\/wp-json\/wp\/v2\/types\/post"}],"author":[{"embeddable":true,"href":"https:\/\/www.radiopiu.net\/wordpress\/wp-json\/wp\/v2\/users\/4"}],"replies":[{"embeddable":true,"href":"https:\/\/www.radiopiu.net\/wordpress\/wp-json\/wp\/v2\/comments?post=365203"}],"version-history":[{"count":0,"href":"https:\/\/www.radiopiu.net\/wordpress\/wp-json\/wp\/v2\/posts\/365203\/revisions"}],"wp:featuredmedia":[{"embeddable":true,"href":"https:\/\/www.radiopiu.net\/wordpress\/wp-json\/wp\/v2\/media\/105869"}],"wp:attachment":[{"href":"https:\/\/www.radiopiu.net\/wordpress\/wp-json\/wp\/v2\/media?parent=365203"}],"wp:term":[{"taxonomy":"category","embeddable":true,"href":"https:\/\/www.radiopiu.net\/wordpress\/wp-json\/wp\/v2\/categories?post=365203"},{"taxonomy":"post_tag","embeddable":true,"href":"https:\/\/www.radiopiu.net\/wordpress\/wp-json\/wp\/v2\/tags?post=365203"}],"curies":[{"name":"wp","href":"https:\/\/api.w.org\/{rel}","templated":true}]}}