{"id":365219,"date":"2023-12-09T07:55:44","date_gmt":"2023-12-09T06:55:44","guid":{"rendered":"https:\/\/www.radiopiu.net\/wordpress\/?p=365219"},"modified":"2023-12-09T08:49:01","modified_gmt":"2023-12-09T07:49:01","slug":"rst9-12-23a","status":"publish","type":"post","link":"https:\/\/www.radiopiu.net\/wordpress\/rst9-12-23a\/","title":{"rendered":"DAL 1983, L&#8217;ORIGINALE: LA RASSEGNA STAMPA LOCALE E NON PERDERTI LE ANTICIPAZIONI ALLE SETTE DEL MATTINO, TANTE NOTIZIE IN POCHE CHIACCHIERE"},"content":{"rendered":"<p>&nbsp;<\/p>\n<p><iframe loading=\"lazy\" title=\"RASSEGNA STAMPA LOCALE\" width=\"1200\" height=\"675\" src=\"https:\/\/www.youtube.com\/embed\/UCEs8fiowg0?feature=oembed\" frameborder=\"0\" allow=\"accelerometer; autoplay; clipboard-write; encrypted-media; gyroscope; picture-in-picture; web-share\" allowfullscreen><\/iframe><\/p>\n<p>&nbsp;<\/p>\n<p><strong>GIORNATA<\/strong> di grandi eventi quella di ieri, a Falcade (piana) ed Alleghe (in piazza) sono stati accesi gli alberi di Natale. A Falcade via anche ai mercatini d&#8217;inverno, oggi per tutto il giorno a Caviola. Ad Alleghe inaugurato il percorso poetico nel ricordo di Afra. Anche a Toccol di Agordo \u00e8 stato realizzato il presepe, da vedere, al lavatoio.<\/p>\n<p><strong>La giornata dell&#8217;Immacolata<\/strong> ha rappresentato un periodo di grande impegno per la rete dell&#8217;emergenza-urgenza dell&#8217;Ulss Dolomiti, che ha risposto con efficienza alle numerose richieste di intervento legate a incidenti stradali, traumi in pista e malori, spesso derivati dal consistente afflusso turistico in occasione del ponte dell&#8217;Immacolata.<br \/>\n<strong>VODO DI CADORE<\/strong> Alle 10:40 di ieri mattina,\u00a0 il grave incidente lungo la statale Alemagna. I vigili del fuoco sono stati chiamati d&#8217;urgenza per intervenire su uno scontro frontale tra un&#8217;auto, una mini che viaggiava in direzione di Cortina,\u00a0 e un camper, che ha causato la morte di una donna, Imelda Pordon di 71 anni albergatrice di San Vito di Cadore<br \/>\n<strong>SANTA\u00a0 GIUSTINA<\/strong> Poco dopo le 9:30, ieri, un incidente stradale ha coinvolto due veicoli lungo la SS 50 in via Trevigiana, nella localit\u00e0 di Volpere. I vigili del fuoco sono intervenuti prontamente per gestire la situazione,\u00a0 una persona \u00e8 rimasta ferita nell&#8217;incidente.<br \/>\n<strong>BELLUNO<\/strong> Alle 9.30, di venerd\u00ec, i vigili del fuoco della centrale sono intervenuti in localit\u00e0 Tisoi in via San Simon a Belluno per una pianta finita sulla strada: nessuna persona \u00e8 rimasta ferita. A mezzogiorno altro intervento per i vigili del fuoco della centrale per l\u2019incendio del cassonetto della raccolta della carta posto in Via Vittorio Veneto a Belluno. I pompieri accorsi con un\u2019autopompa, hanno prontamente spento con la schiuma le fiamme, evitando il coinvolgimento del vicino cassonetto della plastica.<br \/>\n<strong>Ondata di Furti<\/strong> a Limana: Segnalazioni Numerose e un Furto Accertato<br \/>\n<strong>Lotta alla Contraffazione &#8211;<\/strong> Risultati Anno 2022 BELLUNO Nell&#8217;ultimo anno, la Linea Diretta Anticontraffazione (LAC) ha gestito circa 2000 richieste di assistenza, fornendo supporto contro la violazione dei diritti di propriet\u00e0 industriale e promuovendo la tutela del &#8220;Made in Italy.<br \/>\n<strong>Campagna Arpav<\/strong> sulla qualit\u00e0 dell&#8217;aria in Alpago Dal 28 novembre \u00e8 iniziata la seconda campagna sulla qualit\u00e0 dell\u2019aria programmata per quest\u2019anno.<br \/>\n<strong>Conclusi<\/strong> i Lavori di Adeguamento al Serbatoio di Gaidon a La Valle Agordina: Investimento di 110.000 Euro<br \/>\n<strong>Risolto<\/strong> il Problema dell&#8217;Acqua per l&#8217;Innevamento al Nevegal: Squadra di Enti Coinvolti<br \/>\n<strong>Contributi Differenziati<\/strong> per Studenti a Belluno e Bolzano: Incentivi del Comune di Livinallongo<br \/>\n<strong>Solidariet\u00e0 di CORTINABANCA<\/strong> e &#8220;Insieme si pu\u00f2&#8230; CORTINA\u00a0 In collaborazione con l&#8217;Associazione Gruppi &#8220;Insieme si pu\u00f2&#8230;&#8221;, CORTINABANCA rinnova la sua azione di solidariet\u00e0 nel mese di dicembre, sostenendo il progetto &#8220;La povert\u00e0 a casa nostra&#8221;<br \/>\n<strong>LONGARONE<\/strong>\u00a0 \u00a0Il Comune di Longarone e la Fondazione Vajont hanno annunciato un commovente pellegrinaggio dei sopravvissuti della tragedia del Vajont in udienza speciale con Papa Francesco, in occasione del 60\u00b0 anniversario dell&#8217;evento.<br \/>\n<strong>AGORDO<\/strong> Oggi alle 16 in sala Don Tamis premiazione degli atleti e societ\u00e0 che si sono distinti nell&#8217;anno, nomina dell&#8217;allenatore, giudice, dirigente e atleti dell&#8217;anno. Con il Comitato Provinciale della Fidal in collaborazione con Atletica Agordina.<br \/>\n<strong>OGGI ALLE 13<\/strong> AI PIANI DI PEZZE&#8217;-ALLEGHE- IL CONCERTO DEI RUMATERA E LA PRESENTAZIONE DEL NUOVO SINGOLO APRES SKI<br \/>\nTAIBON L&#8217;assemblea del gruppo alpini di Agordo Rivamonte Taibon \u00e8 programmata per domani a Taibon presieduta dal capogruppo Giovanni Da Pr\u00e0, alle 9,30 nel vecchio municipio,\u00a0 alle 11\u00a0 la messa nella parrocchiale.<br \/>\n<strong>FALCADE<\/strong> Oggi il mercatino d&#8217;inverno a Caviola e a Canale D&#8217;Agordo dalle 16 passeggiata con gli asini e gli zampognari, alle 17:30 l&#8217;accensione dell&#8217;Albero di Natale con la Pro Loco<br \/>\nVOLTAGO Il Gruppo Giovani di Voltago organizzano per domani alle 19 in piazza di Frassen\u00e8 il tradizionale arrivo dei Krampus.<br \/>\nLIVINALLONGO Il gruppo insieme si pu\u00f2 &#8220;fodom&#8221;i ricorda il mercatino di Natale ad Arabba. Il ricavato andr\u00e0 a suor Agnese Grones in Pakistan.<br \/>\nLA VALLE AGORDINA\u00a0La rassegna \u201cSot al Tamer\u201d fa ritorno a La Valle Agordina. QUESTA SERA Maurizio De Cassan: Tecnico del Centro di Ricerche ENEA con 12 esperienze in Antartide<br \/>\nFELTRE Gli eventi in programma per celebrare i 40 anni del Libro Parlato di Feltre \u201cA. Sernagiotto\u201d. OGGI alle 18 in Sala Ocri Letture ad alta voce dedicate a Italo Calvino con Fabio Dalla Zuanna e Anna Branciforti<\/p>\n<p>CALCIO DOMANI IN CAMPO AGORDINA E PIAVE PER LA TERZA CATEGORIA<br \/>\nCALCIO A 5 TORNEO DEGLI ANGELI: DOMANI I QUARTI DI FINALE<br \/>\nAGORDINO GHIACCIO SPORT\u00a0 TRIONFO NELLA GINNASTICA ARTISTICA: AGORDINO GHIACCIO E SPORT CELEBRA I RISULTATI STRAORDINARI DEI GIOVANI ATLETI<br \/>\nPALLAVOLO Belluno Volley Continua il Trionfo: Bologna Sconfitta in Tre Set<\/p>\n","protected":false},"excerpt":{"rendered":"<p>&nbsp; &nbsp; GIORNATA di grandi eventi quella di ieri, a Falcade (piana) ed Alleghe (in piazza) sono stati accesi gli alberi di Natale. A Falcade via anche ai mercatini d&#8217;inverno, oggi per tutto il giorno a Caviola. Ad Alleghe inaugurato il percorso poetico nel ricordo di Afra. Anche a Toccol di Agordo \u00e8 stato realizzato&hellip;<\/p>\n","protected":false},"author":4,"featured_media":365205,"comment_status":"closed","ping_status":"closed","sticky":false,"template":"","format":"standard","meta":{"_monsterinsights_skip_tracking":false,"_monsterinsights_sitenote_active":false,"_monsterinsights_sitenote_note":"","_monsterinsights_sitenote_category":0,"footnotes":""},"categories":[104,49,142],"tags":[],"class_list":["post-365219","post","type-post","status-publish","format-standard","has-post-thumbnail","hentry","category-evidenza_3","category-news-18","category-rassegna-stampa","category-104","category-49","category-142","description-off"],"img_url":"https:\/\/www.radiopiu.net\/wordpress\/wp-content\/uploads\/2023\/12\/copertna.png","_links":{"self":[{"href":"https:\/\/www.radiopiu.net\/wordpress\/wp-json\/wp\/v2\/posts\/365219","targetHints":{"allow":["GET"]}}],"collection":[{"href":"https:\/\/www.radiopiu.net\/wordpress\/wp-json\/wp\/v2\/posts"}],"about":[{"href":"https:\/\/www.radiopiu.net\/wordpress\/wp-json\/wp\/v2\/types\/post"}],"author":[{"embeddable":true,"href":"https:\/\/www.radiopiu.net\/wordpress\/wp-json\/wp\/v2\/users\/4"}],"replies":[{"embeddable":true,"href":"https:\/\/www.radiopiu.net\/wordpress\/wp-json\/wp\/v2\/comments?post=365219"}],"version-history":[{"count":0,"href":"https:\/\/www.radiopiu.net\/wordpress\/wp-json\/wp\/v2\/posts\/365219\/revisions"}],"wp:featuredmedia":[{"embeddable":true,"href":"https:\/\/www.radiopiu.net\/wordpress\/wp-json\/wp\/v2\/media\/365205"}],"wp:attachment":[{"href":"https:\/\/www.radiopiu.net\/wordpress\/wp-json\/wp\/v2\/media?parent=365219"}],"wp:term":[{"taxonomy":"category","embeddable":true,"href":"https:\/\/www.radiopiu.net\/wordpress\/wp-json\/wp\/v2\/categories?post=365219"},{"taxonomy":"post_tag","embeddable":true,"href":"https:\/\/www.radiopiu.net\/wordpress\/wp-json\/wp\/v2\/tags?post=365219"}],"curies":[{"name":"wp","href":"https:\/\/api.w.org\/{rel}","templated":true}]}}