{"id":365234,"date":"2023-12-11T05:34:30","date_gmt":"2023-12-11T04:34:30","guid":{"rendered":"https:\/\/www.radiopiu.net\/wordpress\/?p=365234"},"modified":"2023-12-11T09:14:29","modified_gmt":"2023-12-11T08:14:29","slug":"grp11dic","status":"publish","type":"post","link":"https:\/\/www.radiopiu.net\/wordpress\/grp11dic\/","title":{"rendered":"GIORNALE RADIOPIU 11 DICEMBRE 2023 DIRETTORE MIRKO MEZZACASA\u2026DA 40 ANNI 25 GIUGNO 1983-25 GIUGNO 2023"},"content":{"rendered":"<p>*****<\/p>\n<p>&nbsp;<\/p>\n<h1 class=\"entry-title photoswipe-wrapper\">40esimo di RADIOPIU\u2026. LA VOCE DELL\u2019EMOZIONE<\/h1>\n<h2><span style=\"color: #ff0000;\">ISCRIVITI AL NOSTRO CANALE\u00a0\u00a0YOUTUBE PER SEGUIRE IN DIRETTA I PRINCIPALI PROGRAMMI DI RADIO PIU\u2019 E LE FUTURE DIRETTE IN ESTERNA. PER ISCRIVERTI <a style=\"color: #ff0000;\" href=\"https:\/\/youtube.com\/@radiopiu1527\">CLICCA QUI\u00a0<\/a>E PREMI\u00a0 \u201cIscriviti\u201d\u00a0<\/span><\/h2>\n<p>&nbsp;<\/p>\n<p><strong>UN GRAN PONTE DELL&#8217;IMMACOLATA\u00a0<\/strong> Per albergatori e impiantisti un grande\u00a0 inizio di stagione. Purtroppo a soli 3 anni dalle Olimpiadi 2026 riecco i problemi della viabilit\u00e0 bellunese. Turisti in coda\u00a0 per ore sull&#8217;Alemagna, ma anche sull&#8217;Agordina.\u00a0Le arterie principali, tra cui l&#8217;Alemagna, la 203 Agordina e la 51 bis, hanno subito ritardi significativi, generando polemiche tra i viaggiatori. Le situazioni pi\u00f9 critiche sono state registrate in discesa da Cortina, Cadore e Comelico, con code formatesi gi\u00e0 dalle 9 del mattino. La collaborazione con Anas e la presenza di movieri in alcune zone hanno mitigato leggermente la situazione, ma le lunghe attese e le basse velocit\u00e0 di percorrenza hanno evidenziato la necessit\u00e0 di migliorare le infrastrutture viarie.<\/p>\n\n\t\t\t<style type='text\/css'>\n\t\t\t\t#gallery-1 {\n\t\t\t\t\tmargin: auto;\n\t\t\t\t}\n\t\t\t\t#gallery-1 .gallery-item {\n\t\t\t\t\tfloat: left;\n\t\t\t\t\tmargin-top: 10px;\n\t\t\t\t\ttext-align: center;\n\t\t\t\t\twidth: 16%;\n\t\t\t\t}\n\t\t\t\t#gallery-1 img {\n\t\t\t\t\tborder: 2px solid #cfcfcf;\n\t\t\t\t}\n\t\t\t\t#gallery-1 .gallery-caption {\n\t\t\t\t\tmargin-left: 0;\n\t\t\t\t}\n\t\t\t\t\/* see gallery_shortcode() in wp-includes\/media.php *\/\n\t\t\t<\/style>\n\t\t<div id='gallery-1' class='dt-gallery-container gallery galleryid-365234 gallery-columns-6 gallery-size-thumbnail'><dl class='gallery-item'>\n\t\t\t\t<dt class='gallery-icon landscape'>\n\t\t\t\t\t<a class=\"rollover rollover-zoom dt-pswp-item\" title=\"de98ca01-24f0-46ab-a3c7-ffc0b8c47dcb\" data-dt-img-description=\"\" data-large_image_width=\"1600\" data-large_image_height=\"720\"href='https:\/\/www.radiopiu.net\/wordpress\/wp-content\/uploads\/2023\/12\/de98ca01-24f0-46ab-a3c7-ffc0b8c47dcb-1.jpg'><img loading=\"lazy\" decoding=\"async\" width=\"150\" height=\"150\" src=\"https:\/\/www.radiopiu.net\/wordpress\/wp-content\/uploads\/2023\/12\/de98ca01-24f0-46ab-a3c7-ffc0b8c47dcb-1-150x150.jpg\" class=\"attachment-thumbnail size-thumbnail\" alt=\"\" aria-describedby=\"gallery-1-365472\" \/><\/a>\n\t\t\t\t<\/dt>\n\t\t\t\t\t<dd class='wp-caption-text gallery-caption' id='gallery-1-365472'>\n\t\t\t\t\tAGORDO 17 45\n\t\t\t\t\t<\/dd><\/dl><dl class='gallery-item'>\n\t\t\t\t<dt class='gallery-icon landscape'>\n\t\t\t\t\t<a class=\"rollover rollover-zoom dt-pswp-item\" title=\"90022a34-f358-49b0-9c17-78d654b4df6d\" data-dt-img-description=\"\" data-large_image_width=\"1600\" data-large_image_height=\"900\"href='https:\/\/www.radiopiu.net\/wordpress\/wp-content\/uploads\/2023\/12\/90022a34-f358-49b0-9c17-78d654b4df6d-1.jpg'><img loading=\"lazy\" decoding=\"async\" width=\"150\" height=\"150\" src=\"https:\/\/www.radiopiu.net\/wordpress\/wp-content\/uploads\/2023\/12\/90022a34-f358-49b0-9c17-78d654b4df6d-1-150x150.jpg\" class=\"attachment-thumbnail size-thumbnail\" alt=\"\" aria-describedby=\"gallery-1-365392\" \/><\/a>\n\t\t\t\t<\/dt>\n\t\t\t\t\t<dd class='wp-caption-text gallery-caption' id='gallery-1-365392'>\n\t\t\t\t\ttangenziale agordo\n\t\t\t\t\t<\/dd><\/dl><dl class='gallery-item'>\n\t\t\t\t<dt class='gallery-icon landscape'>\n\t\t\t\t\t<a class=\"rollover rollover-zoom dt-pswp-item\" title=\"c70ff77d-e2a0-4f05-8dfc-f901cb993907\" data-dt-img-description=\"\" data-large_image_width=\"1280\" data-large_image_height=\"720\"href='https:\/\/www.radiopiu.net\/wordpress\/wp-content\/uploads\/2023\/12\/c70ff77d-e2a0-4f05-8dfc-f901cb993907.jpg'><img loading=\"lazy\" decoding=\"async\" width=\"150\" height=\"150\" src=\"https:\/\/www.radiopiu.net\/wordpress\/wp-content\/uploads\/2023\/12\/c70ff77d-e2a0-4f05-8dfc-f901cb993907-150x150.jpg\" class=\"attachment-thumbnail size-thumbnail\" alt=\"\" aria-describedby=\"gallery-1-365453\" \/><\/a>\n\t\t\t\t<\/dt>\n\t\t\t\t\t<dd class='wp-caption-text gallery-caption' id='gallery-1-365453'>\n\t\t\t\t\tCencenighe\n\t\t\t\t\t<\/dd><\/dl><dl class='gallery-item'>\n\t\t\t\t<dt class='gallery-icon portrait'>\n\t\t\t\t\t<a class=\"rollover rollover-zoom dt-pswp-item\" title=\"e138ce73-9098-40ba-ba60-f67a24e2d352\" data-dt-img-description=\"\" data-large_image_width=\"960\" data-large_image_height=\"1280\"href='https:\/\/www.radiopiu.net\/wordpress\/wp-content\/uploads\/2023\/12\/e138ce73-9098-40ba-ba60-f67a24e2d352-1.jpg'><img loading=\"lazy\" decoding=\"async\" width=\"150\" height=\"150\" src=\"https:\/\/www.radiopiu.net\/wordpress\/wp-content\/uploads\/2023\/12\/e138ce73-9098-40ba-ba60-f67a24e2d352-1-150x150.jpg\" class=\"attachment-thumbnail size-thumbnail\" alt=\"\" aria-describedby=\"gallery-1-365391\" \/><\/a>\n\t\t\t\t<\/dt>\n\t\t\t\t\t<dd class='wp-caption-text gallery-caption' id='gallery-1-365391'>\n\t\t\t\t\tLa Stanga\n\t\t\t\t\t<\/dd><\/dl><dl class='gallery-item'>\n\t\t\t\t<dt class='gallery-icon portrait'>\n\t\t\t\t\t<a class=\"rollover rollover-zoom dt-pswp-item\" title=\"9b1d87f5-1458-40d4-bed8-f0c23771ea43\" data-dt-img-description=\"\" data-large_image_width=\"958\" data-large_image_height=\"1280\"href='https:\/\/www.radiopiu.net\/wordpress\/wp-content\/uploads\/2023\/12\/9b1d87f5-1458-40d4-bed8-f0c23771ea43.jpg'><img loading=\"lazy\" decoding=\"async\" width=\"150\" height=\"150\" src=\"https:\/\/www.radiopiu.net\/wordpress\/wp-content\/uploads\/2023\/12\/9b1d87f5-1458-40d4-bed8-f0c23771ea43-150x150.jpg\" class=\"attachment-thumbnail size-thumbnail\" alt=\"\" aria-describedby=\"gallery-1-365449\" \/><\/a>\n\t\t\t\t<\/dt>\n\t\t\t\t\t<dd class='wp-caption-text gallery-caption' id='gallery-1-365449'>\n\t\t\t\t\tCadore\n\t\t\t\t\t<\/dd><\/dl><dl class='gallery-item'>\n\t\t\t\t<dt class='gallery-icon landscape'>\n\t\t\t\t\t<a class=\"rollover rollover-zoom dt-pswp-item\" title=\"4314bb45-fed0-4bb1-bbea-4b0a4bc0c559\" data-dt-img-description=\"\" data-large_image_width=\"1280\" data-large_image_height=\"960\"href='https:\/\/www.radiopiu.net\/wordpress\/wp-content\/uploads\/2023\/12\/4314bb45-fed0-4bb1-bbea-4b0a4bc0c559.jpg'><img loading=\"lazy\" decoding=\"async\" width=\"150\" height=\"150\" src=\"https:\/\/www.radiopiu.net\/wordpress\/wp-content\/uploads\/2023\/12\/4314bb45-fed0-4bb1-bbea-4b0a4bc0c559-150x150.jpg\" class=\"attachment-thumbnail size-thumbnail\" alt=\"\" aria-describedby=\"gallery-1-365370\" \/><\/a>\n\t\t\t\t<\/dt>\n\t\t\t\t\t<dd class='wp-caption-text gallery-caption' id='gallery-1-365370'>\n\t\t\t\t\tlongarone\n\t\t\t\t\t<\/dd><\/dl><br style=\"clear: both\" \/>\n\t\t\t<\/div>\n\n<p>&nbsp;<\/p>\n<p>&nbsp;<\/p>\n<hr \/>\n<p>&nbsp;<\/p>\n<blockquote>\n<blockquote>\n<h1><span style=\"color: #ff0000;\">i podcast informativi del mattino &#8211; audio &#8211;\u00a0<\/span><\/h1>\n<\/blockquote>\n<p><strong><a class=\"dt-pswp-item\" href=\"https:\/\/www.radiopiu.net\/wordpress\/wp-content\/uploads\/2023\/11\/th-10.jpg\" data-dt-img-description=\"\" data-large_image_width=\"320\" data-large_image_height=\"180\"><img loading=\"lazy\" decoding=\"async\" class=\"wp-image-362866 alignleft\" src=\"https:\/\/www.radiopiu.net\/wordpress\/wp-content\/uploads\/2023\/11\/th-10-300x169.jpg\" alt=\"\" width=\"185\" height=\"104\" srcset=\"https:\/\/www.radiopiu.net\/wordpress\/wp-content\/uploads\/2023\/11\/th-10-300x169.jpg 300w, https:\/\/www.radiopiu.net\/wordpress\/wp-content\/uploads\/2023\/11\/th-10.jpg 320w\" sizes=\"auto, (max-width: 185px) 100vw, 185px\" \/><\/a>LA RASSEGNA STAMPA NAZIONALE ALLA RADIO, OGNI GIORNO ALLE 5 E ALLE 6 DEL MATTINO <span style=\"color: #0000ff;\">viene pubblicata alle 6.00 <span style=\"color: #ff0000;\">DIRETTA RADIO\u00a0\u00a0<\/span><\/span><\/strong><\/p>\n<p>DI STEFANO FAMA<\/p>\n<p><strong>TITOLI<\/strong> selezionati dalle testate giornalistiche nazionali:<strong> Politica<\/strong>\u00a0stop della lega alla camera, <strong>economia<\/strong> bonus 100 euro in busta paga. Nuovo Presidente <strong>Milay<\/strong> agli argentini non ci sono soldi, riforme shock, dal fronte <strong>Israele e Gaza<\/strong>, <strong>Caserta<\/strong> donna trovata morta in un baule, <strong>Anzio<\/strong> tenta di rubare in un bar e viene preso a coltellate e bastonate, <strong>Salerno<\/strong> un sacerdote si\u00a0 innamora di una parrocchiana e scappa via con lei. <strong>Nola<\/strong> aggredisce La ex compagna nel parcheggio di un supermercato, <strong>Sport<\/strong>, Romania, europei di nuoto in vasca corta.<\/p>\n<audio class=\"wp-audio-shortcode\" id=\"audio-365234-1\" preload=\"none\" style=\"width: 100%;\" controls=\"controls\"><source type=\"audio\/mpeg\" src=\"https:\/\/www.radiopiu.net\/wordpress\/wp-content\/uploads\/2023\/12\/GIORNALEDELLESEI-7.mp3?_=1\" \/><a href=\"https:\/\/www.radiopiu.net\/wordpress\/wp-content\/uploads\/2023\/12\/GIORNALEDELLESEI-7.mp3\">https:\/\/www.radiopiu.net\/wordpress\/wp-content\/uploads\/2023\/12\/GIORNALEDELLESEI-7.mp3<\/a><\/audio>\n<p>&nbsp;<\/p>\n<p>&nbsp;<\/p>\n<p><strong><a class=\"dt-pswp-item\" href=\"https:\/\/www.radiopiu.net\/wordpress\/wp-content\/uploads\/2021\/07\/microfono-radio-ok-768x448-768x448-1.jpg\" data-dt-img-description=\"\" data-large_image_width=\"768\" data-large_image_height=\"448\"><img loading=\"lazy\" decoding=\"async\" class=\"wp-image-220632 alignleft\" src=\"https:\/\/www.radiopiu.net\/wordpress\/wp-content\/uploads\/2021\/07\/microfono-radio-ok-768x448-768x448-1-300x175.jpg\" alt=\"\" width=\"178\" height=\"104\" srcset=\"https:\/\/www.radiopiu.net\/wordpress\/wp-content\/uploads\/2021\/07\/microfono-radio-ok-768x448-768x448-1-300x175.jpg 300w, https:\/\/www.radiopiu.net\/wordpress\/wp-content\/uploads\/2021\/07\/microfono-radio-ok-768x448-768x448-1.jpg 768w\" sizes=\"auto, (max-width: 178px) 100vw, 178px\" \/><\/a>GIORNALE RADIO NAZIONALE, EDIZIONE DELLE SETTE <span style=\"color: #0000ff;\">viene pubblicato alle 7.05 <span style=\"color: #ff0000;\">DIRETTA RADIO<\/span><\/span><\/strong><\/p>\n<audio class=\"wp-audio-shortcode\" id=\"audio-365234-2\" preload=\"none\" style=\"width: 100%;\" controls=\"controls\"><source type=\"audio\/mpeg\" src=\"https:\/\/www.radiopiu.net\/wordpress\/wp-content\/uploads\/2023\/12\/giornale07-8.mp3?_=2\" \/><a href=\"https:\/\/www.radiopiu.net\/wordpress\/wp-content\/uploads\/2023\/12\/giornale07-8.mp3\">https:\/\/www.radiopiu.net\/wordpress\/wp-content\/uploads\/2023\/12\/giornale07-8.mp3<\/a><\/audio>\n<p>&nbsp;<\/p>\n<p>&nbsp;<\/p>\n<p>&nbsp;<\/p>\n<h2><strong>RASSEGNA STAMPA LOCALE, ORE OTTO <span style=\"color: #0000ff;\">viene pubblicata alle 8.05 <span style=\"color: #ff0000;\">DIRETTA RADIO<\/span><\/span><\/strong><\/h2>\n<p>&nbsp;<\/p>\n<p>&nbsp;<\/p><\/blockquote>\n<p><iframe loading=\"lazy\" title=\"LA RASSEGNA STAMPA LOCALE: L&#039;ORIGINALE DAL 1983 DI MIRKO MEZZACASA\" width=\"1200\" height=\"675\" src=\"https:\/\/www.youtube.com\/embed\/Z960rEETy9c?feature=oembed\" frameborder=\"0\" allow=\"accelerometer; autoplay; clipboard-write; encrypted-media; gyroscope; picture-in-picture; web-share\" allowfullscreen><\/iframe><\/p>\n<hr \/>\n<h3><\/h3>\n<p><a class=\"dt-pswp-item\" href=\"https:\/\/www.radiopiu.net\/wordpress\/wp-content\/uploads\/2023\/10\/34f4cfc6-e863-46e9-9695-8df44be63421.jpg\" data-dt-img-description=\"\" data-large_image_width=\"1200\" data-large_image_height=\"1200\"><img loading=\"lazy\" decoding=\"async\" class=\"wp-image-357393 alignleft\" src=\"https:\/\/www.radiopiu.net\/wordpress\/wp-content\/uploads\/2023\/10\/34f4cfc6-e863-46e9-9695-8df44be63421-300x300.jpg\" alt=\"\" width=\"81\" height=\"81\" srcset=\"https:\/\/www.radiopiu.net\/wordpress\/wp-content\/uploads\/2023\/10\/34f4cfc6-e863-46e9-9695-8df44be63421-300x300.jpg 300w, https:\/\/www.radiopiu.net\/wordpress\/wp-content\/uploads\/2023\/10\/34f4cfc6-e863-46e9-9695-8df44be63421-1024x1024.jpg 1024w, https:\/\/www.radiopiu.net\/wordpress\/wp-content\/uploads\/2023\/10\/34f4cfc6-e863-46e9-9695-8df44be63421-150x150.jpg 150w, https:\/\/www.radiopiu.net\/wordpress\/wp-content\/uploads\/2023\/10\/34f4cfc6-e863-46e9-9695-8df44be63421-768x768.jpg 768w, https:\/\/www.radiopiu.net\/wordpress\/wp-content\/uploads\/2023\/10\/34f4cfc6-e863-46e9-9695-8df44be63421.jpg 1200w\" sizes=\"auto, (max-width: 81px) 100vw, 81px\" \/><\/a>OGGI ALLA RADIO: <strong>ALLE 7<\/strong> LA RASSEGNA STAMPA LOCALE FLASH, PER CHI COME NOI ALLE SETTE DEL MATTINO VA DI FRETTA, TANTE NOTIZIE IN POCHE CHIACCHIERE. <strong>ALLE OTTO<\/strong> L&#8217;APPROFONDIMENTO NELLA STORICA RASSEGNA STAMPA LOCALE.\u00a0 DALLE 6 ALLE 21, OGNI ORA, L&#8217;INFORMAZIONE NAZIONALE, l&#8217;informazione locale, ALLE 10 flash. 11flash. 14 viabilit\u00e0. 15meteo. 16flash. 17flash. 18flash. 19 i titoli di Antenna 3<\/p>\n<p>&nbsp;<\/p>\n<blockquote>\n<blockquote><p>&nbsp;<\/p><\/blockquote>\n<\/blockquote>\n<p>&nbsp;<\/p>\n<hr \/>\n<h3><\/h3>\n<blockquote>\n<h3>ACQUA GSP: NON POTABILE A GOSALDO E LIVINALLONGO<\/h3>\n<\/blockquote>\n<p><strong>A GOSALDO<\/strong> Nelle localit\u00e0 LE FOCHE, LAMBROI, DENEORE, MAGAIT, REN, SELLE, COL TAMAI, BITTI, GIARDOI E PETTUINE\u00a0 a <strong>LIVINALLONGO DEL COL DI LANA<\/strong> nelle localit\u00e0\u00a0 BRENTA, AL FAURO, CREPAZ, RENAZ, RUAZ, PEZZEI, S. GIOVANNI, FOSSAL, SALESEI DI SOPRA, SALESEI DI SOTTO, PIAN DI SALESEI, SALESEI, SOTTOCREPA e FOPPA l\u2019acqua erogata dall\u2019acquedotto non \u00e8 potabile e pu\u00f2 essere usata per scopi alimentari SOLO PREVIA bollitura.<\/p>\n<p>&nbsp;<\/p>\n<hr \/>\n<p>&nbsp;<\/p>\n<blockquote>\n<h3>ROCCA PIETORE PIANGE SORARU&#8217;, VITTIMA DELL&#8217;INCIDENTE DELLA NOTTE TRA SABATO E DOMENICA<\/h3>\n<\/blockquote>\n<p>&nbsp;<\/p>\n\n\t\t\t<style type='text\/css'>\n\t\t\t\t#gallery-2 {\n\t\t\t\t\tmargin: auto;\n\t\t\t\t}\n\t\t\t\t#gallery-2 .gallery-item {\n\t\t\t\t\tfloat: left;\n\t\t\t\t\tmargin-top: 10px;\n\t\t\t\t\ttext-align: center;\n\t\t\t\t\twidth: 50%;\n\t\t\t\t}\n\t\t\t\t#gallery-2 img {\n\t\t\t\t\tborder: 2px solid #cfcfcf;\n\t\t\t\t}\n\t\t\t\t#gallery-2 .gallery-caption {\n\t\t\t\t\tmargin-left: 0;\n\t\t\t\t}\n\t\t\t\t\/* see gallery_shortcode() in wp-includes\/media.php *\/\n\t\t\t<\/style>\n\t\t<div id='gallery-2' class='dt-gallery-container gallery galleryid-365234 gallery-columns-2 gallery-size-medium'><dl class='gallery-item'>\n\t\t\t\t<dt class='gallery-icon landscape'>\n\t\t\t\t\t<a class=\"rollover rollover-zoom dt-pswp-item\" title=\"58bf278b-2f2f-4f20-a15f-d3cbeef3fa7f\" data-dt-img-description=\"\" data-large_image_width=\"1600\" data-large_image_height=\"1200\"href='https:\/\/www.radiopiu.net\/wordpress\/wp-content\/uploads\/2023\/12\/58bf278b-2f2f-4f20-a15f-d3cbeef3fa7f.jpg'><img loading=\"lazy\" decoding=\"async\" width=\"300\" height=\"225\" src=\"https:\/\/www.radiopiu.net\/wordpress\/wp-content\/uploads\/2023\/12\/58bf278b-2f2f-4f20-a15f-d3cbeef3fa7f-300x225.jpg\" class=\"attachment-medium size-medium\" alt=\"\" srcset=\"https:\/\/www.radiopiu.net\/wordpress\/wp-content\/uploads\/2023\/12\/58bf278b-2f2f-4f20-a15f-d3cbeef3fa7f-300x225.jpg 300w, https:\/\/www.radiopiu.net\/wordpress\/wp-content\/uploads\/2023\/12\/58bf278b-2f2f-4f20-a15f-d3cbeef3fa7f-1024x768.jpg 1024w, https:\/\/www.radiopiu.net\/wordpress\/wp-content\/uploads\/2023\/12\/58bf278b-2f2f-4f20-a15f-d3cbeef3fa7f-768x576.jpg 768w, https:\/\/www.radiopiu.net\/wordpress\/wp-content\/uploads\/2023\/12\/58bf278b-2f2f-4f20-a15f-d3cbeef3fa7f-1536x1152.jpg 1536w, https:\/\/www.radiopiu.net\/wordpress\/wp-content\/uploads\/2023\/12\/58bf278b-2f2f-4f20-a15f-d3cbeef3fa7f.jpg 1600w\" sizes=\"auto, (max-width: 300px) 100vw, 300px\" \/><\/a>\n\t\t\t\t<\/dt><\/dl><dl class='gallery-item'>\n\t\t\t\t<dt class='gallery-icon landscape'>\n\t\t\t\t\t<a class=\"rollover rollover-zoom dt-pswp-item\" title=\"download\" data-dt-img-description=\"\" data-large_image_width=\"1024\" data-large_image_height=\"768\"href='https:\/\/www.radiopiu.net\/wordpress\/wp-content\/uploads\/2023\/12\/download-1.jpg'><img loading=\"lazy\" decoding=\"async\" width=\"300\" height=\"225\" src=\"https:\/\/www.radiopiu.net\/wordpress\/wp-content\/uploads\/2023\/12\/download-1-300x225.jpg\" class=\"attachment-medium size-medium\" alt=\"\" srcset=\"https:\/\/www.radiopiu.net\/wordpress\/wp-content\/uploads\/2023\/12\/download-1-300x225.jpg 300w, https:\/\/www.radiopiu.net\/wordpress\/wp-content\/uploads\/2023\/12\/download-1-768x576.jpg 768w, https:\/\/www.radiopiu.net\/wordpress\/wp-content\/uploads\/2023\/12\/download-1.jpg 1024w\" sizes=\"auto, (max-width: 300px) 100vw, 300px\" \/><\/a>\n\t\t\t\t<\/dt><\/dl><br style=\"clear: both\" \/>\n\t\t\t<\/div>\n\n<p>&nbsp;<\/p>\n<p><b><a class=\"dt-pswp-item\" href=\"https:\/\/www.radiopiu.net\/wordpress\/wp-content\/uploads\/2023\/12\/Senza-nome-37.png\" data-dt-img-description=\"\" data-large_image_width=\"467\" data-large_image_height=\"327\"><img loading=\"lazy\" decoding=\"async\" class=\" wp-image-365307 alignleft\" src=\"https:\/\/www.radiopiu.net\/wordpress\/wp-content\/uploads\/2023\/12\/Senza-nome-37-300x210.png\" alt=\"\" width=\"256\" height=\"179\" srcset=\"https:\/\/www.radiopiu.net\/wordpress\/wp-content\/uploads\/2023\/12\/Senza-nome-37-300x210.png 300w, https:\/\/www.radiopiu.net\/wordpress\/wp-content\/uploads\/2023\/12\/Senza-nome-37.png 467w\" sizes=\"auto, (max-width: 256px) 100vw, 256px\" \/><\/a>ROCCA PIETORE\u00a0<\/b> Una terribile tragedia si \u00e8 consumata questa notte poco dopo le 23 a Col di Rocca (provinciale 641 di Passo Fedaia) causando la perdita di un uomo di 54 anni, <strong>CARLO SORARU&#8217;<\/strong> residente a Col di Rocca a poche centinaia di metri dal bivio per la frazione dove si \u00e8 consumata la tragedia. Originario di Rocca Pietore, dipendente della societ\u00e0 impianti Padon,\u00a0 viaggiava a bordo di una Citroen. L&#8217;incidente, ancora in fase di indagine da parte delle autorit\u00e0 competenti. Il secondo coinvolto\u00a0 (passeggero della Jeep Pajero guidata da Emanuele Gaiardi.),<strong> FAUSTO \u00a0BELLENZIER<\/strong>\u00a0 uomo di 54 anni di Alleghe, \u00e8 stato trasportato all&#8217;ospedale Papa Luciani di Agordo. Le sue condizioni sono attualmente sotto valutazione da parte del personale medico (non \u00e8 in pericolo di vita, entrato in pronto soccorso del Luciani in codice 2, media gravit\u00e0) mentre si cerca di stabilire la dinamica esatta dell&#8217;incidente. Le forze dell&#8217;ordine Carabinieri di Caprile e i soccorritori (personale medico del Suem con automedica dal Pronto Soccorso di Agordo, ambulanza volontari Rocca Pietore, Croce Verde Alleghe)\u00a0 vigili del fuoco (di Agordo e volontari di Caprile) sono intervenuti tempestivamente sul luogo dell&#8217;incidente per gestire la situazione e fornire il necessario supporto. \u00a0Al momento del sinistro la strada era coperta da nevischio. Le operazioni di soccorso dei vigili del fuoco sono terminate alle 2:30 con la rimozione dei mezzi da parte del caro attrezzi.<\/p>\n<p>&nbsp;<\/p>\n<blockquote>\n<h3>ROCCA PIETORE IN LUTTO PER LA SCOMPARSA DI CARLO SORARU&#8217;<\/h3>\n<\/blockquote>\n<p><strong><a class=\"dt-pswp-item\" href=\"https:\/\/www.radiopiu.net\/wordpress\/wp-content\/uploads\/2023\/12\/SCR-20231210-phnn.png\" data-dt-img-description=\"\" data-large_image_width=\"594\" data-large_image_height=\"548\"><img loading=\"lazy\" decoding=\"async\" class=\" wp-image-365462 alignleft\" src=\"https:\/\/www.radiopiu.net\/wordpress\/wp-content\/uploads\/2023\/12\/SCR-20231210-phnn-300x277.png\" alt=\"\" width=\"132\" height=\"122\" srcset=\"https:\/\/www.radiopiu.net\/wordpress\/wp-content\/uploads\/2023\/12\/SCR-20231210-phnn-300x277.png 300w, https:\/\/www.radiopiu.net\/wordpress\/wp-content\/uploads\/2023\/12\/SCR-20231210-phnn.png 594w\" sizes=\"auto, (max-width: 132px) 100vw, 132px\" \/><\/a>ROCCA PIETORE<\/strong> Una comunit\u00e0 in lutto quella di Rocca Pietore per la scomparsa di Carlo Sorar\u00f9, 54 anni, deceduto nell&#8217;incidente di sabato sera a Col Di Rocca. Sorar\u00f9 era molto conosciuto anche per essere vice capo servizi della Padon Marmolada. Attivo anche nel volontariato, Carlo era stato per tanti anni volontario con l&#8217;ambulanza. Era separato con due figli. Una persona buona e sempre pronta a dare una mano a chi avesse avuto bisogno. Una grande perdita per la comunit\u00e0 che si stringe attorno alla famiglia in questo momento di dolore. Ciao Carlo, grande uomo e grande amico. Cosi&#8217; lo ha ricordato Stefano<\/p>\n<p><em>Sorar\u00f9 viveva da solo a Col. Lascia due figli Massimo e Sara, la mamma e un fratello che vive ad Alleghe. \u00abEra sempre corretto, gentile, davvero una gran brava persona\u00bb, dice il parroco di Rocca, don Franco. \u00abUn gran lavoratore. Sono veramente addolorato per l&#8217;accaduto\u00bb.\u00a0\u00a0<\/em><\/p>\n<p>&nbsp;<\/p>\n<hr \/>\n<p>&nbsp;<\/p>\n<blockquote>\n<h3>INCIDENTE A ZOLDO ALTO: AUTO ROVESCIATA, TRE FERITI SULLA SP 251<\/h3>\n<\/blockquote>\n<p><strong>ZOLDO ALTO<\/strong> Nella mattinata di ieri attorno alle 10:30, un incidente ha coinvolto un&#8217;autovettura lungo la SP 251 a Pecol nel comune di Zoldo Alto (BL). I vigili del fuoco sono intervenuti prontamente dopo la segnalazione di un&#8217;auto finita rovesciata su un fianco a causa della perdita di controllo da parte del conducente. L&#8217;auto coinvolta una monovolume Mercedes V 300 4Matic. Il conducente, insieme ad altre due persone a bordo, ha riportato ferite nell&#8217;incidente. I pompieri, giunti dal distaccamento volontario locale e dalla centrale di Belluno, hanno messo in sicurezza il veicolo e fornito assistenza ai feriti. Il personale sanitario del Suem \u00e8 intervenuto per prestare le prime cure alle persone coinvolte nell&#8217;incidente e per organizzare il loro trasferimento in ospedale. Nel frattempo, i carabinieri hanno gestito la deviazione del traffico e eseguito i necessari rilievi del sinistro. Le operazioni di soccorso condotte dai vigili del fuoco si sono concluse intorno alle 13:00.<\/p>\n\n\t\t\t<style type='text\/css'>\n\t\t\t\t#gallery-3 {\n\t\t\t\t\tmargin: auto;\n\t\t\t\t}\n\t\t\t\t#gallery-3 .gallery-item {\n\t\t\t\t\tfloat: left;\n\t\t\t\t\tmargin-top: 10px;\n\t\t\t\t\ttext-align: center;\n\t\t\t\t\twidth: 20%;\n\t\t\t\t}\n\t\t\t\t#gallery-3 img {\n\t\t\t\t\tborder: 2px solid #cfcfcf;\n\t\t\t\t}\n\t\t\t\t#gallery-3 .gallery-caption {\n\t\t\t\t\tmargin-left: 0;\n\t\t\t\t}\n\t\t\t\t\/* see gallery_shortcode() in wp-includes\/media.php *\/\n\t\t\t<\/style>\n\t\t<div id='gallery-3' class='dt-gallery-container gallery galleryid-365234 gallery-columns-5 gallery-size-thumbnail'><dl class='gallery-item'>\n\t\t\t\t<dt class='gallery-icon landscape'>\n\t\t\t\t\t<a class=\"rollover rollover-zoom dt-pswp-item\" title=\"e909f9cc-be06-414a-bac5-590d3d35873d\" data-dt-img-description=\"\" data-large_image_width=\"852\" data-large_image_height=\"501\"href='https:\/\/www.radiopiu.net\/wordpress\/wp-content\/uploads\/2023\/12\/e909f9cc-be06-414a-bac5-590d3d35873d.jpg'><img loading=\"lazy\" decoding=\"async\" width=\"150\" height=\"150\" src=\"https:\/\/www.radiopiu.net\/wordpress\/wp-content\/uploads\/2023\/12\/e909f9cc-be06-414a-bac5-590d3d35873d-150x150.jpg\" class=\"attachment-thumbnail size-thumbnail\" alt=\"\" \/><\/a>\n\t\t\t\t<\/dt><\/dl><dl class='gallery-item'>\n\t\t\t\t<dt class='gallery-icon landscape'>\n\t\t\t\t\t<a class=\"rollover rollover-zoom dt-pswp-item\" title=\"7d5aaa89-6415-4a37-8390-92efba16de5a\" data-dt-img-description=\"\" data-large_image_width=\"1116\" data-large_image_height=\"579\"href='https:\/\/www.radiopiu.net\/wordpress\/wp-content\/uploads\/2023\/12\/7d5aaa89-6415-4a37-8390-92efba16de5a.jpg'><img loading=\"lazy\" decoding=\"async\" width=\"150\" height=\"150\" src=\"https:\/\/www.radiopiu.net\/wordpress\/wp-content\/uploads\/2023\/12\/7d5aaa89-6415-4a37-8390-92efba16de5a-150x150.jpg\" class=\"attachment-thumbnail size-thumbnail\" alt=\"\" \/><\/a>\n\t\t\t\t<\/dt><\/dl><dl class='gallery-item'>\n\t\t\t\t<dt class='gallery-icon landscape'>\n\t\t\t\t\t<a class=\"rollover rollover-zoom dt-pswp-item\" title=\"784772ff-4f40-496e-bc4d-1f87e2744649\" data-dt-img-description=\"\" data-large_image_width=\"579\" data-large_image_height=\"416\"href='https:\/\/www.radiopiu.net\/wordpress\/wp-content\/uploads\/2023\/12\/784772ff-4f40-496e-bc4d-1f87e2744649.jpg'><img loading=\"lazy\" decoding=\"async\" width=\"150\" height=\"150\" src=\"https:\/\/www.radiopiu.net\/wordpress\/wp-content\/uploads\/2023\/12\/784772ff-4f40-496e-bc4d-1f87e2744649-150x150.jpg\" class=\"attachment-thumbnail size-thumbnail\" alt=\"\" \/><\/a>\n\t\t\t\t<\/dt><\/dl><dl class='gallery-item'>\n\t\t\t\t<dt class='gallery-icon landscape'>\n\t\t\t\t\t<a class=\"rollover rollover-zoom dt-pswp-item\" title=\"14e97be6-7290-42c6-9b26-ecda82095f11\" data-dt-img-description=\"\" data-large_image_width=\"1280\" data-large_image_height=\"960\"href='https:\/\/www.radiopiu.net\/wordpress\/wp-content\/uploads\/2023\/12\/14e97be6-7290-42c6-9b26-ecda82095f11.jpg'><img loading=\"lazy\" decoding=\"async\" width=\"150\" height=\"150\" src=\"https:\/\/www.radiopiu.net\/wordpress\/wp-content\/uploads\/2023\/12\/14e97be6-7290-42c6-9b26-ecda82095f11-150x150.jpg\" class=\"attachment-thumbnail size-thumbnail\" alt=\"\" \/><\/a>\n\t\t\t\t<\/dt><\/dl><dl class='gallery-item'>\n\t\t\t\t<dt class='gallery-icon landscape'>\n\t\t\t\t\t<a class=\"rollover rollover-zoom dt-pswp-item\" title=\"3cf6926a-b944-499b-ad17-29379f0c0a80\" data-dt-img-description=\"\" data-large_image_width=\"1280\" data-large_image_height=\"801\"href='https:\/\/www.radiopiu.net\/wordpress\/wp-content\/uploads\/2023\/12\/3cf6926a-b944-499b-ad17-29379f0c0a80.jpg'><img loading=\"lazy\" decoding=\"async\" width=\"150\" height=\"150\" src=\"https:\/\/www.radiopiu.net\/wordpress\/wp-content\/uploads\/2023\/12\/3cf6926a-b944-499b-ad17-29379f0c0a80-150x150.jpg\" class=\"attachment-thumbnail size-thumbnail\" alt=\"\" \/><\/a>\n\t\t\t\t<\/dt><\/dl><br style=\"clear: both\" \/>\n\t\t\t<\/div>\n\n<p>&nbsp;<\/p>\n<hr \/>\n<p>&nbsp;<\/p>\n<blockquote>\n<h3>IN FIAMME LA SEDE DEGLI ALPINI DI QUERO VAS<\/h3>\n<\/blockquote>\n<p><strong>QUERO VAS <\/strong>Alle 12:30 di sabato, i vigili del fuoco sono intervenuti in Via Piave a Quero Vas (BL) per spegnere un incendio presso la sede degli alpini. Fortunatamente, nessuna persona \u00e8 rimasta ferita, in quanto la struttura era vuota al momento dell&#8217;incidente. L&#8217;allarme \u00e8 stato dato da alcuni residenti della zona che hanno notato le fiamme. Le squadre dei vigili del fuoco provenienti da Feltre, insieme ai volontari del basso feltrino, sono intervenute con due autopompe, un&#8217;autobotte e 10 operatori. L&#8217;incendio, gi\u00e0 generalizzato al loro arrivo, ha compromesso l&#8217;intera struttura, bruciando l&#8217;interno e facendo crollare gran parte del tetto. Le cause dell&#8217;incidente sono attualmente sotto indagine da parte dei tecnici dei vigili del fuoco.<\/p>\n\n\t\t\t<style type='text\/css'>\n\t\t\t\t#gallery-4 {\n\t\t\t\t\tmargin: auto;\n\t\t\t\t}\n\t\t\t\t#gallery-4 .gallery-item {\n\t\t\t\t\tfloat: left;\n\t\t\t\t\tmargin-top: 10px;\n\t\t\t\t\ttext-align: center;\n\t\t\t\t\twidth: 20%;\n\t\t\t\t}\n\t\t\t\t#gallery-4 img {\n\t\t\t\t\tborder: 2px solid #cfcfcf;\n\t\t\t\t}\n\t\t\t\t#gallery-4 .gallery-caption {\n\t\t\t\t\tmargin-left: 0;\n\t\t\t\t}\n\t\t\t\t\/* see gallery_shortcode() in wp-includes\/media.php *\/\n\t\t\t<\/style>\n\t\t<div id='gallery-4' class='dt-gallery-container gallery galleryid-365234 gallery-columns-5 gallery-size-thumbnail'><dl class='gallery-item'>\n\t\t\t\t<dt class='gallery-icon landscape'>\n\t\t\t\t\t<a class=\"rollover rollover-zoom dt-pswp-item\" title=\"e56c14f2-afee-475f-8ec8-09e44ce36c14\" data-dt-img-description=\"\" data-large_image_width=\"1280\" data-large_image_height=\"960\"href='https:\/\/www.radiopiu.net\/wordpress\/wp-content\/uploads\/2023\/12\/e56c14f2-afee-475f-8ec8-09e44ce36c14.jpg'><img loading=\"lazy\" decoding=\"async\" width=\"150\" height=\"150\" src=\"https:\/\/www.radiopiu.net\/wordpress\/wp-content\/uploads\/2023\/12\/e56c14f2-afee-475f-8ec8-09e44ce36c14-150x150.jpg\" class=\"attachment-thumbnail size-thumbnail\" alt=\"\" \/><\/a>\n\t\t\t\t<\/dt><\/dl><dl class='gallery-item'>\n\t\t\t\t<dt class='gallery-icon landscape'>\n\t\t\t\t\t<a class=\"rollover rollover-zoom dt-pswp-item\" title=\"99db5cc9-5e46-4b7e-8770-b5f97155397b\" data-dt-img-description=\"\" data-large_image_width=\"1280\" data-large_image_height=\"912\"href='https:\/\/www.radiopiu.net\/wordpress\/wp-content\/uploads\/2023\/12\/99db5cc9-5e46-4b7e-8770-b5f97155397b.jpg'><img loading=\"lazy\" decoding=\"async\" width=\"150\" height=\"150\" src=\"https:\/\/www.radiopiu.net\/wordpress\/wp-content\/uploads\/2023\/12\/99db5cc9-5e46-4b7e-8770-b5f97155397b-150x150.jpg\" class=\"attachment-thumbnail size-thumbnail\" alt=\"\" \/><\/a>\n\t\t\t\t<\/dt><\/dl><dl class='gallery-item'>\n\t\t\t\t<dt class='gallery-icon landscape'>\n\t\t\t\t\t<a class=\"rollover rollover-zoom dt-pswp-item\" title=\"902428bf-fd5e-49f9-bedd-6253f7e862e9\" data-dt-img-description=\"\" data-large_image_width=\"1280\" data-large_image_height=\"960\"href='https:\/\/www.radiopiu.net\/wordpress\/wp-content\/uploads\/2023\/12\/902428bf-fd5e-49f9-bedd-6253f7e862e9.jpg'><img loading=\"lazy\" decoding=\"async\" width=\"150\" height=\"150\" src=\"https:\/\/www.radiopiu.net\/wordpress\/wp-content\/uploads\/2023\/12\/902428bf-fd5e-49f9-bedd-6253f7e862e9-150x150.jpg\" class=\"attachment-thumbnail size-thumbnail\" alt=\"\" \/><\/a>\n\t\t\t\t<\/dt><\/dl><dl class='gallery-item'>\n\t\t\t\t<dt class='gallery-icon landscape'>\n\t\t\t\t\t<a class=\"rollover rollover-zoom dt-pswp-item\" title=\"ae100851-c8a5-46b9-a1e1-4a8472d9f260\" data-dt-img-description=\"\" data-large_image_width=\"1280\" data-large_image_height=\"846\"href='https:\/\/www.radiopiu.net\/wordpress\/wp-content\/uploads\/2023\/12\/ae100851-c8a5-46b9-a1e1-4a8472d9f260.jpg'><img loading=\"lazy\" decoding=\"async\" width=\"150\" height=\"150\" src=\"https:\/\/www.radiopiu.net\/wordpress\/wp-content\/uploads\/2023\/12\/ae100851-c8a5-46b9-a1e1-4a8472d9f260-150x150.jpg\" class=\"attachment-thumbnail size-thumbnail\" alt=\"\" \/><\/a>\n\t\t\t\t<\/dt><\/dl><dl class='gallery-item'>\n\t\t\t\t<dt class='gallery-icon landscape'>\n\t\t\t\t\t<a class=\"rollover rollover-zoom dt-pswp-item\" title=\"b6939170-4355-4044-ae77-c40d744bf79e\" data-dt-img-description=\"\" data-large_image_width=\"1280\" data-large_image_height=\"960\"href='https:\/\/www.radiopiu.net\/wordpress\/wp-content\/uploads\/2023\/12\/b6939170-4355-4044-ae77-c40d744bf79e.jpg'><img loading=\"lazy\" decoding=\"async\" width=\"150\" height=\"150\" src=\"https:\/\/www.radiopiu.net\/wordpress\/wp-content\/uploads\/2023\/12\/b6939170-4355-4044-ae77-c40d744bf79e-150x150.jpg\" class=\"attachment-thumbnail size-thumbnail\" alt=\"\" \/><\/a>\n\t\t\t\t<\/dt><\/dl><br style=\"clear: both\" \/>\n\t\t\t<\/div>\n\n<p>&nbsp;<\/p>\n<hr \/>\n<p>&nbsp;<\/p>\n<blockquote>\n<h3 class=\"entry-title\">DUE INTERVENTI DEL SOCCORSO ALPINO NEL POMERIGGIO DI SABATO<\/h3>\n<\/blockquote>\n<p><strong><a class=\"dt-pswp-item\" href=\"https:\/\/www.radiopiu.net\/wordpress\/wp-content\/uploads\/2023\/09\/447b5398-6730-4e17-aafb-a19aec8341de.jpg\" data-dt-img-description=\"\" data-large_image_width=\"1600\" data-large_image_height=\"737\"><img loading=\"lazy\" decoding=\"async\" class=\" wp-image-351364 alignleft\" src=\"https:\/\/www.radiopiu.net\/wordpress\/wp-content\/uploads\/2023\/09\/447b5398-6730-4e17-aafb-a19aec8341de-300x138.jpg\" alt=\"\" width=\"213\" height=\"98\" srcset=\"https:\/\/www.radiopiu.net\/wordpress\/wp-content\/uploads\/2023\/09\/447b5398-6730-4e17-aafb-a19aec8341de-300x138.jpg 300w, https:\/\/www.radiopiu.net\/wordpress\/wp-content\/uploads\/2023\/09\/447b5398-6730-4e17-aafb-a19aec8341de-1024x472.jpg 1024w, https:\/\/www.radiopiu.net\/wordpress\/wp-content\/uploads\/2023\/09\/447b5398-6730-4e17-aafb-a19aec8341de-768x354.jpg 768w, https:\/\/www.radiopiu.net\/wordpress\/wp-content\/uploads\/2023\/09\/447b5398-6730-4e17-aafb-a19aec8341de-1536x708.jpg 1536w, https:\/\/www.radiopiu.net\/wordpress\/wp-content\/uploads\/2023\/09\/447b5398-6730-4e17-aafb-a19aec8341de.jpg 1600w\" sizes=\"auto, (max-width: 213px) 100vw, 213px\" \/><\/a>BELLUNO<\/strong>Sabato, intorno alle 13, la Centrale del Suem \u00e8 stata attivata per un&#8217;escursionista di 26 anni di Monteriggioni (SI) che era scivolata su un sentiero ghiacciato verso il Rifugio Vandelli a Belluno. L&#8217;elicottero del Suem di Pieve di Cadore \u00e8 intervenuto, recuperando la ragazza con un verricello di 20 metri e trasportandola all&#8217;ospedale di Belluno. Il suo compagno \u00e8 stato lasciato al Passo Tre Croci. Nel pomeriggio, un&#8217;altra operazione di eliambulanza \u00e8 stata effettuata nella zona delle Cinque Torri per un incidente sulla neve. Una donna \u00e8 caduta mentre slittava seduta sulla neve vicino al Rifugio Cinque Torri. Il Soccorso alpino della Guardia di finanza \u00e8 intervenuto, fornendo cure mediche e trasportando l&#8217;infortunata, con probabile grave trauma alla colonna e al bacino, all&#8217;ospedale di Treviso.<\/p>\n<p>&nbsp;<\/p>\n<p>&nbsp;<\/p>\n<hr \/>\n<p>&nbsp;<\/p>\n<blockquote>\n<h3 class=\"entry-title\">INCIDENTE CON LO SLITTINO AD AURONZO DI CADORE: FERITI MADRE E FIGLIO<\/h3>\n<\/blockquote>\n<p><strong class=\"photoswipe-wrapper\"><a class=\"dt-pswp-item pspw-wrap-ready\" href=\"https:\/\/www.radiopiu.net\/wordpress\/wp-content\/uploads\/2023\/12\/Senza-nome-38.png\" data-dt-img-description=\"\" data-large_image_width=\"812\" data-large_image_height=\"527\"><img loading=\"lazy\" decoding=\"async\" class=\" wp-image-365481 alignleft\" src=\"https:\/\/www.radiopiu.net\/wordpress\/wp-content\/uploads\/2023\/12\/Senza-nome-38-300x195.png\" sizes=\"auto, (max-width: 300px) 100vw, 300px\" srcset=\"https:\/\/www.radiopiu.net\/wordpress\/wp-content\/uploads\/2023\/12\/Senza-nome-38-300x195.png 300w, https:\/\/www.radiopiu.net\/wordpress\/wp-content\/uploads\/2023\/12\/Senza-nome-38-768x498.png 768w, https:\/\/www.radiopiu.net\/wordpress\/wp-content\/uploads\/2023\/12\/Senza-nome-38.png 812w\" alt=\"\" width=\"191\" height=\"124\" \/><\/a>AURONZ<\/strong><strong>O<\/strong> Ieri, durante una giornata di slittino sopra Malga Rin Bianco ad Auronzo di Cadore, una madre e suo figlio hanno subito un incidente quando la donna ha perso il controllo dello slittino. Il Soccorso alpino \u00e8 stato chiamato, e l&#8217;elicottero del Suem di Pieve di Cadore \u00e8 intervenuto. Dopo aver individuato rapidamente il punto dell&#8217;incidente, un&#8217;\u00e9quipe medica e un tecnico di elisoccorso sono stati calati con un verricello. La donna di 46 anni, da Trieste, ha ricevuto le prime cure sul posto per un sospetto trauma lombare, mentre il bambino di 5 anni ha riportato una ferita alla gamba. Successivamente, madre e figlio sono stati trasportati all&#8217;ospedale di Belluno per ulteriori accertamenti medici.<\/p>\n<p>&nbsp;<\/p>\n<hr \/>\n<p>&nbsp;<\/p>\n<p>&nbsp;<\/p>\n<blockquote>\n<h3><a class=\"dt-pswp-item\" href=\"https:\/\/www.radiopiu.net\/wordpress\/wp-content\/uploads\/2020\/06\/dc8d9e01-0412-48a8-91b1-c64ba92a8187.jpg\" data-dt-img-description=\"\" data-large_image_width=\"2048\" data-large_image_height=\"1024\"><img loading=\"lazy\" decoding=\"async\" class=\"wp-image-144229 alignleft\" src=\"https:\/\/www.radiopiu.net\/wordpress\/wp-content\/uploads\/2020\/06\/dc8d9e01-0412-48a8-91b1-c64ba92a8187-300x150.jpg\" alt=\"\" width=\"206\" height=\"103\" srcset=\"https:\/\/www.radiopiu.net\/wordpress\/wp-content\/uploads\/2020\/06\/dc8d9e01-0412-48a8-91b1-c64ba92a8187-300x150.jpg 300w, https:\/\/www.radiopiu.net\/wordpress\/wp-content\/uploads\/2020\/06\/dc8d9e01-0412-48a8-91b1-c64ba92a8187-1024x512.jpg 1024w, https:\/\/www.radiopiu.net\/wordpress\/wp-content\/uploads\/2020\/06\/dc8d9e01-0412-48a8-91b1-c64ba92a8187-768x384.jpg 768w, https:\/\/www.radiopiu.net\/wordpress\/wp-content\/uploads\/2020\/06\/dc8d9e01-0412-48a8-91b1-c64ba92a8187-1536x768.jpg 1536w, https:\/\/www.radiopiu.net\/wordpress\/wp-content\/uploads\/2020\/06\/dc8d9e01-0412-48a8-91b1-c64ba92a8187.jpg 2048w\" sizes=\"auto, (max-width: 206px) 100vw, 206px\" \/><\/a>FALSO ALLARME ANTICENDIO AL SAN MARTINO DI BELLUNO<\/h3>\n<\/blockquote>\n<p><strong>BELLUNO<\/strong> Nella serata di ieri, durante l&#8217;orario di visita dei parenti, \u00e8 scattato l&#8217;allarme antincendio nel corridoio tra la Geriatria e l&#8217;ospedale di Comunit\u00e0 del San Martino di Belluno. Non vi era alcun incendio in corso o alcun pericolo per pazienti, visitatori o personale. Dalle prime verifiche pare che l&#8217;allarme sia partito da un sensore di un deposito attivato da fumo di \u00a0sigaretta. Sul posto sono intervenuti i tecnici addetti. Sono in corso indagini per individuare il responsabile.<\/p>\n<p>&nbsp;<\/p>\n<hr \/>\n<p>&nbsp;<\/p>\n<blockquote>\n<h2>Un pullman turistico in sosta si muove da solo nel piazzale della birreria Pedavena causando danni<\/h2>\n<\/blockquote>\n<blockquote><p><em>Il pullman \u00e8 finito contro una recinzione travolgendo la Captur scaraventata contro alberi e pali della luce<\/em><\/p><\/blockquote>\n<p><strong><a class=\"dt-pswp-item\" href=\"https:\/\/www.radiopiu.net\/wordpress\/wp-content\/uploads\/2023\/12\/FOTO-CORRIERE.png\" data-dt-img-description=\"\" data-large_image_width=\"627\" data-large_image_height=\"497\"><img loading=\"lazy\" decoding=\"async\" class=\"wp-image-365524 alignleft\" src=\"https:\/\/www.radiopiu.net\/wordpress\/wp-content\/uploads\/2023\/12\/FOTO-CORRIERE-300x238.png\" alt=\"\" width=\"182\" height=\"144\" srcset=\"https:\/\/www.radiopiu.net\/wordpress\/wp-content\/uploads\/2023\/12\/FOTO-CORRIERE-300x238.png 300w, https:\/\/www.radiopiu.net\/wordpress\/wp-content\/uploads\/2023\/12\/FOTO-CORRIERE.png 627w\" sizes=\"auto, (max-width: 182px) 100vw, 182px\" \/><\/a>PEDAVENA<\/strong> Un pullman turistico della Ideal Viaggi di Azzano Decimo, in sosta nel piazzale della birreria Pedavena, \u00e8 improvvisamente partito da solo senza nessuno a bordo, attraversando il parcheggio e provocando danni. L&#8217;incidente ha coinvolto pali della luce e un&#8217;auto parcheggiata, spinta per una decina di metri prima di schiacciarsi contro un albero. Fortunatamente, non ci sono state persone ferite, e l&#8217;incidente \u00e8 avvenuto mentre il gruppo di turisti era a cena nel locale. Le cause del movimento del pullman senza conducente sono ancora da chiarire. La comitiva \u00e8 stata informata dell&#8217;accaduto e ha organizzato il rientro con un altro pullman. (foto CorriereAlpi)<\/p>\n<p>&nbsp;<\/p>\n<hr \/>\n<p>&nbsp;<\/p>\n<blockquote>\n<h3>FUORI PROVINCIA, CON I POMPIERI BELLUNESI<\/h3>\n<\/blockquote>\n<div class=\"flex-1 overflow-hidden\">\n<div class=\"react-scroll-to-bottom--css-ailte-79elbk h-full\">\n<div class=\"react-scroll-to-bottom--css-ailte-1n7m0yu\">\n<div class=\"flex flex-col pb-9 text-sm\">\n<div class=\"w-full text-token-text-primary\" data-testid=\"conversation-turn-31\">\n<div class=\"px-4 py-2 justify-center text-base md:gap-6 m-auto\">\n<div class=\"flex flex-1 text-base mx-auto gap-3 md:px-5 lg:px-1 xl:px-5 md:max-w-3xl lg:max-w-[40rem] xl:max-w-[48rem] } group final-completion\">\n<div class=\"relative flex w-full flex-col lg:w-[calc(100%-115px)] agent-turn\">\n<div class=\"flex-col gap-1 md:gap-3\">\n<div class=\"flex flex-grow flex-col max-w-full\">\n<div class=\"min-h-[20px] text-message flex flex-col items-start gap-3 whitespace-pre-wrap break-words [.text-message+&amp;]:mt-5 overflow-x-auto\" data-message-author-role=\"assistant\" data-message-id=\"8f75f78c-9fdb-4f55-8454-335d26a3bb7d\">\n<div class=\"markdown prose w-full break-words dark:prose-invert dark\">\n<p><strong>REDAZIONE<\/strong> I vigili del fuoco di Feltre e Belluno sono intervenuti a Segusino per un incendio in una abitazione. Il supporto \u00e8 stato fornito sia dai pompieri permanenti che dai volontari, collaborando con i colleghi del comando provinciale di Treviso. L&#8217;incendio, scaturito da una sfufa a legna, \u00e8 stato contenuto senza causare feriti. Un occupante \u00e8 stato portato in ospedale per precauzione a causa dell&#8217;inalazione di fumo.<\/p>\n<\/div>\n<\/div>\n<\/div>\n<\/div>\n<\/div>\n<\/div>\n<\/div>\n<\/div>\n<\/div>\n<\/div>\n<\/div>\n<\/div>\n\n\t\t\t<style type='text\/css'>\n\t\t\t\t#gallery-5 {\n\t\t\t\t\tmargin: auto;\n\t\t\t\t}\n\t\t\t\t#gallery-5 .gallery-item {\n\t\t\t\t\tfloat: left;\n\t\t\t\t\tmargin-top: 10px;\n\t\t\t\t\ttext-align: center;\n\t\t\t\t\twidth: 33%;\n\t\t\t\t}\n\t\t\t\t#gallery-5 img {\n\t\t\t\t\tborder: 2px solid #cfcfcf;\n\t\t\t\t}\n\t\t\t\t#gallery-5 .gallery-caption {\n\t\t\t\t\tmargin-left: 0;\n\t\t\t\t}\n\t\t\t\t\/* see gallery_shortcode() in wp-includes\/media.php *\/\n\t\t\t<\/style>\n\t\t<div id='gallery-5' class='dt-gallery-container gallery galleryid-365234 gallery-columns-3 gallery-size-thumbnail'><dl class='gallery-item'>\n\t\t\t\t<dt class='gallery-icon landscape'>\n\t\t\t\t\t<a class=\"rollover rollover-zoom dt-pswp-item\" title=\"330a1254-41e1-4c19-894f-d4558ee5be72\" data-dt-img-description=\"\" data-large_image_width=\"1280\" data-large_image_height=\"957\"href='https:\/\/www.radiopiu.net\/wordpress\/wp-content\/uploads\/2023\/12\/330a1254-41e1-4c19-894f-d4558ee5be72.jpg'><img loading=\"lazy\" decoding=\"async\" width=\"150\" height=\"150\" src=\"https:\/\/www.radiopiu.net\/wordpress\/wp-content\/uploads\/2023\/12\/330a1254-41e1-4c19-894f-d4558ee5be72-150x150.jpg\" class=\"attachment-thumbnail size-thumbnail\" alt=\"\" \/><\/a>\n\t\t\t\t<\/dt><\/dl><dl class='gallery-item'>\n\t\t\t\t<dt class='gallery-icon landscape'>\n\t\t\t\t\t<a class=\"rollover rollover-zoom dt-pswp-item\" title=\"27421104-43dc-42ed-8a29-5737aad07306\" data-dt-img-description=\"\" data-large_image_width=\"1280\" data-large_image_height=\"957\"href='https:\/\/www.radiopiu.net\/wordpress\/wp-content\/uploads\/2023\/12\/27421104-43dc-42ed-8a29-5737aad07306.jpg'><img loading=\"lazy\" decoding=\"async\" width=\"150\" height=\"150\" src=\"https:\/\/www.radiopiu.net\/wordpress\/wp-content\/uploads\/2023\/12\/27421104-43dc-42ed-8a29-5737aad07306-150x150.jpg\" class=\"attachment-thumbnail size-thumbnail\" alt=\"\" \/><\/a>\n\t\t\t\t<\/dt><\/dl><dl class='gallery-item'>\n\t\t\t\t<dt class='gallery-icon portrait'>\n\t\t\t\t\t<a class=\"rollover rollover-zoom dt-pswp-item\" title=\"47be48e9-2f2e-47d4-ae81-53963ba7f64a\" data-dt-img-description=\"\" data-large_image_width=\"957\" data-large_image_height=\"1280\"href='https:\/\/www.radiopiu.net\/wordpress\/wp-content\/uploads\/2023\/12\/47be48e9-2f2e-47d4-ae81-53963ba7f64a.jpg'><img loading=\"lazy\" decoding=\"async\" width=\"150\" height=\"150\" src=\"https:\/\/www.radiopiu.net\/wordpress\/wp-content\/uploads\/2023\/12\/47be48e9-2f2e-47d4-ae81-53963ba7f64a-150x150.jpg\" class=\"attachment-thumbnail size-thumbnail\" alt=\"\" \/><\/a>\n\t\t\t\t<\/dt><\/dl><br style=\"clear: both\" \/>\n\t\t\t<\/div>\n\n<p>&nbsp;<\/p>\n<hr \/>\n<p>&nbsp;<\/p>\n<p>&nbsp;<\/p>\n<blockquote>\n<h3>RIAPRE IL CASTELLO DI ANDRAZ<\/h3>\n<\/blockquote>\n<p><em><a class=\"dt-pswp-item\" href=\"https:\/\/www.radiopiu.net\/wordpress\/wp-content\/uploads\/2021\/06\/Castello_di_Andraz1.jpg\" data-dt-img-description=\"\" data-large_image_width=\"960\" data-large_image_height=\"1280\"><img loading=\"lazy\" decoding=\"async\" class=\"wp-image-216599 alignleft\" src=\"https:\/\/www.radiopiu.net\/wordpress\/wp-content\/uploads\/2021\/06\/Castello_di_Andraz1-225x300.jpg\" alt=\"\" width=\"122\" height=\"163\" srcset=\"https:\/\/www.radiopiu.net\/wordpress\/wp-content\/uploads\/2021\/06\/Castello_di_Andraz1-225x300.jpg 225w, https:\/\/www.radiopiu.net\/wordpress\/wp-content\/uploads\/2021\/06\/Castello_di_Andraz1-768x1024.jpg 768w, https:\/\/www.radiopiu.net\/wordpress\/wp-content\/uploads\/2021\/06\/Castello_di_Andraz1.jpg 960w\" sizes=\"auto, (max-width: 122px) 100vw, 122px\" \/><\/a>Il castello di Andraz, dopo la chiusura autunnale, riaprir\u00e0 durante le festivit\u00e0 natalizie, coincidendo con il solstizio d&#8217;inverno. In questo periodo, la luce solare attraversa il foro gnomonico del castello, dove nel XV secolo il cardinal Cusano condusse studi che precedettero la riforma del calendario Gregoriano.<\/em><\/p>\n<p><strong>LIVINALLONGO<\/strong><\/p>\n<p><strong>DI LORENZO SORATROI<\/strong><\/p>\n<audio class=\"wp-audio-shortcode\" id=\"audio-365234-3\" preload=\"none\" style=\"width: 100%;\" controls=\"controls\"><source type=\"audio\/mpeg\" src=\"https:\/\/www.radiopiu.net\/wordpress\/wp-content\/uploads\/2023\/12\/LORENZO-CASTELLO.mp3?_=3\" \/><a href=\"https:\/\/www.radiopiu.net\/wordpress\/wp-content\/uploads\/2023\/12\/LORENZO-CASTELLO.mp3\">https:\/\/www.radiopiu.net\/wordpress\/wp-content\/uploads\/2023\/12\/LORENZO-CASTELLO.mp3<\/a><\/audio>\n<p>&nbsp;<\/p>\n<p>&nbsp;<\/p>\n<hr \/>\n<p>&nbsp;<\/p>\n<blockquote>\n<h3 class=\"entry-title\">CORSO BASE PER AUTISTI SOCCORRITORI VOLONTARI: UNA GIORNATA DI FORMAZIONE ALL\u2019OSPEDALE DI BELLUNO<\/h3>\n<\/blockquote>\n<p><strong>BELLUNO<\/strong> Con successo, presso l&#8217;ospedale di Belluno, \u00e8 stato condotto il corso base per 18 autisti soccorritori volontari provenienti da SEAS, EVA ALPAGO e Vola di Santa Giustina. Gli istruttori autisti della scuola di formazione dell&#8217;Aulss 1 hanno fornito competenze e conoscenze di base per gestire situazioni di emergenza e garantire un soccorso tempestivo ed efficace. Gli argomenti chiave hanno incluso tecniche di guida sicura, gestione del mezzo di soccorso, e procedure di comunicazione e coordinamento con operatori sanitari. La partecipazione attiva ha reso la giornata interattiva, consentendo agli autisti soccorritori volontari di acquisire abilit\u00e0 pratiche essenziali per il loro ruolo. Il corso mira a migliorare le competenze e la prontezza degli operatori di soccorso volontari nell&#8217;affrontare diverse emergenze.<\/p>\n<p>&nbsp;<\/p>\n\n\t\t\t<style type='text\/css'>\n\t\t\t\t#gallery-6 {\n\t\t\t\t\tmargin: auto;\n\t\t\t\t}\n\t\t\t\t#gallery-6 .gallery-item {\n\t\t\t\t\tfloat: left;\n\t\t\t\t\tmargin-top: 10px;\n\t\t\t\t\ttext-align: center;\n\t\t\t\t\twidth: 25%;\n\t\t\t\t}\n\t\t\t\t#gallery-6 img {\n\t\t\t\t\tborder: 2px solid #cfcfcf;\n\t\t\t\t}\n\t\t\t\t#gallery-6 .gallery-caption {\n\t\t\t\t\tmargin-left: 0;\n\t\t\t\t}\n\t\t\t\t\/* see gallery_shortcode() in wp-includes\/media.php *\/\n\t\t\t<\/style>\n\t\t<div id='gallery-6' class='dt-gallery-container gallery galleryid-365234 gallery-columns-4 gallery-size-thumbnail'><dl class='gallery-item'>\n\t\t\t\t<dt class='gallery-icon landscape'>\n\t\t\t\t\t<a class=\"rollover rollover-zoom dt-pswp-item\" title=\"406501119_642147098132238_5873130602769218209_n\" data-dt-img-description=\"\" data-large_image_width=\"373\" data-large_image_height=\"280\"href='https:\/\/www.radiopiu.net\/wordpress\/wp-content\/uploads\/2023\/12\/406501119_642147098132238_5873130602769218209_n.jpg'><img loading=\"lazy\" decoding=\"async\" width=\"150\" height=\"150\" src=\"https:\/\/www.radiopiu.net\/wordpress\/wp-content\/uploads\/2023\/12\/406501119_642147098132238_5873130602769218209_n-150x150.jpg\" class=\"attachment-thumbnail size-thumbnail\" alt=\"\" \/><\/a>\n\t\t\t\t<\/dt><\/dl><dl class='gallery-item'>\n\t\t\t\t<dt class='gallery-icon landscape'>\n\t\t\t\t\t<a class=\"rollover rollover-zoom dt-pswp-item\" title=\"403636929_1416963812536245_8694773078362175423_n\" data-dt-img-description=\"\" data-large_image_width=\"373\" data-large_image_height=\"280\"href='https:\/\/www.radiopiu.net\/wordpress\/wp-content\/uploads\/2023\/12\/403636929_1416963812536245_8694773078362175423_n.jpg'><img loading=\"lazy\" decoding=\"async\" width=\"150\" height=\"150\" src=\"https:\/\/www.radiopiu.net\/wordpress\/wp-content\/uploads\/2023\/12\/403636929_1416963812536245_8694773078362175423_n-150x150.jpg\" class=\"attachment-thumbnail size-thumbnail\" alt=\"\" \/><\/a>\n\t\t\t\t<\/dt><\/dl><dl class='gallery-item'>\n\t\t\t\t<dt class='gallery-icon landscape'>\n\t\t\t\t\t<a class=\"rollover rollover-zoom dt-pswp-item\" title=\"406521057_295517759543396_1489150556263266012_n\" data-dt-img-description=\"\" data-large_image_width=\"373\" data-large_image_height=\"280\"href='https:\/\/www.radiopiu.net\/wordpress\/wp-content\/uploads\/2023\/12\/406521057_295517759543396_1489150556263266012_n.jpg'><img loading=\"lazy\" decoding=\"async\" width=\"150\" height=\"150\" src=\"https:\/\/www.radiopiu.net\/wordpress\/wp-content\/uploads\/2023\/12\/406521057_295517759543396_1489150556263266012_n-150x150.jpg\" class=\"attachment-thumbnail size-thumbnail\" alt=\"\" \/><\/a>\n\t\t\t\t<\/dt><\/dl><dl class='gallery-item'>\n\t\t\t\t<dt class='gallery-icon landscape'>\n\t\t\t\t\t<a class=\"rollover rollover-zoom dt-pswp-item\" title=\"406503426_190630710788536_4408862268445352440_n\" data-dt-img-description=\"\" data-large_image_width=\"343\" data-large_image_height=\"280\"href='https:\/\/www.radiopiu.net\/wordpress\/wp-content\/uploads\/2023\/12\/406503426_190630710788536_4408862268445352440_n.jpg'><img loading=\"lazy\" decoding=\"async\" width=\"150\" height=\"150\" src=\"https:\/\/www.radiopiu.net\/wordpress\/wp-content\/uploads\/2023\/12\/406503426_190630710788536_4408862268445352440_n-150x150.jpg\" class=\"attachment-thumbnail size-thumbnail\" alt=\"\" \/><\/a>\n\t\t\t\t<\/dt><\/dl><br style=\"clear: both\" \/><dl class='gallery-item'>\n\t\t\t\t<dt class='gallery-icon landscape'>\n\t\t\t\t\t<a class=\"rollover rollover-zoom dt-pswp-item\" title=\"406330346_1049422239702854_4255990950591356257_n\" data-dt-img-description=\"\" data-large_image_width=\"373\" data-large_image_height=\"280\"href='https:\/\/www.radiopiu.net\/wordpress\/wp-content\/uploads\/2023\/12\/406330346_1049422239702854_4255990950591356257_n.jpg'><img loading=\"lazy\" decoding=\"async\" width=\"150\" height=\"150\" src=\"https:\/\/www.radiopiu.net\/wordpress\/wp-content\/uploads\/2023\/12\/406330346_1049422239702854_4255990950591356257_n-150x150.jpg\" class=\"attachment-thumbnail size-thumbnail\" alt=\"\" \/><\/a>\n\t\t\t\t<\/dt><\/dl><dl class='gallery-item'>\n\t\t\t\t<dt class='gallery-icon portrait'>\n\t\t\t\t\t<a class=\"rollover rollover-zoom dt-pswp-item\" title=\"370090190_720057769723357_2927486687477277094_n\" data-dt-img-description=\"\" data-large_image_width=\"280\" data-large_image_height=\"373\"href='https:\/\/www.radiopiu.net\/wordpress\/wp-content\/uploads\/2023\/12\/370090190_720057769723357_2927486687477277094_n.jpg'><img loading=\"lazy\" decoding=\"async\" width=\"150\" height=\"150\" src=\"https:\/\/www.radiopiu.net\/wordpress\/wp-content\/uploads\/2023\/12\/370090190_720057769723357_2927486687477277094_n-150x150.jpg\" class=\"attachment-thumbnail size-thumbnail\" alt=\"\" \/><\/a>\n\t\t\t\t<\/dt><\/dl><dl class='gallery-item'>\n\t\t\t\t<dt class='gallery-icon landscape'>\n\t\t\t\t\t<a class=\"rollover rollover-zoom dt-pswp-item\" title=\"406670616_912411996892543_7584144362847787450_n\" data-dt-img-description=\"\" data-large_image_width=\"373\" data-large_image_height=\"280\"href='https:\/\/www.radiopiu.net\/wordpress\/wp-content\/uploads\/2023\/12\/406670616_912411996892543_7584144362847787450_n.jpg'><img loading=\"lazy\" decoding=\"async\" width=\"150\" height=\"150\" src=\"https:\/\/www.radiopiu.net\/wordpress\/wp-content\/uploads\/2023\/12\/406670616_912411996892543_7584144362847787450_n-150x150.jpg\" class=\"attachment-thumbnail size-thumbnail\" alt=\"\" \/><\/a>\n\t\t\t\t<\/dt><\/dl>\n\t\t\t\t<br style='clear: both' \/>\n\t\t\t<\/div>\n\n<p>&nbsp;<\/p>\n<hr \/>\n<p>&nbsp;<\/p>\n<blockquote>\n<h3>GIORNATA MONDIALE DIRITTI UMANI. LA REGIONE DEL VENETO IN PRIMA LINEA NELLA PROMOZIONE DEI DIRITTI UMANI E DELLA COOPERAZIONE ALLO SVILUPPO SOSTENIBILE<\/h3>\n<\/blockquote>\n<p><strong><a class=\"dt-pswp-item\" href=\"https:\/\/www.radiopiu.net\/wordpress\/wp-content\/uploads\/2023\/12\/zaia-2023-scaled.jpg\" data-dt-img-description=\"\" data-large_image_width=\"2560\" data-large_image_height=\"1708\"><img loading=\"lazy\" decoding=\"async\" class=\" wp-image-364512 alignleft\" src=\"https:\/\/www.radiopiu.net\/wordpress\/wp-content\/uploads\/2023\/12\/zaia-2023-300x200.jpg\" alt=\"\" width=\"158\" height=\"105\" srcset=\"https:\/\/www.radiopiu.net\/wordpress\/wp-content\/uploads\/2023\/12\/zaia-2023-300x200.jpg 300w, https:\/\/www.radiopiu.net\/wordpress\/wp-content\/uploads\/2023\/12\/zaia-2023-1024x683.jpg 1024w, https:\/\/www.radiopiu.net\/wordpress\/wp-content\/uploads\/2023\/12\/zaia-2023-768x512.jpg 768w, https:\/\/www.radiopiu.net\/wordpress\/wp-content\/uploads\/2023\/12\/zaia-2023-1536x1025.jpg 1536w, https:\/\/www.radiopiu.net\/wordpress\/wp-content\/uploads\/2023\/12\/zaia-2023-2048x1366.jpg 2048w\" sizes=\"auto, (max-width: 158px) 100vw, 158px\" \/><\/a>VENEZIA<\/strong>Il Presidente della Regione del Veneto, Luca Zaia, sottolinea l&#8217;importanza della cooperazione internazionale e della promozione dei diritti umani per la costruzione di un mondo giusto, equo e pacifico. Afferma che la Regione del Veneto \u00e8 impegnata in iniziative per affrontare sfide globali come il cambiamento climatico, i diritti primari, la povert\u00e0, le crisi umanitarie e i conflitti armati. Zaia afferma che questi principi non sono solo etici, ma anche fondamentali per la pace, la stabilit\u00e0 e lo sviluppo sostenibile a livello globale. Invita tutti, dai governi alle organizzazioni non governative, dai cittadini alle imprese, a impegnarsi per creare un mondo rispettoso dei diritti, della dignit\u00e0 e dell&#8217;autodeterminazione di tutti.<\/p>\n<p>&nbsp;<\/p>\n<p>&nbsp;<\/p>\n<hr \/>\n<p>&nbsp;<\/p>\n<div class=\"page-title-head hgroup\">\n<blockquote>\n<h3 class=\"entry-title\">IL COMUNE DI AGORDO VUOLE APPROVARE IL PAT ENTRO META\u2019 APRILE<\/h3>\n<\/blockquote>\n<\/div>\n<div class=\"page-title-breadcrumbs\"><\/div>\n<blockquote>\n<h2><strong><a class=\"dt-pswp-item\" href=\"https:\/\/www.radiopiu.net\/wordpress\/wp-content\/uploads\/2022\/11\/CLAUDIO-SITO.jpg\" data-dt-img-description=\"\" data-large_image_width=\"960\" data-large_image_height=\"540\"><img loading=\"lazy\" decoding=\"async\" class=\" wp-image-308403 alignleft\" src=\"https:\/\/www.radiopiu.net\/wordpress\/wp-content\/uploads\/2022\/11\/CLAUDIO-SITO-300x169.jpg\" alt=\"\" width=\"195\" height=\"110\" srcset=\"https:\/\/www.radiopiu.net\/wordpress\/wp-content\/uploads\/2022\/11\/CLAUDIO-SITO-300x169.jpg 300w, https:\/\/www.radiopiu.net\/wordpress\/wp-content\/uploads\/2022\/11\/CLAUDIO-SITO-768x432.jpg 768w, https:\/\/www.radiopiu.net\/wordpress\/wp-content\/uploads\/2022\/11\/CLAUDIO-SITO.jpg 960w\" sizes=\"auto, (max-width: 195px) 100vw, 195px\" \/><\/a>AGORDO<\/strong><\/h2>\n<h2>presentazione del documento preliminare del PAT , oggi alle 17 SALA DON TAMIS<\/h2>\n<\/blockquote>\n<p>&nbsp;<\/p>\n<p><strong>L&#8217;ASSESSORE CLAUDIO SITO<\/strong><\/p>\n<audio class=\"wp-audio-shortcode\" id=\"audio-365234-4\" preload=\"none\" style=\"width: 100%;\" controls=\"controls\"><source type=\"audio\/mpeg\" src=\"https:\/\/www.radiopiu.net\/wordpress\/wp-content\/uploads\/2023\/12\/SITO-CLAUDIO-1.mp3?_=4\" \/><a href=\"https:\/\/www.radiopiu.net\/wordpress\/wp-content\/uploads\/2023\/12\/SITO-CLAUDIO-1.mp3\">https:\/\/www.radiopiu.net\/wordpress\/wp-content\/uploads\/2023\/12\/SITO-CLAUDIO-1.mp3<\/a><\/audio>\n<p>&nbsp;<\/p>\n<p>&nbsp;<\/p>\n<p>&nbsp;<\/p>\n<p><strong><a class=\"dt-pswp-item\" href=\"https:\/\/www.radiopiu.net\/wordpress\/wp-content\/uploads\/2022\/12\/MUNICIPIO-AGORDO.png\" data-dt-img-description=\"\" data-large_image_width=\"1890\" data-large_image_height=\"1210\"><img loading=\"lazy\" decoding=\"async\" class=\" wp-image-309882 alignleft\" src=\"https:\/\/www.radiopiu.net\/wordpress\/wp-content\/uploads\/2022\/12\/MUNICIPIO-AGORDO-300x192.png\" alt=\"\" width=\"191\" height=\"122\" srcset=\"https:\/\/www.radiopiu.net\/wordpress\/wp-content\/uploads\/2022\/12\/MUNICIPIO-AGORDO-300x192.png 300w, https:\/\/www.radiopiu.net\/wordpress\/wp-content\/uploads\/2022\/12\/MUNICIPIO-AGORDO-1024x656.png 1024w, https:\/\/www.radiopiu.net\/wordpress\/wp-content\/uploads\/2022\/12\/MUNICIPIO-AGORDO-768x492.png 768w, https:\/\/www.radiopiu.net\/wordpress\/wp-content\/uploads\/2022\/12\/MUNICIPIO-AGORDO-1536x983.png 1536w, https:\/\/www.radiopiu.net\/wordpress\/wp-content\/uploads\/2022\/12\/MUNICIPIO-AGORDO.png 1890w\" sizes=\"auto, (max-width: 191px) 100vw, 191px\" \/><\/a>AGORDO<\/strong><\/p>\n<p>DI GIANNI SANTOMASO<\/p>\n<audio class=\"wp-audio-shortcode\" id=\"audio-365234-5\" preload=\"none\" style=\"width: 100%;\" controls=\"controls\"><source type=\"audio\/mpeg\" src=\"https:\/\/www.radiopiu.net\/wordpress\/wp-content\/uploads\/2023\/11\/GIANNI-IL-COMUNE-DI-AGORDO-VUOLE-APPROVARE-IL-PAT-ENTRO-META-APRILE.mp3?_=5\" \/><a href=\"https:\/\/www.radiopiu.net\/wordpress\/wp-content\/uploads\/2023\/11\/GIANNI-IL-COMUNE-DI-AGORDO-VUOLE-APPROVARE-IL-PAT-ENTRO-META-APRILE.mp3\">https:\/\/www.radiopiu.net\/wordpress\/wp-content\/uploads\/2023\/11\/GIANNI-IL-COMUNE-DI-AGORDO-VUOLE-APPROVARE-IL-PAT-ENTRO-META-APRILE.mp3<\/a><\/audio>\n<p>&nbsp;<\/p>\n<p>&nbsp;<\/p>\n<hr \/>\n<p>&nbsp;<\/p>\n<blockquote>\n<h3>OGGI LA GIORNATA INTERNAZIONALE DELLA MONTAGNA<\/h3>\n<\/blockquote>\n<p><strong><a class=\"dt-pswp-item\" href=\"https:\/\/www.radiopiu.net\/wordpress\/wp-content\/uploads\/2020\/12\/CLAUDIA-SCARZANELLA-CONFARTIGIANATO.png\" data-dt-img-description=\"\" data-large_image_width=\"1042\" data-large_image_height=\"818\"><img loading=\"lazy\" decoding=\"async\" class=\" wp-image-182277 alignleft\" src=\"https:\/\/www.radiopiu.net\/wordpress\/wp-content\/uploads\/2020\/12\/CLAUDIA-SCARZANELLA-CONFARTIGIANATO-300x236.png\" alt=\"\" width=\"158\" height=\"124\" srcset=\"https:\/\/www.radiopiu.net\/wordpress\/wp-content\/uploads\/2020\/12\/CLAUDIA-SCARZANELLA-CONFARTIGIANATO-300x236.png 300w, https:\/\/www.radiopiu.net\/wordpress\/wp-content\/uploads\/2020\/12\/CLAUDIA-SCARZANELLA-CONFARTIGIANATO-1024x804.png 1024w, https:\/\/www.radiopiu.net\/wordpress\/wp-content\/uploads\/2020\/12\/CLAUDIA-SCARZANELLA-CONFARTIGIANATO-768x603.png 768w, https:\/\/www.radiopiu.net\/wordpress\/wp-content\/uploads\/2020\/12\/CLAUDIA-SCARZANELLA-CONFARTIGIANATO.png 1042w\" sizes=\"auto, (max-width: 158px) 100vw, 158px\" \/><\/a>BELLUNO<\/strong> In occasione della Giornata Internazionale della Montagna, la Presidente di Confartigianato Imprese Belluno, Claudia Scarzanella, ha sollecitato l&#8217;approvazione in Parlamento del DDL sulla valorizzazione delle zone montane. Ha sottolineato l&#8217;importanza del lavoro quotidiano delle imprese e dei cittadini delle comunit\u00e0 di montagna, evidenziando che l&#8217;artigianato \u00e8 un elemento cruciale per il presidio di tali territori. Tuttavia, ha osservato che il settore dell&#8217;artigianato \u00e8 stato &#8220;dimenticato&#8221; in alcune parti del documento. Inoltre, ha presentato i risultati di un&#8217;indagine che evidenzia sfide demografiche ed economiche nelle aree montane bellunesi, sottolineando la necessit\u00e0 di attenzione e interventi mirati, inclusa la digitalizzazione delle infrastrutture.<\/p>\n<p>&nbsp;<\/p>\n<blockquote>\n<h3>GIORNATA DELLA MONTAGNA: LA LETTERA DEL PRESIDENTE DELLA PROVINCIA ROBERTO PADRIN<\/h3>\n<\/blockquote>\n<p><em><a class=\"dt-pswp-item\" href=\"https:\/\/www.radiopiu.net\/wordpress\/wp-content\/uploads\/2023\/04\/PADRIN.jpeg\" data-dt-img-description=\"\" data-large_image_width=\"1110\" data-large_image_height=\"648\"><img loading=\"lazy\" decoding=\"async\" class=\" wp-image-330720 alignleft\" src=\"https:\/\/www.radiopiu.net\/wordpress\/wp-content\/uploads\/2023\/04\/PADRIN-300x175.jpeg\" alt=\"\" width=\"190\" height=\"111\" srcset=\"https:\/\/www.radiopiu.net\/wordpress\/wp-content\/uploads\/2023\/04\/PADRIN-300x175.jpeg 300w, https:\/\/www.radiopiu.net\/wordpress\/wp-content\/uploads\/2023\/04\/PADRIN-1024x598.jpeg 1024w, https:\/\/www.radiopiu.net\/wordpress\/wp-content\/uploads\/2023\/04\/PADRIN-768x448.jpeg 768w, https:\/\/www.radiopiu.net\/wordpress\/wp-content\/uploads\/2023\/04\/PADRIN.jpeg 1110w\" sizes=\"auto, (max-width: 190px) 100vw, 190px\" \/><\/a><\/em><\/p>\n<div class=\"flex-1 overflow-hidden\">\n<div class=\"react-scroll-to-bottom--css-ailte-79elbk h-full\">\n<div class=\"react-scroll-to-bottom--css-ailte-1n7m0yu\">\n<div class=\"flex flex-col pb-9 text-sm\">\n<div class=\"w-full text-token-text-primary\" data-testid=\"conversation-turn-5\">\n<div class=\"px-4 py-2 justify-center text-base md:gap-6 m-auto\">\n<div class=\"flex flex-1 text-base mx-auto gap-3 md:px-5 lg:px-1 xl:px-5 md:max-w-3xl lg:max-w-[40rem] xl:max-w-[48rem] } group final-completion\">\n<div class=\"relative flex w-full flex-col lg:w-[calc(100%-115px)] agent-turn\">\n<div class=\"flex-col gap-1 md:gap-3\">\n<div class=\"flex flex-grow flex-col max-w-full\">\n<div class=\"min-h-[20px] text-message flex flex-col items-start gap-3 whitespace-pre-wrap break-words [.text-message+&amp;]:mt-5 overflow-x-auto\" data-message-author-role=\"assistant\" data-message-id=\"b31bd2e2-cde8-45f5-9dd7-38fa84142324\">\n<div class=\"markdown prose w-full break-words dark:prose-invert dark\">\n<p><strong>BELLUNO<\/strong> La montagna affronta il problema dello spopolamento, ma la proposta \u00e8 di riaffermarne l&#8217;importanza nella Giornata Internazionale della Montagna. La legge sulla montagna, approvata preliminarmente dal Consiglio dei Ministri, \u00e8 vista come un passo positivo. Si sottolinea la necessit\u00e0 di misure organiche e interventi normativi per ridurre lo svantaggio delle zone montane, anzich\u00e9 sussidi. Si auspica uno sviluppo omogeneo e sostenibile, supportato dalla legge, per mantenere le persone nelle &#8220;terre alte&#8221;. L&#8217;appello \u00e8 a promuovere e tutelare le aree montane, superando le difficolt\u00e0 con azioni concrete anzich\u00e9 proteste.<\/p>\n<\/div>\n<\/div>\n<\/div>\n<div class=\"mt-1 flex justify-start gap-3 empty:hidden\"><\/div>\n<\/div>\n<\/div>\n<\/div>\n<\/div>\n<\/div>\n<\/div>\n<\/div>\n<\/div>\n<\/div>\n<div class=\"w-full pt-2 md:pt-0 dark:border-white\/20 md:border-transparent md:dark:border-transparent md:w-[calc(100%-.5rem)]\">\n<form class=\"stretch mx-2 flex flex-row gap-3 last:mb-2 md:mx-4 md:last:mb-6 lg:mx-auto lg:max-w-2xl xl:max-w-3xl\">\n<div class=\"relative flex h-full flex-1 items-stretch md:flex-col\">\n<div class=\"flex w-full items-center\"><\/div>\n<\/div>\n<\/form>\n<\/div>\n<hr \/>\n<p>&nbsp;<\/p>\n<blockquote>\n<h3 class=\"gmail_default\">SECONDO OPEN DAY VACCINALE ANTI-INFLUENZA E ANTI-COVID A FELTRE: ESEGUITE 626 VACCINAZIONI<\/h3>\n<\/blockquote>\n<p class=\"gmail_default\"><strong><a class=\"dt-pswp-item\" href=\"https:\/\/www.radiopiu.net\/wordpress\/wp-content\/uploads\/2020\/06\/vaccino.jpg\" data-dt-img-description=\"\" data-large_image_width=\"1920\" data-large_image_height=\"1280\"><img loading=\"lazy\" decoding=\"async\" class=\" wp-image-143923 alignleft\" src=\"https:\/\/www.radiopiu.net\/wordpress\/wp-content\/uploads\/2020\/06\/vaccino-300x200.jpg\" alt=\"\" width=\"179\" height=\"119\" srcset=\"https:\/\/www.radiopiu.net\/wordpress\/wp-content\/uploads\/2020\/06\/vaccino-300x200.jpg 300w, https:\/\/www.radiopiu.net\/wordpress\/wp-content\/uploads\/2020\/06\/vaccino-1024x683.jpg 1024w, https:\/\/www.radiopiu.net\/wordpress\/wp-content\/uploads\/2020\/06\/vaccino-768x512.jpg 768w, https:\/\/www.radiopiu.net\/wordpress\/wp-content\/uploads\/2020\/06\/vaccino-1536x1024.jpg 1536w, https:\/\/www.radiopiu.net\/wordpress\/wp-content\/uploads\/2020\/06\/vaccino.jpg 1920w\" sizes=\"auto, (max-width: 179px) 100vw, 179px\" \/><\/a>BELLUNO <\/strong>Il secondo Open Day presso il Centro Vaccinale di Feltre ha superato le aspettative, eseguendo un totale di 626 dosi di vaccino (245 anti-influenza e 381 anti-COVID) per 470 persone. L&#8217;operazione, condotta da un team di 11 operatori del Dipartimento di Prevenzione con il supporto di volontari, si \u00e8 svolta dalle 14 alle 18 senza criticit\u00e0 significative, nonostante l&#8217;afflusso numeroso. Ulteriori Open Day sono pianificati per il prossimo fine settimana in diverse localit\u00e0: 15 dicembre, dalle 15 alle 18, a Santo Stefano di Cadore (Palestra Comunale): 16 dicembre, dalle 9 alle 12, a Pieve di Cadore (Sala Coletti) e a Cortina (Ospedale Codivilla); 17 dicembre, dalle 9 alle 12, ad Agordo (Sala Don Tamis) e ad Auronzo di Cadore (Pala Tre Cime).<\/p>\n<p>&nbsp;<\/p>\n<p>&nbsp;<\/p>\n<hr \/>\n<p>&nbsp;<\/p>\n<blockquote>\n<h3>FELTRE: MANUTENZIONE DEI PARCHI CITTADINI, IN QUESTA FASE INTERVENTI PER OLTRE 60 MILA EURO<\/h3>\n<\/blockquote>\n<p><strong>FELTRE <\/strong>Il consigliere delegato alle manutenzioni, Sebastiano Slongo, ha annunciato che il Comune di Feltre ha investito risorse economiche e ore di lavoro per migliorare le aree pubbliche di gioco. Gli interventi eseguiti o programmati ammontano a circa 60 mila euro. Questi interventi mirano a potenziare le aree gioco, sia all&#8217;interno delle scuole che nei luoghi pubblici, considerandole importanti snodi per la vita sociale della comunit\u00e0, non solo per i bambini. Altri progetti includono il rifacimento completo del parco di via Soppelsa nel quartiere &#8220;Farra 2000&#8221; e il primo stralcio riguardante il Parco della Rimembranza, con il relativo progetto esecutivo che sar\u00e0 presto pronto.<\/p>\n\n\t\t\t<style type='text\/css'>\n\t\t\t\t#gallery-7 {\n\t\t\t\t\tmargin: auto;\n\t\t\t\t}\n\t\t\t\t#gallery-7 .gallery-item {\n\t\t\t\t\tfloat: left;\n\t\t\t\t\tmargin-top: 10px;\n\t\t\t\t\ttext-align: center;\n\t\t\t\t\twidth: 33%;\n\t\t\t\t}\n\t\t\t\t#gallery-7 img {\n\t\t\t\t\tborder: 2px solid #cfcfcf;\n\t\t\t\t}\n\t\t\t\t#gallery-7 .gallery-caption {\n\t\t\t\t\tmargin-left: 0;\n\t\t\t\t}\n\t\t\t\t\/* see gallery_shortcode() in wp-includes\/media.php *\/\n\t\t\t<\/style>\n\t\t<div id='gallery-7' class='dt-gallery-container gallery galleryid-365234 gallery-columns-3 gallery-size-thumbnail'><dl class='gallery-item'>\n\t\t\t\t<dt class='gallery-icon landscape'>\n\t\t\t\t\t<a class=\"rollover rollover-zoom dt-pswp-item\" title=\"Parchetto di via Balistiche\" data-dt-img-description=\"\" data-large_image_width=\"1920\" data-large_image_height=\"1080\"href='https:\/\/www.radiopiu.net\/wordpress\/wp-content\/uploads\/2023\/12\/Parchetto-di-via-Balistiche.jpg'><img loading=\"lazy\" decoding=\"async\" width=\"150\" height=\"150\" src=\"https:\/\/www.radiopiu.net\/wordpress\/wp-content\/uploads\/2023\/12\/Parchetto-di-via-Balistiche-150x150.jpg\" class=\"attachment-thumbnail size-thumbnail\" alt=\"\" \/><\/a>\n\t\t\t\t<\/dt><\/dl><dl class='gallery-item'>\n\t\t\t\t<dt class='gallery-icon landscape'>\n\t\t\t\t\t<a class=\"rollover rollover-zoom dt-pswp-item\" title=\"Parco delle Caavde 1\" data-dt-img-description=\"\" data-large_image_width=\"1920\" data-large_image_height=\"1080\"href='https:\/\/www.radiopiu.net\/wordpress\/wp-content\/uploads\/2023\/12\/Parco-delle-Caavde-1.jpg'><img loading=\"lazy\" decoding=\"async\" width=\"150\" height=\"150\" src=\"https:\/\/www.radiopiu.net\/wordpress\/wp-content\/uploads\/2023\/12\/Parco-delle-Caavde-1-150x150.jpg\" class=\"attachment-thumbnail size-thumbnail\" alt=\"\" \/><\/a>\n\t\t\t\t<\/dt><\/dl><dl class='gallery-item'>\n\t\t\t\t<dt class='gallery-icon landscape'>\n\t\t\t\t\t<a class=\"rollover rollover-zoom dt-pswp-item\" title=\"Parco delle Caavde 2\" data-dt-img-description=\"\" data-large_image_width=\"1920\" data-large_image_height=\"1080\"href='https:\/\/www.radiopiu.net\/wordpress\/wp-content\/uploads\/2023\/12\/Parco-delle-Caavde-2.jpg'><img loading=\"lazy\" decoding=\"async\" width=\"150\" height=\"150\" src=\"https:\/\/www.radiopiu.net\/wordpress\/wp-content\/uploads\/2023\/12\/Parco-delle-Caavde-2-150x150.jpg\" class=\"attachment-thumbnail size-thumbnail\" alt=\"\" \/><\/a>\n\t\t\t\t<\/dt><\/dl><br style=\"clear: both\" \/>\n\t\t\t<\/div>\n\n<p>&nbsp;<\/p>\n<p>&nbsp;<\/p>\n<hr \/>\n<p>&nbsp;<\/p>\n<blockquote>\n<h3>SCUOLA E AMMINISTRAZIONE COMUNALE DI PONTE NELLE ALPI INSIEME PER PROGETTI DI INCLUSIONE SOCIALE<\/h3>\n<\/blockquote>\n<p><strong><a class=\"dt-pswp-item\" href=\"https:\/\/www.radiopiu.net\/wordpress\/wp-content\/uploads\/2023\/12\/Alunni_in_piazza_a_Polpet.jpg\" data-dt-img-description=\"\" data-large_image_width=\"1600\" data-large_image_height=\"1201\"><img loading=\"lazy\" decoding=\"async\" class=\" wp-image-365249 alignleft\" src=\"https:\/\/www.radiopiu.net\/wordpress\/wp-content\/uploads\/2023\/12\/Alunni_in_piazza_a_Polpet-300x225.jpg\" alt=\"\" width=\"208\" height=\"156\" srcset=\"https:\/\/www.radiopiu.net\/wordpress\/wp-content\/uploads\/2023\/12\/Alunni_in_piazza_a_Polpet-300x225.jpg 300w, https:\/\/www.radiopiu.net\/wordpress\/wp-content\/uploads\/2023\/12\/Alunni_in_piazza_a_Polpet-1024x769.jpg 1024w, https:\/\/www.radiopiu.net\/wordpress\/wp-content\/uploads\/2023\/12\/Alunni_in_piazza_a_Polpet-768x576.jpg 768w, https:\/\/www.radiopiu.net\/wordpress\/wp-content\/uploads\/2023\/12\/Alunni_in_piazza_a_Polpet-1536x1153.jpg 1536w, https:\/\/www.radiopiu.net\/wordpress\/wp-content\/uploads\/2023\/12\/Alunni_in_piazza_a_Polpet.jpg 1600w\" sizes=\"auto, (max-width: 208px) 100vw, 208px\" \/><\/a>PONTE NELLE ALPI<\/strong> L&#8217;Istituto Comprensivo Scolastico di Ponte nelle Alpi offre un&#8217;ampia offerta formativa per il benessere psico-fisico degli alunni, promuovendo la crescita di competenze e conoscenze. Con due scuole dell&#8217;infanzia, tre scuole primarie e una scuola secondaria di primo grado, l&#8217;istituto collabora strettamente con l&#8217;amministrazione locale. Recentemente, il consiglio comunale ha approvato un finanziamento di 21mila euro per l&#8217;integrazione scolastica e l&#8217;inclusione sociale, mirando a favorire l&#8217;integrazione e garantire il diritto allo studio per tutti gli studenti, con particolare attenzione a coloro in situazioni di svantaggio. L&#8217;istituto promuove anche attivit\u00e0 di aggregazione, come l&#8217;accensione dell&#8217;albero di Natale e saggi previsti per il 20 dicembre, sottolineando l&#8217;importanza della partecipazione attiva degli studenti.<\/p>\n<p>&nbsp;<\/p>\n<p>&nbsp;<\/p>\n<hr \/>\n<p>&nbsp;<\/p>\n<blockquote>\n<h3>IL CAI DI AGORDO CERCA UN NUOVO GESTORE PER IL RIFUGIO SCARPA-GUREKIAN<\/h3>\n<\/blockquote>\n<p><strong><a class=\"dt-pswp-item\" href=\"https:\/\/www.radiopiu.net\/wordpress\/wp-content\/uploads\/2020\/04\/cai-agordo.jpg\" data-dt-img-description=\"\" data-large_image_width=\"297\" data-large_image_height=\"170\"><img loading=\"lazy\" decoding=\"async\" class=\" wp-image-127841 alignleft\" src=\"https:\/\/www.radiopiu.net\/wordpress\/wp-content\/uploads\/2020\/04\/cai-agordo.jpg\" alt=\"\" width=\"187\" height=\"107\" \/><\/a>AGORDO<\/strong> La Commissione di Escursionismo del CAI di Agordo ha concluso positivamente il 2023, mantenendo l&#8217;andamento favorevole degli anni precedenti. Le escursioni invernali sono state realizzate con successo, con particolare attenzione alle esercitazioni in valanga. Le escursioni primaverili per i giovani sono state ludiche e didattiche, promuovendo la passione per il territorio. Durante l&#8217;estate, le escursioni hanno registrato una vasta partecipazione, con un gruppo sempre pi\u00f9 coeso e nuovi partecipanti accolti. Nonostante alcune uscite cancellate per le condizioni meteorologiche, le proposte di due giorni in luoghi suggestivi hanno ottenuto successo. Le escursioni domenicali, inclusa la Ferrata delle Aquile, sono state ben accolte. La Commissione ringrazia accompagnatori e partecipanti per il supporto e si prepara per le nuove proposte dell&#8217;anno successivo. Nel frattempo, il Rifugio Scarpa-Gurekian sta cercando un nuovo gestore, poich\u00e9 quello attuale ha rescisso anticipatamente il contratto. Il Consiglio Direttivo \u00e8 attivo nella ricerca di un sostituto per la prossima stagione estiva, esprimendo gratitudine al gestore uscente per il suo contributo alla promozione turistica e alpinistica dell&#8217;area dell&#8217;Agn\u00e8r.<\/p>\n<p>&nbsp;<\/p>\n<hr \/>\n<p>&nbsp;<\/p>\n<blockquote>\n<h3>NASCE LA NUOVA UNION LADINA AGORDIN SOTCIUSA<\/h3>\n<\/blockquote>\n<p><strong><a class=\"dt-pswp-item\" href=\"https:\/\/www.radiopiu.net\/wordpress\/wp-content\/uploads\/2023\/12\/Union-Ladina-Agordin-Sotciusa.png\" data-dt-img-description=\"\" data-large_image_width=\"1700\" data-large_image_height=\"952\"><img loading=\"lazy\" decoding=\"async\" class=\"size-medium wp-image-365424 alignleft\" src=\"https:\/\/www.radiopiu.net\/wordpress\/wp-content\/uploads\/2023\/12\/Union-Ladina-Agordin-Sotciusa-300x168.png\" alt=\"\" width=\"300\" height=\"168\" srcset=\"https:\/\/www.radiopiu.net\/wordpress\/wp-content\/uploads\/2023\/12\/Union-Ladina-Agordin-Sotciusa-300x168.png 300w, https:\/\/www.radiopiu.net\/wordpress\/wp-content\/uploads\/2023\/12\/Union-Ladina-Agordin-Sotciusa-1024x573.png 1024w, https:\/\/www.radiopiu.net\/wordpress\/wp-content\/uploads\/2023\/12\/Union-Ladina-Agordin-Sotciusa-768x430.png 768w, https:\/\/www.radiopiu.net\/wordpress\/wp-content\/uploads\/2023\/12\/Union-Ladina-Agordin-Sotciusa-1536x860.png 1536w, https:\/\/www.radiopiu.net\/wordpress\/wp-content\/uploads\/2023\/12\/Union-Ladina-Agordin-Sotciusa.png 1700w\" sizes=\"auto, (max-width: 300px) 100vw, 300px\" \/><\/a>REDAZIONE<\/strong> L&#8217;unione fa la forza e lo dimostrano i ragazzi della nuova &#8220;Uniona Ladina Agordin Sotciusa\u201d. Un gruppo nuovo che raggruppa Gosaldo, Voltago ed Agordo.<\/p>\n<p><strong>LA LETTERA DI PRESENTAZIONE<\/strong><\/p>\n<p><strong>IN ITALIANO<\/strong><\/p>\n<p>La nuova &#8220;Union Ladina Agordin Sotciusa&#8221; \u00e8 stata presentata con entusiasmo, risultato di anni di discussioni e incontri tra le unioni di Gosaldo, Voltago, e Agordo nella Conca Agordina. L&#8217;associazione ora rappresenta anche i comuni di Rivamonte, La Valle e Taibon. Il presidente Nicola Cassisi, insieme al Consiglio Direttivo, mira a valorizzare la cultura ladina, in particolare il ladin agordin, con progetti di pubblicazione, conferenze, interviste, social media e persino radio. Il nome &#8220;Sotciusa&#8221; rappresenta la zona storica dell&#8217;Agordino sotto la chiusa di Listolade. Il logo con un esagono rappresenta i sei comuni del Basso Agordino, simboleggiando apertura e condivisione. L&#8217;invito \u00e8 rivolto a coloro che amano la lingua e la cultura ladina ad iscriversi e partecipare alle attivit\u00e0. La comunicazione \u00e8 possibile tramite i social media o via email.<\/p>\n<p>&nbsp;<\/p>\n<p>&nbsp;<\/p>\n<hr \/>\n<p>&nbsp;<\/p>\n<blockquote>\n<h3><a class=\"dt-pswp-item\" href=\"https:\/\/www.radiopiu.net\/wordpress\/wp-content\/uploads\/2023\/12\/PHOTO-2023-12-10-11-58-44-2.jpg\" data-dt-img-description=\"\" data-large_image_width=\"1200\" data-large_image_height=\"1600\"><img loading=\"lazy\" decoding=\"async\" class=\" wp-image-365414 alignleft\" src=\"https:\/\/www.radiopiu.net\/wordpress\/wp-content\/uploads\/2023\/12\/PHOTO-2023-12-10-11-58-44-2-225x300.jpg\" alt=\"\" width=\"120\" height=\"160\" srcset=\"https:\/\/www.radiopiu.net\/wordpress\/wp-content\/uploads\/2023\/12\/PHOTO-2023-12-10-11-58-44-2-225x300.jpg 225w, https:\/\/www.radiopiu.net\/wordpress\/wp-content\/uploads\/2023\/12\/PHOTO-2023-12-10-11-58-44-2-768x1024.jpg 768w, https:\/\/www.radiopiu.net\/wordpress\/wp-content\/uploads\/2023\/12\/PHOTO-2023-12-10-11-58-44-2-1152x1536.jpg 1152w, https:\/\/www.radiopiu.net\/wordpress\/wp-content\/uploads\/2023\/12\/PHOTO-2023-12-10-11-58-44-2.jpg 1200w\" sizes=\"auto, (max-width: 120px) 100vw, 120px\" \/><\/a>IL CORO SAT DI TRENTO CHIUDE LA SERIE DI CONCERTI PER IL VAJONT<\/h3>\n<\/blockquote>\n<p><strong>LONGARONE<\/strong> Con una partecipazione straordinaria di oltre 500 persone, si \u00e8 concluso il ciclo di concerti dedicati alla memoria del Vajont nell&#8217;ambito delle celebrazioni del sessantesimo anniversario della tragedia. Il coro della Sat di Trento e il coro Voci delle Dolomiti hanno offerto un emozionante dialogo musicale nella chiesa parrocchiale di Longarone. Il sindaco, Roberto Padrin, sottolinea che la musica ha veicolato la memoria del Vajont, rafforzando il messaggio che disastri simili causati dall&#8217;uomo non devono ripetersi.<\/p>\n<p>&nbsp;<\/p>\n<p>&nbsp;<\/p>\n<hr \/>\n<p>&nbsp;<\/p>\n<blockquote>\n<h3 class=\"entry-title\">RISPETTO AL PRE-COVID, IL VENETO HA RECUPERATO OLTRE 3 PUNTI DI PIL<\/h3>\n<\/blockquote>\n<p class=\"photoswipe-wrapper\"><a class=\"dt-pswp-item pspw-wrap-ready\" href=\"https:\/\/www.radiopiu.net\/wordpress\/wp-content\/uploads\/2023\/12\/Schermata-2023-12-09-alle-10.03.05.png\" data-dt-img-description=\"\" data-large_image_width=\"1040\" data-large_image_height=\"1442\"><img loading=\"lazy\" decoding=\"async\" class=\"size-medium wp-image-365231 alignleft\" src=\"https:\/\/www.radiopiu.net\/wordpress\/wp-content\/uploads\/2023\/12\/Schermata-2023-12-09-alle-10.03.05-216x300.png\" sizes=\"auto, (max-width: 216px) 100vw, 216px\" srcset=\"https:\/\/www.radiopiu.net\/wordpress\/wp-content\/uploads\/2023\/12\/Schermata-2023-12-09-alle-10.03.05-216x300.png 216w, https:\/\/www.radiopiu.net\/wordpress\/wp-content\/uploads\/2023\/12\/Schermata-2023-12-09-alle-10.03.05-739x1024.png 739w, https:\/\/www.radiopiu.net\/wordpress\/wp-content\/uploads\/2023\/12\/Schermata-2023-12-09-alle-10.03.05-768x1065.png 768w, https:\/\/www.radiopiu.net\/wordpress\/wp-content\/uploads\/2023\/12\/Schermata-2023-12-09-alle-10.03.05.png 1040w\" alt=\"\" width=\"216\" height=\"300\" \/><\/a>Nonostante il rallentamento dell\u2019economia registrato in questi ultimi sei mesi a seguito di una congiuntura internazionale molto difficile, il Veneto si \u00e8 lasciato abbondantemente alle spalle gli effetti negativi provocati dalla crisi pandemica, dal caro energia e dalla crescita esponenziale registrata dai tassi di interesse in questo ultimo anno e mezzo. In altre parole, tra il 2019 (anno pre-Covid) e il 2023, la nostra regione ha segnato una variazione del Pil del +3,3 per cento, contro una media Italia del +3. Meglio di noi solo la Lombardia con il +5,3 per cento, l\u2019Emilia Romagna con il +4,9, la Puglia con il +3,9, il Friuli Venezia Giulia con il +3,5 e il Trentino Alto Adige con il +3,4. Il turismo, la manifattura, i consumi delle famiglie, gli investimenti e l\u2019export hanno sostenuto questa ripresa che, come dicevamo, \u00e8 stata importante.<\/p>\n<p>A dirlo \u00e8 l\u2019Ufficio studi della CGIA.<\/p>\n<p><strong>Nessun trionfalismo<\/strong><br \/>\nCerto, i problemi non mancano e le difficolt\u00e0 che da decenni assillano anche la nostra regione sono sempre all\u2019ordine del giorno. Tasse, burocrazia, deficit infrastrutturale, mancanza di personale, credito erogato con il contagocce e inefficienza della Pubblica Amministrazione sono i principali punti di debolezza che frenano da tempo la crescita della nostra economia. A peggiorare il quadro generale c\u2019\u00e8 stata anche la recessione che ha colpito la Germania, da sempre un mercato di riferimento per tantissimi settori produttivi del Veneto (automotive, legno-arredo, orafo, calzature, meccanica, etc.).<\/p>\n<p><strong>Abbiamo \u201canestetizzato\u201d le crisi<\/strong><br \/>\nNonostante le chiusure delle attivit\u00e0, i divieti alla mobilit\u00e0 e la contrazione dei consumi provocata dal Covid nel biennio 2020-2021; l\u2019aumento dei costi delle bollette di luce e gas esploso nell\u2019estate del 2022 e l\u2019impennata dei tassi di interesse determinato dalla Banca Centrale Europea per raffreddare il tasso di inflazione che in Italia nell\u2019ultimo trimestre dell\u2019anno scorso ha sfiorato il 12 per cento; le misure economiche\/sociali messe in campo dagli ultimi esecutivi per mitigare queste difficolt\u00e0 hanno sortito l\u2019effetto sperato. Ovvero, hanno evitato una crisi sociale e garantito una ripresa dell\u2019economia che nessuno prevedeva. O quasi.<\/p>\n<p><strong>Aiuti per 25 miliardi di euro<\/strong><br \/>\nRicordiamo, infatti, che tra contributi a fondo perduto, ristori, indennizzi, misure di sostegno al reddito, crediti di imposta, etc., tra il 2020 e il 2022 i governi Conte 2 e Draghi hanno messo a disposizione delle famiglie e delle imprese venete ben 15 miliardi di euro. Per mitigare il caro bollette, invece, i governi Draghi e Meloni hanno erogato altri 10 miliardi di euro di aiuti. Complessivamente, quindi, sono stati stanziati al Veneto oltre 25 miliardi che hanno \u201canestetizzato\u201d gli effetti negativi provocati dalla pandemia e dal caro energia. Certo, non sempre questi soldi sono stati spesi bene e\/o sono finiti nelle tasche di chi ne aveva pi\u00f9 bisogno. Tuttavia, sono risorse che sono state erogate per non far collassare l\u2019economia e il risultato, in massima parte, \u00e8 stato raggiunto.<\/p>\n<p><strong>Dopo il Covid Lombardia ed Emilia Romagna le pi\u00f9 resilienti<\/strong><br \/>\nLa regione che meglio delle altre ha superato le crisi che si sono abbattute nel Paese in questi ultimi 4 anni \u00e8 stata la Lombardia che, rispetto al 2019, \u00e8 cresciuta del 5,3 per cento. Seguono l\u2019Emilia Romagna con il +4,9 per cento, la Puglia con il +3,9, il Friuli Venezia Giulia con il +3,5, il Trentino Alto Adige con il +3,4 e il Veneto con il +3,3. Tra le 20 regioni presenti in Italia solo la Liguria e la Toscana non hanno ancora recuperato il terreno perso con il Covid e le crisi successive. La prima deve ancora recuperare 0,8 punti di Pil rispetto al 2019, la seconda addirittura due.<\/p>\n<p><strong>Quest\u2019anno il Paese \u00e8 \u201ctrainato\u201d da Lombardia e Veneto<\/strong><br \/>\nA trainare l\u2019economia del Paese nel 2023 saranno la Lombardia e il Veneto. In queste due regioni il Pil \u00e8 destinato a crescere dello 0,9 per cento rispetto al 2022. Seguono ad una incollatura il Friuli Venezia Giulia, il Lazio e il Trentino Alto Adige tutte con il +0,8 per cento. Subito dopo scorgiamo l\u2019Emilia Romagna, la Valle d\u2019Aosta, il Piemonte e la Toscana che sono previsti e in crescita del +0,7 per cento. In coda alla graduatoria si collocano la Basilicata e le Marche che registreranno un aumento del prodotto interno lordo rispetto all\u2019anno scorso del +0,3 per cento (vedi Tab.1).<\/p>\n<p><strong>Nel 2024 l\u2019economia continuer\u00e0 a frenare<\/strong><br \/>\nAncorch\u00e9 sia estremamente difficile fare delle previsioni economiche viste le instabilit\u00e0 geopolitiche che caratterizzano il Nordest dell\u2019Europa e il Medioriente, nel 2024 l\u2019economia del Veneto dovrebbe rallentare ulteriormente. Le ultime stime dicono che nella nostra regione il Pil dovrebbe crescere dello 0,6 per cento, 0,3 punti in meno di quest\u2019anno, contro una media nazionale del +0,4 per cento. La frenata dei consumi, la contrazione delle costruzioni e degli investimenti dovrebbero essere le cause di questo ulteriore rallentamento dell\u2019economia.<\/p>\n<p>&nbsp;<\/p>\n<p>&nbsp;<\/p>\n<hr \/>\n<p>&nbsp;<\/p>\n<blockquote>\n<h3 class=\"articlePlainText\">STASERA IL CONSIGLIO COMUNALE<\/h3>\n<\/blockquote>\n<p class=\"articlePlainText\"><strong>LIVINALLONGO <\/strong>Convocato per oggi alle 18,30 il consiglio comunale di Livinallongo. Si discuter\u00e0 della fusione di Bim Infrastrutture in Bim Gsp, della variazione al bilancio per l&#8217;applicazione dell&#8217;avanzo e della nuova bozza di convenzione per la concessione di terreni comunali nella zona sciistica Arabba Portavescovo.<\/p>\n<p>&nbsp;<\/p>\n<p>&nbsp;<\/p>\n<hr \/>\n<p>&nbsp;<\/p>\n<blockquote>\n<h3>PRESENTATO IL NUOVO ALBUM DEI RUMATERA AI PIANI DI PEZZE&#8217;<\/h3>\n<\/blockquote>\n<p><strong><a class=\"dt-pswp-item\" href=\"https:\/\/www.radiopiu.net\/wordpress\/wp-content\/uploads\/2023\/12\/408762176_18325245730128979_3966653312496213262_n.jpg\" data-dt-img-description=\"\" data-large_image_width=\"1080\" data-large_image_height=\"1080\"><img loading=\"lazy\" decoding=\"async\" class=\" wp-image-365265 alignleft\" src=\"https:\/\/www.radiopiu.net\/wordpress\/wp-content\/uploads\/2023\/12\/408762176_18325245730128979_3966653312496213262_n-300x300.jpg\" alt=\"\" width=\"137\" height=\"137\" srcset=\"https:\/\/www.radiopiu.net\/wordpress\/wp-content\/uploads\/2023\/12\/408762176_18325245730128979_3966653312496213262_n-300x300.jpg 300w, https:\/\/www.radiopiu.net\/wordpress\/wp-content\/uploads\/2023\/12\/408762176_18325245730128979_3966653312496213262_n-1024x1024.jpg 1024w, https:\/\/www.radiopiu.net\/wordpress\/wp-content\/uploads\/2023\/12\/408762176_18325245730128979_3966653312496213262_n-150x150.jpg 150w, https:\/\/www.radiopiu.net\/wordpress\/wp-content\/uploads\/2023\/12\/408762176_18325245730128979_3966653312496213262_n-768x768.jpg 768w, https:\/\/www.radiopiu.net\/wordpress\/wp-content\/uploads\/2023\/12\/408762176_18325245730128979_3966653312496213262_n.jpg 1080w\" sizes=\"auto, (max-width: 137px) 100vw, 137px\" \/><\/a>ALLEGHE<\/strong> Il gruppo punk rock Rumatera ha presentato in anteprima il nuovo singolo e album intitolato &#8220;Apr\u00e8s-ski&#8221;. L&#8217;evento di lancio agli impianti di Alleghe, celebrando le feste tradizionali in baita dopo una giornata sugli sci. Il nuovo album, caratterizzato da uno stile elettronico e dance ispirato agli apr\u00e8s-ski austriaci, sar\u00e0 disponibile dal 22 dicembre, mentre il primo singolo, &#8220;Pista nera&#8221;, \u00e8 stato ufficialmente presentato.<\/p>\n<p>&nbsp;<\/p>\n<p>&nbsp;<\/p>\n<p><strong>LA DIRETTA RADIO PIU&#8217;<\/strong><\/p>\n<p>https:\/\/www.facebook.com\/radiopiu\/videos\/729594568669559<\/p>\n<p>&nbsp;<\/p>\n<p>&nbsp;<\/p>\n<hr \/>\n<p>&nbsp;<\/p>\n<blockquote>\n<h2>Snow Mike: Microfoni sulla Neve, Giornalisti e Campioni Olimpici sulle Piste di Falcade<\/h2>\n<\/blockquote>\n<p><strong><a class=\"dt-pswp-item\" href=\"https:\/\/www.radiopiu.net\/wordpress\/wp-content\/uploads\/2023\/12\/Senza-nome-31.png\" data-dt-img-description=\"\" data-large_image_width=\"300\" data-large_image_height=\"211\"><img loading=\"lazy\" decoding=\"async\" class=\" wp-image-365106 alignleft\" src=\"https:\/\/www.radiopiu.net\/wordpress\/wp-content\/uploads\/2023\/12\/Senza-nome-31.png\" alt=\"\" width=\"293\" height=\"206\" \/><\/a>FALCADE<\/strong> Domani si terr\u00e0 la seconda edizione di &#8220;Snow Mike: Microfoni sulla Neve&#8221; a Falcade e nella Ski Area San Pellegrino, un evento che vede otto telecronisti sportivi unirsi a noti campioni come Alessandro Ballan, Paolo Bettini e Jury Chechi per una giornata unica nelle Dolomiti. Giornalisti e sportivi si sfideranno in una gara di slalom gigante nel rinomato comprensorio sciistico, godendo delle spettacolari vette dichiarate Patrimonio UNESCO. Nel pomeriggio, presso il Palafalcade, incontreranno i giovani atleti dello Ski College Veneto, del Liceo Scientifico di Agordo e dello Sci Club Val Biois. Parteciperanno anche Ludovica Cividini di Infront, Valentina Graziosi di Sport Italia, Riccardo Magrini di Eurosport, Alessandro Fabretti di Rai Sport e i giornalisti di Sky Sport Carlo Vanzini, Davide Camicioli, Mauro Sanchini e Giovanni Bruno. L&#8217;evento \u00e8 gratuito e aperto a tutti, organizzato da PromoFalcade Dolomiti e dalla Ski Area San Pellegrino nell&#8217;ambito del progetto FCC &#8220;Vivere le Dolomiti &#8211; Attuazione piano di marketing territoriale&#8221; della provincia di Belluno.<\/p>\n<p>&nbsp;<\/p>\n<hr \/>\n<p>&nbsp;<\/p>\n<blockquote>\n<h1>ACCESO IL PRESEPE A ROE DI SEDICO&#8230; LA DIRETTA DI RADIO PIU<\/h1>\n<\/blockquote>\n<p>&nbsp;<\/p>\n<p><iframe loading=\"lazy\" title=\"PRESEPE ROE DI SEDICO - DIRETTA RADIO PIU di MIRKO MEZZACASA\" width=\"1200\" height=\"675\" src=\"https:\/\/www.youtube.com\/embed\/B4rGHCoGgaw?feature=oembed\" frameborder=\"0\" allow=\"accelerometer; autoplay; clipboard-write; encrypted-media; gyroscope; picture-in-picture; web-share\" allowfullscreen><\/iframe><\/p>\n<p>&nbsp;<\/p>\n<hr \/>\n<p>&nbsp;<\/p>\n<blockquote>\n<h3>ACCESE LE LUCI AL PRESEPIO DI D&#8217;ALPAOS A CHIES D&#8217;ALPAGO<\/h3>\n<\/blockquote>\n<p><strong>CHIES D&#8217;ALPAGO\u00a0<\/strong>Accese le luci al presepio di D&#8217;Alpaos a Chies D&#8217;Alpago. Presepio gentilmente offerto da Rita Inferrera e Gianni Padoan. \u00c8 visitabile liberamente in via 25 Aprile<\/p>\n\n\t\t\t<style type='text\/css'>\n\t\t\t\t#gallery-8 {\n\t\t\t\t\tmargin: auto;\n\t\t\t\t}\n\t\t\t\t#gallery-8 .gallery-item {\n\t\t\t\t\tfloat: left;\n\t\t\t\t\tmargin-top: 10px;\n\t\t\t\t\ttext-align: center;\n\t\t\t\t\twidth: 16%;\n\t\t\t\t}\n\t\t\t\t#gallery-8 img {\n\t\t\t\t\tborder: 2px solid #cfcfcf;\n\t\t\t\t}\n\t\t\t\t#gallery-8 .gallery-caption {\n\t\t\t\t\tmargin-left: 0;\n\t\t\t\t}\n\t\t\t\t\/* see gallery_shortcode() in wp-includes\/media.php *\/\n\t\t\t<\/style>\n\t\t<div id='gallery-8' class='dt-gallery-container gallery galleryid-365234 gallery-columns-6 gallery-size-thumbnail'><dl class='gallery-item'>\n\t\t\t\t<dt class='gallery-icon landscape'>\n\t\t\t\t\t<a class=\"rollover rollover-zoom dt-pswp-item\" title=\"IMG_20231208_162826\" data-dt-img-description=\"\" data-large_image_width=\"2312\" data-large_image_height=\"1736\"href='https:\/\/www.radiopiu.net\/wordpress\/wp-content\/uploads\/2023\/12\/IMG_20231208_162826.jpg'><img loading=\"lazy\" decoding=\"async\" width=\"150\" height=\"150\" src=\"https:\/\/www.radiopiu.net\/wordpress\/wp-content\/uploads\/2023\/12\/IMG_20231208_162826-150x150.jpg\" class=\"attachment-thumbnail size-thumbnail\" alt=\"\" \/><\/a>\n\t\t\t\t<\/dt><\/dl><dl class='gallery-item'>\n\t\t\t\t<dt class='gallery-icon portrait'>\n\t\t\t\t\t<a class=\"rollover rollover-zoom dt-pswp-item\" title=\"IMG_20231208_174429\" data-dt-img-description=\"\" data-large_image_width=\"1736\" data-large_image_height=\"2312\"href='https:\/\/www.radiopiu.net\/wordpress\/wp-content\/uploads\/2023\/12\/IMG_20231208_174429.jpg'><img loading=\"lazy\" decoding=\"async\" width=\"150\" height=\"150\" src=\"https:\/\/www.radiopiu.net\/wordpress\/wp-content\/uploads\/2023\/12\/IMG_20231208_174429-150x150.jpg\" class=\"attachment-thumbnail size-thumbnail\" alt=\"\" \/><\/a>\n\t\t\t\t<\/dt><\/dl><dl class='gallery-item'>\n\t\t\t\t<dt class='gallery-icon portrait'>\n\t\t\t\t\t<a class=\"rollover rollover-zoom dt-pswp-item\" title=\"IMG_20231208_162834\" data-dt-img-description=\"\" data-large_image_width=\"1736\" data-large_image_height=\"2312\"href='https:\/\/www.radiopiu.net\/wordpress\/wp-content\/uploads\/2023\/12\/IMG_20231208_162834.jpg'><img loading=\"lazy\" decoding=\"async\" width=\"150\" height=\"150\" src=\"https:\/\/www.radiopiu.net\/wordpress\/wp-content\/uploads\/2023\/12\/IMG_20231208_162834-150x150.jpg\" class=\"attachment-thumbnail size-thumbnail\" alt=\"\" \/><\/a>\n\t\t\t\t<\/dt><\/dl><dl class='gallery-item'>\n\t\t\t\t<dt class='gallery-icon portrait'>\n\t\t\t\t\t<a class=\"rollover rollover-zoom dt-pswp-item\" title=\"IMG_20231208_172847\" data-dt-img-description=\"\" data-large_image_width=\"1736\" data-large_image_height=\"2312\"href='https:\/\/www.radiopiu.net\/wordpress\/wp-content\/uploads\/2023\/12\/IMG_20231208_172847.jpg'><img loading=\"lazy\" decoding=\"async\" width=\"150\" height=\"150\" src=\"https:\/\/www.radiopiu.net\/wordpress\/wp-content\/uploads\/2023\/12\/IMG_20231208_172847-150x150.jpg\" class=\"attachment-thumbnail size-thumbnail\" alt=\"\" \/><\/a>\n\t\t\t\t<\/dt><\/dl><dl class='gallery-item'>\n\t\t\t\t<dt class='gallery-icon landscape'>\n\t\t\t\t\t<a class=\"rollover rollover-zoom dt-pswp-item\" title=\"IMG_20231208_162840\" data-dt-img-description=\"\" data-large_image_width=\"2312\" data-large_image_height=\"1736\"href='https:\/\/www.radiopiu.net\/wordpress\/wp-content\/uploads\/2023\/12\/IMG_20231208_162840.jpg'><img loading=\"lazy\" decoding=\"async\" width=\"150\" height=\"150\" src=\"https:\/\/www.radiopiu.net\/wordpress\/wp-content\/uploads\/2023\/12\/IMG_20231208_162840-150x150.jpg\" class=\"attachment-thumbnail size-thumbnail\" alt=\"\" \/><\/a>\n\t\t\t\t<\/dt><\/dl><dl class='gallery-item'>\n\t\t\t\t<dt class='gallery-icon landscape'>\n\t\t\t\t\t<a class=\"rollover rollover-zoom dt-pswp-item\" title=\"IMG_20231208_172958\" data-dt-img-description=\"\" data-large_image_width=\"2312\" data-large_image_height=\"1736\"href='https:\/\/www.radiopiu.net\/wordpress\/wp-content\/uploads\/2023\/12\/IMG_20231208_172958.jpg'><img loading=\"lazy\" decoding=\"async\" width=\"150\" height=\"150\" src=\"https:\/\/www.radiopiu.net\/wordpress\/wp-content\/uploads\/2023\/12\/IMG_20231208_172958-150x150.jpg\" class=\"attachment-thumbnail size-thumbnail\" alt=\"\" \/><\/a>\n\t\t\t\t<\/dt><\/dl><br style=\"clear: both\" \/>\n\t\t\t<\/div>\n\n<p>&nbsp;<\/p>\n<hr \/>\n<p>&nbsp;<\/p>\n<blockquote>\n<h3>IL PARCO DEI PRESEPI A BRIBANO DI SEDICO<\/h3>\n<\/blockquote>\n<p><strong><a class=\"dt-pswp-item\" href=\"https:\/\/www.radiopiu.net\/wordpress\/wp-content\/uploads\/2023\/12\/48A8629.jpg\" data-dt-img-description=\"\" data-large_image_width=\"2000\" data-large_image_height=\"1333\"><img loading=\"lazy\" decoding=\"async\" class=\" wp-image-365246 alignleft\" src=\"https:\/\/www.radiopiu.net\/wordpress\/wp-content\/uploads\/2023\/12\/48A8629-300x200.jpg\" alt=\"\" width=\"198\" height=\"132\" srcset=\"https:\/\/www.radiopiu.net\/wordpress\/wp-content\/uploads\/2023\/12\/48A8629-300x200.jpg 300w, https:\/\/www.radiopiu.net\/wordpress\/wp-content\/uploads\/2023\/12\/48A8629-1024x682.jpg 1024w, https:\/\/www.radiopiu.net\/wordpress\/wp-content\/uploads\/2023\/12\/48A8629-768x512.jpg 768w, https:\/\/www.radiopiu.net\/wordpress\/wp-content\/uploads\/2023\/12\/48A8629-1536x1024.jpg 1536w, https:\/\/www.radiopiu.net\/wordpress\/wp-content\/uploads\/2023\/12\/48A8629.jpg 2000w\" sizes=\"auto, (max-width: 198px) 100vw, 198px\" \/><\/a>SEDICO<\/strong> Il progetto &#8220;Natale Solidale&#8221; \u00e8 stato presentato dalla Scuola dell\u2019infanzia \u201cdon Modesto Sorio\u201d di Bribano durante la festa organizzata dal comitato di gestione della scuola. Il progetto si basa sul significato del verbo &#8220;Donare&#8221;, inteso come atto di dare liberamente e senza compenso qualcosa di utile o gradito. Le insegnanti hanno coinvolto i bambini nella comprensione profonda del concetto di dono e del vero spirito del Natale. Inoltre, \u00e8 stato inaugurato il tradizionale &#8220;Parco dei Presepi&#8221;, contenente sessanta presepi realizzati dai bambini e dalle loro famiglie. Un Mercatino di Natale ha contribuito a raccogliere fondi per le attivit\u00e0 didattiche della scuola, grazie alle creazioni delle famiglie e dei volontari. L&#8217;iniziativa ha anche coinvolto l&#8217;Associazione \u201cInsieme si pu\u00f2\u201d, le famiglie, il paese e il territorio, promuovendo l&#8217;idea di donare e condividere durante il periodo natalizio.<\/p>\n<p>&nbsp;<\/p>\n<p>&nbsp;<\/p>\n<hr \/>\n<p>&nbsp;<\/p>\n<blockquote>\n<h3>UN SUCCESSO IL TERZO APPUNTAMENTO PER I 40 ANNI DEL LIBRO PARLATO DI FELTRE<\/h3>\n<\/blockquote>\n<p><strong>FELTRE<\/strong> Terzo appuntamento e ancora un altro successo in sala Ocri Feltre nell\u2019ambito degli eventi celebrativi dei 40 anni di Libro Parlato. Sabato 9 dicembre Anna Branciforti e Fabio Dalla Zuanna, rispettivamente madre e figlio di Bassano hanno incantato il pubblico con il reading dedicato a Italo Calvino a cento anni dalla nascita. I noti artisti, da tempo validi volontari per il Cilp, per l\u2019occasione hanno proposto una narrazione di Calvino che conduce alla \u201ccostruzione dell\u2019uomo\u201d passando attraverso una trilogia coerentemente selezionata : \u201cIl cavaliere inesistente\u201d rappresenta l\u2019uomo che non c\u2019\u00e8, \u201cIl visconte dimezzato\u201d invece la figura imperfetta che mira a completarsi per poi realizzarsi interamente ne \u201cil barone rampante\u201d in cui l\u2019uomo raggiunge la sua completezza . La lettura altamente espressiva \u00e8 stata un crescendo di impeto e passione fino a raggiungere livelli di coinvolgente teatralit\u00e0. Notevoli sono stati anche gli spunti volti a proporre nuove ed accattivanti chiavi di lettura della trilogia. Prossimi appuntamenti il 18 alle 18 con Flavio Faoro da Oltre le Vette e il 22 dicembre sempre alle 18.00 con Antonio Bortoluzzi.<\/p>\n<div style=\"width: 848px;\" class=\"wp-video\"><video class=\"wp-video-shortcode\" id=\"video-365234-1\" width=\"848\" height=\"480\" preload=\"metadata\" controls=\"controls\"><source type=\"video\/mp4\" src=\"https:\/\/www.radiopiu.net\/wordpress\/wp-content\/uploads\/2023\/12\/WhatsApp-Video-2023-12-10-at-16.25.05.mp4?_=1\" \/><a href=\"https:\/\/www.radiopiu.net\/wordpress\/wp-content\/uploads\/2023\/12\/WhatsApp-Video-2023-12-10-at-16.25.05.mp4\">https:\/\/www.radiopiu.net\/wordpress\/wp-content\/uploads\/2023\/12\/WhatsApp-Video-2023-12-10-at-16.25.05.mp4<\/a><\/video><\/div>\n<p>&nbsp;<\/p>\n\n\t\t\t<style type='text\/css'>\n\t\t\t\t#gallery-9 {\n\t\t\t\t\tmargin: auto;\n\t\t\t\t}\n\t\t\t\t#gallery-9 .gallery-item {\n\t\t\t\t\tfloat: left;\n\t\t\t\t\tmargin-top: 10px;\n\t\t\t\t\ttext-align: center;\n\t\t\t\t\twidth: 25%;\n\t\t\t\t}\n\t\t\t\t#gallery-9 img {\n\t\t\t\t\tborder: 2px solid #cfcfcf;\n\t\t\t\t}\n\t\t\t\t#gallery-9 .gallery-caption {\n\t\t\t\t\tmargin-left: 0;\n\t\t\t\t}\n\t\t\t\t\/* see gallery_shortcode() in wp-includes\/media.php *\/\n\t\t\t<\/style>\n\t\t<div id='gallery-9' class='dt-gallery-container gallery galleryid-365234 gallery-columns-4 gallery-size-thumbnail'><dl class='gallery-item'>\n\t\t\t\t<dt class='gallery-icon portrait'>\n\t\t\t\t\t<a class=\"rollover rollover-zoom dt-pswp-item\" title=\"10fab046-7e90-4d62-9fd9-12eda82907e5\" data-dt-img-description=\"\" data-large_image_width=\"1536\" data-large_image_height=\"2040\"href='https:\/\/www.radiopiu.net\/wordpress\/wp-content\/uploads\/2023\/12\/10fab046-7e90-4d62-9fd9-12eda82907e5.jpg'><img loading=\"lazy\" decoding=\"async\" width=\"150\" height=\"150\" src=\"https:\/\/www.radiopiu.net\/wordpress\/wp-content\/uploads\/2023\/12\/10fab046-7e90-4d62-9fd9-12eda82907e5-150x150.jpg\" class=\"attachment-thumbnail size-thumbnail\" alt=\"\" \/><\/a>\n\t\t\t\t<\/dt><\/dl><dl class='gallery-item'>\n\t\t\t\t<dt class='gallery-icon portrait'>\n\t\t\t\t\t<a class=\"rollover rollover-zoom dt-pswp-item\" title=\"2945cddc-b884-4404-8e3e-d97b18d99536\" data-dt-img-description=\"\" data-large_image_width=\"1536\" data-large_image_height=\"2040\"href='https:\/\/www.radiopiu.net\/wordpress\/wp-content\/uploads\/2023\/12\/2945cddc-b884-4404-8e3e-d97b18d99536.jpg'><img loading=\"lazy\" decoding=\"async\" width=\"150\" height=\"150\" src=\"https:\/\/www.radiopiu.net\/wordpress\/wp-content\/uploads\/2023\/12\/2945cddc-b884-4404-8e3e-d97b18d99536-150x150.jpg\" class=\"attachment-thumbnail size-thumbnail\" alt=\"\" \/><\/a>\n\t\t\t\t<\/dt><\/dl><dl class='gallery-item'>\n\t\t\t\t<dt class='gallery-icon portrait'>\n\t\t\t\t\t<a class=\"rollover rollover-zoom dt-pswp-item\" title=\"cdd0f375-f5dd-4f3d-905e-b173810d1905\" data-dt-img-description=\"\" data-large_image_width=\"1536\" data-large_image_height=\"2040\"href='https:\/\/www.radiopiu.net\/wordpress\/wp-content\/uploads\/2023\/12\/cdd0f375-f5dd-4f3d-905e-b173810d1905.jpg'><img loading=\"lazy\" decoding=\"async\" width=\"150\" height=\"150\" src=\"https:\/\/www.radiopiu.net\/wordpress\/wp-content\/uploads\/2023\/12\/cdd0f375-f5dd-4f3d-905e-b173810d1905-150x150.jpg\" class=\"attachment-thumbnail size-thumbnail\" alt=\"\" \/><\/a>\n\t\t\t\t<\/dt><\/dl><dl class='gallery-item'>\n\t\t\t\t<dt class='gallery-icon portrait'>\n\t\t\t\t\t<a class=\"rollover rollover-zoom dt-pswp-item\" title=\"cee9cc6a-b984-455c-a8fa-b60247f820bd\" data-dt-img-description=\"\" data-large_image_width=\"1536\" data-large_image_height=\"2040\"href='https:\/\/www.radiopiu.net\/wordpress\/wp-content\/uploads\/2023\/12\/cee9cc6a-b984-455c-a8fa-b60247f820bd.jpg'><img loading=\"lazy\" decoding=\"async\" width=\"150\" height=\"150\" src=\"https:\/\/www.radiopiu.net\/wordpress\/wp-content\/uploads\/2023\/12\/cee9cc6a-b984-455c-a8fa-b60247f820bd-150x150.jpg\" class=\"attachment-thumbnail size-thumbnail\" alt=\"\" \/><\/a>\n\t\t\t\t<\/dt><\/dl><br style=\"clear: both\" \/>\n\t\t\t<\/div>\n\n<p>&nbsp;<\/p>\n<hr \/>\n<p>&nbsp;<\/p>\n<h2><span style=\"color: #ff6600;\">ALLA RADIO<\/span><\/h2>\n<h2><strong><a class=\"dt-pswp-item\" href=\"https:\/\/www.radiopiu.net\/wordpress\/wp-content\/uploads\/2020\/03\/AMICO-POPOLOpng.png\" data-dt-img-description=\"\" data-large_image_width=\"225\" data-large_image_height=\"225\"><img loading=\"lazy\" decoding=\"async\" class=\" wp-image-123043 alignleft\" src=\"https:\/\/www.radiopiu.net\/wordpress\/wp-content\/uploads\/2020\/03\/AMICO-POPOLOpng.png\" alt=\"\" width=\"145\" height=\"145\" srcset=\"https:\/\/www.radiopiu.net\/wordpress\/wp-content\/uploads\/2020\/03\/AMICO-POPOLOpng.png 225w, https:\/\/www.radiopiu.net\/wordpress\/wp-content\/uploads\/2020\/03\/AMICO-POPOLOpng-150x150.png 150w\" sizes=\"auto, (max-width: 145px) 100vw, 145px\" \/><\/a><\/strong><span style=\"color: #00ccff;\">LA RASSEGNA STAMPA DA L&#8217;AMICO DEL POPOLO<\/span><\/h2>\n<p><strong>DI GIANNI SANTOMASO<\/strong><\/p>\n<p>&nbsp;<\/p>\n<audio class=\"wp-audio-shortcode\" id=\"audio-365234-6\" preload=\"none\" style=\"width: 100%;\" controls=\"controls\"><source type=\"audio\/mpeg\" src=\"https:\/\/www.radiopiu.net\/wordpress\/wp-content\/uploads\/2023\/12\/RASSEGNA-GIANNI-1.mp3?_=6\" \/><a href=\"https:\/\/www.radiopiu.net\/wordpress\/wp-content\/uploads\/2023\/12\/RASSEGNA-GIANNI-1.mp3\">https:\/\/www.radiopiu.net\/wordpress\/wp-content\/uploads\/2023\/12\/RASSEGNA-GIANNI-1.mp3<\/a><\/audio>\n<p>&nbsp;<\/p>\n<h2><strong><a class=\"dt-pswp-item\" href=\"https:\/\/www.radiopiu.net\/wordpress\/wp-content\/uploads\/2020\/12\/DON-GIORGIO-LISE.jpg\" data-dt-img-description=\"\" data-large_image_width=\"1600\" data-large_image_height=\"901\"><img loading=\"lazy\" decoding=\"async\" class=\" wp-image-177420 alignleft\" src=\"https:\/\/www.radiopiu.net\/wordpress\/wp-content\/uploads\/2020\/12\/DON-GIORGIO-LISE-300x169.jpg\" alt=\"\" width=\"176\" height=\"99\" srcset=\"https:\/\/www.radiopiu.net\/wordpress\/wp-content\/uploads\/2020\/12\/DON-GIORGIO-LISE-300x169.jpg 300w, https:\/\/www.radiopiu.net\/wordpress\/wp-content\/uploads\/2020\/12\/DON-GIORGIO-LISE-1024x577.jpg 1024w, https:\/\/www.radiopiu.net\/wordpress\/wp-content\/uploads\/2020\/12\/DON-GIORGIO-LISE-768x432.jpg 768w, https:\/\/www.radiopiu.net\/wordpress\/wp-content\/uploads\/2020\/12\/DON-GIORGIO-LISE-1536x865.jpg 1536w, https:\/\/www.radiopiu.net\/wordpress\/wp-content\/uploads\/2020\/12\/DON-GIORGIO-LISE.jpg 1600w\" sizes=\"auto, (max-width: 176px) 100vw, 176px\" \/><\/a><\/strong><span style=\"color: #993366;\">DUE MINUTI PER TE<\/span><\/h2>\n<p><strong>APPUNTAMENTO DELLA DOMENICA CON IL PENSIERO DI MONSIGNOR GIORGIO LISE<\/strong><\/p>\n<audio class=\"wp-audio-shortcode\" id=\"audio-365234-7\" preload=\"none\" style=\"width: 100%;\" controls=\"controls\"><source type=\"audio\/mpeg\" src=\"https:\/\/www.radiopiu.net\/wordpress\/wp-content\/uploads\/2023\/12\/DON-GIORGIO-1.mp3?_=7\" \/><a href=\"https:\/\/www.radiopiu.net\/wordpress\/wp-content\/uploads\/2023\/12\/DON-GIORGIO-1.mp3\">https:\/\/www.radiopiu.net\/wordpress\/wp-content\/uploads\/2023\/12\/DON-GIORGIO-1.mp3<\/a><\/audio>\n<p>&nbsp;<\/p>\n<hr \/>\n<p>&nbsp;<\/p>\n<h2><span style=\"color: #ff0000;\">GLI APPUNTAMENTI DELLA SETTIMANA<\/span><\/h2>\n<blockquote>\n<h3>IL QUARTETTO NOUS A BELLUNO<\/h3>\n<\/blockquote>\n<p><strong>BELLUNO<\/strong> Il Centro Culturale bellunese organizza per domani alle 20:30 al Teatro Giovanni XXIII di Belluno un concerto del Quartetto No\u00fbs. Informazioni e note di sala sul sito www.belcircolo.org<\/p>\n<p>&nbsp;<\/p>\n<blockquote>\n<h3>TORNA A LA VALLE LA RASSEGNA \u201cSOT AL TAMER\u201d<\/h3>\n<\/blockquote>\n<p><strong>LA VALLE AGORDINA\u00a0<\/strong>La rassegna \u201cSot al Tamer\u201d fa ritorno a La Valle Agordina. I prossimi appuntamenti: Denis Mezzacasa: Pilota della scuderia Xmotors di Maser, partecipante al campionato Seat Ibiza Cupra (16 dicembre). L\u2019iniziativa \u00e8 organizzata con il contributo attivo della Pro Loco di La Valle Agordina e il patrocinio del Comune di La Valle. L\u2019ingresso \u00e8 libero.<\/p>\n<p>&nbsp;<\/p>\n<blockquote>\n<h3>L&#8217;ULTIMA VIA DI RICCARDO BEE, IL FILM<\/h3>\n<\/blockquote>\n<p><em>&#8220;Partiva per tre o quattro giorni, da solo. Sapevamo che viveva esperienze estreme, ma quando tornava era come se nulla fosse accaduto, le teneva in gran parte per s\u00e9&#8221;<\/em><\/p>\n<p><strong>SABATO 16 DICEMBRE, ALLE 20.30 IN SALA DON TAMIS<\/strong><br \/>\nIL FILM SARA&#8217; PRESENTATO DAL REGISTA EMANUELE CONFORTIN, MODERATORE DELLA SERATA GIANPAOLO SORATROI. DAL TRENTO FILM FESTIVAL AD AGORDO, &#8220;L&#8217;ULTIMA VIA DI RICCARDO BEE&#8221;, PER INIZIATIVA DEL COMUNE DI AGORDO<\/p>\n<p><a class=\"dt-pswp-item\" href=\"https:\/\/www.radiopiu.net\/wordpress\/wp-content\/uploads\/2023\/11\/196c380b-4f41-40fe-b60e-025662cd56ca.jpg\" data-dt-img-description=\"\" data-large_image_width=\"1131\" data-large_image_height=\"1600\"><img loading=\"lazy\" decoding=\"async\" class=\"size-medium wp-image-362712 aligncenter\" src=\"https:\/\/www.radiopiu.net\/wordpress\/wp-content\/uploads\/2023\/11\/196c380b-4f41-40fe-b60e-025662cd56ca-212x300.jpg\" alt=\"\" width=\"212\" height=\"300\" srcset=\"https:\/\/www.radiopiu.net\/wordpress\/wp-content\/uploads\/2023\/11\/196c380b-4f41-40fe-b60e-025662cd56ca-212x300.jpg 212w, https:\/\/www.radiopiu.net\/wordpress\/wp-content\/uploads\/2023\/11\/196c380b-4f41-40fe-b60e-025662cd56ca-724x1024.jpg 724w, https:\/\/www.radiopiu.net\/wordpress\/wp-content\/uploads\/2023\/11\/196c380b-4f41-40fe-b60e-025662cd56ca-768x1086.jpg 768w, https:\/\/www.radiopiu.net\/wordpress\/wp-content\/uploads\/2023\/11\/196c380b-4f41-40fe-b60e-025662cd56ca-1086x1536.jpg 1086w, https:\/\/www.radiopiu.net\/wordpress\/wp-content\/uploads\/2023\/11\/196c380b-4f41-40fe-b60e-025662cd56ca.jpg 1131w\" sizes=\"auto, (max-width: 212px) 100vw, 212px\" \/><\/a><\/p>\n<p>&nbsp;<\/p>\n<blockquote>\n<h3>UN POMERIGGIO PER BAMBINI A LIMANA<\/h3>\n<\/blockquote>\n<p><strong>LIMANA<\/strong> La biblioteca di Limana e il Comune di Limana organizzano per sabato alle 17 il terzo appuntamento della nuova rassegna teatrale. Nella sala Nocivelli andr\u00e0 i scena lo spettacolo per bambini dal titolo &#8220;quando l&#8221;universo era grande cos\u00ec&#8221;.<\/p>\n<p>&nbsp;<\/p>\n<h2><span style=\"color: #ff0000;\">PROSSIMAMENTE&#8230;..<\/span><\/h2>\n<p>&nbsp;<\/p>\n<p class=\"articlePlainText\"><strong class=\"photoswipe-wrapper\"><a class=\"dt-pswp-item pspw-wrap-ready\" href=\"https:\/\/www.radiopiu.net\/wordpress\/wp-content\/uploads\/2023\/11\/1f9b39ac-7445-4292-9e66-746ed8bde8d9.jpg\" data-dt-img-description=\"\" data-large_image_width=\"800\" data-large_image_height=\"1067\"><img loading=\"lazy\" decoding=\"async\" class=\" wp-image-360368 alignleft\" src=\"https:\/\/www.radiopiu.net\/wordpress\/wp-content\/uploads\/2023\/11\/1f9b39ac-7445-4292-9e66-746ed8bde8d9-225x300.jpg\" sizes=\"auto, (max-width: 182px) 100vw, 182px\" srcset=\"https:\/\/www.radiopiu.net\/wordpress\/wp-content\/uploads\/2023\/11\/1f9b39ac-7445-4292-9e66-746ed8bde8d9-225x300.jpg 225w, https:\/\/www.radiopiu.net\/wordpress\/wp-content\/uploads\/2023\/11\/1f9b39ac-7445-4292-9e66-746ed8bde8d9-768x1024.jpg 768w, https:\/\/www.radiopiu.net\/wordpress\/wp-content\/uploads\/2023\/11\/1f9b39ac-7445-4292-9e66-746ed8bde8d9.jpg 800w\" alt=\"\" width=\"105\" height=\"140\" \/><\/a>FELTRE<\/strong> Gli eventi in programma per celebrare i 40 anni del Libro Parlato di Feltre \u201cA. Sernagiotto\u201d.<\/p>\n<p><strong>LUNEDI 18 DICEMBRE\u00a0<\/strong>alle 18 in Sala Ocri Flavio Faoro: da Oltre le vette ai racconti e alle fiabe, presenta Luisa Alchini. Letture ad alta voce del gruppo Libri Parlanti<\/p>\n<p><strong>VENERDI 22 DICEMBRE\u00a0<\/strong>alle 18 in Sala Ocri Presentazione del libro \u201cIl saldatore del Vajont\u201d con l\u2019autore Antonio G. Bortoluzzi \u2013 presenta Nicola Maccagnan<\/p>\n<p>&nbsp;<\/p>\n<p>&nbsp;<\/p>\n<p>&nbsp;<\/p>\n<p>&nbsp;<\/p>\n<hr \/>\n<p>&nbsp;<\/p>\n<p><a class=\"dt-pswp-item\" href=\"https:\/\/www.radiopiu.net\/wordpress\/wp-content\/uploads\/2018\/09\/viabilita.jpeg\" data-dt-img-description=\"\" data-large_image_width=\"800\" data-large_image_height=\"100\"><img loading=\"lazy\" decoding=\"async\" class=\"aligncenter wp-image-61954 size-full\" src=\"https:\/\/www.radiopiu.net\/wordpress\/wp-content\/uploads\/2018\/09\/viabilita.jpeg\" alt=\"\" width=\"800\" height=\"100\" srcset=\"https:\/\/www.radiopiu.net\/wordpress\/wp-content\/uploads\/2018\/09\/viabilita.jpeg 800w, https:\/\/www.radiopiu.net\/wordpress\/wp-content\/uploads\/2018\/09\/viabilita-300x38.jpeg 300w, https:\/\/www.radiopiu.net\/wordpress\/wp-content\/uploads\/2018\/09\/viabilita-768x96.jpeg 768w\" sizes=\"auto, (max-width: 800px) 100vw, 800px\" \/><\/a><\/p>\n<blockquote class=\"wp-embedded-content\" data-secret=\"9CmMssBjsX\"><p><a href=\"https:\/\/www.radiopiu.net\/wordpress\/viabilita\/\">viabilita<\/a><\/p><\/blockquote>\n<p><iframe loading=\"lazy\" class=\"wp-embedded-content\" sandbox=\"allow-scripts\" security=\"restricted\" style=\"position: absolute; clip: rect(1px, 1px, 1px, 1px);\" title=\"&#8220;viabilita&#8221; &#8212; Radio Pi\u00f9\" src=\"https:\/\/www.radiopiu.net\/wordpress\/viabilita\/embed\/#?secret=9VFL8HOw98#?secret=9CmMssBjsX\" data-secret=\"9CmMssBjsX\" width=\"600\" height=\"338\" frameborder=\"0\" marginwidth=\"0\" marginheight=\"0\" scrolling=\"no\"><\/iframe><\/p>\n<p>&nbsp;<\/p>\n<hr \/>\n<p>&nbsp;<\/p>\n<p><a class=\"dt-pswp-item\" href=\"https:\/\/www.radiopiu.net\/wordpress\/wp-content\/uploads\/2018\/09\/WhatsApp-Image-2018-09-20-at-16.04.06.jpeg\" data-dt-img-description=\"\" data-large_image_width=\"800\" data-large_image_height=\"100\"><img loading=\"lazy\" decoding=\"async\" class=\"wp-image-61378 size-full aligncenter\" src=\"https:\/\/www.radiopiu.net\/wordpress\/wp-content\/uploads\/2018\/09\/WhatsApp-Image-2018-09-20-at-16.04.06.jpeg\" alt=\"\" width=\"800\" height=\"100\" srcset=\"https:\/\/www.radiopiu.net\/wordpress\/wp-content\/uploads\/2018\/09\/WhatsApp-Image-2018-09-20-at-16.04.06.jpeg 800w, https:\/\/www.radiopiu.net\/wordpress\/wp-content\/uploads\/2018\/09\/WhatsApp-Image-2018-09-20-at-16.04.06-300x38.jpeg 300w, https:\/\/www.radiopiu.net\/wordpress\/wp-content\/uploads\/2018\/09\/WhatsApp-Image-2018-09-20-at-16.04.06-768x96.jpeg 768w\" sizes=\"auto, (max-width: 800px) 100vw, 800px\" \/><\/a><\/p>\n<p><center><\/center><b>\u00a0<\/b><\/p>\n<p><center><b>OGGI<\/b><\/center>Nel corso della giornata, cielo irregolarmente nuvoloso per nubi medio-alte alternate a parziali schiarite con fenomeni molto scarsi o assenti; possibili nubi basse associate a foschie o a locali banchi di nebbia in Valbelluna nelle ore fredde. Clima diurno pi\u00f9 mite rispetto ai giorni precedenti a tutte le quote.<br \/>\n<b>Precipitazioni: <\/b>Al mattino, nelle prime ore, possibili modesti fenomeni sparsi, specie sulle Dolomiti settentrionali, nevosi oltre i 1300-1600 m. In seguito e fino al primo pomeriggio i fenomeni saranno assenti soprattutto sulle Prealpi, per poi essere ancora possibili solo sulle Dolomiti nel tardo pomeriggio<br \/>\n<b>Temperature: <\/b>Nelle valli minime senza notevoli variazioni, massime variazioni a carattere locale, in genere stazionarie o in lieve calo, specie in Valbelluna; in alta montagna in aumento, specie le massime.<\/p>\n<hr \/>\n<p><center><b>DOMANI<\/b><\/center>Tempo variabile con cielo irregolarmente nuvoloso specie nel primo mattino e verso la fine della giornata. Schiarite nel corso della mattinata e nel primo pomeriggio in un contesto generalmente che rimarr\u00e0 poco o a tratti parzialmente nuvoloso.<br \/>\n<b>Precipitazioni: <\/b>Non esclusi locali deboli precipitazioni specie nelle prime ore o a fine giornata con qualche fiocco di neve oltre i 2000 m.<br \/>\n<b>Temperature: <\/b>In ulteriore lieve aumento, specie le massime, salvo risultare anche stazionarie le minime.<\/p>\n<hr \/>\n<p><center><b>MERCOLEDI<\/b><\/center>Cielo irregolarmente nuvoloso a tratti molto nuvoloso o coperto con precipitazioni sparse o diffuse e intermittenti, nevose sulle Dolomiti oltre i 1300-1600 m, oltre i 2000 m sulle Prealpi. Temperature minime in contenuto aumento, massime in contenuto calo.<\/p>\n<hr \/>\n<p><center><b>GIOVEDI<\/b><\/center>Tempo variabile e pi\u00f9 soleggiato rispetto a mercoled\u00ec con annuvolamenti alternati a parziali schiarite e fenomeni scarsi o assenti. Temperature minime in calo, massime in lieve o contenuta ripresa specie nelle valli, mentre in quota potranno essere anche in lieve calo<\/p>\n<p>&nbsp;<\/p>\n<hr \/>\n<p>&nbsp;<\/p>\n<p><img loading=\"lazy\" decoding=\"async\" class=\"wp-image-60761 size-full aligncenter\" src=\"https:\/\/www.radiopiu.net\/wordpress\/wp-content\/uploads\/2018\/09\/sport.jpg\" alt=\"\" width=\"800\" height=\"100\" srcset=\"https:\/\/www.radiopiu.net\/wordpress\/wp-content\/uploads\/2018\/09\/sport.jpg 800w, https:\/\/www.radiopiu.net\/wordpress\/wp-content\/uploads\/2018\/09\/sport-300x38.jpg 300w, https:\/\/www.radiopiu.net\/wordpress\/wp-content\/uploads\/2018\/09\/sport-768x96.jpg 768w\" sizes=\"auto, (max-width: 800px) 100vw, 800px\" \/><\/p>\n<p>&nbsp;<\/p>\n<p><span style=\"color: #0000ff;\"><strong>CALCIO<\/strong><\/span><\/p>\n<blockquote>\n<h3>FINE SETTIMANA POSITIVO PER AGORDINA E PIAVE<\/h3>\n<\/blockquote>\n<p><strong><a class=\"dt-pswp-item\" href=\"https:\/\/www.radiopiu.net\/wordpress\/wp-content\/uploads\/2019\/07\/pallone-calcio-2019.jpg\" data-dt-img-description=\"\" data-large_image_width=\"4460\" data-large_image_height=\"2977\"><img loading=\"lazy\" decoding=\"async\" class=\" wp-image-91405 alignleft\" src=\"https:\/\/www.radiopiu.net\/wordpress\/wp-content\/uploads\/2019\/07\/pallone-calcio-2019-300x200.jpg\" alt=\"\" width=\"161\" height=\"107\" srcset=\"https:\/\/www.radiopiu.net\/wordpress\/wp-content\/uploads\/2019\/07\/pallone-calcio-2019-300x200.jpg 300w, https:\/\/www.radiopiu.net\/wordpress\/wp-content\/uploads\/2019\/07\/pallone-calcio-2019-768x513.jpg 768w, https:\/\/www.radiopiu.net\/wordpress\/wp-content\/uploads\/2019\/07\/pallone-calcio-2019-1024x684.jpg 1024w\" sizes=\"auto, (max-width: 161px) 100vw, 161px\" \/><\/a>di Marco Gaz<\/strong><\/p>\n<p><span style=\"color: #ff0000;\"><strong>TERZA CATEGORIA<\/strong><\/span><\/p>\n<p><strong>AGORDINA \u2013 AURONZO 3-1<\/strong><\/p>\n<p>GOL AGORDINA: Dal Don (r), Mezzacasa, Tirabeni<\/p>\n<p>Torna a vincere l\u2019Agordina di Chiea che all\u2019Ivano Dorigo di Agordo incamera i tre punti contro l\u2019Auronzo secondo in classifica. Una partita che si \u00e8 ingranata subito sul binario giusto con gli agordini che passano in vantaggio raddoppiano per poi subire una rete dai cadorini. Ma nel finale a mattere il punto esclamativo ci pensa Tirabeni. All\u20198\u2019 Agordina in vantaggio. Calcio di rigore per i padroni di casa e dagli 11 metri Dal Don non sbaglia. La compagine di Agordo prende coraggio e si avvicina la secondo gol poco dopo con Casera. Al 28\u2019 il raddoppio degli agordini: punizione dalla tre quarti di Garavana per la testa di Mezzacasa che incorna e gonfia la rete. Nella ripresa l\u2019Agordina continua a spingere ma l\u2019Auronzo accorcia le distanze poco dopo. La partita \u00e8 emozionante e carica di occasioni. Ospiti che si avvicinano al pareggio ma nel finale i ragazzi di Chiea chiudono la sfida con un colpo di testa vincente di Tirabeni.<\/p>\n<p>&nbsp;<\/p>\n<p><strong>PIAVE \u2013 CORTINA 1-0<\/strong><\/p>\n<p><strong>IL SERVIZIO DI ANDREA BALDASSI, PORTAVOCE DEL PIAVE CALCIO<\/strong><\/p>\n<audio class=\"wp-audio-shortcode\" id=\"audio-365234-8\" preload=\"none\" style=\"width: 100%;\" controls=\"controls\"><source type=\"audio\/mpeg\" src=\"https:\/\/www.radiopiu.net\/wordpress\/wp-content\/uploads\/2023\/12\/BALDA-CORTINA.mp3?_=8\" \/><a href=\"https:\/\/www.radiopiu.net\/wordpress\/wp-content\/uploads\/2023\/12\/BALDA-CORTINA.mp3\">https:\/\/www.radiopiu.net\/wordpress\/wp-content\/uploads\/2023\/12\/BALDA-CORTINA.mp3<\/a><\/audio>\n<p>&nbsp;<\/p>\n<p><strong>LA CLASSIFICA DELLA TERZA CATEGORIA:<\/strong> Gemelle 29, Auronzo 24, Domegge 23, San Vittore e Fortogna 22, Alpes Cesio 21, Agordina 18, Valzoldana 17, Piave, Dynamo Vellai e Cortina 15, Tambre 6, Lamonese 4, Cadore 1919 3<\/p>\n<p><span style=\"color: #008000;\"><strong>GIOVANILI AGORDINA<\/strong><\/span><\/p>\n<p><span style=\"color: #ff0000;\"><strong>JUNIORES<\/strong><\/span><\/p>\n<p><strong>AGORDINA PAUSA INVERNALE<\/strong><\/p>\n<p><span style=\"color: #ff0000;\"><strong>ALLIEVI <\/strong><\/span><\/p>\n<p><strong>AGORDINA PAUSA INVERNALE<\/strong><\/p>\n<p><span style=\"color: #ff0000;\"><strong>GIOVANISSIMI<\/strong><\/span><\/p>\n<p><strong>AGORDINA sq. A e B PAUSA INVERNALE<\/strong><\/p>\n<p>&nbsp;<\/p>\n<p><span style=\"color: #0000ff;\"><strong>PALLAVOLO<\/strong><\/span><\/p>\n<blockquote>\n<h3>LA PALLAVOLO BELLUNO FEMMINILE FA IL BIS<\/h3>\n<\/blockquote>\n<p><span style=\"color: #ff0000;\"><strong><a class=\"dt-pswp-item\" href=\"https:\/\/www.radiopiu.net\/wordpress\/wp-content\/uploads\/2023\/12\/Seconda_vittoria_per_le_ragazze_di_serie_D.jpg\" data-dt-img-description=\"\" data-large_image_width=\"1280\" data-large_image_height=\"853\"><img loading=\"lazy\" decoding=\"async\" class=\" wp-image-365329 alignleft\" src=\"https:\/\/www.radiopiu.net\/wordpress\/wp-content\/uploads\/2023\/12\/Seconda_vittoria_per_le_ragazze_di_serie_D-300x200.jpg\" alt=\"\" width=\"186\" height=\"124\" srcset=\"https:\/\/www.radiopiu.net\/wordpress\/wp-content\/uploads\/2023\/12\/Seconda_vittoria_per_le_ragazze_di_serie_D-300x200.jpg 300w, https:\/\/www.radiopiu.net\/wordpress\/wp-content\/uploads\/2023\/12\/Seconda_vittoria_per_le_ragazze_di_serie_D-1024x682.jpg 1024w, https:\/\/www.radiopiu.net\/wordpress\/wp-content\/uploads\/2023\/12\/Seconda_vittoria_per_le_ragazze_di_serie_D-768x512.jpg 768w, https:\/\/www.radiopiu.net\/wordpress\/wp-content\/uploads\/2023\/12\/Seconda_vittoria_per_le_ragazze_di_serie_D.jpg 1280w\" sizes=\"auto, (max-width: 186px) 100vw, 186px\" \/><\/a>SERIE C<\/strong><\/span><\/p>\n<p><b>LIBERTAS SCORZ\u00c8-HOMECLICK SB VOLLEY 2-3 <\/b><strong>(25-23, 23-25, 30-28, 22-25, 6-15)<\/strong><\/p>\n<p>I numeri non mentono mai? Falso, a volte possono essere ingannevoli. E non di poco. Perch\u00e9 la <b>Libertas Scorz\u00e8<\/b> si presentava all\u2019appuntamento da penultima della classe e con una sola vittoria all\u2019attivo, a fronte di quattro sconfitte. Ma, dall\u2019altra parte della rete, la <b>Homeclick <\/b>non ha trovato una compagine dimessa. Al contrario, ha dovuto fronteggiare una compagine che ha lottato col coltello tra i denti dal primo all\u2019ultimo scambio, organizzata e combattiva, tenace e con qualit\u00e0 tecniche, oltre che caratteriali.<span class=\"gmail-Apple-converted-space\">\u00a0<\/span><\/p>\n<p><span style=\"color: #ff0000;\"><strong>SERIE D<\/strong><\/span><\/p>\n<p><b>HOMECLICK SB VOLLEY-VLC LASA SERRAMENTI CLODIA 3-0 (<\/b><strong>25-16, 25-10, 25-16)<\/strong><\/p>\n<p>Dopo aver seminato con cura, attenzione e pazienza, ora \u00e8 arrivato il tempo del raccolto. Perch\u00e9 le ragazze di Diego Pezzei conquistano il secondo successo di fila: a una settimana di distanza dal colpo esterno in terra veneziana, contro il Synergy, la <b>Homeclick SB Volley<\/b>concede il bis. E si toglie la prima soddisfazione davanti al pubblico amico di Mur di Cadola: anche in questa circostanza, a finire al tappeto \u00e8 una compagine veneziana. Nello specifico, il Volley Clodia, sconfitto nell\u2019arco di tre set sostanzialmente a senso unico.<span class=\"gmail-Apple-converted-space\">\u00a0<\/span><\/p>\n<p>&nbsp;<\/p>\n<blockquote>\n<h3>DUE SCONFITTE E UNA VITTORIA NEL FINE SETTIMANA DEL VOLLEY CLUB AGORDINO<\/h3>\n<\/blockquote>\n<p><strong><a class=\"dt-pswp-item\" href=\"https:\/\/www.radiopiu.net\/wordpress\/wp-content\/uploads\/2022\/04\/VOLLEY-CLUB-AGORDINO.jpg\" data-dt-img-description=\"\" data-large_image_width=\"500\" data-large_image_height=\"512\"><img loading=\"lazy\" decoding=\"async\" class=\" wp-image-268787 alignleft\" src=\"https:\/\/www.radiopiu.net\/wordpress\/wp-content\/uploads\/2022\/04\/VOLLEY-CLUB-AGORDINO-293x300.jpg\" alt=\"\" width=\"149\" height=\"153\" srcset=\"https:\/\/www.radiopiu.net\/wordpress\/wp-content\/uploads\/2022\/04\/VOLLEY-CLUB-AGORDINO-293x300.jpg 293w, https:\/\/www.radiopiu.net\/wordpress\/wp-content\/uploads\/2022\/04\/VOLLEY-CLUB-AGORDINO.jpg 500w\" sizes=\"auto, (max-width: 149px) 100vw, 149px\" \/><\/a>di Marco Gaz<\/strong><\/p>\n<p><span style=\"color: #ff0000;\"><strong>PRIMA DIVISIONE<\/strong><\/span><\/p>\n<p><strong>SAMARCANDA \u2013 VOLLEY CLUB AGORDINO 3-0 (25-18, 25-16, 25-20)<\/strong><\/p>\n<p>Ancora una trasferta amara per il Volley Club Agordino che non riesce ad uscire dal periodo nero di risultati negativi. Un\u2019altra prova da dimenticare per le ragazze di De Nardin che tornano dalla provincia di Treviso con un secco 3 a 0 sulle spalle. Una sconfitta che brucia per le agordine che ora si trovano in zona playout.<\/p>\n<p><span style=\"color: #ff0000;\"><strong>UNDER 16 <\/strong><\/span><\/p>\n<p><strong>VOLLEY CLUB AGORDINO \u2013 TRICHIANA 3-1 (25-14, 25-18, 24-26, 25-20)<\/strong><\/p>\n<p>A tenere alto il morale del Volley Club Agordino ci pensano le ragazze under 16 che al PalaRova di Agordo conquistano i 3 punti con il Trichiana. E pensare che poteva essere la partita perfetta, ma nel terzo set le agordine hanno peccato di concentrazione giocando punto a punto e regalando il parziale alle avversarie. Tre punti fondamentali per la classifica con il Volley Club Agordino che balza al sesto posto.<\/p>\n<p><span style=\"color: #ff0000;\"><strong>UNDER 14 <\/strong><\/span><\/p>\n<p><strong>AURORA \u2013 VOLLEY CLUB AGORDINO 3-1 (23-25, 25-19, 25-14, 25-13)<\/strong><\/p>\n<p>Dura solo un set la bella prestazione del Volley Club Agordino under 14 nella trasferta a Godega di Sant\u2019Urbano. Dopo una partenza in sordina le padrone di casa dell\u2019Aurora alzano la voce e spediscono a casa le agordine a mani vuote.<\/p>\n<p>&nbsp;<\/p>\n<p><span style=\"color: #0000ff;\"><strong>HOCKEY SU GHIACCIO<\/strong><\/span><\/p>\n<blockquote>\n<h3>IL FELTRE VINCE ALL&#8217;OVERTIME A BRESSANONE<\/h3>\n<\/blockquote>\n<p><span style=\"color: #ff0000;\"><strong><a class=\"dt-pswp-item\" href=\"https:\/\/www.radiopiu.net\/wordpress\/wp-content\/uploads\/2022\/01\/HOCKEY-2022.jpg\" data-dt-img-description=\"\" data-large_image_width=\"1920\" data-large_image_height=\"1280\"><img loading=\"lazy\" decoding=\"async\" class=\" wp-image-255780 alignleft\" src=\"https:\/\/www.radiopiu.net\/wordpress\/wp-content\/uploads\/2022\/01\/HOCKEY-2022-300x200.jpg\" alt=\"\" width=\"185\" height=\"123\" srcset=\"https:\/\/www.radiopiu.net\/wordpress\/wp-content\/uploads\/2022\/01\/HOCKEY-2022-300x200.jpg 300w, https:\/\/www.radiopiu.net\/wordpress\/wp-content\/uploads\/2022\/01\/HOCKEY-2022-1024x683.jpg 1024w, https:\/\/www.radiopiu.net\/wordpress\/wp-content\/uploads\/2022\/01\/HOCKEY-2022-768x512.jpg 768w, https:\/\/www.radiopiu.net\/wordpress\/wp-content\/uploads\/2022\/01\/HOCKEY-2022-1536x1024.jpg 1536w, https:\/\/www.radiopiu.net\/wordpress\/wp-content\/uploads\/2022\/01\/HOCKEY-2022.jpg 1920w\" sizes=\"auto, (max-width: 185px) 100vw, 185px\" \/><\/a>IHL DICIOTTESIMA GIORNATA<\/strong><\/span><\/p>\n<p><strong>BRESSANONE &#8211; FELTRE 3-4<\/strong><\/p>\n<p>PARZIALI: 3-1, 0-0, 0-2, 0-1<\/p>\n<p>GOL: pt. 6&#8217;10&#8221; Leitner, 10&#8217;10&#8221; Broch, 16&#8217;10&#8221; Mazzarini, 19&#8217;35&#8221; Fauster. Tt. 9&#8217;45&#8221; Blaha, 14&#8217;54&#8221; Nimenko. Ot. 1&#8217;52&#8221; Fantinel<\/p>\n<p>Nella giornata in cui l&#8217;Alleghe riposava, il Feltre strappa due punti nella trasferta in terra altoatesina contro il Bressanone. Dopo quasi 2&#8242; di overtime i feltrini incamerano il punto aggiuntivo grazie a Fantinel. Il Bressanone, dopo aver chiuso il primo tempo in vantaggio la prima frazione, si fa raggiungere nel terzo tempo da un Feltre mai domo che pareggia i conti a 6&#8242; dal termine. Poi all&#8217;overtime la squadra bellunese porta a casa la vittoria.<\/p>\n<p><strong>LA CLASSIFICA\u00a0<\/strong>Caladaro 44, Pergine 38, Varese 35, Appiano 33, Feltre 28, Alleghe 27, Fiemme 20, Como 18, Bressanone 14, Valpellice 7, Dobbiaco 6<\/p>\n<p>&nbsp;<\/p>\n<blockquote>\n<h3>WEEKEND POSITIVO PER LE GIOVANILI DELL&#8217;ALLEGHE HOCKEY<\/h3>\n<\/blockquote>\n<p><strong><a class=\"dt-pswp-item\" href=\"https:\/\/www.radiopiu.net\/wordpress\/wp-content\/uploads\/2023\/10\/hockey.jpg\" data-dt-img-description=\"\" data-large_image_width=\"1280\" data-large_image_height=\"961\"><img loading=\"lazy\" decoding=\"async\" class=\" wp-image-359038 alignleft\" src=\"https:\/\/www.radiopiu.net\/wordpress\/wp-content\/uploads\/2023\/10\/hockey-300x225.jpg\" alt=\"\" width=\"188\" height=\"141\" srcset=\"https:\/\/www.radiopiu.net\/wordpress\/wp-content\/uploads\/2023\/10\/hockey-300x225.jpg 300w, https:\/\/www.radiopiu.net\/wordpress\/wp-content\/uploads\/2023\/10\/hockey-1024x769.jpg 1024w, https:\/\/www.radiopiu.net\/wordpress\/wp-content\/uploads\/2023\/10\/hockey-768x577.jpg 768w, https:\/\/www.radiopiu.net\/wordpress\/wp-content\/uploads\/2023\/10\/hockey.jpg 1280w\" sizes=\"auto, (max-width: 188px) 100vw, 188px\" \/><\/a>di Marco Gaz<\/strong><\/p>\n<p><span style=\"color: #ff0000;\"><strong>UNDER 19<\/strong><\/span><\/p>\n<p><strong>PAUSA CAMPIONATO<\/strong><\/p>\n<p><span style=\"color: #ff0000;\"><strong>UNDER 16<\/strong><\/span><\/p>\n<p><strong>CORTINA\/ALLEGHE \u2013 FIEMME\/FASSA 8-1<\/strong><\/p>\n<p>GOL CORTINA\/ALLEGHE: Evangelisti, Talamini, 2 Fontanive, 3 Alver\u00e0, Venturi<\/p>\n<p>Quattro vittorie su altrettante partite giocate della seconda fase del campionato Under 16 per il Cortina\/Alleghe che continua a macinare punti. All\u2019Olimpico di Cortina a pagarne le spese la squadra mista trentina del Fiemme\/Fassa che si deve accontentare del gol della bandiera dopo aver subito 8 marcature.<\/p>\n<p><span style=\"color: #ff0000;\"><strong>UNDER 14 <\/strong><\/span><\/p>\n<p><strong>ALLEGHE\/CORTINA \u2013 LEIFERS 7-0<\/strong><\/p>\n<p>Continua inarrestabile la serie di vittorie per la squadra pi\u00f9 giovane dell\u2019Alleghe\/Cortina. Ancora un risultato netto per gli under 14 che mettono in riga gli avversari rifilando 7 gol senza subirne uno. Civette sempre pi\u00f9 sole in testa alla classifica del girone Est 2<\/p>\n<p>&nbsp;<\/p>\n<p><span style=\"color: #0000ff;\"><strong>CALCIO A 5<\/strong><\/span><\/p>\n<blockquote>\n<h3>TORNEO DEGLI ANGELI 2023: ECCO LE QUATTRO SEMIFINALISTE<\/h3>\n<\/blockquote>\n<p><strong><a class=\"dt-pswp-item\" href=\"https:\/\/www.radiopiu.net\/wordpress\/wp-content\/uploads\/2023\/12\/SCR-20231210-msbf.jpeg\" data-dt-img-description=\"\" data-large_image_width=\"896\" data-large_image_height=\"486\"><img loading=\"lazy\" decoding=\"async\" class=\" wp-image-365364 alignleft\" src=\"https:\/\/www.radiopiu.net\/wordpress\/wp-content\/uploads\/2023\/12\/SCR-20231210-msbf-300x163.jpeg\" alt=\"\" width=\"210\" height=\"114\" srcset=\"https:\/\/www.radiopiu.net\/wordpress\/wp-content\/uploads\/2023\/12\/SCR-20231210-msbf-300x163.jpeg 300w, https:\/\/www.radiopiu.net\/wordpress\/wp-content\/uploads\/2023\/12\/SCR-20231210-msbf-768x417.jpeg 768w, https:\/\/www.radiopiu.net\/wordpress\/wp-content\/uploads\/2023\/12\/SCR-20231210-msbf.jpeg 896w\" sizes=\"auto, (max-width: 210px) 100vw, 210px\" \/><\/a>AGORDO<\/strong> Continua la sedicesima edizione del Torneo Degli Angeli al PalaRova di Agordo dove si sono giocate le quattro partite valide per i quarti di finale. Ad aprire la domenica di calcio a 5 al palazzetto di Via Lungo Rova la sfida tra Kosova e Voltago terminata con una goleada del Kosova. Vittoria ampia anche per la Republica Cioka che batte il Bar Ristorante da Carla. Il Le Ville fa la voce grossa con l&#8217;Atletico Assetati mentre il Dream Team vince ai supplementari contro Baldini Assicurazioni. I risultati: Kosova &#8211; Voltago 13-1, Republica Cioka &#8211; Bar Ristorante da Carla 7-2, Le Ville &#8211;\u00a0 Atletico Assetati 10-3, Baldini Assicurazioni &#8211; Dream Team 4-5 DTS. Domenica prossima la giornata conclusiva del Torneo degli Angeli con le semifinali a partire dalle 14:30 e la finalissima alle 18. A seguire il rinfresco organizzato dall&#8217;U.S. Le Ville. <strong>LE SEMIFINALI<\/strong> Kosova &#8211; Dream Team, Le Ville &#8211; Republica Cioka.<\/p>\n<p>&nbsp;<\/p>\n<p><span style=\"color: #0000ff;\"><strong>ATLETICA<\/strong><\/span><\/p>\n<blockquote>\n<h3>LA FESTA PROVINCIALE DELL&#8217;ATLETICA AD AGORDO<\/h3>\n<\/blockquote>\n<p><strong>AGORDO<\/strong> Si \u00e8 svolta nel pomeriggio di sabato in Sala Don Tamis ad Agordo la Festa dell&#8217;Atletica, un&#8217;occasione per tirare le somme della stagione agonistica 2023 e per premiare gli atleti che si sono contraddistinti durante l&#8217;anno. In una sala gremita si sono alternati i vari atleti che hanno ritirato i premi nel pomeriggio organizzato dal comitato provinciale FIDAL in sinergia con l&#8217;Atletica Agordina. Una passerella di fine anno dove sono stati premiati dai pi\u00f9 giovani fino alle categorie senior. Tra i premiati anche Manuela Bulf che negli ultimi 12 mesi ha avuto degli ottimi risultati tra corse campestri e corse su strada. Premiazioni avvenute anche a distanza in videoconferenza con Alessio Sommacal in America per studio. In collegamento da Bruxelles anche Lucia Arnoldo e il suo allenatore Elio Dal Magro che si trovano in Belgio per la convocazione degli europei di atletica.<\/p>\n\n\t\t\t<style type='text\/css'>\n\t\t\t\t#gallery-10 {\n\t\t\t\t\tmargin: auto;\n\t\t\t\t}\n\t\t\t\t#gallery-10 .gallery-item {\n\t\t\t\t\tfloat: left;\n\t\t\t\t\tmargin-top: 10px;\n\t\t\t\t\ttext-align: center;\n\t\t\t\t\twidth: 25%;\n\t\t\t\t}\n\t\t\t\t#gallery-10 img {\n\t\t\t\t\tborder: 2px solid #cfcfcf;\n\t\t\t\t}\n\t\t\t\t#gallery-10 .gallery-caption {\n\t\t\t\t\tmargin-left: 0;\n\t\t\t\t}\n\t\t\t\t\/* see gallery_shortcode() in wp-includes\/media.php *\/\n\t\t\t<\/style>\n\t\t<div id='gallery-10' class='dt-gallery-container gallery galleryid-365234 gallery-columns-4 gallery-size-thumbnail'><dl class='gallery-item'>\n\t\t\t\t<dt class='gallery-icon landscape'>\n\t\t\t\t\t<a class=\"rollover rollover-zoom dt-pswp-item\" title=\"4c460aa9-ae6f-47a0-86f2-38611d6da570\" data-dt-img-description=\"\" data-large_image_width=\"1600\" data-large_image_height=\"1200\"href='https:\/\/www.radiopiu.net\/wordpress\/wp-content\/uploads\/2023\/12\/4c460aa9-ae6f-47a0-86f2-38611d6da570.jpg'><img loading=\"lazy\" decoding=\"async\" width=\"150\" height=\"150\" src=\"https:\/\/www.radiopiu.net\/wordpress\/wp-content\/uploads\/2023\/12\/4c460aa9-ae6f-47a0-86f2-38611d6da570-150x150.jpg\" class=\"attachment-thumbnail size-thumbnail\" alt=\"\" \/><\/a>\n\t\t\t\t<\/dt><\/dl><dl class='gallery-item'>\n\t\t\t\t<dt class='gallery-icon landscape'>\n\t\t\t\t\t<a class=\"rollover rollover-zoom dt-pswp-item\" title=\"5441db23-9905-4870-8eef-474464f63d8e\" data-dt-img-description=\"\" data-large_image_width=\"1468\" data-large_image_height=\"1032\"href='https:\/\/www.radiopiu.net\/wordpress\/wp-content\/uploads\/2023\/12\/5441db23-9905-4870-8eef-474464f63d8e.jpg'><img loading=\"lazy\" decoding=\"async\" width=\"150\" height=\"150\" src=\"https:\/\/www.radiopiu.net\/wordpress\/wp-content\/uploads\/2023\/12\/5441db23-9905-4870-8eef-474464f63d8e-150x150.jpg\" class=\"attachment-thumbnail size-thumbnail\" alt=\"\" \/><\/a>\n\t\t\t\t<\/dt><\/dl><dl class='gallery-item'>\n\t\t\t\t<dt class='gallery-icon landscape'>\n\t\t\t\t\t<a class=\"rollover rollover-zoom dt-pswp-item\" title=\"db6335dc-d553-4257-98c0-3f9944cd12e6\" data-dt-img-description=\"\" data-large_image_width=\"1600\" data-large_image_height=\"1200\"href='https:\/\/www.radiopiu.net\/wordpress\/wp-content\/uploads\/2023\/12\/db6335dc-d553-4257-98c0-3f9944cd12e6.jpg'><img loading=\"lazy\" decoding=\"async\" width=\"150\" height=\"150\" src=\"https:\/\/www.radiopiu.net\/wordpress\/wp-content\/uploads\/2023\/12\/db6335dc-d553-4257-98c0-3f9944cd12e6-150x150.jpg\" class=\"attachment-thumbnail size-thumbnail\" alt=\"\" \/><\/a>\n\t\t\t\t<\/dt><\/dl><dl class='gallery-item'>\n\t\t\t\t<dt class='gallery-icon landscape'>\n\t\t\t\t\t<a class=\"rollover rollover-zoom dt-pswp-item\" title=\"e0c839da-cc39-43d5-8a1d-a9fee44eaff4\" data-dt-img-description=\"\" data-large_image_width=\"1600\" data-large_image_height=\"1200\"href='https:\/\/www.radiopiu.net\/wordpress\/wp-content\/uploads\/2023\/12\/e0c839da-cc39-43d5-8a1d-a9fee44eaff4.jpg'><img loading=\"lazy\" decoding=\"async\" width=\"150\" height=\"150\" src=\"https:\/\/www.radiopiu.net\/wordpress\/wp-content\/uploads\/2023\/12\/e0c839da-cc39-43d5-8a1d-a9fee44eaff4-150x150.jpg\" class=\"attachment-thumbnail size-thumbnail\" alt=\"\" \/><\/a>\n\t\t\t\t<\/dt><\/dl><br style=\"clear: both\" \/>\n\t\t\t<\/div>\n\n<p>&nbsp;<\/p>\n<blockquote>\n<h3>EUROPEI DI CROSS, DA VIA&#8217; NELLA \u201cTOP TEN\u201d DI SQUADRA<\/h3>\n<\/blockquote>\n<p><a class=\"dt-pswp-item\" href=\"https:\/\/www.radiopiu.net\/wordpress\/wp-content\/uploads\/2023\/12\/Da-Via_Francesco_credito-Grana-Fidal-scaled.jpg\" data-dt-img-description=\"Campionati italiani di cross 2023 | 11-12.03.2023 Gubbio (PG) | Foto: Francesca Grana\/FIDAL\" data-large_image_width=\"2560\" data-large_image_height=\"2121\"><img loading=\"lazy\" decoding=\"async\" class=\"wp-image-365499 alignleft\" src=\"https:\/\/www.radiopiu.net\/wordpress\/wp-content\/uploads\/2023\/12\/Da-Via_Francesco_credito-Grana-Fidal-300x249.jpg\" alt=\"\" width=\"155\" height=\"129\" srcset=\"https:\/\/www.radiopiu.net\/wordpress\/wp-content\/uploads\/2023\/12\/Da-Via_Francesco_credito-Grana-Fidal-300x249.jpg 300w, https:\/\/www.radiopiu.net\/wordpress\/wp-content\/uploads\/2023\/12\/Da-Via_Francesco_credito-Grana-Fidal-1024x848.jpg 1024w, https:\/\/www.radiopiu.net\/wordpress\/wp-content\/uploads\/2023\/12\/Da-Via_Francesco_credito-Grana-Fidal-768x636.jpg 768w, https:\/\/www.radiopiu.net\/wordpress\/wp-content\/uploads\/2023\/12\/Da-Via_Francesco_credito-Grana-Fidal-1536x1273.jpg 1536w, https:\/\/www.radiopiu.net\/wordpress\/wp-content\/uploads\/2023\/12\/Da-Via_Francesco_credito-Grana-Fidal-2048x1697.jpg 2048w\" sizes=\"auto, (max-width: 155px) 100vw, 155px\" \/><\/a>A Mel hanno fatto un tifo sfrenato e Francesco Da Vi\u00e0 ha onorato la sua seconda maglia azzurra, contribuendo al piazzamento dell\u2019Italia che, con la squadra under 23, ha centrato un posto nella \u201ctop ten\u201d continentale. Il 22enne di Domegge di Cadore, tesserato per il Gs La Piave 2000, \u00e8 giunto 62\u00b0 nella gara giovanile dei Campionati Europei di corsa campestre, andati in scena nel pomeriggio a Bruxelles. La prova gli ha fruttato il quinto posto tra gli italiani alle spalle di Alain Cavagna (23\u00b0), Nicol\u00f2 Bedini (26\u00b0), Nikolas Loss (43\u00b0) e Luciano Spettoli (49\u00b0) e davanti ad Andrea Palumbo (65\u00b0). Da Vi\u00e0 ha cos\u00ec contribuito al nono posto raggiunto dal team italiano under 23 nella classifica a squadre vinta dalla Gran Bretagna su Francia e Norvegia.<\/p>\n<p>&nbsp;<\/p>\n<p>&nbsp;<\/p>\n<p>&nbsp;<\/p>\n","protected":false},"excerpt":{"rendered":"<p>***** &nbsp; 40esimo di RADIOPIU\u2026. LA VOCE DELL\u2019EMOZIONE ISCRIVITI AL NOSTRO CANALE\u00a0\u00a0YOUTUBE PER SEGUIRE IN DIRETTA I PRINCIPALI PROGRAMMI DI RADIO PIU\u2019 E LE FUTURE DIRETTE IN ESTERNA. PER ISCRIVERTI CLICCA QUI\u00a0E PREMI\u00a0 \u201cIscriviti\u201d\u00a0 &nbsp; UN GRAN PONTE DELL&#8217;IMMACOLATA\u00a0 Per albergatori e impiantisti un grande\u00a0 inizio di stagione. Purtroppo a soli 3 anni dalle Olimpiadi&hellip;<\/p>\n","protected":false},"author":4,"featured_media":365528,"comment_status":"closed","ping_status":"closed","sticky":false,"template":"","format":"standard","meta":{"_monsterinsights_skip_tracking":false,"_monsterinsights_sitenote_active":false,"_monsterinsights_sitenote_note":"","_monsterinsights_sitenote_category":0,"footnotes":""},"categories":[51,86,49],"tags":[],"class_list":["post-365234","post","type-post","status-publish","format-standard","has-post-thumbnail","hentry","category-evidenza-top","category-gr","category-news-18","category-51","category-86","category-49","description-off"],"img_url":"https:\/\/www.radiopiu.net\/wordpress\/wp-content\/uploads\/2023\/12\/27421104-43dc-42ed-8a29-5737aad07306.jpg","_links":{"self":[{"href":"https:\/\/www.radiopiu.net\/wordpress\/wp-json\/wp\/v2\/posts\/365234","targetHints":{"allow":["GET"]}}],"collection":[{"href":"https:\/\/www.radiopiu.net\/wordpress\/wp-json\/wp\/v2\/posts"}],"about":[{"href":"https:\/\/www.radiopiu.net\/wordpress\/wp-json\/wp\/v2\/types\/post"}],"author":[{"embeddable":true,"href":"https:\/\/www.radiopiu.net\/wordpress\/wp-json\/wp\/v2\/users\/4"}],"replies":[{"embeddable":true,"href":"https:\/\/www.radiopiu.net\/wordpress\/wp-json\/wp\/v2\/comments?post=365234"}],"version-history":[{"count":0,"href":"https:\/\/www.radiopiu.net\/wordpress\/wp-json\/wp\/v2\/posts\/365234\/revisions"}],"wp:featuredmedia":[{"embeddable":true,"href":"https:\/\/www.radiopiu.net\/wordpress\/wp-json\/wp\/v2\/media\/365528"}],"wp:attachment":[{"href":"https:\/\/www.radiopiu.net\/wordpress\/wp-json\/wp\/v2\/media?parent=365234"}],"wp:term":[{"taxonomy":"category","embeddable":true,"href":"https:\/\/www.radiopiu.net\/wordpress\/wp-json\/wp\/v2\/categories?post=365234"},{"taxonomy":"post_tag","embeddable":true,"href":"https:\/\/www.radiopiu.net\/wordpress\/wp-json\/wp\/v2\/tags?post=365234"}],"curies":[{"name":"wp","href":"https:\/\/api.w.org\/{rel}","templated":true}]}}