{"id":365353,"date":"2023-12-12T05:52:50","date_gmt":"2023-12-12T04:52:50","guid":{"rendered":"https:\/\/www.radiopiu.net\/wordpress\/?p=365353"},"modified":"2023-12-12T06:10:25","modified_gmt":"2023-12-12T05:10:25","slug":"roccaso","status":"publish","type":"post","link":"https:\/\/www.radiopiu.net\/wordpress\/roccaso\/","title":{"rendered":"Possibile autopsia sulla salma di Carlo Sorar\u00f9 dopo incidente mortale"},"content":{"rendered":"<p>*****<\/p>\n<blockquote>\n<h2><\/h2>\n<\/blockquote>\n<p><strong><a class=\"dt-pswp-item\" href=\"https:\/\/www.radiopiu.net\/wordpress\/wp-content\/uploads\/2023\/12\/SCR-20231210-phnn.png\" data-dt-img-description=\"\" data-large_image_width=\"594\" data-large_image_height=\"548\"><img loading=\"lazy\" decoding=\"async\" class=\"wp-image-365462 alignleft\" src=\"https:\/\/www.radiopiu.net\/wordpress\/wp-content\/uploads\/2023\/12\/SCR-20231210-phnn-300x277.png\" alt=\"\" width=\"167\" height=\"154\" srcset=\"https:\/\/www.radiopiu.net\/wordpress\/wp-content\/uploads\/2023\/12\/SCR-20231210-phnn-300x277.png 300w, https:\/\/www.radiopiu.net\/wordpress\/wp-content\/uploads\/2023\/12\/SCR-20231210-phnn.png 594w\" sizes=\"auto, (max-width: 167px) 100vw, 167px\" \/><\/a>ROCCA PIETORE<\/strong> Ancora non sono stati fissati i funerali di Carlo Sorar\u00f9, 54 anni, dipendente della Impianti Padon, deceduto in un incidente stradale sabato notte. L&#8217;uomo \u00e8 stato coinvolto in un frontale tra la sua Citroen e una Mitsubishi Pajero lungo la sp641 del passo Fedaia. Le autorit\u00e0 inquirenti stanno considerando la possibilit\u00e0 di eseguire un&#8217;autopsia sulla salma di Sorar\u00f9. La dinamica dell&#8217;incidente sembra indicare che l&#8217;auto della vittima abbia invaso l&#8217;altra corsia a causa del fondo stradale scivoloso.<\/p>\n<p>&nbsp;<\/p>\n<p>&nbsp;<\/p>\n<hr \/>\n<p>&nbsp;<\/p>\n<blockquote>\n<h2>ROCCA PIETORE IN LUTTO PER LA SCOMPARSA DI CARLO SORARU&#8217;<\/h2>\n<p><em>Ciao Carlo, il tuo spirito altruista vivr\u00e0 nei cuori di coloro che hai toccato con la tua gentilezza e il tuo altruism<\/em><\/p><\/blockquote>\n<p><strong><a class=\"dt-pswp-item\" href=\"https:\/\/www.radiopiu.net\/wordpress\/wp-content\/uploads\/2023\/12\/SCR-20231210-phnn.png\" data-dt-img-description=\"\" data-large_image_width=\"594\" data-large_image_height=\"548\"><img loading=\"lazy\" decoding=\"async\" class=\" wp-image-365462 alignleft\" src=\"https:\/\/www.radiopiu.net\/wordpress\/wp-content\/uploads\/2023\/12\/SCR-20231210-phnn-300x277.png\" alt=\"\" width=\"139\" height=\"128\" srcset=\"https:\/\/www.radiopiu.net\/wordpress\/wp-content\/uploads\/2023\/12\/SCR-20231210-phnn-300x277.png 300w, https:\/\/www.radiopiu.net\/wordpress\/wp-content\/uploads\/2023\/12\/SCR-20231210-phnn.png 594w\" sizes=\"auto, (max-width: 139px) 100vw, 139px\" \/><\/a>ROCCA PIETORE <\/strong>Una nuvola di tristezza si \u00e8 abbattuta su Rocca Pietore a seguito della tragica scomparsa di Carlo Sorar\u00f9, 54 anni, coinvolto in un incidente\u00a0 a Col Di Rocca, sulla &#8220;porta&#8221; di casa. La notizia ha colpito profondamente la comunit\u00e0, lasciando un vuoto che sar\u00e0 difficile colmare. Carlo Sorar\u00f9 era una figura molto conosciuta e rispettata, soprattutto per il suo ruolo di vice capo servizi della Padon Marmolada. La sua dedizione al lavoro e il suo impegno nell&#8217;aiutare gli altri lo hanno reso un punto di riferimento, non solo nella sfera professionale, ma anche in ambito volontario. Per molti anni, Carlo ha prestato servizio come volontario con l&#8217;ambulanza, mettendo a disposizione le sue competenze per soccorrere chiunque ne avesse bisogno. Carlo Sorar\u00f9 lascia dietro di s\u00e9 un&#8217;eredit\u00e0 di bont\u00e0 e solidariet\u00e0 che continuer\u00e0 a ispirare la comunit\u00e0 di Rocca Pietore. In questo momento di dolore, la comunit\u00e0 si stringe attorno alla famiglia di Carlo, offrendo il proprio sostegno e le condoglianze a coloro che hanno perso un grande uomo e amico. Ciao Carlo, il tuo spirito altruista vivr\u00e0 nei cuori di coloro che hai toccato con la tua gentilezza e il tuo altruismo. \u00a0&#8220;<em>Ciao Carlo, grande uomo e grande amico&#8221;.<\/em> Cosi&#8217; lo ha ricordato un amico<\/p>\n<blockquote><p><em>Sorar\u00f9 viveva da solo a Col. Lascia due figli Massimo e Sara, la mamma e un fratello che vive ad Alleghe. \u00abEra sempre corretto, gentile, davvero una gran brava persona\u00bb, dice il parroco di Rocca, don Franco. \u00abUn gran lavoratore. Sono veramente addolorato per l&#8217;accaduto\u00bb.\u00a0<\/em><\/p><\/blockquote>\n<p>&nbsp;<\/p>\n<p>*******<\/p>\n<blockquote>\n<h1>ROCCA PIETORE PIANGE SORARU&#8217;, VITTIMA DELL&#8217;INCIDENTE DELLA NOTTE<\/h1>\n<\/blockquote>\n<p>&nbsp;<\/p>\n\n\t\t\t<style type='text\/css'>\n\t\t\t\t#gallery-1 {\n\t\t\t\t\tmargin: auto;\n\t\t\t\t}\n\t\t\t\t#gallery-1 .gallery-item {\n\t\t\t\t\tfloat: left;\n\t\t\t\t\tmargin-top: 10px;\n\t\t\t\t\ttext-align: center;\n\t\t\t\t\twidth: 50%;\n\t\t\t\t}\n\t\t\t\t#gallery-1 img {\n\t\t\t\t\tborder: 2px solid #cfcfcf;\n\t\t\t\t}\n\t\t\t\t#gallery-1 .gallery-caption {\n\t\t\t\t\tmargin-left: 0;\n\t\t\t\t}\n\t\t\t\t\/* see gallery_shortcode() in wp-includes\/media.php *\/\n\t\t\t<\/style>\n\t\t<div id='gallery-1' class='dt-gallery-container gallery galleryid-365353 gallery-columns-2 gallery-size-medium'><dl class='gallery-item'>\n\t\t\t\t<dt class='gallery-icon landscape'>\n\t\t\t\t\t<a class=\"rollover rollover-zoom dt-pswp-item\" title=\"58bf278b-2f2f-4f20-a15f-d3cbeef3fa7f\" data-dt-img-description=\"\" data-large_image_width=\"1600\" data-large_image_height=\"1200\"href='https:\/\/www.radiopiu.net\/wordpress\/wp-content\/uploads\/2023\/12\/58bf278b-2f2f-4f20-a15f-d3cbeef3fa7f.jpg'><img loading=\"lazy\" decoding=\"async\" width=\"300\" height=\"225\" src=\"https:\/\/www.radiopiu.net\/wordpress\/wp-content\/uploads\/2023\/12\/58bf278b-2f2f-4f20-a15f-d3cbeef3fa7f-300x225.jpg\" class=\"attachment-medium size-medium\" alt=\"\" srcset=\"https:\/\/www.radiopiu.net\/wordpress\/wp-content\/uploads\/2023\/12\/58bf278b-2f2f-4f20-a15f-d3cbeef3fa7f-300x225.jpg 300w, https:\/\/www.radiopiu.net\/wordpress\/wp-content\/uploads\/2023\/12\/58bf278b-2f2f-4f20-a15f-d3cbeef3fa7f-1024x768.jpg 1024w, https:\/\/www.radiopiu.net\/wordpress\/wp-content\/uploads\/2023\/12\/58bf278b-2f2f-4f20-a15f-d3cbeef3fa7f-768x576.jpg 768w, https:\/\/www.radiopiu.net\/wordpress\/wp-content\/uploads\/2023\/12\/58bf278b-2f2f-4f20-a15f-d3cbeef3fa7f-1536x1152.jpg 1536w, https:\/\/www.radiopiu.net\/wordpress\/wp-content\/uploads\/2023\/12\/58bf278b-2f2f-4f20-a15f-d3cbeef3fa7f.jpg 1600w\" sizes=\"auto, (max-width: 300px) 100vw, 300px\" \/><\/a>\n\t\t\t\t<\/dt><\/dl><dl class='gallery-item'>\n\t\t\t\t<dt class='gallery-icon landscape'>\n\t\t\t\t\t<a class=\"rollover rollover-zoom dt-pswp-item\" title=\"download\" data-dt-img-description=\"\" data-large_image_width=\"1024\" data-large_image_height=\"768\"href='https:\/\/www.radiopiu.net\/wordpress\/wp-content\/uploads\/2023\/12\/download-1.jpg'><img loading=\"lazy\" decoding=\"async\" width=\"300\" height=\"225\" src=\"https:\/\/www.radiopiu.net\/wordpress\/wp-content\/uploads\/2023\/12\/download-1-300x225.jpg\" class=\"attachment-medium size-medium\" alt=\"\" srcset=\"https:\/\/www.radiopiu.net\/wordpress\/wp-content\/uploads\/2023\/12\/download-1-300x225.jpg 300w, https:\/\/www.radiopiu.net\/wordpress\/wp-content\/uploads\/2023\/12\/download-1-768x576.jpg 768w, https:\/\/www.radiopiu.net\/wordpress\/wp-content\/uploads\/2023\/12\/download-1.jpg 1024w\" sizes=\"auto, (max-width: 300px) 100vw, 300px\" \/><\/a>\n\t\t\t\t<\/dt><\/dl><br style=\"clear: both\" \/>\n\t\t\t<\/div>\n\n<p><b><a class=\"dt-pswp-item\" href=\"https:\/\/www.radiopiu.net\/wordpress\/wp-content\/uploads\/2023\/12\/col-di.png\" data-dt-img-description=\"\" data-large_image_width=\"352\" data-large_image_height=\"236\"><img loading=\"lazy\" decoding=\"async\" class=\"size-medium wp-image-365509 alignleft\" src=\"https:\/\/www.radiopiu.net\/wordpress\/wp-content\/uploads\/2023\/12\/col-di-300x201.png\" alt=\"\" width=\"300\" height=\"201\" srcset=\"https:\/\/www.radiopiu.net\/wordpress\/wp-content\/uploads\/2023\/12\/col-di-300x201.png 300w, https:\/\/www.radiopiu.net\/wordpress\/wp-content\/uploads\/2023\/12\/col-di.png 352w\" sizes=\"auto, (max-width: 300px) 100vw, 300px\" \/><\/a>ROCCA PIETORE\u00a0<\/b> Una terribile tragedia si \u00e8 consumata questa notte poco dopo le 23 a Col di Rocca (provinciale 641 di Passo Fedaia) causando la perdita di un uomo di 54 anni, <strong>CARLO SORARU&#8217;<\/strong> residente a Col di Rocca a poche centinaia di metri dal bivio per la frazione dove si \u00e8 consumata la tragedia. Originario di Rocca Pietore, dipendente della societ\u00e0 impianti Padon,\u00a0 viaggiava a bordo di una Citroen. L&#8217;incidente, ancora in fase di indagine da parte delle autorit\u00e0 competenti. Il secondo coinvolto\u00a0 (passeggero della Jeep Pajero guidata da Emanuele\u00a0 Gaiardi),<strong> FAUSTO \u00a0BELLENZIER<\/strong>\u00a0 uomo di 54 anni di Alleghe, \u00e8 stato trasportato all&#8217;ospedale Papa Luciani di Agordo. Le sue condizioni sono attualmente sotto valutazione da parte del personale medico (non \u00e8 in pericolo di vita, entrato in pronto soccorso del Luciani in codice 2, media gravit\u00e0) mentre si cerca di stabilire la dinamica esatta dell&#8217;incidente. Le forze dell&#8217;ordine Carabinieri di Caprile e i soccorritori (personale medico del Suem con automedica dal Pronto Soccorso di Agordo, ambulanza volontari Rocca Pietore, Croce Verde Alleghe)\u00a0 vigili del fuoco (di Agordo e volontari di Caprile) sono intervenuti tempestivamente sul luogo dell&#8217;incidente per gestire la situazione e fornire il necessario supporto. \u00a0Al momento del sinistro la strada era coperta da nevischio. Le operazioni di soccorso dei vigili del fuoco sono terminate alle 2:30 con la rimozione dei mezzi da parte del caro attrezzi.<\/p>\n<p><img decoding=\"async\" src=\"https:\/\/www.radiopiu.net\/wordpress\/wp-content\/uploads\/2023\/12\/4b48c1d6-3dc6-4f59-a25d-58980ec80c80.jpg\" \/><\/p>\n<p>&nbsp;<\/p>\n<p>&nbsp;<\/p>\n","protected":false},"excerpt":{"rendered":"<p>***** ROCCA PIETORE Ancora non sono stati fissati i funerali di Carlo Sorar\u00f9, 54 anni, dipendente della Impianti Padon, deceduto in un incidente stradale sabato notte. L&#8217;uomo \u00e8 stato coinvolto in un frontale tra la sua Citroen e una Mitsubishi Pajero lungo la sp641 del passo Fedaia. Le autorit\u00e0 inquirenti stanno considerando la possibilit\u00e0 di&hellip;<\/p>\n","protected":false},"author":4,"featured_media":365462,"comment_status":"closed","ping_status":"closed","sticky":false,"template":"","format":"standard","meta":{"_monsterinsights_skip_tracking":false,"_monsterinsights_sitenote_active":false,"_monsterinsights_sitenote_note":"","_monsterinsights_sitenote_category":0,"footnotes":""},"categories":[51,49],"tags":[],"class_list":["post-365353","post","type-post","status-publish","format-standard","has-post-thumbnail","hentry","category-evidenza-top","category-news-18","category-51","category-49","description-off"],"img_url":"https:\/\/www.radiopiu.net\/wordpress\/wp-content\/uploads\/2023\/12\/SCR-20231210-phnn.png","_links":{"self":[{"href":"https:\/\/www.radiopiu.net\/wordpress\/wp-json\/wp\/v2\/posts\/365353","targetHints":{"allow":["GET"]}}],"collection":[{"href":"https:\/\/www.radiopiu.net\/wordpress\/wp-json\/wp\/v2\/posts"}],"about":[{"href":"https:\/\/www.radiopiu.net\/wordpress\/wp-json\/wp\/v2\/types\/post"}],"author":[{"embeddable":true,"href":"https:\/\/www.radiopiu.net\/wordpress\/wp-json\/wp\/v2\/users\/4"}],"replies":[{"embeddable":true,"href":"https:\/\/www.radiopiu.net\/wordpress\/wp-json\/wp\/v2\/comments?post=365353"}],"version-history":[{"count":0,"href":"https:\/\/www.radiopiu.net\/wordpress\/wp-json\/wp\/v2\/posts\/365353\/revisions"}],"wp:featuredmedia":[{"embeddable":true,"href":"https:\/\/www.radiopiu.net\/wordpress\/wp-json\/wp\/v2\/media\/365462"}],"wp:attachment":[{"href":"https:\/\/www.radiopiu.net\/wordpress\/wp-json\/wp\/v2\/media?parent=365353"}],"wp:term":[{"taxonomy":"category","embeddable":true,"href":"https:\/\/www.radiopiu.net\/wordpress\/wp-json\/wp\/v2\/categories?post=365353"},{"taxonomy":"post_tag","embeddable":true,"href":"https:\/\/www.radiopiu.net\/wordpress\/wp-json\/wp\/v2\/tags?post=365353"}],"curies":[{"name":"wp","href":"https:\/\/api.w.org\/{rel}","templated":true}]}}