{"id":365517,"date":"2023-12-12T05:59:27","date_gmt":"2023-12-12T04:59:27","guid":{"rendered":"https:\/\/www.radiopiu.net\/wordpress\/?p=365517"},"modified":"2023-12-12T09:35:01","modified_gmt":"2023-12-12T08:35:01","slug":"giornale-radiopiu-12-dicembre-2023-direttore-mirko-mezzacasada-40-anni-25-giugno-1983-25-giugno-2023","status":"publish","type":"post","link":"https:\/\/www.radiopiu.net\/wordpress\/giornale-radiopiu-12-dicembre-2023-direttore-mirko-mezzacasada-40-anni-25-giugno-1983-25-giugno-2023\/","title":{"rendered":"GIORNALE RADIOPIU 12 DICEMBRE 2023 DIRETTORE MIRKO MEZZACASA\u2026DA 40 ANNI 25 GIUGNO 1983-25 GIUGNO 2023"},"content":{"rendered":"<p>*****<\/p>\n<p>&nbsp;<\/p>\n<h1 class=\"entry-title photoswipe-wrapper\">40esimo di RADIOPIU\u2026. LA VOCE DELL\u2019EMOZIONE<\/h1>\n<h2><span style=\"color: #ff0000;\">ISCRIVITI AL NOSTRO CANALE\u00a0\u00a0YOUTUBE PER SEGUIRE IN DIRETTA I PRINCIPALI PROGRAMMI DI RADIO PIU\u2019 E LE FUTURE DIRETTE IN ESTERNA. PER ISCRIVERTI <a style=\"color: #ff0000;\" href=\"https:\/\/youtube.com\/@radiopiu1527\">CLICCA QUI\u00a0<\/a>E PREMI\u00a0 \u201cIscriviti\u201d\u00a0<\/span><\/h2>\n<p>&nbsp;<\/p>\n<hr \/>\n<p>&nbsp;<\/p>\n<blockquote>\n<blockquote>\n<h1><span style=\"color: #ff0000;\">i podcast informativi del mattino &#8211; audio &#8211;\u00a0<\/span><\/h1>\n<\/blockquote>\n<p><strong><a class=\"dt-pswp-item\" href=\"https:\/\/www.radiopiu.net\/wordpress\/wp-content\/uploads\/2023\/11\/th-10.jpg\" data-dt-img-description=\"\" data-large_image_width=\"320\" data-large_image_height=\"180\"><img loading=\"lazy\" decoding=\"async\" class=\"wp-image-362866 alignleft\" src=\"https:\/\/www.radiopiu.net\/wordpress\/wp-content\/uploads\/2023\/11\/th-10-300x169.jpg\" alt=\"\" width=\"185\" height=\"104\" srcset=\"https:\/\/www.radiopiu.net\/wordpress\/wp-content\/uploads\/2023\/11\/th-10-300x169.jpg 300w, https:\/\/www.radiopiu.net\/wordpress\/wp-content\/uploads\/2023\/11\/th-10.jpg 320w\" sizes=\"auto, (max-width: 185px) 100vw, 185px\" \/><\/a>LA RASSEGNA STAMPA NAZIONALE ALLA RADIO, OGNI GIORNO ALLE 5 E ALLE 6 DEL MATTINO <span style=\"color: #0000ff;\">viene pubblicata alle 6.00 <span style=\"color: #ff0000;\">DIRETTA RADIO\u00a0\u00a0<\/span><\/span><\/strong><\/p><\/blockquote>\n<p><strong>I TITOLI\u00a0<\/strong> L&#8217;appello di Netanyahu ai terroristi di Amass, &#8220;\u00e8 finita, non morite, arrendetevi adesso&#8221;. I tre candidati per il nuovo governo egiziano,<br \/>\nalle urne dopo 9 anni. Prevista per oggi l&#8217;elezione del Presidente della Corte Costituzionale. <strong>La cronaca<\/strong> trovato il cadavere di una donna\u00a0 di 77 anni nel Casertano, nessuna ipotesi esclusa.<br \/>\nMuore una donna di 53 anni nello spezzino, il marito, confessa il piano di suicidio di coppia. Un italiano di vent&#8217;anni perde la gamba in Australia,\u00a0 ha ripreso l&#8217;aggressione di uno squalo con una telecamera. Lo sport, Ibraimovich inizia alla sua terza avventura rossonera. L&#8217;ex giocatore sar\u00e0 advisor della propriet\u00e0.<\/p>\n<audio class=\"wp-audio-shortcode\" id=\"audio-365517-1\" preload=\"none\" style=\"width: 100%;\" controls=\"controls\"><source type=\"audio\/mpeg\" src=\"https:\/\/www.radiopiu.net\/wordpress\/wp-content\/uploads\/2023\/12\/GIORNALEDELLESEI-9.mp3?_=1\" \/><a href=\"https:\/\/www.radiopiu.net\/wordpress\/wp-content\/uploads\/2023\/12\/GIORNALEDELLESEI-9.mp3\">https:\/\/www.radiopiu.net\/wordpress\/wp-content\/uploads\/2023\/12\/GIORNALEDELLESEI-9.mp3<\/a><\/audio>\n<blockquote><p>&nbsp;<\/p>\n<p>&nbsp;<\/p>\n<p>&nbsp;<\/p>\n<p><strong><a class=\"dt-pswp-item\" href=\"https:\/\/www.radiopiu.net\/wordpress\/wp-content\/uploads\/2021\/07\/microfono-radio-ok-768x448-768x448-1.jpg\" data-dt-img-description=\"\" data-large_image_width=\"768\" data-large_image_height=\"448\"><img loading=\"lazy\" decoding=\"async\" class=\"wp-image-220632 alignleft\" src=\"https:\/\/www.radiopiu.net\/wordpress\/wp-content\/uploads\/2021\/07\/microfono-radio-ok-768x448-768x448-1-300x175.jpg\" alt=\"\" width=\"178\" height=\"104\" srcset=\"https:\/\/www.radiopiu.net\/wordpress\/wp-content\/uploads\/2021\/07\/microfono-radio-ok-768x448-768x448-1-300x175.jpg 300w, https:\/\/www.radiopiu.net\/wordpress\/wp-content\/uploads\/2021\/07\/microfono-radio-ok-768x448-768x448-1.jpg 768w\" sizes=\"auto, (max-width: 178px) 100vw, 178px\" \/><\/a>GIORNALE RADIO NAZIONALE, EDIZIONE DELLE SETTE <span style=\"color: #0000ff;\">viene pubblicato alle 7.05 <span style=\"color: #ff0000;\">DIRETTA RADIO<\/span><\/span><\/strong><\/p><\/blockquote>\n<p>&nbsp;<\/p>\n<blockquote><p>&nbsp;<\/p><\/blockquote>\n<p><strong>audio<\/strong><\/p>\n<audio class=\"wp-audio-shortcode\" id=\"audio-365517-2\" preload=\"none\" style=\"width: 100%;\" controls=\"controls\"><source type=\"audio\/mpeg\" src=\"https:\/\/www.radiopiu.net\/wordpress\/wp-content\/uploads\/2023\/12\/giornale07-9.mp3?_=2\" \/><a href=\"https:\/\/www.radiopiu.net\/wordpress\/wp-content\/uploads\/2023\/12\/giornale07-9.mp3\">https:\/\/www.radiopiu.net\/wordpress\/wp-content\/uploads\/2023\/12\/giornale07-9.mp3<\/a><\/audio>\n<blockquote><p>&nbsp;<\/p>\n<h2><strong>RASSEGNA STAMPA LOCALE, ORE OTTO <span style=\"color: #0000ff;\">viene pubblicata alle 8.05 <span style=\"color: #ff0000;\">DIRETTA RADIO<\/span><\/span><\/strong><\/h2>\n<p>&nbsp;<\/p>\n<p>https:\/\/www.youtube.com\/watch?v=VgpdMnvx2e8<\/p><\/blockquote>\n<p>&nbsp;<\/p>\n<hr \/>\n<h3><\/h3>\n<p><a class=\"dt-pswp-item\" href=\"https:\/\/www.radiopiu.net\/wordpress\/wp-content\/uploads\/2023\/10\/34f4cfc6-e863-46e9-9695-8df44be63421.jpg\" data-dt-img-description=\"\" data-large_image_width=\"1200\" data-large_image_height=\"1200\"><img loading=\"lazy\" decoding=\"async\" class=\"wp-image-357393 alignleft\" src=\"https:\/\/www.radiopiu.net\/wordpress\/wp-content\/uploads\/2023\/10\/34f4cfc6-e863-46e9-9695-8df44be63421-300x300.jpg\" alt=\"\" width=\"81\" height=\"81\" srcset=\"https:\/\/www.radiopiu.net\/wordpress\/wp-content\/uploads\/2023\/10\/34f4cfc6-e863-46e9-9695-8df44be63421-300x300.jpg 300w, https:\/\/www.radiopiu.net\/wordpress\/wp-content\/uploads\/2023\/10\/34f4cfc6-e863-46e9-9695-8df44be63421-1024x1024.jpg 1024w, https:\/\/www.radiopiu.net\/wordpress\/wp-content\/uploads\/2023\/10\/34f4cfc6-e863-46e9-9695-8df44be63421-150x150.jpg 150w, https:\/\/www.radiopiu.net\/wordpress\/wp-content\/uploads\/2023\/10\/34f4cfc6-e863-46e9-9695-8df44be63421-768x768.jpg 768w, https:\/\/www.radiopiu.net\/wordpress\/wp-content\/uploads\/2023\/10\/34f4cfc6-e863-46e9-9695-8df44be63421.jpg 1200w\" sizes=\"auto, (max-width: 81px) 100vw, 81px\" \/><\/a>OGGI ALLA RADIO: <strong>ALLE 7<\/strong> LA RASSEGNA STAMPA LOCALE FLASH, PER CHI COME NOI ALLE SETTE DEL MATTINO VA DI FRETTA, TANTE NOTIZIE IN POCHE CHIACCHIERE. <strong>ALLE OTTO<\/strong> L&#8217;APPROFONDIMENTO NELLA STORICA RASSEGNA STAMPA LOCALE.\u00a0 DALLE 6 ALLE 21, OGNI ORA, L&#8217;INFORMAZIONE NAZIONALE, l&#8217;informazione locale, ALLE 10 flash. 11flash. 14 viabilit\u00e0. 15meteo. 16flash. 17flash. 18flash. 19 i titoli di Antenna 3<\/p>\n<p>&nbsp;<\/p>\n<blockquote><p>oggi alle 9 il country con ALEX NASCINBEN alle 10.10 e 18.30 MUSLA, la novie in ladin 10.30 e 1900 FRANCESCO ZILLIO la tecnologia applicata alla radio alle 13.10 speciale PROLOCO CAVIOLA Monica e Alessio ospiti di RADIOPIU<\/p><\/blockquote>\n<p>&nbsp;<\/p>\n<hr \/>\n<h3><\/h3>\n<blockquote>\n<h3>ACQUA GSP: NON POTABILE A LIVINALLONGO<\/h3>\n<\/blockquote>\n<p><strong>LIVINALLONGO DEL COL DI LANA<\/strong> nelle localit\u00e0\u00a0 BRENTA, AL FAURO, CREPAZ, RENAZ, RUAZ, PEZZEI, S. GIOVANNI, FOSSAL, SALESEI DI SOPRA, SALESEI DI SOTTO, PIAN DI SALESEI, SALESEI, SOTTOCREPA e FOPPA l\u2019acqua erogata dall\u2019acquedotto non \u00e8 potabile e pu\u00f2 essere usata per scopi alimentari SOLO PREVIA bollitura.<\/p>\n<p>&nbsp;<\/p>\n<blockquote>\n<h3>L&#8217;ACQUA TORNA POTABILE A GOSALDO<\/h3>\n<\/blockquote>\n<p>Gestione Servizi Pubblici informa che a GOSALDO in localit\u00e0 LE FOCHE, LAMBROI, DENEORE, MAGAIT, REN, SELLE, COL TAMAI, BITTI, GIARDOI E PETTUINE l&#8217;acqua erogata dall&#8217;acquedotto \u00e8 di nuovo potabile e pu\u00f2 essere usata, quindi, per scopi alimentari.<\/p>\n<p>&nbsp;<\/p>\n<hr \/>\n<p>&nbsp;<\/p>\n<p>&nbsp;<\/p>\n<blockquote>\n<h2><a class=\"dt-pswp-item\" href=\"https:\/\/www.radiopiu.net\/wordpress\/wp-content\/uploads\/2023\/12\/410107636_761740899316349_1464534739191499465_n.jpg\" data-dt-img-description=\"\" data-large_image_width=\"720\" data-large_image_height=\"540\"><img loading=\"lazy\" decoding=\"async\" class=\" wp-image-365698 alignleft\" src=\"https:\/\/www.radiopiu.net\/wordpress\/wp-content\/uploads\/2023\/12\/410107636_761740899316349_1464534739191499465_n-300x225.jpg\" alt=\"\" width=\"164\" height=\"123\" srcset=\"https:\/\/www.radiopiu.net\/wordpress\/wp-content\/uploads\/2023\/12\/410107636_761740899316349_1464534739191499465_n-300x225.jpg 300w, https:\/\/www.radiopiu.net\/wordpress\/wp-content\/uploads\/2023\/12\/410107636_761740899316349_1464534739191499465_n.jpg 720w\" sizes=\"auto, (max-width: 164px) 100vw, 164px\" \/><\/a>Rottura tubatura causa allarme a Forno: rubinetti a secco<\/h2>\n<\/blockquote>\n<p><strong>VAL DI ZOLDO<\/strong>Una rottura di una tubatura dell&#8217;acquedotto a Val di Zoldo ha lasciato a secco i rubinetti degli abitanti di Forno. La causa un evento franoso di vaste proporzioni che ha coinvolto la strada Baron-Castelaz. Il Bim \u00e8 intervenuto per riparare la tubatura, e nel frattempo, \u00e8 stata fornita acqua tramite un&#8217;autocisterna .Ieri sera \u00a0Bim Gsp ha ripristinato la funzionalit\u00e0 dell&#8217;acquedotto di Forno. <em>&#8220;Un ringraziamento ai tecnici e agli operai del Bim e alla ditta Dal Farra per la velocit\u00e0 di ripristino nonostante la situazione complicata&#8221;<\/em> ha detto il sindaco Camillo De Pellegrin. La strada coinvolta sar\u00e0 chiusa al transito pedonale a causa dei danni causati dalla frana.<\/p>\n<p>&nbsp;<\/p>\n<p>&nbsp;<\/p>\n<hr \/>\n<p>&nbsp;<\/p>\n<blockquote>\n<h3>GRAVE INFORTUNIO SUL LAVORO PRESSO GOLAND GORZAGRI\u00a0 secondo incidente in pochi giorni nel fonzasino, l&#8217;uomo caduto dal soppalco<\/h3>\n<\/blockquote>\n<p><strong><a class=\"dt-pswp-item\" href=\"https:\/\/www.radiopiu.net\/wordpress\/wp-content\/uploads\/2022\/09\/309142707_771246390814523_5693451179006834112_n.jpg\" data-dt-img-description=\"\" data-large_image_width=\"2048\" data-large_image_height=\"1212\"><img loading=\"lazy\" decoding=\"async\" class=\" wp-image-298850 alignleft\" src=\"https:\/\/www.radiopiu.net\/wordpress\/wp-content\/uploads\/2022\/09\/309142707_771246390814523_5693451179006834112_n-300x178.jpg\" alt=\"\" width=\"152\" height=\"90\" srcset=\"https:\/\/www.radiopiu.net\/wordpress\/wp-content\/uploads\/2022\/09\/309142707_771246390814523_5693451179006834112_n-300x178.jpg 300w, https:\/\/www.radiopiu.net\/wordpress\/wp-content\/uploads\/2022\/09\/309142707_771246390814523_5693451179006834112_n-1024x606.jpg 1024w, https:\/\/www.radiopiu.net\/wordpress\/wp-content\/uploads\/2022\/09\/309142707_771246390814523_5693451179006834112_n-768x455.jpg 768w, https:\/\/www.radiopiu.net\/wordpress\/wp-content\/uploads\/2022\/09\/309142707_771246390814523_5693451179006834112_n-1536x909.jpg 1536w, https:\/\/www.radiopiu.net\/wordpress\/wp-content\/uploads\/2022\/09\/309142707_771246390814523_5693451179006834112_n.jpg 2048w\" sizes=\"auto, (max-width: 152px) 100vw, 152px\" \/><\/a>FONZASO <\/strong>Nella mattinata di ieri, alla Goland Gorzagri di Fonzaso. Un operaio, trevigiano di 59 anni R.V. lavoratore esterno \u00e8 caduto da un&#8217;altezza di 3 metri. L&#8217;uomo, un 59enne residente a Treviso, \u00e8 stato prontamente soccorso dall&#8217;ambulanza dell&#8217;ospedale di Feltre. Considerata la gravit\u00e0 delle condizioni, \u00e8 stato organizzato un rendez-vous con un elicottero che ha trasferito l&#8217;infortunato al C\u00e0 Foncello. Non \u00e8 in pericolo di vita.<\/p>\n<p>&nbsp;<\/p>\n<p>&nbsp;<\/p>\n<hr \/>\n<p>&nbsp;<\/p>\n<p>&nbsp;<\/p>\n<blockquote>\n<h1>Schianto auto-camion chiude la strada per ore: traffico in tilt ma nessun ferito<\/h1>\n<\/blockquote>\n<p><strong><a class=\"dt-pswp-item\" href=\"https:\/\/www.radiopiu.net\/wordpress\/wp-content\/uploads\/2023\/12\/Senza-nome-41.png\" data-dt-img-description=\"\" data-large_image_width=\"428\" data-large_image_height=\"284\"><img loading=\"lazy\" decoding=\"async\" class=\"wp-image-365691 alignleft\" src=\"https:\/\/www.radiopiu.net\/wordpress\/wp-content\/uploads\/2023\/12\/Senza-nome-41-300x199.png\" alt=\"\" width=\"228\" height=\"151\" srcset=\"https:\/\/www.radiopiu.net\/wordpress\/wp-content\/uploads\/2023\/12\/Senza-nome-41-300x199.png 300w, https:\/\/www.radiopiu.net\/wordpress\/wp-content\/uploads\/2023\/12\/Senza-nome-41.png 428w\" sizes=\"auto, (max-width: 228px) 100vw, 228px\" \/><\/a>BELLUNO<\/strong> Ieri pomeriggio, intorno alle 15.30, un incidente tra un camion e un&#8217;auto ha causato la chiusura temporanea della strada che porta a Castion. L&#8217;intervento della Volante della questura, dei vigili urbani e dei carabinieri \u00e8 stato necessario per gestire la situazione. Fortunatamente, non ci sono stati feriti gravi, e le ambulanze non sono state necessarie. Tuttavia, la circolazione \u00e8 stata deviata per consentire il recupero dei veicoli e la ricostruzione dell&#8217;incidente. Il traffico \u00e8 tornato alla normalit\u00e0 oltre un&#8217;ora e mezza dopo l&#8217;incidente.<\/p>\n<p>&nbsp;<\/p>\n<p>&nbsp;<\/p>\n<p>&nbsp;<\/p>\n<hr \/>\n<p>&nbsp;<\/p>\n<blockquote>\n<h2>FRONTALE A BUSCHE, TRE FERITI<\/h2>\n<\/blockquote>\n<p><strong>BUSCHE<\/strong> Tre auto incidentate, un uomo estratto dall&#8217;auto dai vigili del fuoco. Ieri alle 14 lungo la statale 50, frontale tra due Golf, la terza ha completato il cerchio con un tamponamento. Fortunatamente nessun ferito grave. Un uomo di 27 anni di Lentiai \u00e8 stato portato in ospedale con alcune fratture. Medicati al Santa Maria del Prato anche un 32enne feltrino e un 55enne di Sospirolo. La strada \u00e8 rimasta chiusa alcune ore.<\/p>\n<p>&nbsp;<\/p>\n<p>&nbsp;<\/p>\n<hr \/>\n<p>&nbsp;<\/p>\n<blockquote>\n<h1>Distrugge &#8220;bookcrossing&#8221; e danneggia auto<\/h1>\n<\/blockquote>\n<p><strong><a class=\"dt-pswp-item\" href=\"https:\/\/www.radiopiu.net\/wordpress\/wp-content\/uploads\/2023\/12\/th-5.jpg\" data-dt-img-description=\"\" data-large_image_width=\"257\" data-large_image_height=\"180\"><img loading=\"lazy\" decoding=\"async\" class=\"wp-image-365692 alignleft\" src=\"https:\/\/www.radiopiu.net\/wordpress\/wp-content\/uploads\/2023\/12\/th-5.jpg\" alt=\"\" width=\"181\" height=\"127\" \/><\/a>FELTRE<\/strong> Un conducente &#8220;ignoto&#8221; ha distrutto il punto di distribuzione gratuita di libri nell&#8217;ex cabina telefonica&#8221;&#8221; davanti all&#8217;istituto Colotti a Feltre, danneggiando quattro auto parcheggiate. L&#8217;incidente \u00e8 avvenuto intorno all&#8217;1 e 30 di domenica. La cabina telefonica convertita in angolo letterario \u00e8 stata gravemente danneggiata, con libri sparsi ovunque. I vigili del fuoco hanno rimosso i danni, mentre i carabinieri indagano sull&#8217;incidente e cercano il conducente responsabile, che si \u00e8 dileguato dopo l&#8217;incidente. I proprietari delle auto danneggiate sono stati informati, e le indagini proseguono sulla base di possibili testimonianze e registrazioni delle telecamere di sorveglianza nelle vicinanze.<\/p>\n<p>&nbsp;<\/p>\n<p>&nbsp;<\/p>\n<hr \/>\n<p>&nbsp;<\/p>\n<blockquote>\n<h2>LUPO, AD AGORDO IN CENTRO\u00a0 ED A BETTIN<\/h2>\n<\/blockquote>\n<blockquote>\n<h2><\/h2>\n<h2>***DILLO A RADIO PIU&#8230; PAURA DEL LUPO &#8220;DOVREMO RISOLVERE IL PROBLEMA DA SOLI&#8221;<\/h2>\n<h2><\/h2>\n<h2><span style=\"font-size: 14px; font-weight: normal;\">Riceviamo e volentieri pubblichiamo una segnalazione di Yari Masoch, stamane in radio altre due telefonate di cittadini preoccupati per la presenza del lupo, ieri sera in centro\u00a0 ad Agordo. Questa la testimonianza di quanto visto nei pressi del deposito di Renzo Benvegn\u00f9, strada per l&#8217;ospedale\u00a0<\/span><\/h2>\n<\/blockquote>\n<h2><a class=\"dt-pswp-item\" href=\"https:\/\/www.radiopiu.net\/wordpress\/wp-content\/uploads\/2022\/05\/Lupo_Gabriele-Cristiani_Archivio_Aree_Protette_Alpi_Marittime-scaled.jpg\" data-dt-img-description=\"\" data-large_image_width=\"2560\" data-large_image_height=\"1920\"><img loading=\"lazy\" decoding=\"async\" class=\"wp-image-276249 alignleft\" src=\"https:\/\/www.radiopiu.net\/wordpress\/wp-content\/uploads\/2022\/05\/Lupo_Gabriele-Cristiani_Archivio_Aree_Protette_Alpi_Marittime-300x225.jpg\" alt=\"\" width=\"167\" height=\"125\" srcset=\"https:\/\/www.radiopiu.net\/wordpress\/wp-content\/uploads\/2022\/05\/Lupo_Gabriele-Cristiani_Archivio_Aree_Protette_Alpi_Marittime-300x225.jpg 300w, https:\/\/www.radiopiu.net\/wordpress\/wp-content\/uploads\/2022\/05\/Lupo_Gabriele-Cristiani_Archivio_Aree_Protette_Alpi_Marittime-1024x768.jpg 1024w, https:\/\/www.radiopiu.net\/wordpress\/wp-content\/uploads\/2022\/05\/Lupo_Gabriele-Cristiani_Archivio_Aree_Protette_Alpi_Marittime-768x576.jpg 768w, https:\/\/www.radiopiu.net\/wordpress\/wp-content\/uploads\/2022\/05\/Lupo_Gabriele-Cristiani_Archivio_Aree_Protette_Alpi_Marittime-1536x1152.jpg 1536w, https:\/\/www.radiopiu.net\/wordpress\/wp-content\/uploads\/2022\/05\/Lupo_Gabriele-Cristiani_Archivio_Aree_Protette_Alpi_Marittime-2048x1536.jpg 2048w\" sizes=\"auto, (max-width: 167px) 100vw, 167px\" \/><\/a><\/h2>\n<p><strong>AGORDO\u00a0<\/strong> Credo che il fatto del lupo sia allucinante e non debba lasciare indifferenti. Ieri sera mi figlio di 4 anni se lo \u00e8 trovato davanti, in giardino, rincasando. Assieme alla mia compagna. Se nessuno ci tutela, dovremo farlo ahinoi da soli&#8230; perch\u00e9 non succede mai niente, ma poi quando succede&#8230;<\/p>\n<p>&nbsp;<\/p>\n<p>&nbsp;<\/p>\n<p>&nbsp;<\/p>\n<p><strong>REDAZIONE<\/strong> Ieri sera un esemplare di lupo \u00e8 stato avvistato sulla strada per l&#8217;ospedale in prossimit\u00e0 del deposito di Renzo Benvegn\u00f9, la segnalazione in radio attorno alle 18, il predatore era alla ricerca di cibo. Bettin, frazione vicino a Belluno, l&#8217;avvicinamento di almeno due lupi alle case ha generato preoccupazione tra i residenti. Nella notte fra domenica e luned\u00ec, i lupi hanno fatto una predazione di un capriolo a soli trenta metri da una casa.<\/p>\n<p>&nbsp;<\/p>\n<p>&nbsp;<\/p>\n<hr \/>\n<p>&nbsp;<\/p>\n<blockquote>\n<h2>Possibile autopsia sulla salma di Carlo Sorar\u00f9 dopo incidente mortale<\/h2>\n<\/blockquote>\n<p><strong><a class=\"dt-pswp-item\" href=\"https:\/\/www.radiopiu.net\/wordpress\/wp-content\/uploads\/2023\/12\/SCR-20231210-phnn.png\" data-dt-img-description=\"\" data-large_image_width=\"594\" data-large_image_height=\"548\"><img loading=\"lazy\" decoding=\"async\" class=\"wp-image-365462 alignleft\" src=\"https:\/\/www.radiopiu.net\/wordpress\/wp-content\/uploads\/2023\/12\/SCR-20231210-phnn-300x277.png\" alt=\"\" width=\"167\" height=\"154\" srcset=\"https:\/\/www.radiopiu.net\/wordpress\/wp-content\/uploads\/2023\/12\/SCR-20231210-phnn-300x277.png 300w, https:\/\/www.radiopiu.net\/wordpress\/wp-content\/uploads\/2023\/12\/SCR-20231210-phnn.png 594w\" sizes=\"auto, (max-width: 167px) 100vw, 167px\" \/><\/a>ROCCA PIETORE<\/strong> Ancora non sono stati fissati i funerali di Carlo Sorar\u00f9, 54 anni, dipendente della Impianti Padon, deceduto in un incidente stradale sabato notte. L&#8217;uomo \u00e8 stato coinvolto in un frontale tra la sua Citroen e una Mitsubishi Pajero lungo la sp641 del passo Fedaia. Le autorit\u00e0 inquirenti stanno considerando la possibilit\u00e0 di eseguire un&#8217;autopsia sulla salma di Sorar\u00f9. La dinamica dell&#8217;incidente sembra indicare che l&#8217;auto della vittima abbia invaso l&#8217;altra corsia a causa del fondo stradale scivoloso.<\/p>\n<p>&nbsp;<\/p>\n<p>&nbsp;<\/p>\n<p>&nbsp;<\/p>\n<p>&nbsp;<\/p>\n<hr \/>\n<p>&nbsp;<\/p>\n<p>&nbsp;<\/p>\n<blockquote>\n<h3><a class=\"dt-pswp-item\" href=\"https:\/\/www.radiopiu.net\/wordpress\/wp-content\/uploads\/2023\/12\/Senza-nome-42.png\" data-dt-img-description=\"\" data-large_image_width=\"307\" data-large_image_height=\"290\"><img loading=\"lazy\" decoding=\"async\" class=\"wp-image-365701 alignleft\" src=\"https:\/\/www.radiopiu.net\/wordpress\/wp-content\/uploads\/2023\/12\/Senza-nome-42-300x283.png\" alt=\"\" width=\"137\" height=\"129\" srcset=\"https:\/\/www.radiopiu.net\/wordpress\/wp-content\/uploads\/2023\/12\/Senza-nome-42-300x283.png 300w, https:\/\/www.radiopiu.net\/wordpress\/wp-content\/uploads\/2023\/12\/Senza-nome-42.png 307w\" sizes=\"auto, (max-width: 137px) 100vw, 137px\" \/><\/a>LA MALATTIA HA PORTATO VIA IL DOLCE SORRISO DI ROBERTA<\/h3>\n<\/blockquote>\n<p><strong>BELLUNO<\/strong> Se n&#8217;\u00e8 andata a soli 45 anni Roberta Dal Farra, per lungo tempo stimata collaboratrice di Palazzo Rosso negli uffici anagrafe. I funerali domani alle 15 a Cavarzano, dove viveva con mamma Graziella e i fratelli Stefania e Andrea. Non fiori, ma offerte all&#8217;associazione Margherita Fenice di Belluno, si occupa di temi legati al disturbo alimentare.<\/p>\n<p>&nbsp;<\/p>\n<p>&nbsp;<\/p>\n<p>&nbsp;<\/p>\n<p>&nbsp;<\/p>\n<hr \/>\n<p>&nbsp;<\/p>\n<blockquote>\n<h3>VIABILITA&#8217; BELLUNESE SOTTO LA LENTE, PADRIN NE PARLA CON SALVINI<\/h3>\n<\/blockquote>\n<p>&nbsp;<\/p>\n<p>&nbsp;<\/p>\n<p>&nbsp;<\/p>\n<p><strong><a class=\"dt-pswp-item\" href=\"https:\/\/www.radiopiu.net\/wordpress\/wp-content\/uploads\/2023\/12\/Tessera-11-dicembre-scaled.jpg\" data-dt-img-description=\"\" data-large_image_width=\"2560\" data-large_image_height=\"1920\"><img loading=\"lazy\" decoding=\"async\" class=\" wp-image-365622 alignleft\" src=\"https:\/\/www.radiopiu.net\/wordpress\/wp-content\/uploads\/2023\/12\/Tessera-11-dicembre-300x225.jpg\" alt=\"\" width=\"208\" height=\"156\" srcset=\"https:\/\/www.radiopiu.net\/wordpress\/wp-content\/uploads\/2023\/12\/Tessera-11-dicembre-300x225.jpg 300w, https:\/\/www.radiopiu.net\/wordpress\/wp-content\/uploads\/2023\/12\/Tessera-11-dicembre-1024x768.jpg 1024w, https:\/\/www.radiopiu.net\/wordpress\/wp-content\/uploads\/2023\/12\/Tessera-11-dicembre-768x576.jpg 768w, https:\/\/www.radiopiu.net\/wordpress\/wp-content\/uploads\/2023\/12\/Tessera-11-dicembre-1536x1152.jpg 1536w, https:\/\/www.radiopiu.net\/wordpress\/wp-content\/uploads\/2023\/12\/Tessera-11-dicembre-2048x1536.jpg 2048w\" sizes=\"auto, (max-width: 208px) 100vw, 208px\" \/><\/a>BELLUNO <\/strong>Il presidente della Provincia di Belluno, Roberto Padrin, ha discusso con il ministro delle Infrastrutture e Trasporti, Matteo Salvini, riguardo alle varianti della Alemagna e alle criticit\u00e0 infrastrutturali bellunesi, in particolare la 203 Agordina. Il ministro Salvini ha confermato lo stanziamento per le varianti di Cortina e Longarone, assicurando una rapida programmazione per un incontro a Roma sulla questione infrastrutturale bellunese. Il presidente Padrin ha sollevato l&#8217;importanza della 203 Agordina e ha evidenziato i rallentamenti sulla Alemagna durante il ponte dell&#8217;Immacolata, sottolineando la necessit\u00e0 di completare le varianti per migliorare la viabilit\u00e0. Ha anche notato il positivo impatto turistico delle Dolomiti Bellunesi durante la stagione sciistica.<\/p>\n<p><strong>IL PRESIDENTE DELLA PROVINCIA DI BELLUNO ROBERTO PADRIN<\/strong><\/p>\n<audio class=\"wp-audio-shortcode\" id=\"audio-365517-3\" preload=\"none\" style=\"width: 100%;\" controls=\"controls\"><source type=\"audio\/mpeg\" src=\"https:\/\/www.radiopiu.net\/wordpress\/wp-content\/uploads\/2023\/12\/PADRIN-VIABILITA.mp3?_=3\" \/><a href=\"https:\/\/www.radiopiu.net\/wordpress\/wp-content\/uploads\/2023\/12\/PADRIN-VIABILITA.mp3\">https:\/\/www.radiopiu.net\/wordpress\/wp-content\/uploads\/2023\/12\/PADRIN-VIABILITA.mp3<\/a><\/audio>\n<p>&nbsp;<\/p>\n<p>&nbsp;<\/p>\n<blockquote>\n<h1>DILLO A RADIO PIU&#8217;&#8230; &#8220;PADRIN. SCUSI SE INSISTO, MA SE QUESTA E&#8217; LA TUTELA DELLE DOLOMITI&#8230;&#8221;<\/h1>\n<\/blockquote>\n<p><strong>Riceviamo e volentieri pubblichiamo\u00a0<\/strong><\/p>\n<p>&nbsp;<\/p>\n<p><img loading=\"lazy\" decoding=\"async\" class=\"alignleft\" src=\"https:\/\/www.radiopiu.net\/wordpress\/wp-content\/uploads\/2023\/06\/osservatorio_lusso_dolomiti.jpeg\" width=\"230\" height=\"153\" \/>Ho ascoltato con interesse la lettera del presidente Padrin in occasione della giornata nazionale della montagna. Un&#8217;ennesima relazione di buoni propositi, che lasciano il tempo che trovano! Mi chiedo quanto ancora i cittadini delle terre alte dovranno sopportare i tagli dei servizi pubblici, vedi DolomitiBus con le corse festive e non solo, chiusura dei plessi scolastici, imposizione di vincoli assurdi in materia urbanistica imposti dalla Regione Veneto, non per ultimo, la derivazione delle acque, gentilmente concesse a societ\u00e0 anche straniere, per realizzare le centraline idroelettriche. Quest&#8217;estate abbiamo assistito ancora alle assurde competizioni di prototipi provenienti da Germania e Austria che fanno i loro test di collaudo passando per i nostri paesi a folle velocit\u00e0 e sui passi dolomitici vedi Giau ecc., producendo inquinamento acustico a danno dei residenti dei turisti e dell&#8217;ecosistema. Scusate se insisto, ma \u00e8 questa la tutela delle Dolomiti PATRIMONIO dell&#8217;UNESCO??<\/p>\n<p><strong>Davide Colcuc <\/strong><br \/>\n<strong>Colle Santa Lucia<\/strong><\/p>\n<p>&nbsp;<\/p>\n<hr \/>\n<p>&nbsp;<\/p>\n<p>&nbsp;<\/p>\n<p>&nbsp;<\/p>\n<blockquote>\n<h2>VIABILITA&#8217; AGORDINA. LUCHETTA &#8220;NEL 2026 SARA&#8217; UN DISASTRO&#8221;<\/h2>\n<\/blockquote>\n<h1><em><strong>siamo tornati indietro di anni<\/strong><\/em><\/h1>\n<p><strong><img loading=\"lazy\" decoding=\"async\" class=\"alignleft\" src=\"https:\/\/www.radiopiu.net\/wordpress\/wp-content\/uploads\/2023\/12\/90022a34-f358-49b0-9c17-78d654b4df6d-1.jpg\" width=\"183\" height=\"103\" \/>REDAZIONE<\/strong><\/p>\n<p><strong>DI GIANNI SANTOMASO<\/strong><\/p>\n<audio class=\"wp-audio-shortcode\" id=\"audio-365517-4\" preload=\"none\" style=\"width: 100%;\" controls=\"controls\"><source type=\"audio\/mpeg\" src=\"https:\/\/www.radiopiu.net\/wordpress\/wp-content\/uploads\/2023\/12\/VIABILITA-AGORDINA-GIANNI.mp3?_=4\" \/><a href=\"https:\/\/www.radiopiu.net\/wordpress\/wp-content\/uploads\/2023\/12\/VIABILITA-AGORDINA-GIANNI.mp3\">https:\/\/www.radiopiu.net\/wordpress\/wp-content\/uploads\/2023\/12\/VIABILITA-AGORDINA-GIANNI.mp3<\/a><\/audio>\n<blockquote>\n<h3><\/h3>\n<hr \/>\n<h3><\/h3>\n<h3><a class=\"dt-pswp-item\" href=\"https:\/\/www.radiopiu.net\/wordpress\/wp-content\/uploads\/2018\/09\/matteo_salvini_2_lapresse_2017_thumb660x453.jpg\" data-dt-img-description=\"\" data-large_image_width=\"660\" data-large_image_height=\"453\">\u00a0<\/a><\/h3>\n<h3><a class=\"dt-pswp-item\" href=\"https:\/\/www.radiopiu.net\/wordpress\/wp-content\/uploads\/2018\/09\/matteo_salvini_2_lapresse_2017_thumb660x453.jpg\" data-dt-img-description=\"\" data-large_image_width=\"660\" data-large_image_height=\"453\"><img loading=\"lazy\" decoding=\"async\" class=\"wp-image-59366 alignleft\" src=\"https:\/\/www.radiopiu.net\/wordpress\/wp-content\/uploads\/2018\/09\/matteo_salvini_2_lapresse_2017_thumb660x453-300x206.jpg\" alt=\"\" width=\"141\" height=\"97\" srcset=\"https:\/\/www.radiopiu.net\/wordpress\/wp-content\/uploads\/2018\/09\/matteo_salvini_2_lapresse_2017_thumb660x453-300x206.jpg 300w, https:\/\/www.radiopiu.net\/wordpress\/wp-content\/uploads\/2018\/09\/matteo_salvini_2_lapresse_2017_thumb660x453.jpg 660w\" sizes=\"auto, (max-width: 141px) 100vw, 141px\" \/><\/a>IL SALVINI OLIMPICO\u00a0 &#8220;ASSICURO AI VENETI CHE NON CI SARANNO SCIPPI, IL BOB DEVE ESSERE A CORTINA<\/h3>\n<p>PER LE TRE RADIO, BARBARA PAOLAZZI<\/p><\/blockquote>\n<audio class=\"wp-audio-shortcode\" id=\"audio-365517-5\" preload=\"none\" style=\"width: 100%;\" controls=\"controls\"><source type=\"audio\/mpeg\" src=\"https:\/\/www.radiopiu.net\/wordpress\/wp-content\/uploads\/2023\/12\/BARBARA-SALVINI.mp3?_=5\" \/><a href=\"https:\/\/www.radiopiu.net\/wordpress\/wp-content\/uploads\/2023\/12\/BARBARA-SALVINI.mp3\">https:\/\/www.radiopiu.net\/wordpress\/wp-content\/uploads\/2023\/12\/BARBARA-SALVINI.mp3<\/a><\/audio>\n<p>&nbsp;<\/p>\n<p>&nbsp;<\/p>\n<hr \/>\n<p>&nbsp;<\/p>\n<blockquote>\n<h3>TAJANI DICE NO AL TERZO MANDATO, ZAIA RISPONDE<\/h3>\n<\/blockquote>\n<p><strong>REDAZIONE<\/strong> Il Ministro Tajani dice no al terzo mandato per sindaci e presidenti della regione. Le dichiarazioni di Luca Zaia, governatore del Veneto<\/p>\n<div style=\"width: 848px;\" class=\"wp-video\"><video class=\"wp-video-shortcode\" id=\"video-365517-1\" width=\"848\" height=\"480\" preload=\"metadata\" controls=\"controls\"><source type=\"video\/mp4\" src=\"https:\/\/www.radiopiu.net\/wordpress\/wp-content\/uploads\/2023\/12\/WhatsApp-Video-2023-12-11-at-16.25.37.mp4?_=1\" \/><a href=\"https:\/\/www.radiopiu.net\/wordpress\/wp-content\/uploads\/2023\/12\/WhatsApp-Video-2023-12-11-at-16.25.37.mp4\">https:\/\/www.radiopiu.net\/wordpress\/wp-content\/uploads\/2023\/12\/WhatsApp-Video-2023-12-11-at-16.25.37.mp4<\/a><\/video><\/div>\n<p>&nbsp;<\/p>\n<p>&nbsp;<\/p>\n<hr \/>\n<p>&nbsp;<\/p>\n<blockquote>\n<h3><\/h3>\n<h3>PISTA DA BOB A CORTINA: BERTON ELOGIA LE PAROLE DI SALVINI<\/h3>\n<\/blockquote>\n<p><strong><a class=\"dt-pswp-item\" href=\"https:\/\/www.radiopiu.net\/wordpress\/wp-content\/uploads\/2019\/10\/Lorraine_Berton-1.jpg\" data-dt-img-description=\"\" data-large_image_width=\"767\" data-large_image_height=\"768\"><img loading=\"lazy\" decoding=\"async\" class=\" wp-image-104180 alignleft\" src=\"https:\/\/www.radiopiu.net\/wordpress\/wp-content\/uploads\/2019\/10\/Lorraine_Berton-1-300x300.jpg\" alt=\"\" width=\"150\" height=\"150\" srcset=\"https:\/\/www.radiopiu.net\/wordpress\/wp-content\/uploads\/2019\/10\/Lorraine_Berton-1-300x300.jpg 300w, https:\/\/www.radiopiu.net\/wordpress\/wp-content\/uploads\/2019\/10\/Lorraine_Berton-1-150x150.jpg 150w, https:\/\/www.radiopiu.net\/wordpress\/wp-content\/uploads\/2019\/10\/Lorraine_Berton-1.jpg 767w\" sizes=\"auto, (max-width: 150px) 100vw, 150px\" \/><\/a>BELLUNO\u00a0<\/strong>Lorraine Berton, presidente di Confindustria Belluno Dolomiti, ha accolto positivamente le dichiarazioni del Ministro delle Infrastrutture, Matteo Salvini, riguardo alle Olimpiadi invernali del 2026. Berton ha dichiarato che le parole del Ministro rappresentano un punto di svolta e hanno sottolineato la necessit\u00e0 di accelerare per far sentire che il territorio crede pienamente nell&#8217;importanza delle Olimpiadi per lo sviluppo economico e l&#8217;opportunit\u00e0 di investimenti nelle regioni montane. Ha evidenziato l&#8217;importanza di navigare nella stessa direzione, coinvolgendo il governo, le istituzioni locali, la politica, le categorie economiche e la societ\u00e0 civile. Berton ha sottolineato che solo con Olimpiadi vere le regioni montane possono guardare al futuro con fiducia, puntando su nuovi investimenti e una programmazione seria. Ha anche evidenziato che la pista da bob a Cortina \u00e8 un investimento moltiplicatore di opportunit\u00e0 capace di innescare un circolo virtuoso.<\/p>\n<p>&nbsp;<\/p>\n<p>&nbsp;<\/p>\n<hr \/>\n<p>&nbsp;<\/p>\n<blockquote>\n<h3>CARABINIERI SULLE PISTE PER GARANTIRE LA SICUREZZA<\/h3>\n<\/blockquote>\n<p><strong>BELLUNO<\/strong> Con l&#8217;inizio della stagione sciistica, oltre 40 Carabinieri sono stati impiegati per i servizi di vigilanza e soccorso su diverse piste della provincia di Belluno. Fin dallo scorso fine settimana, sono intervenuti in oltre 35 casi per prestare soccorso, affrontando situazioni legate a imprudenze, eccessiva velocit\u00e0 e distrazioni. La vigilanza, sia sugli sci che sulle motoslitte, mira a prevenire comportamenti pericolosi. L&#8217;impegno dei Carabinieri sciatori sar\u00e0 costante nei vari comprensori bellunesi, assicurando una presenza attiva per garantire la sicurezza sulle piste. La vigilanza si estende anche alle strade principali che conducono ai comprensori sciistici, con controlli intensificati per prevenire incidenti e garantire la sicurezza stradale. L&#8217;obiettivo \u00e8 promuovere e far rispettare le norme di sicurezza, con un focus su elementi come l&#8217;utilizzo del caschetto, la velocit\u00e0 adeguata, il divieto di fuori pista, l&#8217;abbigliamento e le attrezzature adeguate, e il divieto di sciare sotto l&#8217;influenza di alcol o droghe. Nella scorsa stagione, i Carabinieri hanno svolto oltre 800 servizi di vigilanza e pi\u00f9 di 860 attivit\u00e0 di soccorso sulle piste. I controlli verranno mantenuti serrati anche lungo le arterie stradali principali per garantire una stagione sciistica sicura.<\/p>\n\n\t\t\t<style type='text\/css'>\n\t\t\t\t#gallery-1 {\n\t\t\t\t\tmargin: auto;\n\t\t\t\t}\n\t\t\t\t#gallery-1 .gallery-item {\n\t\t\t\t\tfloat: left;\n\t\t\t\t\tmargin-top: 10px;\n\t\t\t\t\ttext-align: center;\n\t\t\t\t\twidth: 50%;\n\t\t\t\t}\n\t\t\t\t#gallery-1 img {\n\t\t\t\t\tborder: 2px solid #cfcfcf;\n\t\t\t\t}\n\t\t\t\t#gallery-1 .gallery-caption {\n\t\t\t\t\tmargin-left: 0;\n\t\t\t\t}\n\t\t\t\t\/* see gallery_shortcode() in wp-includes\/media.php *\/\n\t\t\t<\/style>\n\t\t<div id='gallery-1' class='dt-gallery-container gallery galleryid-365517 gallery-columns-2 gallery-size-medium'><dl class='gallery-item'>\n\t\t\t\t<dt class='gallery-icon landscape'>\n\t\t\t\t\t<a class=\"rollover rollover-zoom dt-pswp-item\" title=\"3eaf3c50-e432-4efd-bc35-f69ce806976d\" data-dt-img-description=\"\" data-large_image_width=\"1024\" data-large_image_height=\"683\"href='https:\/\/www.radiopiu.net\/wordpress\/wp-content\/uploads\/2023\/12\/3eaf3c50-e432-4efd-bc35-f69ce806976d.jpg'><img loading=\"lazy\" decoding=\"async\" width=\"300\" height=\"200\" src=\"https:\/\/www.radiopiu.net\/wordpress\/wp-content\/uploads\/2023\/12\/3eaf3c50-e432-4efd-bc35-f69ce806976d-300x200.jpg\" class=\"attachment-medium size-medium\" alt=\"\" srcset=\"https:\/\/www.radiopiu.net\/wordpress\/wp-content\/uploads\/2023\/12\/3eaf3c50-e432-4efd-bc35-f69ce806976d-300x200.jpg 300w, https:\/\/www.radiopiu.net\/wordpress\/wp-content\/uploads\/2023\/12\/3eaf3c50-e432-4efd-bc35-f69ce806976d-768x512.jpg 768w, https:\/\/www.radiopiu.net\/wordpress\/wp-content\/uploads\/2023\/12\/3eaf3c50-e432-4efd-bc35-f69ce806976d.jpg 1024w\" sizes=\"auto, (max-width: 300px) 100vw, 300px\" \/><\/a>\n\t\t\t\t<\/dt><\/dl><dl class='gallery-item'>\n\t\t\t\t<dt class='gallery-icon landscape'>\n\t\t\t\t\t<a class=\"rollover rollover-zoom dt-pswp-item\" title=\"f9ba5a83-6f9b-4cbe-8e3d-74a30982b88e\" data-dt-img-description=\"\" data-large_image_width=\"1024\" data-large_image_height=\"683\"href='https:\/\/www.radiopiu.net\/wordpress\/wp-content\/uploads\/2023\/12\/f9ba5a83-6f9b-4cbe-8e3d-74a30982b88e.jpg'><img loading=\"lazy\" decoding=\"async\" width=\"300\" height=\"200\" src=\"https:\/\/www.radiopiu.net\/wordpress\/wp-content\/uploads\/2023\/12\/f9ba5a83-6f9b-4cbe-8e3d-74a30982b88e-300x200.jpg\" class=\"attachment-medium size-medium\" alt=\"\" srcset=\"https:\/\/www.radiopiu.net\/wordpress\/wp-content\/uploads\/2023\/12\/f9ba5a83-6f9b-4cbe-8e3d-74a30982b88e-300x200.jpg 300w, https:\/\/www.radiopiu.net\/wordpress\/wp-content\/uploads\/2023\/12\/f9ba5a83-6f9b-4cbe-8e3d-74a30982b88e-768x512.jpg 768w, https:\/\/www.radiopiu.net\/wordpress\/wp-content\/uploads\/2023\/12\/f9ba5a83-6f9b-4cbe-8e3d-74a30982b88e.jpg 1024w\" sizes=\"auto, (max-width: 300px) 100vw, 300px\" \/><\/a>\n\t\t\t\t<\/dt><\/dl><br style=\"clear: both\" \/>\n\t\t\t<\/div>\n\n<p>&nbsp;<\/p>\n<hr \/>\n<p>&nbsp;<\/p>\n<blockquote>\n<h3>***POSTE AD AGORDO, GRAVI CRITICITA&#8217; DI SICUREZZA, SCATTA LA DENUNCIA SINDACALE<\/h3>\n<\/blockquote>\n<p><img loading=\"lazy\" decoding=\"async\" class=\"alignleft\" src=\"https:\/\/www.radiopiu.net\/wordpress\/wp-content\/uploads\/2023\/11\/POSTE.png\" width=\"279\" height=\"145\" \/><strong>AGORDO<\/strong> Il comunicato sindacale del 29\/11\/23, relativo al PDD di Agordo (a firma di Gianluca Franceschilli e Luca Bof della Slc Cgil), evidenzia gravi criticit\u00e0 di sicurezza riscontrate durante un sopralluogo sindacale. Le preoccupazioni principali riguardano la presenza e la gestione di una grande quantit\u00e0 di pacchi nell&#8217;area di lavoro dei portalettere, il potenziale ostruzione delle vie di fuga a causa di spazi ristretti e pacchi voluminosi, specialmente quelli di Amazon, e la mancanza di attenzione alle pulizie ordinarie. Il documento sottolinea la responsabilit\u00e0 del datore di lavoro, dei dirigenti delegati e dei preposti, in particolare del Dirigente Delegato e dei Responsabili della RAM 3 di Belluno e del Caposquadra. La mancata adesione alle normative di sicurezza pu\u00f2 comportare sanzioni amministrative e, in casi estremi, responsabilit\u00e0 penali per i preposti. Il sindacato esprime preoccupazione per l&#8217;assenza di riscontri immediati e sollecita il PDD di Agordo a risolvere prontamente le criticit\u00e0 segnalate. In caso di mancata risposta, la questione sar\u00e0 portata alle autorit\u00e0 competenti. La sicurezza e il benessere dei lavoratori sono considerati prioritari, e il sindacato attender\u00e0 riscontri ufficiali entro brevi termini.<\/p>\n<p>&nbsp;<\/p>\n<a href=\"https:\/\/www.radiopiu.net\/wordpress\/wp-content\/uploads\/2023\/11\/comuniciato-cgil-soprallugo-29-11-Agordo-pdf.pdf\" class=\"pdfemb-viewer\" style=\"\" data-width=\"max\" data-height=\"max\" data-toolbar=\"top\" data-toolbar-fixed=\"on\">comuniciato cgil soprallugo 29-11 Agordo pdf<\/a>\n<p>&nbsp;<\/p>\n<p>&nbsp;<\/p>\n<hr \/>\n<p>&nbsp;<\/p>\n<blockquote>\n<h3>STRADA SILVOPASTORALE IN ALPAGO. ZANONI (PD) NON CI STA<\/h3>\n<\/blockquote>\n<p><strong><a class=\"dt-pswp-item\" href=\"https:\/\/www.radiopiu.net\/wordpress\/wp-content\/uploads\/2019\/01\/zanoni-1.jpg\" data-dt-img-description=\"\" data-large_image_width=\"306\" data-large_image_height=\"165\"><img loading=\"lazy\" decoding=\"async\" class=\" wp-image-74906 alignleft\" src=\"https:\/\/www.radiopiu.net\/wordpress\/wp-content\/uploads\/2019\/01\/zanoni-1-300x162.jpg\" alt=\"\" width=\"193\" height=\"104\" srcset=\"https:\/\/www.radiopiu.net\/wordpress\/wp-content\/uploads\/2019\/01\/zanoni-1-300x162.jpg 300w, https:\/\/www.radiopiu.net\/wordpress\/wp-content\/uploads\/2019\/01\/zanoni-1.jpg 306w\" sizes=\"auto, (max-width: 193px) 100vw, 193px\" \/><\/a>VENEZIA <\/strong>&#8220;La realizzazione di questa arteria, pensata come &#8216;nuova viabilit\u00e0 forestale per recupero schianti&#8217; contiene numerose anomalie, riscontrate attraverso una serie di accessi agli atti. Il rischio di un grave attacco al patrimonio inestimabile rappresentato dal bosco del Cansiglio \u00e8 concreto. Questo con pesanti danni dietro i quali si nascondono operazioni che conducono a nuovi sfruttamenti di legname&#8221;. La presa di posizione \u00e8 del consigliere regionale del PD Veneto, Andrea Zanoni, che ha presentato un&#8217;interrogazione, sottoscritta dai colleghi Bigon (PD), Guarda (EV), Lorenzoni (Misto) Ostanel (Vcv) e Baldin (M5S), in merito al progetto di realizzazione di una nuova strada silvopastorale in localit\u00e0 Lama del Porzel, in Comune di Alpago (BL).<\/p>\n<p>&nbsp;<\/p>\n<p>&nbsp;<\/p>\n<hr \/>\n<p>&nbsp;<\/p>\n<blockquote>\n<h3>AL VIA LA CAMPAGNA \u201cBASTA BOTTI\u201d<\/h3>\n<\/blockquote>\n<p><strong>BELLUNO<\/strong> Dopo l\u2019approvazione, per la prima volta nella storia del Consiglio comunale di Belluno, di un ordine del giorno per sensibilizzare la popolazione sulla pericolosit\u00e0 di fuochi d\u2019artificio e \u201cbotti\u201d, l\u2019Amministrazione passa all\u2019azione. Il documento \u00e8 stato presentato in sede di Consiglio dal gruppo \u201cBelluno al Centro\u201d ottenendo il sostegno trasversale di maggioranza e minoranza rispetto ad un approccio rivolto all\u2019educazione piuttosto che all\u2019emanazione di un\u2019ordinanza di difficile applicazione. Da qui prende il via l\u2019iniziativa \u201cBasta botti\u201d che si concretizzer\u00e0 nei prossimi giorni con una campagna informativa fatta di affissioni in luoghi pubblici e pubblicazioni nel sito istituzionale del Comune, oltre che con proposte laboratoriali rivolte alle scuole elementari e medie della citt\u00e0.<\/p>\n<p><strong>IL SINDACO DI BELLUNO OSCAR DE PELLEGRIN<\/strong><\/p>\n<p><iframe loading=\"lazy\" title=\"DE PELLEGRIN BOTTI CAPODANNO\" width=\"1200\" height=\"675\" src=\"https:\/\/www.youtube.com\/embed\/h_5QcqbLQYo?feature=oembed\" frameborder=\"0\" allow=\"accelerometer; autoplay; clipboard-write; encrypted-media; gyroscope; picture-in-picture; web-share\" allowfullscreen><\/iframe><\/p>\n<p>&nbsp;<\/p>\n<p><strong>IL CONSIGLIERE COMUNALE LORENZO BORTOLUZZI<\/strong><\/p>\n<p><iframe loading=\"lazy\" title=\"LORENZO BORTOLUZZI BOTTI CAPODANNO\" width=\"1200\" height=\"675\" src=\"https:\/\/www.youtube.com\/embed\/s2r0Wsfsj9o?feature=oembed\" frameborder=\"0\" allow=\"accelerometer; autoplay; clipboard-write; encrypted-media; gyroscope; picture-in-picture; web-share\" allowfullscreen><\/iframe><\/p>\n<p>&nbsp;<\/p>\n<hr \/>\n<p>&nbsp;<\/p>\n<blockquote>\n<h3><a class=\"dt-pswp-item\" href=\"https:\/\/www.radiopiu.net\/wordpress\/wp-content\/uploads\/2023\/12\/Neve_2022.jpeg\" data-dt-img-description=\"\" data-large_image_width=\"1200\" data-large_image_height=\"1600\"><img loading=\"lazy\" decoding=\"async\" class=\" wp-image-365605 alignleft\" src=\"https:\/\/www.radiopiu.net\/wordpress\/wp-content\/uploads\/2023\/12\/Neve_2022-225x300.jpeg\" alt=\"\" width=\"161\" height=\"215\" srcset=\"https:\/\/www.radiopiu.net\/wordpress\/wp-content\/uploads\/2023\/12\/Neve_2022-225x300.jpeg 225w, https:\/\/www.radiopiu.net\/wordpress\/wp-content\/uploads\/2023\/12\/Neve_2022-768x1024.jpeg 768w, https:\/\/www.radiopiu.net\/wordpress\/wp-content\/uploads\/2023\/12\/Neve_2022-1152x1536.jpeg 1152w, https:\/\/www.radiopiu.net\/wordpress\/wp-content\/uploads\/2023\/12\/Neve_2022.jpeg 1200w\" sizes=\"auto, (max-width: 161px) 100vw, 161px\" \/><\/a>COLLAUDATO IL PIANO NEVE A BORGO VALBELLUNA<\/h3>\n<\/blockquote>\n<p><strong>BORGO VALBELLUNA<\/strong> L&#8217;amministrazione comunale ha collaudato il &#8220;Piano Neve&#8221;, coinvolgendo una trentina di macchine per la rimozione della neve e lo spargimento del sale. L&#8217;intervento coinvolge 20 contratti con ditte private, che entrano in azione durante le nevicate. La squadra comunale, con quattro mezzi speciali per la pulizia delle strade e altrettanti per le salature quotidiane, si unisce agli operatori privati. Il Comune di Borgo Valbelluna gestisce oltre 250 chilometri di strade che collegano il capoluogo alle 50 frazioni. Ogni anno, il Comune stanzia circa 150.000 euro per lo sgombero neve e la manutenzione invernale. L&#8217;assessore alle manutenzioni, Simone Deola, ringrazia le ditte private e gli operai per il loro impegno e sottolinea l&#8217;importanza dell&#8217;atteggiamento prudente dei cittadini per garantire la sicurezza sulla strada.<\/p>\n<p>&nbsp;<\/p>\n<p>&nbsp;<\/p>\n<hr \/>\n<p>&nbsp;<\/p>\n<blockquote>\n<h3>DAL MAGRO ESPRIME PREOCCUPAZIONE PER L&#8217;ACQUISIZIONE DI DOLOMITI AMBIENTE DA PARTE DI BIM GSP<\/h3>\n<\/blockquote>\n<p><strong>BORGO VALBELLUNA<\/strong> Il Consigliere Comunale Dario Dal Magro esprime preoccupazione riguardo all&#8217;opportunit\u00e0 che Bim GSP acquisisca Dolomiti Ambiente (Maserot). Egli sottolinea l&#8217;importanza di concentrarsi sulla riduzione dei costi della tariffa dei rifiuti solidi urbani, specialmente attraverso la diminuzione dei volumi di raccolta dell&#8217;umido. L&#8217;autore evidenzia la possibilit\u00e0 di utilizzare compostatori per gestire l&#8217;umido in modo pi\u00f9 sostenibile e meno costoso. Inoltre, solleva interrogativi sulla situazione finanziaria di Dolomiti Ambiente, citando perdite accumulate e costi elevati nel trattamento dell&#8217;umido rispetto al mercato. Infine, suggerisce che Bim GSP dovrebbe concentrarsi sul suo core business, come il recupero delle perdite d&#8217;acqua e il rifacimento delle reti acquedottistiche, mentre le societ\u00e0 di raccolta rifiuti dovrebbero ottimizzare i costi attraverso nuove tecnologie. Dal Magro ritiene che la liquidazione della Dolomiti Ambiente sia inevitabile, ma suggerisce di farlo con attenzione verso i dipendenti, sperando che possano trovare collocazione nella nuova holding delle societ\u00e0 di raccolta rifiuti.<\/p>\n<p>&nbsp;<\/p>\n<hr \/>\n<p>&nbsp;<\/p>\n<p>&nbsp;<\/p>\n<blockquote>\n<h3>IL CAI DI AGORDO CERCA UN NUOVO GESTORE PER IL RIFUGIO SCARPA-GUREKIAN<\/h3>\n<\/blockquote>\n<p><strong><a class=\"dt-pswp-item\" href=\"https:\/\/www.radiopiu.net\/wordpress\/wp-content\/uploads\/2020\/04\/cai-agordo.jpg\" data-dt-img-description=\"\" data-large_image_width=\"297\" data-large_image_height=\"170\"><img loading=\"lazy\" decoding=\"async\" class=\" wp-image-127841 alignleft\" src=\"https:\/\/www.radiopiu.net\/wordpress\/wp-content\/uploads\/2020\/04\/cai-agordo.jpg\" alt=\"\" width=\"187\" height=\"107\" \/><\/a>AGORDO <\/strong>Il Cai di Agordo sta cercando il nuovo gestore per il Rifugio Scarpa-Gurekian, poich\u00e9 quello attuale ha rescisso anticipatamente il contratto. Il Consiglio Direttivo \u00e8 attivo nella ricerca di un sostituto per la prossima stagione estiva, esprimendo gratitudine al gestore uscente per il suo contributo alla promozione turistica e alpinistica dell&#8217;area dell&#8217;Agn\u00e8r.<\/p>\n<p>&nbsp;<\/p>\n<p>&nbsp;<\/p>\n<hr \/>\n<p>&nbsp;<\/p>\n<blockquote>\n<h3>SONIA ANDRICH VOLONTARIA A LA PAZ IN BOLIVIA, PROMUOVE UNA RACCOLTA FONDI<\/h3>\n<\/blockquote>\n<p><strong>DI LUISA MANFROI<\/strong><\/p>\n<p><strong>VALLADA <\/strong>Sonia Andrich di Vallada, attualmente in servizio civile in Bolivia, dopo l\u2019esperienza dell\u2019anno scorso in Ecuador, \u00e8 una delle volontarie\u00a0 che operano a La Paz (Bolivia), in un progetto che sostiene a livello educativo e sociale i bambini e le bambine del quartiere svantaggiato di Pampahasi. Sonia\u00a0 ha avviato una raccolta fondi per aiutare a portare avanti il progetto e a mantenere aperta la mensa popolare rivolta ai bambini del\u00a0 Centro con la Fondazione boliviana Paulo Freire. Lo scopo \u00e8 quello di mantenere aperta la mensa popolare che garantisce ogni giorno un pasto caldo ai bambini seguiti. Il ricavato della raccolta sar\u00e0 utilizzato per permettere ai bimbi delle famiglie che non hanno risorse economiche sufficienti, di partecipare alle attivit\u00e0 della struttura e di usufruire del servizio mensa giornaliero. Qualsiasi contributo sar\u00e0 prezioso per il progetto ma soprattutto per i piccoli ospiti. La Fondazione boliviana Paulo Freire sostiene diverse proposte di natura sociale e collabora, con l\u2019invio di volontari, all\u2019interno del progetto \u201cNi\u00f1as y Ni\u00f1os, mi voz cuenta\u201d nella sede CEDIN II di Pampahasi, il quartiere di La Paz dove vivono famiglie in condizione di marginalit\u00e0 economica e sociale.\u00a0 Oltre al sostegno scolastico, le educatrici e gli educatori organizzano attivit\u00e0 ricreative, artistiche, linguistiche, mirate allo sviluppo personale dei minori. Viene dato particolare sostegno a bambini con disturbi dell\u2019apprendimento specifici e con situazioni famigliari complicate che nel Centro trovano uno spazio di ascolto, crescita e sostegno sociale ed economico molto importante. L\u2019attivit\u00e0 educativa \u00e8 improntata anche allo sviluppo di una coscienza ecologica e al rispetto dell\u2019ambiente grazie all\u2019attuazione di un laboratorio con l\u2019orto urbano di quartiere e la preparazione di pranzi e merende salutari. Le finalit\u00e0 sono esplicitate nel video <a href=\"https:\/\/youtu.be\/NdftMphVa_M\">https:\/\/youtu.be\/NdftMphVa_M<\/a>. Le donazioni\u00a0 possono essere effettuate sulla piattaforma Gofundme.com raggiungibile all\u2019indirizzo. <a href=\"https:\/\/gf.me\/u\/5arqap\">https:\/\/gf.me\/u\/5arqap<\/a><\/p>\n\n\t\t\t<style type='text\/css'>\n\t\t\t\t#gallery-2 {\n\t\t\t\t\tmargin: auto;\n\t\t\t\t}\n\t\t\t\t#gallery-2 .gallery-item {\n\t\t\t\t\tfloat: left;\n\t\t\t\t\tmargin-top: 10px;\n\t\t\t\t\ttext-align: center;\n\t\t\t\t\twidth: 33%;\n\t\t\t\t}\n\t\t\t\t#gallery-2 img {\n\t\t\t\t\tborder: 2px solid #cfcfcf;\n\t\t\t\t}\n\t\t\t\t#gallery-2 .gallery-caption {\n\t\t\t\t\tmargin-left: 0;\n\t\t\t\t}\n\t\t\t\t\/* see gallery_shortcode() in wp-includes\/media.php *\/\n\t\t\t<\/style>\n\t\t<div id='gallery-2' class='dt-gallery-container gallery galleryid-365517 gallery-columns-3 gallery-size-thumbnail'><dl class='gallery-item'>\n\t\t\t\t<dt class='gallery-icon landscape'>\n\t\t\t\t\t<a class=\"rollover rollover-zoom dt-pswp-item\" title=\"2 Bambini del Centro a La Paz\" data-dt-img-description=\"\" data-large_image_width=\"1280\" data-large_image_height=\"960\"href='https:\/\/www.radiopiu.net\/wordpress\/wp-content\/uploads\/2023\/12\/2-Bambini-del-Centro-a-La-Paz.jpg'><img loading=\"lazy\" decoding=\"async\" width=\"150\" height=\"150\" src=\"https:\/\/www.radiopiu.net\/wordpress\/wp-content\/uploads\/2023\/12\/2-Bambini-del-Centro-a-La-Paz-150x150.jpg\" class=\"attachment-thumbnail size-thumbnail\" alt=\"\" \/><\/a>\n\t\t\t\t<\/dt><\/dl><dl class='gallery-item'>\n\t\t\t\t<dt class='gallery-icon landscape'>\n\t\t\t\t\t<a class=\"rollover rollover-zoom dt-pswp-item\" title=\"1 Bambini del Centro a La Paz\" data-dt-img-description=\"\" data-large_image_width=\"1280\" data-large_image_height=\"960\"href='https:\/\/www.radiopiu.net\/wordpress\/wp-content\/uploads\/2023\/12\/1-Bambini-del-Centro-a-La-Paz.jpg'><img loading=\"lazy\" decoding=\"async\" width=\"150\" height=\"150\" src=\"https:\/\/www.radiopiu.net\/wordpress\/wp-content\/uploads\/2023\/12\/1-Bambini-del-Centro-a-La-Paz-150x150.jpg\" class=\"attachment-thumbnail size-thumbnail\" alt=\"\" \/><\/a>\n\t\t\t\t<\/dt><\/dl><dl class='gallery-item'>\n\t\t\t\t<dt class='gallery-icon landscape'>\n\t\t\t\t\t<a class=\"rollover rollover-zoom dt-pswp-item\" title=\"3 Bambini del Centro a La Paz\" data-dt-img-description=\"\" data-large_image_width=\"1280\" data-large_image_height=\"960\"href='https:\/\/www.radiopiu.net\/wordpress\/wp-content\/uploads\/2023\/12\/3-Bambini-del-Centro-a-La-Paz.jpg'><img loading=\"lazy\" decoding=\"async\" width=\"150\" height=\"150\" src=\"https:\/\/www.radiopiu.net\/wordpress\/wp-content\/uploads\/2023\/12\/3-Bambini-del-Centro-a-La-Paz-150x150.jpg\" class=\"attachment-thumbnail size-thumbnail\" alt=\"\" \/><\/a>\n\t\t\t\t<\/dt><\/dl><br style=\"clear: both\" \/>\n\t\t\t<\/div>\n\n<p>&nbsp;<\/p>\n<hr \/>\n<p>&nbsp;<\/p>\n<blockquote>\n<h3>CORTINA IN UNA TELA DI DE PISIS? NO, SI TRATTA DI SIUSI ALLO SCILIAR (BZ)<\/h3>\n<\/blockquote>\n<p><strong>DI GIORGIO FONTANIVE<\/strong><\/p>\n<p>Come gi\u00e0 ampiamente divulgato, il palazzo delle Contesse di Mel ospita la mostra \u201c<em>Riflessioni d\u2019acqua, impressioni di roccia &#8211; tre secoli di pittura \u2019700 \u2019800 \u2019900<\/em>\u201d; la rassegna \u00e8 stata organizzata dall\u2019associazione Artdolomites Aps: inaugurata il 21 ottobre e rester\u00e0 visitabile fino al 21 gennaio 2024. Merita la visita. Interessante la scelta degli autori presenti, frutto di una ricerca mirata e ricca di opere di pregio &#8211; eccellente ad esempio la serie veneziana del Guardi &#8211; con una netta prevalenza dei riflessi d\u2019acqua, anche se le rocce con Ciardi, Music Zoran, Seffer, Luigi Cima col suo lungo panorama sulla Piave, De Pisis, offrono forti motivi d\u2019attrazione e di sosta. In verit\u00e0, l\u2019opera di quest\u2019ultimo artista ha richiamato anche la mia attenzione: in particolare sulla collocazione geografica del soggetto indicato come Cortina. In verit\u00e0, da buon conoscitore delle Dolomiti e dei centri abitati del territorio non mi \u00e8 stato difficile individuare il preciso paese raffigurato da Filippo che &#8211; anche se il pittore non era estraneo al centro turistico ampezzano &#8211; girava sovente tra Belluno ed Alto Adige. Cos\u00ec posso dire con assoluta certezza che la tela del De Pisis raffigura quel bellissimo paese in provincia di Bolzano che \u00e8 Siusi allo Sciliar &#8211; <em>Seis am Schlern<\/em> con il campanile dalla svettante guglia sconosciuto a Cortina; la chiesa \u00e8 dedicata a Maria Ausiliatrice ed \u00e8 meta di pellegrinaggi anche se non \u00e8 pi\u00f9 riferimento parrocchiale. Sullo sfondo \u00e8 lo Sciliar &#8211; in particolare la Punta Santner &#8211; montagna spesso scelta come soggetto altoatesino ma non vista di fronte come in questo caso, ma pi\u00f9 spesso di profilo. Alla luce di queste note, la dicitura della tela di Filippo De Pisis dovr\u00e0 essere aggiornata per dare a Siusi quel che \u00e8 di Siusi: per correttezza nei confronti degli organizzatori, devo segnalare che la trascrizione data probabilmente di vari decenni per un vecchio errore di catalogazione che ora sar\u00e0 modificato. Sen\u00f2 cosa dir\u00e0 qualche altoatesino in visita?<\/p>\n\n\t\t\t<style type='text\/css'>\n\t\t\t\t#gallery-3 {\n\t\t\t\t\tmargin: auto;\n\t\t\t\t}\n\t\t\t\t#gallery-3 .gallery-item {\n\t\t\t\t\tfloat: left;\n\t\t\t\t\tmargin-top: 10px;\n\t\t\t\t\ttext-align: center;\n\t\t\t\t\twidth: 33%;\n\t\t\t\t}\n\t\t\t\t#gallery-3 img {\n\t\t\t\t\tborder: 2px solid #cfcfcf;\n\t\t\t\t}\n\t\t\t\t#gallery-3 .gallery-caption {\n\t\t\t\t\tmargin-left: 0;\n\t\t\t\t}\n\t\t\t\t\/* see gallery_shortcode() in wp-includes\/media.php *\/\n\t\t\t<\/style>\n\t\t<div id='gallery-3' class='dt-gallery-container gallery galleryid-365517 gallery-columns-3 gallery-size-thumbnail'><dl class='gallery-item'>\n\t\t\t\t<dt class='gallery-icon portrait'>\n\t\t\t\t\t<a class=\"rollover rollover-zoom dt-pswp-item\" title=\"Siusi allo Sciliar (1)\" data-dt-img-description=\"\" data-large_image_width=\"1097\" data-large_image_height=\"1461\"href='https:\/\/www.radiopiu.net\/wordpress\/wp-content\/uploads\/2023\/12\/Siusi-allo-Sciliar-1.jpg'><img loading=\"lazy\" decoding=\"async\" width=\"150\" height=\"150\" src=\"https:\/\/www.radiopiu.net\/wordpress\/wp-content\/uploads\/2023\/12\/Siusi-allo-Sciliar-1-150x150.jpg\" class=\"attachment-thumbnail size-thumbnail\" alt=\"\" aria-describedby=\"gallery-3-365593\" \/><\/a>\n\t\t\t\t<\/dt>\n\t\t\t\t\t<dd class='wp-caption-text gallery-caption' id='gallery-3-365593'>\n\t\t\t\t\tLa tela di Filippo De Pisis esposta a Mel con la dicitura Cortina\n\t\t\t\t\t<\/dd><\/dl><dl class='gallery-item'>\n\t\t\t\t<dt class='gallery-icon portrait'>\n\t\t\t\t\t<a class=\"rollover rollover-zoom dt-pswp-item\" title=\"Seis am Schlern di Ho\u0308ger (2)\" data-dt-img-description=\"\" data-large_image_width=\"377\" data-large_image_height=\"587\"href='https:\/\/www.radiopiu.net\/wordpress\/wp-content\/uploads\/2023\/12\/Seis-am-Schlern-di-Hoger-2.jpg'><img loading=\"lazy\" decoding=\"async\" width=\"150\" height=\"150\" src=\"https:\/\/www.radiopiu.net\/wordpress\/wp-content\/uploads\/2023\/12\/Seis-am-Schlern-di-Hoger-2-150x150.jpg\" class=\"attachment-thumbnail size-thumbnail\" alt=\"\" aria-describedby=\"gallery-3-365592\" \/><\/a>\n\t\t\t\t<\/dt>\n\t\t\t\t\t<dd class='wp-caption-text gallery-caption' id='gallery-3-365592'>\n\t\t\t\t\tSiusi in un dipinto di R.A.H\u00f6ger (circa 1910)\n\t\t\t\t\t<\/dd><\/dl><dl class='gallery-item'>\n\t\t\t\t<dt class='gallery-icon landscape'>\n\t\t\t\t\t<a class=\"rollover rollover-zoom dt-pswp-item\" title=\"Cartolina di Siusi e Punta Santner (3)\" data-dt-img-description=\"\" data-large_image_width=\"733\" data-large_image_height=\"644\"href='https:\/\/www.radiopiu.net\/wordpress\/wp-content\/uploads\/2023\/12\/Cartolina-di-Siusi-e-Punta-Santner-3.jpg'><img loading=\"lazy\" decoding=\"async\" width=\"150\" height=\"150\" src=\"https:\/\/www.radiopiu.net\/wordpress\/wp-content\/uploads\/2023\/12\/Cartolina-di-Siusi-e-Punta-Santner-3-150x150.jpg\" class=\"attachment-thumbnail size-thumbnail\" alt=\"\" aria-describedby=\"gallery-3-365591\" \/><\/a>\n\t\t\t\t<\/dt>\n\t\t\t\t\t<dd class='wp-caption-text gallery-caption' id='gallery-3-365591'>\n\t\t\t\t\tCartolina di qualche anno fa\n\t\t\t\t\t<\/dd><\/dl><br style=\"clear: both\" \/>\n\t\t\t<\/div>\n\n<p>&nbsp;<\/p>\n<hr \/>\n<p>&nbsp;<\/p>\n<blockquote>\n<h3>ANCHE A LISTOLADE E&#8217; ARRIVATO SAN NICOLO&#8217;<\/h3>\n<\/blockquote>\n<p><strong><a class=\"dt-pswp-item\" href=\"https:\/\/www.radiopiu.net\/wordpress\/wp-content\/uploads\/2023\/12\/7d1dd9bc-81df-482e-9277-383691236179.jpg\" data-dt-img-description=\"\" data-large_image_width=\"1600\" data-large_image_height=\"1204\"><img loading=\"lazy\" decoding=\"async\" class=\" wp-image-365642 alignleft\" src=\"https:\/\/www.radiopiu.net\/wordpress\/wp-content\/uploads\/2023\/12\/7d1dd9bc-81df-482e-9277-383691236179-300x226.jpg\" alt=\"\" width=\"155\" height=\"117\" srcset=\"https:\/\/www.radiopiu.net\/wordpress\/wp-content\/uploads\/2023\/12\/7d1dd9bc-81df-482e-9277-383691236179-300x226.jpg 300w, https:\/\/www.radiopiu.net\/wordpress\/wp-content\/uploads\/2023\/12\/7d1dd9bc-81df-482e-9277-383691236179-1024x771.jpg 1024w, https:\/\/www.radiopiu.net\/wordpress\/wp-content\/uploads\/2023\/12\/7d1dd9bc-81df-482e-9277-383691236179-768x578.jpg 768w, https:\/\/www.radiopiu.net\/wordpress\/wp-content\/uploads\/2023\/12\/7d1dd9bc-81df-482e-9277-383691236179-1536x1156.jpg 1536w, https:\/\/www.radiopiu.net\/wordpress\/wp-content\/uploads\/2023\/12\/7d1dd9bc-81df-482e-9277-383691236179.jpg 1600w\" sizes=\"auto, (max-width: 155px) 100vw, 155px\" \/><\/a>TAIBON<\/strong> Anche a Listolade \u00e8 arrivato San Nicol\u00f2. Erano una quarantina i bambini e bambine che lo hanno aspettato e accolto con un bel applauso. A tutti ha donato una confezione di colori con la gomma e un &#8220;santino&#8221; di legno raffigurante il santo. Dopo un caldo the e brule accompagnati da una fetta di panettone e pandoro i piccoli hanno ringraziato San Nicol\u00f2 che di fretta ha lasciato il parco giochi delle scole vece per andare in un altro paese a consegnare altri doni ad altri bambini e bambine. Gli Amighi di Listolade promotori della bella iniziativa ringraziano quanti hanno collaborato all&#8217;organizzazione dell&#8217;evento.<\/p>\n<p>&nbsp;<\/p>\n<hr \/>\n<p>&nbsp;<\/p>\n<p>&nbsp;<\/p>\n<blockquote>\n<h3>PERCORSO TRA I PRESEPE AL PERON DI SEDICO<\/h3>\n\n\t\t\t<style type='text\/css'>\n\t\t\t\t#gallery-4 {\n\t\t\t\t\tmargin: auto;\n\t\t\t\t}\n\t\t\t\t#gallery-4 .gallery-item {\n\t\t\t\t\tfloat: left;\n\t\t\t\t\tmargin-top: 10px;\n\t\t\t\t\ttext-align: center;\n\t\t\t\t\twidth: 33%;\n\t\t\t\t}\n\t\t\t\t#gallery-4 img {\n\t\t\t\t\tborder: 2px solid #cfcfcf;\n\t\t\t\t}\n\t\t\t\t#gallery-4 .gallery-caption {\n\t\t\t\t\tmargin-left: 0;\n\t\t\t\t}\n\t\t\t\t\/* see gallery_shortcode() in wp-includes\/media.php *\/\n\t\t\t<\/style>\n\t\t<div id='gallery-4' class='dt-gallery-container gallery galleryid-365517 gallery-columns-3 gallery-size-thumbnail'><dl class='gallery-item'>\n\t\t\t\t<dt class='gallery-icon landscape'>\n\t\t\t\t\t<a class=\"rollover rollover-zoom dt-pswp-item\" title=\"403410602_704970974947317_5993383289862820605_n\" data-dt-img-description=\"\" data-large_image_width=\"458\" data-large_image_height=\"206\"href='https:\/\/www.radiopiu.net\/wordpress\/wp-content\/uploads\/2023\/12\/403410602_704970974947317_5993383289862820605_n.jpg'><img loading=\"lazy\" decoding=\"async\" width=\"150\" height=\"150\" src=\"https:\/\/www.radiopiu.net\/wordpress\/wp-content\/uploads\/2023\/12\/403410602_704970974947317_5993383289862820605_n-150x150.jpg\" class=\"attachment-thumbnail size-thumbnail\" alt=\"\" \/><\/a>\n\t\t\t\t<\/dt><\/dl><dl class='gallery-item'>\n\t\t\t\t<dt class='gallery-icon landscape'>\n\t\t\t\t\t<a class=\"rollover rollover-zoom dt-pswp-item\" title=\"393209763_1623423918190340_5170330885784685607_n\" data-dt-img-description=\"\" data-large_image_width=\"458\" data-large_image_height=\"206\"href='https:\/\/www.radiopiu.net\/wordpress\/wp-content\/uploads\/2023\/12\/393209763_1623423918190340_5170330885784685607_n.jpg'><img loading=\"lazy\" decoding=\"async\" width=\"150\" height=\"150\" src=\"https:\/\/www.radiopiu.net\/wordpress\/wp-content\/uploads\/2023\/12\/393209763_1623423918190340_5170330885784685607_n-150x150.jpg\" class=\"attachment-thumbnail size-thumbnail\" alt=\"\" \/><\/a>\n\t\t\t\t<\/dt><\/dl><dl class='gallery-item'>\n\t\t\t\t<dt class='gallery-icon landscape'>\n\t\t\t\t\t<a class=\"rollover rollover-zoom dt-pswp-item\" title=\"393182123_323597703801111_5435981935876277884_n\" data-dt-img-description=\"\" data-large_image_width=\"458\" data-large_image_height=\"206\"href='https:\/\/www.radiopiu.net\/wordpress\/wp-content\/uploads\/2023\/12\/393182123_323597703801111_5435981935876277884_n.jpg'><img loading=\"lazy\" decoding=\"async\" width=\"150\" height=\"150\" src=\"https:\/\/www.radiopiu.net\/wordpress\/wp-content\/uploads\/2023\/12\/393182123_323597703801111_5435981935876277884_n-150x150.jpg\" class=\"attachment-thumbnail size-thumbnail\" alt=\"\" \/><\/a>\n\t\t\t\t<\/dt><\/dl><br style=\"clear: both\" \/>\n\t\t\t<\/div>\n\n<h3><\/h3>\n<\/blockquote>\n<p>&nbsp;<\/p>\n<hr \/>\n<p>&nbsp;<\/p>\n<blockquote>\n<h3>ALLEGHE: LA GIOIA DI UNA PIAZZA DI NUOVO IN FESTA<\/h3>\n<\/blockquote>\n<p><strong>di Giada Da Tos, Pro Loco di Alleghe\u00a0<\/strong><\/p>\n<p>AUDIO ALLA RADIO<\/p>\n<audio class=\"wp-audio-shortcode\" id=\"audio-365517-6\" preload=\"none\" style=\"width: 100%;\" controls=\"controls\"><source type=\"audio\/mpeg\" src=\"https:\/\/www.radiopiu.net\/wordpress\/wp-content\/uploads\/2023\/12\/GIADA-DA-TOS.mp3?_=6\" \/><a href=\"https:\/\/www.radiopiu.net\/wordpress\/wp-content\/uploads\/2023\/12\/GIADA-DA-TOS.mp3\">https:\/\/www.radiopiu.net\/wordpress\/wp-content\/uploads\/2023\/12\/GIADA-DA-TOS.mp3<\/a><\/audio>\n<p>&nbsp;<\/p>\n<p>Lo scorso venerd\u00ec 8 dicembre ad Alleghe si sono svolti non uno ma ben due eventi organizzati dalla Pro Loco: il primo a carattere culturale ed il secondo invece ha visto l\u2019arrivo di Babbo Natale e l\u2019accensione dell\u2019albero di Natale in piazza al paese. Il minimo comun denominatore di entrambi gli eventi \u00e8 stata la gioia delle persone che ne hanno preso parte. Nel pomeriggio si \u00e8 tenuta l\u2019inaugurazione del percorso poetico dedicato ad Afra Riccitiello, poetessa alleghese che per il paese amava non solo scrivere ma anche organizzare eventi e momenti di condivisione nel suo bel centro. Afra credeva che i giovani fossero il fulcro vitale del paese e li stimolava a cercare nuovi modi per mantenere accesa la curiosit\u00e0, la fantasia e la passione che avrebbero permesso ad Alleghe di rimanere un paese gioioso e bello da vivere e visitare. Durante l\u2019inaugurazione sono stati svelati i pannelli installati nel lungo lago del paese, i cui leggii sono stati generosamente offerti da Officina Meccanica ValFassa, con le poesie che Afra Riccitiello ha scritto su Alleghe. Al termine dell\u2019inaugurazione, ci si \u00e8 ritrovati tutti assieme in pizza ad Alleghe dove i bambini, circa un centinaio, hanno potuto scrivere la letterina dei desideri ed hanno ricevuto un piccolo dono da Babbo Natale. Ad accompagnare questo bel momento, DJ set con DJ Jack, t\u00e8 e vin brul\u00e8, ma anche biscotti e grafogn fatti a mano da molti compaesani. Il programma della serata prevedeva poi l\u2019accensione dell\u2019albero di Natale e musica live con la talentuosa Jessica Lena, cantante agordina. Ma non \u00e8 stata l\u2019accensione dell\u2019albero di Natale ad illuminare il centro del nostro bel paese, bens\u00ec i volti sorridenti di grandi e piccini che hanno riempito la piazza.<br \/>\nE chi ci avrebbe creduto alla vigilia dell\u2019evento che la piazza di Alleghe si sarebbe finalmente riempita di tanta gente come non capitava pi\u00f9 da anni? I presupposti c\u2019erano, ma qui ad Alleghe non non ci eravamo pi\u00f9 abituati. Vedere paesani e turisti, adulti e bambini, condividere la gioia del Natale \u00e8 stato un momento a dir poco emozionante. Proprio per questo la soddisfazione \u00e8 stata ancora pi\u00f9 grande e ci da la forza per continuare ad impegnarci ed a credere nel potenziale, spesso inespresso, del nostro paese. Un doveroso ringraziamento va a tutti i volontari, ai nostri sostenitori che in vari modi hanno contribuito alla buona riuscita dell\u2019evento, al Comune di Alleghe ed alla famiglia di Afra che ha creduto nei giovani della Pro Loco ed ha appoggiato il loro progetto.<\/p>\n\n\t\t\t<style type='text\/css'>\n\t\t\t\t#gallery-5 {\n\t\t\t\t\tmargin: auto;\n\t\t\t\t}\n\t\t\t\t#gallery-5 .gallery-item {\n\t\t\t\t\tfloat: left;\n\t\t\t\t\tmargin-top: 10px;\n\t\t\t\t\ttext-align: center;\n\t\t\t\t\twidth: 25%;\n\t\t\t\t}\n\t\t\t\t#gallery-5 img {\n\t\t\t\t\tborder: 2px solid #cfcfcf;\n\t\t\t\t}\n\t\t\t\t#gallery-5 .gallery-caption {\n\t\t\t\t\tmargin-left: 0;\n\t\t\t\t}\n\t\t\t\t\/* see gallery_shortcode() in wp-includes\/media.php *\/\n\t\t\t<\/style>\n\t\t<div id='gallery-5' class='dt-gallery-container gallery galleryid-365517 gallery-columns-4 gallery-size-thumbnail'><dl class='gallery-item'>\n\t\t\t\t<dt class='gallery-icon portrait'>\n\t\t\t\t\t<a class=\"rollover rollover-zoom dt-pswp-item\" title=\"9e12f4a3-b3f4-4226-8055-4eb6c1309c85\" data-dt-img-description=\"\" data-large_image_width=\"768\" data-large_image_height=\"1024\"href='https:\/\/www.radiopiu.net\/wordpress\/wp-content\/uploads\/2023\/12\/9e12f4a3-b3f4-4226-8055-4eb6c1309c85.jpg'><img loading=\"lazy\" decoding=\"async\" width=\"150\" height=\"150\" src=\"https:\/\/www.radiopiu.net\/wordpress\/wp-content\/uploads\/2023\/12\/9e12f4a3-b3f4-4226-8055-4eb6c1309c85-150x150.jpg\" class=\"attachment-thumbnail size-thumbnail\" alt=\"\" \/><\/a>\n\t\t\t\t<\/dt><\/dl><dl class='gallery-item'>\n\t\t\t\t<dt class='gallery-icon landscape'>\n\t\t\t\t\t<a class=\"rollover rollover-zoom dt-pswp-item\" title=\"db8b1260-0faa-43bd-88bb-23f312d68feb\" data-dt-img-description=\"\" data-large_image_width=\"1024\" data-large_image_height=\"471\"href='https:\/\/www.radiopiu.net\/wordpress\/wp-content\/uploads\/2023\/12\/db8b1260-0faa-43bd-88bb-23f312d68feb.jpg'><img loading=\"lazy\" decoding=\"async\" width=\"150\" height=\"150\" src=\"https:\/\/www.radiopiu.net\/wordpress\/wp-content\/uploads\/2023\/12\/db8b1260-0faa-43bd-88bb-23f312d68feb-150x150.jpg\" class=\"attachment-thumbnail size-thumbnail\" alt=\"\" \/><\/a>\n\t\t\t\t<\/dt><\/dl><dl class='gallery-item'>\n\t\t\t\t<dt class='gallery-icon landscape'>\n\t\t\t\t\t<a class=\"rollover rollover-zoom dt-pswp-item\" title=\"82aa659e-7146-4825-833e-403b77dd8d64\" data-dt-img-description=\"\" data-large_image_width=\"1024\" data-large_image_height=\"471\"href='https:\/\/www.radiopiu.net\/wordpress\/wp-content\/uploads\/2023\/12\/82aa659e-7146-4825-833e-403b77dd8d64.jpg'><img loading=\"lazy\" decoding=\"async\" width=\"150\" height=\"150\" src=\"https:\/\/www.radiopiu.net\/wordpress\/wp-content\/uploads\/2023\/12\/82aa659e-7146-4825-833e-403b77dd8d64-150x150.jpg\" class=\"attachment-thumbnail size-thumbnail\" alt=\"\" \/><\/a>\n\t\t\t\t<\/dt><\/dl><dl class='gallery-item'>\n\t\t\t\t<dt class='gallery-icon landscape'>\n\t\t\t\t\t<a class=\"rollover rollover-zoom dt-pswp-item\" title=\"9ac5f2ea-4e1a-40cc-bfd2-c02f22025e3f\" data-dt-img-description=\"\" data-large_image_width=\"1024\" data-large_image_height=\"683\"href='https:\/\/www.radiopiu.net\/wordpress\/wp-content\/uploads\/2023\/12\/9ac5f2ea-4e1a-40cc-bfd2-c02f22025e3f.jpg'><img loading=\"lazy\" decoding=\"async\" width=\"150\" height=\"150\" src=\"https:\/\/www.radiopiu.net\/wordpress\/wp-content\/uploads\/2023\/12\/9ac5f2ea-4e1a-40cc-bfd2-c02f22025e3f-150x150.jpg\" class=\"attachment-thumbnail size-thumbnail\" alt=\"\" \/><\/a>\n\t\t\t\t<\/dt><\/dl><br style=\"clear: both\" \/><dl class='gallery-item'>\n\t\t\t\t<dt class='gallery-icon landscape'>\n\t\t\t\t\t<a class=\"rollover rollover-zoom dt-pswp-item\" title=\"f1997471-d03f-4331-9196-52b4b8e6f741\" data-dt-img-description=\"\" data-large_image_width=\"1024\" data-large_image_height=\"683\"href='https:\/\/www.radiopiu.net\/wordpress\/wp-content\/uploads\/2023\/12\/f1997471-d03f-4331-9196-52b4b8e6f741.jpg'><img loading=\"lazy\" decoding=\"async\" width=\"150\" height=\"150\" src=\"https:\/\/www.radiopiu.net\/wordpress\/wp-content\/uploads\/2023\/12\/f1997471-d03f-4331-9196-52b4b8e6f741-150x150.jpg\" class=\"attachment-thumbnail size-thumbnail\" alt=\"\" \/><\/a>\n\t\t\t\t<\/dt><\/dl><dl class='gallery-item'>\n\t\t\t\t<dt class='gallery-icon landscape'>\n\t\t\t\t\t<a class=\"rollover rollover-zoom dt-pswp-item\" title=\"c55f23fe-c639-4386-b284-cc5ca6394b30\" data-dt-img-description=\"\" data-large_image_width=\"1024\" data-large_image_height=\"683\"href='https:\/\/www.radiopiu.net\/wordpress\/wp-content\/uploads\/2023\/12\/c55f23fe-c639-4386-b284-cc5ca6394b30.jpg'><img loading=\"lazy\" decoding=\"async\" width=\"150\" height=\"150\" src=\"https:\/\/www.radiopiu.net\/wordpress\/wp-content\/uploads\/2023\/12\/c55f23fe-c639-4386-b284-cc5ca6394b30-150x150.jpg\" class=\"attachment-thumbnail size-thumbnail\" alt=\"\" \/><\/a>\n\t\t\t\t<\/dt><\/dl><dl class='gallery-item'>\n\t\t\t\t<dt class='gallery-icon portrait'>\n\t\t\t\t\t<a class=\"rollover rollover-zoom dt-pswp-item\" title=\"f24c87c5-8490-4e9e-8f4d-87b7c8926e5f\" data-dt-img-description=\"\" data-large_image_width=\"682\" data-large_image_height=\"1024\"href='https:\/\/www.radiopiu.net\/wordpress\/wp-content\/uploads\/2023\/12\/f24c87c5-8490-4e9e-8f4d-87b7c8926e5f.jpg'><img loading=\"lazy\" decoding=\"async\" width=\"150\" height=\"150\" src=\"https:\/\/www.radiopiu.net\/wordpress\/wp-content\/uploads\/2023\/12\/f24c87c5-8490-4e9e-8f4d-87b7c8926e5f-150x150.jpg\" class=\"attachment-thumbnail size-thumbnail\" alt=\"\" \/><\/a>\n\t\t\t\t<\/dt><\/dl>\n\t\t\t\t<br style='clear: both' \/>\n\t\t\t<\/div>\n\n<p>&nbsp;<\/p>\n<hr \/>\n<p>&nbsp;<\/p>\n<blockquote>\n<h3>NASCE LA NUOVA UNION LADINA AGORDIN SOTCIUSA<\/h3>\n<\/blockquote>\n<p><strong><a class=\"dt-pswp-item\" href=\"https:\/\/www.radiopiu.net\/wordpress\/wp-content\/uploads\/2023\/12\/Union-Ladina-Agordin-Sotciusa.png\" data-dt-img-description=\"\" data-large_image_width=\"1700\" data-large_image_height=\"952\"><img loading=\"lazy\" decoding=\"async\" class=\"size-medium wp-image-365424 alignleft\" src=\"https:\/\/www.radiopiu.net\/wordpress\/wp-content\/uploads\/2023\/12\/Union-Ladina-Agordin-Sotciusa-300x168.png\" alt=\"\" width=\"300\" height=\"168\" srcset=\"https:\/\/www.radiopiu.net\/wordpress\/wp-content\/uploads\/2023\/12\/Union-Ladina-Agordin-Sotciusa-300x168.png 300w, https:\/\/www.radiopiu.net\/wordpress\/wp-content\/uploads\/2023\/12\/Union-Ladina-Agordin-Sotciusa-1024x573.png 1024w, https:\/\/www.radiopiu.net\/wordpress\/wp-content\/uploads\/2023\/12\/Union-Ladina-Agordin-Sotciusa-768x430.png 768w, https:\/\/www.radiopiu.net\/wordpress\/wp-content\/uploads\/2023\/12\/Union-Ladina-Agordin-Sotciusa-1536x860.png 1536w, https:\/\/www.radiopiu.net\/wordpress\/wp-content\/uploads\/2023\/12\/Union-Ladina-Agordin-Sotciusa.png 1700w\" sizes=\"auto, (max-width: 300px) 100vw, 300px\" \/><\/a>REDAZIONE<\/strong> L&#8217;unione fa la forza e lo dimostrano i ragazzi della nuova &#8220;Uniona Ladina Agordin Sotciusa\u201d. Un gruppo nuovo che raggruppa Gosaldo, Voltago ed Agordo.<\/p>\n<p>&nbsp;<\/p>\n<p>&nbsp;<\/p>\n<p>&nbsp;<\/p>\n<p>&nbsp;<\/p>\n<hr \/>\n<p>&nbsp;<\/p>\n<blockquote>\n<h3>TORNA INTEGRALMENTE SPORT &amp; CULTURA<\/h3>\n<\/blockquote>\n<p><strong><a class=\"dt-pswp-item\" href=\"https:\/\/www.radiopiu.net\/wordpress\/wp-content\/uploads\/2023\/07\/ASSI-ONLUS.jpg\" data-dt-img-description=\"\" data-large_image_width=\"225\" data-large_image_height=\"224\"><img loading=\"lazy\" decoding=\"async\" class=\" wp-image-342992 alignleft\" src=\"https:\/\/www.radiopiu.net\/wordpress\/wp-content\/uploads\/2023\/07\/ASSI-ONLUS.jpg\" alt=\"\" width=\"140\" height=\"139\" srcset=\"https:\/\/www.radiopiu.net\/wordpress\/wp-content\/uploads\/2023\/07\/ASSI-ONLUS.jpg 225w, https:\/\/www.radiopiu.net\/wordpress\/wp-content\/uploads\/2023\/07\/ASSI-ONLUS-150x150.jpg 150w\" sizes=\"auto, (max-width: 140px) 100vw, 140px\" \/><\/a>SEDICO<\/strong> La decima edizione di Integralmente Sport &amp; Cultura, promossa da ASSI Associazione Sociale Sportiva Invalidi, torna con un&#8217;edizione rinnovata in preparazione alle Olimpiadi e Paralimpiadi del 2026. Il progetto coinvolge istituti scolastici della provincia di Belluno, offrendo incontri con atleti paralimpici e non, testimonial di Fondazione Cortina. Oltre 63 classi delle scuole medie hanno aderito, coinvolgendo oltre 1100 studenti, con nuove opportunit\u00e0 come vivere l&#8217;esperienza dello sci paralimpico e partecipare come spettatori alle gare di Coppa del Mondo di Sci Paralimpico a Cortina. Per le scuole superiori, \u00e8 previsto un evento il 12 dicembre al Teatro Comunale di Belluno, &#8220;Sport per la Vita: valori in azione&#8221;, con testimonianze di giovani atleti. L&#8217;iniziativa ha il supporto di Fondazione Cortina, Fondazione De Rigo H.E.ART Onlus e FISI Veneto.<\/p>\n<p>&nbsp;<\/p>\n<p>&nbsp;<\/p>\n<hr \/>\n<p>&nbsp;<\/p>\n<blockquote>\n<h3>GIOVANI&amp;FUTURO AL TEATRO DI BELLUNO<\/h3>\n<\/blockquote>\n<p><strong><a class=\"dt-pswp-item\" href=\"https:\/\/www.radiopiu.net\/wordpress\/wp-content\/uploads\/2023\/12\/SCR-20231211-mvpu.png\" data-dt-img-description=\"\" data-large_image_width=\"756\" data-large_image_height=\"424\"><img loading=\"lazy\" decoding=\"async\" class=\" wp-image-365611 alignleft\" src=\"https:\/\/www.radiopiu.net\/wordpress\/wp-content\/uploads\/2023\/12\/SCR-20231211-mvpu-300x168.png\" alt=\"\" width=\"200\" height=\"112\" srcset=\"https:\/\/www.radiopiu.net\/wordpress\/wp-content\/uploads\/2023\/12\/SCR-20231211-mvpu-300x168.png 300w, https:\/\/www.radiopiu.net\/wordpress\/wp-content\/uploads\/2023\/12\/SCR-20231211-mvpu.png 756w\" sizes=\"auto, (max-width: 200px) 100vw, 200px\" \/><\/a>BELLUNO<\/strong> Il Presidente Nazionale di Giovani&amp;Futuro, Luca Frescura, ha annunciato che il Presidente della Repubblica, Sergio Mattarella, ha espresso il suo apprezzamento per l&#8217;evento &#8220;Scriviamo insieme il futuro! &#8211; Conferenza dei giovani bellunesi&#8221;. L&#8217;evento si terr\u00e0 il 16 dicembre al Teatro Buzzati di Belluno, dove i giovani della provincia saranno protagonisti e relatori, portando le proprie voci e le realt\u00e0 che rappresentano. Emerger\u00e0 un Manifesto con i sogni, le istanze e le proposte dei giovani, che sar\u00e0 consegnato alle massime autorit\u00e0 nazionali e sovranazionali. Nonostante la partecipazione del Presidente Mattarella non sia possibile, la risposta dal Quirinale ha espresso apprezzamento per l&#8217;impegno a favore delle nuove generazioni nella provincia di Belluno. Il Presidente Frescura \u00e8 grato e emozionato, affermando che questo sostegno d\u00e0 loro la forza di continuare il loro impegno a favore della comunit\u00e0. Invita la partecipazione numerosa all&#8217;evento, dove si affronteranno i problemi della provincia e si presenteranno proposte per migliorare la situazione.<\/p>\n<p>&nbsp;<\/p>\n<p>&nbsp;<\/p>\n<hr \/>\n<p>&nbsp;<\/p>\n<blockquote>\n<h3>INCONTRO CON L&#8217;AUTORE AL CATULLO DI BELLUNO<\/h3>\n<\/blockquote>\n<p><strong>BELLUNO <\/strong>Sabato, dalle 10.30 alle 12.30, gli alunni delle classi 3BS, 3BG, 4AS, 4AC dell\u2019Istituto Catullo parteciperanno ad un incontro con lo scrittore Antonio G. Bortoluzzi, presso l\u2019Aula Magna del Seminario. L\u2019autore presenter\u00e0 il suo ultimo romanzo, <em>Il Saldatore del Vajont<\/em> (Marsilio 2023), che in questi mesi gli alunni hanno letto e analizzato in classe con i rispettivi docenti di lettere. Ci sar\u00e0 quindi spazio per il dibattito e il confronto, grazie anche agli interventi che ogni classe ha predisposto.<\/p>\n<p>&nbsp;<\/p>\n<p>&nbsp;<\/p>\n<hr \/>\n<p>&nbsp;<\/p>\n<blockquote>\n<h3>RACCONTARE L&#8217;EMIGRAZIONE VENETA. SABATO LE PREMIAZIONI<\/h3>\n<\/blockquote>\n<p><strong>BELLUNO<\/strong> Sabato 16 dicembre verr\u00e0 annunciato il vincitore della seconda edizione del concorso letterario &#8220;Raccontare l&#8217;emigrazione veneta&#8221;, organizzato dall&#8217;Associazione Bellunesi nel Mondo. Il concorso ha visto la partecipazione di 47 scrittori provenienti dall&#8217;Italia e dall&#8217;estero, con racconti inediti e originali sulla tematica dell&#8217;emigrazione dal Veneto, sia storica che attuale. La giuria ha selezionato dieci finalisti, i cui lavori verranno classificati dal decimo al primo posto durante la cerimonia di premiazione. I primi tre classificati riceveranno premi in denaro, con 200 euro per il terzo posto, 300 euro per il secondo e 500 euro per il primo. Durante l&#8217;evento, sar\u00e0 presentato anche il libro &#8220;Bellunesi nel mondo&#8221; contenente i racconti finalisti. La cerimonia, aperta al pubblico, avr\u00e0 luogo alle 16:00 presso la sede dell&#8217;Associazione Bellunesi nel Mondo.<\/p>\n<p>&nbsp;<\/p>\n<hr \/>\n<p>&nbsp;<\/p>\n<blockquote>\n<h2>Snow Mike: Microfoni sulla Neve, Giornalisti e Campioni Olimpici sulle Piste di Falcade<\/h2>\n<\/blockquote>\n<p><strong><a class=\"dt-pswp-item\" href=\"https:\/\/www.radiopiu.net\/wordpress\/wp-content\/uploads\/2023\/12\/Senza-nome-31.png\" data-dt-img-description=\"\" data-large_image_width=\"300\" data-large_image_height=\"211\"><img loading=\"lazy\" decoding=\"async\" class=\" wp-image-365106 alignleft\" src=\"https:\/\/www.radiopiu.net\/wordpress\/wp-content\/uploads\/2023\/12\/Senza-nome-31.png\" alt=\"\" width=\"293\" height=\"206\" \/><\/a>FALCADE<\/strong> Oggi si terr\u00e0 la seconda edizione di &#8220;Snow Mike: Microfoni sulla Neve&#8221; a Falcade e nella Ski Area San Pellegrino, un evento che vede otto telecronisti sportivi unirsi a noti campioni come Alessandro Ballan, Paolo Bettini e Jury Chechi per una giornata unica nelle Dolomiti. Giornalisti e sportivi si sfideranno in una gara di slalom gigante nel rinomato comprensorio sciistico, godendo delle spettacolari vette dichiarate Patrimonio UNESCO. Nel pomeriggio, presso il Palafalcade, incontreranno i giovani atleti dello Ski College Veneto, del Liceo Scientifico di Agordo e dello Sci Club Val Biois. Parteciperanno anche Ludovica Cividini di Infront, Valentina Graziosi di Sport Italia, Riccardo Magrini di Eurosport, Alessandro Fabretti di Rai Sport e i giornalisti di Sky Sport Carlo Vanzini, Davide Camicioli, Mauro Sanchini e Giovanni Bruno. L&#8217;evento \u00e8 gratuito e aperto a tutti, organizzato da PromoFalcade Dolomiti e dalla Ski Area San Pellegrino nell&#8217;ambito del progetto FCC &#8220;Vivere le Dolomiti &#8211; Attuazione piano di marketing territoriale&#8221; della provincia di Belluno.<\/p>\n<p>RENZO MINELLA<\/p>\n<audio class=\"wp-audio-shortcode\" id=\"audio-365517-7\" preload=\"none\" style=\"width: 100%;\" controls=\"controls\"><source type=\"audio\/mpeg\" src=\"https:\/\/www.radiopiu.net\/wordpress\/wp-content\/uploads\/2023\/12\/RENZO-UFFICIALE.mp3?_=7\" \/><a href=\"https:\/\/www.radiopiu.net\/wordpress\/wp-content\/uploads\/2023\/12\/RENZO-UFFICIALE.mp3\">https:\/\/www.radiopiu.net\/wordpress\/wp-content\/uploads\/2023\/12\/RENZO-UFFICIALE.mp3<\/a><\/audio>\n<p>&nbsp;<\/p>\n<p>&nbsp;<\/p>\n<hr \/>\n<p>&nbsp;<\/p>\n<h2><span style=\"color: #ff6600;\">IERI ALLA RADIO<\/span><\/h2>\n<h2><span style=\"color: #ff0000;\">OGGI COME IERI di e con SILVIA BALDO<\/span><\/h2>\n<p><img decoding=\"async\" class=\"aligncenter\" src=\"https:\/\/www.radiopiu.net\/wordpress\/wp-content\/uploads\/2023\/09\/309000774_10222572118595513_7956305457803922499_n.jpg\" \/><\/p>\n<p>&nbsp;<\/p>\n<p><strong>PUNTATA 11 DICEMBRE 2023<\/strong><\/p>\n<audio class=\"wp-audio-shortcode\" id=\"audio-365517-8\" preload=\"none\" style=\"width: 100%;\" controls=\"controls\"><source type=\"audio\/mpeg\" src=\"https:\/\/www.radiopiu.net\/wordpress\/wp-content\/uploads\/2023\/12\/SIBI-1.mp3?_=8\" \/><a href=\"https:\/\/www.radiopiu.net\/wordpress\/wp-content\/uploads\/2023\/12\/SIBI-1.mp3\">https:\/\/www.radiopiu.net\/wordpress\/wp-content\/uploads\/2023\/12\/SIBI-1.mp3<\/a><\/audio>\n<p>&nbsp;<\/p>\n<h2><span style=\"color: #808000;\">PERITI MINERARI DALL\u2019AGORDINO AL MONDO<\/span><\/h2>\n<p><strong>REDAZIONE<\/strong> Continua la serie di racconti con i periti minerari agordini. Questa settimana tocca a Luca Chizzali. I racconti dei periti minerari agordini che hanno lavorato nel mondo, ogni luned\u00ec alle 10:30 e alle 19 su Radio Pi\u00f9.<\/p>\n<p><iframe loading=\"lazy\" title=\"LUCA CHIZZALI\" width=\"1200\" height=\"675\" src=\"https:\/\/www.youtube.com\/embed\/Mr3a2iH1wqU?feature=oembed\" frameborder=\"0\" allow=\"accelerometer; autoplay; clipboard-write; encrypted-media; gyroscope; picture-in-picture; web-share\" allowfullscreen><\/iframe><\/p>\n<p>&nbsp;<\/p>\n<p><strong>LA RACCOLTA COMPLETA <a href=\"https:\/\/www.radiopiu.net\/wordpress\/periti-minerari-dallagordino-al-mondo\/\">CLICCA QUI<\/a><\/strong><\/p>\n<p>&nbsp;<\/p>\n<h2><span style=\"color: #3366ff;\">SALUTE E SOCIETA&#8217;<\/span><\/h2>\n<p><a class=\"dt-pswp-item\" href=\"https:\/\/www.radiopiu.net\/wordpress\/wp-content\/uploads\/2023\/12\/937d1aef-00ab-62bf-f006-0d9725215733.jpg\" data-dt-img-description=\"Pensive woman with leukemia looking somewhere without hope\" data-large_image_width=\"800\" data-large_image_height=\"445\"><img loading=\"lazy\" decoding=\"async\" class=\"wp-image-365566 alignleft\" src=\"https:\/\/www.radiopiu.net\/wordpress\/wp-content\/uploads\/2023\/12\/937d1aef-00ab-62bf-f006-0d9725215733-300x167.jpg\" alt=\"\" width=\"190\" height=\"106\" srcset=\"https:\/\/www.radiopiu.net\/wordpress\/wp-content\/uploads\/2023\/12\/937d1aef-00ab-62bf-f006-0d9725215733-300x167.jpg 300w, https:\/\/www.radiopiu.net\/wordpress\/wp-content\/uploads\/2023\/12\/937d1aef-00ab-62bf-f006-0d9725215733-768x427.jpg 768w, https:\/\/www.radiopiu.net\/wordpress\/wp-content\/uploads\/2023\/12\/937d1aef-00ab-62bf-f006-0d9725215733.jpg 800w\" sizes=\"auto, (max-width: 190px) 100vw, 190px\" \/><\/a><strong>PUNTATA DEL 11 DICEMBRE 2023<\/strong><\/p>\n<p><strong>Leucemia linfatica cronica<\/strong>, una nuova possibilit\u00e0 terapeutica per i pazienti \u00e8 costituita da zanubrutinib, un inibitore di nuova generazione della tirosino-chinasi di Bruton. <strong>Epatite virale C <\/strong>Per una corretta gestione delle persone con epatite virale C sono state strutturate delle reti e dei link di collegamento tra la medicina generale e gli specialisti.<\/p>\n<audio class=\"wp-audio-shortcode\" id=\"audio-365517-9\" preload=\"none\" style=\"width: 100%;\" controls=\"controls\"><source type=\"audio\/mpeg\" src=\"https:\/\/www.radiopiu.net\/wordpress\/wp-content\/uploads\/2023\/12\/SALUTE.mp3?_=9\" \/><a href=\"https:\/\/www.radiopiu.net\/wordpress\/wp-content\/uploads\/2023\/12\/SALUTE.mp3\">https:\/\/www.radiopiu.net\/wordpress\/wp-content\/uploads\/2023\/12\/SALUTE.mp3<\/a><\/audio>\n<p>&nbsp;<\/p>\n<h2><span style=\"color: #008080;\">I RACCONTI DI PAOLO SOPPELSA<\/span><\/h2>\n<p><strong>GIORNI D&#8217;INVERNO<\/strong><\/p>\n<p><strong>AUDIO<\/strong><\/p>\n<audio class=\"wp-audio-shortcode\" id=\"audio-365517-10\" preload=\"none\" style=\"width: 100%;\" controls=\"controls\"><source type=\"audio\/mpeg\" src=\"https:\/\/www.radiopiu.net\/wordpress\/wp-content\/uploads\/2023\/12\/PAOLOS-1.mp3?_=10\" \/><a href=\"https:\/\/www.radiopiu.net\/wordpress\/wp-content\/uploads\/2023\/12\/PAOLOS-1.mp3\">https:\/\/www.radiopiu.net\/wordpress\/wp-content\/uploads\/2023\/12\/PAOLOS-1.mp3<\/a><\/audio>\n<p>&nbsp;<\/p>\n<p><a class=\"dt-pswp-item\" href=\"https:\/\/www.radiopiu.net\/wordpress\/wp-content\/uploads\/2023\/12\/c130263c-5c3e-47a2-8517-471272c830b4.jpg\" data-dt-img-description=\"\" data-large_image_width=\"1600\" data-large_image_height=\"1200\"><img loading=\"lazy\" decoding=\"async\" class=\" wp-image-365350 alignleft\" src=\"https:\/\/www.radiopiu.net\/wordpress\/wp-content\/uploads\/2023\/12\/c130263c-5c3e-47a2-8517-471272c830b4-300x225.jpg\" alt=\"\" width=\"191\" height=\"143\" srcset=\"https:\/\/www.radiopiu.net\/wordpress\/wp-content\/uploads\/2023\/12\/c130263c-5c3e-47a2-8517-471272c830b4-300x225.jpg 300w, https:\/\/www.radiopiu.net\/wordpress\/wp-content\/uploads\/2023\/12\/c130263c-5c3e-47a2-8517-471272c830b4-1024x768.jpg 1024w, https:\/\/www.radiopiu.net\/wordpress\/wp-content\/uploads\/2023\/12\/c130263c-5c3e-47a2-8517-471272c830b4-768x576.jpg 768w, https:\/\/www.radiopiu.net\/wordpress\/wp-content\/uploads\/2023\/12\/c130263c-5c3e-47a2-8517-471272c830b4-1536x1152.jpg 1536w, https:\/\/www.radiopiu.net\/wordpress\/wp-content\/uploads\/2023\/12\/c130263c-5c3e-47a2-8517-471272c830b4.jpg 1600w\" sizes=\"auto, (max-width: 191px) 100vw, 191px\" \/><\/a>Che cosa poteva esserci di cos\u00ec affascinante in quel vivere scarno ed essenziale di montagna; come poteva essere che ad un bambino di quasi citt\u00e0 potessero piacere quei profondi silenzi delle sere di quasi inverno vissute di fronte al Pelsa. S\u00ec, c&#8217;erano gli affetti lass\u00f9, c&#8217;erano le storie di fatiche e sacrifici, una casa e un tabi\u00e0 tirati s\u00f9 a mano, c&#8217;era il campo che riposava sotto la prima neve e le cataste di legna coperte dai teli di nylon. Ma non c&#8217;era solamente tutto ci\u00f2, c&#8217;era anche qualcosa di immateriale, che non si poteva toccare con le mani, un qualcosa che accarezzava l&#8217;anima e rendeva sereni durante quei tramonti d&#8217;inizio dicembre. Mentre la luce del giorno scemava e il freddo della sera iniziava a mordere, l&#8217;animo diventava limpido come quel cielo stellato nel quale la luna passeggiava tranquilla sfiorando le cime cariche di neve nuova. In quegli attimi non vi era alcun desiderio di essere altrove; l\u00ec volevi essere, ad ascoltare il canto dell&#8217;acqua della fontana, a vivere un&#8217;altra notte in compagnia del ticchettio dell&#8217;orologio a pendolo e del calore del fornel che pian piano andava sfumando. Volevi essere l\u00ec, ad ascoltare quel muovere dei cerchi della cucina economica mentre fuori era ancora buio solenne, a bere quell&#8217;uovo ancora caldo e quel mezzo litro di latte di vacca appena munto, e a ritrovarti al mattino sotto ad una coperta in pi\u00f9. Erano i giorni pi\u00f9 brevi dell&#8217;anno, quelli che si trascinavano lentamente verso il Natale ormai vicino e l&#8217;arrivo delle sere precoci era un evento che mi coglieva sempre di sorpresa. Perso nei miei giochi in mezzo alla prima neve di Colzares\u00e8 non mi accorgevo del finire del giorno. Di colpo spariva la luce di quel pallido sole di un fine autunno che era gi\u00e0 inverno e il freddo aumentava di minuto in minuto, oltrepassando il maglione di lana, la dolcevita e la calzamaglia. La neve iniziava a ghiacciare mentre la parete del Pelsa entrava nel regno delle ombre. Le dita intirizzite chiudevano la giacca a vento nera mentre i camini iniziavano a fumare decisi e le fioche lampadine iniziavano ad illuminare le finestre delle case vicine, abitate da persone che parlavano poco e cenavano presto. Erano momenti pregni di una dolce malinconia; fissavo la luce della casa di Col\u00e0z dall\u2019altra parte della valle e ascoltavo il silenzio di quegli attimi poco prima di entrare in casa. Mi accoglievano luci stanche di lampadine da 30 watt, profumo di minestra e qualche voce proveniente dalla TV in bianco e nero. Era ormai buio, e i vetri della finestra della cucina riflettevano occhi che cercavano un segno nella notte appena nata. Scrutavo l&#8217;oscurit\u00e0 e pensavo alla piccola citt\u00e0 che mi appariva infinitamente lontana. In quel freddo buio apparivano i condomini le auto e i semafori, la mia casa la mia famiglia e i miei giochi. Poi quei dolci pensieri svanivano lasciando il posto al tepore del fornel. C\u2019erano attimi di velata malinconia in quelle corte giornate di inizio inverno, ma erano attimi brevi: imparavo la vita e si incarnava nell&#8217;anima la montagna con i suoi silenzi che oggi cerco e trovo. Il resto erano giochi nella neve e notti sul fornel, accompagnato dal perenne ticchettio della pendola e dal ronzio intermittente del congelatore situato in cantina. Ricordi ormai lontani, che riaffiorano ogni anno nelle fredde sere di quasi Natale, attimi vissuti, che le montagne, ogni volta che ritorno al paese, mi fanno rivivere. Ritornano visi e voci e inverni lontani, ritornano i ricordi che abitano nel cuore.<\/p>\n<p>&nbsp;<\/p>\n<hr \/>\n<p>&nbsp;<\/p>\n<div class=\"page-title-head hgroup\">\n<blockquote>\n<h2 class=\"entry-title\">\u201cNEL CASSETTO DEL CUORE\u201d DI GIANNIANTONIO CASSISI, IL PUNTO.<\/h2>\n<\/blockquote>\n<\/div>\n<p>&nbsp;<\/p>\n<p><img loading=\"lazy\" decoding=\"async\" class=\"alignleft\" src=\"https:\/\/www.radiopiu.net\/wordpress\/wp-content\/uploads\/2023\/12\/file-e1702360061511-300x300.jpg\" width=\"131\" height=\"131\" \/><strong>REDAZIONE<\/strong> Sono passati alcuni mesi dalla presentazione del pregevole lavoro di Gianniantonio Cassisi, il medico-cantautore di Agordo. &#8220;Nel Cassetto Del Cuore&#8221;, 11 brani da tenere nel cassetto del cuore. Gianniantonio Cassisi ai microfoni di RADIOPIU.<\/p>\n<audio class=\"wp-audio-shortcode\" id=\"audio-365517-11\" preload=\"none\" style=\"width: 100%;\" controls=\"controls\"><source type=\"audio\/mpeg\" src=\"https:\/\/www.radiopiu.net\/wordpress\/wp-content\/uploads\/2023\/09\/CASSISSI.mp3?_=11\" \/><a href=\"https:\/\/www.radiopiu.net\/wordpress\/wp-content\/uploads\/2023\/09\/CASSISSI.mp3\">https:\/\/www.radiopiu.net\/wordpress\/wp-content\/uploads\/2023\/09\/CASSISSI.mp3<\/a><\/audio>\n<p>&nbsp;<\/p>\n<p>&nbsp;<\/p>\n<p><strong>ARCHIVIO RADIOPIU<\/strong><\/p>\n<p><strong>REDAZIONE<\/strong> Appuntamento da non perdere luned\u00ec alle 20:30 su Radio Pi\u00f9. Ospite della serata Gianniantonio Cassisi che presenter\u00e0 il suo album<\/p>\n<p>&nbsp;<\/p>\n<p>&nbsp;<\/p>\n<p><iframe loading=\"lazy\" title=\"DIRETTA RADIO\" width=\"1200\" height=\"675\" src=\"https:\/\/www.youtube.com\/embed\/Q4C-v9CPjsQ?start=84&#038;feature=oembed\" frameborder=\"0\" allow=\"accelerometer; autoplay; clipboard-write; encrypted-media; gyroscope; picture-in-picture; web-share\" allowfullscreen><\/iframe><\/p>\n<p>&nbsp;<\/p>\n<p>&nbsp;<\/p>\n<p>&nbsp;<\/p>\n<hr \/>\n<p>&nbsp;<\/p>\n<h2><span style=\"color: #ff0000;\">GLI APPUNTAMENTI DELLA SETTIMANA<\/span><\/h2>\n<blockquote>\n<h3>IL QUARTETTO NOUS A BELLUNO<\/h3>\n<\/blockquote>\n<p><strong>BELLUNO<\/strong> Il Centro Culturale bellunese organizza per oggi alle 20:30 al Teatro Giovanni XXIII di Belluno un concerto del Quartetto No\u00fbs. Informazioni e note di sala sul sito www.belcircolo.org<\/p>\n<p>&nbsp;<\/p>\n<blockquote>\n<h3>TESORI SVELATI CON L&#8217;ASSOCIAZIONE CAMPEDEL<\/h3>\n<\/blockquote>\n<p><strong>BELLUNO<\/strong> Sono due gli appuntamenti in programma dall&#8217;Associazione Campedel alla scoperta dei tesori svelati a Belluno. Sabato 16 dicembre alle 15 visita alla cattedrale di San Martino, sabato 30 dicembre alle 15 visita alla Chiesa di Santo Stefano.<\/p>\n<p>&nbsp;<\/p>\n<blockquote>\n<h3>TORNA A LA VALLE LA RASSEGNA \u201cSOT AL TAMER\u201d<\/h3>\n<\/blockquote>\n<p><strong>LA VALLE AGORDINA\u00a0<\/strong>La rassegna \u201cSot al Tamer\u201d fa ritorno a La Valle Agordina. I prossimi appuntamenti: Denis Mezzacasa: Pilota della scuderia Xmotors di Maser, partecipante al campionato Seat Ibiza Cupra (16 dicembre). L\u2019iniziativa \u00e8 organizzata con il contributo attivo della Pro Loco di La Valle Agordina e il patrocinio del Comune di La Valle. L\u2019ingresso \u00e8 libero.<\/p>\n<p>&nbsp;<\/p>\n<blockquote>\n<h3>IL CONCERTO DI NATALE DEL CORO MINIMO BELLUNESE<\/h3>\n<\/blockquote>\n<p><strong>BELLUNO<\/strong> Il Coro Minimo Bellunese chiuder\u00e0 il 2023 con il &#8220;Concerto di Natale&#8221; il 15 dicembre alle 20:45 nella chiesa di Snto Stefano a Belluno, ospitando il Coro Voci delle Dolomiti. Durante l&#8217;anno, il Minimo ha partecipato a importanti eventi, inclusa una trasferta in Svizzera per il centenario della Federazione Ticinese Societ\u00e0 Canto e la partecipazione allo spettacolo &#8220;Il corpo e l&#8217;anima&#8221;. L&#8217;attivit\u00e0 continua nel 2024, con una santa messa a Cibiana di Cadore in ricordo di don Gemo Bianchi, ex direttore del Coro.<\/p>\n<p>&nbsp;<\/p>\n<blockquote>\n<h3>L&#8217;ULTIMA VIA DI RICCARDO BEE, IL FILM<\/h3>\n<\/blockquote>\n<p><em>&#8220;Partiva per tre o quattro giorni, da solo. Sapevamo che viveva esperienze estreme, ma quando tornava era come se nulla fosse accaduto, le teneva in gran parte per s\u00e9&#8221;<\/em><\/p>\n<p><strong>SABATO 16 DICEMBRE, ALLE 20.30 IN SALA DON TAMIS<\/strong><br \/>\nIL FILM SARA&#8217; PRESENTATO DAL REGISTA EMANUELE CONFORTIN, MODERATORE DELLA SERATA GIANPAOLO SORATROI. DAL TRENTO FILM FESTIVAL AD AGORDO, &#8220;L&#8217;ULTIMA VIA DI RICCARDO BEE&#8221;, PER INIZIATIVA DEL COMUNE DI AGORDO<\/p>\n<p><a class=\"dt-pswp-item\" href=\"https:\/\/www.radiopiu.net\/wordpress\/wp-content\/uploads\/2023\/11\/196c380b-4f41-40fe-b60e-025662cd56ca.jpg\" data-dt-img-description=\"\" data-large_image_width=\"1131\" data-large_image_height=\"1600\"><img loading=\"lazy\" decoding=\"async\" class=\"size-medium wp-image-362712 aligncenter\" src=\"https:\/\/www.radiopiu.net\/wordpress\/wp-content\/uploads\/2023\/11\/196c380b-4f41-40fe-b60e-025662cd56ca-212x300.jpg\" alt=\"\" width=\"212\" height=\"300\" srcset=\"https:\/\/www.radiopiu.net\/wordpress\/wp-content\/uploads\/2023\/11\/196c380b-4f41-40fe-b60e-025662cd56ca-212x300.jpg 212w, https:\/\/www.radiopiu.net\/wordpress\/wp-content\/uploads\/2023\/11\/196c380b-4f41-40fe-b60e-025662cd56ca-724x1024.jpg 724w, https:\/\/www.radiopiu.net\/wordpress\/wp-content\/uploads\/2023\/11\/196c380b-4f41-40fe-b60e-025662cd56ca-768x1086.jpg 768w, https:\/\/www.radiopiu.net\/wordpress\/wp-content\/uploads\/2023\/11\/196c380b-4f41-40fe-b60e-025662cd56ca-1086x1536.jpg 1086w, https:\/\/www.radiopiu.net\/wordpress\/wp-content\/uploads\/2023\/11\/196c380b-4f41-40fe-b60e-025662cd56ca.jpg 1131w\" sizes=\"auto, (max-width: 212px) 100vw, 212px\" \/><\/a><\/p>\n<p>&nbsp;<\/p>\n<blockquote>\n<h3>&#8220;IL COMANDANTE&#8221; AL CINEMA DOLOMITI DI FALCADE<\/h3>\n<\/blockquote>\n<p><strong>FALCADE<\/strong> Venerd\u00ec, sabato e domenica il Cinema Dolomiti di Falcade proietter\u00e0 l&#8217;ultimo film con Pierfrancesco Favino &#8220;Il Comandante&#8221; per la regia di Edoardo De Angelis. Gli orari delle proiezioni sono fissati nei giorni feriali alle 21, la domenica alle 15.30 e alle 21.<\/p>\n<p>&nbsp;<\/p>\n<blockquote>\n<h3>UN POMERIGGIO PER BAMBINI A LIMANA<\/h3>\n<\/blockquote>\n<p><strong>LIMANA<\/strong> La biblioteca di Limana e il Comune di Limana organizzano per sabato alle 17 il terzo appuntamento della nuova rassegna teatrale. Nella sala Nocivelli andr\u00e0 i scena lo spettacolo per bambini dal titolo &#8220;quando l&#8221;universo era grande cos\u00ec&#8221;.<\/p>\n<p>&nbsp;<\/p>\n<h2><span style=\"color: #ff0000;\">PROSSIMAMENTE&#8230;..<\/span><\/h2>\n<p>&nbsp;<\/p>\n<p class=\"articlePlainText\"><strong class=\"photoswipe-wrapper\"><a class=\"dt-pswp-item pspw-wrap-ready\" href=\"https:\/\/www.radiopiu.net\/wordpress\/wp-content\/uploads\/2023\/11\/1f9b39ac-7445-4292-9e66-746ed8bde8d9.jpg\" data-dt-img-description=\"\" data-large_image_width=\"800\" data-large_image_height=\"1067\"><img loading=\"lazy\" decoding=\"async\" class=\" wp-image-360368 alignleft\" src=\"https:\/\/www.radiopiu.net\/wordpress\/wp-content\/uploads\/2023\/11\/1f9b39ac-7445-4292-9e66-746ed8bde8d9-225x300.jpg\" sizes=\"auto, (max-width: 182px) 100vw, 182px\" srcset=\"https:\/\/www.radiopiu.net\/wordpress\/wp-content\/uploads\/2023\/11\/1f9b39ac-7445-4292-9e66-746ed8bde8d9-225x300.jpg 225w, https:\/\/www.radiopiu.net\/wordpress\/wp-content\/uploads\/2023\/11\/1f9b39ac-7445-4292-9e66-746ed8bde8d9-768x1024.jpg 768w, https:\/\/www.radiopiu.net\/wordpress\/wp-content\/uploads\/2023\/11\/1f9b39ac-7445-4292-9e66-746ed8bde8d9.jpg 800w\" alt=\"\" width=\"105\" height=\"140\" \/><\/a>FELTRE<\/strong> Gli eventi in programma per celebrare i 40 anni del Libro Parlato di Feltre \u201cA. Sernagiotto\u201d.<\/p>\n<p><strong>LUNEDI 18 DICEMBRE\u00a0<\/strong>alle 18 in Sala Ocri Flavio Faoro: da Oltre le vette ai racconti e alle fiabe, presenta Luisa Alchini. Letture ad alta voce del gruppo Libri Parlanti<\/p>\n<p><strong>VENERDI 22 DICEMBRE\u00a0<\/strong>alle 18 in Sala Ocri Presentazione del libro \u201cIl saldatore del Vajont\u201d con l\u2019autore Antonio G. Bortoluzzi \u2013 presenta Nicola Maccagnan<\/p>\n<p>&nbsp;<\/p>\n<p>&nbsp;<\/p>\n<hr \/>\n<p>&nbsp;<\/p>\n<blockquote>\n<h3>TUTTO ESAURITO PER MARIO BIONDI AL TEATRO BUZZATI DI BELLUNO<\/h3>\n<\/blockquote>\n<p><strong>di Jacopo Deltedesco<\/strong><\/p>\n<p><strong>BELLUNO <\/strong>Domenica sera si \u00e9 tenuta la tredicesima data del tour Crooning Undercover, che prende il nome dal nuovo album della voce pi\u00f9 calda del panorama musica italiano: Mario Biondi, che lo ha visto solcare i palchi di teatri sparsi in tutta la penisola. Una breve presentazione da una voce fuori campo, a sipario chiuso, invita a staccare la spina dalla tecnologia e a immergersi nello spettacolo che inizier\u00e0 a breve. Si apre il sipario mostrando l&#8217;orchestra di quindici elementi disposta a mezzaluna, in primo piano sulla sinistra il pianoforte, subito dietro il contrabbasso, al centro batteria, tamburi e chitarra, clarinetto e corno francese, sulla destra invece il sax, la tromba e tutti gli archi, al centro ovviamente il cantautore, la musica fluisce immediatamente verso la platea, il sound di Mario culla dolcemente lo spettatore ma intrattenendolo senza farlo addormentare, trasportandolo nel suo mondo, coinvolgendo facilmente gli uditori. Tra una canzone e l&#8217;altra Biondi tocca in maniera assolutamente delicata tematiche attuali come la gelosia amorosa tossica, usando appieno il fascino del teatro e della risposta del pubblico chiaccherandoci, scherzandoci e addirittura rendendolo partecipe con il semplice battito delle mani o lo sciocco delle dita, facendo diventare anche la folla uno strumento a sua disposizione. I 35 anni di carriera si percepiscono inequivocabilmente mentre si muove sul palco, che gestisce come fosse casa sua, presentando i vari componenti dell&#8217;orchestra durante lo show, dandogli spazio sia per degli assoli che per prendersi i meritati applausi. Sorpresa tra i vari assoli quello della contrabassista che se ne esce con una voce celestiale capace di toccare alte vette del pentagramma. Dopo due ore letteralmente volate lo spettacolo giunge al termine e Biondi si prende goduriosamente gli applausi e li condivide senza esitazione con l&#8217;orchestra inchinandosi per ringraziare chi applaude, poi esce di scena per un minuto ma rientra subito per eseguire un ultimo brano. Questo \u00e9 vero amore per la Musica.<br \/>\nAffascinante.<\/p>\n<p>(Foto di Rosario Multari e Jacopo Deltedesco)<\/p>\n\n\t\t\t<style type='text\/css'>\n\t\t\t\t#gallery-6 {\n\t\t\t\t\tmargin: auto;\n\t\t\t\t}\n\t\t\t\t#gallery-6 .gallery-item {\n\t\t\t\t\tfloat: left;\n\t\t\t\t\tmargin-top: 10px;\n\t\t\t\t\ttext-align: center;\n\t\t\t\t\twidth: 25%;\n\t\t\t\t}\n\t\t\t\t#gallery-6 img {\n\t\t\t\t\tborder: 2px solid #cfcfcf;\n\t\t\t\t}\n\t\t\t\t#gallery-6 .gallery-caption {\n\t\t\t\t\tmargin-left: 0;\n\t\t\t\t}\n\t\t\t\t\/* see gallery_shortcode() in wp-includes\/media.php *\/\n\t\t\t<\/style>\n\t\t<div id='gallery-6' class='dt-gallery-container gallery galleryid-365517 gallery-columns-4 gallery-size-thumbnail'><dl class='gallery-item'>\n\t\t\t\t<dt class='gallery-icon portrait'>\n\t\t\t\t\t<a class=\"rollover rollover-zoom dt-pswp-item\" title=\"acfa90f6-8eb9-4c0b-906d-c54c835d8815\" data-dt-img-description=\"\" data-large_image_width=\"840\" data-large_image_height=\"1824\"href='https:\/\/www.radiopiu.net\/wordpress\/wp-content\/uploads\/2023\/12\/acfa90f6-8eb9-4c0b-906d-c54c835d8815.jpg'><img loading=\"lazy\" decoding=\"async\" width=\"150\" height=\"150\" src=\"https:\/\/www.radiopiu.net\/wordpress\/wp-content\/uploads\/2023\/12\/acfa90f6-8eb9-4c0b-906d-c54c835d8815-150x150.jpg\" class=\"attachment-thumbnail size-thumbnail\" alt=\"\" \/><\/a>\n\t\t\t\t<\/dt><\/dl><dl class='gallery-item'>\n\t\t\t\t<dt class='gallery-icon portrait'>\n\t\t\t\t\t<a class=\"rollover rollover-zoom dt-pswp-item\" title=\"8ab7967c-a30b-4076-82b0-793b9c1bd918\" data-dt-img-description=\"\" data-large_image_width=\"1080\" data-large_image_height=\"1349\"href='https:\/\/www.radiopiu.net\/wordpress\/wp-content\/uploads\/2023\/12\/8ab7967c-a30b-4076-82b0-793b9c1bd918.jpg'><img loading=\"lazy\" decoding=\"async\" width=\"150\" height=\"150\" src=\"https:\/\/www.radiopiu.net\/wordpress\/wp-content\/uploads\/2023\/12\/8ab7967c-a30b-4076-82b0-793b9c1bd918-150x150.jpg\" class=\"attachment-thumbnail size-thumbnail\" alt=\"\" \/><\/a>\n\t\t\t\t<\/dt><\/dl><dl class='gallery-item'>\n\t\t\t\t<dt class='gallery-icon portrait'>\n\t\t\t\t\t<a class=\"rollover rollover-zoom dt-pswp-item\" title=\"032ba4b9-5c06-4142-9029-c26ae93c3239\" data-dt-img-description=\"\" data-large_image_width=\"1080\" data-large_image_height=\"1349\"href='https:\/\/www.radiopiu.net\/wordpress\/wp-content\/uploads\/2023\/12\/032ba4b9-5c06-4142-9029-c26ae93c3239.jpg'><img loading=\"lazy\" decoding=\"async\" width=\"150\" height=\"150\" src=\"https:\/\/www.radiopiu.net\/wordpress\/wp-content\/uploads\/2023\/12\/032ba4b9-5c06-4142-9029-c26ae93c3239-150x150.jpg\" class=\"attachment-thumbnail size-thumbnail\" alt=\"\" \/><\/a>\n\t\t\t\t<\/dt><\/dl><dl class='gallery-item'>\n\t\t\t\t<dt class='gallery-icon landscape'>\n\t\t\t\t\t<a class=\"rollover rollover-zoom dt-pswp-item\" title=\"e04a97bc-a6ab-4026-9a56-7b1794533939\" data-dt-img-description=\"\" data-large_image_width=\"2048\" data-large_image_height=\"945\"href='https:\/\/www.radiopiu.net\/wordpress\/wp-content\/uploads\/2023\/12\/e04a97bc-a6ab-4026-9a56-7b1794533939.jpg'><img loading=\"lazy\" decoding=\"async\" width=\"150\" height=\"150\" src=\"https:\/\/www.radiopiu.net\/wordpress\/wp-content\/uploads\/2023\/12\/e04a97bc-a6ab-4026-9a56-7b1794533939-150x150.jpg\" class=\"attachment-thumbnail size-thumbnail\" alt=\"\" \/><\/a>\n\t\t\t\t<\/dt><\/dl><br style=\"clear: both\" \/>\n\t\t\t<\/div>\n\n<p>&nbsp;<\/p>\n<div style=\"width: 848px;\" class=\"wp-video\"><video class=\"wp-video-shortcode\" id=\"video-365517-2\" width=\"848\" height=\"480\" preload=\"metadata\" controls=\"controls\"><source type=\"video\/mp4\" src=\"https:\/\/www.radiopiu.net\/wordpress\/wp-content\/uploads\/2023\/12\/WhatsApp-Video-2023-12-11-at-18.20.08.mp4?_=2\" \/><a href=\"https:\/\/www.radiopiu.net\/wordpress\/wp-content\/uploads\/2023\/12\/WhatsApp-Video-2023-12-11-at-18.20.08.mp4\">https:\/\/www.radiopiu.net\/wordpress\/wp-content\/uploads\/2023\/12\/WhatsApp-Video-2023-12-11-at-18.20.08.mp4<\/a><\/video><\/div>\n<p>&nbsp;<\/p>\n<hr \/>\n<p>&nbsp;<\/p>\n<p><a class=\"dt-pswp-item\" href=\"https:\/\/www.radiopiu.net\/wordpress\/wp-content\/uploads\/2018\/09\/viabilita.jpeg\" data-dt-img-description=\"\" data-large_image_width=\"800\" data-large_image_height=\"100\"><img loading=\"lazy\" decoding=\"async\" class=\"aligncenter wp-image-61954 size-full\" src=\"https:\/\/www.radiopiu.net\/wordpress\/wp-content\/uploads\/2018\/09\/viabilita.jpeg\" alt=\"\" width=\"800\" height=\"100\" srcset=\"https:\/\/www.radiopiu.net\/wordpress\/wp-content\/uploads\/2018\/09\/viabilita.jpeg 800w, https:\/\/www.radiopiu.net\/wordpress\/wp-content\/uploads\/2018\/09\/viabilita-300x38.jpeg 300w, https:\/\/www.radiopiu.net\/wordpress\/wp-content\/uploads\/2018\/09\/viabilita-768x96.jpeg 768w\" sizes=\"auto, (max-width: 800px) 100vw, 800px\" \/><\/a><\/p>\n<blockquote class=\"wp-embedded-content\" data-secret=\"UHSjCokcjl\"><p><a href=\"https:\/\/www.radiopiu.net\/wordpress\/viabilita\/\">viabilita<\/a><\/p><\/blockquote>\n<p><iframe loading=\"lazy\" class=\"wp-embedded-content\" sandbox=\"allow-scripts\" security=\"restricted\" style=\"position: absolute; clip: rect(1px, 1px, 1px, 1px);\" title=\"&#8220;viabilita&#8221; &#8212; Radio Pi\u00f9\" src=\"https:\/\/www.radiopiu.net\/wordpress\/viabilita\/embed\/#?secret=OPEu1xxYwY#?secret=UHSjCokcjl\" data-secret=\"UHSjCokcjl\" width=\"600\" height=\"338\" frameborder=\"0\" marginwidth=\"0\" marginheight=\"0\" scrolling=\"no\"><\/iframe><\/p>\n<p>&nbsp;<\/p>\n<hr \/>\n<p>&nbsp;<\/p>\n<p><a class=\"dt-pswp-item\" href=\"https:\/\/www.radiopiu.net\/wordpress\/wp-content\/uploads\/2018\/09\/WhatsApp-Image-2018-09-20-at-16.04.06.jpeg\" data-dt-img-description=\"\" data-large_image_width=\"800\" data-large_image_height=\"100\"><img loading=\"lazy\" decoding=\"async\" class=\"wp-image-61378 size-full aligncenter\" src=\"https:\/\/www.radiopiu.net\/wordpress\/wp-content\/uploads\/2018\/09\/WhatsApp-Image-2018-09-20-at-16.04.06.jpeg\" alt=\"\" width=\"800\" height=\"100\" srcset=\"https:\/\/www.radiopiu.net\/wordpress\/wp-content\/uploads\/2018\/09\/WhatsApp-Image-2018-09-20-at-16.04.06.jpeg 800w, https:\/\/www.radiopiu.net\/wordpress\/wp-content\/uploads\/2018\/09\/WhatsApp-Image-2018-09-20-at-16.04.06-300x38.jpeg 300w, https:\/\/www.radiopiu.net\/wordpress\/wp-content\/uploads\/2018\/09\/WhatsApp-Image-2018-09-20-at-16.04.06-768x96.jpeg 768w\" sizes=\"auto, (max-width: 800px) 100vw, 800px\" \/><\/a><\/p>\n<p><center><\/center><b>\u00a0<\/b><\/p>\n<p><center><b>OGGI<\/b><\/center>Cielo irregolarmente nuvoloso per nubi medio-alte a tratti estese; a tratti qualche addensamento pi\u00f9 consistente sar\u00e0 presente su Dolomiti.<br \/>\n<b>Precipitazioni: <\/b>Non escluse locali debolissime precipitazioni su Dolomiti, specie settentrionali e in tarda serata, con qualche fiocco di neve oltre i 2000 m.<br \/>\n<b>Temperature: <\/b>In ulteriore lieve aumento, specie le massime, salvo risultare anche localmente stazionarie le minime.<\/p>\n<hr \/>\n<p><center><b>DOMANI<\/b><\/center>Cielo molto nuvoloso o coperto; qualche irregolare schiarita a partire dalla sera.<br \/>\n<b>Precipitazioni: <\/b>Da sparse o diffuse generalmente deboli, pi\u00f9 probabili su Dolomiti rispetto a Prealpi specie occidentali. Limite neve in calo sulle Dolomiti attorno a 1000-1300 m, sulle Prealpi in calo dai 2000 metri a 1200-1400 m circa. Ad oggi sono attesi mediamente 10-20 mm su Dolomiti, meno su Prealpi specie occidentali con altrettanti cm di neve fresca oltre i 1800-2000 m su Dolomiti.<br \/>\n<b>Temperature: <\/b>Temperature minime in calo e raggiunte in serata in quota, massime in contenuto calo.<\/p>\n<hr \/>\n<p><center><b>GIOVEDI<\/b><\/center>Fino al primo mattino residua nuvolosit\u00e0, a seguire schiarite via via pi\u00f9 ampie fino a sereno o poco nuvoloso su Prealpi mentre su Dolomiti settentrionali saranno possibili annuvolamenti portati dal vento da Nord, con qualche eventuale fiocco sulle cime. Temperature minime in calo e raggiunte in serata in quota, massime in lieve o contenuta ripresa specie nelle valli, pressoch\u00e8 stazionarie o in lieve in calo in quota.<\/p>\n<hr \/>\n<p><center><b>VENERDI<\/b><\/center>Cielo sereno o poco nuvoloso su Prealpi, su Dolomiti qualche annuvolamento portato dal vento da Nord con eventuali fiocchi sulle cime. Temperature stazionarie in quota, in possibile locale ed irregolare aumento a fondovalle per effetto favonico.<\/p>\n<p>&nbsp;<\/p>\n<hr \/>\n<p>&nbsp;<\/p>\n<p><img loading=\"lazy\" decoding=\"async\" class=\"wp-image-60761 size-full aligncenter\" src=\"https:\/\/www.radiopiu.net\/wordpress\/wp-content\/uploads\/2018\/09\/sport.jpg\" alt=\"\" width=\"800\" height=\"100\" srcset=\"https:\/\/www.radiopiu.net\/wordpress\/wp-content\/uploads\/2018\/09\/sport.jpg 800w, https:\/\/www.radiopiu.net\/wordpress\/wp-content\/uploads\/2018\/09\/sport-300x38.jpg 300w, https:\/\/www.radiopiu.net\/wordpress\/wp-content\/uploads\/2018\/09\/sport-768x96.jpg 768w\" sizes=\"auto, (max-width: 800px) 100vw, 800px\" \/><\/p>\n<p>&nbsp;<\/p>\n<p><span style=\"color: #0000ff;\"><strong>SCI FONDO<\/strong><\/span><\/p>\n<blockquote>\n<h3>INIZIATA LA STAGIONE DELLE LUNGHE DISTANZE. IN AUSTRIA LA PROLOGO DELLA SKICLASSIC<\/h3>\n<\/blockquote>\n<p><strong><a class=\"dt-pswp-item\" href=\"https:\/\/www.radiopiu.net\/wordpress\/wp-content\/uploads\/2023\/12\/386853700_387458690299171_2974886242940990882_n.jpg\" data-dt-img-description=\"\" data-large_image_width=\"1080\" data-large_image_height=\"653\"><img loading=\"lazy\" decoding=\"async\" class=\" wp-image-365572 alignleft\" src=\"https:\/\/www.radiopiu.net\/wordpress\/wp-content\/uploads\/2023\/12\/386853700_387458690299171_2974886242940990882_n-300x181.jpg\" alt=\"\" width=\"278\" height=\"168\" srcset=\"https:\/\/www.radiopiu.net\/wordpress\/wp-content\/uploads\/2023\/12\/386853700_387458690299171_2974886242940990882_n-300x181.jpg 300w, https:\/\/www.radiopiu.net\/wordpress\/wp-content\/uploads\/2023\/12\/386853700_387458690299171_2974886242940990882_n-1024x619.jpg 1024w, https:\/\/www.radiopiu.net\/wordpress\/wp-content\/uploads\/2023\/12\/386853700_387458690299171_2974886242940990882_n-768x464.jpg 768w, https:\/\/www.radiopiu.net\/wordpress\/wp-content\/uploads\/2023\/12\/386853700_387458690299171_2974886242940990882_n.jpg 1080w\" sizes=\"auto, (max-width: 278px) 100vw, 278px\" \/><\/a>di Marco Gaz<\/strong><\/p>\n<p><strong>REDAZIONE <\/strong>\u00c8 iniziata con la prologo a squadre in Austria la stagione delle lunghe distanze sugli sci stretti. A Bad Gastain la prima prova SkiClassic con al via ben 35 squadre provenienti soprattutto dal Nord Europa. Tra i gruppi che hanno partecipato alla prima vera gara stagionale anche il team Internorm Alpenplus che si \u00e8 piazzato al nono posto iniziando con i fiocchi la stagione anche perch\u00e9 nessuna squadra italiana aveva fatto di meglio. Un team che parla anche agordino con i fratelli Lorenzo ed Emanuele Busin. I due atleti della Valle del Biois hanno saputo gestire al meglio la prima gara stagionale.<\/p>\n<p>&nbsp;<\/p>\n<p><span style=\"color: #0000ff;\"><strong>CALCIO A 5<\/strong><\/span><\/p>\n<blockquote>\n<h3>GIESSE PER LO SPORT&#8230;CON LA CANOTTIERI BELLUNO CALCIO A 5<\/h3>\n<\/blockquote>\n<div class=\"x11i5rnm xat24cr x1mh8g0r x1vvkbs xtlvy1s x126k92a\">\n<h4 dir=\"auto\"><a class=\"dt-pswp-item\" href=\"https:\/\/www.radiopiu.net\/wordpress\/wp-content\/uploads\/2023\/10\/Senza-nome-57.png\" data-dt-img-description=\"\" data-large_image_width=\"317\" data-large_image_height=\"322\"><img loading=\"lazy\" decoding=\"async\" class=\"size-medium wp-image-358116 aligncenter\" src=\"https:\/\/www.radiopiu.net\/wordpress\/wp-content\/uploads\/2023\/10\/Senza-nome-57-295x300.png\" alt=\"\" width=\"295\" height=\"300\" srcset=\"https:\/\/www.radiopiu.net\/wordpress\/wp-content\/uploads\/2023\/10\/Senza-nome-57-295x300.png 295w, https:\/\/www.radiopiu.net\/wordpress\/wp-content\/uploads\/2023\/10\/Senza-nome-57.png 317w\" sizes=\"auto, (max-width: 295px) 100vw, 295px\" \/><\/a><\/h4>\n<h4 dir=\"auto\"><\/h4>\n<h4 dir=\"auto\">GIESSE PER LO SPORT&#8221; &#8230; con la Canottieri Belluno, calcio a 5. Tutto sul campionato di serie A2, girone A. Il programma alla RADIO che da ascolto ai talenti del calcio a 5 bellunese. IN COLLABORAZIONE CON GIESSE RISARCIMENTO DANNI A BELLUNO<\/h4>\n<\/div>\n<div class=\"x11i5rnm xat24cr x1mh8g0r x1vvkbs xtlvy1s x126k92a\">\n<h4 dir=\"auto\"><a class=\"x1i10hfl xjbqb8w x6umtig x1b1mbwd xaqea5y xav7gou x9f619 x1ypdohk xt0psk2 xe8uvvx xdj266r x11i5rnm xat24cr x1mh8g0r xexx8yu x4uap5 x18d9i69 xkhd6sd x16tdsg8 x1hl2dhg xggy1nq x1a2a7pz xt0b8zv x1qq9wsj xo1l8bm\" tabindex=\"0\" role=\"link\" href=\"https:\/\/www.facebook.com\/groups\/radiopiu\/?__cft__[0]=AZVtB3sskZBwGsu89zeRk9eNMGUFohz53TdYmXZyePAKPt8cBeKCqA03znGJk9wPaqHDXQ5yMBG_hrsUX03xH8fdmlMazTirW3KRFEY3Kr2cyBd_5Es2MvKnqyd6ZcahL6_M_zOo19o5N5tV8NHsHcfP&amp;__tn__=-UK-R\"><span class=\"xt0psk2\">RADIO PIU&#8217; EMITTENTE AGORDINA (Taibon_32027)<\/span><\/a>: IL LUNEDI ALLE 16.30, IL MARTEDI ALLE 13.05<\/h4>\n<h4 dir=\"auto\">RADIO CLUB 103 IL LUNEDI ALLE 16.20 E MARTEDI ALLE 13.40<\/h4>\n<h4 dir=\"auto\"><a class=\"x1i10hfl xjbqb8w x6umtig x1b1mbwd xaqea5y xav7gou x9f619 x1ypdohk xt0psk2 xe8uvvx xdj266r x11i5rnm xat24cr x1mh8g0r xexx8yu x4uap5 x18d9i69 xkhd6sd x16tdsg8 x1hl2dhg xggy1nq x1a2a7pz xt0b8zv x1qq9wsj xo1l8bm\" tabindex=\"0\" role=\"link\" href=\"https:\/\/www.facebook.com\/groups\/61488111720\/user\/100063652837062\/?__cft__[0]=AZVtB3sskZBwGsu89zeRk9eNMGUFohz53TdYmXZyePAKPt8cBeKCqA03znGJk9wPaqHDXQ5yMBG_hrsUX03xH8fdmlMazTirW3KRFEY3Kr2cyBd_5Es2MvKnqyd6ZcahL6_M_zOo19o5N5tV8NHsHcfP&amp;__tn__=-]K-R\"><span class=\"xt0psk2\">Radio Primiero<\/span><\/a> IL LUNEDI ALLE 10.30 E MARTEDI ALLE 12.30<\/h4>\n<p><strong><a class=\"dt-pswp-item\" href=\"https:\/\/www.radiopiu.net\/wordpress\/wp-content\/uploads\/2023\/11\/409332339_839887351476428_1172384299494423308_n.jpg\" data-dt-img-description=\"\" data-large_image_width=\"2048\" data-large_image_height=\"1152\"><img loading=\"lazy\" decoding=\"async\" class=\" wp-image-365357 alignleft\" src=\"https:\/\/www.radiopiu.net\/wordpress\/wp-content\/uploads\/2023\/11\/409332339_839887351476428_1172384299494423308_n-300x169.jpg\" alt=\"\" width=\"206\" height=\"116\" srcset=\"https:\/\/www.radiopiu.net\/wordpress\/wp-content\/uploads\/2023\/11\/409332339_839887351476428_1172384299494423308_n-300x169.jpg 300w, https:\/\/www.radiopiu.net\/wordpress\/wp-content\/uploads\/2023\/11\/409332339_839887351476428_1172384299494423308_n-1024x576.jpg 1024w, https:\/\/www.radiopiu.net\/wordpress\/wp-content\/uploads\/2023\/11\/409332339_839887351476428_1172384299494423308_n-768x432.jpg 768w, https:\/\/www.radiopiu.net\/wordpress\/wp-content\/uploads\/2023\/11\/409332339_839887351476428_1172384299494423308_n-1536x864.jpg 1536w, https:\/\/www.radiopiu.net\/wordpress\/wp-content\/uploads\/2023\/11\/409332339_839887351476428_1172384299494423308_n.jpg 2048w\" sizes=\"auto, (max-width: 206px) 100vw, 206px\" \/><\/a>PUNTATA 08 &#8211; 11 DICEMBRE 2023<\/strong><\/p>\n<p><span style=\"color: #0000ff;\"><strong>NONA GIORNATA SERIE A 2 GIRONE A<\/strong><\/span><\/p>\n<p><strong>CANOTTIERI BELLUNO \u2013 MILANO 1-4<\/strong><\/p>\n<p>Reti: PT 6.21 Marco Peverini; ST 7.22 Pozzi, 14.37 Ganzetti, 18.34 Dal Farra (C), 19.55 Luca Peverini<\/p>\n<p>(foto: Andrea Dalla Libera)<\/p>\n<audio class=\"wp-audio-shortcode\" id=\"audio-365517-12\" preload=\"none\" style=\"width: 100%;\" controls=\"controls\"><source type=\"audio\/mpeg\" src=\"https:\/\/www.radiopiu.net\/wordpress\/wp-content\/uploads\/2023\/11\/GIESSECALCIO-5.mp3?_=12\" \/><a href=\"https:\/\/www.radiopiu.net\/wordpress\/wp-content\/uploads\/2023\/11\/GIESSECALCIO-5.mp3\">https:\/\/www.radiopiu.net\/wordpress\/wp-content\/uploads\/2023\/11\/GIESSECALCIO-5.mp3<\/a><\/audio>\n<p>&nbsp;<\/p>\n<p><strong>LA RACCOLTA COMPLETA <a href=\"https:\/\/www.radiopiu.net\/wordpress\/giesse-per-lo-sport-con-la-canottieri-belluno-calcio-a-5\/\">CLICCA QUI<\/a><\/strong><\/p>\n<p>&nbsp;<\/p>\n<p><span style=\"color: #0000ff;\"><strong>CORSA CAMPESTRE<\/strong><\/span><\/p>\n<blockquote>\n<h3>GLI EUROPEI DI CORSA CAMPESTRE PER DA VIA&#8217; E ARNOLDO<\/h3>\n<\/blockquote>\n<p><a class=\"dt-pswp-item\" href=\"https:\/\/www.radiopiu.net\/wordpress\/wp-content\/uploads\/2023\/12\/Da-Via_Francesco_credito-Grana-Fidal-scaled.jpg\" data-dt-img-description=\"Campionati italiani di cross 2023 | 11-12.03.2023 Gubbio (PG) | Foto: Francesca Grana\/FIDAL\" data-large_image_width=\"2560\" data-large_image_height=\"2121\"><img loading=\"lazy\" decoding=\"async\" class=\"wp-image-365499 alignleft\" src=\"https:\/\/www.radiopiu.net\/wordpress\/wp-content\/uploads\/2023\/12\/Da-Via_Francesco_credito-Grana-Fidal-300x249.jpg\" alt=\"\" width=\"149\" height=\"124\" srcset=\"https:\/\/www.radiopiu.net\/wordpress\/wp-content\/uploads\/2023\/12\/Da-Via_Francesco_credito-Grana-Fidal-300x249.jpg 300w, https:\/\/www.radiopiu.net\/wordpress\/wp-content\/uploads\/2023\/12\/Da-Via_Francesco_credito-Grana-Fidal-1024x848.jpg 1024w, https:\/\/www.radiopiu.net\/wordpress\/wp-content\/uploads\/2023\/12\/Da-Via_Francesco_credito-Grana-Fidal-768x636.jpg 768w, https:\/\/www.radiopiu.net\/wordpress\/wp-content\/uploads\/2023\/12\/Da-Via_Francesco_credito-Grana-Fidal-1536x1273.jpg 1536w, https:\/\/www.radiopiu.net\/wordpress\/wp-content\/uploads\/2023\/12\/Da-Via_Francesco_credito-Grana-Fidal-2048x1697.jpg 2048w\" sizes=\"auto, (max-width: 149px) 100vw, 149px\" \/><\/a><strong>BELLUNO<\/strong> Gara difficile quella di domenica per Lucia Arnoldo e Francesco Da Vi\u00e0 ai Campionati Europei di corsa campestre, chiusi rispettivamente al 49esimo e 62esimo posto nelle rispettive categorie.<\/p>\n<p><strong>DI DANIELE DALVIT<\/strong><\/p>\n<audio class=\"wp-audio-shortcode\" id=\"audio-365517-13\" preload=\"none\" style=\"width: 100%;\" controls=\"controls\"><source type=\"audio\/mpeg\" src=\"https:\/\/www.radiopiu.net\/wordpress\/wp-content\/uploads\/2023\/12\/Radio-Piu-Servizio-Risultati-europei-corsa-campestre.mp3?_=13\" \/><a href=\"https:\/\/www.radiopiu.net\/wordpress\/wp-content\/uploads\/2023\/12\/Radio-Piu-Servizio-Risultati-europei-corsa-campestre.mp3\">https:\/\/www.radiopiu.net\/wordpress\/wp-content\/uploads\/2023\/12\/Radio-Piu-Servizio-Risultati-europei-corsa-campestre.mp3<\/a><\/audio>\n<p>&nbsp;<\/p>\n<p><span style=\"color: #0000ff;\"><strong>TIRO A SEGNO<\/strong><\/span><\/p>\n<blockquote>\n<h3>UN GIOVANE TALENTO BELLUNESE NEL TIRO A SEGNO<\/h3>\n<\/blockquote>\n<p><strong><a class=\"dt-pswp-item\" href=\"https:\/\/www.radiopiu.net\/wordpress\/wp-content\/uploads\/2023\/12\/Andrea_Frezzato_2.jpg\" data-dt-img-description=\"\" data-large_image_width=\"1591\" data-large_image_height=\"1061\"><img loading=\"lazy\" decoding=\"async\" class=\" wp-image-365599 alignleft\" src=\"https:\/\/www.radiopiu.net\/wordpress\/wp-content\/uploads\/2023\/12\/Andrea_Frezzato_2-300x200.jpg\" alt=\"\" width=\"200\" height=\"133\" srcset=\"https:\/\/www.radiopiu.net\/wordpress\/wp-content\/uploads\/2023\/12\/Andrea_Frezzato_2-300x200.jpg 300w, https:\/\/www.radiopiu.net\/wordpress\/wp-content\/uploads\/2023\/12\/Andrea_Frezzato_2-1024x683.jpg 1024w, https:\/\/www.radiopiu.net\/wordpress\/wp-content\/uploads\/2023\/12\/Andrea_Frezzato_2-768x512.jpg 768w, https:\/\/www.radiopiu.net\/wordpress\/wp-content\/uploads\/2023\/12\/Andrea_Frezzato_2-1536x1024.jpg 1536w, https:\/\/www.radiopiu.net\/wordpress\/wp-content\/uploads\/2023\/12\/Andrea_Frezzato_2.jpg 1591w\" sizes=\"auto, (max-width: 200px) 100vw, 200px\" \/><\/a>PONTE NELLE ALPI <\/strong>I bellunesi hanno buona mira: da Deborah Gelisio a Oscar De Pellegrin, all\u2019ombra delle Dolomiti le discipline di tiro hanno sempre avuto dei protagonisti di alto profilo. E un protagonista lo \u00e8 gi\u00e0 Andrea Frezzato: diciottenne di Ponte nelle Alpi &#8211; nello specifico, di Piaia &#8211; \u00e8 un atleta agonista di tiro a segno con pistola ad aria compressa, nella categoria P10 Juniores: la specialit\u00e0, va rimarcato, \u00e8 olimpionica e comporta un mix di tecnica e concentrazione.<span class=\"gmail-Apple-converted-space\"> \u00a0<\/span>In questa esaltante annata, Frezzato \u00e8 riuscito a qualificarsi e a partecipare &#8211; sia individualmente, sia con la squadra del Poligono di Tiro di Belluno &#8211; ai Campionati italiani di tiro a segno, andati in scena a Milano, a cavallo tra settembre e ottobre. In pi\u00f9, ha preso parte al XXVII Trofeo delle Regioni, a Napoli: in questo contesto, il Veneto si \u00e8 classificato al primo posto e Andrea, per un soffio, ha mancato il podio nella sua categoria.<span class=\"gmail-Apple-converted-space\">\u00a0<\/span><\/p>\n<p>&nbsp;<\/p>\n<p>&nbsp;<\/p>\n<p>&nbsp;<\/p>\n<\/div>\n","protected":false},"excerpt":{"rendered":"<p>***** &nbsp; 40esimo di RADIOPIU\u2026. LA VOCE DELL\u2019EMOZIONE ISCRIVITI AL NOSTRO CANALE\u00a0\u00a0YOUTUBE PER SEGUIRE IN DIRETTA I PRINCIPALI PROGRAMMI DI RADIO PIU\u2019 E LE FUTURE DIRETTE IN ESTERNA. PER ISCRIVERTI CLICCA QUI\u00a0E PREMI\u00a0 \u201cIscriviti\u201d\u00a0 &nbsp; &nbsp; i podcast informativi del mattino &#8211; audio &#8211;\u00a0 LA RASSEGNA STAMPA NAZIONALE ALLA RADIO, OGNI GIORNO ALLE 5 E&hellip;<\/p>\n","protected":false},"author":4,"featured_media":365691,"comment_status":"closed","ping_status":"closed","sticky":false,"template":"","format":"standard","meta":{"_monsterinsights_skip_tracking":false,"_monsterinsights_sitenote_active":false,"_monsterinsights_sitenote_note":"","_monsterinsights_sitenote_category":0,"footnotes":""},"categories":[51,86,49],"tags":[],"class_list":["post-365517","post","type-post","status-publish","format-standard","has-post-thumbnail","hentry","category-evidenza-top","category-gr","category-news-18","category-51","category-86","category-49","description-off"],"img_url":"https:\/\/www.radiopiu.net\/wordpress\/wp-content\/uploads\/2023\/12\/Senza-nome-41.png","_links":{"self":[{"href":"https:\/\/www.radiopiu.net\/wordpress\/wp-json\/wp\/v2\/posts\/365517","targetHints":{"allow":["GET"]}}],"collection":[{"href":"https:\/\/www.radiopiu.net\/wordpress\/wp-json\/wp\/v2\/posts"}],"about":[{"href":"https:\/\/www.radiopiu.net\/wordpress\/wp-json\/wp\/v2\/types\/post"}],"author":[{"embeddable":true,"href":"https:\/\/www.radiopiu.net\/wordpress\/wp-json\/wp\/v2\/users\/4"}],"replies":[{"embeddable":true,"href":"https:\/\/www.radiopiu.net\/wordpress\/wp-json\/wp\/v2\/comments?post=365517"}],"version-history":[{"count":0,"href":"https:\/\/www.radiopiu.net\/wordpress\/wp-json\/wp\/v2\/posts\/365517\/revisions"}],"wp:featuredmedia":[{"embeddable":true,"href":"https:\/\/www.radiopiu.net\/wordpress\/wp-json\/wp\/v2\/media\/365691"}],"wp:attachment":[{"href":"https:\/\/www.radiopiu.net\/wordpress\/wp-json\/wp\/v2\/media?parent=365517"}],"wp:term":[{"taxonomy":"category","embeddable":true,"href":"https:\/\/www.radiopiu.net\/wordpress\/wp-json\/wp\/v2\/categories?post=365517"},{"taxonomy":"post_tag","embeddable":true,"href":"https:\/\/www.radiopiu.net\/wordpress\/wp-json\/wp\/v2\/tags?post=365517"}],"curies":[{"name":"wp","href":"https:\/\/api.w.org\/{rel}","templated":true}]}}