{"id":365590,"date":"2023-12-11T13:36:06","date_gmt":"2023-12-11T12:36:06","guid":{"rendered":"https:\/\/www.radiopiu.net\/wordpress\/?p=365590"},"modified":"2023-12-11T13:36:31","modified_gmt":"2023-12-11T12:36:31","slug":"cortina-in-una-tela-di-de-pisis-no-si-tratta-di-siusi-allo-sciliar-bz","status":"publish","type":"post","link":"https:\/\/www.radiopiu.net\/wordpress\/cortina-in-una-tela-di-de-pisis-no-si-tratta-di-siusi-allo-sciliar-bz\/","title":{"rendered":"CORTINA IN UNA TELA DI DE PISIS?  NO, SI TRATTA DI SIUSI ALLO SCILIAR (BZ)"},"content":{"rendered":"<p>*****<\/p>\n<p>&nbsp;<\/p>\n<p><strong>DI GIORGIO FONTANIVE<\/strong><\/p>\n<p>Come gi\u00e0 ampiamente divulgato, il palazzo delle Contesse di Mel ospita la mostra \u201c<em>Riflessioni d\u2019acqua, impressioni di roccia &#8211; tre secoli di pittura \u2019700 \u2019800 \u2019900<\/em>\u201d; la rassegna \u00e8 stata organizzata dall\u2019associazione Artdolomites Aps: inaugurata il 21 ottobre e rester\u00e0 visitabile fino al 21 gennaio 2024. Merita la visita. Interessante la scelta degli autori presenti, frutto di una ricerca mirata e ricca di opere di pregio &#8211; eccellente ad esempio la serie veneziana del Guardi &#8211; con una netta prevalenza dei riflessi d\u2019acqua, anche se le rocce con Ciardi, Music Zoran, Seffer, Luigi Cima col suo lungo panorama sulla Piave, De Pisis, offrono forti motivi d\u2019attrazione e di sosta. In verit\u00e0, l\u2019opera di quest\u2019ultimo artista ha richiamato anche la mia attenzione: in particolare sulla collocazione geografica del soggetto indicato come Cortina. In verit\u00e0, da buon conoscitore delle Dolomiti e dei centri abitati del territorio non mi \u00e8 stato difficile individuare il preciso paese raffigurato da Filippo che &#8211; anche se il pittore non era estraneo al centro turistico ampezzano &#8211; girava sovente tra Belluno ed Alto Adige. Cos\u00ec posso dire con assoluta certezza che la tela del De Pisis raffigura quel bellissimo paese in provincia di Bolzano che \u00e8 Siusi allo Sciliar &#8211; <em>Seis am Schlern<\/em> con il campanile dalla svettante guglia sconosciuto a Cortina; la chiesa \u00e8 dedicata a Maria Ausiliatrice ed \u00e8 meta di pellegrinaggi anche se non \u00e8 pi\u00f9 riferimento parrocchiale. Sullo sfondo \u00e8 lo Sciliar &#8211; in particolare la Punta Santner &#8211; montagna spesso scelta come soggetto altoatesino ma non vista di fronte come in questo caso, ma pi\u00f9 spesso di profilo. Alla luce di queste note, la dicitura della tela di Filippo De Pisis dovr\u00e0 essere aggiornata per dare a Siusi quel che \u00e8 di Siusi: per correttezza nei confronti degli organizzatori, devo segnalare che la trascrizione data probabilmente di vari decenni per un vecchio errore di catalogazione che ora sar\u00e0 modificato. Sen\u00f2 cosa dir\u00e0 qualche altoatesino in visita?<\/p>\n\n\t\t\t<style type='text\/css'>\n\t\t\t\t#gallery-1 {\n\t\t\t\t\tmargin: auto;\n\t\t\t\t}\n\t\t\t\t#gallery-1 .gallery-item {\n\t\t\t\t\tfloat: left;\n\t\t\t\t\tmargin-top: 10px;\n\t\t\t\t\ttext-align: center;\n\t\t\t\t\twidth: 33%;\n\t\t\t\t}\n\t\t\t\t#gallery-1 img {\n\t\t\t\t\tborder: 2px solid #cfcfcf;\n\t\t\t\t}\n\t\t\t\t#gallery-1 .gallery-caption {\n\t\t\t\t\tmargin-left: 0;\n\t\t\t\t}\n\t\t\t\t\/* see gallery_shortcode() in wp-includes\/media.php *\/\n\t\t\t<\/style>\n\t\t<div id='gallery-1' class='dt-gallery-container gallery galleryid-365590 gallery-columns-3 gallery-size-thumbnail'><dl class='gallery-item'>\n\t\t\t\t<dt class='gallery-icon portrait'>\n\t\t\t\t\t<a class=\"rollover rollover-zoom dt-pswp-item\" title=\"Siusi allo Sciliar (1)\" data-dt-img-description=\"\" data-large_image_width=\"1097\" data-large_image_height=\"1461\"href='https:\/\/www.radiopiu.net\/wordpress\/wp-content\/uploads\/2023\/12\/Siusi-allo-Sciliar-1.jpg'><img loading=\"lazy\" decoding=\"async\" width=\"150\" height=\"150\" src=\"https:\/\/www.radiopiu.net\/wordpress\/wp-content\/uploads\/2023\/12\/Siusi-allo-Sciliar-1-150x150.jpg\" class=\"attachment-thumbnail size-thumbnail\" alt=\"\" aria-describedby=\"gallery-1-365593\" \/><\/a>\n\t\t\t\t<\/dt>\n\t\t\t\t\t<dd class='wp-caption-text gallery-caption' id='gallery-1-365593'>\n\t\t\t\t\tLa tela di Filippo De Pisis esposta a Mel con la dicitura Cortina\n\t\t\t\t\t<\/dd><\/dl><dl class='gallery-item'>\n\t\t\t\t<dt class='gallery-icon portrait'>\n\t\t\t\t\t<a class=\"rollover rollover-zoom dt-pswp-item\" title=\"Seis am Schlern di Ho\u0308ger (2)\" data-dt-img-description=\"\" data-large_image_width=\"377\" data-large_image_height=\"587\"href='https:\/\/www.radiopiu.net\/wordpress\/wp-content\/uploads\/2023\/12\/Seis-am-Schlern-di-Hoger-2.jpg'><img loading=\"lazy\" decoding=\"async\" width=\"150\" height=\"150\" src=\"https:\/\/www.radiopiu.net\/wordpress\/wp-content\/uploads\/2023\/12\/Seis-am-Schlern-di-Hoger-2-150x150.jpg\" class=\"attachment-thumbnail size-thumbnail\" alt=\"\" aria-describedby=\"gallery-1-365592\" \/><\/a>\n\t\t\t\t<\/dt>\n\t\t\t\t\t<dd class='wp-caption-text gallery-caption' id='gallery-1-365592'>\n\t\t\t\t\tSiusi in un dipinto di R.A.H\u00f6ger (circa 1910)\n\t\t\t\t\t<\/dd><\/dl><dl class='gallery-item'>\n\t\t\t\t<dt class='gallery-icon landscape'>\n\t\t\t\t\t<a class=\"rollover rollover-zoom dt-pswp-item\" title=\"Cartolina di Siusi e Punta Santner (3)\" data-dt-img-description=\"\" data-large_image_width=\"733\" data-large_image_height=\"644\"href='https:\/\/www.radiopiu.net\/wordpress\/wp-content\/uploads\/2023\/12\/Cartolina-di-Siusi-e-Punta-Santner-3.jpg'><img loading=\"lazy\" decoding=\"async\" width=\"150\" height=\"150\" src=\"https:\/\/www.radiopiu.net\/wordpress\/wp-content\/uploads\/2023\/12\/Cartolina-di-Siusi-e-Punta-Santner-3-150x150.jpg\" class=\"attachment-thumbnail size-thumbnail\" alt=\"\" aria-describedby=\"gallery-1-365591\" \/><\/a>\n\t\t\t\t<\/dt>\n\t\t\t\t\t<dd class='wp-caption-text gallery-caption' id='gallery-1-365591'>\n\t\t\t\t\tCartolina di qualche anno fa\n\t\t\t\t\t<\/dd><\/dl><br style=\"clear: both\" \/>\n\t\t\t<\/div>\n\n<p>&nbsp;<\/p>\n<p>&nbsp;<\/p>\n<p>********<\/p>\n","protected":false},"excerpt":{"rendered":"<p>***** &nbsp; DI GIORGIO FONTANIVE Come gi\u00e0 ampiamente divulgato, il palazzo delle Contesse di Mel ospita la mostra \u201cRiflessioni d\u2019acqua, impressioni di roccia &#8211; tre secoli di pittura \u2019700 \u2019800 \u2019900\u201d; la rassegna \u00e8 stata organizzata dall\u2019associazione Artdolomites Aps: inaugurata il 21 ottobre e rester\u00e0 visitabile fino al 21 gennaio 2024. Merita la visita. Interessante&hellip;<\/p>\n","protected":false},"author":4,"featured_media":365593,"comment_status":"closed","ping_status":"closed","sticky":false,"template":"","format":"standard","meta":{"_monsterinsights_skip_tracking":false,"_monsterinsights_sitenote_active":false,"_monsterinsights_sitenote_note":"","_monsterinsights_sitenote_category":0,"footnotes":""},"categories":[49],"tags":[],"class_list":["post-365590","post","type-post","status-publish","format-standard","has-post-thumbnail","hentry","category-news-18","category-49","description-off"],"img_url":"https:\/\/www.radiopiu.net\/wordpress\/wp-content\/uploads\/2023\/12\/Siusi-allo-Sciliar-1.jpg","_links":{"self":[{"href":"https:\/\/www.radiopiu.net\/wordpress\/wp-json\/wp\/v2\/posts\/365590","targetHints":{"allow":["GET"]}}],"collection":[{"href":"https:\/\/www.radiopiu.net\/wordpress\/wp-json\/wp\/v2\/posts"}],"about":[{"href":"https:\/\/www.radiopiu.net\/wordpress\/wp-json\/wp\/v2\/types\/post"}],"author":[{"embeddable":true,"href":"https:\/\/www.radiopiu.net\/wordpress\/wp-json\/wp\/v2\/users\/4"}],"replies":[{"embeddable":true,"href":"https:\/\/www.radiopiu.net\/wordpress\/wp-json\/wp\/v2\/comments?post=365590"}],"version-history":[{"count":0,"href":"https:\/\/www.radiopiu.net\/wordpress\/wp-json\/wp\/v2\/posts\/365590\/revisions"}],"wp:featuredmedia":[{"embeddable":true,"href":"https:\/\/www.radiopiu.net\/wordpress\/wp-json\/wp\/v2\/media\/365593"}],"wp:attachment":[{"href":"https:\/\/www.radiopiu.net\/wordpress\/wp-json\/wp\/v2\/media?parent=365590"}],"wp:term":[{"taxonomy":"category","embeddable":true,"href":"https:\/\/www.radiopiu.net\/wordpress\/wp-json\/wp\/v2\/categories?post=365590"},{"taxonomy":"post_tag","embeddable":true,"href":"https:\/\/www.radiopiu.net\/wordpress\/wp-json\/wp\/v2\/tags?post=365590"}],"curies":[{"name":"wp","href":"https:\/\/api.w.org\/{rel}","templated":true}]}}