{"id":365619,"date":"2023-12-12T05:06:13","date_gmt":"2023-12-12T04:06:13","guid":{"rendered":"https:\/\/www.radiopiu.net\/wordpress\/?p=365619"},"modified":"2023-12-12T06:15:17","modified_gmt":"2023-12-12T05:15:17","slug":"viabilita-bellunese-sotto-la-lente","status":"publish","type":"post","link":"https:\/\/www.radiopiu.net\/wordpress\/viabilita-bellunese-sotto-la-lente\/","title":{"rendered":"VIABILITA&#8217; BELLUNESE SOTTO LA LENTE, PADRIN NE PARLA CON SALVINI"},"content":{"rendered":"<p>*****<\/p>\n<p>&nbsp;<\/p>\n<p><strong><a class=\"dt-pswp-item\" href=\"https:\/\/www.radiopiu.net\/wordpress\/wp-content\/uploads\/2023\/12\/Tessera-11-dicembre-scaled.jpg\" data-dt-img-description=\"\" data-large_image_width=\"2560\" data-large_image_height=\"1920\"><img loading=\"lazy\" decoding=\"async\" class=\" wp-image-365622 alignleft\" src=\"https:\/\/www.radiopiu.net\/wordpress\/wp-content\/uploads\/2023\/12\/Tessera-11-dicembre-300x225.jpg\" alt=\"\" width=\"208\" height=\"156\" srcset=\"https:\/\/www.radiopiu.net\/wordpress\/wp-content\/uploads\/2023\/12\/Tessera-11-dicembre-300x225.jpg 300w, https:\/\/www.radiopiu.net\/wordpress\/wp-content\/uploads\/2023\/12\/Tessera-11-dicembre-1024x768.jpg 1024w, https:\/\/www.radiopiu.net\/wordpress\/wp-content\/uploads\/2023\/12\/Tessera-11-dicembre-768x576.jpg 768w, https:\/\/www.radiopiu.net\/wordpress\/wp-content\/uploads\/2023\/12\/Tessera-11-dicembre-1536x1152.jpg 1536w, https:\/\/www.radiopiu.net\/wordpress\/wp-content\/uploads\/2023\/12\/Tessera-11-dicembre-2048x1536.jpg 2048w\" sizes=\"auto, (max-width: 208px) 100vw, 208px\" \/><\/a>BELLUNO<\/strong> Le varianti della Alemagna e la viabilit\u00e0 bellunese in generale saranno oggetto di un incontro al Ministero Infrastrutture e Trasporti. Ne ha parlato questa mattina il presidente della Provincia di Belluno Roberto Padrin direttamente con il ministro Matteo Salvini. L\u2019occasione \u00e8 stata la posa della prima pietra del collegamento ferroviario all\u2019aeroporto di Venezia, a cui Padrin ha preso parte come vice presidente di Upi regionale, in rappresentanza di tutte le Province del Veneto. A margine della cerimonia, il presidente Padrin ha incontrato brevemente il ministro e gli ha sottoposto la questione sia della viabilit\u00e0 olimpica sia anche delle altre criticit\u00e0 infrastrutturali bellunesi, in particolare la 203 Agordina. \u00abIl ministro Salvini ha confermato lo stanziamento per le varianti di Cortina e Longarone, e mi ha assicurato una rapida programmazione per un incontro a Roma, a 360 gradi, sulle infrastrutture del territorio bellunese\u00bb, afferma il presidente Padrin. \u00abI ritardi sulle opere per le Olimpiadi sono ormai acclarati, ma ci dovr\u00e0 essere il modo per accelerare. Non dimentichiamoci per\u00f2 che oltre al collegamento con Cortina ci sono altre strade fondamentali per la nostra provincia, su tutte la 203 Agordina, ed \u00e8 uno dei temi che ho anticipato al ministro\u00bb. Il presidente Padrin ha sottolineato anche i rallentamenti e le code verificatesi ieri sulla Alemagna. \u00abUna strada che cos\u00ec come \u00e8 oggi non \u00e8 in grado di sopportare flussi di traffico come quelli visti nel ponte dell\u2019Immacolata. Ma che potr\u00e0 sicuramente funzionare meglio quando saranno completate tutte le varianti, sia quelle di Longarone e di Cortina, per le quali il ministro mi ha confermato che si sta concludendo l\u2019iter autorizzativo, sia quelle della Valboite\u00bb. \u00abComprendo il disagio degli automobilisti che sono dovuti rimanere in coda per ore tra Cortina e la A27 &#8211; conclude il presidente Padrin -, ma cerchiamo di leggervi un dato positivo: le Dolomiti Bellunesi al primo appuntamento con la stagione sciistica e al primo weekend lungo hanno risposto con un appeal grandioso. Le nostre montagne sono meta di grande turismo e questo \u00e8 fondamentale per l\u2019economia del territorio e per le comunit\u00e0 locali\u00bb.<\/p>\n<p><strong>IL PRESIDENTE DELLA PROVINCIA DI BELLUNO ROBERTO PADRIN<\/strong><\/p>\n<audio class=\"wp-audio-shortcode\" id=\"audio-365619-1\" preload=\"none\" style=\"width: 100%;\" controls=\"controls\"><source type=\"audio\/mpeg\" src=\"https:\/\/www.radiopiu.net\/wordpress\/wp-content\/uploads\/2023\/12\/PADRIN-VIABILITA.mp3?_=1\" \/><a href=\"https:\/\/www.radiopiu.net\/wordpress\/wp-content\/uploads\/2023\/12\/PADRIN-VIABILITA.mp3\">https:\/\/www.radiopiu.net\/wordpress\/wp-content\/uploads\/2023\/12\/PADRIN-VIABILITA.mp3<\/a><\/audio>\n<p>&nbsp;<\/p>\n<p>********<\/p>\n","protected":false},"excerpt":{"rendered":"<p>***** &nbsp; BELLUNO Le varianti della Alemagna e la viabilit\u00e0 bellunese in generale saranno oggetto di un incontro al Ministero Infrastrutture e Trasporti. Ne ha parlato questa mattina il presidente della Provincia di Belluno Roberto Padrin direttamente con il ministro Matteo Salvini. L\u2019occasione \u00e8 stata la posa della prima pietra del collegamento ferroviario all\u2019aeroporto di&hellip;<\/p>\n","protected":false},"author":4,"featured_media":365622,"comment_status":"closed","ping_status":"closed","sticky":false,"template":"","format":"standard","meta":{"_monsterinsights_skip_tracking":false,"_monsterinsights_sitenote_active":false,"_monsterinsights_sitenote_note":"","_monsterinsights_sitenote_category":0,"footnotes":""},"categories":[104,49],"tags":[],"class_list":["post-365619","post","type-post","status-publish","format-standard","has-post-thumbnail","hentry","category-evidenza_3","category-news-18","category-104","category-49","description-off"],"img_url":"https:\/\/www.radiopiu.net\/wordpress\/wp-content\/uploads\/2023\/12\/Tessera-11-dicembre-scaled.jpg","_links":{"self":[{"href":"https:\/\/www.radiopiu.net\/wordpress\/wp-json\/wp\/v2\/posts\/365619","targetHints":{"allow":["GET"]}}],"collection":[{"href":"https:\/\/www.radiopiu.net\/wordpress\/wp-json\/wp\/v2\/posts"}],"about":[{"href":"https:\/\/www.radiopiu.net\/wordpress\/wp-json\/wp\/v2\/types\/post"}],"author":[{"embeddable":true,"href":"https:\/\/www.radiopiu.net\/wordpress\/wp-json\/wp\/v2\/users\/4"}],"replies":[{"embeddable":true,"href":"https:\/\/www.radiopiu.net\/wordpress\/wp-json\/wp\/v2\/comments?post=365619"}],"version-history":[{"count":0,"href":"https:\/\/www.radiopiu.net\/wordpress\/wp-json\/wp\/v2\/posts\/365619\/revisions"}],"wp:featuredmedia":[{"embeddable":true,"href":"https:\/\/www.radiopiu.net\/wordpress\/wp-json\/wp\/v2\/media\/365622"}],"wp:attachment":[{"href":"https:\/\/www.radiopiu.net\/wordpress\/wp-json\/wp\/v2\/media?parent=365619"}],"wp:term":[{"taxonomy":"category","embeddable":true,"href":"https:\/\/www.radiopiu.net\/wordpress\/wp-json\/wp\/v2\/categories?post=365619"},{"taxonomy":"post_tag","embeddable":true,"href":"https:\/\/www.radiopiu.net\/wordpress\/wp-json\/wp\/v2\/tags?post=365619"}],"curies":[{"name":"wp","href":"https:\/\/api.w.org\/{rel}","templated":true}]}}