{"id":365653,"date":"2023-12-11T19:16:07","date_gmt":"2023-12-11T18:16:07","guid":{"rendered":"https:\/\/www.radiopiu.net\/wordpress\/?p=365653"},"modified":"2023-12-12T06:16:05","modified_gmt":"2023-12-12T05:16:05","slug":"alleghe-la-gioia-di-una-piazza-di-nuovo-in-festa","status":"publish","type":"post","link":"https:\/\/www.radiopiu.net\/wordpress\/alleghe-la-gioia-di-una-piazza-di-nuovo-in-festa\/","title":{"rendered":"ALLEGHE: LA GIOIA DI UNA PIAZZA DI NUOVO IN FESTA"},"content":{"rendered":"<p>******<\/p>\n<p>&nbsp;<\/p>\n<p><strong>di Giada Da Tos, Pro Loco di Alleghe<\/strong><\/p>\n<p>Lo scorso venerd\u00ec 8 dicembre ad Alleghe si sono svolti non uno ma ben due eventi organizzati dalla Pro Loco: il primo a carattere culturale ed il secondo invece ha visto l\u2019arrivo di Babbo Natale e l\u2019accensione dell\u2019albero di Natale in piazza al paese. Il minimo comun denominatore di entrambi gli eventi \u00e8 stata la gioia delle persone che ne hanno preso parte. Nel pomeriggio si \u00e8 tenuta l\u2019inaugurazione del percorso poetico dedicato ad Afra Riccitiello, poetessa alleghese che per il paese amava non solo scrivere ma anche organizzare eventi e momenti di condivisione nel suo bel centro. Afra credeva che i giovani fossero il fulcro vitale del paese e li stimolava a cercare nuovi modi per mantenere accesa la curiosit\u00e0, la fantasia e la passione che avrebbero permesso ad Alleghe di rimanere un paese gioioso e bello da vivere e visitare. Durante l\u2019inaugurazione sono stati svelati i pannelli installati nel lungo lago del paese, i cui leggii sono stati generosamente offerti da Officina Meccanica ValFassa, con le poesie che Afra Riccitiello ha scritto su Alleghe. Al termine dell\u2019inaugurazione, ci si \u00e8 ritrovati tutti assieme in pizza ad Alleghe dove i bambini, circa un centinaio, hanno potuto scrivere la letterina dei desideri ed hanno ricevuto un piccolo dono da Babbo Natale. Ad accompagnare questo bel momento, DJ set con DJ Jack, t\u00e8 e vin brul\u00e8, ma anche biscotti e grafogn fatti a mano da molti compaesani. Il programma della serata prevedeva poi l\u2019accensione dell\u2019albero di Natale e musica live con la talentuosa Jessica Lena, cantante agordina. Ma non \u00e8 stata l\u2019accensione dell\u2019albero di Natale ad illuminare il centro del nostro bel paese, bens\u00ec i volti sorridenti di grandi e piccini che hanno riempito la piazza.<br \/>\nE chi ci avrebbe creduto alla vigilia dell\u2019evento che la piazza di Alleghe si sarebbe finalmente riempita di tanta gente come non capitava pi\u00f9 da anni? I presupposti c\u2019erano, ma qui ad Alleghe non non ci eravamo pi\u00f9 abituati. Vedere paesani e turisti, adulti e bambini, condividere la gioia del Natale \u00e8 stato un momento a dir poco emozionante. Proprio per questo la soddisfazione \u00e8 stata ancora pi\u00f9 grande e ci da la forza per continuare ad impegnarci ed a credere nel potenziale, spesso inespresso, del nostro paese. Un doveroso ringraziamento va a tutti i volontari, ai nostri sostenitori che in vari modi hanno contribuito alla buona riuscita dell\u2019evento, al Comune di Alleghe ed alla famiglia di Afra che ha creduto nei giovani della Pro Loco ed ha appoggiato il loro progetto.<\/p>\n\n\t\t\t<style type='text\/css'>\n\t\t\t\t#gallery-1 {\n\t\t\t\t\tmargin: auto;\n\t\t\t\t}\n\t\t\t\t#gallery-1 .gallery-item {\n\t\t\t\t\tfloat: left;\n\t\t\t\t\tmargin-top: 10px;\n\t\t\t\t\ttext-align: center;\n\t\t\t\t\twidth: 25%;\n\t\t\t\t}\n\t\t\t\t#gallery-1 img {\n\t\t\t\t\tborder: 2px solid #cfcfcf;\n\t\t\t\t}\n\t\t\t\t#gallery-1 .gallery-caption {\n\t\t\t\t\tmargin-left: 0;\n\t\t\t\t}\n\t\t\t\t\/* see gallery_shortcode() in wp-includes\/media.php *\/\n\t\t\t<\/style>\n\t\t<div id='gallery-1' class='dt-gallery-container gallery galleryid-365653 gallery-columns-4 gallery-size-thumbnail'><dl class='gallery-item'>\n\t\t\t\t<dt class='gallery-icon portrait'>\n\t\t\t\t\t<a class=\"rollover rollover-zoom dt-pswp-item\" title=\"9e12f4a3-b3f4-4226-8055-4eb6c1309c85\" data-dt-img-description=\"\" data-large_image_width=\"768\" data-large_image_height=\"1024\"href='https:\/\/www.radiopiu.net\/wordpress\/wp-content\/uploads\/2023\/12\/9e12f4a3-b3f4-4226-8055-4eb6c1309c85.jpg'><img loading=\"lazy\" decoding=\"async\" width=\"150\" height=\"150\" src=\"https:\/\/www.radiopiu.net\/wordpress\/wp-content\/uploads\/2023\/12\/9e12f4a3-b3f4-4226-8055-4eb6c1309c85-150x150.jpg\" class=\"attachment-thumbnail size-thumbnail\" alt=\"\" \/><\/a>\n\t\t\t\t<\/dt><\/dl><dl class='gallery-item'>\n\t\t\t\t<dt class='gallery-icon landscape'>\n\t\t\t\t\t<a class=\"rollover rollover-zoom dt-pswp-item\" title=\"db8b1260-0faa-43bd-88bb-23f312d68feb\" data-dt-img-description=\"\" data-large_image_width=\"1024\" data-large_image_height=\"471\"href='https:\/\/www.radiopiu.net\/wordpress\/wp-content\/uploads\/2023\/12\/db8b1260-0faa-43bd-88bb-23f312d68feb.jpg'><img loading=\"lazy\" decoding=\"async\" width=\"150\" height=\"150\" src=\"https:\/\/www.radiopiu.net\/wordpress\/wp-content\/uploads\/2023\/12\/db8b1260-0faa-43bd-88bb-23f312d68feb-150x150.jpg\" class=\"attachment-thumbnail size-thumbnail\" alt=\"\" \/><\/a>\n\t\t\t\t<\/dt><\/dl><dl class='gallery-item'>\n\t\t\t\t<dt class='gallery-icon landscape'>\n\t\t\t\t\t<a class=\"rollover rollover-zoom dt-pswp-item\" title=\"82aa659e-7146-4825-833e-403b77dd8d64\" data-dt-img-description=\"\" data-large_image_width=\"1024\" data-large_image_height=\"471\"href='https:\/\/www.radiopiu.net\/wordpress\/wp-content\/uploads\/2023\/12\/82aa659e-7146-4825-833e-403b77dd8d64.jpg'><img loading=\"lazy\" decoding=\"async\" width=\"150\" height=\"150\" src=\"https:\/\/www.radiopiu.net\/wordpress\/wp-content\/uploads\/2023\/12\/82aa659e-7146-4825-833e-403b77dd8d64-150x150.jpg\" class=\"attachment-thumbnail size-thumbnail\" alt=\"\" \/><\/a>\n\t\t\t\t<\/dt><\/dl><dl class='gallery-item'>\n\t\t\t\t<dt class='gallery-icon landscape'>\n\t\t\t\t\t<a class=\"rollover rollover-zoom dt-pswp-item\" title=\"9ac5f2ea-4e1a-40cc-bfd2-c02f22025e3f\" data-dt-img-description=\"\" data-large_image_width=\"1024\" data-large_image_height=\"683\"href='https:\/\/www.radiopiu.net\/wordpress\/wp-content\/uploads\/2023\/12\/9ac5f2ea-4e1a-40cc-bfd2-c02f22025e3f.jpg'><img loading=\"lazy\" decoding=\"async\" width=\"150\" height=\"150\" src=\"https:\/\/www.radiopiu.net\/wordpress\/wp-content\/uploads\/2023\/12\/9ac5f2ea-4e1a-40cc-bfd2-c02f22025e3f-150x150.jpg\" class=\"attachment-thumbnail size-thumbnail\" alt=\"\" \/><\/a>\n\t\t\t\t<\/dt><\/dl><br style=\"clear: both\" \/><dl class='gallery-item'>\n\t\t\t\t<dt class='gallery-icon landscape'>\n\t\t\t\t\t<a class=\"rollover rollover-zoom dt-pswp-item\" title=\"f1997471-d03f-4331-9196-52b4b8e6f741\" data-dt-img-description=\"\" data-large_image_width=\"1024\" data-large_image_height=\"683\"href='https:\/\/www.radiopiu.net\/wordpress\/wp-content\/uploads\/2023\/12\/f1997471-d03f-4331-9196-52b4b8e6f741.jpg'><img loading=\"lazy\" decoding=\"async\" width=\"150\" height=\"150\" src=\"https:\/\/www.radiopiu.net\/wordpress\/wp-content\/uploads\/2023\/12\/f1997471-d03f-4331-9196-52b4b8e6f741-150x150.jpg\" class=\"attachment-thumbnail size-thumbnail\" alt=\"\" \/><\/a>\n\t\t\t\t<\/dt><\/dl><dl class='gallery-item'>\n\t\t\t\t<dt class='gallery-icon landscape'>\n\t\t\t\t\t<a class=\"rollover rollover-zoom dt-pswp-item\" title=\"c55f23fe-c639-4386-b284-cc5ca6394b30\" data-dt-img-description=\"\" data-large_image_width=\"1024\" data-large_image_height=\"683\"href='https:\/\/www.radiopiu.net\/wordpress\/wp-content\/uploads\/2023\/12\/c55f23fe-c639-4386-b284-cc5ca6394b30.jpg'><img loading=\"lazy\" decoding=\"async\" width=\"150\" height=\"150\" src=\"https:\/\/www.radiopiu.net\/wordpress\/wp-content\/uploads\/2023\/12\/c55f23fe-c639-4386-b284-cc5ca6394b30-150x150.jpg\" class=\"attachment-thumbnail size-thumbnail\" alt=\"\" \/><\/a>\n\t\t\t\t<\/dt><\/dl><dl class='gallery-item'>\n\t\t\t\t<dt class='gallery-icon portrait'>\n\t\t\t\t\t<a class=\"rollover rollover-zoom dt-pswp-item\" title=\"f24c87c5-8490-4e9e-8f4d-87b7c8926e5f\" data-dt-img-description=\"\" data-large_image_width=\"682\" data-large_image_height=\"1024\"href='https:\/\/www.radiopiu.net\/wordpress\/wp-content\/uploads\/2023\/12\/f24c87c5-8490-4e9e-8f4d-87b7c8926e5f.jpg'><img loading=\"lazy\" decoding=\"async\" width=\"150\" height=\"150\" src=\"https:\/\/www.radiopiu.net\/wordpress\/wp-content\/uploads\/2023\/12\/f24c87c5-8490-4e9e-8f4d-87b7c8926e5f-150x150.jpg\" class=\"attachment-thumbnail size-thumbnail\" alt=\"\" \/><\/a>\n\t\t\t\t<\/dt><\/dl>\n\t\t\t\t<br style='clear: both' \/>\n\t\t\t<\/div>\n\n<p>&nbsp;<\/p>\n<p>*******<\/p>\n","protected":false},"excerpt":{"rendered":"<p>****** &nbsp; di Giada Da Tos, Pro Loco di Alleghe Lo scorso venerd\u00ec 8 dicembre ad Alleghe si sono svolti non uno ma ben due eventi organizzati dalla Pro Loco: il primo a carattere culturale ed il secondo invece ha visto l\u2019arrivo di Babbo Natale e l\u2019accensione dell\u2019albero di Natale in piazza al paese. Il&hellip;<\/p>\n","protected":false},"author":4,"featured_media":365657,"comment_status":"closed","ping_status":"closed","sticky":false,"template":"","format":"standard","meta":{"_monsterinsights_skip_tracking":false,"_monsterinsights_sitenote_active":false,"_monsterinsights_sitenote_note":"","_monsterinsights_sitenote_category":0,"footnotes":""},"categories":[104,49],"tags":[],"class_list":["post-365653","post","type-post","status-publish","format-standard","has-post-thumbnail","hentry","category-evidenza_3","category-news-18","category-104","category-49","description-off"],"img_url":"https:\/\/www.radiopiu.net\/wordpress\/wp-content\/uploads\/2023\/12\/db8b1260-0faa-43bd-88bb-23f312d68feb.jpg","_links":{"self":[{"href":"https:\/\/www.radiopiu.net\/wordpress\/wp-json\/wp\/v2\/posts\/365653","targetHints":{"allow":["GET"]}}],"collection":[{"href":"https:\/\/www.radiopiu.net\/wordpress\/wp-json\/wp\/v2\/posts"}],"about":[{"href":"https:\/\/www.radiopiu.net\/wordpress\/wp-json\/wp\/v2\/types\/post"}],"author":[{"embeddable":true,"href":"https:\/\/www.radiopiu.net\/wordpress\/wp-json\/wp\/v2\/users\/4"}],"replies":[{"embeddable":true,"href":"https:\/\/www.radiopiu.net\/wordpress\/wp-json\/wp\/v2\/comments?post=365653"}],"version-history":[{"count":0,"href":"https:\/\/www.radiopiu.net\/wordpress\/wp-json\/wp\/v2\/posts\/365653\/revisions"}],"wp:featuredmedia":[{"embeddable":true,"href":"https:\/\/www.radiopiu.net\/wordpress\/wp-json\/wp\/v2\/media\/365657"}],"wp:attachment":[{"href":"https:\/\/www.radiopiu.net\/wordpress\/wp-json\/wp\/v2\/media?parent=365653"}],"wp:term":[{"taxonomy":"category","embeddable":true,"href":"https:\/\/www.radiopiu.net\/wordpress\/wp-json\/wp\/v2\/categories?post=365653"},{"taxonomy":"post_tag","embeddable":true,"href":"https:\/\/www.radiopiu.net\/wordpress\/wp-json\/wp\/v2\/tags?post=365653"}],"curies":[{"name":"wp","href":"https:\/\/api.w.org\/{rel}","templated":true}]}}