{"id":365722,"date":"2023-12-12T07:55:50","date_gmt":"2023-12-12T06:55:50","guid":{"rendered":"https:\/\/www.radiopiu.net\/wordpress\/?p=365722"},"modified":"2023-12-12T08:35:43","modified_gmt":"2023-12-12T07:35:43","slug":"loriginale-dal-1983-la-rassegna-stampa-locale-di-mirko-mezzacasa-3","status":"publish","type":"post","link":"https:\/\/www.radiopiu.net\/wordpress\/loriginale-dal-1983-la-rassegna-stampa-locale-di-mirko-mezzacasa-3\/","title":{"rendered":"L&#8217;ORIGINALE! DAL 1983 LA RASSEGNA STAMPA LOCALE DI MIRKO MEZZACASA"},"content":{"rendered":"<p><strong>E OGNI GIORNO ALLE SETTE DEL MATTINO NON PERDERTI LE ANTICIPAZIONI, QUELLE VELOCI, PER CHI VA DI FRETTA E ALLE CHIACCHIERE&#8230; PREFERISCE LE NOTIZIE. ALLE SETTE UN&#8217;AMPIA PANORAMICA SUI TITOLI DEL GIORNALE BELLUNESE CORRIERE DELLE ALPI, DAL SITO DI RADIO PIU&#8217; DA ANTENNA 3\u00a0 E DAL GAZZETTINO<\/strong><\/p>\n<p>&nbsp;<\/p>\n<p><iframe loading=\"lazy\" title=\"L&#039;ORIGINALE! DAL 1983 LA RASSEGNA STAMPA LOCALE DI MIRKO MEZZACASA\" width=\"1200\" height=\"675\" src=\"https:\/\/www.youtube.com\/embed\/VgpdMnvx2e8?feature=oembed\" frameborder=\"0\" allow=\"accelerometer; autoplay; clipboard-write; encrypted-media; gyroscope; picture-in-picture; web-share\" allowfullscreen><\/iframe><\/p>\n<p>&nbsp;<\/p>\n<p><strong>TRA LEGA E FORZA ITALIA<\/strong> \u00e8 gi\u00e0 scontro. Motivo del contendere non solo la pista da bob a Cortina tanto cara a Salvini, ma anche il terzo mandato che a Tajani scoccia, ma non a Zaia. Durissimo Tosi &#8220;Zaia governa dal 2010, ma vorrebbe farlo sempre&#8221;.<br \/>\n<strong>VIABILITA<\/strong>&#8216; Basta con le emergenze, Luchetta dalla Provincia &#8220;cosi&#8217; nel 2026? Un disastro&#8221;<br \/>\n<strong>INCIDENTE SUL LAVORO<\/strong> grave un operaio porato all&#8217;ospedale di Treviso dopo la caduta dal soppalco mentre lavorava (come esterno) alla Goland di Fonzaso.<br \/>\n<strong>BELLUNO<\/strong> Ieri pomeriggio, intorno alle 15.30, un incidente tra un camion e un&#8217;auto ha causato la chiusura temporanea della strada che porta a Castion. L&#8217;intervento della Volante della questura, dei vigili urbani e dei carabinieri \u00e8 stato necessario per gestire la situazione. Fortunatamente, non ci sono stati feriti gravi<br \/>\n<strong>BUSCHE<\/strong> Tre auto incidentate, un uomo estratto dall&#8217;auto dai vigili del fuoco. Ieri alle 14 lungo la statale 50, frontale tra due Golf, la terza ha completato il cerchio con un tamponamento. Fortunatamente nessun ferito grave.<br \/>\n<strong>FELTRE<\/strong> Un conducente &#8220;ignoto&#8221; ha distrutto la cabina telefonica trasformata in biblioteca&#8221;&#8221; davanti all&#8217;istituto Colotti a Feltre, danneggiando quattro auto parcheggiate. L&#8217;incidente \u00e8 avvenuto intorno all&#8217;1 e 30 di domenica. La cabina telefonica convertita in angolo letterario \u00e8 stata gravemente danneggiata, con libri sparsi ovunque. I vigili del fuoco hanno rimosso i danni, mentre i carabinieri indagano sull&#8217;incidente e cercano il conducente responsabile, che si \u00e8 dileguato dopo l&#8217;incidente.<br \/>\n<strong>REDAZIONE<\/strong> Ieri sera un esemplare di lupo \u00e8 stato avvistato sulla strada per l&#8217;ospedale\u00a0 di Agordo in prossimit\u00e0 del deposito di Renzo Benvegn\u00f9, la segnalazione in radio attorno alle 18, Nella notte fra domenica e luned\u00ec, a Bettin di Belluno i lupi hanno fatto una predazione di un capriolo a soli trenta metri da una casa.<br \/>\n<strong>ROCCA PIETORE<\/strong> Possibile autopsia sulla salma di Carlo Sorar\u00f9 dopo incidente mortale. Ancora non sono stati fissati i funerali di Carlo Sorar\u00f9, 54 anni, dipendente della Impianti Padon, deceduto in un incidente stradale sabato notte.<br \/>\n<strong>BELLUNO<\/strong> Se n&#8217;\u00e8 andata a soli 45 anni Roberta Dal Farra, per lungo tempo stimata collaboratrice di Palazzo Rosso negli uffici anagrafe. I funerali domani alle 15 a Cavarzano<br \/>\n<strong>VAL DI ZOLDO <\/strong>Una rottura di una tubatura dell&#8217;acquedotto a Val di Zoldo ha lasciato a secco i rubinetti degli abitanti di Forno. La causa un evento franoso di vaste proporzioni che ha coinvolto la strada Baron-Castelaz. Il Bim \u00e8 intervenuto per riparare la tubatura, e nel frattempo, \u00e8 stata fornita acqua tramite un&#8217;autocisterna<br \/>\n<strong>BELLUNO<\/strong> Il presidente della Provincia di Belluno, Roberto Padrin, ha discusso con il ministro delle Infrastrutture e Trasporti, Matteo Salvini, riguardo alle varianti della Alemagna e alle criticit\u00e0 infrastrutturali bellunesi<br \/>\n<strong>VIABILITA&#8217; AGORDINA. LUCHETTA &#8220;NEL 2026 SARA&#8217; UN DISASTRO&#8221; <\/strong>siamo tornati indietro di anni<br \/>\nTAJANI DICE NO AL TERZO MANDATO, ZAIA RISPONDE Il Ministro Tajani dice no al terzo mandato per sindaci e presidenti della regione. Le dichiarazioni di Luca Zaia, governatore del Veneto SUL SITO DI RADIOPIU<br \/>\n<strong>IL SALVINI OLIMPICO<\/strong>\u00a0 &#8220;ASSICURO AI VENETI CHE NON CI SARANNO SCIPPI, IL BOB DEVE ESSERE A CORTINA<br \/>\nPISTA DA BOB A CORTINA: BERTON ELOGIA LE PAROLE DI SALVINI<br \/>\n***POSTE AD AGORDO, GRAVI CRITICITA&#8217; DI SICUREZZA, SCATTA LA DENUNCIA SINDACALE IL DOCUMENTO SUL SITO DI RADIOPIU<br \/>\nSTRADA SILVOPASTORALE IN ALPAGO. ZANONI (PD) NON CI STA<br \/>\n<strong>BELLUNO<\/strong>, AL VIA LA CAMPAGNA \u201cBASTA BOTTI\u201d<br \/>\n<strong>COLLAUDATO<\/strong> IL PIANO NEVE A BORGO VALBELLUNA<br \/>\n<strong>DAL MAGRO<\/strong> ESPRIME PREOCCUPAZIONE PER L&#8217;ACQUISIZIONE DI DOLOMITI AMBIENTE DA PARTE DI BIM GSP<br \/>\n<strong>IL CAI<\/strong> DI AGORDO CERCA UN NUOVO GESTORE PER IL RIFUGIO SCARPA-GUREKIAN<br \/>\nSONIA ANDRICH VOLONTARIA A LA PAZ IN BOLIVIA, PROMUOVE UNA RACCOLTA FONDI<br \/>\n<strong>CORTINA<\/strong> IN UNA TELA DI DE PISIS? NO, SI TRATTA DI SIUSI ALLO SCILIAR (BZ)<br \/>\n<strong>ALLEGHE:<\/strong> LA GIOIA DI UNA PIAZZA DI NUOVO IN FESTA<br \/>\n<strong>AGORDO<\/strong> NASCE LA NUOVA UNION LADINA AGORDIN SOTCIUSA<br \/>\n<strong>OGGI<\/strong> Snow Mike: Microfoni sulla Neve, Giornalisti e Campioni Olimpici sulle Piste di Falcade<\/p>\n","protected":false},"excerpt":{"rendered":"<p>E OGNI GIORNO ALLE SETTE DEL MATTINO NON PERDERTI LE ANTICIPAZIONI, QUELLE VELOCI, PER CHI VA DI FRETTA E ALLE CHIACCHIERE&#8230; PREFERISCE LE NOTIZIE. ALLE SETTE UN&#8217;AMPIA PANORAMICA SUI TITOLI DEL GIORNALE BELLUNESE CORRIERE DELLE ALPI, DAL SITO DI RADIO PIU&#8217; DA ANTENNA 3\u00a0 E DAL GAZZETTINO &nbsp; &nbsp; TRA LEGA E FORZA ITALIA \u00e8&hellip;<\/p>\n","protected":false},"author":4,"featured_media":365723,"comment_status":"closed","ping_status":"closed","sticky":false,"template":"","format":"standard","meta":{"_monsterinsights_skip_tracking":false,"_monsterinsights_sitenote_active":false,"_monsterinsights_sitenote_note":"","_monsterinsights_sitenote_category":0,"footnotes":""},"categories":[104,49,142],"tags":[],"class_list":["post-365722","post","type-post","status-publish","format-standard","has-post-thumbnail","hentry","category-evidenza_3","category-news-18","category-rassegna-stampa","category-104","category-49","category-142","description-off"],"img_url":"https:\/\/www.radiopiu.net\/wordpress\/wp-content\/uploads\/2023\/12\/CCA11.png","_links":{"self":[{"href":"https:\/\/www.radiopiu.net\/wordpress\/wp-json\/wp\/v2\/posts\/365722","targetHints":{"allow":["GET"]}}],"collection":[{"href":"https:\/\/www.radiopiu.net\/wordpress\/wp-json\/wp\/v2\/posts"}],"about":[{"href":"https:\/\/www.radiopiu.net\/wordpress\/wp-json\/wp\/v2\/types\/post"}],"author":[{"embeddable":true,"href":"https:\/\/www.radiopiu.net\/wordpress\/wp-json\/wp\/v2\/users\/4"}],"replies":[{"embeddable":true,"href":"https:\/\/www.radiopiu.net\/wordpress\/wp-json\/wp\/v2\/comments?post=365722"}],"version-history":[{"count":0,"href":"https:\/\/www.radiopiu.net\/wordpress\/wp-json\/wp\/v2\/posts\/365722\/revisions"}],"wp:featuredmedia":[{"embeddable":true,"href":"https:\/\/www.radiopiu.net\/wordpress\/wp-json\/wp\/v2\/media\/365723"}],"wp:attachment":[{"href":"https:\/\/www.radiopiu.net\/wordpress\/wp-json\/wp\/v2\/media?parent=365722"}],"wp:term":[{"taxonomy":"category","embeddable":true,"href":"https:\/\/www.radiopiu.net\/wordpress\/wp-json\/wp\/v2\/categories?post=365722"},{"taxonomy":"post_tag","embeddable":true,"href":"https:\/\/www.radiopiu.net\/wordpress\/wp-json\/wp\/v2\/tags?post=365722"}],"curies":[{"name":"wp","href":"https:\/\/api.w.org\/{rel}","templated":true}]}}