{"id":365818,"date":"2023-12-18T10:32:30","date_gmt":"2023-12-18T09:32:30","guid":{"rendered":"https:\/\/www.radiopiu.net\/wordpress\/?p=365818"},"modified":"2023-12-18T11:56:32","modified_gmt":"2023-12-18T10:56:32","slug":"rifugio-padon-e-gemma-pallua-da-40-anni-nel-comprensorio-marmolada-arabba-terre-dellorso","status":"publish","type":"post","link":"https:\/\/www.radiopiu.net\/wordpress\/rifugio-padon-e-gemma-pallua-da-40-anni-nel-comprensorio-marmolada-arabba-terre-dellorso\/","title":{"rendered":"RIFUGIO PADON E GEMMA PALLUA: DA 40 ANNI  NEL COMPRENSORIO MARMOLADA-ARABBA-TERRE DELL\u2019ORSO"},"content":{"rendered":"<p>******<\/p>\n<p>&nbsp;<\/p>\n<p><strong>di Giorgio Fontanive<\/strong><\/p>\n<p>L\u2019ingresso della loro abitazione in localit\u00e0 Sass N\u00e9gher presso la frazione Boscoverde di Rocca Pietore, \u00e8 abbellito da una singolare scultura che riassume l\u2019identit\u00e0 di Ilario De Vallier e Gemma Pallua (foto 2), ambedue impegnati nel comparto turistico valligiano: si tratta di un ceppo in cui \u00e8 scolpita una scure, non incollata &#8211; come sembra a prima vista &#8211; ma parte integrante del tronco lavorato a rappresentare l\u2019indissolubilit\u00e0 della coppia alle proprie radici sul territorio (foto 3). E le radici sono legate al lavoro, Ilario nell\u2019impiantistica di risalita da capo servizio, Gemma nell\u2019accoglienza all\u2019ospite, in questo 2023 giusto da quarant\u2019anni al Rifugio Pad\u00f3n. Ed \u00e8 questa scadenza che queste righe intendono sottolineare perch\u00e9 non \u00e8 frequente che, per un cos\u00ec lungo periodo, il gestore rimanga al suo posto nonostante i cambiamenti avvenuti nella propriet\u00e0 e tutti i problemi che possono scaturire dal lavoro a quota 2407 metri, di fronte alla Regina delle Dolomiti. Il Rifugio Pad\u00f3n trova infatti origine negli anni \u201980 nell\u2019area dell\u2019omonimo Passo che, nel corso della Grande Guerra, era stata importante deposito e stazione di arrivo di una teleferica di servizio per il fronte nella zona tra la M\u00e9sola-F.lla Pad\u00f3n-M.Pad\u00f3n (foto 4-5). L\u2019origine dello sviluppo per il collegamento con il Comprensorio Arabba-Portavescovo nasce nel 1980 per un\u2019azione imprenditoriale di vallata diretta dal geometra Italo De Zolt quand\u2019era ancora sindaco il sen. Dino Riva sotto i cui mandati venne realizzata l\u2019indispensabile \u201ccirconvallazione\u201d a scavalco dei Serrai di Sottoguda. Il primo impianto di risalita dai pressi di Capanna Bill entra in funzione nel dicembre 1981, contemporaneamente alla contestuale decisione di creare un punto di ristoro adiacente alla stazione a monte. Il rifugio trova veloce attuazione e, gi\u00e0 nel 1982, Gemma Pallua, allora ventiquattrenne vi trova occupazione lavorando ovunque occorreva e dimostrando ottime qualit\u00e0 organizzative: \u00e8 il viatico per l\u2019assegnazione della gestione nell\u2019anno successivo, inizio di una proficua collaborazione con la propriet\u00e0 fino all\u2019attuale, diretta dalla famiglia De Battista di Arabba. In questi 40 anni Gemma Pallua ha fatto crescere il rifugio parallelamente all\u2019evoluzione delle nuove mode di fare sport e dell\u2019impiantistica &#8211; dove il marito Ilario \u00e8 stato caposervizio su pi\u00f9 tratte &#8211; non solo per l\u2019ospitalit\u00e0 di \u201cstampo ladino\u201d offerta, ma con una serie di iniziative per il miglioramento della sentieristica con adeguata manutenzione &#8211; spesso confidando nell\u2019assistenza del Club Alpino e menzionando la figura dell\u2019attivo Severino Rungger, recentemente scomparso. E ancora da segnalare \u00e8 la proposta di nuovi itinerari storici legati alla Grande Guerra, la sistemazione di tratti per agevolare l\u2019uso della mountain bike (Gemma ricorda il primissimo approccio addirittura nel 1983 da parte di 2 bikers francesi) e la valorizzazione culturale con mostre sulla Grande Guerra allestite nel rifugio. In quest\u2019ultimo comparto da ribadire e sottolineare la sua vicinanza a Gabriele De Biasio, valente esperto in materie militari di Sottoguda, il cui improvviso decesso nel 2014 ha creato sconcerto e un grande vuoto culturale in tutto il comprensorio (foto 6). In questi quarant\u2019anni il rifugio ha ospitato centinaia di migliaia di visitatori; oltre al fluire di sciatori ed escursionisti, tanti personaggi hanno varcato le porte di questo panoramico riferimento di fronte alla Marmolada: nello sport della neve &#8211; ben s\u2019intende &#8211; ma anche nella politica, nell\u2019arte, nella canzone, nella televisione, nel cinema. Peccato non aver previsto un pannello con le firme di tutti i Vip (foto 7) che qui hanno trascorso parte delle loro vacanze, assistiti dall\u2019infaticabile Gemma, con men\u00f9 saporiti ed allettanti: talmente da rendere difficile il riavvio dopo una sosta troppo prolungata\u2026.Al termine di queste note il messaggio che Gemma ed Ilario desiderano trasmettere \u00e8 quello di una sincera gratitudine per la fiducia corrisposta da tutti coloro che hanno contribuito a quarant\u2019anni di attivit\u00e0 in un ambiente d\u2019alta quota &#8211; la propriet\u00e0, il personale, gli operai &#8211; talvolta in uno scenario non semplice, creando lavoro, solidariet\u00e0 alpina, rapporti umani che hanno dato vita ad amicizie e migliorando via via la qualit\u00e0 della vita attraverso i servizi offerti a turisti e valligiani. Per mezzo di questa testata noi invece ringraziamo per quanto fatto dalla coppia con un abbraccio corale a Gemma Pallua per la sua quarantennale costanza, la sua schiettezza e la sua cordialit\u00e0.<\/p>\n\n\t\t\t<style type='text\/css'>\n\t\t\t\t#gallery-1 {\n\t\t\t\t\tmargin: auto;\n\t\t\t\t}\n\t\t\t\t#gallery-1 .gallery-item {\n\t\t\t\t\tfloat: left;\n\t\t\t\t\tmargin-top: 10px;\n\t\t\t\t\ttext-align: center;\n\t\t\t\t\twidth: 14%;\n\t\t\t\t}\n\t\t\t\t#gallery-1 img {\n\t\t\t\t\tborder: 2px solid #cfcfcf;\n\t\t\t\t}\n\t\t\t\t#gallery-1 .gallery-caption {\n\t\t\t\t\tmargin-left: 0;\n\t\t\t\t}\n\t\t\t\t\/* see gallery_shortcode() in wp-includes\/media.php *\/\n\t\t\t<\/style>\n\t\t<div id='gallery-1' class='dt-gallery-container gallery galleryid-365818 gallery-columns-7 gallery-size-thumbnail'><dl class='gallery-item'>\n\t\t\t\t<dt class='gallery-icon landscape'>\n\t\t\t\t\t<a class=\"rollover rollover-zoom dt-pswp-item\" title=\"1-Rif. Padon verso Marmolada\" data-dt-img-description=\"\" data-large_image_width=\"2560\" data-large_image_height=\"1416\"href='https:\/\/www.radiopiu.net\/wordpress\/wp-content\/uploads\/2023\/12\/1-Rif.-Padon-verso-Marmolada-scaled.jpg'><img loading=\"lazy\" decoding=\"async\" width=\"150\" height=\"150\" src=\"https:\/\/www.radiopiu.net\/wordpress\/wp-content\/uploads\/2023\/12\/1-Rif.-Padon-verso-Marmolada-150x150.jpg\" class=\"attachment-thumbnail size-thumbnail\" alt=\"\" aria-describedby=\"gallery-1-365819\" \/><\/a>\n\t\t\t\t<\/dt>\n\t\t\t\t\t<dd class='wp-caption-text gallery-caption' id='gallery-1-365819'>\n\t\t\t\t\tIl Rifugio Pad\u00f3n a 2407 metri di fronte alla Marmolada\n\t\t\t\t\t<\/dd><\/dl><dl class='gallery-item'>\n\t\t\t\t<dt class='gallery-icon portrait'>\n\t\t\t\t\t<a class=\"rollover rollover-zoom dt-pswp-item\" title=\"2- El manar\u00ecn\" data-dt-img-description=\"\" data-large_image_width=\"1515\" data-large_image_height=\"2560\"href='https:\/\/www.radiopiu.net\/wordpress\/wp-content\/uploads\/2023\/12\/2-El-manarin-scaled.jpg'><img loading=\"lazy\" decoding=\"async\" width=\"150\" height=\"150\" src=\"https:\/\/www.radiopiu.net\/wordpress\/wp-content\/uploads\/2023\/12\/2-El-manarin-150x150.jpg\" class=\"attachment-thumbnail size-thumbnail\" alt=\"\" aria-describedby=\"gallery-1-365820\" \/><\/a>\n\t\t\t\t<\/dt>\n\t\t\t\t\t<dd class='wp-caption-text gallery-caption' id='gallery-1-365820'>\n\t\t\t\t\tEl z\u00f2ch col manar\u00ecn indissolubile, opera del caprilese Carletto Callegari\n\t\t\t\t\t<\/dd><\/dl><dl class='gallery-item'>\n\t\t\t\t<dt class='gallery-icon landscape'>\n\t\t\t\t\t<a class=\"rollover rollover-zoom dt-pswp-item\" title=\"3-Gemma-Ilario\" data-dt-img-description=\"\" data-large_image_width=\"2560\" data-large_image_height=\"1709\"href='https:\/\/www.radiopiu.net\/wordpress\/wp-content\/uploads\/2023\/12\/3-Gemma-Ilario-scaled.jpg'><img loading=\"lazy\" decoding=\"async\" width=\"150\" height=\"150\" src=\"https:\/\/www.radiopiu.net\/wordpress\/wp-content\/uploads\/2023\/12\/3-Gemma-Ilario-150x150.jpg\" class=\"attachment-thumbnail size-thumbnail\" alt=\"\" aria-describedby=\"gallery-1-365821\" \/><\/a>\n\t\t\t\t<\/dt>\n\t\t\t\t\t<dd class='wp-caption-text gallery-caption' id='gallery-1-365821'>\n\t\t\t\t\tIlario De Vallier di Rocca Pietore e Gemma Pallua nativa di Colle S.Lucia\n\t\t\t\t\t<\/dd><\/dl><dl class='gallery-item'>\n\t\t\t\t<dt class='gallery-icon landscape'>\n\t\t\t\t\t<a class=\"rollover rollover-zoom dt-pswp-item\" title=\"4-PADON 1916 (3)\" data-dt-img-description=\"\" data-large_image_width=\"1402\" data-large_image_height=\"973\"href='https:\/\/www.radiopiu.net\/wordpress\/wp-content\/uploads\/2023\/12\/4-PADON-1916-3.jpg'><img loading=\"lazy\" decoding=\"async\" width=\"150\" height=\"150\" src=\"https:\/\/www.radiopiu.net\/wordpress\/wp-content\/uploads\/2023\/12\/4-PADON-1916-3-150x150.jpg\" class=\"attachment-thumbnail size-thumbnail\" alt=\"\" aria-describedby=\"gallery-1-365822\" \/><\/a>\n\t\t\t\t<\/dt>\n\t\t\t\t\t<dd class='wp-caption-text gallery-caption' id='gallery-1-365822'>\n\t\t\t\t\tL\u2019area del fronte Mesola-Passo Pad\u00f3n nella Grande Guerra (1916)\n\t\t\t\t\t<\/dd><\/dl><dl class='gallery-item'>\n\t\t\t\t<dt class='gallery-icon landscape'>\n\t\t\t\t\t<a class=\"rollover rollover-zoom dt-pswp-item\" title=\"5-PADON 2016\" data-dt-img-description=\"\" data-large_image_width=\"1688\" data-large_image_height=\"1124\"href='https:\/\/www.radiopiu.net\/wordpress\/wp-content\/uploads\/2023\/12\/5-PADON-2016.jpg'><img loading=\"lazy\" decoding=\"async\" width=\"150\" height=\"150\" src=\"https:\/\/www.radiopiu.net\/wordpress\/wp-content\/uploads\/2023\/12\/5-PADON-2016-150x150.jpg\" class=\"attachment-thumbnail size-thumbnail\" alt=\"\" aria-describedby=\"gallery-1-365823\" \/><\/a>\n\t\t\t\t<\/dt>\n\t\t\t\t\t<dd class='wp-caption-text gallery-caption' id='gallery-1-365823'>\n\t\t\t\t\tStessa inquadratura un secolo dopo\n\t\t\t\t\t<\/dd><\/dl><dl class='gallery-item'>\n\t\t\t\t<dt class='gallery-icon portrait'>\n\t\t\t\t\t<a class=\"rollover rollover-zoom dt-pswp-item\" title=\"6-PADON 17 7 11\" data-dt-img-description=\"\" data-large_image_width=\"2235\" data-large_image_height=\"2243\"href='https:\/\/www.radiopiu.net\/wordpress\/wp-content\/uploads\/2023\/12\/6-PADON-17-7-11.jpg'><img loading=\"lazy\" decoding=\"async\" width=\"150\" height=\"150\" src=\"https:\/\/www.radiopiu.net\/wordpress\/wp-content\/uploads\/2023\/12\/6-PADON-17-7-11-150x150.jpg\" class=\"attachment-thumbnail size-thumbnail\" alt=\"\" aria-describedby=\"gallery-1-365824\" srcset=\"https:\/\/www.radiopiu.net\/wordpress\/wp-content\/uploads\/2023\/12\/6-PADON-17-7-11-150x150.jpg 150w, https:\/\/www.radiopiu.net\/wordpress\/wp-content\/uploads\/2023\/12\/6-PADON-17-7-11-300x300.jpg 300w, https:\/\/www.radiopiu.net\/wordpress\/wp-content\/uploads\/2023\/12\/6-PADON-17-7-11-1020x1024.jpg 1020w, https:\/\/www.radiopiu.net\/wordpress\/wp-content\/uploads\/2023\/12\/6-PADON-17-7-11-768x771.jpg 768w, https:\/\/www.radiopiu.net\/wordpress\/wp-content\/uploads\/2023\/12\/6-PADON-17-7-11-1531x1536.jpg 1531w, https:\/\/www.radiopiu.net\/wordpress\/wp-content\/uploads\/2023\/12\/6-PADON-17-7-11-2041x2048.jpg 2041w\" sizes=\"auto, (max-width: 150px) 100vw, 150px\" \/><\/a>\n\t\t\t\t<\/dt>\n\t\t\t\t\t<dd class='wp-caption-text gallery-caption' id='gallery-1-365824'>\n\t\t\t\t\tGruppo di lavoro in un\u2019esposizione di reperti al rifugio nel 2011 con addetti in divisa da Alpenj\u00e4ger; da sinistra Gemma, Dario De Lazzer e Gabriele De Biasio (1966-2014).\n\t\t\t\t\t<\/dd><\/dl><dl class='gallery-item'>\n\t\t\t\t<dt class='gallery-icon landscape'>\n\t\t\t\t\t<a class=\"rollover rollover-zoom dt-pswp-item\" title=\"7-Vettori al Padon\" data-dt-img-description=\"\" data-large_image_width=\"1518\" data-large_image_height=\"1512\"href='https:\/\/www.radiopiu.net\/wordpress\/wp-content\/uploads\/2023\/12\/7-Vettori-al-Padon.jpg'><img loading=\"lazy\" decoding=\"async\" width=\"150\" height=\"150\" src=\"https:\/\/www.radiopiu.net\/wordpress\/wp-content\/uploads\/2023\/12\/7-Vettori-al-Padon-150x150.jpg\" class=\"attachment-thumbnail size-thumbnail\" alt=\"\" aria-describedby=\"gallery-1-365825\" srcset=\"https:\/\/www.radiopiu.net\/wordpress\/wp-content\/uploads\/2023\/12\/7-Vettori-al-Padon-150x150.jpg 150w, https:\/\/www.radiopiu.net\/wordpress\/wp-content\/uploads\/2023\/12\/7-Vettori-al-Padon-300x300.jpg 300w, https:\/\/www.radiopiu.net\/wordpress\/wp-content\/uploads\/2023\/12\/7-Vettori-al-Padon-1024x1020.jpg 1024w, https:\/\/www.radiopiu.net\/wordpress\/wp-content\/uploads\/2023\/12\/7-Vettori-al-Padon-768x765.jpg 768w, https:\/\/www.radiopiu.net\/wordpress\/wp-content\/uploads\/2023\/12\/7-Vettori-al-Padon.jpg 1518w\" sizes=\"auto, (max-width: 150px) 100vw, 150px\" \/><\/a>\n\t\t\t\t<\/dt>\n\t\t\t\t\t<dd class='wp-caption-text gallery-caption' id='gallery-1-365825'>\n\t\t\t\t\tIl grafico trentino delle formiche Fabio Vettori al rifugio; Gemma ricorda tantissimi Vip suoi ospiti\u2026.Alberto Tomba, Francesco Moser, Claudia Schiffer, Ursula Andress, Romano Prodi, Francesco De Gregori, Claudio Baglioni, Francesco Gabbani\u2026.       \n\t\t\t\t\t<\/dd><\/dl><br style=\"clear: both\" \/>\n\t\t\t<\/div>\n\n<p>&nbsp;<\/p>\n<p>&nbsp;<\/p>\n<p>******<\/p>\n","protected":false},"excerpt":{"rendered":"<p>****** &nbsp; di Giorgio Fontanive L\u2019ingresso della loro abitazione in localit\u00e0 Sass N\u00e9gher presso la frazione Boscoverde di Rocca Pietore, \u00e8 abbellito da una singolare scultura che riassume l\u2019identit\u00e0 di Ilario De Vallier e Gemma Pallua (foto 2), ambedue impegnati nel comparto turistico valligiano: si tratta di un ceppo in cui \u00e8 scolpita una scure,&hellip;<\/p>\n","protected":false},"author":4,"featured_media":365819,"comment_status":"closed","ping_status":"closed","sticky":false,"template":"","format":"standard","meta":{"_monsterinsights_skip_tracking":false,"_monsterinsights_sitenote_active":false,"_monsterinsights_sitenote_note":"","_monsterinsights_sitenote_category":0,"footnotes":""},"categories":[49],"tags":[],"class_list":["post-365818","post","type-post","status-publish","format-standard","has-post-thumbnail","hentry","category-news-18","category-49","description-off"],"img_url":"https:\/\/www.radiopiu.net\/wordpress\/wp-content\/uploads\/2023\/12\/1-Rif.-Padon-verso-Marmolada-scaled.jpg","_links":{"self":[{"href":"https:\/\/www.radiopiu.net\/wordpress\/wp-json\/wp\/v2\/posts\/365818","targetHints":{"allow":["GET"]}}],"collection":[{"href":"https:\/\/www.radiopiu.net\/wordpress\/wp-json\/wp\/v2\/posts"}],"about":[{"href":"https:\/\/www.radiopiu.net\/wordpress\/wp-json\/wp\/v2\/types\/post"}],"author":[{"embeddable":true,"href":"https:\/\/www.radiopiu.net\/wordpress\/wp-json\/wp\/v2\/users\/4"}],"replies":[{"embeddable":true,"href":"https:\/\/www.radiopiu.net\/wordpress\/wp-json\/wp\/v2\/comments?post=365818"}],"version-history":[{"count":0,"href":"https:\/\/www.radiopiu.net\/wordpress\/wp-json\/wp\/v2\/posts\/365818\/revisions"}],"wp:featuredmedia":[{"embeddable":true,"href":"https:\/\/www.radiopiu.net\/wordpress\/wp-json\/wp\/v2\/media\/365819"}],"wp:attachment":[{"href":"https:\/\/www.radiopiu.net\/wordpress\/wp-json\/wp\/v2\/media?parent=365818"}],"wp:term":[{"taxonomy":"category","embeddable":true,"href":"https:\/\/www.radiopiu.net\/wordpress\/wp-json\/wp\/v2\/categories?post=365818"},{"taxonomy":"post_tag","embeddable":true,"href":"https:\/\/www.radiopiu.net\/wordpress\/wp-json\/wp\/v2\/tags?post=365818"}],"curies":[{"name":"wp","href":"https:\/\/api.w.org\/{rel}","templated":true}]}}