{"id":365842,"date":"2023-12-13T07:59:47","date_gmt":"2023-12-13T06:59:47","guid":{"rendered":"https:\/\/www.radiopiu.net\/wordpress\/?p=365842"},"modified":"2023-12-13T07:59:47","modified_gmt":"2023-12-13T06:59:47","slug":"loriginale-dal-1983-la-rassegna-stampa-locale-13-dicembre-2023","status":"publish","type":"post","link":"https:\/\/www.radiopiu.net\/wordpress\/loriginale-dal-1983-la-rassegna-stampa-locale-13-dicembre-2023\/","title":{"rendered":"L\u2019ORIGINALE! DAL 1983 LA RASSEGNA STAMPA LOCALE &#8211; 13 DICEMBRE 2023"},"content":{"rendered":"<div id=\"nat_609b99635f122b49ebfd3744\" class=\"loaded\">\n<div class=\"nat-flex nat-justify-center\">\n<div class=\"nat-widget-base nat-relative nat-w-[300px] nat-h-[250px]\">\n<div class=\"nat-items\">\n<div id=\"nat_609b99635f122b49ebfd3744_0\" class=\"nat-article nat-h-[230px] loaded\" data-width=\"300px\" data-idw=\"609b99635f122b49ebfd3744\" data-idr=\"ext::appnexus_474736636\" data-idu=\"6578040fe857316fcec35892\" data-idi=\"13235729292\" data-idic=\"\" data-pos=\"1\">\n<div class=\"nat-article-container nat-overflow-hidden\">\n<div class=\"nat-grid nat-text-left nat-whitespace-normal\">\n<div class=\"nat-flex nat-justify-between nat-items-center md:nat-gap-y-1 nat-flex-wrap\"><\/div>\n<\/div>\n<\/div>\n<\/div>\n<\/div>\n<\/div>\n<\/div>\n<\/div>\n<div id=\"nat_61dc3150cde0c2ac2d3203d0\">*****<\/div>\n<div><\/div>\n<p><strong>E OGNI GIORNO ALLE SETTE DEL MATTINO NON PERDERTI LE ANTICIPAZIONI, QUELLE VELOCI, PER CHI VA DI FRETTA E ALLE CHIACCHIERE\u2026 PREFERISCE LE NOTIZIE. ALLE SETTE UN\u2019AMPIA PANORAMICA SUI TITOLI DEL GIORNALE BELLUNESE CORRIERE DELLE ALPI, DAL SITO DI RADIO PIU\u2019 DA ANTENNA 3\u00a0 E DAL GAZZETTINO<\/strong><\/p>\n<p>https:\/\/www.youtube.com\/watch?v=m0fuO0Xqm2s<\/p>\n<p>&nbsp;<\/p>\n<p><strong>FALCADE<\/strong> E&#8217; mancata lunedi mattina\u00a0 nella Rsa di Agordo, Anna Zavalloni, la Maestra. Lo scorso febbraio aveva compiuto 102 anni<\/p>\n<p><strong>LA VALLE<\/strong> Nella serata di ieri, alle 19.55, i Vigili del Fuoco sono intervenuti prontamente per fronteggiare un incendio che ha coinvolto un fienile a La Valle Agordina, precisamente lungo la SP 347 del Passo Duran. La struttura in legno del fienile \u00e8 stata completamente distrutta dal fuoco.<\/p>\n<p><strong>ATTACCO INFORMATICO<\/strong> Nella mattinata dell&#8217;8 dicembre , un attacco informatico ha colpito il datacenter di WestPole, il service provider che gestisce l&#8217;applicativo per i servizi amministrativi di numerosi enti pubblici, inclusi circa un migliaio di comuni a livello nazionale, tra cui il Comune di Feltre<\/p>\n<p><strong>LA FERROVIA COME RIMEDIO ALLE COLONNE DELLA DOMENICA <\/strong>\u00abSiamo convinti che in questo contesto la ferrovia sia la soluzione che si intrinseca in modo complementare e perfetto all&#8217;attuale viabilit\u00e0 stradale\u00bb. Lo dice il Comitato ferrovia Dolomiti bellunesi che interviene nel dibattito scatenato dalla folle domenica che ha visto code chilometriche intasare per ore le strade della provincia, comprese quelle dell&#8217;Agordino. \u00abNon vogliamo pensare\u00bb, sottolinea il Comitato, \u00aba come avrebbero potuto gestire la situazione i vari mezzi di soccorso se, nel mezzo di un totale intasamento veicolare come quello di domenica sera, fosse capitata qualcosa di particolare gravit\u00e0\u00bb<\/p>\n<p><strong>SICUREZZA SUL LAVORO <\/strong>I Carabinieri del Nucleo Ispettorato del Lavoro di Belluno, in collaborazione con altri enti, hanno condotto controlli su vari settori, tra cui edilizia, agricoltura, commercio e studi professionali, nell&#8217;ambito della tutela della salute e sicurezza dei lavoratori. Durante l&#8217;ispezione, sono state sospese sei attivit\u00e0 imprenditoriali, di cui quattro per gravi violazioni alla sicurezza e una per lavoro &#8220;in nero&#8221;.<\/p>\n<p><strong>BELLUNO<\/strong> Primo ok al bilancio di previsione, con numeri pesanti e previsioni di entrate pi\u00f9 leggere. \u00abSar\u00e0 un altro esercizio ingessato, per effetto del prelievo forzoso &#8211; commenta il presidente della Provincia Roberto Padrin -. Ma nonostante tutto, sono previsti importanti interventi per le scuole e un contributo sostanzioso alle attivit\u00e0 delle Unioni Montane\u00bb.<\/p>\n<p><strong>TRE NUOVI VICE ISPETTORI<\/strong> Sono stati trasferiti alla Questura di Belluno tre Vice Ispettori di nuova nomina, gi\u00e0 appartenenti alla Polizia di Stato e provenienti da altre regioni, che andranno a rinforzare il servizio di controllo del territorio.<\/p>\n<p><strong>BELLUNO<\/strong> Aperte le iscrizioni al Concorso Musicale Citt\u00e0 di Belluno, che animer\u00e0 il capoluogo nell&#8217;aprile 2024: tante le novit\u00e0 in arrivo.<\/p>\n<p><strong>MARMOLADA<\/strong> La stagione invernale 2023-2024 della Marmolada prender\u00e0 ufficialmente il via il 16 dicembre, con piste perfettamente innevate e tutte e tre le funivie aperte da Malga Ciapela a Punta Rocca.<\/p>\n<p><strong>BELLUNO <\/strong>Il progetto &#8220;Le Bellunesi&#8221; \u00e8 stato presentato presso il Centro Culturale Piero Rossi di Belluno. Si tratta di un nuovo mazzo di carte regionali. I fondi raccolti andranno a supporto della ricerca per affrontare l&#8217;emergenza fitosanitaria legata al bostrico, che sta causando danni importanti ai popolamenti di abete rosso.<\/p>\n<p><strong>RIFUGIO SCARPA<\/strong> Il presidente della Sezione Agordina del CAI Dario Dell&#8217;Osbel esprime ringraziamenti a Marco Bergamo per la gestione del Rifugio Scarpa Gurekian. Non c&#8217;\u00e8 stata una rescissione anticipata del contratto, ma una comunicazione del gestore che, per motivi burocratici e temporali, al termine del vincolo (31 maggio 2024) non rinnover\u00e0 per altri sei anni.<\/p>\n<p><strong>SNOW MIKE<\/strong> Si \u00e8 tenuto nella Ski area San Pellegrino \u201cSnow Mike: Microfoni sulla Neve\u201d. Accanto al campione mondiale di ciclismo Alessandro Ballan e al campione olimpico Paolo Bettini sono scesi in pista: Ludovica Cividini di Infront, Valentina Graziosi di Sport Italia, Riccardo Magrini di Eurosport e i giornalisti di Sky Sport Carlo Vanzini, Davide Camicioli, Mauro Sanchini, Giovanni Bruno.<\/p>\n<p>&nbsp;<\/p>\n<p>&nbsp;<\/p>\n<p>*******<\/p>\n","protected":false},"excerpt":{"rendered":"<p>***** E OGNI GIORNO ALLE SETTE DEL MATTINO NON PERDERTI LE ANTICIPAZIONI, QUELLE VELOCI, PER CHI VA DI FRETTA E ALLE CHIACCHIERE\u2026 PREFERISCE LE NOTIZIE. ALLE SETTE UN\u2019AMPIA PANORAMICA SUI TITOLI DEL GIORNALE BELLUNESE CORRIERE DELLE ALPI, DAL SITO DI RADIO PIU\u2019 DA ANTENNA 3\u00a0 E DAL GAZZETTINO https:\/\/www.youtube.com\/watch?v=m0fuO0Xqm2s &nbsp; FALCADE E&#8217; mancata lunedi mattina\u00a0&hellip;<\/p>\n","protected":false},"author":4,"featured_media":365844,"comment_status":"closed","ping_status":"closed","sticky":false,"template":"","format":"standard","meta":{"_monsterinsights_skip_tracking":false,"_monsterinsights_sitenote_active":false,"_monsterinsights_sitenote_note":"","_monsterinsights_sitenote_category":0,"footnotes":""},"categories":[49],"tags":[],"class_list":["post-365842","post","type-post","status-publish","format-standard","has-post-thumbnail","hentry","category-news-18","category-49","description-off"],"img_url":"https:\/\/www.radiopiu.net\/wordpress\/wp-content\/uploads\/2023\/12\/SCR-20231213-ftjc.png","_links":{"self":[{"href":"https:\/\/www.radiopiu.net\/wordpress\/wp-json\/wp\/v2\/posts\/365842","targetHints":{"allow":["GET"]}}],"collection":[{"href":"https:\/\/www.radiopiu.net\/wordpress\/wp-json\/wp\/v2\/posts"}],"about":[{"href":"https:\/\/www.radiopiu.net\/wordpress\/wp-json\/wp\/v2\/types\/post"}],"author":[{"embeddable":true,"href":"https:\/\/www.radiopiu.net\/wordpress\/wp-json\/wp\/v2\/users\/4"}],"replies":[{"embeddable":true,"href":"https:\/\/www.radiopiu.net\/wordpress\/wp-json\/wp\/v2\/comments?post=365842"}],"version-history":[{"count":0,"href":"https:\/\/www.radiopiu.net\/wordpress\/wp-json\/wp\/v2\/posts\/365842\/revisions"}],"wp:featuredmedia":[{"embeddable":true,"href":"https:\/\/www.radiopiu.net\/wordpress\/wp-json\/wp\/v2\/media\/365844"}],"wp:attachment":[{"href":"https:\/\/www.radiopiu.net\/wordpress\/wp-json\/wp\/v2\/media?parent=365842"}],"wp:term":[{"taxonomy":"category","embeddable":true,"href":"https:\/\/www.radiopiu.net\/wordpress\/wp-json\/wp\/v2\/categories?post=365842"},{"taxonomy":"post_tag","embeddable":true,"href":"https:\/\/www.radiopiu.net\/wordpress\/wp-json\/wp\/v2\/tags?post=365842"}],"curies":[{"name":"wp","href":"https:\/\/api.w.org\/{rel}","templated":true}]}}