{"id":365861,"date":"2023-12-14T05:38:16","date_gmt":"2023-12-14T04:38:16","guid":{"rendered":"https:\/\/www.radiopiu.net\/wordpress\/?p=365861"},"modified":"2023-12-14T10:06:55","modified_gmt":"2023-12-14T09:06:55","slug":"giornale-radiopiu-14-dicembre-2023-direttore-mirko-mezzacasada-40-anni-25-giugno-1983-25-giugno-2023","status":"publish","type":"post","link":"https:\/\/www.radiopiu.net\/wordpress\/giornale-radiopiu-14-dicembre-2023-direttore-mirko-mezzacasada-40-anni-25-giugno-1983-25-giugno-2023\/","title":{"rendered":"GIORNALE RADIOPIU 14 DICEMBRE 2023 DIRETTORE MIRKO MEZZACASA\u2026DA 40 ANNI 25 GIUGNO 1983-25 GIUGNO 2023"},"content":{"rendered":"<p>*****<\/p>\n<p>&nbsp;<\/p>\n<h1 class=\"entry-title photoswipe-wrapper\">40esimo di RADIOPIU\u2026. LA VOCE DELL\u2019EMOZIONE<\/h1>\n<h2><span style=\"color: #ff0000;\">ISCRIVITI AL NOSTRO CANALE\u00a0\u00a0YOUTUBE PER SEGUIRE IN DIRETTA I PRINCIPALI PROGRAMMI DI RADIO PIU\u2019 E LE FUTURE DIRETTE IN ESTERNA. PER ISCRIVERTI <a style=\"color: #ff0000;\" href=\"https:\/\/youtube.com\/@radiopiu1527\">CLICCA QUI\u00a0<\/a>E PREMI\u00a0 \u201cIscriviti\u201d\u00a0<\/span><\/h2>\n<p>&nbsp;<\/p>\n<hr \/>\n<p>&nbsp;<\/p>\n<blockquote>\n<blockquote>\n<h1><span style=\"color: #ff0000;\">i podcast informativi del mattino &#8211; audio &#8211;\u00a0<\/span><\/h1>\n<\/blockquote>\n<p><strong><a class=\"dt-pswp-item\" href=\"https:\/\/www.radiopiu.net\/wordpress\/wp-content\/uploads\/2023\/11\/th-10.jpg\" data-dt-img-description=\"\" data-large_image_width=\"320\" data-large_image_height=\"180\"><img loading=\"lazy\" decoding=\"async\" class=\"wp-image-362866 alignleft\" src=\"https:\/\/www.radiopiu.net\/wordpress\/wp-content\/uploads\/2023\/11\/th-10-300x169.jpg\" alt=\"\" width=\"185\" height=\"104\" srcset=\"https:\/\/www.radiopiu.net\/wordpress\/wp-content\/uploads\/2023\/11\/th-10-300x169.jpg 300w, https:\/\/www.radiopiu.net\/wordpress\/wp-content\/uploads\/2023\/11\/th-10.jpg 320w\" sizes=\"auto, (max-width: 185px) 100vw, 185px\" \/><\/a>LA RASSEGNA STAMPA NAZIONALE ALLA RADIO, OGNI GIORNO ALLE 5 E ALLE 6 DEL MATTINO <span style=\"color: #0000ff;\">viene pubblicata alle 6.00 <span style=\"color: #ff0000;\">DIRETTA RADIO<\/span><\/span><\/strong><\/p>\n<p><strong>TITOLI<\/strong> In Albania si ferma il percorso per l&#8217;approvazione dell&#8217;intesa con l&#8217;Italia sui migranti, omicidio di Fiorenza Ranciglio ereditiera della nota famiglia Italo Svizzera di immobiliaristi. La compartecipazione di Sicilia e Calabria per finanziare il ponte sullo stretto per Salvini \u00e8 pi\u00f9 che ragionevole. De Benedetti definisce media set come un&#8217;azienda vecchia che non regger\u00e0 alla concorrenza. La Ministrazione Biden ritarda la vendita di fucili prodotti negli Stati Uniti a Israele. Chi inizia a lavorare ora in Italia andr\u00e0 in pensione a 71 anni. Sindaca di San Lazaro registra l&#8217;atto di nascita del bimbo di una coppia omogenitoriale. Non fu legittima difesa, ma omicidio\u00a0 volontario i giudici della corte d&#8217;assise d&#8217;appello di di Torino rilejgono il caso di Alex Pompah. Sino al 3 dicembre erano 109 le donne uccise in Italia. Tesla richiama 2 milioni di auto negli Stati Uniti per l&#8217;autopilot. Ultima giornata della fase a gironi di Champions League<\/p>\n<audio class=\"wp-audio-shortcode\" id=\"audio-365861-1\" preload=\"none\" style=\"width: 100%;\" controls=\"controls\"><source type=\"audio\/mpeg\" src=\"https:\/\/www.radiopiu.net\/wordpress\/wp-content\/uploads\/2023\/12\/GIORNALEDELLESEI-11.mp3?_=1\" \/><a href=\"https:\/\/www.radiopiu.net\/wordpress\/wp-content\/uploads\/2023\/12\/GIORNALEDELLESEI-11.mp3\">https:\/\/www.radiopiu.net\/wordpress\/wp-content\/uploads\/2023\/12\/GIORNALEDELLESEI-11.mp3<\/a><\/audio>\n<p>&nbsp;<\/p><\/blockquote>\n<blockquote><p>&nbsp;<\/p>\n<p><strong><a class=\"dt-pswp-item\" href=\"https:\/\/www.radiopiu.net\/wordpress\/wp-content\/uploads\/2021\/07\/microfono-radio-ok-768x448-768x448-1.jpg\" data-dt-img-description=\"\" data-large_image_width=\"768\" data-large_image_height=\"448\"><img loading=\"lazy\" decoding=\"async\" class=\"wp-image-220632 alignleft\" src=\"https:\/\/www.radiopiu.net\/wordpress\/wp-content\/uploads\/2021\/07\/microfono-radio-ok-768x448-768x448-1-300x175.jpg\" alt=\"\" width=\"178\" height=\"104\" srcset=\"https:\/\/www.radiopiu.net\/wordpress\/wp-content\/uploads\/2021\/07\/microfono-radio-ok-768x448-768x448-1-300x175.jpg 300w, https:\/\/www.radiopiu.net\/wordpress\/wp-content\/uploads\/2021\/07\/microfono-radio-ok-768x448-768x448-1.jpg 768w\" sizes=\"auto, (max-width: 178px) 100vw, 178px\" \/><\/a>GIORNALE RADIO NAZIONALE, EDIZIONE DELLE SETTE <span style=\"color: #0000ff;\">viene pubblicato alle 7.05 <span style=\"color: #ff0000;\">DIRETTA RADIO<\/span><\/span><\/strong><\/p>\n<p>&nbsp;<\/p><\/blockquote>\n<audio class=\"wp-audio-shortcode\" id=\"audio-365861-2\" preload=\"none\" style=\"width: 100%;\" controls=\"controls\"><source type=\"audio\/mpeg\" src=\"https:\/\/www.radiopiu.net\/wordpress\/wp-content\/uploads\/2023\/12\/giornale07-11.mp3?_=2\" \/><a href=\"https:\/\/www.radiopiu.net\/wordpress\/wp-content\/uploads\/2023\/12\/giornale07-11.mp3\">https:\/\/www.radiopiu.net\/wordpress\/wp-content\/uploads\/2023\/12\/giornale07-11.mp3<\/a><\/audio>\n<p>&nbsp;<\/p>\n<blockquote>\n<h2><strong>RASSEGNA STAMPA LOCALE, ORE OTTO <span style=\"color: #0000ff;\">viene pubblicata alle 8.05 <span style=\"color: #ff0000;\">DIRETTA RADIO<\/span><\/span><\/strong><\/h2>\n<\/blockquote>\n<p><iframe loading=\"lazy\" title=\"L\u2019ORIGINALE, DAL 1983. DA 40 ANNI LA RASSEGNA STAMPA LOCALE DI MIRKO MEZZACASA\" width=\"1200\" height=\"675\" src=\"https:\/\/www.youtube.com\/embed\/AObGR7tUmog?feature=oembed\" frameborder=\"0\" allow=\"accelerometer; autoplay; clipboard-write; encrypted-media; gyroscope; picture-in-picture; web-share\" allowfullscreen><\/iframe><\/p>\n<p>&nbsp;<\/p>\n<p>&nbsp;<\/p>\n<hr \/>\n<h3><\/h3>\n<p><a class=\"dt-pswp-item\" href=\"https:\/\/www.radiopiu.net\/wordpress\/wp-content\/uploads\/2023\/10\/34f4cfc6-e863-46e9-9695-8df44be63421.jpg\" data-dt-img-description=\"\" data-large_image_width=\"1200\" data-large_image_height=\"1200\"><img loading=\"lazy\" decoding=\"async\" class=\"wp-image-357393 alignleft\" src=\"https:\/\/www.radiopiu.net\/wordpress\/wp-content\/uploads\/2023\/10\/34f4cfc6-e863-46e9-9695-8df44be63421-300x300.jpg\" alt=\"\" width=\"81\" height=\"81\" srcset=\"https:\/\/www.radiopiu.net\/wordpress\/wp-content\/uploads\/2023\/10\/34f4cfc6-e863-46e9-9695-8df44be63421-300x300.jpg 300w, https:\/\/www.radiopiu.net\/wordpress\/wp-content\/uploads\/2023\/10\/34f4cfc6-e863-46e9-9695-8df44be63421-1024x1024.jpg 1024w, https:\/\/www.radiopiu.net\/wordpress\/wp-content\/uploads\/2023\/10\/34f4cfc6-e863-46e9-9695-8df44be63421-150x150.jpg 150w, https:\/\/www.radiopiu.net\/wordpress\/wp-content\/uploads\/2023\/10\/34f4cfc6-e863-46e9-9695-8df44be63421-768x768.jpg 768w, https:\/\/www.radiopiu.net\/wordpress\/wp-content\/uploads\/2023\/10\/34f4cfc6-e863-46e9-9695-8df44be63421.jpg 1200w\" sizes=\"auto, (max-width: 81px) 100vw, 81px\" \/><\/a>OGGI ALLA RADIO: <strong>ALLE 7<\/strong> LA RASSEGNA STAMPA LOCALE FLASH, PER CHI COME NOI ALLE SETTE DEL MATTINO VA DI FRETTA, TANTE NOTIZIE IN POCHE CHIACCHIERE. <strong>ALLE OTTO<\/strong> L&#8217;APPROFONDIMENTO NELLA STORICA RASSEGNA STAMPA LOCALE.\u00a0 DALLE 6 ALLE 21, OGNI ORA, L&#8217;INFORMAZIONE NAZIONALE, l&#8217;informazione locale, ALLE 10 flash. 11flash. 14 viabilit\u00e0. 15meteo. 16flash. 17flash. 18flash. 19 i titoli di Antenna 3<\/p>\n<p>&nbsp;<\/p>\n<blockquote>\n<blockquote><p>oggi alla radio.\u00a0 <strong>ALLE 9<\/strong> IL COUNTRY DI ALEX NASCINBEN <strong>alle 710<\/strong> proloco caviola eventi di Natale con Monica e Alessio <strong>alle 13.10<\/strong> unione ladina, la novita&#8217; <strong>alle 16.30<\/strong> Radical Recing revolution <strong>ALLE 10.30 E 1900<\/strong> SPI CGIL quindicinale appuntamento alla radio con Maria Rita Gentilin<strong> alle 18.30<\/strong> SALUTE E SOCIETA&#8217; con il dottor Marco Caracciolo<\/p><\/blockquote>\n<\/blockquote>\n<p>&nbsp;<\/p>\n<hr \/>\n<h3><\/h3>\n<blockquote>\n<h3>ACQUA GSP: NON POTABILE A LIVINALLONGO<\/h3>\n<\/blockquote>\n<p><strong>LIVINALLONGO DEL COL DI LANA<\/strong> nelle localit\u00e0\u00a0 BRENTA, AL FAURO, CREPAZ, RENAZ, RUAZ, PEZZEI, S. GIOVANNI, FOSSAL, SALESEI DI SOPRA, SALESEI DI SOTTO, PIAN DI SALESEI, SALESEI, SOTTOCREPA e FOPPA l\u2019acqua erogata dall\u2019acquedotto non \u00e8 potabile e pu\u00f2 essere usata per scopi alimentari SOLO PREVIA bollitura.<\/p>\n<p>&nbsp;<\/p>\n<p>&nbsp;<\/p>\n<hr \/>\n<p>&nbsp;<\/p>\n<blockquote>\n<h3>MORTA LA MAESTRA ANNA ZAVALLONI<\/h3>\n<\/blockquote>\n<p><strong><a class=\"dt-pswp-item\" href=\"https:\/\/www.radiopiu.net\/wordpress\/wp-content\/uploads\/2023\/12\/Senza-nome-43.png\" data-dt-img-description=\"\" data-large_image_width=\"219\" data-large_image_height=\"157\"><img loading=\"lazy\" decoding=\"async\" class=\" wp-image-365935 alignleft\" src=\"https:\/\/www.radiopiu.net\/wordpress\/wp-content\/uploads\/2023\/12\/Senza-nome-43.png\" alt=\"\" width=\"152\" height=\"109\" \/><\/a>FALCADE\u00a0<\/strong>\u00c8 morta luned\u00ec la maestra Anna Zavalloni all\u2019et\u00e0 di 102 anni (i 103 li avrebbe compiuti fra un paio di mesi). Da anni ospite del polifunzionale di Agordo, Anna era ricordata con stima e affetto dai tanti alunni avuti, alcuni dei quali erano di stanza con lei nella casa di riposo. Nata a Faenza il 18 febbraio 1921, Anna Zavalloni aveva conseguito il diploma alle magistrali di Forl\u00ec nel 1942 ed era quindi stata assegnata alle elementari di Mogne Castiglione dei Pepoli sull\u2019appennino bolognese. Sempre nel 1942 aveva conosciuto Marino Ganz di Falcade con cui si era sposata a Rimini il 1\u00b0 agosto 1943. Pochi mesi dopo aveva iniziato la carriera scolastica nel plesso falcadino di Marmolada, per poi proseguirla a Falcade capoluogo fino al 1982 quando \u00e8 andata in pensione. I funerali si sono svolti ieri mattina.<\/p>\n<p>&nbsp;<\/p>\n<p>&nbsp;<\/p>\n<hr \/>\n<p>&nbsp;<\/p>\n<blockquote>\n<h3>Addio a Loredana Bortot, Icona della Trattoria Zurigo:<\/h3>\n<\/blockquote>\n<p><strong><a class=\"dt-pswp-item\" href=\"https:\/\/www.radiopiu.net\/wordpress\/wp-content\/uploads\/2023\/12\/Senza-nome-45.png\" data-dt-img-description=\"\" data-large_image_width=\"240\" data-large_image_height=\"218\"><img loading=\"lazy\" decoding=\"async\" class=\"wp-image-365988 alignleft\" src=\"https:\/\/www.radiopiu.net\/wordpress\/wp-content\/uploads\/2023\/12\/Senza-nome-45.png\" alt=\"\" width=\"143\" height=\"130\" \/><\/a>PEDAVENA<\/strong> La comunit\u00e0 di Pedavena saluta Loredana Bortot, 74 anni, figura iconica della Trattoria Zurigo, deceduta marted\u00ec dopo una malattia. Loredana ha gestito con passione e competenza la trattoria insieme al marito Franco, diventando un simbolo della ristorazione locale per circa cinquant&#8217;anni. La sua abilit\u00e0 nel coordinare lo staff di sala e cucina ha reso il locale un punto di riferimento per lavoratori e famiglie, con le domeniche riservate a queste ultime. La sua vita \u00e8 stata una combinazione armoniosa di amore per la famiglia e dedizione al lavoro, apprezzata dai frequentatori della trattoria. La cerimonia funebre si terr\u00e0 oggi alle 10.30, seguita dalla tumulazione nel cimitero di Pedavena.<\/p>\n<p>&nbsp;<\/p>\n<p>&nbsp;<\/p>\n<hr \/>\n<p>&nbsp;<\/p>\n<blockquote>\n<h3><a class=\"dt-pswp-item\" href=\"https:\/\/www.radiopiu.net\/wordpress\/wp-content\/uploads\/2023\/12\/Senza-nome-46.png\" data-dt-img-description=\"\" data-large_image_width=\"227\" data-large_image_height=\"176\"><img loading=\"lazy\" decoding=\"async\" class=\" wp-image-365989 alignleft\" src=\"https:\/\/www.radiopiu.net\/wordpress\/wp-content\/uploads\/2023\/12\/Senza-nome-46.png\" alt=\"\" width=\"153\" height=\"119\" \/><\/a>Siro Enzo Dal Zotto, l&#8217;appassionato della Montagna e della Valle di Seren&#8221;<\/h3>\n<\/blockquote>\n<p><strong>SANTA GIUSTINA<\/strong>\u00a0 E&#8217; morto Siro Enzo Dal Zotto, 73 anni. Ex dipendente della Ceramica Dolomite, Dal Zotto era un grande amante della Valle di Seren. I funerali si terranno domani alle 14.30 nella chiesa arcipretale di Santa Giustina. L&#8217;ex sindaco Loris Scopel lo ricorda come un vero amico e originario della Valle di Seren, sottolineando la sua passione per la montagna e il suo impegno sociale. Dal Zotto aveva recentemente completato la sua terza opera sulla montagna, lasciando preziose testimonianze alla comunit\u00e0.<\/p>\n<p>&nbsp;<\/p>\n<hr \/>\n<h1 class=\"_title post-title entry-title\"><\/h1>\n<blockquote>\n<h3 class=\"_title post-title entry-title\">PERDONA MARITO IN CARCERE PER VIOLENZE. APPELLO AI GIUDICI: \u00abANCHE LUI UNA VITTIMA<\/h3>\n<\/blockquote>\n<p>IERI SERA, TG BELLUNESE DI ANTENNA 3 (CANALE 10 DIGITALE TERRESTRE) E OGNI SERA ALLE 19 CON TIZIANA BOLOGNANI LE ANTICIPAZIONI ALLA RADIO PIU&#8217;.<\/p>\n<p><span style=\"color: #ff0000;\"><strong>DI TIZIANA BOLOGNANI.<\/strong><\/span><\/p>\n<p><iframe loading=\"lazy\" title=\"PERDONA MARITO IN CARCERE PER VIOLENZE. APPELLO AI GIUDICI: \u00abANCHE LUI UNA VITTIMA\u00bb | 13\/12\/2023\" width=\"1200\" height=\"675\" src=\"https:\/\/www.youtube.com\/embed\/Uc3JHK9VmlY?feature=oembed\" frameborder=\"0\" allow=\"accelerometer; autoplay; clipboard-write; encrypted-media; gyroscope; picture-in-picture; web-share\" allowfullscreen><\/iframe><\/p>\n<hr \/>\n<p>&nbsp;<\/p>\n<blockquote>\n<h3>VERTICE IN COMUNE A BELLUNO CON DOLOMITIBUS. APPROFONDITA LA SITUAZIONE E CERCATE DELLE SOLUZIONI<\/h3>\n<\/blockquote>\n<p><strong><a class=\"dt-pswp-item\" href=\"https:\/\/www.radiopiu.net\/wordpress\/wp-content\/uploads\/2020\/06\/80c303ed-9a2e-49f0-8b20-3dd5e061bbf3.jpg\" data-dt-img-description=\"\" data-large_image_width=\"1280\" data-large_image_height=\"960\"><img loading=\"lazy\" decoding=\"async\" class=\" wp-image-145520 alignleft\" src=\"https:\/\/www.radiopiu.net\/wordpress\/wp-content\/uploads\/2020\/06\/80c303ed-9a2e-49f0-8b20-3dd5e061bbf3-300x225.jpg\" alt=\"\" width=\"183\" height=\"137\" srcset=\"https:\/\/www.radiopiu.net\/wordpress\/wp-content\/uploads\/2020\/06\/80c303ed-9a2e-49f0-8b20-3dd5e061bbf3-300x225.jpg 300w, https:\/\/www.radiopiu.net\/wordpress\/wp-content\/uploads\/2020\/06\/80c303ed-9a2e-49f0-8b20-3dd5e061bbf3-1024x768.jpg 1024w, https:\/\/www.radiopiu.net\/wordpress\/wp-content\/uploads\/2020\/06\/80c303ed-9a2e-49f0-8b20-3dd5e061bbf3-768x576.jpg 768w, https:\/\/www.radiopiu.net\/wordpress\/wp-content\/uploads\/2020\/06\/80c303ed-9a2e-49f0-8b20-3dd5e061bbf3.jpg 1280w\" sizes=\"auto, (max-width: 183px) 100vw, 183px\" \/><\/a>BELLUNO<\/strong> Il sindaco di Belluno, Oscar De Pellegrin, ha organizzato un vertice per discutere dei problemi del trasporto pubblico locale con Dolomitibus, l&#8217;assessore Paolo Gamba e la Provincia. Sono stati affrontati temi come i tagli alle corse, la carenza di autisti e il costo dei servizi. De Pellegrin ha espresso preoccupazione per la situazione, sottolineando l&#8217;importanza di un trasporto pubblico efficiente in un territorio complesso. Durante l&#8217;incontro, \u00e8 stata discussa anche la programmazione del servizio per il 2024, con l&#8217;introduzione del trasporto pubblico a chiamata nelle fasce morbide nelle tratte urbane. De Pellegrin ha evidenziato la necessit\u00e0 di soluzioni nuove per superare le attuali difficolt\u00e0, considerando la prospettiva futura. La Provincia ha dichiarato disponibilit\u00e0 a studiare soluzioni possibili, riconoscendo la criticit\u00e0 della situazione a livello nazionale. Il direttore operativo di Dolomitibus, Gabriele Mariani, ha sottolineato l&#8217;importanza di risorse economiche certe, investimenti, flessibilit\u00e0 normativa, innovazione e digitalizzazione per affrontare il problema a livello di sistema, provinciale, regionale e nazionale.<\/p>\n<p>&nbsp;<\/p>\n<p>&nbsp;<\/p>\n<hr \/>\n<p>&nbsp;<\/p>\n<blockquote>\n<h2>A FUOCO UN FIENILE TRASFORMATO IN\u00a0 BAITA A LA VALLE<\/h2>\n<\/blockquote>\n<p>&nbsp;<\/p>\n<p><strong>LA VALLE<\/strong> Nella serata di martedi, alle 19.55, i Vigili del Fuoco sono intervenuti prontamente per fronteggiare un incendio che ha coinvolto un fienile-baita a La Valle Agordina, precisamente lungo la SP 347 del Passo Duran. Le fiamme hanno richiesto l&#8217;immediato intervento dei pompieri, coadiuvati dai volontari di Agordo. Sul posto anche i Carabinieri della stazione di Agordo. Le operazioni di spegnimento si sono concluse attorno alle 21:30. Purtroppo, nonostante gli sforzi congiunti delle forze di soccorso, la struttura in legno\u00a0 \u00e8 stata completamente distrutta dal fuoco.<\/p>\n\n\t\t\t<style type='text\/css'>\n\t\t\t\t#gallery-1 {\n\t\t\t\t\tmargin: auto;\n\t\t\t\t}\n\t\t\t\t#gallery-1 .gallery-item {\n\t\t\t\t\tfloat: left;\n\t\t\t\t\tmargin-top: 10px;\n\t\t\t\t\ttext-align: center;\n\t\t\t\t\twidth: 50%;\n\t\t\t\t}\n\t\t\t\t#gallery-1 img {\n\t\t\t\t\tborder: 2px solid #cfcfcf;\n\t\t\t\t}\n\t\t\t\t#gallery-1 .gallery-caption {\n\t\t\t\t\tmargin-left: 0;\n\t\t\t\t}\n\t\t\t\t\/* see gallery_shortcode() in wp-includes\/media.php *\/\n\t\t\t<\/style>\n\t\t<div id='gallery-1' class='dt-gallery-container gallery galleryid-365861 gallery-columns-2 gallery-size-medium'><dl class='gallery-item'>\n\t\t\t\t<dt class='gallery-icon landscape'>\n\t\t\t\t\t<a class=\"rollover rollover-zoom dt-pswp-item\" title=\"e22b6406-9ccf-413b-b34d-7fa16e5bce15\" data-dt-img-description=\"\" data-large_image_width=\"1024\" data-large_image_height=\"768\"href='https:\/\/www.radiopiu.net\/wordpress\/wp-content\/uploads\/2023\/12\/e22b6406-9ccf-413b-b34d-7fa16e5bce15.jpg'><img loading=\"lazy\" decoding=\"async\" width=\"300\" height=\"225\" src=\"https:\/\/www.radiopiu.net\/wordpress\/wp-content\/uploads\/2023\/12\/e22b6406-9ccf-413b-b34d-7fa16e5bce15-300x225.jpg\" class=\"attachment-medium size-medium\" alt=\"\" srcset=\"https:\/\/www.radiopiu.net\/wordpress\/wp-content\/uploads\/2023\/12\/e22b6406-9ccf-413b-b34d-7fa16e5bce15-300x225.jpg 300w, https:\/\/www.radiopiu.net\/wordpress\/wp-content\/uploads\/2023\/12\/e22b6406-9ccf-413b-b34d-7fa16e5bce15-768x576.jpg 768w, https:\/\/www.radiopiu.net\/wordpress\/wp-content\/uploads\/2023\/12\/e22b6406-9ccf-413b-b34d-7fa16e5bce15.jpg 1024w\" sizes=\"auto, (max-width: 300px) 100vw, 300px\" \/><\/a>\n\t\t\t\t<\/dt><\/dl><dl class='gallery-item'>\n\t\t\t\t<dt class='gallery-icon landscape'>\n\t\t\t\t\t<a class=\"rollover rollover-zoom dt-pswp-item\" title=\"2ac19cd6-b04e-4d05-9731-3ade633a1bad\" data-dt-img-description=\"\" data-large_image_width=\"1024\" data-large_image_height=\"768\"href='https:\/\/www.radiopiu.net\/wordpress\/wp-content\/uploads\/2023\/12\/2ac19cd6-b04e-4d05-9731-3ade633a1bad.jpg'><img loading=\"lazy\" decoding=\"async\" width=\"300\" height=\"225\" src=\"https:\/\/www.radiopiu.net\/wordpress\/wp-content\/uploads\/2023\/12\/2ac19cd6-b04e-4d05-9731-3ade633a1bad-300x225.jpg\" class=\"attachment-medium size-medium\" alt=\"\" srcset=\"https:\/\/www.radiopiu.net\/wordpress\/wp-content\/uploads\/2023\/12\/2ac19cd6-b04e-4d05-9731-3ade633a1bad-300x225.jpg 300w, https:\/\/www.radiopiu.net\/wordpress\/wp-content\/uploads\/2023\/12\/2ac19cd6-b04e-4d05-9731-3ade633a1bad-768x576.jpg 768w, https:\/\/www.radiopiu.net\/wordpress\/wp-content\/uploads\/2023\/12\/2ac19cd6-b04e-4d05-9731-3ade633a1bad.jpg 1024w\" sizes=\"auto, (max-width: 300px) 100vw, 300px\" \/><\/a>\n\t\t\t\t<\/dt><\/dl><br style=\"clear: both\" \/>\n\t\t\t<\/div>\n\n<p>&nbsp;<\/p>\n<div style=\"width: 848px;\" class=\"wp-video\"><video class=\"wp-video-shortcode\" id=\"video-365861-1\" width=\"848\" height=\"480\" preload=\"metadata\" controls=\"controls\"><source type=\"video\/mp4\" src=\"https:\/\/www.radiopiu.net\/wordpress\/wp-content\/uploads\/2023\/12\/WhatsApp-Video-2023-12-13-at-08.15.15.mp4?_=1\" \/><a href=\"https:\/\/www.radiopiu.net\/wordpress\/wp-content\/uploads\/2023\/12\/WhatsApp-Video-2023-12-13-at-08.15.15.mp4\">https:\/\/www.radiopiu.net\/wordpress\/wp-content\/uploads\/2023\/12\/WhatsApp-Video-2023-12-13-at-08.15.15.mp4<\/a><\/video><\/div>\n<p>*******<\/p>\n<p>&nbsp;<\/p>\n<hr \/>\n<p>&nbsp;<\/p>\n<blockquote>\n<h3>PNRR E OLIMPIADI MILANO-CORTINA, LA PROVINCIA DI BELLUNO A UPI PER FOCALIZZARE L\u2019ATTENZIONE SUI TEMI CHIAVE DEL 2024<\/h3>\n<\/blockquote>\n<p><strong>ROMA<\/strong> Il presidente della Provincia di Belluno, Roberto Padrin, ha incontrato il direttore generale di Upi (Unione Province d&#8217;Italia), Piero Antonelli, per discutere dei temi chiave delle Province nel 2024. Tra i punti all&#8217;ordine del giorno c&#8217;erano il Piano Nazionale di Ripresa e Resilienza (PNRR), le Olimpiadi Milano-Cortina 2026 e il futuro delle Province con un focus sull&#8217;elettivit\u00e0. Il presidente Padrin ha sottolineato l&#8217;impegno delle Province nei progetti del PNRR, in particolare per l&#8217;edilizia scolastica, e ha evidenziato l&#8217;opportunit\u00e0 di massimizzare gli effetti positivi sul territorio. L&#8217;incontro ha anche affrontato la collaborazione tra Upi e Fondazione Milano Cortina per promuovere e sfruttare i benefici delle Olimpiadi 2026 a livello locale. Inoltre, il presidente Padrin ha portato gli auguri di buone feste al Quirinale e a Palazzo Chigi, dove la Provincia ha donato alberi di Natale provenienti dalla foresta del Cansiglio e da Seren del Grappa. L&#8217;iniziativa \u00e8 volta a rappresentare la montagna nella capitale e a rafforzare i legami simbolici tra le due realt\u00e0.<\/p>\n\n\t\t\t<style type='text\/css'>\n\t\t\t\t#gallery-2 {\n\t\t\t\t\tmargin: auto;\n\t\t\t\t}\n\t\t\t\t#gallery-2 .gallery-item {\n\t\t\t\t\tfloat: left;\n\t\t\t\t\tmargin-top: 10px;\n\t\t\t\t\ttext-align: center;\n\t\t\t\t\twidth: 25%;\n\t\t\t\t}\n\t\t\t\t#gallery-2 img {\n\t\t\t\t\tborder: 2px solid #cfcfcf;\n\t\t\t\t}\n\t\t\t\t#gallery-2 .gallery-caption {\n\t\t\t\t\tmargin-left: 0;\n\t\t\t\t}\n\t\t\t\t\/* see gallery_shortcode() in wp-includes\/media.php *\/\n\t\t\t<\/style>\n\t\t<div id='gallery-2' class='dt-gallery-container gallery galleryid-365861 gallery-columns-4 gallery-size-medium'><dl class='gallery-item'>\n\t\t\t\t<dt class='gallery-icon landscape'>\n\t\t\t\t\t<a class=\"rollover rollover-zoom dt-pswp-item\" title=\"4CBC8320-EF2F-42C7-A498-D22ABC7DD678\" data-dt-img-description=\"\" data-large_image_width=\"1125\" data-large_image_height=\"618\"href='https:\/\/www.radiopiu.net\/wordpress\/wp-content\/uploads\/2023\/12\/4CBC8320-EF2F-42C7-A498-D22ABC7DD678.jpeg'><img loading=\"lazy\" decoding=\"async\" width=\"300\" height=\"165\" src=\"https:\/\/www.radiopiu.net\/wordpress\/wp-content\/uploads\/2023\/12\/4CBC8320-EF2F-42C7-A498-D22ABC7DD678-300x165.jpeg\" class=\"attachment-medium size-medium\" alt=\"\" srcset=\"https:\/\/www.radiopiu.net\/wordpress\/wp-content\/uploads\/2023\/12\/4CBC8320-EF2F-42C7-A498-D22ABC7DD678-300x165.jpeg 300w, https:\/\/www.radiopiu.net\/wordpress\/wp-content\/uploads\/2023\/12\/4CBC8320-EF2F-42C7-A498-D22ABC7DD678-1024x563.jpeg 1024w, https:\/\/www.radiopiu.net\/wordpress\/wp-content\/uploads\/2023\/12\/4CBC8320-EF2F-42C7-A498-D22ABC7DD678-768x422.jpeg 768w, https:\/\/www.radiopiu.net\/wordpress\/wp-content\/uploads\/2023\/12\/4CBC8320-EF2F-42C7-A498-D22ABC7DD678.jpeg 1125w\" sizes=\"auto, (max-width: 300px) 100vw, 300px\" \/><\/a>\n\t\t\t\t<\/dt><\/dl><dl class='gallery-item'>\n\t\t\t\t<dt class='gallery-icon landscape'>\n\t\t\t\t\t<a class=\"rollover rollover-zoom dt-pswp-item\" title=\"7C11E874-8F51-4942-825D-E8AD31ED3A42\" data-dt-img-description=\"\" data-large_image_width=\"2560\" data-large_image_height=\"1920\"href='https:\/\/www.radiopiu.net\/wordpress\/wp-content\/uploads\/2023\/12\/7C11E874-8F51-4942-825D-E8AD31ED3A42-scaled.jpeg'><img loading=\"lazy\" decoding=\"async\" width=\"300\" height=\"225\" src=\"https:\/\/www.radiopiu.net\/wordpress\/wp-content\/uploads\/2023\/12\/7C11E874-8F51-4942-825D-E8AD31ED3A42-300x225.jpeg\" class=\"attachment-medium size-medium\" alt=\"\" srcset=\"https:\/\/www.radiopiu.net\/wordpress\/wp-content\/uploads\/2023\/12\/7C11E874-8F51-4942-825D-E8AD31ED3A42-300x225.jpeg 300w, https:\/\/www.radiopiu.net\/wordpress\/wp-content\/uploads\/2023\/12\/7C11E874-8F51-4942-825D-E8AD31ED3A42-1024x768.jpeg 1024w, https:\/\/www.radiopiu.net\/wordpress\/wp-content\/uploads\/2023\/12\/7C11E874-8F51-4942-825D-E8AD31ED3A42-768x576.jpeg 768w, https:\/\/www.radiopiu.net\/wordpress\/wp-content\/uploads\/2023\/12\/7C11E874-8F51-4942-825D-E8AD31ED3A42-1536x1152.jpeg 1536w, https:\/\/www.radiopiu.net\/wordpress\/wp-content\/uploads\/2023\/12\/7C11E874-8F51-4942-825D-E8AD31ED3A42-2048x1536.jpeg 2048w\" sizes=\"auto, (max-width: 300px) 100vw, 300px\" \/><\/a>\n\t\t\t\t<\/dt><\/dl><dl class='gallery-item'>\n\t\t\t\t<dt class='gallery-icon landscape'>\n\t\t\t\t\t<a class=\"rollover rollover-zoom dt-pswp-item\" title=\"AF9E8782-48E0-4DF0-90CB-B8F835FD7DF0\" data-dt-img-description=\"\" data-large_image_width=\"2016\" data-large_image_height=\"1512\"href='https:\/\/www.radiopiu.net\/wordpress\/wp-content\/uploads\/2023\/12\/AF9E8782-48E0-4DF0-90CB-B8F835FD7DF0.jpeg'><img loading=\"lazy\" decoding=\"async\" width=\"300\" height=\"225\" src=\"https:\/\/www.radiopiu.net\/wordpress\/wp-content\/uploads\/2023\/12\/AF9E8782-48E0-4DF0-90CB-B8F835FD7DF0-300x225.jpeg\" class=\"attachment-medium size-medium\" alt=\"\" srcset=\"https:\/\/www.radiopiu.net\/wordpress\/wp-content\/uploads\/2023\/12\/AF9E8782-48E0-4DF0-90CB-B8F835FD7DF0-300x225.jpeg 300w, https:\/\/www.radiopiu.net\/wordpress\/wp-content\/uploads\/2023\/12\/AF9E8782-48E0-4DF0-90CB-B8F835FD7DF0-1024x768.jpeg 1024w, https:\/\/www.radiopiu.net\/wordpress\/wp-content\/uploads\/2023\/12\/AF9E8782-48E0-4DF0-90CB-B8F835FD7DF0-768x576.jpeg 768w, https:\/\/www.radiopiu.net\/wordpress\/wp-content\/uploads\/2023\/12\/AF9E8782-48E0-4DF0-90CB-B8F835FD7DF0-1536x1152.jpeg 1536w, https:\/\/www.radiopiu.net\/wordpress\/wp-content\/uploads\/2023\/12\/AF9E8782-48E0-4DF0-90CB-B8F835FD7DF0.jpeg 2016w\" sizes=\"auto, (max-width: 300px) 100vw, 300px\" \/><\/a>\n\t\t\t\t<\/dt><\/dl><dl class='gallery-item'>\n\t\t\t\t<dt class='gallery-icon landscape'>\n\t\t\t\t\t<a class=\"rollover rollover-zoom dt-pswp-item\" title=\"82721154-1118-4828-A309-021B2AC13568\" data-dt-img-description=\"\" data-large_image_width=\"2016\" data-large_image_height=\"1512\"href='https:\/\/www.radiopiu.net\/wordpress\/wp-content\/uploads\/2023\/12\/82721154-1118-4828-A309-021B2AC13568.jpeg'><img loading=\"lazy\" decoding=\"async\" width=\"300\" height=\"225\" src=\"https:\/\/www.radiopiu.net\/wordpress\/wp-content\/uploads\/2023\/12\/82721154-1118-4828-A309-021B2AC13568-300x225.jpeg\" class=\"attachment-medium size-medium\" alt=\"\" srcset=\"https:\/\/www.radiopiu.net\/wordpress\/wp-content\/uploads\/2023\/12\/82721154-1118-4828-A309-021B2AC13568-300x225.jpeg 300w, https:\/\/www.radiopiu.net\/wordpress\/wp-content\/uploads\/2023\/12\/82721154-1118-4828-A309-021B2AC13568-1024x768.jpeg 1024w, https:\/\/www.radiopiu.net\/wordpress\/wp-content\/uploads\/2023\/12\/82721154-1118-4828-A309-021B2AC13568-768x576.jpeg 768w, https:\/\/www.radiopiu.net\/wordpress\/wp-content\/uploads\/2023\/12\/82721154-1118-4828-A309-021B2AC13568-1536x1152.jpeg 1536w, https:\/\/www.radiopiu.net\/wordpress\/wp-content\/uploads\/2023\/12\/82721154-1118-4828-A309-021B2AC13568.jpeg 2016w\" sizes=\"auto, (max-width: 300px) 100vw, 300px\" \/><\/a>\n\t\t\t\t<\/dt><\/dl><br style=\"clear: both\" \/>\n\t\t\t<\/div>\n\n<p>&nbsp;<\/p>\n<p>&nbsp;<\/p>\n<hr \/>\n<p>&nbsp;<\/p>\n<blockquote>\n<h3>TERZO MANDATO: PER LA UIL DEVONO DECIDERE I CITTADINI<\/h3>\n<\/blockquote>\n<p><strong><a class=\"dt-pswp-item\" href=\"https:\/\/www.radiopiu.net\/wordpress\/wp-content\/uploads\/2023\/12\/FOTO-ROBERTO-TOIGO-SEGRETARIO-GENERALE-UIL-VENETO.jpg\" data-dt-img-description=\"\" data-large_image_width=\"640\" data-large_image_height=\"480\"><img loading=\"lazy\" decoding=\"async\" class=\" wp-image-364089 alignleft\" src=\"https:\/\/www.radiopiu.net\/wordpress\/wp-content\/uploads\/2023\/12\/FOTO-ROBERTO-TOIGO-SEGRETARIO-GENERALE-UIL-VENETO-300x225.jpg\" alt=\"\" width=\"136\" height=\"102\" srcset=\"https:\/\/www.radiopiu.net\/wordpress\/wp-content\/uploads\/2023\/12\/FOTO-ROBERTO-TOIGO-SEGRETARIO-GENERALE-UIL-VENETO-300x225.jpg 300w, https:\/\/www.radiopiu.net\/wordpress\/wp-content\/uploads\/2023\/12\/FOTO-ROBERTO-TOIGO-SEGRETARIO-GENERALE-UIL-VENETO.jpg 640w\" sizes=\"auto, (max-width: 136px) 100vw, 136px\" \/><\/a>VENEZIA <\/strong>Il segretario generale della Uil Veneto, Roberto Toigo, si esprime sulla questione del terzo mandato per i presidenti di Regione. Egli sostiene che dovrebbe essere il popolo a decidere attraverso il proprio voto, affermando che non dovrebbero esserci limiti di rielezione, e che la democrazia implica la partecipazione attiva dei cittadini nelle scelte elettorali. Toigo respinge l&#8217;idea di limiti di mandato e sottolinea che i cittadini hanno la capacit\u00e0 di fare scelte consapevoli senza essere influenzati.<\/p>\n<p>&nbsp;<\/p>\n<p>&nbsp;<\/p>\n<hr \/>\n<p>&nbsp;<\/p>\n<blockquote>\n<h3>30 MILIONI IN 3 ANNI IN VENETO PER PROGETTI DI INVESTIMENTO PER ANZIANI, DISABILI, PROGETTI INNOVATIVI<\/h3>\n<\/blockquote>\n<p><strong><a class=\"dt-pswp-item\" href=\"https:\/\/www.radiopiu.net\/wordpress\/wp-content\/uploads\/2023\/03\/hand-2906425__340.jpg\" data-dt-img-description=\"\" data-large_image_width=\"510\" data-large_image_height=\"340\"><img loading=\"lazy\" decoding=\"async\" class=\" wp-image-326940 alignleft\" src=\"https:\/\/www.radiopiu.net\/wordpress\/wp-content\/uploads\/2023\/03\/hand-2906425__340-300x200.jpg\" alt=\"\" width=\"170\" height=\"113\" srcset=\"https:\/\/www.radiopiu.net\/wordpress\/wp-content\/uploads\/2023\/03\/hand-2906425__340-300x200.jpg 300w, https:\/\/www.radiopiu.net\/wordpress\/wp-content\/uploads\/2023\/03\/hand-2906425__340.jpg 510w\" sizes=\"auto, (max-width: 170px) 100vw, 170px\" \/><\/a>VENEZIA<\/strong> La Giunta regionale ha deliberato le tipologie di intervento e delle strutture sociali e socio-sanitarie che beneficeranno dei finanziamenti dal Fondo Regionale per interventi edilizi. La somma di 30 milioni di euro per il triennio 2023-2025, con un aggiunta di 4,87 milioni provenienti da economie di spesa, sar\u00e0 suddivisa principalmente tra interventi per gli &#8220;anziani non autosufficienti&#8221; (75%), &#8220;disabili&#8221; (20%), e &#8220;progetti innovativi&#8221; (5%). Queste risorse mirano a sostenere progetti di manutenzione, restauro, ristrutturazione edilizia, e nuove costruzioni che migliorino la qualit\u00e0 degli immobili adibiti a servizi sociali o socio-sanitari.<\/p>\n<p>&nbsp;<\/p>\n<p>&nbsp;<\/p>\n<hr \/>\n<p>&nbsp;<\/p>\n<blockquote>\n<h3>OK DEL SINDACO PER I LAVORI DI ADEGUAMENTO AL MUNICIPIO DI AGORDO<\/h3>\n<\/blockquote>\n<p><strong><a class=\"dt-pswp-item\" href=\"https:\/\/www.radiopiu.net\/wordpress\/wp-content\/uploads\/2022\/12\/MUNICIPIO-AGORDO.png\" data-dt-img-description=\"\" data-large_image_width=\"1890\" data-large_image_height=\"1210\"><img loading=\"lazy\" decoding=\"async\" class=\" wp-image-309882 alignleft\" src=\"https:\/\/www.radiopiu.net\/wordpress\/wp-content\/uploads\/2022\/12\/MUNICIPIO-AGORDO-300x192.png\" alt=\"\" width=\"198\" height=\"127\" srcset=\"https:\/\/www.radiopiu.net\/wordpress\/wp-content\/uploads\/2022\/12\/MUNICIPIO-AGORDO-300x192.png 300w, https:\/\/www.radiopiu.net\/wordpress\/wp-content\/uploads\/2022\/12\/MUNICIPIO-AGORDO-1024x656.png 1024w, https:\/\/www.radiopiu.net\/wordpress\/wp-content\/uploads\/2022\/12\/MUNICIPIO-AGORDO-768x492.png 768w, https:\/\/www.radiopiu.net\/wordpress\/wp-content\/uploads\/2022\/12\/MUNICIPIO-AGORDO-1536x983.png 1536w, https:\/\/www.radiopiu.net\/wordpress\/wp-content\/uploads\/2022\/12\/MUNICIPIO-AGORDO.png 1890w\" sizes=\"auto, (max-width: 198px) 100vw, 198px\" \/><\/a>AGORDO <\/strong>Il Comune di Agordo ha approvato il progetto esecutivo per la messa in sicurezza e l&#8217;eliminazione delle barriere architettoniche al municipio. Il documento, redatto dal raggruppamento ID&amp;a Project, prevede interventi per un totale di 733 mila euro, riducendo cos\u00ec la portata del progetto iniziale. La giunta mira all&#8217;apertura del cantiere tra la primavera e l&#8217;estate del 2024, concentrando gli sforzi su lavori prioritari, tra cui l&#8217;installazione di un ascensore per consentire l&#8217;accesso ai piani superiori anche a persone con disabilit\u00e0. La decisione di ridurre la portata del progetto \u00e8 stata motivata dalla necessit\u00e0 di gestire le risorse di bilancio, limitando l&#8217;intervento alla scala e all&#8217;ascensore.<\/p>\n<p>&nbsp;<\/p>\n<p>&nbsp;<\/p>\n<hr \/>\n<p>&nbsp;<\/p>\n<blockquote>\n<h3>UN PIANO STRATEGICO PER IL FUTURO DEL TURISMO A CORTINA<\/h3>\n<\/blockquote>\n<p><strong><a class=\"dt-pswp-item\" href=\"https:\/\/www.radiopiu.net\/wordpress\/wp-content\/uploads\/2023\/03\/MUNCIPIO-CORTINA.png\" data-dt-img-description=\"\" data-large_image_width=\"423\" data-large_image_height=\"367\"><img loading=\"lazy\" decoding=\"async\" class=\" wp-image-327577 alignleft\" src=\"https:\/\/www.radiopiu.net\/wordpress\/wp-content\/uploads\/2023\/03\/MUNCIPIO-CORTINA-300x260.png\" alt=\"\" width=\"150\" height=\"130\" srcset=\"https:\/\/www.radiopiu.net\/wordpress\/wp-content\/uploads\/2023\/03\/MUNCIPIO-CORTINA-300x260.png 300w, https:\/\/www.radiopiu.net\/wordpress\/wp-content\/uploads\/2023\/03\/MUNCIPIO-CORTINA.png 423w\" sizes=\"auto, (max-width: 150px) 100vw, 150px\" \/><\/a>CORTINA<\/strong> Cortina d&#8217;Ampezzo sta progettando di ampliare la sua base di visitatori sfruttando l&#8217;opportunit\u00e0 dei prossimi Giochi Olimpici invernali del 2026. L&#8217;obiettivo \u00e8 destagionalizzare l&#8217;offerta turistica, attirare una clientela internazionale e lavorare in squadra per promuovere la destinazione. La vice sindaco e assessore al turismo, Roberta Alver\u00e0, ha delineato una strategia che mira a valorizzare le montagne circostanti offrendo pacchetti per famiglie, appassionati di sport, escursionisti invernali e sciatori. Il progetto si basa su un&#8217;analisi attenta della concorrenza e sulle tendenze del turismo a livello nazionale e internazionale, evidenziando la necessit\u00e0 di una consapevolezza aggiornata per consolidare la posizione di Cortina come una delle principali mete turistiche internazionali.<\/p>\n<p>&nbsp;<\/p>\n<hr \/>\n<p>&nbsp;<\/p>\n<div class=\"page-title-head hgroup\">\n<blockquote>\n<h3 class=\"entry-title\">POLEMICHE A CORTINA: PROIEZIONE BREVE MA CONTESTATA DELLO SQUALO PAUL &amp; SHARK SULLE CINQUE TORRI<\/h3>\n<\/blockquote>\n<\/div>\n<div class=\"page-title-breadcrumbs\">\n<p><strong><img loading=\"lazy\" decoding=\"async\" class=\"alignleft\" src=\"https:\/\/www.radiopiu.net\/wordpress\/wp-content\/uploads\/2023\/12\/Senza-nome-47.png\" width=\"208\" height=\"129\" \/>CORTINA<\/strong> Una breve proiezione dello stemma dello squalo Paul &amp; Shark sulle Cinque Torri a Cortina d&#8217;Ampezzo ha suscitato polemiche. L&#8217;iniziativa, parte di una collaborazione con il marchio di abbigliamento, \u00e8 stata descritta da alcuni come uno sfregio. Il gestore del rifugio Scoiattoli, Guido Lorenzi, spiega che la proiezione era solo una prova e non \u00e8 destinata a ripetersi. Tuttavia, l&#8217;episodio ha generato discussioni sui social, mentre Lorenzi difende l&#8217;approccio innovativo, sottolineando la necessit\u00e0 di guardare al futuro con ottimismo. La collaborazione tra Paul &amp; Shark e il rifugio Scoiattoli include anche una nuova veste grafica della struttura.<\/p>\n<p>&nbsp;<\/p>\n<\/div>\n<p>&nbsp;<\/p>\n<hr \/>\n<p>&nbsp;<\/p>\n<blockquote>\n<h3>VALENTINA COLLESELLI E&#8217; LA NUOVA DIRETTRICE DI DMO DOLOMITI BELLUNESI<\/h3>\n<\/blockquote>\n<p><strong><a class=\"dt-pswp-item\" href=\"https:\/\/www.radiopiu.net\/wordpress\/wp-content\/uploads\/2023\/12\/VALENTINA-COLLESELLI.jpeg\" data-dt-img-description=\"\" data-large_image_width=\"906\" data-large_image_height=\"646\"><img loading=\"lazy\" decoding=\"async\" class=\" wp-image-365932 alignleft\" src=\"https:\/\/www.radiopiu.net\/wordpress\/wp-content\/uploads\/2023\/12\/VALENTINA-COLLESELLI-300x214.jpeg\" alt=\"\" width=\"163\" height=\"116\" srcset=\"https:\/\/www.radiopiu.net\/wordpress\/wp-content\/uploads\/2023\/12\/VALENTINA-COLLESELLI-300x214.jpeg 300w, https:\/\/www.radiopiu.net\/wordpress\/wp-content\/uploads\/2023\/12\/VALENTINA-COLLESELLI-768x548.jpeg 768w, https:\/\/www.radiopiu.net\/wordpress\/wp-content\/uploads\/2023\/12\/VALENTINA-COLLESELLI.jpeg 906w\" sizes=\"auto, (max-width: 163px) 100vw, 163px\" \/><\/a>BELLUNO <\/strong>La Fondazione DMO Dolomiti Bellunesi ha completato la selezione per il nuovo Direttore, individuando nella Dottoressa Valentina Colleselli il candidato migliore tra le venti candidature raccolte. La Presidente del Cda, Emanuela de Zanna, ha espresso soddisfazione per la scelta, sottolineando che la Dottoressa Colleselli \u00e8 stata selezionata tra tre candidati finalisti tutti validi professionisti. La nuova Direttrice si \u00e8 detta entusiasta di rappresentare le Dolomiti Bellunesi e contribuire allo sviluppo di un territorio con grandi potenzialit\u00e0. Colleselli ha sottolineato l&#8217;importanza di adattarsi alle nuove tendenze della domanda turistica e ha dichiarato che la Fondazione lavorer\u00e0 a stretto contatto con Consorzi, Operatori turistici, Comuni e Enti del territorio per una crescita armonica e integrata, con un focus su accoglienza, ascolto, e soluzioni innovative, digitali e sostenibili.<\/p>\n<p>&nbsp;<\/p>\n<p>&nbsp;<\/p>\n<hr \/>\n<p>&nbsp;<\/p>\n<blockquote>\n<h3>ATTENTI ALLE TRUFFE, ANCHE SU FACEBOOK<\/h3>\n<\/blockquote>\n<p><strong><a class=\"dt-pswp-item\" href=\"https:\/\/www.radiopiu.net\/wordpress\/wp-content\/uploads\/2019\/05\/scam-3933004_1280.jpg\" data-dt-img-description=\"\" data-large_image_width=\"1280\" data-large_image_height=\"743\"><img loading=\"lazy\" decoding=\"async\" class=\" wp-image-86820 alignleft\" src=\"https:\/\/www.radiopiu.net\/wordpress\/wp-content\/uploads\/2019\/05\/scam-3933004_1280-300x174.jpg\" alt=\"\" width=\"171\" height=\"99\" srcset=\"https:\/\/www.radiopiu.net\/wordpress\/wp-content\/uploads\/2019\/05\/scam-3933004_1280-300x174.jpg 300w, https:\/\/www.radiopiu.net\/wordpress\/wp-content\/uploads\/2019\/05\/scam-3933004_1280-768x446.jpg 768w, https:\/\/www.radiopiu.net\/wordpress\/wp-content\/uploads\/2019\/05\/scam-3933004_1280-1024x594.jpg 1024w, https:\/\/www.radiopiu.net\/wordpress\/wp-content\/uploads\/2019\/05\/scam-3933004_1280.jpg 1280w\" sizes=\"auto, (max-width: 171px) 100vw, 171px\" \/><\/a>REDAZIONE<\/strong> Le truffe online sono all&#8217;ordine del giorno e bisogna stare con gli occhi aperti. Un nostro ascoltatore ci scrive la sua esperienza sul market place di Facebook dove aveva messo in vendita dei pneumatici invernali. Walter la stessa sera \u00e8 stato contattato tramite Messenger da un possibile acquirente che per\u00f2 voleva riceverle tramite corriere espresso mandando una mail con la procedura per spedire la merce. Sorpresa, una volta aperto il link il nostro ascoltatore \u00e8 stato indirizzato su un sito dove dovevano essere versati dei soldi su una postepay prepagata. Quindi attenzione a lasciare dati sensibili su siti non certificati e in caso di vendita di materiale tramite social assicurarsi che l&#8217;interessato ritiri la merce a mano.<\/p>\n<p>&nbsp;<\/p>\n<p>&nbsp;<\/p>\n<p>&nbsp;<\/p>\n<hr \/>\n<p>&nbsp;<\/p>\n<blockquote>\n<h3>MODIFICHE AL REGOLAMENTO DEL PARCO NAZIONALE DOLOMITI BELLUNESI<\/h3>\n<\/blockquote>\n<p><strong><a class=\"dt-pswp-item\" href=\"https:\/\/www.radiopiu.net\/wordpress\/wp-content\/uploads\/2021\/07\/PARCO-DOLOMITI-BELLUNESI.jpg\" data-dt-img-description=\"\" data-large_image_width=\"259\" data-large_image_height=\"440\"><img loading=\"lazy\" decoding=\"async\" class=\" wp-image-223150 alignleft\" src=\"https:\/\/www.radiopiu.net\/wordpress\/wp-content\/uploads\/2021\/07\/PARCO-DOLOMITI-BELLUNESI-177x300.jpg\" alt=\"\" width=\"75\" height=\"127\" srcset=\"https:\/\/www.radiopiu.net\/wordpress\/wp-content\/uploads\/2021\/07\/PARCO-DOLOMITI-BELLUNESI-177x300.jpg 177w, https:\/\/www.radiopiu.net\/wordpress\/wp-content\/uploads\/2021\/07\/PARCO-DOLOMITI-BELLUNESI.jpg 259w\" sizes=\"auto, (max-width: 75px) 100vw, 75px\" \/><\/a>FELTRE <\/strong>Il Consiglio Direttivo dell\u2019Ente Parco ha approvato, nell\u2019ultima seduta, la proposta di modifica del Regolamento del Parco, che tiene conto delle richieste pervenute nei mesi scorsi da Amministrazioni della Comunit\u00e0 del Parco e Associazioni del territorio. Per presentare il testo aggiornato del regolamento, che dovr\u00e0 passare ora al vaglio del competente Ministero dell\u2019Ambiente e della Sicurezza energetica, \u00e8 convocata una conferenza stampa presso la sede dell\u2019Ente Parco a Feltre, luned\u00ec 18 dicembre alle 9:30. \u201cLa conferenza stampa \u2013 ha dichiarato il Presidente del Parco, Ennio Vigne \u2013 \u00e8 l\u2019occasione per comunicare le principali e pi\u00f9 significative richieste di modifica che sono state inserite nel Regolamento\u201d.<\/p>\n<p>&nbsp;<\/p>\n<p>&nbsp;<\/p>\n<hr \/>\n<p>&nbsp;<\/p>\n<blockquote>\n<h3>MIG 2023 CHIUDE CON OLTRE 8 MILA INGRESSI<\/h3>\n<\/blockquote>\n<p><strong><a class=\"dt-pswp-item\" href=\"https:\/\/www.radiopiu.net\/wordpress\/wp-content\/uploads\/2023\/12\/Importanti-momenti-internazionali-a-MIG-2023.jpg\" data-dt-img-description=\"\" data-large_image_width=\"2500\" data-large_image_height=\"1562\"><img loading=\"lazy\" decoding=\"async\" class=\" wp-image-365896 alignleft\" src=\"https:\/\/www.radiopiu.net\/wordpress\/wp-content\/uploads\/2023\/12\/Importanti-momenti-internazionali-a-MIG-2023-300x187.jpg\" alt=\"\" width=\"180\" height=\"112\" srcset=\"https:\/\/www.radiopiu.net\/wordpress\/wp-content\/uploads\/2023\/12\/Importanti-momenti-internazionali-a-MIG-2023-300x187.jpg 300w, https:\/\/www.radiopiu.net\/wordpress\/wp-content\/uploads\/2023\/12\/Importanti-momenti-internazionali-a-MIG-2023-1024x640.jpg 1024w, https:\/\/www.radiopiu.net\/wordpress\/wp-content\/uploads\/2023\/12\/Importanti-momenti-internazionali-a-MIG-2023-768x480.jpg 768w, https:\/\/www.radiopiu.net\/wordpress\/wp-content\/uploads\/2023\/12\/Importanti-momenti-internazionali-a-MIG-2023-1536x960.jpg 1536w, https:\/\/www.radiopiu.net\/wordpress\/wp-content\/uploads\/2023\/12\/Importanti-momenti-internazionali-a-MIG-2023-2048x1280.jpg 2048w\" sizes=\"auto, (max-width: 180px) 100vw, 180px\" \/><\/a>LONGARONE<\/strong> La Mig 2023, Mostra internazionale del gelato artigianale a Longarone Fiere Dolomiti, ha presentato un format incentrato su brevetti e start-up, case history di successo delle gelaterie artigiane e il gelato nell\u2019alta ristorazione. L&#8217;evento ha evidenziato il dialogo tra il gelato artigianale, la scienza alimentare e la salute, con la partecipazione del Cnr. Il presidente di Longarone Fiere Dolomiti, Michele Dal Farra, ha considerato l&#8217;edizione di quest&#8217;anno come un primo esperimento di un nuovo modello di format, mirato a servire le imprese gelatiere, e ha annunciato l&#8217;interesse continuo nell&#8217;innovazione per adattarsi alle nuove esigenze del settore. La Mig 2023 &#8211; prima edizione riservata agli operatori di settori &#8211; ha chiuso a 8.203 ingressi nei quattro giorni di apertura.<\/p>\n<p>&nbsp;<\/p>\n<p>&nbsp;<\/p>\n<hr \/>\n<p>&nbsp;<\/p>\n<blockquote>\n<h3>UN FINE SETTIMANA DEDICATO AGLI OPEN DAY VACCINALI<\/h3>\n<\/blockquote>\n<p><strong><a class=\"dt-pswp-item\" href=\"https:\/\/www.radiopiu.net\/wordpress\/wp-content\/uploads\/2023\/12\/803e3e83-9205-47fc-a508-a2a64409ad22.jpg\" data-dt-img-description=\"\" data-large_image_width=\"1131\" data-large_image_height=\"1600\"><img loading=\"lazy\" decoding=\"async\" class=\" wp-image-365927 alignleft\" src=\"https:\/\/www.radiopiu.net\/wordpress\/wp-content\/uploads\/2023\/12\/803e3e83-9205-47fc-a508-a2a64409ad22-212x300.jpg\" alt=\"\" width=\"136\" height=\"192\" srcset=\"https:\/\/www.radiopiu.net\/wordpress\/wp-content\/uploads\/2023\/12\/803e3e83-9205-47fc-a508-a2a64409ad22-212x300.jpg 212w, https:\/\/www.radiopiu.net\/wordpress\/wp-content\/uploads\/2023\/12\/803e3e83-9205-47fc-a508-a2a64409ad22-724x1024.jpg 724w, https:\/\/www.radiopiu.net\/wordpress\/wp-content\/uploads\/2023\/12\/803e3e83-9205-47fc-a508-a2a64409ad22-768x1086.jpg 768w, https:\/\/www.radiopiu.net\/wordpress\/wp-content\/uploads\/2023\/12\/803e3e83-9205-47fc-a508-a2a64409ad22-1086x1536.jpg 1086w, https:\/\/www.radiopiu.net\/wordpress\/wp-content\/uploads\/2023\/12\/803e3e83-9205-47fc-a508-a2a64409ad22.jpg 1131w\" sizes=\"auto, (max-width: 136px) 100vw, 136px\" \/><\/a>BELLUNO<\/strong> Gli open day vaccinali raggiungono ora anche le \u201cterre alte\u201d: dopo le tappe di Belluno e Feltre, infatti, per il weekend l&#8217;Ulss 1 Dolomiti ha organizzato cinque appuntamenti senza prenotazione dall&#8217;Agordino al Comelico, passando per il Cadore.<\/p>\n<p><strong>DI DANIELE DALVIT<\/strong><\/p>\n<audio class=\"wp-audio-shortcode\" id=\"audio-365861-3\" preload=\"none\" style=\"width: 100%;\" controls=\"controls\"><source type=\"audio\/mpeg\" src=\"https:\/\/www.radiopiu.net\/wordpress\/wp-content\/uploads\/2023\/12\/Radio-Piu-Servizio-Open-weekend-vaccini.mp3?_=3\" \/><a href=\"https:\/\/www.radiopiu.net\/wordpress\/wp-content\/uploads\/2023\/12\/Radio-Piu-Servizio-Open-weekend-vaccini.mp3\">https:\/\/www.radiopiu.net\/wordpress\/wp-content\/uploads\/2023\/12\/Radio-Piu-Servizio-Open-weekend-vaccini.mp3<\/a><\/audio>\n<p>&nbsp;<\/p>\n<hr \/>\n<p>&nbsp;<\/p>\n<blockquote>\n<h3>VACCINI: OPEN DAY NEL FINE SETTIMANA<\/h3>\n<\/blockquote>\n<p><strong>BELLUNO<\/strong> Ulteriori Open Day sono pianificati per il prossimo fine settimana in diverse localit\u00e0: 15 dicembre, dalle 15 alle 18, a Santo Stefano di Cadore (Palestra Comunale): 16 dicembre, dalle 9 alle 12, a Pieve di Cadore (Sala Coletti) e a Cortina (Ospedale Codivilla); 17 dicembre, dalle 9 alle 12, ad Agordo (Sala Don Tamis) e ad Auronzo di Cadore (Pala Tre Cime).<\/p>\n<p>&nbsp;<\/p>\n<p>&nbsp;<\/p>\n<hr \/>\n<p>&nbsp;<\/p>\n<blockquote>\n<h3>DILLO A RADIO PIU&#8217;&#8230; MARCIAPIEDI<\/h3>\n<\/blockquote>\n<p>Da Calalzo riceviamo e pubblichiamo<br \/>\nQuesto \u00e8 il marciapiede lungo la trafficatissima SS51bis via Nazionale a Calalzo di Cadore! Serve commentare?<\/p>\n\n\t\t\t<style type='text\/css'>\n\t\t\t\t#gallery-3 {\n\t\t\t\t\tmargin: auto;\n\t\t\t\t}\n\t\t\t\t#gallery-3 .gallery-item {\n\t\t\t\t\tfloat: left;\n\t\t\t\t\tmargin-top: 10px;\n\t\t\t\t\ttext-align: center;\n\t\t\t\t\twidth: 25%;\n\t\t\t\t}\n\t\t\t\t#gallery-3 img {\n\t\t\t\t\tborder: 2px solid #cfcfcf;\n\t\t\t\t}\n\t\t\t\t#gallery-3 .gallery-caption {\n\t\t\t\t\tmargin-left: 0;\n\t\t\t\t}\n\t\t\t\t\/* see gallery_shortcode() in wp-includes\/media.php *\/\n\t\t\t<\/style>\n\t\t<div id='gallery-3' class='dt-gallery-container gallery galleryid-365861 gallery-columns-4 gallery-size-medium'><dl class='gallery-item'>\n\t\t\t\t<dt class='gallery-icon portrait'>\n\t\t\t\t\t<a class=\"rollover rollover-zoom dt-pswp-item\" title=\"1b2e4f78-eb9b-418b-8250-73c958e996ac\" data-dt-img-description=\"\" data-large_image_width=\"960\" data-large_image_height=\"1280\"href='https:\/\/www.radiopiu.net\/wordpress\/wp-content\/uploads\/2023\/12\/1b2e4f78-eb9b-418b-8250-73c958e996ac.jpg'><img loading=\"lazy\" decoding=\"async\" width=\"225\" height=\"300\" src=\"https:\/\/www.radiopiu.net\/wordpress\/wp-content\/uploads\/2023\/12\/1b2e4f78-eb9b-418b-8250-73c958e996ac-225x300.jpg\" class=\"attachment-medium size-medium\" alt=\"\" srcset=\"https:\/\/www.radiopiu.net\/wordpress\/wp-content\/uploads\/2023\/12\/1b2e4f78-eb9b-418b-8250-73c958e996ac-225x300.jpg 225w, https:\/\/www.radiopiu.net\/wordpress\/wp-content\/uploads\/2023\/12\/1b2e4f78-eb9b-418b-8250-73c958e996ac-768x1024.jpg 768w, https:\/\/www.radiopiu.net\/wordpress\/wp-content\/uploads\/2023\/12\/1b2e4f78-eb9b-418b-8250-73c958e996ac.jpg 960w\" sizes=\"auto, (max-width: 225px) 100vw, 225px\" \/><\/a>\n\t\t\t\t<\/dt><\/dl><dl class='gallery-item'>\n\t\t\t\t<dt class='gallery-icon portrait'>\n\t\t\t\t\t<a class=\"rollover rollover-zoom dt-pswp-item\" title=\"3a857776-d584-4f2b-93f6-1d570c9779b1\" data-dt-img-description=\"\" data-large_image_width=\"600\" data-large_image_height=\"800\"href='https:\/\/www.radiopiu.net\/wordpress\/wp-content\/uploads\/2023\/12\/3a857776-d584-4f2b-93f6-1d570c9779b1.jpg'><img loading=\"lazy\" decoding=\"async\" width=\"225\" height=\"300\" src=\"https:\/\/www.radiopiu.net\/wordpress\/wp-content\/uploads\/2023\/12\/3a857776-d584-4f2b-93f6-1d570c9779b1-225x300.jpg\" class=\"attachment-medium size-medium\" alt=\"\" srcset=\"https:\/\/www.radiopiu.net\/wordpress\/wp-content\/uploads\/2023\/12\/3a857776-d584-4f2b-93f6-1d570c9779b1-225x300.jpg 225w, https:\/\/www.radiopiu.net\/wordpress\/wp-content\/uploads\/2023\/12\/3a857776-d584-4f2b-93f6-1d570c9779b1.jpg 600w\" sizes=\"auto, (max-width: 225px) 100vw, 225px\" \/><\/a>\n\t\t\t\t<\/dt><\/dl><dl class='gallery-item'>\n\t\t\t\t<dt class='gallery-icon portrait'>\n\t\t\t\t\t<a class=\"rollover rollover-zoom dt-pswp-item\" title=\"5f480d9b-2ad4-45e4-be52-d9bcd7cb46e9\" data-dt-img-description=\"\" data-large_image_width=\"960\" data-large_image_height=\"1280\"href='https:\/\/www.radiopiu.net\/wordpress\/wp-content\/uploads\/2023\/12\/5f480d9b-2ad4-45e4-be52-d9bcd7cb46e9.jpg'><img loading=\"lazy\" decoding=\"async\" width=\"225\" height=\"300\" src=\"https:\/\/www.radiopiu.net\/wordpress\/wp-content\/uploads\/2023\/12\/5f480d9b-2ad4-45e4-be52-d9bcd7cb46e9-225x300.jpg\" class=\"attachment-medium size-medium\" alt=\"\" srcset=\"https:\/\/www.radiopiu.net\/wordpress\/wp-content\/uploads\/2023\/12\/5f480d9b-2ad4-45e4-be52-d9bcd7cb46e9-225x300.jpg 225w, https:\/\/www.radiopiu.net\/wordpress\/wp-content\/uploads\/2023\/12\/5f480d9b-2ad4-45e4-be52-d9bcd7cb46e9-768x1024.jpg 768w, https:\/\/www.radiopiu.net\/wordpress\/wp-content\/uploads\/2023\/12\/5f480d9b-2ad4-45e4-be52-d9bcd7cb46e9.jpg 960w\" sizes=\"auto, (max-width: 225px) 100vw, 225px\" \/><\/a>\n\t\t\t\t<\/dt><\/dl><dl class='gallery-item'>\n\t\t\t\t<dt class='gallery-icon portrait'>\n\t\t\t\t\t<a class=\"rollover rollover-zoom dt-pswp-item\" title=\"121bbdaf-f53e-4d44-b255-8d4c58843812\" data-dt-img-description=\"\" data-large_image_width=\"960\" data-large_image_height=\"1280\"href='https:\/\/www.radiopiu.net\/wordpress\/wp-content\/uploads\/2023\/12\/121bbdaf-f53e-4d44-b255-8d4c58843812.jpg'><img loading=\"lazy\" decoding=\"async\" width=\"225\" height=\"300\" src=\"https:\/\/www.radiopiu.net\/wordpress\/wp-content\/uploads\/2023\/12\/121bbdaf-f53e-4d44-b255-8d4c58843812-225x300.jpg\" class=\"attachment-medium size-medium\" alt=\"\" srcset=\"https:\/\/www.radiopiu.net\/wordpress\/wp-content\/uploads\/2023\/12\/121bbdaf-f53e-4d44-b255-8d4c58843812-225x300.jpg 225w, https:\/\/www.radiopiu.net\/wordpress\/wp-content\/uploads\/2023\/12\/121bbdaf-f53e-4d44-b255-8d4c58843812-768x1024.jpg 768w, https:\/\/www.radiopiu.net\/wordpress\/wp-content\/uploads\/2023\/12\/121bbdaf-f53e-4d44-b255-8d4c58843812.jpg 960w\" sizes=\"auto, (max-width: 225px) 100vw, 225px\" \/><\/a>\n\t\t\t\t<\/dt><\/dl><br style=\"clear: both\" \/>\n\t\t\t<\/div>\n\n<p>&nbsp;<\/p>\n<hr \/>\n<p>&nbsp;<\/p>\n<blockquote>\n<h3>GRANDE SUCCESSO L\u2019APERTURA DEL RIFUGIO ANTIAEREO. IL FAI FA IL BIS DOMENICA 17 DICEMBRE<\/h3>\n<\/blockquote>\n<p><strong><a class=\"dt-pswp-item\" href=\"https:\/\/www.radiopiu.net\/wordpress\/wp-content\/uploads\/2023\/12\/bunker-rifugio-antiaereo-Belluno.jpg\" data-dt-img-description=\"\" data-large_image_width=\"810\" data-large_image_height=\"540\"><img loading=\"lazy\" decoding=\"async\" class=\" wp-image-365919 alignleft\" src=\"https:\/\/www.radiopiu.net\/wordpress\/wp-content\/uploads\/2023\/12\/bunker-rifugio-antiaereo-Belluno-300x200.jpg\" alt=\"\" width=\"176\" height=\"117\" srcset=\"https:\/\/www.radiopiu.net\/wordpress\/wp-content\/uploads\/2023\/12\/bunker-rifugio-antiaereo-Belluno-300x200.jpg 300w, https:\/\/www.radiopiu.net\/wordpress\/wp-content\/uploads\/2023\/12\/bunker-rifugio-antiaereo-Belluno-768x512.jpg 768w, https:\/\/www.radiopiu.net\/wordpress\/wp-content\/uploads\/2023\/12\/bunker-rifugio-antiaereo-Belluno.jpg 810w\" sizes=\"auto, (max-width: 176px) 100vw, 176px\" \/><\/a>BELLUNO<\/strong> Il rifugio antiaereo della Seconda guerra mondiale sotto Piazza dei Martiri a Belluno sar\u00e0 nuovamente aperto al pubblico il 17 dicembre. Organizzate dalla delegazione bellunese del Fondo Ambiente Italiano (FAI), le visite si svolgeranno ogni 30 minuti dalle 10:00 alle 13:00 e dalle 14:00 alle 16:00. Il rifugio, costruito per proteggere la popolazione durante i bombardamenti aerei nel 1945, offre un&#8217;occasione unica per esplorare la storia e l&#8217;architettura del luogo. La partecipazione \u00e8 a contributo libero, con raccolta fondi destinata alle attivit\u00e0 istituzionali della Fondazione FAI. La prenotazione \u00e8 consigliata attraverso il sito del FAI.<\/p>\n<p>&nbsp;<\/p>\n<p>&nbsp;<\/p>\n<hr \/>\n<p>&nbsp;<\/p>\n<blockquote>\n<h3><a class=\"dt-pswp-item\" href=\"https:\/\/www.radiopiu.net\/wordpress\/wp-content\/uploads\/2023\/12\/Copertina-pubblicata-scaled.jpg\" data-dt-img-description=\"\" data-large_image_width=\"1806\" data-large_image_height=\"2560\"><img loading=\"lazy\" decoding=\"async\" class=\" wp-image-365907 alignleft\" src=\"https:\/\/www.radiopiu.net\/wordpress\/wp-content\/uploads\/2023\/12\/Copertina-pubblicata-212x300.jpg\" alt=\"\" width=\"126\" height=\"178\" srcset=\"https:\/\/www.radiopiu.net\/wordpress\/wp-content\/uploads\/2023\/12\/Copertina-pubblicata-212x300.jpg 212w, https:\/\/www.radiopiu.net\/wordpress\/wp-content\/uploads\/2023\/12\/Copertina-pubblicata-723x1024.jpg 723w, https:\/\/www.radiopiu.net\/wordpress\/wp-content\/uploads\/2023\/12\/Copertina-pubblicata-768x1088.jpg 768w, https:\/\/www.radiopiu.net\/wordpress\/wp-content\/uploads\/2023\/12\/Copertina-pubblicata-1084x1536.jpg 1084w, https:\/\/www.radiopiu.net\/wordpress\/wp-content\/uploads\/2023\/12\/Copertina-pubblicata-1445x2048.jpg 1445w, https:\/\/www.radiopiu.net\/wordpress\/wp-content\/uploads\/2023\/12\/Copertina-pubblicata-scaled.jpg 1806w\" sizes=\"auto, (max-width: 126px) 100vw, 126px\" \/><\/a>LA PRIMA COLONIZZAZIONE DEL TERRITORIO BELLUNESE DAL NEOLITICO ALL&#8217;ETA&#8217; DEL BRONZO<\/h3>\n<\/blockquote>\n<p><strong>BORGO VALBELLUNA<\/strong> Venerd\u00ec al Palazzo delle Contesse di Mel, si terr\u00e0 la presentazione del libro &#8220;Agricoltori, allevatori, pastori, cacciatori, artigiani. La prima colonizzazione del territorio bellunese dal Neolitico all&#8217;Et\u00e0 del Bronzo&#8221;. Il libro, edito dall&#8217;Archivio Storico di Belluno Feltre e Cadore, esamina la &#8220;rivoluzione neolitica&#8221; attraverso le testimonianze archeologiche della Valbelluna, con particolare attenzione ai ritrovamenti nel comune di Borgo Valbelluna. L&#8217;autore, Carlo Mondini, ex Ispettore onorario della Soprintendenza Archeologica del Veneto per la provincia di Belluno, presenter\u00e0 il libro. L&#8217;evento \u00e8 parte del progetto &#8220;Archeologia a Borgo Valbelluna&#8221;, promosso dal Museo Civico Archeologico di Mel e dall&#8217;Amministrazione comunale di Borgo Valbelluna. L&#8217;ingresso \u00e8 libero fino ad esaurimento posti. Per informazioni: <a href=\"mailto:info@museomel.it\" target=\"_new\" rel=\"noopener\">info@museomel.it<\/a> o <a href=\"http:\/\/www.museomel.it\/\" target=\"_new\" rel=\"noopener\">www.museomel.it<\/a>.<\/p>\n<p>&nbsp;<\/p>\n<p>&nbsp;<\/p>\n<hr \/>\n<p>&nbsp;<\/p>\n<h2><span style=\"color: #ff6600;\">IERI ALLA RADIO<\/span><\/h2>\n<h2><span style=\"color: #ff00ff;\">LIBER, IL NUOVO PROGRAMMA DI LIANA CAVALLET<\/span><\/h2>\n<p><strong>PUNTATA 13 13 DICEMBRE MELISSA DA COSTA &#8220;I QUADERNI BOTANICI DI MADAME LUCIE&#8221;<\/strong><\/p>\n<p><a class=\"dt-pswp-item\" href=\"https:\/\/www.radiopiu.net\/wordpress\/wp-content\/uploads\/2023\/12\/3c37105b-6c27-4fae-95fc-324fe778f645.jpg\" data-dt-img-description=\"\" data-large_image_width=\"576\" data-large_image_height=\"890\"><img loading=\"lazy\" decoding=\"async\" class=\"size-medium wp-image-365882 aligncenter\" src=\"https:\/\/www.radiopiu.net\/wordpress\/wp-content\/uploads\/2023\/12\/3c37105b-6c27-4fae-95fc-324fe778f645-194x300.jpg\" alt=\"\" width=\"194\" height=\"300\" srcset=\"https:\/\/www.radiopiu.net\/wordpress\/wp-content\/uploads\/2023\/12\/3c37105b-6c27-4fae-95fc-324fe778f645-194x300.jpg 194w, https:\/\/www.radiopiu.net\/wordpress\/wp-content\/uploads\/2023\/12\/3c37105b-6c27-4fae-95fc-324fe778f645.jpg 576w\" sizes=\"auto, (max-width: 194px) 100vw, 194px\" \/><\/a><\/p>\n<p>&nbsp;<\/p>\n<audio class=\"wp-audio-shortcode\" id=\"audio-365861-4\" preload=\"none\" style=\"width: 100%;\" controls=\"controls\"><source type=\"audio\/mpeg\" src=\"https:\/\/www.radiopiu.net\/wordpress\/wp-content\/uploads\/2023\/12\/LIANA-3.mp3?_=4\" \/><a href=\"https:\/\/www.radiopiu.net\/wordpress\/wp-content\/uploads\/2023\/12\/LIANA-3.mp3\">https:\/\/www.radiopiu.net\/wordpress\/wp-content\/uploads\/2023\/12\/LIANA-3.mp3<\/a><\/audio>\n<p>&nbsp;<\/p>\n<p><strong>LA RACCOLTA COMPLETA <a href=\"https:\/\/www.radiopiu.net\/wordpress\/liber-il-nuovo-programma-di-liana-cavalet-la-raccolta-2\/\">CLICCA QUI<\/a><\/strong><\/p>\n<p>&nbsp;<\/p>\n<h2><span style=\"color: #008000;\">CISL E FEMCA CISL LA VOCE PER I LAVORATORI<\/span><\/h2>\n<p><a class=\"dt-pswp-item\" href=\"https:\/\/www.radiopiu.net\/wordpress\/wp-content\/uploads\/2022\/10\/Milena-Cesca-2022-1.jpeg\" data-dt-img-description=\"\" data-large_image_width=\"1600\" data-large_image_height=\"1200\"><img loading=\"lazy\" decoding=\"async\" class=\" wp-image-303457 alignleft\" src=\"https:\/\/www.radiopiu.net\/wordpress\/wp-content\/uploads\/2022\/10\/Milena-Cesca-2022-1-300x225.jpeg\" alt=\"\" width=\"189\" height=\"142\" srcset=\"https:\/\/www.radiopiu.net\/wordpress\/wp-content\/uploads\/2022\/10\/Milena-Cesca-2022-1-300x225.jpeg 300w, https:\/\/www.radiopiu.net\/wordpress\/wp-content\/uploads\/2022\/10\/Milena-Cesca-2022-1-1024x768.jpeg 1024w, https:\/\/www.radiopiu.net\/wordpress\/wp-content\/uploads\/2022\/10\/Milena-Cesca-2022-1-768x576.jpeg 768w, https:\/\/www.radiopiu.net\/wordpress\/wp-content\/uploads\/2022\/10\/Milena-Cesca-2022-1-1536x1152.jpeg 1536w, https:\/\/www.radiopiu.net\/wordpress\/wp-content\/uploads\/2022\/10\/Milena-Cesca-2022-1.jpeg 1600w\" sizes=\"auto, (max-width: 189px) 100vw, 189px\" \/><\/a>13 DICEMBRE<\/p>\n<h3>PUNTATA 53, MILENA CESCA<\/h3>\n<audio class=\"wp-audio-shortcode\" id=\"audio-365861-5\" preload=\"none\" style=\"width: 100%;\" controls=\"controls\"><source type=\"audio\/mpeg\" src=\"https:\/\/www.radiopiu.net\/wordpress\/wp-content\/uploads\/2023\/12\/FEMCA-CISL-1.mp3?_=5\" \/><a href=\"https:\/\/www.radiopiu.net\/wordpress\/wp-content\/uploads\/2023\/12\/FEMCA-CISL-1.mp3\">https:\/\/www.radiopiu.net\/wordpress\/wp-content\/uploads\/2023\/12\/FEMCA-CISL-1.mp3<\/a><\/audio>\n<p>&nbsp;<\/p>\n<p><strong>LA RACCOLTA COMPLETA <a href=\"https:\/\/www.radiopiu.net\/wordpress\/cisl-e-femca-cisl-la-vocef\/\">CLICCA QUI<\/a><\/strong><\/p>\n<p>&nbsp;<\/p>\n<h2><span style=\"color: #800080;\"><a class=\"dt-pswp-item\" href=\"https:\/\/www.radiopiu.net\/wordpress\/wp-content\/uploads\/2022\/11\/scuola-zaino.jpeg\" data-dt-img-description=\"\" data-large_image_width=\"626\" data-large_image_height=\"417\"><img loading=\"lazy\" decoding=\"async\" class=\" wp-image-306830 alignleft\" src=\"https:\/\/www.radiopiu.net\/wordpress\/wp-content\/uploads\/2022\/11\/scuola-zaino-300x200.jpeg\" alt=\"\" width=\"194\" height=\"129\" srcset=\"https:\/\/www.radiopiu.net\/wordpress\/wp-content\/uploads\/2022\/11\/scuola-zaino-300x200.jpeg 300w, https:\/\/www.radiopiu.net\/wordpress\/wp-content\/uploads\/2022\/11\/scuola-zaino.jpeg 626w\" sizes=\"auto, (max-width: 194px) 100vw, 194px\" \/><\/a>SE NON LA SMETTI TI MANDO DAL PRESIDE<\/span><\/h2>\n<p><strong>DI MIRKO MEZZACASA<\/strong><\/p>\n<p>CON MARIA ROSA SALMAZO<\/p>\n<audio class=\"wp-audio-shortcode\" id=\"audio-365861-6\" preload=\"none\" style=\"width: 100%;\" controls=\"controls\"><source type=\"audio\/mpeg\" src=\"https:\/\/www.radiopiu.net\/wordpress\/wp-content\/uploads\/2023\/12\/PRESIDE.mp3?_=6\" \/><a href=\"https:\/\/www.radiopiu.net\/wordpress\/wp-content\/uploads\/2023\/12\/PRESIDE.mp3\">https:\/\/www.radiopiu.net\/wordpress\/wp-content\/uploads\/2023\/12\/PRESIDE.mp3<\/a><\/audio>\n<p>&nbsp;<\/p>\n<blockquote class=\"wp-embedded-content\" data-secret=\"NBFFj7f2zq\"><p><a href=\"https:\/\/www.radiopiu.net\/wordpress\/rimasti-piu-avanti-p23\/\">&#8220;RIMASTI PIU&#8217; AVANTI&#8221;, ALLA SCOPERTA DELLA MUSICA BELLUNESE CON MARCO V. DAL FARRA<\/a><\/p><\/blockquote>\n<p><iframe loading=\"lazy\" class=\"wp-embedded-content\" sandbox=\"allow-scripts\" security=\"restricted\" style=\"position: absolute; clip: rect(1px, 1px, 1px, 1px);\" title=\"&#8220;&#8220;RIMASTI PIU&#8217; AVANTI&#8221;, ALLA SCOPERTA DELLA MUSICA BELLUNESE CON MARCO V. DAL FARRA&#8221; &#8212; Radio Pi\u00f9\" src=\"https:\/\/www.radiopiu.net\/wordpress\/rimasti-piu-avanti-p23\/embed\/#?secret=LINRwx7D0x#?secret=NBFFj7f2zq\" data-secret=\"NBFFj7f2zq\" width=\"600\" height=\"338\" frameborder=\"0\" marginwidth=\"0\" marginheight=\"0\" scrolling=\"no\"><\/iframe><\/p>\n<p>&nbsp;<\/p>\n<hr \/>\n<p>&nbsp;<\/p>\n<blockquote>\n<h3>CONSIGLIO COMUNALE AD AGORDO<\/h3>\n<\/blockquote>\n<p><strong>AGORDO<\/strong> Il sindaco di Agordo Roberto Chissal\u00e8 ha convocato i consiglieri comunali per luned\u00ec alle 19. Tre i punti da trattare, tra queste si discuter\u00e0 di una variazione a bilancio e della declassificazione di una porzione di area di propriet\u00e0 comunale in localit\u00e0 Mozzach.<\/p>\n<p>&nbsp;<\/p>\n<p>&nbsp;<\/p>\n<hr \/>\n<p>&nbsp;<\/p>\n<blockquote>\n<h3>LUNEDI IL CONSIGLIO DELL&#8217;UNIONE MONTANA AGORDINA<\/h3>\n<\/blockquote>\n<p><strong>AGORDO<\/strong> Il presidente dell&#8217;Unione Montana Agordina ha convocato i consiglieri per luned\u00ec alle 20 in Sala Don Tamis ad Agordo. Saranno quattro i punti da trattare tra cui l&#8217;approvazione della nota di aggiornamento al DUP, l&#8217;approvazione del bilancio di previsione e le comunicazioni del presidente.<\/p>\n<p>&nbsp;<\/p>\n<p>&nbsp;<\/p>\n<hr \/>\n<p>&nbsp;<\/p>\n<blockquote>\n<h3>A RIVAMONTE IL CONSIGLIO COMUNALE<\/h3>\n<\/blockquote>\n<p><strong>RIVAMONTE<\/strong> Il sindaco di Rivamonte Giovanni Deon ha convocato il consiglio comunale per mercoled\u00ec alle 18:30 per trattare 7 punti all&#8217;ordine del giorno. Si parler\u00e0 di una variazione a bilancio, delle imposte IMU e IRPEF, una nota di aggiornamento al DUP, il bilancio di previsione 2024\/26 e la revisione delle partecipazioni possedute.<\/p>\n<p>&nbsp;<\/p>\n<p>&nbsp;<\/p>\n<hr \/>\n<p>&nbsp;<\/p>\n<blockquote>\n<h3>FLAVIO FAORO OSPITE DEL LIBRO PARLATO DI FELTRE<\/h3>\n<\/blockquote>\n<p><a class=\"dt-pswp-item\" href=\"https:\/\/www.radiopiu.net\/wordpress\/wp-content\/uploads\/2023\/12\/b4f4f91a-e8cf-45f6-82de-713435ea4dbc.jpg\" data-dt-img-description=\"\" data-large_image_width=\"800\" data-large_image_height=\"1067\"><img loading=\"lazy\" decoding=\"async\" class=\" wp-image-365830 alignleft\" src=\"https:\/\/www.radiopiu.net\/wordpress\/wp-content\/uploads\/2023\/12\/b4f4f91a-e8cf-45f6-82de-713435ea4dbc-225x300.jpg\" alt=\"\" width=\"117\" height=\"156\" srcset=\"https:\/\/www.radiopiu.net\/wordpress\/wp-content\/uploads\/2023\/12\/b4f4f91a-e8cf-45f6-82de-713435ea4dbc-225x300.jpg 225w, https:\/\/www.radiopiu.net\/wordpress\/wp-content\/uploads\/2023\/12\/b4f4f91a-e8cf-45f6-82de-713435ea4dbc-768x1024.jpg 768w, https:\/\/www.radiopiu.net\/wordpress\/wp-content\/uploads\/2023\/12\/b4f4f91a-e8cf-45f6-82de-713435ea4dbc.jpg 800w\" sizes=\"auto, (max-width: 117px) 100vw, 117px\" \/><\/a>Sono particolarmente emozionata, nell&#8217; ambito delle celebrazioni dei 40 anni di Libro Parlato, ospitare Flavio Faoro, senza dubbio figura nota nella letteratura di montagna ed in particolar modo nel ruolo guida che lo ha visto impegnato per molti anni nella rassegna &#8220;Oltre le vette&#8221;, giunta alla 27a edizione . Sar\u00e0 per me un onore e sicuramente una grande emozione interloquire con l&#8217;insegnante delle scuole superiori che tanto ha contribuito alla mia formazione . Vi aspetto appassionati di montagna e non solo&#8230; Con me ci saranno i Libri Parlanti Loredana Borghetto , Mauro Viani , gli allievi e i maestri della prestigiosa Scuola Sandi.<\/p>\n<p><em><strong>LUISA ALCHINI<\/strong><\/em><\/p>\n<p>&nbsp;<\/p>\n<p>&nbsp;<\/p>\n<hr \/>\n<p>&nbsp;<\/p>\n<h2><span style=\"color: #ff0000;\">GLI APPUNTAMENTI DELLA SETTIMANA\u00a0<\/span><\/h2>\n<p>&nbsp;<\/p>\n<blockquote>\n<h3>RORATE A LIVINALLONGO<\/h3>\n<\/blockquote>\n<p><strong>LIVINALLONGO<\/strong>\u00a0 \u00a0sabato alle sette del mattino in chiesa a Pieve di Livinallongo Rorate, la messa sar\u00e0 accompagnata dai canti del coro parrocchiale diretto da Denni Dorigo<\/p>\n<p>&nbsp;<\/p>\n<blockquote>\n<h3>TESORI SVELATI CON L&#8217;ASSOCIAZIONE CAMPEDEL<\/h3>\n<\/blockquote>\n<p><strong>BELLUNO<\/strong> Sono due gli appuntamenti in programma dall&#8217;Associazione Campedel alla scoperta dei tesori svelati a Belluno. Sabato 16 dicembre alle 15 visita alla cattedrale di San Martino, sabato 30 dicembre alle 15 visita alla Chiesa di Santo Stefano.<\/p>\n<p>&nbsp;<\/p>\n<blockquote>\n<h3>TORNA A LA VALLE LA RASSEGNA \u201cSOT AL TAMER\u201d<\/h3>\n<\/blockquote>\n<p><strong>LA VALLE AGORDINA\u00a0<\/strong>La rassegna \u201cSot al Tamer\u201d fa ritorno a La Valle Agordina. I prossimi appuntamenti: Denis Mezzacasa: Pilota della scuderia Xmotors di Maser, partecipante al campionato Seat Ibiza Cupra (16 dicembre). L\u2019iniziativa \u00e8 organizzata con il contributo attivo della Pro Loco di La Valle Agordina e il patrocinio del Comune di La Valle. L\u2019ingresso \u00e8 libero.<\/p>\n<p>&nbsp;<\/p>\n<blockquote>\n<h3>IL CONCERTO DI NATALE DEL CORO MINIMO BELLUNESE<\/h3>\n<\/blockquote>\n<p><strong>BELLUNO<\/strong> Il Coro Minimo Bellunese chiuder\u00e0 il 2023 con il &#8220;Concerto di Natale&#8221; il 15 dicembre alle 20:45 nella chiesa di Snto Stefano a Belluno, ospitando il Coro Voci delle Dolomiti. Durante l&#8217;anno, il Minimo ha partecipato a importanti eventi, inclusa una trasferta in Svizzera per il centenario della Federazione Ticinese Societ\u00e0 Canto e la partecipazione allo spettacolo &#8220;Il corpo e l&#8217;anima&#8221;. L&#8217;attivit\u00e0 continua nel 2024, con una santa messa a Cibiana di Cadore in ricordo di don Gemo Bianchi, ex direttore del Coro.<\/p>\n<p>&nbsp;<\/p>\n<blockquote>\n<h3>L&#8217;ULTIMA VIA DI RICCARDO BEE, IL FILM<\/h3>\n<\/blockquote>\n<p><em>&#8220;Partiva per tre o quattro giorni, da solo. Sapevamo che viveva esperienze estreme, ma quando tornava era come se nulla fosse accaduto, le teneva in gran parte per s\u00e9&#8221;<\/em><\/p>\n<p><strong>SABATO 16 DICEMBRE, ALLE 20.30 IN SALA DON TAMIS<\/strong><br \/>\nIL FILM SARA&#8217; PRESENTATO DAL REGISTA EMANUELE CONFORTIN, MODERATORE DELLA SERATA GIANPAOLO SORATROI. DAL TRENTO FILM FESTIVAL AD AGORDO, &#8220;L&#8217;ULTIMA VIA DI RICCARDO BEE&#8221;, PER INIZIATIVA DEL COMUNE DI AGORDO<\/p>\n<p><a class=\"dt-pswp-item\" href=\"https:\/\/www.radiopiu.net\/wordpress\/wp-content\/uploads\/2023\/11\/196c380b-4f41-40fe-b60e-025662cd56ca.jpg\" data-dt-img-description=\"\" data-large_image_width=\"1131\" data-large_image_height=\"1600\"><img loading=\"lazy\" decoding=\"async\" class=\"size-medium wp-image-362712 aligncenter\" src=\"https:\/\/www.radiopiu.net\/wordpress\/wp-content\/uploads\/2023\/11\/196c380b-4f41-40fe-b60e-025662cd56ca-212x300.jpg\" alt=\"\" width=\"212\" height=\"300\" srcset=\"https:\/\/www.radiopiu.net\/wordpress\/wp-content\/uploads\/2023\/11\/196c380b-4f41-40fe-b60e-025662cd56ca-212x300.jpg 212w, https:\/\/www.radiopiu.net\/wordpress\/wp-content\/uploads\/2023\/11\/196c380b-4f41-40fe-b60e-025662cd56ca-724x1024.jpg 724w, https:\/\/www.radiopiu.net\/wordpress\/wp-content\/uploads\/2023\/11\/196c380b-4f41-40fe-b60e-025662cd56ca-768x1086.jpg 768w, https:\/\/www.radiopiu.net\/wordpress\/wp-content\/uploads\/2023\/11\/196c380b-4f41-40fe-b60e-025662cd56ca-1086x1536.jpg 1086w, https:\/\/www.radiopiu.net\/wordpress\/wp-content\/uploads\/2023\/11\/196c380b-4f41-40fe-b60e-025662cd56ca.jpg 1131w\" sizes=\"auto, (max-width: 212px) 100vw, 212px\" \/><\/a><\/p>\n<p>&nbsp;<\/p>\n<blockquote>\n<h3>&#8220;IL COMANDANTE&#8221; AL CINEMA DOLOMITI DI FALCADE<\/h3>\n<\/blockquote>\n<p><strong>FALCADE<\/strong> Venerd\u00ec, sabato e domenica il Cinema Dolomiti di Falcade proietter\u00e0 l&#8217;ultimo film con Pierfrancesco Favino &#8220;Il Comandante&#8221; per la regia di Edoardo De Angelis. Gli orari delle proiezioni sono fissati nei giorni feriali alle 21, la domenica alle 15.30 e alle 21.<\/p>\n<p>&nbsp;<\/p>\n<blockquote>\n<h3>UN POMERIGGIO PER BAMBINI A LIMANA<\/h3>\n<\/blockquote>\n<p><strong>LIMANA<\/strong> La biblioteca di Limana e il Comune di Limana organizzano per sabato alle 17 il terzo appuntamento della nuova rassegna teatrale. Nella sala Nocivelli andr\u00e0 i scena lo spettacolo per bambini dal titolo &#8220;quando l&#8221;universo era grande cos\u00ec&#8221;.<\/p>\n<p>&nbsp;<\/p>\n<blockquote>\n<h3>A PIEDI IN PRESTITO VERSO LA NOTTE SANTA<\/h3>\n<\/blockquote>\n<p><strong>FELTRE <\/strong>Domenica alle 15:00, alla Coop. Soc. Arcobaleno \u201986 Onlus in Loc. Casonetto-Vellai di Feltre, inaugurazione della mostra tematica\u00a0 &#8220;A piedi in prestito verso la Notte Santa&#8221;<\/p>\n<p>&nbsp;<\/p>\n<h1><\/h1>\n<p>&nbsp;<\/p>\n<h2><span style=\"color: #ff0000;\">PROSSIMAMENTE&#8230;..<\/span><\/h2>\n<p>&nbsp;<\/p>\n<p class=\"articlePlainText\"><strong class=\"photoswipe-wrapper\"><a class=\"dt-pswp-item pspw-wrap-ready\" href=\"https:\/\/www.radiopiu.net\/wordpress\/wp-content\/uploads\/2023\/11\/1f9b39ac-7445-4292-9e66-746ed8bde8d9.jpg\" data-dt-img-description=\"\" data-large_image_width=\"800\" data-large_image_height=\"1067\"><img loading=\"lazy\" decoding=\"async\" class=\" wp-image-360368 alignleft\" src=\"https:\/\/www.radiopiu.net\/wordpress\/wp-content\/uploads\/2023\/11\/1f9b39ac-7445-4292-9e66-746ed8bde8d9-225x300.jpg\" sizes=\"auto, (max-width: 182px) 100vw, 182px\" srcset=\"https:\/\/www.radiopiu.net\/wordpress\/wp-content\/uploads\/2023\/11\/1f9b39ac-7445-4292-9e66-746ed8bde8d9-225x300.jpg 225w, https:\/\/www.radiopiu.net\/wordpress\/wp-content\/uploads\/2023\/11\/1f9b39ac-7445-4292-9e66-746ed8bde8d9-768x1024.jpg 768w, https:\/\/www.radiopiu.net\/wordpress\/wp-content\/uploads\/2023\/11\/1f9b39ac-7445-4292-9e66-746ed8bde8d9.jpg 800w\" alt=\"\" width=\"105\" height=\"140\" \/><\/a>FELTRE<\/strong> Gli eventi in programma per celebrare i 40 anni del Libro Parlato di Feltre \u201cA. Sernagiotto\u201d.<\/p>\n<p><strong>LUNEDI 18 DICEMBRE\u00a0<\/strong>alle 18 in Sala Ocri Flavio Faoro: da Oltre le vette ai racconti e alle fiabe, presenta Luisa Alchini. Letture ad alta voce del gruppo Libri Parlanti<\/p>\n<p><strong>VENERDI 22 DICEMBRE\u00a0<\/strong>alle 18 in Sala Ocri Presentazione del libro \u201cIl saldatore del Vajont\u201d con l\u2019autore Antonio G. Bortoluzzi \u2013 presenta Nicola Maccagnan<\/p>\n<p>&nbsp;<\/p>\n<h2><strong>AGORDO<\/strong> Cena della classe 1953,\u00a0 \u00a0sabato 16 dicembre alle 19,30 alla Pizzeria Agordina 0437 63147, iscrizioni entro gioved\u00ec 14<\/h2>\n<h2><strong>LA VALLE<\/strong> Sabato 16 dicembre dalle 10.30 alle 12 scuola aperta alla primaria Don G.Mezzacasa&#8221;, sar\u00e0 presentata la scuola e potr\u00e0 essere visitata dai genitori, attivit\u00e0 di laboratorio per i piccoli visitatori.<\/h2>\n<h2>AGORDO Scuola aperta alla Primaria, martedi 19 dicembre alle 17.15 nel salone al primo piano<\/h2>\n<hr \/>\n<p>&nbsp;<\/p>\n<p><a class=\"dt-pswp-item\" href=\"https:\/\/www.radiopiu.net\/wordpress\/wp-content\/uploads\/2018\/09\/viabilita.jpeg\" data-dt-img-description=\"\" data-large_image_width=\"800\" data-large_image_height=\"100\"><img loading=\"lazy\" decoding=\"async\" class=\"aligncenter wp-image-61954 size-full\" src=\"https:\/\/www.radiopiu.net\/wordpress\/wp-content\/uploads\/2018\/09\/viabilita.jpeg\" alt=\"\" width=\"800\" height=\"100\" srcset=\"https:\/\/www.radiopiu.net\/wordpress\/wp-content\/uploads\/2018\/09\/viabilita.jpeg 800w, https:\/\/www.radiopiu.net\/wordpress\/wp-content\/uploads\/2018\/09\/viabilita-300x38.jpeg 300w, https:\/\/www.radiopiu.net\/wordpress\/wp-content\/uploads\/2018\/09\/viabilita-768x96.jpeg 768w\" sizes=\"auto, (max-width: 800px) 100vw, 800px\" \/><\/a><\/p>\n<p>&nbsp;<\/p>\n<blockquote class=\"wp-embedded-content\" data-secret=\"YruBLsa2MX\"><p><a href=\"https:\/\/www.radiopiu.net\/wordpress\/viabilita\/\">viabilita<\/a><\/p><\/blockquote>\n<p><iframe loading=\"lazy\" class=\"wp-embedded-content\" sandbox=\"allow-scripts\" security=\"restricted\" style=\"position: absolute; clip: rect(1px, 1px, 1px, 1px);\" title=\"&#8220;viabilita&#8221; &#8212; Radio Pi\u00f9\" src=\"https:\/\/www.radiopiu.net\/wordpress\/viabilita\/embed\/#?secret=3haBF1DE8x#?secret=YruBLsa2MX\" data-secret=\"YruBLsa2MX\" width=\"600\" height=\"338\" frameborder=\"0\" marginwidth=\"0\" marginheight=\"0\" scrolling=\"no\"><\/iframe><\/p>\n<p>&nbsp;<\/p>\n<hr \/>\n<p>&nbsp;<\/p>\n<p><a class=\"dt-pswp-item\" href=\"https:\/\/www.radiopiu.net\/wordpress\/wp-content\/uploads\/2018\/09\/WhatsApp-Image-2018-09-20-at-16.04.06.jpeg\" data-dt-img-description=\"\" data-large_image_width=\"800\" data-large_image_height=\"100\"><img loading=\"lazy\" decoding=\"async\" class=\"wp-image-61378 size-full aligncenter\" src=\"https:\/\/www.radiopiu.net\/wordpress\/wp-content\/uploads\/2018\/09\/WhatsApp-Image-2018-09-20-at-16.04.06.jpeg\" alt=\"\" width=\"800\" height=\"100\" srcset=\"https:\/\/www.radiopiu.net\/wordpress\/wp-content\/uploads\/2018\/09\/WhatsApp-Image-2018-09-20-at-16.04.06.jpeg 800w, https:\/\/www.radiopiu.net\/wordpress\/wp-content\/uploads\/2018\/09\/WhatsApp-Image-2018-09-20-at-16.04.06-300x38.jpeg 300w, https:\/\/www.radiopiu.net\/wordpress\/wp-content\/uploads\/2018\/09\/WhatsApp-Image-2018-09-20-at-16.04.06-768x96.jpeg 768w\" sizes=\"auto, (max-width: 800px) 100vw, 800px\" \/><\/a><\/p>\n<p><center><\/center><b>\u00a0<\/b><\/p>\n<p><center><b>OGGI<\/b><\/center>Tra la notte e buona parte del mattino nubi medio-alte stratiformi con qualche squarcio di sereno. Dalle ore centrali miglioramento del tempo con riduzione della nuvolosit\u00e0 e rasserenamenti via via pi\u00f9 frequenti a partire dalle Dolomiti, mentre lo stesso miglioramento sar\u00e0 un po&#8217; pi\u00f9 tardivo sulla fascia prealpina.<br \/>\n<b>Precipitazioni: <\/b>Assenti<br \/>\n<b>Temperature: <\/b>In generale calo con minime osservate alla sera.<\/p>\n<hr \/>\n<p><center><b>DOMANI<\/b><\/center>Giornata in prevalenza soleggiata, ma con l&#8217;insidia di qualche banco di nubi basse durante le ore pi\u00f9 fredde, il cui dissolvimento dovrebbe avvenire, gi\u00e0 in mattinata.<br \/>\n<b>Precipitazioni: <\/b>Assenti<br \/>\n<b>Temperature: <\/b>In generale lieve calo, pi\u00f9 marcato per le minime in caso d&#8217;irraggiamento notturno, meno nei settori interessati da nubi basse. Eventuali locali rialzi per favonio in alcune valli.<\/p>\n<hr \/>\n<p><center><b>SABATO<\/b><\/center>Tempo ben soleggiato con cielo terso, aria limpida ed ottima visibilit\u00e0, salvo nebbie notturne in Valbelluna. Il freddo notturno sar\u00e0 generalizzato sia per il calo delle temperature minime che per il forte irraggiamento. Le massime saranno in generale lieve aumento, specie in quota, eccetto calo delle stesse nelle valli in ombra.<\/p>\n<hr \/>\n<p><center><b>DOMENICA<\/b><\/center>Stupenda giornata in quota tra Dolomiti e Prealpi con sole, cielo terso, aria nitida ed ottima visibilit\u00e0. In alcune conche prealpine (Valbelluna) e fondovalle a ridosso della pedemontana nebbie e nubi basse saranno presenti durante le ore pi\u00f9 fredde, e non sar\u00e0 da escludere che in alcuni casi possano persistere. Temperature in ulteriore netto rialzo in quota, meno nelle valli, specie nei settori in ombra, dove ci sar\u00e0 una certa sedimentazione dell&#8217;aria fredda con instaurarsi dell&#8217;inversione termica.<\/p>\n<p>&nbsp;<\/p>\n<blockquote class=\"wp-embedded-content\" data-secret=\"vFTV9guhl2\"><p><a href=\"https:\/\/www.radiopiu.net\/wordpress\/pochi-centimetri-di-neve-fresca-sulle-dolomiti-nelle-ultime-24-ore\/\">POCHI CENTIMETRI DI NEVE FRESCA SULLE DOLOMITI NELLE ULTIME 24 ORE<\/a><\/p><\/blockquote>\n<p><iframe loading=\"lazy\" class=\"wp-embedded-content\" sandbox=\"allow-scripts\" security=\"restricted\" style=\"position: absolute; clip: rect(1px, 1px, 1px, 1px);\" title=\"&#8220;POCHI CENTIMETRI DI NEVE FRESCA SULLE DOLOMITI NELLE ULTIME 24 ORE&#8221; &#8212; Radio Pi\u00f9\" src=\"https:\/\/www.radiopiu.net\/wordpress\/pochi-centimetri-di-neve-fresca-sulle-dolomiti-nelle-ultime-24-ore\/embed\/#?secret=eBXj1U22f6#?secret=vFTV9guhl2\" data-secret=\"vFTV9guhl2\" width=\"600\" height=\"338\" frameborder=\"0\" marginwidth=\"0\" marginheight=\"0\" scrolling=\"no\"><\/iframe><\/p>\n<p>&nbsp;<\/p>\n<hr \/>\n<p>&nbsp;<\/p>\n<p><img loading=\"lazy\" decoding=\"async\" class=\"wp-image-60761 size-full aligncenter\" src=\"https:\/\/www.radiopiu.net\/wordpress\/wp-content\/uploads\/2018\/09\/sport.jpg\" alt=\"\" width=\"800\" height=\"100\" srcset=\"https:\/\/www.radiopiu.net\/wordpress\/wp-content\/uploads\/2018\/09\/sport.jpg 800w, https:\/\/www.radiopiu.net\/wordpress\/wp-content\/uploads\/2018\/09\/sport-300x38.jpg 300w, https:\/\/www.radiopiu.net\/wordpress\/wp-content\/uploads\/2018\/09\/sport-768x96.jpg 768w\" sizes=\"auto, (max-width: 800px) 100vw, 800px\" \/><\/p>\n<p>&nbsp;<\/p>\n<p><span style=\"color: #0000ff;\"><strong>HOCKEY SU GHIACCIO<\/strong><\/span><\/p>\n<blockquote>\n<h3>AL DE TONI L&#8217;ALLEGHE SI SCONTRA CON IL FELTRE, UN DERBY CHE PROFUMA DI PLAYOFF<\/h3>\n<\/blockquote>\n<p><strong><a class=\"dt-pswp-item\" href=\"https:\/\/www.radiopiu.net\/wordpress\/wp-content\/uploads\/2023\/12\/64b7a458-7a39-474d-96e3-10b553feba65.jpg\" data-dt-img-description=\"\" data-large_image_width=\"1600\" data-large_image_height=\"1068\"><img loading=\"lazy\" decoding=\"async\" class=\" wp-image-365865 alignleft\" src=\"https:\/\/www.radiopiu.net\/wordpress\/wp-content\/uploads\/2023\/12\/64b7a458-7a39-474d-96e3-10b553feba65-300x200.jpg\" alt=\"\" width=\"176\" height=\"117\" srcset=\"https:\/\/www.radiopiu.net\/wordpress\/wp-content\/uploads\/2023\/12\/64b7a458-7a39-474d-96e3-10b553feba65-300x200.jpg 300w, https:\/\/www.radiopiu.net\/wordpress\/wp-content\/uploads\/2023\/12\/64b7a458-7a39-474d-96e3-10b553feba65-1024x684.jpg 1024w, https:\/\/www.radiopiu.net\/wordpress\/wp-content\/uploads\/2023\/12\/64b7a458-7a39-474d-96e3-10b553feba65-768x513.jpg 768w, https:\/\/www.radiopiu.net\/wordpress\/wp-content\/uploads\/2023\/12\/64b7a458-7a39-474d-96e3-10b553feba65-1536x1025.jpg 1536w, https:\/\/www.radiopiu.net\/wordpress\/wp-content\/uploads\/2023\/12\/64b7a458-7a39-474d-96e3-10b553feba65.jpg 1600w\" sizes=\"auto, (max-width: 176px) 100vw, 176px\" \/><\/a>DI ROBERTO MIANA, portavoce dell&#8217;Alleghe Hockey<\/strong><\/p>\n<p>Diciannovesima giornata (ottava del girone di ritorno) di Regular Season del campionato IHL di hockey su ghiaccio. Gioved\u00ec 14 dicembre alle 20:30 l\u2019Alleghe ospita il Feltreghiaccio. Nell\u2019ultima gara giocata dagli Agordini, prima del turno di riposo osservato sabato scorso, le Civette hanno espugnato 5-2 il ghiaccio del fanalino di coda Dobbiaco, conquistando meritatamente i tre punti, alla luce di una buona prestazione. L\u2019Alleghe, dopo 16 partite giocate, \u00e8 sesto in classifica con 27 punti, ad un solo punto dal quinto posto, ultimo utile per l\u2019accesso diretto ai playoff e occupato proprio dal Feltreghiaccio. Nikolai Zherdev \u00e8 il top scorrer della squadra con 22 punti (10 gol e 12 assist) seguito da Gabriel Vinatzer: 20 punti (8+12) e Juho M\u00e4kel\u00e4: 18 punti (8+10). Contro i cugini del Feltre sar\u00e0 una partita delicatissima per gli Alleghesi, che saranno obbligati a vincere per non vedersi sfuggire la possibilit\u00e0 di qualificarsi al Master Round e di conseguenza ai playoff. Il Feltreghiaccio \u00e8 reduce dalla vittoria all\u2019overtime 4-3 all\u2019Eishalle Arena di Bressanone, in un match combattuto e riequilibrato dai Feltrini con due marcature nel terzo periodo. I Picchi, grazie a questo successo, hanno approfittato del turno di riposo dell\u2019Alleghe tornando in solitaria al quinto posto in classifica con 28 punti. Il migliore realizzatore della squadra \u00e8 il trentacinquenne attaccante ucraino Dmytro Nimenko, autore di 7 gol e 18 assist, seguito a pari merito di marcature dal feltrino Matteo Dall\u2019Agnol e dal difensore ceco Lukas Blaha. Nei 13 precedenti tra Alleghe e Feltreghiaccio, le Civette sono imbattute nei confronti dei cugini feltrini. Nella gara di andata, disputata al PalaFeltre il 26 ottobre, l\u2019Alleghe si \u00e8 imposto con un perentorio 5-1.<\/p>\n<p><strong>ALLEGHE hockey &#8211; HC FELTREGHIACCIO<\/strong> Gioved\u00ec 14 dicembre ore 20:30 &#8211; Palaghiaccio Alvise De Toni di Alleghe. Arbitri: Alessio Bedana e Omar Pini\u00e8 con giudici di linea Mauro De Zordo e Federico Fecchio. Collegamenti in\u00a0DIRETTA RADIOFONICA\u00a0su Radio Pi\u00f9 (www.radiopiu.net) con \u201cHockey al punto giusto\u201d, in studio Marco Gaz e da Alleghe interventi di Federico Paganin<\/p>\n<p>&nbsp;<\/p>\n<p><span style=\"color: #0000ff;\"><strong>SNOWBOARD<\/strong><\/span><\/p>\n<blockquote>\n<h3>OGGI INIZIA UFFICIALMENTE LA STAGIONE PER LUCIA DALMASSO<\/h3>\n<\/blockquote>\n<p><strong><a class=\"dt-pswp-item\" href=\"https:\/\/www.radiopiu.net\/wordpress\/wp-content\/uploads\/2023\/02\/Dalmasso-Bakuriani-19-2-2023-1068x584-1.jpg\" data-dt-img-description=\"\" data-large_image_width=\"1068\" data-large_image_height=\"584\"><img loading=\"lazy\" decoding=\"async\" class=\" wp-image-323003 alignleft\" src=\"https:\/\/www.radiopiu.net\/wordpress\/wp-content\/uploads\/2023\/02\/Dalmasso-Bakuriani-19-2-2023-1068x584-1-300x164.jpg\" alt=\"\" width=\"240\" height=\"131\" srcset=\"https:\/\/www.radiopiu.net\/wordpress\/wp-content\/uploads\/2023\/02\/Dalmasso-Bakuriani-19-2-2023-1068x584-1-300x164.jpg 300w, https:\/\/www.radiopiu.net\/wordpress\/wp-content\/uploads\/2023\/02\/Dalmasso-Bakuriani-19-2-2023-1068x584-1-1024x560.jpg 1024w, https:\/\/www.radiopiu.net\/wordpress\/wp-content\/uploads\/2023\/02\/Dalmasso-Bakuriani-19-2-2023-1068x584-1-768x420.jpg 768w, https:\/\/www.radiopiu.net\/wordpress\/wp-content\/uploads\/2023\/02\/Dalmasso-Bakuriani-19-2-2023-1068x584-1.jpg 1068w\" sizes=\"auto, (max-width: 240px) 100vw, 240px\" \/><\/a>di Marco Gaz<\/strong><\/p>\n<p><strong>REDAZIONE<\/strong> Inizia oggi la Coppa del Mondo di Snowboard e al via ci sar\u00e0 anche Lucia Dalmasso. La falcadina torna in pista per dare il meglio nella stagione 2023\/24. Primo appuntamento a Carezza con il gigante parallelo. Sabato di nuovo in pista sempre con il gigante parallelo ma questa volta a Cortina. Le gare si potranno vedere in diretta tv su Rai Sport HD oppure online a pagamento sulla piattaforma streaming Eurosport di Discovery.<\/p>\n<p>&nbsp;<\/p>\n<p>&nbsp;<\/p>\n<p>&nbsp;<\/p>\n<p>&nbsp;<\/p>\n<p><span style=\"color: #0000ff;\"><strong>MOUNTAIN BIKE<\/strong><\/span><\/p>\n<blockquote>\n<h3>RADICAL RACING REVOLUTION, IL TEAM DI DOWNHILL<\/h3>\n<\/blockquote>\n<p><strong>VALLADA <\/strong>L&#8217;associazione sportiva Radical Racing Revolution \u00e8 stata fondata nel 2023 nella vallata agordina. Presieduta da Marco Cundo e supportata dal vice Daniele Frani, l&#8217;associazione si concentra su sport legati alla montagna, con una particolare crescita nell&#8217;attivit\u00e0 di downhill in mountain bike. Nel corso dell&#8217;anno, la squadra ha partecipato con successo a gare nazionali, ottenendo il terzo posto assoluto a livello italiano. Oltre alla mountain bike, l&#8217;associazione mira ad espandersi ad altri sport da montagna come l&#8217;arrampicata e l&#8217;escursionismo.appoggiandoci a guide alpine o di mezza montagna. Per noi \u00e8 molto importante dare la possibilit\u00e0 ai ragazzi di fare sport\u201d.<\/p>\n\n\t\t\t<style type='text\/css'>\n\t\t\t\t#gallery-4 {\n\t\t\t\t\tmargin: auto;\n\t\t\t\t}\n\t\t\t\t#gallery-4 .gallery-item {\n\t\t\t\t\tfloat: left;\n\t\t\t\t\tmargin-top: 10px;\n\t\t\t\t\ttext-align: center;\n\t\t\t\t\twidth: 20%;\n\t\t\t\t}\n\t\t\t\t#gallery-4 img {\n\t\t\t\t\tborder: 2px solid #cfcfcf;\n\t\t\t\t}\n\t\t\t\t#gallery-4 .gallery-caption {\n\t\t\t\t\tmargin-left: 0;\n\t\t\t\t}\n\t\t\t\t\/* see gallery_shortcode() in wp-includes\/media.php *\/\n\t\t\t<\/style>\n\t\t<div id='gallery-4' class='dt-gallery-container gallery galleryid-365861 gallery-columns-5 gallery-size-thumbnail'><dl class='gallery-item'>\n\t\t\t\t<dt class='gallery-icon landscape'>\n\t\t\t\t\t<a class=\"rollover rollover-zoom dt-pswp-item\" title=\"3e1259ba-3b31-4032-ae7f-d4950d806a53\" data-dt-img-description=\"\" data-large_image_width=\"1080\" data-large_image_height=\"719\"href='https:\/\/www.radiopiu.net\/wordpress\/wp-content\/uploads\/2023\/12\/3e1259ba-3b31-4032-ae7f-d4950d806a53.jpg'><img loading=\"lazy\" decoding=\"async\" width=\"150\" height=\"150\" src=\"https:\/\/www.radiopiu.net\/wordpress\/wp-content\/uploads\/2023\/12\/3e1259ba-3b31-4032-ae7f-d4950d806a53-150x150.jpg\" class=\"attachment-thumbnail size-thumbnail\" alt=\"\" \/><\/a>\n\t\t\t\t<\/dt><\/dl><dl class='gallery-item'>\n\t\t\t\t<dt class='gallery-icon landscape'>\n\t\t\t\t\t<a class=\"rollover rollover-zoom dt-pswp-item\" title=\"4e7ee7f0-3431-41ed-adea-374928d36130\" data-dt-img-description=\"\" data-large_image_width=\"2048\" data-large_image_height=\"1536\"href='https:\/\/www.radiopiu.net\/wordpress\/wp-content\/uploads\/2023\/12\/4e7ee7f0-3431-41ed-adea-374928d36130.jpg'><img loading=\"lazy\" decoding=\"async\" width=\"150\" height=\"150\" src=\"https:\/\/www.radiopiu.net\/wordpress\/wp-content\/uploads\/2023\/12\/4e7ee7f0-3431-41ed-adea-374928d36130-150x150.jpg\" class=\"attachment-thumbnail size-thumbnail\" alt=\"\" \/><\/a>\n\t\t\t\t<\/dt><\/dl><dl class='gallery-item'>\n\t\t\t\t<dt class='gallery-icon landscape'>\n\t\t\t\t\t<a class=\"rollover rollover-zoom dt-pswp-item\" title=\"29ecd305-4682-4686-ad2a-0f2eda89415d\" data-dt-img-description=\"\" data-large_image_width=\"2048\" data-large_image_height=\"1536\"href='https:\/\/www.radiopiu.net\/wordpress\/wp-content\/uploads\/2023\/12\/29ecd305-4682-4686-ad2a-0f2eda89415d.jpg'><img loading=\"lazy\" decoding=\"async\" width=\"150\" height=\"150\" src=\"https:\/\/www.radiopiu.net\/wordpress\/wp-content\/uploads\/2023\/12\/29ecd305-4682-4686-ad2a-0f2eda89415d-150x150.jpg\" class=\"attachment-thumbnail size-thumbnail\" alt=\"\" \/><\/a>\n\t\t\t\t<\/dt><\/dl><dl class='gallery-item'>\n\t\t\t\t<dt class='gallery-icon landscape'>\n\t\t\t\t\t<a class=\"rollover rollover-zoom dt-pswp-item\" title=\"93ca3f4d-ffb4-481d-a5a4-3b2ff200def3\" data-dt-img-description=\"\" data-large_image_width=\"1600\" data-large_image_height=\"1064\"href='https:\/\/www.radiopiu.net\/wordpress\/wp-content\/uploads\/2023\/12\/93ca3f4d-ffb4-481d-a5a4-3b2ff200def3.jpg'><img loading=\"lazy\" decoding=\"async\" width=\"150\" height=\"150\" src=\"https:\/\/www.radiopiu.net\/wordpress\/wp-content\/uploads\/2023\/12\/93ca3f4d-ffb4-481d-a5a4-3b2ff200def3-150x150.jpg\" class=\"attachment-thumbnail size-thumbnail\" alt=\"\" \/><\/a>\n\t\t\t\t<\/dt><\/dl><dl class='gallery-item'>\n\t\t\t\t<dt class='gallery-icon landscape'>\n\t\t\t\t\t<a class=\"rollover rollover-zoom dt-pswp-item\" title=\"b244a1c5-77b1-4f61-88cd-942415da20c4\" data-dt-img-description=\"\" data-large_image_width=\"1416\" data-large_image_height=\"1416\"href='https:\/\/www.radiopiu.net\/wordpress\/wp-content\/uploads\/2023\/12\/b244a1c5-77b1-4f61-88cd-942415da20c4.jpg'><img loading=\"lazy\" decoding=\"async\" width=\"150\" height=\"150\" src=\"https:\/\/www.radiopiu.net\/wordpress\/wp-content\/uploads\/2023\/12\/b244a1c5-77b1-4f61-88cd-942415da20c4-150x150.jpg\" class=\"attachment-thumbnail size-thumbnail\" alt=\"\" srcset=\"https:\/\/www.radiopiu.net\/wordpress\/wp-content\/uploads\/2023\/12\/b244a1c5-77b1-4f61-88cd-942415da20c4-150x150.jpg 150w, https:\/\/www.radiopiu.net\/wordpress\/wp-content\/uploads\/2023\/12\/b244a1c5-77b1-4f61-88cd-942415da20c4-300x300.jpg 300w, https:\/\/www.radiopiu.net\/wordpress\/wp-content\/uploads\/2023\/12\/b244a1c5-77b1-4f61-88cd-942415da20c4-1024x1024.jpg 1024w, https:\/\/www.radiopiu.net\/wordpress\/wp-content\/uploads\/2023\/12\/b244a1c5-77b1-4f61-88cd-942415da20c4-768x768.jpg 768w, https:\/\/www.radiopiu.net\/wordpress\/wp-content\/uploads\/2023\/12\/b244a1c5-77b1-4f61-88cd-942415da20c4.jpg 1416w\" sizes=\"auto, (max-width: 150px) 100vw, 150px\" \/><\/a>\n\t\t\t\t<\/dt><\/dl><br style=\"clear: both\" \/>\n\t\t\t<\/div>\n\n<p>&nbsp;<\/p>\n\n\t\t\t<style type='text\/css'>\n\t\t\t\t#gallery-5 {\n\t\t\t\t\tmargin: auto;\n\t\t\t\t}\n\t\t\t\t#gallery-5 .gallery-item {\n\t\t\t\t\tfloat: left;\n\t\t\t\t\tmargin-top: 10px;\n\t\t\t\t\ttext-align: center;\n\t\t\t\t\twidth: 20%;\n\t\t\t\t}\n\t\t\t\t#gallery-5 img {\n\t\t\t\t\tborder: 2px solid #cfcfcf;\n\t\t\t\t}\n\t\t\t\t#gallery-5 .gallery-caption {\n\t\t\t\t\tmargin-left: 0;\n\t\t\t\t}\n\t\t\t\t\/* see gallery_shortcode() in wp-includes\/media.php *\/\n\t\t\t<\/style>\n\t\t<div id='gallery-5' class='dt-gallery-container gallery galleryid-365861 gallery-columns-5 gallery-size-thumbnail'><dl class='gallery-item'>\n\t\t\t\t<dt class='gallery-icon landscape'>\n\t\t\t\t\t<a class=\"rollover rollover-zoom dt-pswp-item\" title=\"3e1259ba-3b31-4032-ae7f-d4950d806a53\" data-dt-img-description=\"\" data-large_image_width=\"1080\" data-large_image_height=\"719\"href='https:\/\/www.radiopiu.net\/wordpress\/wp-content\/uploads\/2023\/12\/3e1259ba-3b31-4032-ae7f-d4950d806a53.jpg'><img loading=\"lazy\" decoding=\"async\" width=\"150\" height=\"150\" src=\"https:\/\/www.radiopiu.net\/wordpress\/wp-content\/uploads\/2023\/12\/3e1259ba-3b31-4032-ae7f-d4950d806a53-150x150.jpg\" class=\"attachment-thumbnail size-thumbnail\" alt=\"\" \/><\/a>\n\t\t\t\t<\/dt><\/dl><dl class='gallery-item'>\n\t\t\t\t<dt class='gallery-icon landscape'>\n\t\t\t\t\t<a class=\"rollover rollover-zoom dt-pswp-item\" title=\"4e7ee7f0-3431-41ed-adea-374928d36130\" data-dt-img-description=\"\" data-large_image_width=\"2048\" data-large_image_height=\"1536\"href='https:\/\/www.radiopiu.net\/wordpress\/wp-content\/uploads\/2023\/12\/4e7ee7f0-3431-41ed-adea-374928d36130.jpg'><img loading=\"lazy\" decoding=\"async\" width=\"150\" height=\"150\" src=\"https:\/\/www.radiopiu.net\/wordpress\/wp-content\/uploads\/2023\/12\/4e7ee7f0-3431-41ed-adea-374928d36130-150x150.jpg\" class=\"attachment-thumbnail size-thumbnail\" alt=\"\" \/><\/a>\n\t\t\t\t<\/dt><\/dl><dl class='gallery-item'>\n\t\t\t\t<dt class='gallery-icon landscape'>\n\t\t\t\t\t<a class=\"rollover rollover-zoom dt-pswp-item\" title=\"29ecd305-4682-4686-ad2a-0f2eda89415d\" data-dt-img-description=\"\" data-large_image_width=\"2048\" data-large_image_height=\"1536\"href='https:\/\/www.radiopiu.net\/wordpress\/wp-content\/uploads\/2023\/12\/29ecd305-4682-4686-ad2a-0f2eda89415d.jpg'><img loading=\"lazy\" decoding=\"async\" width=\"150\" height=\"150\" src=\"https:\/\/www.radiopiu.net\/wordpress\/wp-content\/uploads\/2023\/12\/29ecd305-4682-4686-ad2a-0f2eda89415d-150x150.jpg\" class=\"attachment-thumbnail size-thumbnail\" alt=\"\" \/><\/a>\n\t\t\t\t<\/dt><\/dl><dl class='gallery-item'>\n\t\t\t\t<dt class='gallery-icon landscape'>\n\t\t\t\t\t<a class=\"rollover rollover-zoom dt-pswp-item\" title=\"93ca3f4d-ffb4-481d-a5a4-3b2ff200def3\" data-dt-img-description=\"\" data-large_image_width=\"1600\" data-large_image_height=\"1064\"href='https:\/\/www.radiopiu.net\/wordpress\/wp-content\/uploads\/2023\/12\/93ca3f4d-ffb4-481d-a5a4-3b2ff200def3.jpg'><img loading=\"lazy\" decoding=\"async\" width=\"150\" height=\"150\" src=\"https:\/\/www.radiopiu.net\/wordpress\/wp-content\/uploads\/2023\/12\/93ca3f4d-ffb4-481d-a5a4-3b2ff200def3-150x150.jpg\" class=\"attachment-thumbnail size-thumbnail\" alt=\"\" \/><\/a>\n\t\t\t\t<\/dt><\/dl><dl class='gallery-item'>\n\t\t\t\t<dt class='gallery-icon landscape'>\n\t\t\t\t\t<a class=\"rollover rollover-zoom dt-pswp-item\" title=\"b244a1c5-77b1-4f61-88cd-942415da20c4\" data-dt-img-description=\"\" data-large_image_width=\"1416\" data-large_image_height=\"1416\"href='https:\/\/www.radiopiu.net\/wordpress\/wp-content\/uploads\/2023\/12\/b244a1c5-77b1-4f61-88cd-942415da20c4.jpg'><img loading=\"lazy\" decoding=\"async\" width=\"150\" height=\"150\" src=\"https:\/\/www.radiopiu.net\/wordpress\/wp-content\/uploads\/2023\/12\/b244a1c5-77b1-4f61-88cd-942415da20c4-150x150.jpg\" class=\"attachment-thumbnail size-thumbnail\" alt=\"\" srcset=\"https:\/\/www.radiopiu.net\/wordpress\/wp-content\/uploads\/2023\/12\/b244a1c5-77b1-4f61-88cd-942415da20c4-150x150.jpg 150w, https:\/\/www.radiopiu.net\/wordpress\/wp-content\/uploads\/2023\/12\/b244a1c5-77b1-4f61-88cd-942415da20c4-300x300.jpg 300w, https:\/\/www.radiopiu.net\/wordpress\/wp-content\/uploads\/2023\/12\/b244a1c5-77b1-4f61-88cd-942415da20c4-1024x1024.jpg 1024w, https:\/\/www.radiopiu.net\/wordpress\/wp-content\/uploads\/2023\/12\/b244a1c5-77b1-4f61-88cd-942415da20c4-768x768.jpg 768w, https:\/\/www.radiopiu.net\/wordpress\/wp-content\/uploads\/2023\/12\/b244a1c5-77b1-4f61-88cd-942415da20c4.jpg 1416w\" sizes=\"auto, (max-width: 150px) 100vw, 150px\" \/><\/a>\n\t\t\t\t<\/dt><\/dl><br style=\"clear: both\" \/>\n\t\t\t<\/div>\n\n<p>&nbsp;<\/p>\n<p><span style=\"color: #0000ff;\"><strong>SCI<\/strong><\/span><\/p>\n<blockquote>\n<h3>INIZIA LA NUOVA STAGIONE PER LO SCI CLUB PONTE NELLE ALPI<\/h3>\n<\/blockquote>\n<p><strong><a class=\"dt-pswp-item\" href=\"https:\/\/www.radiopiu.net\/wordpress\/wp-content\/uploads\/2023\/12\/Sci_Cub_Ponte_nelle_Alpi.jpg\" data-dt-img-description=\"\" data-large_image_width=\"1557\" data-large_image_height=\"830\"><img loading=\"lazy\" decoding=\"async\" class=\" wp-image-365869 alignleft\" src=\"https:\/\/www.radiopiu.net\/wordpress\/wp-content\/uploads\/2023\/12\/Sci_Cub_Ponte_nelle_Alpi-300x160.jpg\" alt=\"\" width=\"238\" height=\"127\" srcset=\"https:\/\/www.radiopiu.net\/wordpress\/wp-content\/uploads\/2023\/12\/Sci_Cub_Ponte_nelle_Alpi-300x160.jpg 300w, https:\/\/www.radiopiu.net\/wordpress\/wp-content\/uploads\/2023\/12\/Sci_Cub_Ponte_nelle_Alpi-1024x546.jpg 1024w, https:\/\/www.radiopiu.net\/wordpress\/wp-content\/uploads\/2023\/12\/Sci_Cub_Ponte_nelle_Alpi-768x409.jpg 768w, https:\/\/www.radiopiu.net\/wordpress\/wp-content\/uploads\/2023\/12\/Sci_Cub_Ponte_nelle_Alpi-1536x819.jpg 1536w, https:\/\/www.radiopiu.net\/wordpress\/wp-content\/uploads\/2023\/12\/Sci_Cub_Ponte_nelle_Alpi.jpg 1557w\" sizes=\"auto, (max-width: 238px) 100vw, 238px\" \/><\/a>PONTE NELLE ALPI <\/strong>Sala gremita, nel Parco Ex Casa Rossa, per la presentazione dello Sci Club Ponte nelle Alpi, in vista della nuova stagione.<span class=\"gmail-Apple-converted-space\"> \u00a0<\/span>A fare gli onori di casa \u00e8 stato il presidente Oliseo Salvagno, il quale ha posto l\u2019accento sulla solidit\u00e0 del gruppo, sull\u2019importanza dei tanti volontari che gravitano attorno al Club e su una realt\u00e0 in continua crescita. Poi, dopo aver illustrato i progetti e ringraziato lo staff e gli sponsor, ha chiamato tutte le giovani speranze dello sci pontalpino: una a una.<span class=\"gmail-Apple-converted-space\"> Non \u00e8 mancato, infine, il saluto dell\u2019amministrazione comunale di Ponte nelle Alpi, rappresentata dal sindaco Paolo Vendramini.\u00a0<\/span><\/p>\n<p>&nbsp;<\/p>\n<p>&nbsp;<\/p>\n","protected":false},"excerpt":{"rendered":"<p>***** &nbsp; 40esimo di RADIOPIU\u2026. LA VOCE DELL\u2019EMOZIONE ISCRIVITI AL NOSTRO CANALE\u00a0\u00a0YOUTUBE PER SEGUIRE IN DIRETTA I PRINCIPALI PROGRAMMI DI RADIO PIU\u2019 E LE FUTURE DIRETTE IN ESTERNA. PER ISCRIVERTI CLICCA QUI\u00a0E PREMI\u00a0 \u201cIscriviti\u201d\u00a0 &nbsp; &nbsp; i podcast informativi del mattino &#8211; audio &#8211;\u00a0 LA RASSEGNA STAMPA NAZIONALE ALLA RADIO, OGNI GIORNO ALLE 5 E&hellip;<\/p>\n","protected":false},"author":4,"featured_media":365960,"comment_status":"closed","ping_status":"closed","sticky":false,"template":"","format":"standard","meta":{"_monsterinsights_skip_tracking":false,"_monsterinsights_sitenote_active":false,"_monsterinsights_sitenote_note":"","_monsterinsights_sitenote_category":0,"footnotes":""},"categories":[51,86,49],"tags":[],"class_list":["post-365861","post","type-post","status-publish","format-standard","has-post-thumbnail","hentry","category-evidenza-top","category-gr","category-news-18","category-51","category-86","category-49","description-off"],"img_url":"https:\/\/www.radiopiu.net\/wordpress\/wp-content\/uploads\/2023\/12\/29ecd305-4682-4686-ad2a-0f2eda89415d.jpg","_links":{"self":[{"href":"https:\/\/www.radiopiu.net\/wordpress\/wp-json\/wp\/v2\/posts\/365861","targetHints":{"allow":["GET"]}}],"collection":[{"href":"https:\/\/www.radiopiu.net\/wordpress\/wp-json\/wp\/v2\/posts"}],"about":[{"href":"https:\/\/www.radiopiu.net\/wordpress\/wp-json\/wp\/v2\/types\/post"}],"author":[{"embeddable":true,"href":"https:\/\/www.radiopiu.net\/wordpress\/wp-json\/wp\/v2\/users\/4"}],"replies":[{"embeddable":true,"href":"https:\/\/www.radiopiu.net\/wordpress\/wp-json\/wp\/v2\/comments?post=365861"}],"version-history":[{"count":0,"href":"https:\/\/www.radiopiu.net\/wordpress\/wp-json\/wp\/v2\/posts\/365861\/revisions"}],"wp:featuredmedia":[{"embeddable":true,"href":"https:\/\/www.radiopiu.net\/wordpress\/wp-json\/wp\/v2\/media\/365960"}],"wp:attachment":[{"href":"https:\/\/www.radiopiu.net\/wordpress\/wp-json\/wp\/v2\/media?parent=365861"}],"wp:term":[{"taxonomy":"category","embeddable":true,"href":"https:\/\/www.radiopiu.net\/wordpress\/wp-json\/wp\/v2\/categories?post=365861"},{"taxonomy":"post_tag","embeddable":true,"href":"https:\/\/www.radiopiu.net\/wordpress\/wp-json\/wp\/v2\/tags?post=365861"}],"curies":[{"name":"wp","href":"https:\/\/api.w.org\/{rel}","templated":true}]}}