{"id":365905,"date":"2023-12-13T14:36:11","date_gmt":"2023-12-13T13:36:11","guid":{"rendered":"https:\/\/www.radiopiu.net\/wordpress\/?p=365905"},"modified":"2023-12-14T05:41:19","modified_gmt":"2023-12-14T04:41:19","slug":"vertice-in-comune-a-belluno-con-dolomitibus-approfondita-la-situazione-e-cercate-delle-soluzioni","status":"publish","type":"post","link":"https:\/\/www.radiopiu.net\/wordpress\/vertice-in-comune-a-belluno-con-dolomitibus-approfondita-la-situazione-e-cercate-delle-soluzioni\/","title":{"rendered":"VERTICE IN COMUNE A BELLUNO CON DOLOMITIBUS. APPROFONDITA LA SITUAZIONE E CERCATE DELLE SOLUZIONI"},"content":{"rendered":"<p>******<\/p>\n<p>&nbsp;<\/p>\n<p><strong><a class=\"dt-pswp-item\" href=\"https:\/\/www.radiopiu.net\/wordpress\/wp-content\/uploads\/2020\/06\/f662441c-c6a1-40df-8978-3ff5202173f9.jpg\" data-dt-img-description=\"\" data-large_image_width=\"1280\" data-large_image_height=\"960\"><img loading=\"lazy\" decoding=\"async\" class=\" wp-image-145519 alignleft\" src=\"https:\/\/www.radiopiu.net\/wordpress\/wp-content\/uploads\/2020\/06\/f662441c-c6a1-40df-8978-3ff5202173f9-300x225.jpg\" alt=\"\" width=\"195\" height=\"146\" srcset=\"https:\/\/www.radiopiu.net\/wordpress\/wp-content\/uploads\/2020\/06\/f662441c-c6a1-40df-8978-3ff5202173f9-300x225.jpg 300w, https:\/\/www.radiopiu.net\/wordpress\/wp-content\/uploads\/2020\/06\/f662441c-c6a1-40df-8978-3ff5202173f9-1024x768.jpg 1024w, https:\/\/www.radiopiu.net\/wordpress\/wp-content\/uploads\/2020\/06\/f662441c-c6a1-40df-8978-3ff5202173f9-768x576.jpg 768w, https:\/\/www.radiopiu.net\/wordpress\/wp-content\/uploads\/2020\/06\/f662441c-c6a1-40df-8978-3ff5202173f9.jpg 1280w\" sizes=\"auto, (max-width: 195px) 100vw, 195px\" \/><\/a>BELLUNO <\/strong>I tagli alle corse, la carenza di autisti, il costo dei servizi e le prospettive future: sono i temi affrontati nel corso del vertice di marted\u00ec a Palazzo Rosso tra il sindaco di Belluno Oscar De Pellegrin, l\u2019assessore Paolo Gamba, la dirigenza Dolomitibus e la Provincia. Un incontro voluto dal primo cittadino del capoluogo per affrontare, con un confronto tra le parti e in un\u2019ottica di collaborazione, la difficolt\u00e0 che sta vivendo il servizio di trasporto pubblico locale. \u201cNon ho mai fatto segreto di quanto la situazione mi preoccupi \u2013 commenta il sindaco -, in un territorio difficile come il nostro, con tanti paesi isolati e molti anziani, un trasporto pubblico efficiente \u00e8 un servizio essenziale. Dolomitibus \u00e8 sempre stato un fiore all\u2019occhiello del nostro territorio, non posso arrendermi a considerare normale l\u2019attuale difficolt\u00e0, che deve anzi essere superata con soluzioni nuove e una prospettiva futura certa\u201d. Sul tavolo, marted\u00ec, \u00e8 stato affrontato anche il tema della programmazione del servizio dal 2024 in poi, prospettando l\u2019introduzione, per le tratte urbane, del trasporto pubblico a chiamata nelle fasce di morbida attraverso mezzi da 9 posti che entreranno in funzione grazie all\u2019ingresso in azienda di 9 nuovi autisti, gi\u00e0 assunti all\u2019interno del progetto Academy e operativi a partire da gennaio. \u201cA problemi nuovi servono soluzioni nuove \u2013 commenta il sindaco -, numeri alla mano ci parlano di un disservizio importante, che solo nel nostro comune ha portato al taglio di oltre il 6% delle corse negli ultimi mesi. Se vogliamo tornare al buon funzionamento, dobbiamo ragionare in modo diverso. Nutriamo speranza nel rinnovo del contratto nazionale, negli incentivi economici che l\u2019azienda sta valutando e nell\u2019introduzione dell\u2019indennit\u00e0 salariale, ma siamo consapevoli che queste misure non risolveranno il problema perch\u00e9 i dati nazionali ci offrono proiezioni tragiche, di una carenza che andr\u00e0 peggiorando nei prossimi anni e rispetto alla quale servono soluzioni che vadano oltre la valorizzazione economica delle prestazioni, necessaria ma non sufficiente\u201d. \u201cLe difficolt\u00e0 del trasporto pubblico locale sono un tema su cui quotidianamente siamo sollecitati dai cittadini, ed \u00e8 comprensibile vista la situazione degli ultimi mesi. La Provincia sta lavorando con Dolomitibus per provare a risolvere il problema, che \u00e8 nazionale e non esclusiva bellunese &#8211; aggiunge il presidente della Provincia Roberto Padrin &#8211; Al tavolo sulla mobilit\u00e0 olimpica, a Venezia, il Comune di Verona ha sollevato una situazione critica identica a quella bellunese. E anche le altre province venete mi segnalano problemi simili. Non \u00e8 vero che mal comune \u00e8 mezzo gaudio, ma significa che la soluzione deve essere trovata anche a livello statale. Da parte nostra, disponibilit\u00e0 massima a studiare soluzioni possibili, perch\u00e9 i cittadini e gli utenti del tpl hanno bisogno di un servizio efficace, soprattutto nelle aree di montagna\u201d. \u201cE\u2019 fondamentale, come avvenuto ieri nella sede del Comune di Belluno, confrontarsi in modo molto chiaro sugli elementi da cui derivano le gravi condizioni di contesto del nostro settore \u2013 spiega il direttore operativo di Dolomitibus, Gabriele Mariani &#8211; e condividere dei piani di azione congiunti in ottica di prospettiva per il nostro territorio e i nostri clienti. Risorse economiche certe ed investimenti, flessibilit\u00e0 normativa, innovazione e digitalizzazione sono gli ingredienti fondamentali sui quali tutti i soggetti responsabili, privati e pubblici, devono impegnarsi. Il problema va infatti affrontato a livello di sistema, provinciale, regionale e nazionale, con sforzi e iniziative allineate. Siamo convinti che le nostre proposte di introduzione di veicoli a 9 posti anche per i servizi di linea nonch\u00e9 il prossimo avvio di servizi flessibili a chiamata rappresentino una concreta risposta che nel breve periodo potr\u00e0 portare dei benefici al territorio\u201d<\/p>\n<p>&nbsp;<\/p>\n<p>&nbsp;<\/p>\n<p>*******<\/p>\n","protected":false},"excerpt":{"rendered":"<p>****** &nbsp; BELLUNO I tagli alle corse, la carenza di autisti, il costo dei servizi e le prospettive future: sono i temi affrontati nel corso del vertice di marted\u00ec a Palazzo Rosso tra il sindaco di Belluno Oscar De Pellegrin, l\u2019assessore Paolo Gamba, la dirigenza Dolomitibus e la Provincia. Un incontro voluto dal primo cittadino&hellip;<\/p>\n","protected":false},"author":4,"featured_media":145519,"comment_status":"closed","ping_status":"closed","sticky":false,"template":"","format":"standard","meta":{"_monsterinsights_skip_tracking":false,"_monsterinsights_sitenote_active":false,"_monsterinsights_sitenote_note":"","_monsterinsights_sitenote_category":0,"footnotes":""},"categories":[51,49],"tags":[],"class_list":["post-365905","post","type-post","status-publish","format-standard","has-post-thumbnail","hentry","category-evidenza-top","category-news-18","category-51","category-49","description-off"],"img_url":"https:\/\/www.radiopiu.net\/wordpress\/wp-content\/uploads\/2020\/06\/f662441c-c6a1-40df-8978-3ff5202173f9.jpg","_links":{"self":[{"href":"https:\/\/www.radiopiu.net\/wordpress\/wp-json\/wp\/v2\/posts\/365905","targetHints":{"allow":["GET"]}}],"collection":[{"href":"https:\/\/www.radiopiu.net\/wordpress\/wp-json\/wp\/v2\/posts"}],"about":[{"href":"https:\/\/www.radiopiu.net\/wordpress\/wp-json\/wp\/v2\/types\/post"}],"author":[{"embeddable":true,"href":"https:\/\/www.radiopiu.net\/wordpress\/wp-json\/wp\/v2\/users\/4"}],"replies":[{"embeddable":true,"href":"https:\/\/www.radiopiu.net\/wordpress\/wp-json\/wp\/v2\/comments?post=365905"}],"version-history":[{"count":0,"href":"https:\/\/www.radiopiu.net\/wordpress\/wp-json\/wp\/v2\/posts\/365905\/revisions"}],"wp:featuredmedia":[{"embeddable":true,"href":"https:\/\/www.radiopiu.net\/wordpress\/wp-json\/wp\/v2\/media\/145519"}],"wp:attachment":[{"href":"https:\/\/www.radiopiu.net\/wordpress\/wp-json\/wp\/v2\/media?parent=365905"}],"wp:term":[{"taxonomy":"category","embeddable":true,"href":"https:\/\/www.radiopiu.net\/wordpress\/wp-json\/wp\/v2\/categories?post=365905"},{"taxonomy":"post_tag","embeddable":true,"href":"https:\/\/www.radiopiu.net\/wordpress\/wp-json\/wp\/v2\/tags?post=365905"}],"curies":[{"name":"wp","href":"https:\/\/api.w.org\/{rel}","templated":true}]}}