{"id":365931,"date":"2023-12-13T17:18:32","date_gmt":"2023-12-13T16:18:32","guid":{"rendered":"https:\/\/www.radiopiu.net\/wordpress\/?p=365931"},"modified":"2023-12-14T05:40:59","modified_gmt":"2023-12-14T04:40:59","slug":"pnrr-e-olimpiadi-milano-cortina-la-provincia-di-belluno-a-upi-per-focalizzare-lattenzione-sui-temi-chiave-del-2024","status":"publish","type":"post","link":"https:\/\/www.radiopiu.net\/wordpress\/pnrr-e-olimpiadi-milano-cortina-la-provincia-di-belluno-a-upi-per-focalizzare-lattenzione-sui-temi-chiave-del-2024\/","title":{"rendered":"PNRR E OLIMPIADI MILANO-CORTINA, LA PROVINCIA DI BELLUNO A UPI PER FOCALIZZARE L\u2019ATTENZIONE SUI TEMI CHIAVE DEL 2024"},"content":{"rendered":"<p>*****<\/p>\n<p>&nbsp;<\/p>\n<p><strong>ROMA<\/strong> \u00abLe Province sono in prima fila per la declinazione sui territori dei grandi progetti Pnrr. L\u2019obiettivo \u00e8 massimizzare gli effetti di lungo raggio di un Piano su cui i nostri enti sono impegnati in particolare sul fronte dell\u2019edilizia scolastica\u00bb. \u00c8 quanto afferma il presidente della Provincia di Belluno Roberto Padrin, che oggi a Roma ha incontrato il direttore generale di Upi (Unione Province d\u2019Italia) Piero Antonelli per fare il punto sui temi chiave delle Province del 2024. Sul tavolo dell\u2019incontro infatti, oltre al Pnrr, anche le Olimpiadi Milano-Cortina 2026 e il futuro delle Province con particolare attenzione al possibile ripristino dell\u2019elettivit\u00e0. \u00abCon il direttore generale Antonelli abbiamo condiviso l\u2019impegno delle Province nel rispetto dei tempi e delle previsioni di spesa sui progetti Pnrr di edilizia scolastica\u00bb sottolinea il presidente Padrin. \u00abLa stagione che i nostri enti stanno vivendo \u00e8 irripetibile per la quantit\u00e0 di investimenti e qualit\u00e0 dei progetti. E come enti di area vasta, siamo in prima linea per agevolare le ricadute del Pnrr. Per Belluno abbiamo in corso una decina di interventi di edilizia scolastica per oltre 40 milioni di euro, che oltre a creare spazi pi\u00f9 sicuri e accoglienti per ragazzi e insegnanti, daranno opportunit\u00e0 di lavoro &#8211; e quindi di sviluppo &#8211; alle aziende, anche locali\u00bb. <strong>OLIMPIADI<\/strong> Sul tavolo dell\u2019incontro all\u2019Upi, anche le Olimpiadi Milano-Cortina 2026, su cui l\u2019Unione delle Province d\u2019Italia si \u00e8 impegnata per veicolare la promozione dell\u2019evento e per massimizzare sui territori gli effetti positivi e di Legacy. Upi ha in agenda un protocollo con Fondazione Milano Cortina per definire nel dettaglio una sinergia in grado di rendere le Province strumento operativo sui singoli territori. E l\u2019auspicio \u00e8 di definirlo in tempo per la tappa cortinese di Coppa del Mondo di sci. Sul tema olimpico il presidente Padrin \u00e8 intervenuto anche alla conferenza stampa di presentazione degli eventi di Cortina, programmata questa mattina nella sede romana della Regione Veneto, augurando che la \u201cregina\u201d delle Dolomiti possa continuare a essere uno dei fari per il turismo del Bellunese, con la creazione dell\u2019effetto lungo dei Giochi 2026. Alla conferenza stampa, presente la vicesindaca di Cortina Roberta Alver\u00e0, sono stati trattati diversi punti, tra cui il debutto del treno turistico \u201cespresso del Cadore notturno\u201d che arriver\u00e0 sabato mattina a Calalzo. <strong>ALBERI DI NATALE<\/strong> In chiusura della trasferta a Roma, il presidente ha portato gli auguri di liete festivit\u00e0 al Quirinale e a Palazzo Chigi dove anche quest\u2019anno la Provincia ha fatto recapitare due abeti bianchi per allestirli come alberi di Natale. Per la Presidenza della Repubblica l\u2019albero \u00e8 stato donato dal Comune di Tambre (rappresentato oggi a Roma dalla sindaca Sara Bona e dall\u2019assessora Lucia Della Libera), e arriva dalla foresta del Cansiglio; per Palazzo Chigi (in particolare per la Segreteria generale della Presidenza del Consiglio) l\u2019albero arriva invece da Seren del Grappa. \u00ab\u00c8 dal 2018, dall\u2019indomani della tempesta Vaia, che la nostra Provincia dona ai palazzi romani l\u2019albero di Natale. \u00c8 un onore e insieme un modo per avvicinare la montagna alla capitale\u00bb ha detto il presidente Padrin nel breve incontro con il segretario generale della Presidenza del Consiglio, Carlo Deodato, insieme al capo del cerimoniale di Palazzo Chigi, il bellunese Francesco Piazza. \u00abLa legge sulla montagna, che ci auguriamo concluda presto il suo iter, ha il compito di rendere operativo dal punto di vista normativo questa vicinanza simbolica data dall\u2019albero, che \u00e8 diventata tradizionale per le festivit\u00e0 natalizie. Le terre alte da cui provengono questi abeti bianchi costituiscono un ecosistema di ambiente e valori che crediamo fortemente vada non solo tutelato ma agevolato nel suo sviluppo naturale\u00bb.<\/p>\n\n\t\t\t<style type='text\/css'>\n\t\t\t\t#gallery-1 {\n\t\t\t\t\tmargin: auto;\n\t\t\t\t}\n\t\t\t\t#gallery-1 .gallery-item {\n\t\t\t\t\tfloat: left;\n\t\t\t\t\tmargin-top: 10px;\n\t\t\t\t\ttext-align: center;\n\t\t\t\t\twidth: 25%;\n\t\t\t\t}\n\t\t\t\t#gallery-1 img {\n\t\t\t\t\tborder: 2px solid #cfcfcf;\n\t\t\t\t}\n\t\t\t\t#gallery-1 .gallery-caption {\n\t\t\t\t\tmargin-left: 0;\n\t\t\t\t}\n\t\t\t\t\/* see gallery_shortcode() in wp-includes\/media.php *\/\n\t\t\t<\/style>\n\t\t<div id='gallery-1' class='dt-gallery-container gallery galleryid-365931 gallery-columns-4 gallery-size-medium'><dl class='gallery-item'>\n\t\t\t\t<dt class='gallery-icon landscape'>\n\t\t\t\t\t<a class=\"rollover rollover-zoom dt-pswp-item\" title=\"4CBC8320-EF2F-42C7-A498-D22ABC7DD678\" data-dt-img-description=\"\" data-large_image_width=\"1125\" data-large_image_height=\"618\"href='https:\/\/www.radiopiu.net\/wordpress\/wp-content\/uploads\/2023\/12\/4CBC8320-EF2F-42C7-A498-D22ABC7DD678.jpeg'><img loading=\"lazy\" decoding=\"async\" width=\"300\" height=\"165\" src=\"https:\/\/www.radiopiu.net\/wordpress\/wp-content\/uploads\/2023\/12\/4CBC8320-EF2F-42C7-A498-D22ABC7DD678-300x165.jpeg\" class=\"attachment-medium size-medium\" alt=\"\" srcset=\"https:\/\/www.radiopiu.net\/wordpress\/wp-content\/uploads\/2023\/12\/4CBC8320-EF2F-42C7-A498-D22ABC7DD678-300x165.jpeg 300w, https:\/\/www.radiopiu.net\/wordpress\/wp-content\/uploads\/2023\/12\/4CBC8320-EF2F-42C7-A498-D22ABC7DD678-1024x563.jpeg 1024w, https:\/\/www.radiopiu.net\/wordpress\/wp-content\/uploads\/2023\/12\/4CBC8320-EF2F-42C7-A498-D22ABC7DD678-768x422.jpeg 768w, https:\/\/www.radiopiu.net\/wordpress\/wp-content\/uploads\/2023\/12\/4CBC8320-EF2F-42C7-A498-D22ABC7DD678.jpeg 1125w\" sizes=\"auto, (max-width: 300px) 100vw, 300px\" \/><\/a>\n\t\t\t\t<\/dt><\/dl><dl class='gallery-item'>\n\t\t\t\t<dt class='gallery-icon landscape'>\n\t\t\t\t\t<a class=\"rollover rollover-zoom dt-pswp-item\" title=\"7C11E874-8F51-4942-825D-E8AD31ED3A42\" data-dt-img-description=\"\" data-large_image_width=\"2560\" data-large_image_height=\"1920\"href='https:\/\/www.radiopiu.net\/wordpress\/wp-content\/uploads\/2023\/12\/7C11E874-8F51-4942-825D-E8AD31ED3A42-scaled.jpeg'><img loading=\"lazy\" decoding=\"async\" width=\"300\" height=\"225\" src=\"https:\/\/www.radiopiu.net\/wordpress\/wp-content\/uploads\/2023\/12\/7C11E874-8F51-4942-825D-E8AD31ED3A42-300x225.jpeg\" class=\"attachment-medium size-medium\" alt=\"\" srcset=\"https:\/\/www.radiopiu.net\/wordpress\/wp-content\/uploads\/2023\/12\/7C11E874-8F51-4942-825D-E8AD31ED3A42-300x225.jpeg 300w, https:\/\/www.radiopiu.net\/wordpress\/wp-content\/uploads\/2023\/12\/7C11E874-8F51-4942-825D-E8AD31ED3A42-1024x768.jpeg 1024w, https:\/\/www.radiopiu.net\/wordpress\/wp-content\/uploads\/2023\/12\/7C11E874-8F51-4942-825D-E8AD31ED3A42-768x576.jpeg 768w, https:\/\/www.radiopiu.net\/wordpress\/wp-content\/uploads\/2023\/12\/7C11E874-8F51-4942-825D-E8AD31ED3A42-1536x1152.jpeg 1536w, https:\/\/www.radiopiu.net\/wordpress\/wp-content\/uploads\/2023\/12\/7C11E874-8F51-4942-825D-E8AD31ED3A42-2048x1536.jpeg 2048w\" sizes=\"auto, (max-width: 300px) 100vw, 300px\" \/><\/a>\n\t\t\t\t<\/dt><\/dl><dl class='gallery-item'>\n\t\t\t\t<dt class='gallery-icon landscape'>\n\t\t\t\t\t<a class=\"rollover rollover-zoom dt-pswp-item\" title=\"82721154-1118-4828-A309-021B2AC13568\" data-dt-img-description=\"\" data-large_image_width=\"2016\" data-large_image_height=\"1512\"href='https:\/\/www.radiopiu.net\/wordpress\/wp-content\/uploads\/2023\/12\/82721154-1118-4828-A309-021B2AC13568.jpeg'><img loading=\"lazy\" decoding=\"async\" width=\"300\" height=\"225\" src=\"https:\/\/www.radiopiu.net\/wordpress\/wp-content\/uploads\/2023\/12\/82721154-1118-4828-A309-021B2AC13568-300x225.jpeg\" class=\"attachment-medium size-medium\" alt=\"\" srcset=\"https:\/\/www.radiopiu.net\/wordpress\/wp-content\/uploads\/2023\/12\/82721154-1118-4828-A309-021B2AC13568-300x225.jpeg 300w, https:\/\/www.radiopiu.net\/wordpress\/wp-content\/uploads\/2023\/12\/82721154-1118-4828-A309-021B2AC13568-1024x768.jpeg 1024w, https:\/\/www.radiopiu.net\/wordpress\/wp-content\/uploads\/2023\/12\/82721154-1118-4828-A309-021B2AC13568-768x576.jpeg 768w, https:\/\/www.radiopiu.net\/wordpress\/wp-content\/uploads\/2023\/12\/82721154-1118-4828-A309-021B2AC13568-1536x1152.jpeg 1536w, https:\/\/www.radiopiu.net\/wordpress\/wp-content\/uploads\/2023\/12\/82721154-1118-4828-A309-021B2AC13568.jpeg 2016w\" sizes=\"auto, (max-width: 300px) 100vw, 300px\" \/><\/a>\n\t\t\t\t<\/dt><\/dl><dl class='gallery-item'>\n\t\t\t\t<dt class='gallery-icon landscape'>\n\t\t\t\t\t<a class=\"rollover rollover-zoom dt-pswp-item\" title=\"AF9E8782-48E0-4DF0-90CB-B8F835FD7DF0\" data-dt-img-description=\"\" data-large_image_width=\"2016\" data-large_image_height=\"1512\"href='https:\/\/www.radiopiu.net\/wordpress\/wp-content\/uploads\/2023\/12\/AF9E8782-48E0-4DF0-90CB-B8F835FD7DF0.jpeg'><img loading=\"lazy\" decoding=\"async\" width=\"300\" height=\"225\" src=\"https:\/\/www.radiopiu.net\/wordpress\/wp-content\/uploads\/2023\/12\/AF9E8782-48E0-4DF0-90CB-B8F835FD7DF0-300x225.jpeg\" class=\"attachment-medium size-medium\" alt=\"\" srcset=\"https:\/\/www.radiopiu.net\/wordpress\/wp-content\/uploads\/2023\/12\/AF9E8782-48E0-4DF0-90CB-B8F835FD7DF0-300x225.jpeg 300w, https:\/\/www.radiopiu.net\/wordpress\/wp-content\/uploads\/2023\/12\/AF9E8782-48E0-4DF0-90CB-B8F835FD7DF0-1024x768.jpeg 1024w, https:\/\/www.radiopiu.net\/wordpress\/wp-content\/uploads\/2023\/12\/AF9E8782-48E0-4DF0-90CB-B8F835FD7DF0-768x576.jpeg 768w, https:\/\/www.radiopiu.net\/wordpress\/wp-content\/uploads\/2023\/12\/AF9E8782-48E0-4DF0-90CB-B8F835FD7DF0-1536x1152.jpeg 1536w, https:\/\/www.radiopiu.net\/wordpress\/wp-content\/uploads\/2023\/12\/AF9E8782-48E0-4DF0-90CB-B8F835FD7DF0.jpeg 2016w\" sizes=\"auto, (max-width: 300px) 100vw, 300px\" \/><\/a>\n\t\t\t\t<\/dt><\/dl><br style=\"clear: both\" \/>\n\t\t\t<\/div>\n\n<p>&nbsp;<\/p>\n<p>&nbsp;<\/p>\n<p>*******<\/p>\n","protected":false},"excerpt":{"rendered":"<p>***** &nbsp; ROMA \u00abLe Province sono in prima fila per la declinazione sui territori dei grandi progetti Pnrr. L\u2019obiettivo \u00e8 massimizzare gli effetti di lungo raggio di un Piano su cui i nostri enti sono impegnati in particolare sul fronte dell\u2019edilizia scolastica\u00bb. \u00c8 quanto afferma il presidente della Provincia di Belluno Roberto Padrin, che oggi&hellip;<\/p>\n","protected":false},"author":4,"featured_media":365942,"comment_status":"closed","ping_status":"closed","sticky":false,"template":"","format":"standard","meta":{"_monsterinsights_skip_tracking":false,"_monsterinsights_sitenote_active":false,"_monsterinsights_sitenote_note":"","_monsterinsights_sitenote_category":0,"footnotes":""},"categories":[51,49],"tags":[],"class_list":["post-365931","post","type-post","status-publish","format-standard","has-post-thumbnail","hentry","category-evidenza-top","category-news-18","category-51","category-49","description-off"],"img_url":"https:\/\/www.radiopiu.net\/wordpress\/wp-content\/uploads\/2023\/12\/4CBC8320-EF2F-42C7-A498-D22ABC7DD678.jpeg","_links":{"self":[{"href":"https:\/\/www.radiopiu.net\/wordpress\/wp-json\/wp\/v2\/posts\/365931","targetHints":{"allow":["GET"]}}],"collection":[{"href":"https:\/\/www.radiopiu.net\/wordpress\/wp-json\/wp\/v2\/posts"}],"about":[{"href":"https:\/\/www.radiopiu.net\/wordpress\/wp-json\/wp\/v2\/types\/post"}],"author":[{"embeddable":true,"href":"https:\/\/www.radiopiu.net\/wordpress\/wp-json\/wp\/v2\/users\/4"}],"replies":[{"embeddable":true,"href":"https:\/\/www.radiopiu.net\/wordpress\/wp-json\/wp\/v2\/comments?post=365931"}],"version-history":[{"count":0,"href":"https:\/\/www.radiopiu.net\/wordpress\/wp-json\/wp\/v2\/posts\/365931\/revisions"}],"wp:featuredmedia":[{"embeddable":true,"href":"https:\/\/www.radiopiu.net\/wordpress\/wp-json\/wp\/v2\/media\/365942"}],"wp:attachment":[{"href":"https:\/\/www.radiopiu.net\/wordpress\/wp-json\/wp\/v2\/media?parent=365931"}],"wp:term":[{"taxonomy":"category","embeddable":true,"href":"https:\/\/www.radiopiu.net\/wordpress\/wp-json\/wp\/v2\/categories?post=365931"},{"taxonomy":"post_tag","embeddable":true,"href":"https:\/\/www.radiopiu.net\/wordpress\/wp-json\/wp\/v2\/tags?post=365931"}],"curies":[{"name":"wp","href":"https:\/\/api.w.org\/{rel}","templated":true}]}}