{"id":365956,"date":"2023-12-13T23:59:10","date_gmt":"2023-12-13T22:59:10","guid":{"rendered":"https:\/\/www.radiopiu.net\/wordpress\/?p=365956"},"modified":"2023-12-14T05:42:26","modified_gmt":"2023-12-14T04:42:26","slug":"radical-racing-revolution-il-team-di-downhill","status":"publish","type":"post","link":"https:\/\/www.radiopiu.net\/wordpress\/radical-racing-revolution-il-team-di-downhill\/","title":{"rendered":"RADICAL RACING REVOLUTION, IL TEAM DI DOWNHILL"},"content":{"rendered":"<p>*****<\/p>\n<p>&nbsp;<\/p>\n<p><strong>VALLADA\u00a0<\/strong>Si chiama Radical Racing Revolution la nuova associazione sportiva nata nel corso del 2023 nella vallata agordina che si propone da un lato di rispondere alla passione di molti giovani per gli sport legati alla montagna, dall\u2019altro di stimolarla in chi, magari, \u00e8 al momento solo tentato di sperimentare varie discipline all\u2019aria aperta. L\u2019anno che si sta chiudendo ha visto la crescita in particolare della downhill, la discesa con la mountain bike. A presiedere il neonato sodalizio \u00e8 Marco Cundo che \u00e8 sostenuto dall\u2019entusiasmo del suo vice Daniele Frani che abita a Vallada.<br \/>\n\u201cCinque anni fa \u2013 spiega proprio Frani &#8211; ho iniziato a promuovere l\u2019attivit\u00e0 di downhill come guida di mountain bike, poi ho fatto il corso istruttori. Potevo contare su un bel gruppo di ragazzi che erano portati per questa disciplina. Cos\u00ec, cosa dopo cosa, \u00e8 nata l\u2019idea con Marco Cundo di fondare la Radical Racing Revolution\u201d. Oltre a Frani e Cundo ne fanno parte Flaminia Belfiore, Federico Distefano, Federico Negri e Andrea De Biasio. A loro \u00e8 spettato l\u2019onore di guidare vari ragazzi della vallata agordina a cimentarsi in gare di carattere nazionale, ottenendo anche degli ottimi risultati. \u201cQuest\u2019anno \u2013 dice Frani \u2013 abbiamo partecipato a due gare di Coppa Italia (una in realt\u00e0 \u00e8 stata poi annullata). Poi ci siamo cimentati nella Ion Cup, un circuito un po\u2019 pi\u00f9 vasto della Coppa Italia. Per il primo anno ci siamo accontentati di partecipare a due tappe su quattro ed \u00e8 andata bene. Nonostante abbiamo fatto solo met\u00e0 delle gare, siamo arrivati terzi assoluti, come team, a livello italiano\u201d. Marco Cadorin, Alessandro Ganz, Tommaso Murer, Simone Pianezze, Achille Sala, Mattia Sanapo, Steve Voltolini, Erik De Nardin, Logan De Nardin sono gli atleti che quest\u2019anno hanno corso per i colori del Radical Racing Revolution. \u201cDevo dire grazie a questi ragazzi \u2013 dice Frani \u2013 per l\u2019impegno che hanno profuso. Spesso facevamo due giorni di pedalate e il resto della settimana nei bike park di Plan de Corones, San Martino di Castrozza e Cortina. Per questo un grazie va anche ai genitori di questi ragazzi che si sono prodigati nell\u2019accompagnarli anche lontano negli allenamenti come nelle gare. Bellissima, in tal senso \u00e8 stata la trasferta a Limone Piemonte dove Marco Cadorin \u00e8 arrivato secondo di categoria e secondo assoluto, Erik de Nardin primo di categoria, Simone Pianezze primo di categoria e terzo assoluto, Alessandro Ganz terzo di categoria\u201d. L\u2019associazione ha ora voglia di crescere. \u201cIn questi cinque anni \u2013 conclude Frani \u2013 ho potuto seguire una cinquantina di ragazzi. Il prossimo anno ne avremo di nuovi sia locali che da fuori regione. La nostra intenzione \u00e8 di allargare i nostri orizzonti aprendoci anche ad altri sport da montagna come l\u2019arrampicata e l\u2019escursionismo appoggiandoci a guide alpine o di mezza montagna. Per noi \u00e8 molto importante dare la possibilit\u00e0 ai ragazzi di fare sport\u201d.<\/p>\n\n\t\t\t<style type='text\/css'>\n\t\t\t\t#gallery-1 {\n\t\t\t\t\tmargin: auto;\n\t\t\t\t}\n\t\t\t\t#gallery-1 .gallery-item {\n\t\t\t\t\tfloat: left;\n\t\t\t\t\tmargin-top: 10px;\n\t\t\t\t\ttext-align: center;\n\t\t\t\t\twidth: 20%;\n\t\t\t\t}\n\t\t\t\t#gallery-1 img {\n\t\t\t\t\tborder: 2px solid #cfcfcf;\n\t\t\t\t}\n\t\t\t\t#gallery-1 .gallery-caption {\n\t\t\t\t\tmargin-left: 0;\n\t\t\t\t}\n\t\t\t\t\/* see gallery_shortcode() in wp-includes\/media.php *\/\n\t\t\t<\/style>\n\t\t<div id='gallery-1' class='dt-gallery-container gallery galleryid-365956 gallery-columns-5 gallery-size-thumbnail'><dl class='gallery-item'>\n\t\t\t\t<dt class='gallery-icon landscape'>\n\t\t\t\t\t<a class=\"rollover rollover-zoom dt-pswp-item\" title=\"3e1259ba-3b31-4032-ae7f-d4950d806a53\" data-dt-img-description=\"\" data-large_image_width=\"1080\" data-large_image_height=\"719\"href='https:\/\/www.radiopiu.net\/wordpress\/wp-content\/uploads\/2023\/12\/3e1259ba-3b31-4032-ae7f-d4950d806a53.jpg'><img loading=\"lazy\" decoding=\"async\" width=\"150\" height=\"150\" src=\"https:\/\/www.radiopiu.net\/wordpress\/wp-content\/uploads\/2023\/12\/3e1259ba-3b31-4032-ae7f-d4950d806a53-150x150.jpg\" class=\"attachment-thumbnail size-thumbnail\" alt=\"\" \/><\/a>\n\t\t\t\t<\/dt><\/dl><dl class='gallery-item'>\n\t\t\t\t<dt class='gallery-icon landscape'>\n\t\t\t\t\t<a class=\"rollover rollover-zoom dt-pswp-item\" title=\"4e7ee7f0-3431-41ed-adea-374928d36130\" data-dt-img-description=\"\" data-large_image_width=\"2048\" data-large_image_height=\"1536\"href='https:\/\/www.radiopiu.net\/wordpress\/wp-content\/uploads\/2023\/12\/4e7ee7f0-3431-41ed-adea-374928d36130.jpg'><img loading=\"lazy\" decoding=\"async\" width=\"150\" height=\"150\" src=\"https:\/\/www.radiopiu.net\/wordpress\/wp-content\/uploads\/2023\/12\/4e7ee7f0-3431-41ed-adea-374928d36130-150x150.jpg\" class=\"attachment-thumbnail size-thumbnail\" alt=\"\" \/><\/a>\n\t\t\t\t<\/dt><\/dl><dl class='gallery-item'>\n\t\t\t\t<dt class='gallery-icon landscape'>\n\t\t\t\t\t<a class=\"rollover rollover-zoom dt-pswp-item\" title=\"29ecd305-4682-4686-ad2a-0f2eda89415d\" data-dt-img-description=\"\" data-large_image_width=\"2048\" data-large_image_height=\"1536\"href='https:\/\/www.radiopiu.net\/wordpress\/wp-content\/uploads\/2023\/12\/29ecd305-4682-4686-ad2a-0f2eda89415d.jpg'><img loading=\"lazy\" decoding=\"async\" width=\"150\" height=\"150\" src=\"https:\/\/www.radiopiu.net\/wordpress\/wp-content\/uploads\/2023\/12\/29ecd305-4682-4686-ad2a-0f2eda89415d-150x150.jpg\" class=\"attachment-thumbnail size-thumbnail\" alt=\"\" \/><\/a>\n\t\t\t\t<\/dt><\/dl><dl class='gallery-item'>\n\t\t\t\t<dt class='gallery-icon landscape'>\n\t\t\t\t\t<a class=\"rollover rollover-zoom dt-pswp-item\" title=\"93ca3f4d-ffb4-481d-a5a4-3b2ff200def3\" data-dt-img-description=\"\" data-large_image_width=\"1600\" data-large_image_height=\"1064\"href='https:\/\/www.radiopiu.net\/wordpress\/wp-content\/uploads\/2023\/12\/93ca3f4d-ffb4-481d-a5a4-3b2ff200def3.jpg'><img loading=\"lazy\" decoding=\"async\" width=\"150\" height=\"150\" src=\"https:\/\/www.radiopiu.net\/wordpress\/wp-content\/uploads\/2023\/12\/93ca3f4d-ffb4-481d-a5a4-3b2ff200def3-150x150.jpg\" class=\"attachment-thumbnail size-thumbnail\" alt=\"\" \/><\/a>\n\t\t\t\t<\/dt><\/dl><dl class='gallery-item'>\n\t\t\t\t<dt class='gallery-icon landscape'>\n\t\t\t\t\t<a class=\"rollover rollover-zoom dt-pswp-item\" title=\"b244a1c5-77b1-4f61-88cd-942415da20c4\" data-dt-img-description=\"\" data-large_image_width=\"1416\" data-large_image_height=\"1416\"href='https:\/\/www.radiopiu.net\/wordpress\/wp-content\/uploads\/2023\/12\/b244a1c5-77b1-4f61-88cd-942415da20c4.jpg'><img loading=\"lazy\" decoding=\"async\" width=\"150\" height=\"150\" src=\"https:\/\/www.radiopiu.net\/wordpress\/wp-content\/uploads\/2023\/12\/b244a1c5-77b1-4f61-88cd-942415da20c4-150x150.jpg\" class=\"attachment-thumbnail size-thumbnail\" alt=\"\" srcset=\"https:\/\/www.radiopiu.net\/wordpress\/wp-content\/uploads\/2023\/12\/b244a1c5-77b1-4f61-88cd-942415da20c4-150x150.jpg 150w, https:\/\/www.radiopiu.net\/wordpress\/wp-content\/uploads\/2023\/12\/b244a1c5-77b1-4f61-88cd-942415da20c4-300x300.jpg 300w, https:\/\/www.radiopiu.net\/wordpress\/wp-content\/uploads\/2023\/12\/b244a1c5-77b1-4f61-88cd-942415da20c4-1024x1024.jpg 1024w, https:\/\/www.radiopiu.net\/wordpress\/wp-content\/uploads\/2023\/12\/b244a1c5-77b1-4f61-88cd-942415da20c4-768x768.jpg 768w, https:\/\/www.radiopiu.net\/wordpress\/wp-content\/uploads\/2023\/12\/b244a1c5-77b1-4f61-88cd-942415da20c4.jpg 1416w\" sizes=\"auto, (max-width: 150px) 100vw, 150px\" \/><\/a>\n\t\t\t\t<\/dt><\/dl><br style=\"clear: both\" \/>\n\t\t\t<\/div>\n\n<p>&nbsp;<\/p>\n<p>&nbsp;<\/p>\n<p>*******<\/p>\n","protected":false},"excerpt":{"rendered":"<p>***** &nbsp; VALLADA\u00a0Si chiama Radical Racing Revolution la nuova associazione sportiva nata nel corso del 2023 nella vallata agordina che si propone da un lato di rispondere alla passione di molti giovani per gli sport legati alla montagna, dall\u2019altro di stimolarla in chi, magari, \u00e8 al momento solo tentato di sperimentare varie discipline all\u2019aria aperta.&hellip;<\/p>\n","protected":false},"author":4,"featured_media":365961,"comment_status":"closed","ping_status":"closed","sticky":false,"template":"","format":"standard","meta":{"_monsterinsights_skip_tracking":false,"_monsterinsights_sitenote_active":false,"_monsterinsights_sitenote_note":"","_monsterinsights_sitenote_category":0,"footnotes":""},"categories":[104,49],"tags":[],"class_list":["post-365956","post","type-post","status-publish","format-standard","has-post-thumbnail","hentry","category-evidenza_3","category-news-18","category-104","category-49","description-off"],"img_url":"https:\/\/www.radiopiu.net\/wordpress\/wp-content\/uploads\/2023\/12\/93ca3f4d-ffb4-481d-a5a4-3b2ff200def3.jpg","_links":{"self":[{"href":"https:\/\/www.radiopiu.net\/wordpress\/wp-json\/wp\/v2\/posts\/365956","targetHints":{"allow":["GET"]}}],"collection":[{"href":"https:\/\/www.radiopiu.net\/wordpress\/wp-json\/wp\/v2\/posts"}],"about":[{"href":"https:\/\/www.radiopiu.net\/wordpress\/wp-json\/wp\/v2\/types\/post"}],"author":[{"embeddable":true,"href":"https:\/\/www.radiopiu.net\/wordpress\/wp-json\/wp\/v2\/users\/4"}],"replies":[{"embeddable":true,"href":"https:\/\/www.radiopiu.net\/wordpress\/wp-json\/wp\/v2\/comments?post=365956"}],"version-history":[{"count":0,"href":"https:\/\/www.radiopiu.net\/wordpress\/wp-json\/wp\/v2\/posts\/365956\/revisions"}],"wp:featuredmedia":[{"embeddable":true,"href":"https:\/\/www.radiopiu.net\/wordpress\/wp-json\/wp\/v2\/media\/365961"}],"wp:attachment":[{"href":"https:\/\/www.radiopiu.net\/wordpress\/wp-json\/wp\/v2\/media?parent=365956"}],"wp:term":[{"taxonomy":"category","embeddable":true,"href":"https:\/\/www.radiopiu.net\/wordpress\/wp-json\/wp\/v2\/categories?post=365956"},{"taxonomy":"post_tag","embeddable":true,"href":"https:\/\/www.radiopiu.net\/wordpress\/wp-json\/wp\/v2\/tags?post=365956"}],"curies":[{"name":"wp","href":"https:\/\/api.w.org\/{rel}","templated":true}]}}