{"id":366024,"date":"2023-12-18T13:24:22","date_gmt":"2023-12-18T12:24:22","guid":{"rendered":"https:\/\/www.radiopiu.net\/wordpress\/?p=366024"},"modified":"2023-12-19T06:39:19","modified_gmt":"2023-12-19T05:39:19","slug":"nuova-modalita-di-distribuzione-per-gli-ecocalendari-di-valpe-ambiente-nella-zona-feltrina-e-cadore","status":"publish","type":"post","link":"https:\/\/www.radiopiu.net\/wordpress\/nuova-modalita-di-distribuzione-per-gli-ecocalendari-di-valpe-ambiente-nella-zona-feltrina-e-cadore\/","title":{"rendered":"Nuova Modalit\u00e0 di Distribuzione per gli Ecocalendari di Valpe Ambiente nella Zona Feltrina e Cadore"},"content":{"rendered":"<div class=\"flex-1 overflow-hidden\">\n<div class=\"react-scroll-to-bottom--css-pznkp-79elbk h-full\">\n<div class=\"react-scroll-to-bottom--css-pznkp-1n7m0yu\">\n<div class=\"flex flex-col pb-9 text-sm\">\n<div class=\"w-full text-token-text-primary\" data-testid=\"conversation-turn-21\">\n<div class=\"px-4 py-2 justify-center text-base md:gap-6 m-auto\">\n<div class=\"flex flex-1 text-base mx-auto gap-3 md:px-5 lg:px-1 xl:px-5 md:max-w-3xl lg:max-w-[40rem] xl:max-w-[48rem] group final-completion\">\n<div class=\"relative flex w-full flex-col lg:w-[calc(100%-115px)] agent-turn\">\n<div class=\"flex-col gap-1 md:gap-3\">\n<div class=\"flex flex-grow flex-col max-w-full\">\n<div class=\"min-h-[20px] text-message flex flex-col items-start gap-3 whitespace-pre-wrap break-words [.text-message+&amp;]:mt-5 overflow-x-auto\" data-message-author-role=\"assistant\" data-message-id=\"9c1efe16-9563-44dd-a3b1-3c600a1afeb6\">\n<div class=\"markdown prose w-full break-words dark:prose-invert dark\">\n<p>***<\/p>\n<p>&nbsp;<\/p>\n<p><strong><img loading=\"lazy\" decoding=\"async\" class=\"alignleft\" src=\"https:\/\/www.radiopiu.net\/wordpress\/wp-content\/uploads\/2018\/10\/logo-valpe-verticale.jpg\" width=\"218\" height=\"216\" \/>REDAZIONE<\/strong> A partire da quest&#8217;anno, gli Ecocalendari di Valpe Ambiente saranno recapitati direttamente a domicilio per le utenze del territorio feltrino e dei comuni di Borca, Cibiana, Valle e Vodo di Cadore. Questa iniziativa segue l&#8217;esempio dei comuni di Sedico e dell&#8217;Unione Montana Agordina, dove la consegna a domicilio \u00e8 gi\u00e0 prassi consolidata. Per le utenze di San Vito di Cadore, il nuovo calendario sar\u00e0 disponibile presso la sede comunale a partire dalla fine di dicembre 2023, come negli anni precedenti. In attesa della copia cartacea, i cittadini possono gi\u00e0 consultare le cadenze porta a porta del nuovo anno sul sito valpeambiente.it. I calendari sono disponibili in formato digitale esteso e in una versione sintetica stampabile comodamente da casa. Si informa inoltre che dal 15 dicembre 2023 al 31 gennaio 2024, nei comuni di Borca, Cibiana, Valle e Vodo di Cadore, \u00e8 prevista un&#8217;intensificazione del porta a porta. Si invita la cittadinanza a seguire attentamente l&#8217;Ecocalendario disponibile online. Infine, dal 22 dicembre 2023 al 7 gennaio 2024, l&#8217;Ecosportello di Sedico osserver\u00e0 orari di apertura ridotti, aprendo al pubblico solo il gioved\u00ec 28 dicembre e il gioved\u00ec 04 gennaio, dalle 09.00 alle 12.30. Per ulteriori informazioni, \u00e8 possibile contattare Valpe Ambiente scrivendo a <a href=\"mailto:info@valpeambiente.it\" target=\"_new\" rel=\"noopener\">info@valpeambiente.it<\/a> o chiamando il numero verde gratuito 800.94.76.73.<\/p>\n<p>____<\/p>\n<\/div>\n<\/div>\n<\/div>\n<\/div>\n<\/div>\n<\/div>\n<\/div>\n<\/div>\n<\/div>\n<\/div>\n<\/div>\n<\/div>\n","protected":false},"excerpt":{"rendered":"<p>*** &nbsp; REDAZIONE A partire da quest&#8217;anno, gli Ecocalendari di Valpe Ambiente saranno recapitati direttamente a domicilio per le utenze del territorio feltrino e dei comuni di Borca, Cibiana, Valle e Vodo di Cadore. Questa iniziativa segue l&#8217;esempio dei comuni di Sedico e dell&#8217;Unione Montana Agordina, dove la consegna a domicilio \u00e8 gi\u00e0 prassi consolidata.&hellip;<\/p>\n","protected":false},"author":4,"featured_media":65542,"comment_status":"closed","ping_status":"closed","sticky":false,"template":"","format":"standard","meta":{"_monsterinsights_skip_tracking":false,"_monsterinsights_sitenote_active":false,"_monsterinsights_sitenote_note":"","_monsterinsights_sitenote_category":0,"footnotes":""},"categories":[104,49],"tags":[],"class_list":["post-366024","post","type-post","status-publish","format-standard","has-post-thumbnail","hentry","category-evidenza_3","category-news-18","category-104","category-49","description-off"],"img_url":"https:\/\/www.radiopiu.net\/wordpress\/wp-content\/uploads\/2018\/10\/logo-valpe-verticale.jpg","_links":{"self":[{"href":"https:\/\/www.radiopiu.net\/wordpress\/wp-json\/wp\/v2\/posts\/366024","targetHints":{"allow":["GET"]}}],"collection":[{"href":"https:\/\/www.radiopiu.net\/wordpress\/wp-json\/wp\/v2\/posts"}],"about":[{"href":"https:\/\/www.radiopiu.net\/wordpress\/wp-json\/wp\/v2\/types\/post"}],"author":[{"embeddable":true,"href":"https:\/\/www.radiopiu.net\/wordpress\/wp-json\/wp\/v2\/users\/4"}],"replies":[{"embeddable":true,"href":"https:\/\/www.radiopiu.net\/wordpress\/wp-json\/wp\/v2\/comments?post=366024"}],"version-history":[{"count":0,"href":"https:\/\/www.radiopiu.net\/wordpress\/wp-json\/wp\/v2\/posts\/366024\/revisions"}],"wp:featuredmedia":[{"embeddable":true,"href":"https:\/\/www.radiopiu.net\/wordpress\/wp-json\/wp\/v2\/media\/65542"}],"wp:attachment":[{"href":"https:\/\/www.radiopiu.net\/wordpress\/wp-json\/wp\/v2\/media?parent=366024"}],"wp:term":[{"taxonomy":"category","embeddable":true,"href":"https:\/\/www.radiopiu.net\/wordpress\/wp-json\/wp\/v2\/categories?post=366024"},{"taxonomy":"post_tag","embeddable":true,"href":"https:\/\/www.radiopiu.net\/wordpress\/wp-json\/wp\/v2\/tags?post=366024"}],"curies":[{"name":"wp","href":"https:\/\/api.w.org\/{rel}","templated":true}]}}