{"id":366035,"date":"2023-12-14T14:02:26","date_gmt":"2023-12-14T13:02:26","guid":{"rendered":"https:\/\/www.radiopiu.net\/wordpress\/?p=366035"},"modified":"2023-12-14T14:02:26","modified_gmt":"2023-12-14T13:02:26","slug":"le-postazioni-dei-presepi-dei-colmiei-iv-edizione","status":"publish","type":"post","link":"https:\/\/www.radiopiu.net\/wordpress\/le-postazioni-dei-presepi-dei-colmiei-iv-edizione\/","title":{"rendered":"LE POSTAZIONI DEI PRESEPI DEI COLMIEI IV EDIZIONE"},"content":{"rendered":"<p>***<\/p>\n<p>&nbsp;<\/p>\n<p><strong>CANALE D&#8217;AGORDO<\/strong> Come di consueto i presepi sono frutto dell&#8217;arte e dell&#8217;ingegno della comunit\u00e0. Quest&#8217;anno i candidati al concorso sono 11, 8 nel centro abitato di Canale e 3 nelle frazioni limitrofe. La piantina \u00e8 scaricabile anche da smartphone inquadrando il QR code sulla locandina. Si vota mettendo un like sul post del presepe preferito sulla <span style=\"color: #0000ff;\"><a style=\"color: #0000ff;\" href=\"https:\/\/www.facebook.com\/dolomitifalcade\"><b>pagina facebook FALCADE DOLOMITI<\/b><\/a><\/span>. Il presepe che ricever\u00e0 pi\u00f9 LIKE sar\u00e0 premiato. C&#8217;\u00e8 tempo di votare <u>fino al 31 gennaio 2024<\/u>.<br \/>\n<a class=\"dt-pswp-item\" href=\"https:\/\/www.radiopiu.net\/wordpress\/wp-content\/uploads\/2023\/12\/I-presepi-dei-Colmiei-Postazioni.jpg\" data-dt-img-description=\"\" data-large_image_width=\"1414\" data-large_image_height=\"2000\"><img loading=\"lazy\" decoding=\"async\" class=\"alignnone wp-image-366036 size-full\" src=\"https:\/\/www.radiopiu.net\/wordpress\/wp-content\/uploads\/2023\/12\/I-presepi-dei-Colmiei-Postazioni.jpg\" alt=\"\" width=\"1414\" height=\"2000\" srcset=\"https:\/\/www.radiopiu.net\/wordpress\/wp-content\/uploads\/2023\/12\/I-presepi-dei-Colmiei-Postazioni.jpg 1414w, https:\/\/www.radiopiu.net\/wordpress\/wp-content\/uploads\/2023\/12\/I-presepi-dei-Colmiei-Postazioni-212x300.jpg 212w, https:\/\/www.radiopiu.net\/wordpress\/wp-content\/uploads\/2023\/12\/I-presepi-dei-Colmiei-Postazioni-724x1024.jpg 724w, https:\/\/www.radiopiu.net\/wordpress\/wp-content\/uploads\/2023\/12\/I-presepi-dei-Colmiei-Postazioni-768x1086.jpg 768w, https:\/\/www.radiopiu.net\/wordpress\/wp-content\/uploads\/2023\/12\/I-presepi-dei-Colmiei-Postazioni-1086x1536.jpg 1086w\" sizes=\"auto, (max-width: 1414px) 100vw, 1414px\" \/><\/a><\/p>\n","protected":false},"excerpt":{"rendered":"<p>*** &nbsp; CANALE D&#8217;AGORDO Come di consueto i presepi sono frutto dell&#8217;arte e dell&#8217;ingegno della comunit\u00e0. Quest&#8217;anno i candidati al concorso sono 11, 8 nel centro abitato di Canale e 3 nelle frazioni limitrofe. La piantina \u00e8 scaricabile anche da smartphone inquadrando il QR code sulla locandina. Si vota mettendo un like sul post del&hellip;<\/p>\n","protected":false},"author":4,"featured_media":366037,"comment_status":"closed","ping_status":"closed","sticky":false,"template":"","format":"standard","meta":{"_monsterinsights_skip_tracking":false,"_monsterinsights_sitenote_active":false,"_monsterinsights_sitenote_note":"","_monsterinsights_sitenote_category":0,"footnotes":""},"categories":[49],"tags":[],"class_list":["post-366035","post","type-post","status-publish","format-standard","has-post-thumbnail","hentry","category-news-18","category-49","description-off"],"img_url":"https:\/\/www.radiopiu.net\/wordpress\/wp-content\/uploads\/2023\/12\/Senza-nome-48.png","_links":{"self":[{"href":"https:\/\/www.radiopiu.net\/wordpress\/wp-json\/wp\/v2\/posts\/366035","targetHints":{"allow":["GET"]}}],"collection":[{"href":"https:\/\/www.radiopiu.net\/wordpress\/wp-json\/wp\/v2\/posts"}],"about":[{"href":"https:\/\/www.radiopiu.net\/wordpress\/wp-json\/wp\/v2\/types\/post"}],"author":[{"embeddable":true,"href":"https:\/\/www.radiopiu.net\/wordpress\/wp-json\/wp\/v2\/users\/4"}],"replies":[{"embeddable":true,"href":"https:\/\/www.radiopiu.net\/wordpress\/wp-json\/wp\/v2\/comments?post=366035"}],"version-history":[{"count":0,"href":"https:\/\/www.radiopiu.net\/wordpress\/wp-json\/wp\/v2\/posts\/366035\/revisions"}],"wp:featuredmedia":[{"embeddable":true,"href":"https:\/\/www.radiopiu.net\/wordpress\/wp-json\/wp\/v2\/media\/366037"}],"wp:attachment":[{"href":"https:\/\/www.radiopiu.net\/wordpress\/wp-json\/wp\/v2\/media?parent=366035"}],"wp:term":[{"taxonomy":"category","embeddable":true,"href":"https:\/\/www.radiopiu.net\/wordpress\/wp-json\/wp\/v2\/categories?post=366035"},{"taxonomy":"post_tag","embeddable":true,"href":"https:\/\/www.radiopiu.net\/wordpress\/wp-json\/wp\/v2\/tags?post=366035"}],"curies":[{"name":"wp","href":"https:\/\/api.w.org\/{rel}","templated":true}]}}