{"id":366101,"date":"2023-12-16T05:52:00","date_gmt":"2023-12-16T04:52:00","guid":{"rendered":"https:\/\/www.radiopiu.net\/wordpress\/?p=366101"},"modified":"2023-12-16T09:46:27","modified_gmt":"2023-12-16T08:46:27","slug":"grpr16","status":"publish","type":"post","link":"https:\/\/www.radiopiu.net\/wordpress\/grpr16\/","title":{"rendered":"GIORNALE RADIOPIU 16 DICEMBRE 2023 DIRETTORE MIRKO MEZZACASA\u2026DA 40 ANNI 25 GIUGNO 1983-25 GIUGNO 2023"},"content":{"rendered":"<p>*****<\/p>\n<p>&nbsp;<\/p>\n<h1 class=\"entry-title photoswipe-wrapper\">40esimo di RADIOPIU\u2026. LA VOCE DELL\u2019EMOZIONE<\/h1>\n<h2><span style=\"color: #ff0000;\">ISCRIVITI AL NOSTRO CANALE\u00a0\u00a0YOUTUBE PER SEGUIRE IN DIRETTA I PRINCIPALI PROGRAMMI DI RADIO PIU\u2019 E LE FUTURE DIRETTE IN ESTERNA. PER ISCRIVERTI <a style=\"color: #ff0000;\" href=\"https:\/\/youtube.com\/@radiopiu1527\">CLICCA QUI\u00a0<\/a>E PREMI\u00a0 \u201cIscriviti\u201d\u00a0<\/span><\/h2>\n<p>&nbsp;<\/p>\n<hr \/>\n<p>&nbsp;<\/p>\n<blockquote>\n<blockquote>\n<h1><span style=\"color: #ff0000;\">i podcast informativi del mattino &#8211; audio &#8211;\u00a0<\/span><\/h1>\n<\/blockquote>\n<p><strong><a class=\"dt-pswp-item\" href=\"https:\/\/www.radiopiu.net\/wordpress\/wp-content\/uploads\/2023\/11\/th-10.jpg\" data-dt-img-description=\"\" data-large_image_width=\"320\" data-large_image_height=\"180\"><img loading=\"lazy\" decoding=\"async\" class=\"wp-image-362866 alignleft\" src=\"https:\/\/www.radiopiu.net\/wordpress\/wp-content\/uploads\/2023\/11\/th-10-300x169.jpg\" alt=\"\" width=\"185\" height=\"104\" srcset=\"https:\/\/www.radiopiu.net\/wordpress\/wp-content\/uploads\/2023\/11\/th-10-300x169.jpg 300w, https:\/\/www.radiopiu.net\/wordpress\/wp-content\/uploads\/2023\/11\/th-10.jpg 320w\" sizes=\"auto, (max-width: 185px) 100vw, 185px\" \/><\/a>LA RASSEGNA STAMPA NAZIONALE ALLA RADIO, OGNI GIORNO ALLE 5 E ALLE 6 DEL MATTINO <span style=\"color: #0000ff;\">viene pubblicata alle 6.00 <span style=\"color: #ff0000;\">DIRETTA RADIO<\/span><\/span><\/strong><\/p><\/blockquote>\n<p>TITOLI Patto di stabilit\u00e0 del governo Meloni, La Russa sul premierato, \u00a0telefono antiviolenza, chiamate, raddoppiate,\u00a0 Gino Paoli,<br \/>\nla mia maestra, fu uccisa dai partigiani. Ferragni-Balocco mail roveti e intervento dell&#8217;antritrust per pratiche commerciali scorrette. Armi o tregua,\u00a0 esistono due anime dentro\u00a0 Hamas questo \u00e8 l&#8217;interrogativo, l&#8217;interi genza rellereticlandestine, il fronte europeo. Macron non ho cambiato numero, se Putin a proposte serie di pace, aiuteremo.<\/p>\n<p><strong>AUDIO<\/strong><\/p>\n<audio class=\"wp-audio-shortcode\" id=\"audio-366101-1\" preload=\"none\" style=\"width: 100%;\" controls=\"controls\"><source type=\"audio\/mpeg\" src=\"https:\/\/www.radiopiu.net\/wordpress\/wp-content\/uploads\/2023\/12\/GIORNALEDELLESEI-13.mp3?_=1\" \/><a href=\"https:\/\/www.radiopiu.net\/wordpress\/wp-content\/uploads\/2023\/12\/GIORNALEDELLESEI-13.mp3\">https:\/\/www.radiopiu.net\/wordpress\/wp-content\/uploads\/2023\/12\/GIORNALEDELLESEI-13.mp3<\/a><\/audio>\n<blockquote><p>&nbsp;<\/p>\n<p>&nbsp;<\/p>\n<p>&nbsp;<\/p>\n<h2><strong>Accertamenti Cruciali per l&#8217;Auto di Filippo Turetta nei Laboratori Ris di Parma<\/strong><\/h2>\n<\/blockquote>\n<p style=\"text-align: left;\"><a class=\"dt-pswp-item\" href=\"https:\/\/www.radiopiu.net\/wordpress\/wp-content\/uploads\/2023\/12\/Senza-nome-51.png\" data-dt-img-description=\"\" data-large_image_width=\"215\" data-large_image_height=\"101\"><img loading=\"lazy\" decoding=\"async\" class=\"size-full wp-image-366288 alignleft\" src=\"https:\/\/www.radiopiu.net\/wordpress\/wp-content\/uploads\/2023\/12\/Senza-nome-51.png\" alt=\"\" width=\"215\" height=\"101\" \/><\/a>La Fiat Grande Punto di Filippo Turetta, il giovane arrestato per l&#8217;omicidio di Giulia Cecchettin, giunger\u00e0 ai laboratori del Ris di Parma per gli accertamenti ordinati dalla Procura della Repubblica di Venezia. Il veicolo \u00e8 stato trasportato dalla Germania, dove Turetta \u00e8 stato fermato e arrestato. I periti dovranno rispondere ai quesiti della Procura e procedere con analisi cruciali, tra cui lo studio del bloodstain pattern, per comprendere la dinamica dell&#8217;omicidio. La presenza di tracce di sangue nell&#8217;abitacolo della Punto sar\u00e0 determinante nel ricostruire gli eventi e stabilire se l&#8217;aggressione mortale avvenne all&#8217;interno dell&#8217;auto o se il corpo di Giulia fu caricato successivamente. Tra gli oggetti di prova, anche il coltello spezzato ritrovato a Vigonovo, che potrebbe fornire ulteriori dettagli sulla tragedia.<\/p>\n<blockquote><p>&nbsp;<\/p>\n<p>&nbsp;<\/p>\n<p>&nbsp;<\/p>\n<p><strong><a class=\"dt-pswp-item\" href=\"https:\/\/www.radiopiu.net\/wordpress\/wp-content\/uploads\/2021\/07\/microfono-radio-ok-768x448-768x448-1.jpg\" data-dt-img-description=\"\" data-large_image_width=\"768\" data-large_image_height=\"448\"><img loading=\"lazy\" decoding=\"async\" class=\"wp-image-220632 alignleft\" src=\"https:\/\/www.radiopiu.net\/wordpress\/wp-content\/uploads\/2021\/07\/microfono-radio-ok-768x448-768x448-1-300x175.jpg\" alt=\"\" width=\"178\" height=\"104\" srcset=\"https:\/\/www.radiopiu.net\/wordpress\/wp-content\/uploads\/2021\/07\/microfono-radio-ok-768x448-768x448-1-300x175.jpg 300w, https:\/\/www.radiopiu.net\/wordpress\/wp-content\/uploads\/2021\/07\/microfono-radio-ok-768x448-768x448-1.jpg 768w\" sizes=\"auto, (max-width: 178px) 100vw, 178px\" \/><\/a>GIORNALE RADIO NAZIONALE, EDIZIONE DELLE SETTE <span style=\"color: #0000ff;\">viene pubblicato alle 7.05 <span style=\"color: #ff0000;\">DIRETTA RADIO<\/span><\/span><\/strong><\/p><\/blockquote>\n<p>&nbsp;<\/p>\n<p>&nbsp;<\/p>\n<p>&nbsp;<\/p>\n<p><strong>AUDIO<\/strong><\/p>\n<audio class=\"wp-audio-shortcode\" id=\"audio-366101-2\" preload=\"none\" style=\"width: 100%;\" controls=\"controls\"><source type=\"audio\/mpeg\" src=\"https:\/\/www.radiopiu.net\/wordpress\/wp-content\/uploads\/2023\/12\/giornale07-13.mp3?_=2\" \/><a href=\"https:\/\/www.radiopiu.net\/wordpress\/wp-content\/uploads\/2023\/12\/giornale07-13.mp3\">https:\/\/www.radiopiu.net\/wordpress\/wp-content\/uploads\/2023\/12\/giornale07-13.mp3<\/a><\/audio>\n<p>&nbsp;<\/p>\n<blockquote>\n<h2><strong>RASSEGNA STAMPA LOCALE, ORE OTTO <span style=\"color: #0000ff;\">viene pubblicata alle 8.05 <span style=\"color: #ff0000;\">DIRETTA RADIO\u00a0<\/span><\/span><\/strong><\/h2>\n<p>&nbsp;<\/p><\/blockquote>\n<blockquote class=\"wp-embedded-content\" data-secret=\"w4Q6tBpuET\"><p><a href=\"https:\/\/www.radiopiu.net\/wordpress\/rs16dic23\/\">l&#8217;originale dal 1983, la rassegna stampa locale di mirko mezzacasa<\/a><\/p><\/blockquote>\n<p><iframe loading=\"lazy\" class=\"wp-embedded-content\" sandbox=\"allow-scripts\" security=\"restricted\" style=\"position: absolute; clip: rect(1px, 1px, 1px, 1px);\" title=\"&#8220;l&#8217;originale dal 1983, la rassegna stampa locale di mirko mezzacasa&#8221; &#8212; Radio Pi\u00f9\" src=\"https:\/\/www.radiopiu.net\/wordpress\/rs16dic23\/embed\/#?secret=DwZpwZwCCn#?secret=w4Q6tBpuET\" data-secret=\"w4Q6tBpuET\" width=\"600\" height=\"338\" frameborder=\"0\" marginwidth=\"0\" marginheight=\"0\" scrolling=\"no\"><\/iframe><\/p>\n<p>&nbsp;<\/p>\n<p>&nbsp;<\/p>\n<hr \/>\n<p>&nbsp;<\/p>\n<p><a class=\"dt-pswp-item\" href=\"https:\/\/www.radiopiu.net\/wordpress\/wp-content\/uploads\/2023\/12\/cence.png\" data-dt-img-description=\"\" data-large_image_width=\"297\" data-large_image_height=\"197\"><img loading=\"lazy\" decoding=\"async\" class=\"size-full wp-image-366309 alignleft\" src=\"https:\/\/www.radiopiu.net\/wordpress\/wp-content\/uploads\/2023\/12\/cence.png\" alt=\"\" width=\"297\" height=\"197\" \/><\/a><\/p>\n<p><strong>\u00a0<\/strong><\/p>\n<p><strong>\u00a0<\/strong><\/p>\n<p><strong>\u00a0<\/strong><\/p>\n<p><strong>LA FOTO<\/strong>, la grande e sempre pi\u00f9 brillante stella di Natale sul monte delle Anime, conto alla rovescia 2023-2024.. con i complimenti ai volontari, visibile da Listolade a Canale d&#8217;Agordo lungo la regionale 203 agordina<\/p>\n<p>&nbsp;<\/p>\n<p>&nbsp;<\/p>\n<p>&nbsp;<\/p>\n<p>&nbsp;<\/p>\n<hr \/>\n<p>&nbsp;<\/p>\n<p><span style=\"color: #ff0000;\"><strong>AGGIORNAMENTO NOVE DEL MATTINO<\/strong><\/span><\/p>\n<blockquote>\n<h1>Arresto per spaccio di stupefacenti a Belluno: Due minori fermati dalla Squadra Volanti<\/h1>\n<\/blockquote>\n<p>&nbsp;<\/p>\n<p><img loading=\"lazy\" decoding=\"async\" class=\"alignleft\" src=\"https:\/\/www.radiopiu.net\/wordpress\/wp-content\/uploads\/2022\/05\/POLIZIA-2.jpg\" width=\"274\" height=\"154\" \/><strong>BELLUNO<\/strong> Nella notte del 05 dicembre scorso, intorno alle 00:30, una pattuglia della Squadra Volanti di Belluno, durante il consueto controllo del territorio nei pressi della stazione FS locale, ha notato un comportamento sospetto da parte di due giovani. I poliziotti, attenti all&#8217;andamento degli eventi, hanno deciso di procedere con il controllo dei due individui, entrambi diciassettenni e residenti in provincia di Treviso. Fin dall&#8217;inizio, i giovani hanno mostrato segni di nervosismo e agitazione, risultando incapaci di fornire giustificazioni convincenti per la loro presenza a quell&#8217;ora tarda nella citt\u00e0. Le spiegazioni date erano vaghe e, soprattutto, incoerenti. La preoccupazione per l&#8217;allarme sociale causato dai numerosi furti nella zona ha portato gli agenti a sottoporre i due minori a una perquisizione pi\u00f9 approfondita. Durante la perquisizione, \u00e8 emerso che la loro presenza a Belluno non era legata a intenti criminali tradizionali, ma al traffico di sostanze stupefacenti. Uno dei ragazzi \u00e8 stato trovato in possesso di diverse dosi di cocaina e una somma superiore a 500 \u20ac, sospettata di essere il ricavato della loro attivit\u00e0 illegale. Il giovane \u00e8 stato formalmente indagato, e sar\u00e0 il Tribunale dei Minori di Venezia a valutare le responsabilit\u00e0 del giovane in relazione al reato di spaccio di sostanze stupefacenti. Al termine delle procedure di polizia, entrambi i minori sono stati affidati ai loro genitori. Questa vicenda mette in luce la costante attenzione delle forze dell&#8217;ordine nel contrastare non solo i reati comuni, ma anche il dilagante problema dello spaccio di droga, che mina la sicurezza e l&#8217;integrit\u00e0 della comunit\u00e0. (MM)<\/p>\n<p>&nbsp;<\/p>\n<p>&nbsp;<\/p>\n<p>&nbsp;<\/p>\n<hr \/>\n<h3><\/h3>\n<p><a class=\"dt-pswp-item\" href=\"https:\/\/www.radiopiu.net\/wordpress\/wp-content\/uploads\/2023\/10\/34f4cfc6-e863-46e9-9695-8df44be63421.jpg\" data-dt-img-description=\"\" data-large_image_width=\"1200\" data-large_image_height=\"1200\"><img loading=\"lazy\" decoding=\"async\" class=\"wp-image-357393 alignleft\" src=\"https:\/\/www.radiopiu.net\/wordpress\/wp-content\/uploads\/2023\/10\/34f4cfc6-e863-46e9-9695-8df44be63421-300x300.jpg\" alt=\"\" width=\"81\" height=\"81\" srcset=\"https:\/\/www.radiopiu.net\/wordpress\/wp-content\/uploads\/2023\/10\/34f4cfc6-e863-46e9-9695-8df44be63421-300x300.jpg 300w, https:\/\/www.radiopiu.net\/wordpress\/wp-content\/uploads\/2023\/10\/34f4cfc6-e863-46e9-9695-8df44be63421-1024x1024.jpg 1024w, https:\/\/www.radiopiu.net\/wordpress\/wp-content\/uploads\/2023\/10\/34f4cfc6-e863-46e9-9695-8df44be63421-150x150.jpg 150w, https:\/\/www.radiopiu.net\/wordpress\/wp-content\/uploads\/2023\/10\/34f4cfc6-e863-46e9-9695-8df44be63421-768x768.jpg 768w, https:\/\/www.radiopiu.net\/wordpress\/wp-content\/uploads\/2023\/10\/34f4cfc6-e863-46e9-9695-8df44be63421.jpg 1200w\" sizes=\"auto, (max-width: 81px) 100vw, 81px\" \/><\/a>OGGI ALLA RADIO: <strong>ALLE 7<\/strong> LA RASSEGNA STAMPA LOCALE FLASH, PER CHI COME NOI ALLE SETTE DEL MATTINO VA DI FRETTA, TANTE NOTIZIE IN POCHE CHIACCHIERE. <strong>ALLE OTTO<\/strong> L&#8217;APPROFONDIMENTO NELLA STORICA RASSEGNA STAMPA LOCALE.\u00a0 DALLE 6 ALLE 21, OGNI ORA, L&#8217;INFORMAZIONE NAZIONALE, l&#8217;informazione locale, ALLE 10 flash. 11flash. 14 viabilit\u00e0. 15meteo. 16flash. 17flash. 18flash. 19 i titoli di Antenna 3<\/p>\n<p><strong><span style=\"color: #ff0000;\">OGGI ALLE 10.30 E 1900<\/span> LA RASSEGNA STAMPA DA L&#8217;AMICO DEL POPOLO DI GIANNI SANTOMASO, CON MARILISA LUCHETTA E ANDREA FIOCCO.<span style=\"color: #ff0000;\"> 14.00 DJ JACK<\/span> E LA MUSICA ELETTRONICA E NON SOLO<span style=\"color: #ff0000;\"> ALLE 15<\/span> LA CLASSIFICA UFFICIALE DI MARCO GAZ E<span style=\"color: #ff0000;\"> QUESTA SERA..<\/span>. TUTTI INSIEME PER LE CIVETTE, ALLEGHE HOCKEY IN HOCKEY AL PUNTO GIUSTO<\/strong><br \/>\n<strong>DOMANI&#8230; UNA DOMENICA RADIOSA CON<span style=\"color: #ff0000;\"> LA PLAY LIST DI MARINA DONA&#8217;<\/span><\/strong><\/p>\n<blockquote><p>&nbsp;<\/p>\n<p>&nbsp;<\/p>\n<p>&nbsp;<\/p><\/blockquote>\n<p>&nbsp;<\/p>\n<hr \/>\n<h3><\/h3>\n<blockquote>\n<h3>ACQUA GSP: NON POTABILE A LIVINALLONGO E ROCCA PIETORE<\/h3>\n<\/blockquote>\n<p><strong>LIVINALLONGO DEL COL DI LANA<\/strong> nelle localit\u00e0\u00a0 BRENTA, AL FAURO, CREPAZ, RENAZ, RUAZ, PEZZEI, S. GIOVANNI, FOSSAL, SALESEI DI SOPRA, SALESEI DI SOTTO, PIAN DI SALESEI, SALESEI, SOTTOCREPA e FOPPA l\u2019acqua erogata dall\u2019acquedotto non \u00e8 potabile e pu\u00f2 essere usata per scopi alimentari SOLO PREVIA bollitura.<\/p>\n<p><strong>ROCCA PIETORE<\/strong> in localit\u00e0 DIGONERA e MASARE&#8217; l&#8217;acqua erogata dall&#8217;acquedotto non \u00e8 potabile e pu\u00f2 essere usata per scopi alimentari SOLO PREVIA bollitura.<\/p>\n<p>&nbsp;<\/p>\n<hr \/>\n<p>&nbsp;<\/p>\n<blockquote>\n<h3><a class=\"dt-pswp-item\" href=\"https:\/\/www.radiopiu.net\/wordpress\/wp-content\/uploads\/2023\/12\/Senza-nome-50.png\" data-dt-img-description=\"\" data-large_image_width=\"275\" data-large_image_height=\"247\"><img loading=\"lazy\" decoding=\"async\" class=\"wp-image-366165 alignleft\" src=\"https:\/\/www.radiopiu.net\/wordpress\/wp-content\/uploads\/2023\/12\/Senza-nome-50.png\" alt=\"\" width=\"184\" height=\"165\" \/><\/a>OGGI\u00a0 ALLE 14 L&#8217;ULTIMO SALUTO A CARLO<\/h3>\n<\/blockquote>\n<p><strong>ROCCA PIETORE<\/strong> L&#8217;ultimo saluto ad un amico, ad un uomo buono, amato e stimato sul posto di lavoro, nella comunit\u00e0 per la sua terra e la sua gente. Sar\u00e0 ricordato cos\u00ec nel giorno del funerale Carlo Soraru&#8217;, 54 anni, mancato in seguito all&#8217;incidente stradale dello scorso fine settimana. Sara, con Massimo e Ilaria, la mamma Antonia, il fratello Rodolfo con la cognata e i nipoti hanno deciso la data del funerale:\u00a0 oggi,\u00a0 alle 14 in chiesa a Rocca Pietore<\/p>\n<p>&nbsp;<\/p>\n<p>&nbsp;<\/p>\n<p>&nbsp;<\/p>\n<hr \/>\n<p>&nbsp;<\/p>\n<blockquote>\n<h3 class=\"entry-title\">INCENDIO A VILLABRUNA: VIGILI DEL FUOCO INTERVENGONO TEMPESTIVAMENTE<\/h3>\n<\/blockquote>\n<p><strong>FELTRE<\/strong> Una densa colonna di fumo ha allertato e fatto intervenire prontamente i pompieri. L&#8217;allarme nella tarda mattinata di ieri, a Villabruna, nelle vicinanze di Feltre. I pompieri sono arrivati dal locale distaccamento, da Belluno e con i volontari del basso feltrino con due autopompe, due autobotti, l\u2019autoscala e 12 operatori per fronteggiare l&#8217;incendio che ha interessato una struttura disabitata situata in via Salgarda in direzione Cesiomaggiore. Nonostante i danni rilevanti alla struttura, fortunatamente non si sono registrati n\u00e9 ustionati n\u00e9 intossicati. L\u2019incendio oltre a bruciare la vecchia abitazione ha provocato il collassamento del tetto. Gli sforzi dei vigili del fuoco hanno permesso di domare le fiamme, ma ora inizieranno le indagini per comprendere le cause e le circostanze dell&#8217;incendio. Le operazioni di completo spegnimento e bonifica sono terminate alle 17 circa.<\/p>\n<p>Un devastante incendio ha colpito un magazzino in un&#8217;azienda agricola tra Villabruna e Salgarda. Denis De Boni, il proprietario, \u00e8 stato richiamato d&#8217;urgenza mentre faceva la spesa. I vigili del fuoco hanno lavorato per ore per salvare la stalla e i diciotto capi di bestiame, liberati in tempo. L&#8217;incendio \u00e8 avvenuto dopo la consegna del latte al trasportatore Lattebusche. Le cause, possibilmente un guasto elettrico o un malfunzionamento della stufa, saranno indagate. L&#8217;intervento \u00e8 stato complicato dalla nebbia e dalla mancanza di un idrante. L&#8217;azienda pu\u00f2 continuare, ma sar\u00e0 necessario un nuovo magazzino.<\/p>\n\n\t\t\t<style type='text\/css'>\n\t\t\t\t#gallery-1 {\n\t\t\t\t\tmargin: auto;\n\t\t\t\t}\n\t\t\t\t#gallery-1 .gallery-item {\n\t\t\t\t\tfloat: left;\n\t\t\t\t\tmargin-top: 10px;\n\t\t\t\t\ttext-align: center;\n\t\t\t\t\twidth: 20%;\n\t\t\t\t}\n\t\t\t\t#gallery-1 img {\n\t\t\t\t\tborder: 2px solid #cfcfcf;\n\t\t\t\t}\n\t\t\t\t#gallery-1 .gallery-caption {\n\t\t\t\t\tmargin-left: 0;\n\t\t\t\t}\n\t\t\t\t\/* see gallery_shortcode() in wp-includes\/media.php *\/\n\t\t\t<\/style>\n\t\t<div id='gallery-1' class='dt-gallery-container gallery galleryid-366101 gallery-columns-5 gallery-size-thumbnail'><dl class='gallery-item'>\n\t\t\t\t<dt class='gallery-icon portrait'>\n\t\t\t\t\t<a class=\"rollover rollover-zoom dt-pswp-item\" title=\"incendio 1\" data-dt-img-description=\"\" data-large_image_width=\"1080\" data-large_image_height=\"1920\"href='https:\/\/www.radiopiu.net\/wordpress\/wp-content\/uploads\/2023\/12\/incendio-1.jpg'><img loading=\"lazy\" decoding=\"async\" width=\"150\" height=\"150\" src=\"https:\/\/www.radiopiu.net\/wordpress\/wp-content\/uploads\/2023\/12\/incendio-1-150x150.jpg\" class=\"attachment-thumbnail size-thumbnail\" alt=\"\" \/><\/a>\n\t\t\t\t<\/dt><\/dl><dl class='gallery-item'>\n\t\t\t\t<dt class='gallery-icon landscape'>\n\t\t\t\t\t<a class=\"rollover rollover-zoom dt-pswp-item\" title=\"7b8b6f0b-1c4c-4a4a-a121-67fb808c6a1b\" data-dt-img-description=\"\" data-large_image_width=\"1600\" data-large_image_height=\"1017\"href='https:\/\/www.radiopiu.net\/wordpress\/wp-content\/uploads\/2023\/12\/7b8b6f0b-1c4c-4a4a-a121-67fb808c6a1b.jpg'><img loading=\"lazy\" decoding=\"async\" width=\"150\" height=\"150\" src=\"https:\/\/www.radiopiu.net\/wordpress\/wp-content\/uploads\/2023\/12\/7b8b6f0b-1c4c-4a4a-a121-67fb808c6a1b-150x150.jpg\" class=\"attachment-thumbnail size-thumbnail\" alt=\"\" \/><\/a>\n\t\t\t\t<\/dt><\/dl><dl class='gallery-item'>\n\t\t\t\t<dt class='gallery-icon landscape'>\n\t\t\t\t\t<a class=\"rollover rollover-zoom dt-pswp-item\" title=\"7101b8e4-1ec1-401b-b70b-a340078bd87d\" data-dt-img-description=\"\" data-large_image_width=\"1600\" data-large_image_height=\"916\"href='https:\/\/www.radiopiu.net\/wordpress\/wp-content\/uploads\/2023\/12\/7101b8e4-1ec1-401b-b70b-a340078bd87d.jpg'><img loading=\"lazy\" decoding=\"async\" width=\"150\" height=\"150\" src=\"https:\/\/www.radiopiu.net\/wordpress\/wp-content\/uploads\/2023\/12\/7101b8e4-1ec1-401b-b70b-a340078bd87d-150x150.jpg\" class=\"attachment-thumbnail size-thumbnail\" alt=\"\" \/><\/a>\n\t\t\t\t<\/dt><\/dl><dl class='gallery-item'>\n\t\t\t\t<dt class='gallery-icon landscape'>\n\t\t\t\t\t<a class=\"rollover rollover-zoom dt-pswp-item\" title=\"e812616f-eeb3-4584-a03b-2f4a97817adc\" data-dt-img-description=\"\" data-large_image_width=\"1600\" data-large_image_height=\"960\"href='https:\/\/www.radiopiu.net\/wordpress\/wp-content\/uploads\/2023\/12\/e812616f-eeb3-4584-a03b-2f4a97817adc.jpg'><img loading=\"lazy\" decoding=\"async\" width=\"150\" height=\"150\" src=\"https:\/\/www.radiopiu.net\/wordpress\/wp-content\/uploads\/2023\/12\/e812616f-eeb3-4584-a03b-2f4a97817adc-150x150.jpg\" class=\"attachment-thumbnail size-thumbnail\" alt=\"\" \/><\/a>\n\t\t\t\t<\/dt><\/dl><dl class='gallery-item'>\n\t\t\t\t<dt class='gallery-icon landscape'>\n\t\t\t\t\t<a class=\"rollover rollover-zoom dt-pswp-item\" title=\"f1885891-325b-4131-a8b9-804e6dba3481\" data-dt-img-description=\"\" data-large_image_width=\"1600\" data-large_image_height=\"930\"href='https:\/\/www.radiopiu.net\/wordpress\/wp-content\/uploads\/2023\/12\/f1885891-325b-4131-a8b9-804e6dba3481.jpg'><img loading=\"lazy\" decoding=\"async\" width=\"150\" height=\"150\" src=\"https:\/\/www.radiopiu.net\/wordpress\/wp-content\/uploads\/2023\/12\/f1885891-325b-4131-a8b9-804e6dba3481-150x150.jpg\" class=\"attachment-thumbnail size-thumbnail\" alt=\"\" \/><\/a>\n\t\t\t\t<\/dt><\/dl><br style=\"clear: both\" \/>\n\t\t\t<\/div>\n\n<p>&nbsp;<\/p>\n<hr \/>\n<p>&nbsp;<\/p>\n<blockquote>\n<h3>INTOSSICAZIONE DA FUMO A BES, TRAUMA CRANICO A LIVINALLONGO<\/h3>\n<\/blockquote>\n<p><strong><a class=\"dt-pswp-item\" href=\"https:\/\/www.radiopiu.net\/wordpress\/wp-content\/uploads\/2023\/08\/suem.png\" data-dt-img-description=\"\" data-large_image_width=\"273\" data-large_image_height=\"127\"><img loading=\"lazy\" decoding=\"async\" class=\" wp-image-348238 alignleft\" src=\"https:\/\/www.radiopiu.net\/wordpress\/wp-content\/uploads\/2023\/08\/suem.png\" alt=\"\" width=\"209\" height=\"97\" \/><\/a>REDAZIONE<\/strong> Sono due gli interventi del SUEM 118 nelle ultime ore. Poco prima di mezzogiorno i soccorsi sono stati chiamati a Bes di Belluno dove in seguito ad un incendio un uomo di di Trichiana di 55 anni \u00e8 stato portato al San Martino di Belluno per intossicazione da fumo. Alle 13:34 l&#8217;ambulanza \u00e8 stata chiamata a Livinallongo per soccorrere un tedesco di 53 anni in seguito ad un trauma cranico. Anche in questo caso il paziente \u00e8 stato portato al nosocomio di Belluno. Nel pomeriggio anche due incidenti stradali, a Borca di Cadore e a Foen di Feltre. In Cadore due feriti lievi di 69 e 14 anni, a Foen incidente pi\u00f9 serio con un Feltrino di 65 anni portato al Santa Maria del Prato con ferite di media gravit\u00e0. Sulle piste da sci 7 interventi: 4 a Cortina, 2 ad Arabba e uno ad Alleghe.<\/p>\n<div class=\"flex-1 overflow-hidden\">\n<div class=\"react-scroll-to-bottom--css-pznkp-79elbk h-full\">\n<div class=\"react-scroll-to-bottom--css-pznkp-1n7m0yu\">\n<div class=\"flex flex-col pb-9 text-sm\">\n<div class=\"w-full text-token-text-primary\" data-testid=\"conversation-turn-77\">\n<div class=\"px-4 py-2 justify-center text-base md:gap-6 m-auto\">\n<div class=\"flex flex-1 text-base mx-auto gap-3 md:px-5 lg:px-1 xl:px-5 md:max-w-3xl lg:max-w-[40rem] xl:max-w-[48rem] group final-completion\">\n<div class=\"relative flex w-full flex-col lg:w-[calc(100%-115px)] agent-turn\">\n<div class=\"flex-col gap-1 md:gap-3\">\n<div class=\"flex flex-grow flex-col max-w-full\">\n<div class=\"min-h-[20px] text-message flex flex-col items-start gap-3 whitespace-pre-wrap break-words [.text-message+&amp;]:mt-5 overflow-x-auto\" data-message-author-role=\"assistant\" data-message-id=\"6ffc5e2d-d9e0-492c-a8ea-17fa3f7196f5\">\n<div class=\"markdown prose w-full break-words dark:prose-invert dark\">\n<p>&nbsp;<\/p>\n<blockquote>\n<h2><strong>Incidente con Impianto di Aspirazione per Falegname di Bes<\/strong><\/h2>\n<\/blockquote>\n<p><strong>\u00a0BELLUNO<\/strong> Michele Dal Farra, un falegname di 55 anni di Bes, ha avuto un&#8217;improvvisa esposizione a fumo a causa di un guasto all&#8217;impianto di aspirazione durante il lavoro. Temendo un incendio, Dal Farra ha tentato di spegnerlo con estintori, ma i vigili del fuoco sono intervenuti spiegando che non era la soluzione migliore. Trasportato al Pronto Soccorso dell&#8217;ospedale San Martino, \u00e8 stato dimesso dopo esami di routine senza gravi conseguenze. Dal Farra, spaventato ma illeso, \u00e8 tornato al lavoro nel pomeriggio. L&#8217;intervento tempestivo ha evitato danni maggiori<\/p>\n<\/div>\n<\/div>\n<\/div>\n<div class=\"mt-1 flex justify-start gap-3 empty:hidden\"><\/div>\n<\/div>\n<\/div>\n<\/div>\n<\/div>\n<\/div>\n<\/div>\n<\/div>\n<\/div>\n<\/div>\n<p>&nbsp;<\/p>\n<p>&nbsp;<\/p>\n<blockquote>\n<h2>Incidente a Foen di Feltre: Frontale tra Golf e Pajero<\/h2>\n<\/blockquote>\n<p><strong><a class=\"dt-pswp-item\" href=\"https:\/\/www.radiopiu.net\/wordpress\/wp-content\/uploads\/2023\/12\/Senza-nome-53.png\" data-dt-img-description=\"\" data-large_image_width=\"271\" data-large_image_height=\"227\"><img loading=\"lazy\" decoding=\"async\" class=\"wp-image-366299 alignleft\" src=\"https:\/\/www.radiopiu.net\/wordpress\/wp-content\/uploads\/2023\/12\/Senza-nome-53.png\" alt=\"\" width=\"207\" height=\"173\" \/><\/a>FELTRE<\/strong> Ieri sera, alle 17, si \u00e8 verificato un incidente frontale a Foen di Feltre, coinvolgendo una Volkswagen Golf e un Mitsubishi Pajero. Il conducente del Pajero ha riportato ferite pi\u00f9 gravi, mentre l&#8217;altro conducente ha riportato ferite lievi. Entrambi sono stati portati al Santa Maria del Prato di Feltre per le cure necessarie. A causa dell&#8217;incidente, la circolazione stradale \u00e8 stata interrotta, con deviazioni su percorsi alternativi. Gli operatori di pronto intervento sono intervenuti sul posto, gestendo il traffico e fornendo assistenza alle vittime. La strada \u00e8 stata ripristinata solo dopo le 20, una volta completati i rilievi necessari e la pulizia della carreggiata. Gli inquirenti procederanno con le indagini per determinare le cause dell&#8217;incidente e accertare eventuali responsabilit\u00e0.<\/p>\n<p>&nbsp;<\/p>\n<p>&nbsp;<\/p>\n<hr \/>\n<p>&nbsp;<\/p>\n<p>&nbsp;<\/p>\n<blockquote>\n<h2>FELTRINO SEMPRE PIU&#8217; TERRA DI CONQUISTA, VINCONO ANCORA I LADRI<\/h2>\n<\/blockquote>\n<p><strong><img loading=\"lazy\" decoding=\"async\" class=\"alignleft\" src=\"https:\/\/www.radiopiu.net\/wordpress\/wp-content\/uploads\/2023\/12\/Senza-nome-54.png\" width=\"194\" height=\"115\" \/>FELTRE<\/strong> Hanno lanciato la sfida da tempo, soprattutto alla vigilia dei giorni di festa arrivano, agiscono, spaccano, rubano, infastidiscono e scappano impuniti. I controlli quindi sono tutt&#8217;altro che sufficienti. La comunit\u00e0 esprime preoccupazione e chiede interventi urgenti da troppo tempo feltrino e Valbelluna sono terra di conquista di bande e delinquenti.<\/p>\n<p><em>Gioved\u00ec scorso, nel tardo pomeriggio, una serie di furti ha scosso la tranquillit\u00e0 tra Feltre e Pedavena, con almeno tre episodi confermati e uno tentato. Uno degli obiettivi \u00e8 stata l&#8217;abitazione ad Anzu&#8217;, dove i malviventi hanno sfondato una finestra, ottenendo, per\u00f2, un bottino di scarso valore. In pieno centro a Feltre, altri due furti hanno causato danni significativi agli infissi e ai mobili. In entrambi i casi, i criminali sembrano essere stati alla ricerca di oro e contanti. La situazione ha destato preoccupazione tra i residenti, ma potrebbero esserci ulteriori vittime che non hanno ancora denunciato i furti. Le forze dell&#8217;ordine esortano tutti coloro che hanno subito danni o furti a contattare immediatamente le autorit\u00e0 competenti per segnalare gli episodi e contribuire alle indagini in corso. La comunit\u00e0 \u00e8 invitata a rimanere vigile e adottare precauzioni supplementari per proteggere la propria propriet\u00e0.<\/em><\/p>\n<p>&nbsp;<\/p>\n<p>&nbsp;<\/p>\n<hr \/>\n<p>&nbsp;<\/p>\n<blockquote>\n<h3>Cortina 2026: Il Progetto Light di Salvini Risparmia 20 Milioni sulla Pista da Bob<\/h3>\n<\/blockquote>\n<p><strong><img loading=\"lazy\" decoding=\"async\" class=\"alignleft\" src=\"https:\/\/www.radiopiu.net\/wordpress\/wp-content\/uploads\/2021\/04\/cortina_guide_bob.jpg\" width=\"322\" height=\"161\" \/>CORTINA\u00a0<\/strong> Il ministro delle Infrastrutture, Matteo Salvini, ha annunciato il rilancio del progetto della pista da bob a Cortina in vista delle Olimpiadi invernali del 2026. Tuttavia, il nuovo progetto presenta significativi tagli rispetto alla versione precedente, con un risparmio stimato di 20 milioni di euro. Il sindaco Gianluca Lorenzi, commentando la notizia, sottolinea che pur mantenendo lo stesso impianto per garantire l&#8217;omologazione del Comitato Olimpico Internazionale (CIO), ci saranno notevoli ridimensionamenti nelle dotazioni. In particolare, verranno eliminati parcheggi e ristorante, mentre l&#8217;apertura del museo sar\u00e0 rinviata. Il progetto light mira a mantenere l&#8217;essenziale per ospitare la competizione olimpica, riducendo al contempo i costi e semplificando la struttura. L&#8217;annuncio di Salvini rappresenta un ulteriore passo verso la realizzazione degli impianti necessari per le Olimpiadi del 2026, tenendo conto delle esigenze finanziarie e delle limitazioni di spesa.<\/p>\n<p>&nbsp;<\/p>\n<p>&nbsp;<\/p>\n<hr \/>\n<p>&nbsp;<\/p>\n<blockquote>\n<h3>DOLOMITIBUS: SIGLATO DA TUTTE LE ORGANIZZAZIONI SINDACALI ACCORDO CHE PREVEDE L\u2019AUMENTO DI 164 EURO AL MESE. VERRANNO RICONOSCIUTI ANCHE GLI ARRETRATI<\/h3>\n<\/blockquote>\n<p><strong><a class=\"dt-pswp-item\" href=\"https:\/\/www.radiopiu.net\/wordpress\/wp-content\/uploads\/2020\/06\/97384eec-d2d4-4e19-bdc9-7845fa51b71c.jpg\" data-dt-img-description=\"\" data-large_image_width=\"2048\" data-large_image_height=\"1536\"><img loading=\"lazy\" decoding=\"async\" class=\" wp-image-144908 alignleft\" src=\"https:\/\/www.radiopiu.net\/wordpress\/wp-content\/uploads\/2020\/06\/97384eec-d2d4-4e19-bdc9-7845fa51b71c-300x225.jpg\" alt=\"\" width=\"170\" height=\"128\" srcset=\"https:\/\/www.radiopiu.net\/wordpress\/wp-content\/uploads\/2020\/06\/97384eec-d2d4-4e19-bdc9-7845fa51b71c-300x225.jpg 300w, https:\/\/www.radiopiu.net\/wordpress\/wp-content\/uploads\/2020\/06\/97384eec-d2d4-4e19-bdc9-7845fa51b71c-1024x768.jpg 1024w, https:\/\/www.radiopiu.net\/wordpress\/wp-content\/uploads\/2020\/06\/97384eec-d2d4-4e19-bdc9-7845fa51b71c-768x576.jpg 768w, https:\/\/www.radiopiu.net\/wordpress\/wp-content\/uploads\/2020\/06\/97384eec-d2d4-4e19-bdc9-7845fa51b71c-1536x1152.jpg 1536w, https:\/\/www.radiopiu.net\/wordpress\/wp-content\/uploads\/2020\/06\/97384eec-d2d4-4e19-bdc9-7845fa51b71c.jpg 2048w\" sizes=\"auto, (max-width: 170px) 100vw, 170px\" \/><\/a>BELLUNO <\/strong>Dolomitibus ha firmato un accordo con tutte le federazioni sindacali di categoria, prevedendo un aumento di 6 euro al giorno (dal luned\u00ec al venerd\u00ec) e di 8 euro il sabato e nei giorni festivi per gli autisti in servizio. L&#8217;accordo include anche l&#8217;incremento dei buoni pasto a 8 euro e un percorso di confronto tecnico per ridurre i turni con lunghe soste fuori residenza. L&#8217;intesa, simile a un accordo del 19 ottobre respinto dai lavoratori, \u00e8 stata sottoscritta da Filt Cgil, Fit Cisl, Uilt Uil e Faisa Cisal. L&#8217;indennit\u00e0 di 164 euro al mese sar\u00e0 erogata dal 1\u00b0 ottobre, includendo arretrati di ottobre, novembre e dicembre, e sar\u00e0 mantenuta fino al rinnovo contrattuale nel 2024.<\/p>\n<p>&nbsp;<\/p>\n<p>&nbsp;<\/p>\n<hr \/>\n<p>&nbsp;<\/p>\n<p>&nbsp;<\/p>\n<blockquote>\n<h2>DILLO A RADIO PIU&#8217;&#8230;. L&#8217;AUTISTA DI DOLOMITIBUS LASCIA A PIEDI 30 BAMBINI A FALCADE<\/h2>\n<\/blockquote>\n<p><strong><a class=\"dt-pswp-item\" href=\"https:\/\/www.radiopiu.net\/wordpress\/wp-content\/uploads\/2020\/06\/4b299438-d3cd-4953-bb41-b739ff3291f9.jpg\" data-dt-img-description=\"\" data-large_image_width=\"2048\" data-large_image_height=\"1536\"><img loading=\"lazy\" decoding=\"async\" class=\"wp-image-144900 alignleft\" src=\"https:\/\/www.radiopiu.net\/wordpress\/wp-content\/uploads\/2020\/06\/4b299438-d3cd-4953-bb41-b739ff3291f9-300x225.jpg\" alt=\"\" width=\"193\" height=\"145\" srcset=\"https:\/\/www.radiopiu.net\/wordpress\/wp-content\/uploads\/2020\/06\/4b299438-d3cd-4953-bb41-b739ff3291f9-300x225.jpg 300w, https:\/\/www.radiopiu.net\/wordpress\/wp-content\/uploads\/2020\/06\/4b299438-d3cd-4953-bb41-b739ff3291f9-1024x768.jpg 1024w, https:\/\/www.radiopiu.net\/wordpress\/wp-content\/uploads\/2020\/06\/4b299438-d3cd-4953-bb41-b739ff3291f9-768x576.jpg 768w, https:\/\/www.radiopiu.net\/wordpress\/wp-content\/uploads\/2020\/06\/4b299438-d3cd-4953-bb41-b739ff3291f9-1536x1152.jpg 1536w, https:\/\/www.radiopiu.net\/wordpress\/wp-content\/uploads\/2020\/06\/4b299438-d3cd-4953-bb41-b739ff3291f9.jpg 2048w\" sizes=\"auto, (max-width: 193px) 100vw, 193px\" \/><\/a>REDAZIONE<\/strong> Questa volta della mamma pubblichiamo il vocale, con la speranza che i dirigenti della Dolomitibus, gli amministratori locali non ultimi quelli che guardano ad un nuovo mandato, quindi al futuro, di ascoltare con attenzione valutando anche l&#8217;inquietudine di questa mamma che si \u00e8 vista lasciare a piedi a Falcade anche i suoi piccoli&#8230; Sarebbe auspicabile una spiegazione dagli uffici centrali della grande azienda di trasporti orgoglio di questa provincia.<\/p>\n<p><em>mia figlia \u00e8 una di queste ragazze che sta sera appunto faranno il loro spettacolo a Caviola ,per fortuna abbiamo trovato l&#8217;altro autista che doveva fermarsi a Falcade che \u00e8 ritornato indietro caricandole tutte e portarle fin ad Agordo ,quindi grazie di cuore a questo autista e spero vivamente in una svista dell&#8217;altro che non si \u00e8 accorto, coincidenze ??Ciao Mirco ,mia figlia \u00e8 una di queste ragazze che sta sera appunto faranno il loro spettacolo a Caviola ,per fortuna abbiamo trovato l&#8217;altro autista che doveva fermarsi a Falcade che \u00e8 ritornato indietro caricandole tutte e portarle fin ad Agordo ,quindi grazie di cuore a questo autista e spero vivamente in una svista dell altro che non si \u00e8 accorto, coincidenze? Cellulare? O magari non abituato a tutte queste persone ferme alla fermata, per fortuna si \u00e8 risolto tutto per il meglio <\/em>\u00a0 (R)<\/p>\n<p>&nbsp;<\/p>\n<p><strong>AUDIO<\/strong><\/p>\n<audio class=\"wp-audio-shortcode\" id=\"audio-366101-3\" preload=\"none\" style=\"width: 100%;\" controls=\"controls\"><source type=\"audio\/mpeg\" src=\"https:\/\/www.radiopiu.net\/wordpress\/wp-content\/uploads\/2023\/12\/anoutcha.mp3?_=3\" \/><a href=\"https:\/\/www.radiopiu.net\/wordpress\/wp-content\/uploads\/2023\/12\/anoutcha.mp3\">https:\/\/www.radiopiu.net\/wordpress\/wp-content\/uploads\/2023\/12\/anoutcha.mp3<\/a><\/audio>\n<p>&nbsp;<\/p>\n<h1 class=\"western\">AICS<\/h1>\n<p align=\"CENTER\"><span style=\"font-family: Comic Sans MS, cursive;\"><span style=\"font-size: small;\">ADA<\/span><\/span><\/p>\n<p align=\"CENTER\"><span style=\"font-family: Comic Sans MS, cursive;\"><span style=\"font-size: small;\">Associazione sportiva dilettantistica danza agordina<\/span><\/span><\/p>\n<p align=\"CENTER\"><span style=\"font-family: Comic Sans MS, cursive;\"><span style=\"font-size: small;\">Viale Sommariva 15 A &#8211; 32021 Agordo(BL) telef 3488062103 -CF 93011090250<\/span><\/span><\/p>\n<p align=\"CENTER\"><span style=\"font-family: Comic Sans MS, cursive;\"><span style=\"font-size: small;\">Circolo AICS 25232 \u2013 registro regionale CONI 34442<\/span><\/span><\/p>\n<p align=\"CENTER\"><span style=\"font-family: Comic Sans MS, cursive;\"><span style=\"font-size: small;\">Registro regionale delle Persone Giuridiche di diritto privato n. 904<\/span><\/span><\/p>\n<p align=\"RIGHT\"><span style=\"font-family: Times New Roman, serif;\">Spett Dolomitibus<\/span><\/p>\n<p align=\"RIGHT\"><span style=\"font-family: Times New Roman, serif;\">Sede di Belluno<\/span><\/p>\n<p align=\"LEFT\"><span style=\"font-family: Times New Roman, serif;\">Oggetto: reclamo \/segnalazione<\/span><\/p>\n<p align=\"LEFT\"><span style=\"font-family: Times New Roman, serif;\">Con la presente si segnala un grave disservizio creatosi ieri nel tardo pomeriggio e relativo alla linea extraurbana Falcade \u2013 Taibon.<\/span><\/p>\n<p align=\"LEFT\"><span style=\"font-family: Times New Roman, serif;\">La nostra ASD danza Agordina avendo la necessit\u00e0 di effettuare delle prove a Caviola per uno spettacolo Natalizio, aveva tramite una propria incaricata avvisato nella giornata di mercoled\u00ec 13 dicembre il vostro sportello di Agordo della presenza di una quarantina di bambine e ragazze sulla corriera di andata da Agordo delle 18.28 di gioved\u00ec 14 e delle stesse sulla corriera da Caviola-cooperativa delle 18.20, tutte munite di biglietti regolari individuali.<\/span><\/p>\n<p align=\"LEFT\"><span style=\"font-family: Times New Roman, serif;\">La comitiva, salita regolarmente a Caviola e dopo aver effettuato le prove previste, si \u00e8 posizionata per il ritorno a lato strada , davanti alla Cooperativa di Caviola, alle 18.10 circa in attesa del mezzo: Questo \u00e8 arrivato in orario alle 18.20 circa ma non si \u00e8 fermato a raccoglierle nonostante si sbracciassero e richiamassero l\u2019attenzione con la voce . <\/span><\/p>\n<p align=\"LEFT\"><span style=\"font-family: Times New Roman, serif;\">Impossibile non si stata vista una comitiva di 40 persone . La corriera ha solo rallentato e poi ha proseguito accelerando in direzione Agordo. E\u2019 stata vista poi passare senza rallentare alla fermata di Taibon , dove i genitori stavano aspettando le ragazzine , visto che la corriera non avrebbe fatto servizio fino ad Agordo . <\/span><\/p>\n<p align=\"LEFT\"><span style=\"font-family: Times New Roman, serif;\">La comitiva era composta da una quarantina di ragazzine dai 9 ai 14 anni e da due accompagnatrici. <\/span><\/p>\n<p align=\"LEFT\"><span style=\"font-family: Times New Roman, serif;\">Una di esse ha poi fermato la corriera che saliva da Agordo spiegando la situazione in cui erano venute a trovarsi: l\u2019autista le ha caricate a bordo portandole fino a Falcade e poi scendendo fino ad Agordo.<\/span><\/p>\n<p align=\"LEFT\"><span style=\"font-family: Times New Roman, serif;\">Solo grazie alla gentilezza e al senso di responsabilit\u00e0 di questo autista ( che vi preghiamo di ringraziare) si \u00e8 riusciti a portare a casa le 40 ragazzine , che altrimenti avrebbero dovuto aspettare al freddo di esser recuperate ( forse) dai genitori, abitanti tutti nella conca agordina e non tutti con disponibilit\u00e0 a salire a Caviola ( per questo era stata scelta la corriera di linea).<\/span><\/p>\n<p align=\"LEFT\"><span style=\"font-family: Times New Roman, serif;\">Si segnala l\u2019accaduto come ennesima prova dei disservizi che si stanno creando a danno dell\u2019utenza in questo periodo, disservizio tanto pi\u00f9 grave in quanto ha coinvolto ragazzine sotto i 14 anni e a ora tarda. <\/span><\/p>\n<p align=\"LEFT\"><span style=\"font-family: Times New Roman, serif;\"> Per ASD Danza Agordina<\/span><\/p>\n<p align=\"LEFT\"><span style=\"font-family: Times New Roman, serif;\">Il presidente (Maria Rosa Salmazo)\u00a0\u00a0<\/span><\/p>\n<hr \/>\n<p>&nbsp;<\/p>\n<blockquote>\n<h2><strong>Attacco informatico al data center: Il Comune di Sedico alle prese con le difficolt\u00e0<\/strong><\/h2>\n<\/blockquote>\n<p><strong><a class=\"dt-pswp-item\" href=\"https:\/\/www.radiopiu.net\/wordpress\/wp-content\/uploads\/2022\/10\/SEDICO.png\" data-dt-img-description=\"\" data-large_image_width=\"479\" data-large_image_height=\"293\"><img loading=\"lazy\" decoding=\"async\" class=\" wp-image-302964 alignleft\" src=\"https:\/\/www.radiopiu.net\/wordpress\/wp-content\/uploads\/2022\/10\/SEDICO-300x184.png\" alt=\"\" width=\"276\" height=\"169\" srcset=\"https:\/\/www.radiopiu.net\/wordpress\/wp-content\/uploads\/2022\/10\/SEDICO-300x184.png 300w, https:\/\/www.radiopiu.net\/wordpress\/wp-content\/uploads\/2022\/10\/SEDICO.png 479w\" sizes=\"auto, (max-width: 276px) 100vw, 276px\" \/><\/a>SEDICO<\/strong> A una settimana dall&#8217;attacco informatico al data center della West Pole, che fornisce servizi amministrativi a numerosi enti pubblici in Italia, il Comune di Sedico continua a risentire delle conseguenze. L&#8217;accesso alle banche dati \u00e8 compromesso, rendendo alcuni servizi erogabili solo manualmente, come i servizi demografici (anagrafe, stato civile, elettorale) e in parte l&#8217;attivit\u00e0 di protocollo. L&#8217;albo pretorio \u00e8 fuori uso, ma \u00e8 stato istituito un albo temporaneo sul sito comunale per informare la cittadinanza. Coloro che necessitano di servizi anagrafici online sono invitati a rivolgersi allo sportello nazionale Anpr per richiedere certificati e effettuare alcune operazioni. Per quanto riguarda il servizio di mensa scolastica, le famiglie non possono utilizzare la procedura online per la disdetta dei pasti. Il Comune ha attivato un canale informativo con l&#8217;istituto comprensivo per ricevere i dati delle presenze degli scolari giornalmente. Non \u00e8 necessario inviare mail all&#8217;ufficio servizi scolastici per disdette singole; tuttavia, per iscrizioni o cancellazioni dal servizio mensa, \u00e8 possibile contattare la mail <a href=\"mailto:serviziscolastici@comune.sedico.bl.it\" target=\"_new\" rel=\"noopener\">serviziscolastici@comune.sedico.bl.it<\/a>.<\/p>\n<div class=\"w-full pt-2 md:pt-0 dark:border-white\/20 md:border-transparent md:dark:border-transparent md:w-[calc(100%-.5rem)]\">\n<form class=\"stretch mx-2 flex flex-row gap-3 last:mb-2 md:mx-4 md:last:mb-6 lg:mx-auto lg:max-w-2xl xl:max-w-3xl\">\n<div class=\"relative flex h-full flex-1 items-stretch md:flex-col\">\n<div class=\"flex w-full items-center\"><\/div>\n<\/div>\n<\/form>\n<\/div>\n<p>&nbsp;<\/p>\n<p>&nbsp;<\/p>\n<hr \/>\n<p>&nbsp;<\/p>\n<blockquote>\n<h3>CORTINABANCA E CFS CONSEGNANO LE BORSE DI STUDIO AD OLTRE 300 STUDENTI<\/h3>\n<\/blockquote>\n<p><strong><a class=\"dt-pswp-item\" href=\"https:\/\/www.radiopiu.net\/wordpress\/wp-content\/uploads\/2023\/12\/055aa70e-bb09-4022-988c-c625ce7fea0d.jpg\" data-dt-img-description=\"\" data-large_image_width=\"1024\" data-large_image_height=\"768\"><img loading=\"lazy\" decoding=\"async\" class=\" wp-image-366252 alignleft\" src=\"https:\/\/www.radiopiu.net\/wordpress\/wp-content\/uploads\/2023\/12\/055aa70e-bb09-4022-988c-c625ce7fea0d-300x225.jpg\" alt=\"\" width=\"159\" height=\"119\" srcset=\"https:\/\/www.radiopiu.net\/wordpress\/wp-content\/uploads\/2023\/12\/055aa70e-bb09-4022-988c-c625ce7fea0d-300x225.jpg 300w, https:\/\/www.radiopiu.net\/wordpress\/wp-content\/uploads\/2023\/12\/055aa70e-bb09-4022-988c-c625ce7fea0d-768x576.jpg 768w, https:\/\/www.radiopiu.net\/wordpress\/wp-content\/uploads\/2023\/12\/055aa70e-bb09-4022-988c-c625ce7fea0d.jpg 1024w\" sizes=\"auto, (max-width: 159px) 100vw, 159px\" \/><\/a>BELLUNO<\/strong> Grande festa al Teatro Buzzati di Belluno per la consegna delle borse di studio di CortinaBanca e dei diplomi del Centro di Formazione e Sicurezza di Sedico; un binomio che sta trovando un&#8217;importante collaborazione anche nel convitto scolastico.<\/p>\n<p><strong>DI DANIELE DALVIT<\/strong><\/p>\n<audio class=\"wp-audio-shortcode\" id=\"audio-366101-4\" preload=\"none\" style=\"width: 100%;\" controls=\"controls\"><source type=\"audio\/mpeg\" src=\"https:\/\/www.radiopiu.net\/wordpress\/wp-content\/uploads\/2023\/12\/DALVIT-Borse-studio-CortinaBanca-e-CFS-2023.mp3?_=4\" \/><a href=\"https:\/\/www.radiopiu.net\/wordpress\/wp-content\/uploads\/2023\/12\/DALVIT-Borse-studio-CortinaBanca-e-CFS-2023.mp3\">https:\/\/www.radiopiu.net\/wordpress\/wp-content\/uploads\/2023\/12\/DALVIT-Borse-studio-CortinaBanca-e-CFS-2023.mp3<\/a><\/audio>\n<p>&nbsp;<\/p>\n<hr \/>\n<p>&nbsp;<\/p>\n<blockquote>\n<h3>A BELLUNO IL CONVEGNO PICCOLE SCUOLE PICCOLI COMUNI<\/h3>\n<\/blockquote>\n<p><strong><a class=\"dt-pswp-item\" href=\"https:\/\/www.radiopiu.net\/wordpress\/wp-content\/uploads\/2023\/12\/2222-2023-foto-2-2.jpeg\" data-dt-img-description=\"\" data-large_image_width=\"1280\" data-large_image_height=\"960\"><img loading=\"lazy\" decoding=\"async\" class=\" wp-image-366210 alignleft\" src=\"https:\/\/www.radiopiu.net\/wordpress\/wp-content\/uploads\/2023\/12\/2222-2023-foto-2-2-300x225.jpeg\" alt=\"\" width=\"163\" height=\"122\" srcset=\"https:\/\/www.radiopiu.net\/wordpress\/wp-content\/uploads\/2023\/12\/2222-2023-foto-2-2-300x225.jpeg 300w, https:\/\/www.radiopiu.net\/wordpress\/wp-content\/uploads\/2023\/12\/2222-2023-foto-2-2-1024x768.jpeg 1024w, https:\/\/www.radiopiu.net\/wordpress\/wp-content\/uploads\/2023\/12\/2222-2023-foto-2-2-768x576.jpeg 768w, https:\/\/www.radiopiu.net\/wordpress\/wp-content\/uploads\/2023\/12\/2222-2023-foto-2-2.jpeg 1280w\" sizes=\"auto, (max-width: 163px) 100vw, 163px\" \/><\/a>BELLUNO<\/strong> L&#8217;Assessore all&#8217;Istruzione della Regione del Veneto, Elena Donazzan, ha sottolineato l&#8217;importanza di ripensare il ruolo delle piccole scuole nel contesto territoriale e comunitario. Durante il convegno &#8220;Piccole scuole, piccoli comuni: proposte per il futuro&#8221; a Belluno, ha evidenziato la necessit\u00e0 di coinvolgere attivamente genitori, insegnanti e studenti per comprendere le esigenze locali e costruire strategie sostenibili per il futuro. Donazzan ha anche menzionato il finanziamento della Regione per lo studio e l&#8217;analisi del tema delle piccole scuole da parte dell&#8217;Universit\u00e0 Iuav di Venezia e di INDIRE. Ha sottolineato la sfida del dimensionamento scolastico e la necessit\u00e0 di considerare le diverse realt\u00e0 territoriali nelle decisioni sulla distribuzione del patrimonio educativo e culturale<\/p>\n<p>&nbsp;<\/p>\n<p>&nbsp;<\/p>\n<hr \/>\n<p>&nbsp;<\/p>\n<blockquote>\n<h3>SUOR AGNESE GRONES CHIEDE AIUTO DALLA MISSIONE IN PAKISTAN<\/h3>\n<\/blockquote>\n<p><strong><a class=\"dt-pswp-item\" href=\"https:\/\/www.radiopiu.net\/wordpress\/wp-content\/uploads\/2023\/12\/suor-agnese-grones-1.jpg\" data-dt-img-description=\"\" data-large_image_width=\"600\" data-large_image_height=\"800\"><img loading=\"lazy\" decoding=\"async\" class=\" wp-image-366239 alignleft\" src=\"https:\/\/www.radiopiu.net\/wordpress\/wp-content\/uploads\/2023\/12\/suor-agnese-grones-1-225x300.jpg\" alt=\"\" width=\"118\" height=\"157\" srcset=\"https:\/\/www.radiopiu.net\/wordpress\/wp-content\/uploads\/2023\/12\/suor-agnese-grones-1-225x300.jpg 225w, https:\/\/www.radiopiu.net\/wordpress\/wp-content\/uploads\/2023\/12\/suor-agnese-grones-1.jpg 600w\" sizes=\"auto, (max-width: 118px) 100vw, 118px\" \/><\/a>LIVINALLONGO<\/strong><\/p>\n<p>DI LORENZO SORATROI<\/p>\n<audio class=\"wp-audio-shortcode\" id=\"audio-366101-5\" preload=\"none\" style=\"width: 100%;\" controls=\"controls\"><source type=\"audio\/mpeg\" src=\"https:\/\/www.radiopiu.net\/wordpress\/wp-content\/uploads\/2023\/12\/SORATROI-SUOR-AGNESE-GRONES-CHIEDE-AIUTO-NELLA-MISSIONE-IN-PAKISTAN.mp3?_=5\" \/><a href=\"https:\/\/www.radiopiu.net\/wordpress\/wp-content\/uploads\/2023\/12\/SORATROI-SUOR-AGNESE-GRONES-CHIEDE-AIUTO-NELLA-MISSIONE-IN-PAKISTAN.mp3\">https:\/\/www.radiopiu.net\/wordpress\/wp-content\/uploads\/2023\/12\/SORATROI-SUOR-AGNESE-GRONES-CHIEDE-AIUTO-NELLA-MISSIONE-IN-PAKISTAN.mp3<\/a><\/audio>\n<p>&nbsp;<\/p>\n<p>&nbsp;<\/p>\n<hr \/>\n<p>&nbsp;<\/p>\n<blockquote>\n<h3><strong>Avvio dei Lavori di Consolidamento ai &#8220;Cingolani&#8221; di Feltre il 8 Gennaio<\/strong><\/h3>\n<\/blockquote>\n<p><strong><a class=\"dt-pswp-item\" href=\"https:\/\/www.radiopiu.net\/wordpress\/wp-content\/uploads\/2023\/12\/Palazzetti-Cingolani.jpg\" data-dt-img-description=\"\" data-large_image_width=\"1920\" data-large_image_height=\"1080\"><img loading=\"lazy\" decoding=\"async\" class=\"wp-image-366196 alignleft\" src=\"https:\/\/www.radiopiu.net\/wordpress\/wp-content\/uploads\/2023\/12\/Palazzetti-Cingolani-300x169.jpg\" alt=\"\" width=\"243\" height=\"137\" srcset=\"https:\/\/www.radiopiu.net\/wordpress\/wp-content\/uploads\/2023\/12\/Palazzetti-Cingolani-300x169.jpg 300w, https:\/\/www.radiopiu.net\/wordpress\/wp-content\/uploads\/2023\/12\/Palazzetti-Cingolani-1024x576.jpg 1024w, https:\/\/www.radiopiu.net\/wordpress\/wp-content\/uploads\/2023\/12\/Palazzetti-Cingolani-768x432.jpg 768w, https:\/\/www.radiopiu.net\/wordpress\/wp-content\/uploads\/2023\/12\/Palazzetti-Cingolani-1536x864.jpg 1536w, https:\/\/www.radiopiu.net\/wordpress\/wp-content\/uploads\/2023\/12\/Palazzetti-Cingolani.jpg 1920w\" sizes=\"auto, (max-width: 243px) 100vw, 243px\" \/><\/a>FELTRE\u00a0<\/strong> Il cantiere per il consolidamento e l&#8217;adeguamento sismico dei Palazzetti Bovio-Da Romagno, noti come &#8220;Cingolani&#8221;, inizier\u00e0 il prossimo 8 gennaio. L&#8217;intervento, con un investimento totale di 1,1 milioni di euro, sar\u00e0 suddiviso in fasi, partendo dal piano terra e procedendo verso la sommit\u00e0 dell&#8217;edificio. L&#8217;Ufficio Turistico sar\u00e0 temporaneamente trasferito a Palazzo Gazzi durante i lavori. L&#8217;assessore ai lavori pubblici, Andrea Bona, esprime l&#8217;auspicio che il cantiere proceda senza intoppi. La sede dell&#8217;Ufficio Commercio Associato dell&#8217;UMF, con il SUAP associato, sar\u00e0 spostata nello stesso periodo.<\/p>\n<p><strong>L&#8217;ASSESSORE ANDREA BONA\u00a0<\/strong><\/p>\n<audio class=\"wp-audio-shortcode\" id=\"audio-366101-6\" preload=\"none\" style=\"width: 100%;\" controls=\"controls\"><source type=\"audio\/mpeg\" src=\"https:\/\/www.radiopiu.net\/wordpress\/wp-content\/uploads\/2023\/12\/Audio-Andrea-Bona.mp3?_=6\" \/><a href=\"https:\/\/www.radiopiu.net\/wordpress\/wp-content\/uploads\/2023\/12\/Audio-Andrea-Bona.mp3\">https:\/\/www.radiopiu.net\/wordpress\/wp-content\/uploads\/2023\/12\/Audio-Andrea-Bona.mp3<\/a><\/audio>\n<p>&nbsp;<\/p>\n<p>&nbsp;<\/p>\n<hr \/>\n<p>&nbsp;<\/p>\n<blockquote>\n<h2><strong>Progetto di Nuova Palestra per le Scuole Medie ad Agordo<\/strong><\/h2>\n<\/blockquote>\n<p><a class=\"dt-pswp-item\" href=\"https:\/\/www.radiopiu.net\/wordpress\/wp-content\/uploads\/2023\/12\/Senza-nome-52.png\" data-dt-img-description=\"\" data-large_image_width=\"182\" data-large_image_height=\"100\"><img loading=\"lazy\" decoding=\"async\" class=\"size-full wp-image-366294 alignleft\" src=\"https:\/\/www.radiopiu.net\/wordpress\/wp-content\/uploads\/2023\/12\/Senza-nome-52.png\" alt=\"\" width=\"182\" height=\"100\" \/><\/a><\/p>\n<p><strong>AGORDO <\/strong>Verr\u00e0 commissionato uno studio di fattibilit\u00e0 tecnico-economico per valutare la demolizione e la ricostruzione della parte superiore della palestra. L&#8217;impegno economico necessario emerger\u00e0 dallo studio di fattibilit\u00e0, ma un&#8217;ipotesi preliminare suggerisce una cifra intorno ai 600 mila euro.<\/p>\n<p>&nbsp;<\/p>\n<p>&nbsp;<\/p>\n<p>di GIANNI SANTOMASO<\/p>\n<audio class=\"wp-audio-shortcode\" id=\"audio-366101-7\" preload=\"none\" style=\"width: 100%;\" controls=\"controls\"><source type=\"audio\/mpeg\" src=\"https:\/\/www.radiopiu.net\/wordpress\/wp-content\/uploads\/2023\/12\/gianni-agordo-scuola.mp3?_=7\" \/><a href=\"https:\/\/www.radiopiu.net\/wordpress\/wp-content\/uploads\/2023\/12\/gianni-agordo-scuola.mp3\">https:\/\/www.radiopiu.net\/wordpress\/wp-content\/uploads\/2023\/12\/gianni-agordo-scuola.mp3<\/a><\/audio>\n<p>&nbsp;<\/p>\n<p>&nbsp;<\/p>\n<hr \/>\n<p>&nbsp;<\/p>\n<p>&nbsp;<\/p>\n<p><strong><a class=\"dt-pswp-item\" href=\"https:\/\/www.radiopiu.net\/wordpress\/wp-content\/uploads\/2023\/12\/ANTENNA.png\" data-dt-img-description=\"\" data-large_image_width=\"300\" data-large_image_height=\"166\"><img loading=\"lazy\" decoding=\"async\" class=\" wp-image-366306 alignleft\" src=\"https:\/\/www.radiopiu.net\/wordpress\/wp-content\/uploads\/2023\/12\/ANTENNA.png\" alt=\"\" width=\"217\" height=\"120\" \/><\/a>IERI SERA DAL TG DI ANTENNA 3, ALLE 19.30 SUL CANALE 10 DEL DIGITALE TERRESTRE. OGNI SERA ALLE 19 LE ANTICIPAZIONI DEL TG ALLA RADIO, I TITOLI CON TIZIANA BOLOGNANI<\/strong><\/p>\n<blockquote>\n<h3 class=\"_title post-title entry-title\">ACC, STORIE DI ORDINARIA FOLLIA ALLA VIGILIA DI NATALE. L\u2019IRA DEI SINDACATI<\/h3>\n<\/blockquote>\n<p>DI TIZIANA BOLOGNANI Intervistati STEFANO BONA (SEGRETARIO GENERALE FIOM CGIL BELLUNO), MAURO ZUGLIAN (SEGRETARIO FIM CISL BELLUNO), CRISTIAN BOSCHERINI (SEGRETARIO UILM BELLUNO)<\/p>\n<p><iframe loading=\"lazy\" title=\"ACC, STORIE DI ORDINARIA FOLLIA ALLA VIGILIA DI NATALE. L&#039;IRA DEI SINDACATI | 15\/12\/2023\" width=\"1200\" height=\"675\" src=\"https:\/\/www.youtube.com\/embed\/bN-vaQYIiiY?feature=oembed\" frameborder=\"0\" allow=\"accelerometer; autoplay; clipboard-write; encrypted-media; gyroscope; picture-in-picture; web-share\" allowfullscreen><\/iframe><\/p>\n<blockquote>\n<h3 class=\"_title post-title entry-title\">\u00a01\u00b0 PREMIO NAZIONALE \u2018TINA MERLIN\u2019, DOMANI LA PROCLAMAZIONE DEL VINCITORE<\/h3>\n<p><strong>DI TIZIANA BOLOGNANI<\/strong><\/p><\/blockquote>\n<p>Intervistati ALESSANDRA COSTANTE (SEGRETARIA GENERALE FNSI)<\/p>\n<p>&nbsp;<\/p>\n<p>https:\/\/youtu.be\/tUc2uxz6c5Q<\/p>\n<p>&nbsp;<\/p>\n<p>&nbsp;<\/p>\n<hr \/>\n<p>&nbsp;<\/p>\n<blockquote>\n<h3>LA GIORNATA NAZIONALE DELLO SPAZIO<\/h3>\n<\/blockquote>\n<p><strong><a class=\"dt-pswp-item\" href=\"https:\/\/www.radiopiu.net\/wordpress\/wp-content\/uploads\/2020\/05\/Luca-De-Carlo.jpg\" data-dt-img-description=\"\" data-large_image_width=\"165\" data-large_image_height=\"228\"><img loading=\"lazy\" decoding=\"async\" class=\" wp-image-138787 alignleft\" src=\"https:\/\/www.radiopiu.net\/wordpress\/wp-content\/uploads\/2020\/05\/Luca-De-Carlo.jpg\" alt=\"\" width=\"95\" height=\"131\" \/><\/a>ROMA<\/strong> Il senatore Luca De Carlo ha delineato i pilastri fondamentali per lo sviluppo del settore aerospaziale in Italia. Durante un evento alla Camera dei Deputati in occasione della Giornata dello Spazio 2023, De Carlo ha sottolineato l&#8217;importanza degli investimenti nell&#8217;innovazione, la necessit\u00e0 di un settore pubblico con dipendenti formati per affrontare le sfide e una cornice normativa chiara. Ha enfatizzato il ruolo cruciale della formazione dei giovani per sostenere l&#8217;innovazione e rendere attraenti i posti di lavoro nelle pubbliche amministrazioni. Inoltre, ha evidenziato la necessit\u00e0 di una revisione del Codice degli appalti per consentire affidamenti ed esecuzione lavori pi\u00f9 rapidi e efficienti, particolarmente essenziali in un settore ad alta tecnologia come l&#8217;aerospaziale.<\/p>\n<p>&nbsp;<\/p>\n<p>&nbsp;<\/p>\n<hr \/>\n<p>&nbsp;<\/p>\n<blockquote>\n<h3>UN CANTO DI NATALE CON L&#8217;ULSS 1 DOLOMITI<\/h3>\n<\/blockquote>\n<p><strong><a class=\"dt-pswp-item\" href=\"https:\/\/www.radiopiu.net\/wordpress\/wp-content\/uploads\/2023\/12\/LJGDA.png\" data-dt-img-description=\"\" data-large_image_width=\"952\" data-large_image_height=\"674\"><img loading=\"lazy\" decoding=\"async\" class=\" wp-image-366213 alignleft\" src=\"https:\/\/www.radiopiu.net\/wordpress\/wp-content\/uploads\/2023\/12\/LJGDA-300x212.png\" alt=\"\" width=\"185\" height=\"131\" srcset=\"https:\/\/www.radiopiu.net\/wordpress\/wp-content\/uploads\/2023\/12\/LJGDA-300x212.png 300w, https:\/\/www.radiopiu.net\/wordpress\/wp-content\/uploads\/2023\/12\/LJGDA-768x544.png 768w, https:\/\/www.radiopiu.net\/wordpress\/wp-content\/uploads\/2023\/12\/LJGDA.png 952w\" sizes=\"auto, (max-width: 185px) 100vw, 185px\" \/><\/a>BELLUNO <\/strong>Il Dipartimento delle Dipendenze dell&#8217;Ulss Dolomiti, con il patrocinio del Comune di Feltre, organizza per marted\u00ec alle 20.30 al Officinema di Feltre lo spettacolo teatrale tratto dal racconto di C. Dickens, &#8220;Un canto di Natale&#8221;, a cura di Luca Mauceri, interamente riscritto e tradotto dallo stesso attore. Il racconto di Dickens, che parla di disuguaglianza, di alienazione, di potere, di povert\u00e0, risulta quanto mai attuale nel suo messaggio di speranza e bont\u00e0. L\u2019iniziativa vuole essere un momento di condivisione con gli utenti e le loro famiglie, la cittadinanza e gli operatori sanitari e di ringraziamento a tutte le associazioni di volontariato che hanno collaborato con il Dipartimento delle Dipendenze. L\u2019evento rappresenta anche la conclusione di tutti i progetti realizzati negli ultimi tre anni, nell\u2019ambito del Piano Triennale Regionale per le Dipendenze.<\/p>\n<p>&nbsp;<\/p>\n<p>&nbsp;<\/p>\n<hr \/>\n<p>&nbsp;<\/p>\n<blockquote>\n<h3>LE LUMINARIE DI NATALE SULLA PIANA DI FALCADE<\/h3>\n<\/blockquote>\n<p><strong>FALCADE<\/strong> L&#8217;illuminazione natalizia a Falcade da alcuni anni \u00e8 particolare e suggestiva, Questo grazie al Gruppo Michelotti che da tempo prepara al meglio la Piana di Falcade. Anche l&#8217;albero quest&#8217;anno \u00e8 particolare con un adorno ad hoc. Tre mila metri di cavo di luci e 360 mila lampadine.<\/p>\n<p><strong>CRISTIAN MASSARENTI<\/strong><\/p>\n<audio class=\"wp-audio-shortcode\" id=\"audio-366101-8\" preload=\"none\" style=\"width: 100%;\" controls=\"controls\"><source type=\"audio\/mpeg\" src=\"https:\/\/www.radiopiu.net\/wordpress\/wp-content\/uploads\/2023\/12\/CRISTIAN-LUMINARIE-FALCADE.mp3?_=8\" \/><a href=\"https:\/\/www.radiopiu.net\/wordpress\/wp-content\/uploads\/2023\/12\/CRISTIAN-LUMINARIE-FALCADE.mp3\">https:\/\/www.radiopiu.net\/wordpress\/wp-content\/uploads\/2023\/12\/CRISTIAN-LUMINARIE-FALCADE.mp3<\/a><\/audio>\n<p>&nbsp;<\/p>\n\n\t\t\t<style type='text\/css'>\n\t\t\t\t#gallery-2 {\n\t\t\t\t\tmargin: auto;\n\t\t\t\t}\n\t\t\t\t#gallery-2 .gallery-item {\n\t\t\t\t\tfloat: left;\n\t\t\t\t\tmargin-top: 10px;\n\t\t\t\t\ttext-align: center;\n\t\t\t\t\twidth: 16%;\n\t\t\t\t}\n\t\t\t\t#gallery-2 img {\n\t\t\t\t\tborder: 2px solid #cfcfcf;\n\t\t\t\t}\n\t\t\t\t#gallery-2 .gallery-caption {\n\t\t\t\t\tmargin-left: 0;\n\t\t\t\t}\n\t\t\t\t\/* see gallery_shortcode() in wp-includes\/media.php *\/\n\t\t\t<\/style>\n\t\t<div id='gallery-2' class='dt-gallery-container gallery galleryid-366101 gallery-columns-6 gallery-size-thumbnail'><dl class='gallery-item'>\n\t\t\t\t<dt class='gallery-icon portrait'>\n\t\t\t\t\t<a class=\"rollover rollover-zoom dt-pswp-item\" title=\"9a784eb1-63be-4a17-89df-91627c9f9555\" data-dt-img-description=\"\" data-large_image_width=\"1536\" data-large_image_height=\"2048\"href='https:\/\/www.radiopiu.net\/wordpress\/wp-content\/uploads\/2023\/12\/9a784eb1-63be-4a17-89df-91627c9f9555.jpg'><img loading=\"lazy\" decoding=\"async\" width=\"150\" height=\"150\" src=\"https:\/\/www.radiopiu.net\/wordpress\/wp-content\/uploads\/2023\/12\/9a784eb1-63be-4a17-89df-91627c9f9555-150x150.jpg\" class=\"attachment-thumbnail size-thumbnail\" alt=\"\" \/><\/a>\n\t\t\t\t<\/dt><\/dl><dl class='gallery-item'>\n\t\t\t\t<dt class='gallery-icon portrait'>\n\t\t\t\t\t<a class=\"rollover rollover-zoom dt-pswp-item\" title=\"c6ea1228-ab77-4d81-b225-a33543075f83\" data-dt-img-description=\"\" data-large_image_width=\"1536\" data-large_image_height=\"2048\"href='https:\/\/www.radiopiu.net\/wordpress\/wp-content\/uploads\/2023\/12\/c6ea1228-ab77-4d81-b225-a33543075f83.jpg'><img loading=\"lazy\" decoding=\"async\" width=\"150\" height=\"150\" src=\"https:\/\/www.radiopiu.net\/wordpress\/wp-content\/uploads\/2023\/12\/c6ea1228-ab77-4d81-b225-a33543075f83-150x150.jpg\" class=\"attachment-thumbnail size-thumbnail\" alt=\"\" \/><\/a>\n\t\t\t\t<\/dt><\/dl><dl class='gallery-item'>\n\t\t\t\t<dt class='gallery-icon portrait'>\n\t\t\t\t\t<a class=\"rollover rollover-zoom dt-pswp-item\" title=\"9cbf1264-e6ad-4346-94c4-1983af540918\" data-dt-img-description=\"\" data-large_image_width=\"1536\" data-large_image_height=\"2048\"href='https:\/\/www.radiopiu.net\/wordpress\/wp-content\/uploads\/2023\/12\/9cbf1264-e6ad-4346-94c4-1983af540918.jpg'><img loading=\"lazy\" decoding=\"async\" width=\"150\" height=\"150\" src=\"https:\/\/www.radiopiu.net\/wordpress\/wp-content\/uploads\/2023\/12\/9cbf1264-e6ad-4346-94c4-1983af540918-150x150.jpg\" class=\"attachment-thumbnail size-thumbnail\" alt=\"\" \/><\/a>\n\t\t\t\t<\/dt><\/dl><dl class='gallery-item'>\n\t\t\t\t<dt class='gallery-icon portrait'>\n\t\t\t\t\t<a class=\"rollover rollover-zoom dt-pswp-item\" title=\"8a27f40e-2998-44fb-a110-a25724602635\" data-dt-img-description=\"\" data-large_image_width=\"1152\" data-large_image_height=\"2048\"href='https:\/\/www.radiopiu.net\/wordpress\/wp-content\/uploads\/2023\/12\/8a27f40e-2998-44fb-a110-a25724602635.jpg'><img loading=\"lazy\" decoding=\"async\" width=\"150\" height=\"150\" src=\"https:\/\/www.radiopiu.net\/wordpress\/wp-content\/uploads\/2023\/12\/8a27f40e-2998-44fb-a110-a25724602635-150x150.jpg\" class=\"attachment-thumbnail size-thumbnail\" alt=\"\" \/><\/a>\n\t\t\t\t<\/dt><\/dl><dl class='gallery-item'>\n\t\t\t\t<dt class='gallery-icon portrait'>\n\t\t\t\t\t<a class=\"rollover rollover-zoom dt-pswp-item\" title=\"aad0f770-a056-4520-a4de-47a5468afef1\" data-dt-img-description=\"\" data-large_image_width=\"1152\" data-large_image_height=\"2048\"href='https:\/\/www.radiopiu.net\/wordpress\/wp-content\/uploads\/2023\/12\/aad0f770-a056-4520-a4de-47a5468afef1.jpg'><img loading=\"lazy\" decoding=\"async\" width=\"150\" height=\"150\" src=\"https:\/\/www.radiopiu.net\/wordpress\/wp-content\/uploads\/2023\/12\/aad0f770-a056-4520-a4de-47a5468afef1-150x150.jpg\" class=\"attachment-thumbnail size-thumbnail\" alt=\"\" \/><\/a>\n\t\t\t\t<\/dt><\/dl><dl class='gallery-item'>\n\t\t\t\t<dt class='gallery-icon portrait'>\n\t\t\t\t\t<a class=\"rollover rollover-zoom dt-pswp-item\" title=\"b528ca36-b4b6-4619-82d1-89101d4b9a92\" data-dt-img-description=\"\" data-large_image_width=\"1152\" data-large_image_height=\"2048\"href='https:\/\/www.radiopiu.net\/wordpress\/wp-content\/uploads\/2023\/12\/b528ca36-b4b6-4619-82d1-89101d4b9a92.jpg'><img loading=\"lazy\" decoding=\"async\" width=\"150\" height=\"150\" src=\"https:\/\/www.radiopiu.net\/wordpress\/wp-content\/uploads\/2023\/12\/b528ca36-b4b6-4619-82d1-89101d4b9a92-150x150.jpg\" class=\"attachment-thumbnail size-thumbnail\" alt=\"\" \/><\/a>\n\t\t\t\t<\/dt><\/dl><br style=\"clear: both\" \/><dl class='gallery-item'>\n\t\t\t\t<dt class='gallery-icon portrait'>\n\t\t\t\t\t<a class=\"rollover rollover-zoom dt-pswp-item\" title=\"b9742743-9459-4d18-a101-55b09be4e346\" data-dt-img-description=\"\" data-large_image_width=\"1542\" data-large_image_height=\"2048\"href='https:\/\/www.radiopiu.net\/wordpress\/wp-content\/uploads\/2023\/12\/b9742743-9459-4d18-a101-55b09be4e346.jpg'><img loading=\"lazy\" decoding=\"async\" width=\"150\" height=\"150\" src=\"https:\/\/www.radiopiu.net\/wordpress\/wp-content\/uploads\/2023\/12\/b9742743-9459-4d18-a101-55b09be4e346-150x150.jpg\" class=\"attachment-thumbnail size-thumbnail\" alt=\"\" \/><\/a>\n\t\t\t\t<\/dt><\/dl><dl class='gallery-item'>\n\t\t\t\t<dt class='gallery-icon portrait'>\n\t\t\t\t\t<a class=\"rollover rollover-zoom dt-pswp-item\" title=\"731db693-e538-4b54-9653-c835e95c165d\" data-dt-img-description=\"\" data-large_image_width=\"1542\" data-large_image_height=\"2048\"href='https:\/\/www.radiopiu.net\/wordpress\/wp-content\/uploads\/2023\/12\/731db693-e538-4b54-9653-c835e95c165d.jpg'><img loading=\"lazy\" decoding=\"async\" width=\"150\" height=\"150\" src=\"https:\/\/www.radiopiu.net\/wordpress\/wp-content\/uploads\/2023\/12\/731db693-e538-4b54-9653-c835e95c165d-150x150.jpg\" class=\"attachment-thumbnail size-thumbnail\" alt=\"\" \/><\/a>\n\t\t\t\t<\/dt><\/dl><dl class='gallery-item'>\n\t\t\t\t<dt class='gallery-icon portrait'>\n\t\t\t\t\t<a class=\"rollover rollover-zoom dt-pswp-item\" title=\"d552e380-5b6f-40c2-b72d-aa1a6e826a28\" data-dt-img-description=\"\" data-large_image_width=\"1542\" data-large_image_height=\"2048\"href='https:\/\/www.radiopiu.net\/wordpress\/wp-content\/uploads\/2023\/12\/d552e380-5b6f-40c2-b72d-aa1a6e826a28.jpg'><img loading=\"lazy\" decoding=\"async\" width=\"150\" height=\"150\" src=\"https:\/\/www.radiopiu.net\/wordpress\/wp-content\/uploads\/2023\/12\/d552e380-5b6f-40c2-b72d-aa1a6e826a28-150x150.jpg\" class=\"attachment-thumbnail size-thumbnail\" alt=\"\" \/><\/a>\n\t\t\t\t<\/dt><\/dl><dl class='gallery-item'>\n\t\t\t\t<dt class='gallery-icon portrait'>\n\t\t\t\t\t<a class=\"rollover rollover-zoom dt-pswp-item\" title=\"9b31d007-c1da-4749-b893-d1917efc1da6\" data-dt-img-description=\"\" data-large_image_width=\"1152\" data-large_image_height=\"2048\"href='https:\/\/www.radiopiu.net\/wordpress\/wp-content\/uploads\/2023\/12\/9b31d007-c1da-4749-b893-d1917efc1da6.jpg'><img loading=\"lazy\" decoding=\"async\" width=\"150\" height=\"150\" src=\"https:\/\/www.radiopiu.net\/wordpress\/wp-content\/uploads\/2023\/12\/9b31d007-c1da-4749-b893-d1917efc1da6-150x150.jpg\" class=\"attachment-thumbnail size-thumbnail\" alt=\"\" \/><\/a>\n\t\t\t\t<\/dt><\/dl><dl class='gallery-item'>\n\t\t\t\t<dt class='gallery-icon landscape'>\n\t\t\t\t\t<a class=\"rollover rollover-zoom dt-pswp-item\" title=\"971d529e-592b-450c-9b59-4472cc6b2aed\" data-dt-img-description=\"\" data-large_image_width=\"1024\" data-large_image_height=\"768\"href='https:\/\/www.radiopiu.net\/wordpress\/wp-content\/uploads\/2023\/12\/971d529e-592b-450c-9b59-4472cc6b2aed.jpg'><img loading=\"lazy\" decoding=\"async\" width=\"150\" height=\"150\" src=\"https:\/\/www.radiopiu.net\/wordpress\/wp-content\/uploads\/2023\/12\/971d529e-592b-450c-9b59-4472cc6b2aed-150x150.jpg\" class=\"attachment-thumbnail size-thumbnail\" alt=\"\" \/><\/a>\n\t\t\t\t<\/dt><\/dl><dl class='gallery-item'>\n\t\t\t\t<dt class='gallery-icon landscape'>\n\t\t\t\t\t<a class=\"rollover rollover-zoom dt-pswp-item\" title=\"27846243-afb3-4de2-b3c4-a925446cf5ca\" data-dt-img-description=\"\" data-large_image_width=\"1024\" data-large_image_height=\"768\"href='https:\/\/www.radiopiu.net\/wordpress\/wp-content\/uploads\/2023\/12\/27846243-afb3-4de2-b3c4-a925446cf5ca.jpg'><img loading=\"lazy\" decoding=\"async\" width=\"150\" height=\"150\" src=\"https:\/\/www.radiopiu.net\/wordpress\/wp-content\/uploads\/2023\/12\/27846243-afb3-4de2-b3c4-a925446cf5ca-150x150.jpg\" class=\"attachment-thumbnail size-thumbnail\" alt=\"\" \/><\/a>\n\t\t\t\t<\/dt><\/dl><br style=\"clear: both\" \/>\n\t\t\t<\/div>\n\n<p>&nbsp;<\/p>\n<hr \/>\n<p>&nbsp;<\/p>\n<blockquote>\n<h3>PIAZZATO L&#8217;ALBERO DI NATALE A SAN CIPRIANO<\/h3>\n<\/blockquote>\n<p><strong>TAIBON<\/strong> Il Comitato San Cipriano in movimento. Eccoli, i nostri, che si arrampicano sull&#8217;autoscala di Paolo &#8220;El Gaban&#8221; Case e con la grande arte di &#8220;Mamao&#8221; Ben, circondati da volontari per abbellire l&#8217;albero di Natale. Bello come sempre in Piazza a San Cipriano.<\/p>\n\n\t\t\t<style type='text\/css'>\n\t\t\t\t#gallery-3 {\n\t\t\t\t\tmargin: auto;\n\t\t\t\t}\n\t\t\t\t#gallery-3 .gallery-item {\n\t\t\t\t\tfloat: left;\n\t\t\t\t\tmargin-top: 10px;\n\t\t\t\t\ttext-align: center;\n\t\t\t\t\twidth: 20%;\n\t\t\t\t}\n\t\t\t\t#gallery-3 img {\n\t\t\t\t\tborder: 2px solid #cfcfcf;\n\t\t\t\t}\n\t\t\t\t#gallery-3 .gallery-caption {\n\t\t\t\t\tmargin-left: 0;\n\t\t\t\t}\n\t\t\t\t\/* see gallery_shortcode() in wp-includes\/media.php *\/\n\t\t\t<\/style>\n\t\t<div id='gallery-3' class='dt-gallery-container gallery galleryid-366101 gallery-columns-5 gallery-size-thumbnail'><dl class='gallery-item'>\n\t\t\t\t<dt class='gallery-icon portrait'>\n\t\t\t\t\t<a class=\"rollover\" href='https:\/\/www.radiopiu.net\/wordpress\/piazzato-lalbero-di-natale-a-san-cipriano\/cc177327-71d8-4231-8c8f-fd96a60c68b3\/'><img loading=\"lazy\" decoding=\"async\" width=\"150\" height=\"150\" src=\"https:\/\/www.radiopiu.net\/wordpress\/wp-content\/uploads\/2023\/12\/cc177327-71d8-4231-8c8f-fd96a60c68b3-150x150.jpg\" class=\"attachment-thumbnail size-thumbnail\" alt=\"\" \/><\/a>\n\t\t\t\t<\/dt><\/dl><dl class='gallery-item'>\n\t\t\t\t<dt class='gallery-icon portrait'>\n\t\t\t\t\t<a class=\"rollover\" href='https:\/\/www.radiopiu.net\/wordpress\/piazzato-lalbero-di-natale-a-san-cipriano\/fd3bab68-881e-41ab-92f8-a9e322d3e3a9\/'><img loading=\"lazy\" decoding=\"async\" width=\"150\" height=\"150\" src=\"https:\/\/www.radiopiu.net\/wordpress\/wp-content\/uploads\/2023\/12\/fd3bab68-881e-41ab-92f8-a9e322d3e3a9-150x150.jpg\" class=\"attachment-thumbnail size-thumbnail\" alt=\"\" \/><\/a>\n\t\t\t\t<\/dt><\/dl><dl class='gallery-item'>\n\t\t\t\t<dt class='gallery-icon portrait'>\n\t\t\t\t\t<a class=\"rollover\" href='https:\/\/www.radiopiu.net\/wordpress\/piazzato-lalbero-di-natale-a-san-cipriano\/0ea75226-990a-4f21-a180-c86be90ee78d\/'><img loading=\"lazy\" decoding=\"async\" width=\"150\" height=\"150\" src=\"https:\/\/www.radiopiu.net\/wordpress\/wp-content\/uploads\/2023\/12\/0ea75226-990a-4f21-a180-c86be90ee78d-150x150.jpg\" class=\"attachment-thumbnail size-thumbnail\" alt=\"\" \/><\/a>\n\t\t\t\t<\/dt><\/dl><dl class='gallery-item'>\n\t\t\t\t<dt class='gallery-icon portrait'>\n\t\t\t\t\t<a class=\"rollover\" href='https:\/\/www.radiopiu.net\/wordpress\/piazzato-lalbero-di-natale-a-san-cipriano\/1bd65147-9e3f-42e4-8e83-359bbc638553\/'><img loading=\"lazy\" decoding=\"async\" width=\"150\" height=\"150\" src=\"https:\/\/www.radiopiu.net\/wordpress\/wp-content\/uploads\/2023\/12\/1bd65147-9e3f-42e4-8e83-359bbc638553-150x150.jpg\" class=\"attachment-thumbnail size-thumbnail\" alt=\"\" \/><\/a>\n\t\t\t\t<\/dt><\/dl><dl class='gallery-item'>\n\t\t\t\t<dt class='gallery-icon portrait'>\n\t\t\t\t\t<a class=\"rollover\" href='https:\/\/www.radiopiu.net\/wordpress\/piazzato-lalbero-di-natale-a-san-cipriano\/71598ad9-863c-41d5-8d3b-43ae544df1a0\/'><img loading=\"lazy\" decoding=\"async\" width=\"150\" height=\"150\" src=\"https:\/\/www.radiopiu.net\/wordpress\/wp-content\/uploads\/2023\/12\/71598ad9-863c-41d5-8d3b-43ae544df1a0-150x150.jpg\" class=\"attachment-thumbnail size-thumbnail\" alt=\"\" \/><\/a>\n\t\t\t\t<\/dt><\/dl><br style=\"clear: both\" \/><dl class='gallery-item'>\n\t\t\t\t<dt class='gallery-icon portrait'>\n\t\t\t\t\t<a class=\"rollover\" href='https:\/\/www.radiopiu.net\/wordpress\/piazzato-lalbero-di-natale-a-san-cipriano\/3e43e0b5-a2c0-471a-b808-d594991d235b\/'><img loading=\"lazy\" decoding=\"async\" width=\"150\" height=\"150\" src=\"https:\/\/www.radiopiu.net\/wordpress\/wp-content\/uploads\/2023\/12\/3e43e0b5-a2c0-471a-b808-d594991d235b-150x150.jpg\" class=\"attachment-thumbnail size-thumbnail\" alt=\"\" \/><\/a>\n\t\t\t\t<\/dt><\/dl><dl class='gallery-item'>\n\t\t\t\t<dt class='gallery-icon portrait'>\n\t\t\t\t\t<a class=\"rollover\" href='https:\/\/www.radiopiu.net\/wordpress\/piazzato-lalbero-di-natale-a-san-cipriano\/d416852a-7b5a-40d1-bf9b-562023765af4\/'><img loading=\"lazy\" decoding=\"async\" width=\"150\" height=\"150\" src=\"https:\/\/www.radiopiu.net\/wordpress\/wp-content\/uploads\/2023\/12\/d416852a-7b5a-40d1-bf9b-562023765af4-150x150.jpg\" class=\"attachment-thumbnail size-thumbnail\" alt=\"\" \/><\/a>\n\t\t\t\t<\/dt><\/dl><dl class='gallery-item'>\n\t\t\t\t<dt class='gallery-icon portrait'>\n\t\t\t\t\t<a class=\"rollover\" href='https:\/\/www.radiopiu.net\/wordpress\/piazzato-lalbero-di-natale-a-san-cipriano\/9ab4bb2e-1bef-4fa7-aaa6-6dd817e49c62\/'><img loading=\"lazy\" decoding=\"async\" width=\"150\" height=\"150\" src=\"https:\/\/www.radiopiu.net\/wordpress\/wp-content\/uploads\/2023\/12\/9ab4bb2e-1bef-4fa7-aaa6-6dd817e49c62-150x150.jpg\" class=\"attachment-thumbnail size-thumbnail\" alt=\"\" \/><\/a>\n\t\t\t\t<\/dt><\/dl><dl class='gallery-item'>\n\t\t\t\t<dt class='gallery-icon portrait'>\n\t\t\t\t\t<a class=\"rollover\" href='https:\/\/www.radiopiu.net\/wordpress\/piazzato-lalbero-di-natale-a-san-cipriano\/8c29c306-3240-476a-9c6b-0826d267073e\/'><img loading=\"lazy\" decoding=\"async\" width=\"150\" height=\"150\" src=\"https:\/\/www.radiopiu.net\/wordpress\/wp-content\/uploads\/2023\/12\/8c29c306-3240-476a-9c6b-0826d267073e-150x150.jpg\" class=\"attachment-thumbnail size-thumbnail\" alt=\"\" \/><\/a>\n\t\t\t\t<\/dt><\/dl>\n\t\t\t\t<br style='clear: both' \/>\n\t\t\t<\/div>\n\n<p>&nbsp;<\/p>\n<div style=\"width: 848px;\" class=\"wp-video\"><video class=\"wp-video-shortcode\" id=\"video-366101-1\" width=\"848\" height=\"480\" preload=\"metadata\" controls=\"controls\"><source type=\"video\/mp4\" src=\"https:\/\/www.radiopiu.net\/wordpress\/wp-content\/uploads\/2023\/12\/WhatsApp-Video-2023-12-15-at-16.59.14.mp4?_=1\" \/><a href=\"https:\/\/www.radiopiu.net\/wordpress\/wp-content\/uploads\/2023\/12\/WhatsApp-Video-2023-12-15-at-16.59.14.mp4\">https:\/\/www.radiopiu.net\/wordpress\/wp-content\/uploads\/2023\/12\/WhatsApp-Video-2023-12-15-at-16.59.14.mp4<\/a><\/video><\/div>\n<p>&nbsp;<\/p>\n<hr \/>\n<p>&nbsp;<\/p>\n<blockquote>\n<h3><a class=\"dt-pswp-item\" href=\"https:\/\/www.radiopiu.net\/wordpress\/wp-content\/uploads\/2023\/11\/196c380b-4f41-40fe-b60e-025662cd56ca.jpg\" data-dt-img-description=\"\" data-large_image_width=\"1131\" data-large_image_height=\"1600\"><img loading=\"lazy\" decoding=\"async\" class=\" wp-image-362712 alignleft\" src=\"https:\/\/www.radiopiu.net\/wordpress\/wp-content\/uploads\/2023\/11\/196c380b-4f41-40fe-b60e-025662cd56ca-212x300.jpg\" alt=\"\" width=\"148\" height=\"209\" srcset=\"https:\/\/www.radiopiu.net\/wordpress\/wp-content\/uploads\/2023\/11\/196c380b-4f41-40fe-b60e-025662cd56ca-212x300.jpg 212w, https:\/\/www.radiopiu.net\/wordpress\/wp-content\/uploads\/2023\/11\/196c380b-4f41-40fe-b60e-025662cd56ca-724x1024.jpg 724w, https:\/\/www.radiopiu.net\/wordpress\/wp-content\/uploads\/2023\/11\/196c380b-4f41-40fe-b60e-025662cd56ca-768x1086.jpg 768w, https:\/\/www.radiopiu.net\/wordpress\/wp-content\/uploads\/2023\/11\/196c380b-4f41-40fe-b60e-025662cd56ca-1086x1536.jpg 1086w, https:\/\/www.radiopiu.net\/wordpress\/wp-content\/uploads\/2023\/11\/196c380b-4f41-40fe-b60e-025662cd56ca.jpg 1131w\" sizes=\"auto, (max-width: 148px) 100vw, 148px\" \/><\/a><\/h3>\n<h1 class=\"articlePlainTitle\">Oggi in sala Don Tamis il film su Riccardo Bee<\/h1>\n<\/blockquote>\n<div class=\"addthis_sharing_toolbox\" data-url=\"http:\/\/sfoglio.corrierealpi.gelocal.it\/share_article.php?article_id=13449112\" data-title=\"Magazzino in fumo, stalla salva Incendio in un'azienda agricolaOggi in sala Don Tamis il film su Ric...\"><strong>AGORDO\u00a0<\/strong> Questa sera alle 20.30 in sala Don Tamis ad Agordo verr\u00e0 proiettato il film &#8220;L&#8217;ultima via di Riccardo Bee&#8221;. L&#8217;iniziativa, tesa a rievocare la vicenda alpinistica dell&#8217;arrampicatore bellunese morto il 26 dicembre 1982 sull&#8217;Agn\u00e8r, \u00e8 voluta dal Comune di Agordo in collaborazione con la Sezione agordina del Cai. Il film sar\u00e0 presentato dal regista Emanuele Confortin. Condurr\u00e0 la serata Gianpaolo Soratroi.<\/div>\n<p>&nbsp;<\/p>\n<p>&nbsp;<\/p>\n<p>&nbsp;<\/p>\n<p>&nbsp;<\/p>\n<hr \/>\n<p>&nbsp;<\/p>\n<blockquote>\n<h2>&#8220;Apertura del Centro Fondo Peronaz: Sci di Fondo e Divertimento tra le Dolomiti&#8221;<\/h2>\n<\/blockquote>\n<p>&nbsp;<\/p>\n<blockquote><p><strong>Buone notizie\u2026 da\u00a0 OGGI il Centrofondo Peronaz apre per il fine settimana un anello di 6km.<\/strong><\/p><\/blockquote>\n<p><a class=\"dt-pswp-item\" href=\"https:\/\/www.radiopiu.net\/wordpress\/wp-content\/uploads\/2023\/12\/300527715_609081977413493_3115899753189365875_n.jpg\" data-dt-img-description=\"\" data-large_image_width=\"2048\" data-large_image_height=\"1730\"><img loading=\"lazy\" decoding=\"async\" class=\"wp-image-366323 alignleft\" src=\"https:\/\/www.radiopiu.net\/wordpress\/wp-content\/uploads\/2023\/12\/300527715_609081977413493_3115899753189365875_n-300x253.jpg\" alt=\"\" width=\"208\" height=\"175\" srcset=\"https:\/\/www.radiopiu.net\/wordpress\/wp-content\/uploads\/2023\/12\/300527715_609081977413493_3115899753189365875_n-300x253.jpg 300w, https:\/\/www.radiopiu.net\/wordpress\/wp-content\/uploads\/2023\/12\/300527715_609081977413493_3115899753189365875_n-1024x865.jpg 1024w, https:\/\/www.radiopiu.net\/wordpress\/wp-content\/uploads\/2023\/12\/300527715_609081977413493_3115899753189365875_n-768x649.jpg 768w, https:\/\/www.radiopiu.net\/wordpress\/wp-content\/uploads\/2023\/12\/300527715_609081977413493_3115899753189365875_n-1536x1298.jpg 1536w, https:\/\/www.radiopiu.net\/wordpress\/wp-content\/uploads\/2023\/12\/300527715_609081977413493_3115899753189365875_n.jpg 2048w\" sizes=\"auto, (max-width: 208px) 100vw, 208px\" \/><\/a>SELVA DI CADORE CENTRO SPORTIVO PERONAZ, A POCHI METRI DAL RIFUGIO AQUILEIA, TRA PESCUL DI SELVA DI CADORE E PASSO STAULANZA. Scia nel silenzio, nella pace della natura, al cospetto del Pelmo, nel paradiso dello sci di fondo del Biathlom, ciaspe e slittino.<\/p>\n<p>CENTRO FONDO PERONAZ DAL 22 DICEMBRE TUTTO <img loading=\"lazy\" decoding=\"async\" class=\"alignright\" src=\"https:\/\/www.radiopiu.net\/wordpress\/wp-content\/uploads\/2023\/12\/301977296_609081980746826_6031989102258928234_n.jpg\" width=\"144\" height=\"96\" \/>APERTO! 5 ANELLI\u00a0 da 2 a 7,5 chilometri PER LO SCI DA FONDO CON NEVE NATURALE.\u00a0 AL CENTRO FONDO PERONAZ NOLEGGIO attrezzato E MAESTRI DI SCI A DISPOSIZIONE PER CORSI SINGOLI O COLLETTIVI. A selva di cadore info 389 6152548\u00a0 www.centrofondoperonaz.it anche sui social.<\/p>\n<p>&nbsp;<\/p>\n<p>&nbsp;<\/p>\n<p>&nbsp;<\/p>\n<p>&nbsp;<\/p>\n<blockquote>\n<h2>IERI ALLA RADIO&#8230; MATTEO CAGNATI PRESIDENTE SCI CLUB VAL BIOIS<\/h2>\n<\/blockquote>\n<p><strong><img loading=\"lazy\" decoding=\"async\" class=\"alignleft\" src=\"https:\/\/www.radiopiu.net\/wordpress\/wp-content\/uploads\/2020\/02\/download-4.jpg\" width=\"128\" height=\"124\" \/>FALCADE<\/strong> IL RITORNO ai microfoni di RADIOPIU del presidente dello Sci Club Val Biois. Oggi apre l&#8217;anello sulla piana di Falcade, per gli sciatori un chilometro e mezzo sulla pista Pietro Scola e oggi SABATO apre il pattinaggio. INTERVISTA DEL 15 DICEMBRE il domani \u00e8 riferito ad OGGI.<\/p>\n<p>&nbsp;<\/p>\n<audio class=\"wp-audio-shortcode\" id=\"audio-366101-9\" preload=\"none\" style=\"width: 100%;\" controls=\"controls\"><source type=\"audio\/mpeg\" src=\"https:\/\/www.radiopiu.net\/wordpress\/wp-content\/uploads\/2023\/12\/matteo.mp3?_=9\" \/><a href=\"https:\/\/www.radiopiu.net\/wordpress\/wp-content\/uploads\/2023\/12\/matteo.mp3\">https:\/\/www.radiopiu.net\/wordpress\/wp-content\/uploads\/2023\/12\/matteo.mp3<\/a><\/audio>\n<p><strong>AUDIO\u00a0<\/strong><\/p>\n<p><span style=\"color: #ff0000;\"><strong>PRECEDENTE DI STAGIONE 9 DICEMBRE 2023<\/strong><\/span><\/p>\n<p>&nbsp;<\/p>\n<p><strong>di MIRKO MEZZACASA<\/strong><\/p>\n<audio class=\"wp-audio-shortcode\" id=\"audio-366101-10\" preload=\"none\" style=\"width: 100%;\" controls=\"controls\"><source type=\"audio\/mpeg\" src=\"https:\/\/www.radiopiu.net\/wordpress\/wp-content\/uploads\/2021\/06\/matteo-cagnati-sci-club-val-biois.mp3?_=10\" \/><a href=\"https:\/\/www.radiopiu.net\/wordpress\/wp-content\/uploads\/2021\/06\/matteo-cagnati-sci-club-val-biois.mp3\">https:\/\/www.radiopiu.net\/wordpress\/wp-content\/uploads\/2021\/06\/matteo-cagnati-sci-club-val-biois.mp3<\/a><\/audio>\n<p>**<\/p>\n<p>&nbsp;<\/p>\n<p>&nbsp;<\/p>\n<p>&nbsp;<\/p>\n<hr \/>\n<p>&nbsp;<\/p>\n<blockquote>\n<h3>VACCINI: OPEN DAY NEL FINE SETTIMANA<\/h3>\n<\/blockquote>\n<p><strong>BELLUNO<\/strong> Ulteriori Open Day sono pianificati per il prossimo fine settimana in diverse localit\u00e0: oggi, dalle 9 alle 12, a Pieve di Cadore (Sala Coletti) e a Cortina (Ospedale Codivilla); domani, dalle 9 alle 12, ad Agordo (Sala Don Tamis) e ad Auronzo di Cadore (Pala Tre Cime).<\/p>\n<p>&nbsp;<\/p>\n<p>&nbsp;<\/p>\n<hr \/>\n<p>&nbsp;<\/p>\n<blockquote>\n<h3>SEGRETARI PAGATI NELLE UNIONI DI COMUNI E NELLE UNIONI MONTANE, OK ALLA PROPOSTA SOSTENUTA DA UNCEM<\/h3>\n<\/blockquote>\n<p><strong>ROMA<\/strong> I Segretari comunali che ricoprono anche il ruolo di Segretari di Unioni di Comuni otterranno un&#8217;indennit\u00e0 maggiorata, come stabilito nell&#8217;intesa tra Aran e parti sindacali per il Contratto Collettivo Nazionale di lavoro 2019-2021, coinvolgendo circa 13.640 dirigenti delle Funzioni Locali. L&#8217;Uncem, che ha sostenuto questa richiesta per dieci anni, auspica ulteriori azioni istituzionali per estendere l&#8217;indennit\u00e0 anche ai Presidenti di Unioni, Unioni montane, Comuni e Consorzi, promuovendo l&#8217;introduzione di norme a livello nazionale attraverso un&#8217;azione parlamentare, evidenziando la necessit\u00e0 di retribuzione per ruoli e responsabilit\u00e0 aggiuntive.<\/p>\n<p>&nbsp;<\/p>\n<p>&nbsp;<\/p>\n<hr \/>\n<p>&nbsp;<\/p>\n<blockquote>\n<h3>CONSIGLIO COMUNALE AD AGORDO<\/h3>\n<\/blockquote>\n<p><strong>AGORDO<\/strong> Il sindaco di Agordo Roberto Chissal\u00e8 ha convocato i consiglieri comunali per luned\u00ec alle 19. Tre i punti da trattare, tra queste si discuter\u00e0 di una variazione a bilancio e della declassificazione di una porzione di area di propriet\u00e0 comunale in localit\u00e0 Mozzach.<\/p>\n<p><strong>DI GIANNI SANTOMASO<\/strong><\/p>\n<audio class=\"wp-audio-shortcode\" id=\"audio-366101-11\" preload=\"none\" style=\"width: 100%;\" controls=\"controls\"><source type=\"audio\/mpeg\" src=\"https:\/\/www.radiopiu.net\/wordpress\/wp-content\/uploads\/2023\/12\/GIANNI-CONSIGLIO-AGORDO.mp3?_=11\" \/><a href=\"https:\/\/www.radiopiu.net\/wordpress\/wp-content\/uploads\/2023\/12\/GIANNI-CONSIGLIO-AGORDO.mp3\">https:\/\/www.radiopiu.net\/wordpress\/wp-content\/uploads\/2023\/12\/GIANNI-CONSIGLIO-AGORDO.mp3<\/a><\/audio>\n<p>&nbsp;<\/p>\n<hr \/>\n<p>&nbsp;<\/p>\n<blockquote>\n<h3>LUNEDI IL CONSIGLIO DELL&#8217;UNIONE MONTANA AGORDINA<\/h3>\n<\/blockquote>\n<p><strong>AGORDO<\/strong> Il presidente dell&#8217;Unione Montana Agordina ha convocato i consiglieri per luned\u00ec alle 20 in Sala Don Tamis ad Agordo. Saranno quattro i punti da trattare tra cui l&#8217;approvazione della nota di aggiornamento al DUP, l&#8217;approvazione del bilancio di previsione e le comunicazioni del presidente.<\/p>\n<p>&nbsp;<\/p>\n<p>&nbsp;<\/p>\n<hr \/>\n<p>&nbsp;<\/p>\n<h2><span style=\"color: #ff0000;\">I CONSIGLI COMUNALI IN AGORDINO<\/span><\/h2>\n<blockquote>\n<h3>\u00a0MERCOLEDI A RIVAMONTE,\u00a0 \u00a0 FALCADE e COLLE SANTA LUCIA<\/h3>\n<\/blockquote>\n<p><strong>RIVAMONTE<\/strong> Il sindaco di Rivamonte Giovanni Deon ha convocato il consiglio comunale per mercoled\u00ec alle 18:30 per trattare 7 punti all&#8217;ordine del giorno. Si parler\u00e0 di una variazione a bilancio, delle imposte IMU e IRPEF, una nota di aggiornamento al DUP, il bilancio di previsione 2024\/26 e la revisione delle partecipazioni possedute.<\/p>\n<p><strong>\u00a0FALCADE<\/strong> Mauro Salvaterra in fascia tricolore ha chiamato a raccolta i consiglieri per mercoledi alle 19.45. All&#8217;ordine del giorno debiti fuori bilancio, variazioni al bilancio, imposta IMU nota di aggiornamento al DUP <strong>approvazione bilancio di previsione, revisione della partecipazioni societarie.<\/strong><\/p>\n<p><b>COLE SANTA LUCIA <\/b>Consiglio comunale mercoledi alle 20.30. In discussione anche la convenzione con l&#8217;associazione &#8220;Colle Santa Lucia-Dolomiti&#8221; per la valorizzazione del territorio; approvazione bilancio di previsione e programma triennale, comunicazioni del sindaco Luca Lorenzini<\/p>\n<blockquote>\n<h3>GIOVEDI A CANALE D&#8217;AGORDO E ROCCA PIETORE<\/h3>\n<\/blockquote>\n<p><strong>CANALE D&#8217;AGORDO\u00a0<\/strong> Il sindaco Massimo Murer ha convocato il consiglio per giovedi alle 20. All&#8217;ordine del giorno le addizionali comunali sul reddito, Imu, aree fabbricabili, Dup, bilancio e convenzione con la fondazione Papa Luciani per la gestione del Museo.<\/p>\n<p>&nbsp;<\/p>\n<p><a class=\"dt-pswp-item\" href=\"https:\/\/www.radiopiu.net\/wordpress\/wp-content\/uploads\/2023\/12\/411470251_373197671765034_6265242910657222608_n.jpg\" data-dt-img-description=\"\" data-large_image_width=\"509\" data-large_image_height=\"720\"><img loading=\"lazy\" decoding=\"async\" class=\"wp-image-366315 size-full aligncenter\" src=\"https:\/\/www.radiopiu.net\/wordpress\/wp-content\/uploads\/2023\/12\/411470251_373197671765034_6265242910657222608_n.jpg\" alt=\"\" width=\"509\" height=\"720\" srcset=\"https:\/\/www.radiopiu.net\/wordpress\/wp-content\/uploads\/2023\/12\/411470251_373197671765034_6265242910657222608_n.jpg 509w, https:\/\/www.radiopiu.net\/wordpress\/wp-content\/uploads\/2023\/12\/411470251_373197671765034_6265242910657222608_n-212x300.jpg 212w\" sizes=\"auto, (max-width: 509px) 100vw, 509px\" \/><\/a><\/p>\n<p>&nbsp;<\/p>\n<p>&nbsp;<\/p>\n<p>&nbsp;<\/p>\n<p><strong>ROCCA PIETORE<\/strong> Consiglio comunale convocato dal sindaco per giovedi alle 18.30 All&#8217;ordine del giorno bilancio, incarichi di collaborazione autonoma e varianti al prg.<\/p>\n<p>&nbsp;<\/p>\n<p>&nbsp;<\/p>\n<hr \/>\n<p>&nbsp;<\/p>\n<blockquote>\n<h3>CLUB ALPINO ITALIANO, SEZIONE AGORDINA: VIA AL TESSERAMENTO<\/h3>\n<\/blockquote>\n<p><strong>AGORDO<\/strong> La Segreteria della Sezione comunica che \u00e8 ufficialmente aperto il tesseramento 2024.<\/p>\n<p>&nbsp;<\/p>\n<hr \/>\n<p>&nbsp;<\/p>\n<h2><span style=\"color: #ff6600;\">IERI ALLA RADIO<\/span><\/h2>\n<h2><span style=\"color: #008080;\">\u00a0&#8220;DINTORN E FORA VIA&#8221;\u00a0<\/span><span style=\"color: #008080;\"> IL PROGRAMMA\u00a0 <\/span><span style=\"color: #008080;\">A CURA DEL MUSLA<\/span><strong><span style=\"color: #ff0000;\"> \u00a0<\/span><\/strong><\/h2>\n<p>&nbsp;<\/p>\n<p><strong><a class=\"dt-pswp-item\" href=\"https:\/\/www.radiopiu.net\/wordpress\/wp-content\/uploads\/2023\/12\/file-2-e1702648079277.jpg\" data-dt-img-description=\"\" data-large_image_width=\"640\" data-large_image_height=\"640\"><img loading=\"lazy\" decoding=\"async\" class=\"wp-image-366187 alignleft\" src=\"https:\/\/www.radiopiu.net\/wordpress\/wp-content\/uploads\/2023\/12\/file-2-e1702648079277-300x300.jpg\" alt=\"\" width=\"123\" height=\"123\" srcset=\"https:\/\/www.radiopiu.net\/wordpress\/wp-content\/uploads\/2023\/12\/file-2-e1702648079277-300x300.jpg 300w, https:\/\/www.radiopiu.net\/wordpress\/wp-content\/uploads\/2023\/12\/file-2-e1702648079277-150x150.jpg 150w, https:\/\/www.radiopiu.net\/wordpress\/wp-content\/uploads\/2023\/12\/file-2-e1702648079277.jpg 640w\" sizes=\"auto, (max-width: 123px) 100vw, 123px\" \/><\/a>PUNTATA DEL 15 DICEMBRE <span style=\"color: #ff0000;\"><span style=\"color: #000000;\">VERONICA LEZUO<\/span><\/span><\/strong><\/p>\n<audio class=\"wp-audio-shortcode\" id=\"audio-366101-12\" preload=\"none\" style=\"width: 100%;\" controls=\"controls\"><source type=\"audio\/mpeg\" src=\"https:\/\/www.radiopiu.net\/wordpress\/wp-content\/uploads\/2023\/12\/MUSLA-3.mp3?_=12\" \/><a href=\"https:\/\/www.radiopiu.net\/wordpress\/wp-content\/uploads\/2023\/12\/MUSLA-3.mp3\">https:\/\/www.radiopiu.net\/wordpress\/wp-content\/uploads\/2023\/12\/MUSLA-3.mp3<\/a><\/audio>\n<p>LA RACCOLTA COMPLETA<a href=\"https:\/\/www.radiopiu.net\/wordpress\/musla\/\"><span style=\"color: #0000ff;\"><strong> CLICCA QUI<\/strong><\/span><\/a><\/p>\n<p>&nbsp;<\/p>\n<p>&nbsp;<\/p>\n<hr \/>\n<p>&nbsp;<\/p>\n<blockquote>\n<h3>FLAVIO FAORO OSPITE DEL LIBRO PARLATO DI FELTRE<\/h3>\n<\/blockquote>\n<p><a class=\"dt-pswp-item\" href=\"https:\/\/www.radiopiu.net\/wordpress\/wp-content\/uploads\/2023\/12\/b4f4f91a-e8cf-45f6-82de-713435ea4dbc.jpg\" data-dt-img-description=\"\" data-large_image_width=\"800\" data-large_image_height=\"1067\"><img loading=\"lazy\" decoding=\"async\" class=\" wp-image-365830 alignleft\" src=\"https:\/\/www.radiopiu.net\/wordpress\/wp-content\/uploads\/2023\/12\/b4f4f91a-e8cf-45f6-82de-713435ea4dbc-225x300.jpg\" alt=\"\" width=\"117\" height=\"156\" srcset=\"https:\/\/www.radiopiu.net\/wordpress\/wp-content\/uploads\/2023\/12\/b4f4f91a-e8cf-45f6-82de-713435ea4dbc-225x300.jpg 225w, https:\/\/www.radiopiu.net\/wordpress\/wp-content\/uploads\/2023\/12\/b4f4f91a-e8cf-45f6-82de-713435ea4dbc-768x1024.jpg 768w, https:\/\/www.radiopiu.net\/wordpress\/wp-content\/uploads\/2023\/12\/b4f4f91a-e8cf-45f6-82de-713435ea4dbc.jpg 800w\" sizes=\"auto, (max-width: 117px) 100vw, 117px\" \/><\/a>Sono particolarmente emozionata, nell&#8217; ambito delle celebrazioni dei 40 anni di Libro Parlato, ospitare Flavio Faoro, senza dubbio figura nota nella letteratura di montagna ed in particolar modo nel ruolo guida che lo ha visto impegnato per molti anni nella rassegna &#8220;Oltre le vette&#8221;, giunta alla 27a edizione . Sar\u00e0 per me un onore e sicuramente una grande emozione interloquire con l&#8217;insegnante delle scuole superiori che tanto ha contribuito alla mia formazione . Vi aspetto appassionati di montagna e non solo&#8230; Con me ci saranno i Libri Parlanti Loredana Borghetto , Mauro Viani , gli allievi e i maestri della prestigiosa Scuola Sandi.<\/p>\n<p><em><strong>LUISA ALCHINI<\/strong><\/em><\/p>\n<p>&nbsp;<\/p>\n<p>&nbsp;<\/p>\n<hr \/>\n<p>&nbsp;<\/p>\n<p>&nbsp;<\/p>\n<blockquote>\n<h3>LE POSTAZIONI DEI PRESEPI DEI COLMIEI IV EDIZIONE<\/h3>\n<\/blockquote>\n<p><strong>CANALE D&#8217;AGORDO<\/strong> Come di consueto i presepi sono frutto dell&#8217;arte e dell&#8217;ingegno della comunit\u00e0. Quest&#8217;anno i candidati al concorso sono 11, 8 nel centro abitato di Canale e 3 nelle frazioni limitrofe. La piantina \u00e8 scaricabile anche da smartphone inquadrando il QR code sulla locandina. Si vota mettendo un like sul post del presepe preferito sulla <span style=\"color: #0000ff;\"><a style=\"color: #0000ff;\" href=\"https:\/\/www.facebook.com\/dolomitifalcade\"><b>pagina facebook FALCADE DOLOMITI<\/b><\/a><\/span>. Il presepe che ricever\u00e0 pi\u00f9 LIKE sar\u00e0 premiato. C&#8217;\u00e8 tempo di votare <u>fino al 31 gennaio 2024<\/u>.<\/p>\n<p><a class=\"dt-pswp-item\" href=\"https:\/\/www.radiopiu.net\/wordpress\/wp-content\/uploads\/2023\/12\/I-presepi-dei-Colmiei-Postazioni.jpg\" data-dt-img-description=\"\" data-large_image_width=\"1414\" data-large_image_height=\"2000\"><img loading=\"lazy\" decoding=\"async\" class=\"wp-image-366036 aligncenter\" src=\"https:\/\/www.radiopiu.net\/wordpress\/wp-content\/uploads\/2023\/12\/I-presepi-dei-Colmiei-Postazioni.jpg\" alt=\"\" width=\"329\" height=\"465\" srcset=\"https:\/\/www.radiopiu.net\/wordpress\/wp-content\/uploads\/2023\/12\/I-presepi-dei-Colmiei-Postazioni.jpg 1414w, https:\/\/www.radiopiu.net\/wordpress\/wp-content\/uploads\/2023\/12\/I-presepi-dei-Colmiei-Postazioni-212x300.jpg 212w, https:\/\/www.radiopiu.net\/wordpress\/wp-content\/uploads\/2023\/12\/I-presepi-dei-Colmiei-Postazioni-724x1024.jpg 724w, https:\/\/www.radiopiu.net\/wordpress\/wp-content\/uploads\/2023\/12\/I-presepi-dei-Colmiei-Postazioni-768x1086.jpg 768w, https:\/\/www.radiopiu.net\/wordpress\/wp-content\/uploads\/2023\/12\/I-presepi-dei-Colmiei-Postazioni-1086x1536.jpg 1086w\" sizes=\"auto, (max-width: 329px) 100vw, 329px\" \/><\/a><\/p>\n<p>&nbsp;<\/p>\n<p>&nbsp;<\/p>\n<hr \/>\n<p>&nbsp;<\/p>\n<h2><span style=\"color: #ff0000;\">SCUOLE APERTE<\/span><\/h2>\n<h2><strong>LA VALLE<\/strong> Oggi dalle 10.30 alle 12 scuola aperta alla primaria Don G.Mezzacasa&#8221;, sar\u00e0 presentata la scuola e potr\u00e0 essere visitata dai genitori, attivit\u00e0 di laboratorio per i piccoli visitatori.<\/h2>\n<h2>AGORDO Scuola aperta alla Primaria, martedi 19 dicembre alle 17.15 nel salone al primo piano<\/h2>\n<p>&nbsp;<\/p>\n<p><a class=\"dt-pswp-item\" href=\"https:\/\/www.radiopiu.net\/wordpress\/wp-content\/uploads\/2023\/12\/12344fc2-9701-42bd-9b63-85cee8fcf87e.jpg\" data-dt-img-description=\"\" data-large_image_width=\"1080\" data-large_image_height=\"1350\"><img loading=\"lazy\" decoding=\"async\" class=\"size-medium wp-image-366118 aligncenter\" src=\"https:\/\/www.radiopiu.net\/wordpress\/wp-content\/uploads\/2023\/12\/12344fc2-9701-42bd-9b63-85cee8fcf87e-240x300.jpg\" alt=\"\" width=\"240\" height=\"300\" srcset=\"https:\/\/www.radiopiu.net\/wordpress\/wp-content\/uploads\/2023\/12\/12344fc2-9701-42bd-9b63-85cee8fcf87e-240x300.jpg 240w, https:\/\/www.radiopiu.net\/wordpress\/wp-content\/uploads\/2023\/12\/12344fc2-9701-42bd-9b63-85cee8fcf87e-819x1024.jpg 819w, https:\/\/www.radiopiu.net\/wordpress\/wp-content\/uploads\/2023\/12\/12344fc2-9701-42bd-9b63-85cee8fcf87e-768x960.jpg 768w, https:\/\/www.radiopiu.net\/wordpress\/wp-content\/uploads\/2023\/12\/12344fc2-9701-42bd-9b63-85cee8fcf87e.jpg 1080w\" sizes=\"auto, (max-width: 240px) 100vw, 240px\" \/><\/a><\/p>\n<hr \/>\n<p>&nbsp;<\/p>\n<h2><span style=\"color: #ff0000;\">GLI APPUNTAMENTI DELLA SETTIMANA<\/span><\/h2>\n<blockquote>\n<h3><\/h3>\n<\/blockquote>\n<blockquote>\n<h3>TESORI SVELATI CON L&#8217;ASSOCIAZIONE CAMPEDEL<\/h3>\n<\/blockquote>\n<p><strong>BELLUNO<\/strong> Sono due gli appuntamenti in programma dall&#8217;Associazione Campedel alla scoperta dei tesori svelati a Belluno. Oggi alle 15 visita alla cattedrale di San Martino, sabato 30 dicembre alle 15 visita alla Chiesa di Santo Stefano.<\/p>\n<p>&nbsp;<\/p>\n<blockquote>\n<h3>TORNA A LA VALLE LA RASSEGNA \u201cSOT AL TAMER\u201d<\/h3>\n<\/blockquote>\n<p><strong>LA VALLE AGORDINA\u00a0<\/strong>La rassegna \u201cSot al Tamer\u201d fa ritorno a La Valle Agordina. I prossimi appuntamenti: Denis Mezzacasa: Pilota della scuderia Xmotors di Maser, partecipante al campionato Seat Ibiza Cupra (oggi). L\u2019iniziativa \u00e8 organizzata con il contributo attivo della Pro Loco di La Valle Agordina e il patrocinio del Comune di La Valle. L\u2019ingresso \u00e8 libero.<\/p>\n<blockquote>\n<h3>&#8220;IL COMANDANTE&#8221; AL CINEMA DOLOMITI DI FALCADE<\/h3>\n<\/blockquote>\n<p><strong>FALCADE<\/strong> Oggi e domani il Cinema Dolomiti di Falcade proietter\u00e0 l&#8217;ultimo film con Pierfrancesco Favino &#8220;Il Comandante&#8221; per la regia di Edoardo De Angelis. Gli orari delle proiezioni sono fissati nei giorni feriali alle 21, la domenica alle 15.30 e alle 21.<\/p>\n<p>&nbsp;<\/p>\n<blockquote>\n<h3>GRANDE SUCCESSO L\u2019APERTURA DEL RIFUGIO ANTIAEREO. IL FAI FA IL BIS DOMENICA 17 DICEMBRE<\/h3>\n<\/blockquote>\n<p><strong>BELLUNO<\/strong> Il rifugio antiaereo della Seconda guerra mondiale sotto Piazza dei Martiri a Belluno sar\u00e0 nuovamente aperto al pubblico domani. Organizza dalla delegazione bellunese del Fondo Ambiente Italiano (FAI)<\/p>\n<p>&nbsp;<\/p>\n<blockquote>\n<h3>UN POMERIGGIO PER BAMBINI A LIMANA<\/h3>\n<\/blockquote>\n<p><strong>LIMANA<\/strong> La biblioteca di Limana e il Comune di Limana organizzano per oggi alle 17 il terzo appuntamento della nuova rassegna teatrale. Nella sala Nocivelli andr\u00e0 i scena lo spettacolo per bambini dal titolo &#8220;quando l&#8221;universo era grande cos\u00ec&#8221;.<\/p>\n<p>&nbsp;<\/p>\n<blockquote>\n<h3>A PIEDI IN PRESTITO VERSO LA NOTTE SANTA<\/h3>\n<\/blockquote>\n<p><strong>FELTRE <\/strong>Domani alle 15:00, alla Coop. Soc. Arcobaleno \u201986 Onlus in Loc. Casonetto-Vellai di Feltre, inaugurazione della mostra tematica\u00a0 &#8220;A piedi in prestito verso la Notte Santa&#8221;<\/p>\n<p>&nbsp;<\/p>\n<h2><strong>AGORDO<\/strong> Cena della classe 1953,\u00a0 \u00a0sabato 16 dicembre alle 19,30 alla Pizzeria Agordina 0437 63147, iscrizioni entro gioved\u00ec 14<\/h2>\n<p>&nbsp;<\/p>\n<p>&nbsp;<\/p>\n\n\t\t\t<style type='text\/css'>\n\t\t\t\t#gallery-4 {\n\t\t\t\t\tmargin: auto;\n\t\t\t\t}\n\t\t\t\t#gallery-4 .gallery-item {\n\t\t\t\t\tfloat: left;\n\t\t\t\t\tmargin-top: 10px;\n\t\t\t\t\ttext-align: center;\n\t\t\t\t\twidth: 50%;\n\t\t\t\t}\n\t\t\t\t#gallery-4 img {\n\t\t\t\t\tborder: 2px solid #cfcfcf;\n\t\t\t\t}\n\t\t\t\t#gallery-4 .gallery-caption {\n\t\t\t\t\tmargin-left: 0;\n\t\t\t\t}\n\t\t\t\t\/* see gallery_shortcode() in wp-includes\/media.php *\/\n\t\t\t<\/style>\n\t\t<div id='gallery-4' class='dt-gallery-container gallery galleryid-366101 gallery-columns-2 gallery-size-medium'><dl class='gallery-item'>\n\t\t\t\t<dt class='gallery-icon portrait'>\n\t\t\t\t\t<a class=\"rollover rollover-zoom dt-pswp-item\" title=\"dff88b36-781a-43bb-9b78-9fae0e07edc6\" data-dt-img-description=\"\" data-large_image_width=\"832\" data-large_image_height=\"1024\"href='https:\/\/www.radiopiu.net\/wordpress\/wp-content\/uploads\/2023\/12\/dff88b36-781a-43bb-9b78-9fae0e07edc6.jpg'><img loading=\"lazy\" decoding=\"async\" width=\"244\" height=\"300\" src=\"https:\/\/www.radiopiu.net\/wordpress\/wp-content\/uploads\/2023\/12\/dff88b36-781a-43bb-9b78-9fae0e07edc6-244x300.jpg\" class=\"attachment-medium size-medium\" alt=\"\" srcset=\"https:\/\/www.radiopiu.net\/wordpress\/wp-content\/uploads\/2023\/12\/dff88b36-781a-43bb-9b78-9fae0e07edc6-244x300.jpg 244w, https:\/\/www.radiopiu.net\/wordpress\/wp-content\/uploads\/2023\/12\/dff88b36-781a-43bb-9b78-9fae0e07edc6-768x945.jpg 768w, https:\/\/www.radiopiu.net\/wordpress\/wp-content\/uploads\/2023\/12\/dff88b36-781a-43bb-9b78-9fae0e07edc6.jpg 832w\" sizes=\"auto, (max-width: 244px) 100vw, 244px\" \/><\/a>\n\t\t\t\t<\/dt><\/dl><dl class='gallery-item'>\n\t\t\t\t<dt class='gallery-icon portrait'>\n\t\t\t\t\t<a class=\"rollover rollover-zoom dt-pswp-item\" title=\"623c4340-a0b2-400a-b92a-abd1f6d304df\" data-dt-img-description=\"\" data-large_image_width=\"1080\" data-large_image_height=\"1430\"href='https:\/\/www.radiopiu.net\/wordpress\/wp-content\/uploads\/2023\/12\/623c4340-a0b2-400a-b92a-abd1f6d304df.jpg'><img loading=\"lazy\" decoding=\"async\" width=\"227\" height=\"300\" src=\"https:\/\/www.radiopiu.net\/wordpress\/wp-content\/uploads\/2023\/12\/623c4340-a0b2-400a-b92a-abd1f6d304df-227x300.jpg\" class=\"attachment-medium size-medium\" alt=\"\" srcset=\"https:\/\/www.radiopiu.net\/wordpress\/wp-content\/uploads\/2023\/12\/623c4340-a0b2-400a-b92a-abd1f6d304df-227x300.jpg 227w, https:\/\/www.radiopiu.net\/wordpress\/wp-content\/uploads\/2023\/12\/623c4340-a0b2-400a-b92a-abd1f6d304df-773x1024.jpg 773w, https:\/\/www.radiopiu.net\/wordpress\/wp-content\/uploads\/2023\/12\/623c4340-a0b2-400a-b92a-abd1f6d304df-768x1017.jpg 768w, https:\/\/www.radiopiu.net\/wordpress\/wp-content\/uploads\/2023\/12\/623c4340-a0b2-400a-b92a-abd1f6d304df.jpg 1080w\" sizes=\"auto, (max-width: 227px) 100vw, 227px\" \/><\/a>\n\t\t\t\t<\/dt><\/dl><br style=\"clear: both\" \/>\n\t\t\t<\/div>\n\n<p>&nbsp;<\/p>\n<p>&nbsp;<\/p>\n<p>&nbsp;<\/p>\n<h2><span style=\"color: #ff0000;\">PROSSIMAMENTE&#8230;..<\/span><\/h2>\n<p><strong>BELLUNO<\/strong> Lunedi alle 18 nella\u00a0 Casa dei Maestri in\u00a0 Piazza San Lucano a Belluno, cerimonia di consegna delle Onoreficienze\u00a0 assegnate dal Coni Nazionale a dirigenti, tecnici, atleti e societ\u00e0 bellunese.<\/p>\n<p>&nbsp;<\/p>\n<p class=\"articlePlainText\"><strong class=\"photoswipe-wrapper\"><a class=\"dt-pswp-item pspw-wrap-ready\" href=\"https:\/\/www.radiopiu.net\/wordpress\/wp-content\/uploads\/2023\/11\/1f9b39ac-7445-4292-9e66-746ed8bde8d9.jpg\" data-dt-img-description=\"\" data-large_image_width=\"800\" data-large_image_height=\"1067\"><img loading=\"lazy\" decoding=\"async\" class=\" wp-image-360368 alignleft\" src=\"https:\/\/www.radiopiu.net\/wordpress\/wp-content\/uploads\/2023\/11\/1f9b39ac-7445-4292-9e66-746ed8bde8d9-225x300.jpg\" sizes=\"auto, (max-width: 182px) 100vw, 182px\" srcset=\"https:\/\/www.radiopiu.net\/wordpress\/wp-content\/uploads\/2023\/11\/1f9b39ac-7445-4292-9e66-746ed8bde8d9-225x300.jpg 225w, https:\/\/www.radiopiu.net\/wordpress\/wp-content\/uploads\/2023\/11\/1f9b39ac-7445-4292-9e66-746ed8bde8d9-768x1024.jpg 768w, https:\/\/www.radiopiu.net\/wordpress\/wp-content\/uploads\/2023\/11\/1f9b39ac-7445-4292-9e66-746ed8bde8d9.jpg 800w\" alt=\"\" width=\"105\" height=\"140\" \/><\/a>FELTRE<\/strong> Gli eventi in programma per celebrare i 40 anni del Libro Parlato di Feltre \u201cA. Sernagiotto\u201d.<\/p>\n<p><strong>LUNEDI 18 DICEMBRE\u00a0<\/strong>alle 18 in Sala Ocri Flavio Faoro: da Oltre le vette ai racconti e alle fiabe, presenta Luisa Alchini. Letture ad alta voce del gruppo Libri Parlanti<\/p>\n<p><strong>VENERDI 22 DICEMBRE\u00a0<\/strong>alle 18 in Sala Ocri Presentazione del libro \u201cIl saldatore del Vajont\u201d con l\u2019autore Antonio G. Bortoluzzi \u2013 presenta Nicola Maccagnan<\/p>\n<p>&nbsp;<\/p>\n<p>&nbsp;<\/p>\n<blockquote>\n<h3>NADAL A SAN TOMAS<\/h3>\n<\/blockquote>\n<p><strong>SAN TOMASO <\/strong>Sono visitabili i presepi nelle frazioni di San Tomaso. Questi gli appuntamenti con le serate dedicate al Natale.<\/p>\n<p><strong>22 DICEMBRE<\/strong> &#8220;Lettura Animata&#8221; le magiche storie di Natale. Sala della biblioteca alle 17:30<\/p>\n<p><strong>28 DICEMBRE<\/strong> &#8220;Racconti di Natale&#8221;, uno spettacolo di marionette per i pi\u00f9 piccoli. Sala parrocchiale alle 17<\/p>\n<p><strong>29 DICEMBRE<\/strong> &#8220;In viaggio con A. Edwards&#8221;, serata con Eleonora Pescosta che racconta la storia dell&#8217;escursionista inglese salita sul Sasso Bianco. Celat alle 20:30<\/p>\n<p><strong>04 GENNAIO<\/strong> &#8220;I Kropya&#8221; Concerto natalizio dell&#8217;ensamble vocale dei giovani di Livinallongo. Chiesa Parocchiale alle 20:30<\/p>\n<p>&nbsp;<\/p>\n<p>&nbsp;<\/p>\n<blockquote>\n<h3><a class=\"dt-pswp-item\" href=\"https:\/\/www.radiopiu.net\/wordpress\/wp-content\/uploads\/2023\/12\/d75f9049-c143-412d-a761-164a9701a43a.jpg\" data-dt-img-description=\"\" data-large_image_width=\"1080\" data-large_image_height=\"1080\"><img loading=\"lazy\" decoding=\"async\" class=\"wp-image-366318 alignleft\" src=\"https:\/\/www.radiopiu.net\/wordpress\/wp-content\/uploads\/2023\/12\/d75f9049-c143-412d-a761-164a9701a43a-300x300.jpg\" alt=\"\" width=\"256\" height=\"256\" srcset=\"https:\/\/www.radiopiu.net\/wordpress\/wp-content\/uploads\/2023\/12\/d75f9049-c143-412d-a761-164a9701a43a-300x300.jpg 300w, https:\/\/www.radiopiu.net\/wordpress\/wp-content\/uploads\/2023\/12\/d75f9049-c143-412d-a761-164a9701a43a-1024x1024.jpg 1024w, https:\/\/www.radiopiu.net\/wordpress\/wp-content\/uploads\/2023\/12\/d75f9049-c143-412d-a761-164a9701a43a-150x150.jpg 150w, https:\/\/www.radiopiu.net\/wordpress\/wp-content\/uploads\/2023\/12\/d75f9049-c143-412d-a761-164a9701a43a-768x768.jpg 768w, https:\/\/www.radiopiu.net\/wordpress\/wp-content\/uploads\/2023\/12\/d75f9049-c143-412d-a761-164a9701a43a.jpg 1080w\" sizes=\"auto, (max-width: 256px) 100vw, 256px\" \/><\/a>SERATA FILM CON LA CHIESA EVANGELICA DI AGORDO<\/h3>\n<\/blockquote>\n<p><strong>L&#8217;INVITO DI GIOVANNI VARIALE<\/strong><\/p>\n<audio class=\"wp-audio-shortcode\" id=\"audio-366101-13\" preload=\"none\" style=\"width: 100%;\" controls=\"controls\"><source type=\"audio\/mpeg\" src=\"https:\/\/www.radiopiu.net\/wordpress\/wp-content\/uploads\/2023\/12\/GIOVANNI-VARIALE-CHIESA-EVANGELICA.mp3?_=13\" \/><a href=\"https:\/\/www.radiopiu.net\/wordpress\/wp-content\/uploads\/2023\/12\/GIOVANNI-VARIALE-CHIESA-EVANGELICA.mp3\">https:\/\/www.radiopiu.net\/wordpress\/wp-content\/uploads\/2023\/12\/GIOVANNI-VARIALE-CHIESA-EVANGELICA.mp3<\/a><\/audio>\n<p>&nbsp;<\/p>\n<hr \/>\n<p>&nbsp;<\/p>\n<p><a class=\"dt-pswp-item\" href=\"https:\/\/www.radiopiu.net\/wordpress\/wp-content\/uploads\/2018\/09\/viabilita.jpeg\" data-dt-img-description=\"\" data-large_image_width=\"800\" data-large_image_height=\"100\"><img loading=\"lazy\" decoding=\"async\" class=\"aligncenter wp-image-61954 size-full\" src=\"https:\/\/www.radiopiu.net\/wordpress\/wp-content\/uploads\/2018\/09\/viabilita.jpeg\" alt=\"\" width=\"800\" height=\"100\" srcset=\"https:\/\/www.radiopiu.net\/wordpress\/wp-content\/uploads\/2018\/09\/viabilita.jpeg 800w, https:\/\/www.radiopiu.net\/wordpress\/wp-content\/uploads\/2018\/09\/viabilita-300x38.jpeg 300w, https:\/\/www.radiopiu.net\/wordpress\/wp-content\/uploads\/2018\/09\/viabilita-768x96.jpeg 768w\" sizes=\"auto, (max-width: 800px) 100vw, 800px\" \/><\/a><\/p>\n<p>&nbsp;<\/p>\n<blockquote class=\"wp-embedded-content\" data-secret=\"T1Kp3QYIcI\"><p><a href=\"https:\/\/www.radiopiu.net\/wordpress\/viabilita\/\">viabilita<\/a><\/p><\/blockquote>\n<p><iframe loading=\"lazy\" class=\"wp-embedded-content\" sandbox=\"allow-scripts\" security=\"restricted\" style=\"position: absolute; clip: rect(1px, 1px, 1px, 1px);\" title=\"&#8220;viabilita&#8221; &#8212; Radio Pi\u00f9\" src=\"https:\/\/www.radiopiu.net\/wordpress\/viabilita\/embed\/#?secret=MTrkpOhgOA#?secret=T1Kp3QYIcI\" data-secret=\"T1Kp3QYIcI\" width=\"600\" height=\"338\" frameborder=\"0\" marginwidth=\"0\" marginheight=\"0\" scrolling=\"no\"><\/iframe><\/p>\n<p>&nbsp;<\/p>\n<hr \/>\n<p>&nbsp;<\/p>\n<p><a class=\"dt-pswp-item\" href=\"https:\/\/www.radiopiu.net\/wordpress\/wp-content\/uploads\/2018\/09\/WhatsApp-Image-2018-09-20-at-16.04.06.jpeg\" data-dt-img-description=\"\" data-large_image_width=\"800\" data-large_image_height=\"100\"><img loading=\"lazy\" decoding=\"async\" class=\"wp-image-61378 size-full aligncenter\" src=\"https:\/\/www.radiopiu.net\/wordpress\/wp-content\/uploads\/2018\/09\/WhatsApp-Image-2018-09-20-at-16.04.06.jpeg\" alt=\"\" width=\"800\" height=\"100\" srcset=\"https:\/\/www.radiopiu.net\/wordpress\/wp-content\/uploads\/2018\/09\/WhatsApp-Image-2018-09-20-at-16.04.06.jpeg 800w, https:\/\/www.radiopiu.net\/wordpress\/wp-content\/uploads\/2018\/09\/WhatsApp-Image-2018-09-20-at-16.04.06-300x38.jpeg 300w, https:\/\/www.radiopiu.net\/wordpress\/wp-content\/uploads\/2018\/09\/WhatsApp-Image-2018-09-20-at-16.04.06-768x96.jpeg 768w\" sizes=\"auto, (max-width: 800px) 100vw, 800px\" \/><\/a><\/p>\n<p><center><\/center><b>\u00a0\u00a0<\/b><\/p>\n<p><center><\/center><b>OGGI <\/b>Tempo ben soleggiato con cielo sereno, aria limpida ed ottima visibilit\u00e0, salvo nebbie notturne in Valbelluna e qualche nube residua su Dolomiti nord fino al primo mattino. <b>Precipitazioni: <\/b>Assenti . <b>Temperature: <\/b>In alta quota in generale rialzo, anche sensibile oltre i 2000 m, mentre saranno in calo le minime sotto i 1500 m.<\/p>\n<p>&nbsp;<\/p>\n<hr \/>\n<p><center><\/center><b>DOMANI: <\/b>Stupenda giornata soleggiata con cielo sereno e al pi\u00f9 qualche sottile velatura al mattino e verso sera, ed ottima visibilit\u00e0. In alcune conche prealpine (Valbelluna) e fondovalle a ridosso della pedemontana nebbie e nubi basse saranno presenti durante le ore pi\u00f9 fredde, in alcuni casi anche per buona parte del mattino. <b>Precipitazioni: <\/b>Assenti\u00a0 <b>Temperature: <\/b>Temperature in ulteriore marcato rialzo in quota fino a 7\/9 \u00b0C superiori alla media, meno nelle valli, specie nei settori in ombra, con forte inversione termica.<\/p>\n<p>&nbsp;<\/p>\n<hr \/>\n<p><center><\/center><strong>LUNEDI<\/strong> Stesse condizioni meteorologiche del giorno precedente con predominio del sole, del cielo sereno e dell&#8217;ottima visibilit\u00e0 su tutta la montagna veneta, eccetto alcuni fondovalle e conche prealpine (Valbelluna), dove l&#8217;insidia nebbia crescer\u00e0 e non solo durante le ore pi\u00f9 fredde. Temperature in ulteriore lieve rialzo in quota e senza notevoli variazioni di rilievo nelle valli; l&#8217;inversione termica sar\u00e0 sempre pi\u00f9 marcata. Venti deboli di direzione variabile nelle valli, deboli\/moderati da nord-est in quota.<\/p>\n<hr \/>\n<p><center><\/center><strong>MARTEDI<\/strong> Tempo stabile con cielo sereno o al pi\u00f9 poco nuvoloso nel pomeriggio\/sera per qualche velatura. Temperature stazionarie con valori sempre anormalmente elevati per il periodo in quota (zero termico a 3300 m) e forte inversione termica nelle valli.<\/p>\n<p><center><\/center>&nbsp;<\/p>\n<p>&nbsp;<\/p>\n<hr \/>\n<p>&nbsp;<\/p>\n<p><img loading=\"lazy\" decoding=\"async\" class=\"wp-image-60761 size-full aligncenter\" src=\"https:\/\/www.radiopiu.net\/wordpress\/wp-content\/uploads\/2018\/09\/sport.jpg\" alt=\"\" width=\"800\" height=\"100\" srcset=\"https:\/\/www.radiopiu.net\/wordpress\/wp-content\/uploads\/2018\/09\/sport.jpg 800w, https:\/\/www.radiopiu.net\/wordpress\/wp-content\/uploads\/2018\/09\/sport-300x38.jpg 300w, https:\/\/www.radiopiu.net\/wordpress\/wp-content\/uploads\/2018\/09\/sport-768x96.jpg 768w\" sizes=\"auto, (max-width: 800px) 100vw, 800px\" \/><\/p>\n<p>&nbsp;<\/p>\n<p><span style=\"color: #0000ff;\"><strong>HOCKEY SU GHIACCIO<\/strong><\/span><\/p>\n<blockquote>\n<h3>ALLEGHE A TORRE PELLICE PER LA VENTESIMA GIORNATA DI IHL<\/h3>\n<\/blockquote>\n<p><strong><a class=\"dt-pswp-item\" href=\"https:\/\/www.radiopiu.net\/wordpress\/wp-content\/uploads\/2023\/12\/81dad2fd-2b52-4f72-b062-0d5e16bd28e1.jpg\" data-dt-img-description=\"\" data-large_image_width=\"1024\" data-large_image_height=\"768\"><img loading=\"lazy\" decoding=\"async\" class=\" wp-image-366203 alignleft\" src=\"https:\/\/www.radiopiu.net\/wordpress\/wp-content\/uploads\/2023\/12\/81dad2fd-2b52-4f72-b062-0d5e16bd28e1-300x225.jpg\" alt=\"\" width=\"183\" height=\"137\" srcset=\"https:\/\/www.radiopiu.net\/wordpress\/wp-content\/uploads\/2023\/12\/81dad2fd-2b52-4f72-b062-0d5e16bd28e1-300x225.jpg 300w, https:\/\/www.radiopiu.net\/wordpress\/wp-content\/uploads\/2023\/12\/81dad2fd-2b52-4f72-b062-0d5e16bd28e1-768x576.jpg 768w, https:\/\/www.radiopiu.net\/wordpress\/wp-content\/uploads\/2023\/12\/81dad2fd-2b52-4f72-b062-0d5e16bd28e1.jpg 1024w\" sizes=\"auto, (max-width: 183px) 100vw, 183px\" \/><\/a>DI ROBERTO MIANA, PORTAVOCE DELL&#8217;ALLEGHE HOCKEY<\/strong><\/p>\n<p>Ventesima giornata (nona del girone di ritorno) di Regular Season del campionato IHL di hockey su ghiaccio. Sabato 16 dicembre alle 20:30 l\u2019Alleghe gioca in trasferta contro il Valpellice. Al \u201cDe Toni\u201d, nel derby infrasettimanale tra Alleghe e Feltre che ha visto la vittoria dagli Agordini 4-3, non \u00e8 mancato lo spettacolo sia sul ghiaccio che sugli spalti, oltre 700 spettatori hanno fatto da cornice ad una bellissima ed avvincente partita con le due squadre che si sono date battaglia fino all\u2019ultimo disco. L\u2019Alleghe, dopo 17 partite giocate, \u00e8 quinto in classifica con 30 punti. Il russo Nikolai Zherdev \u00e8 il top scorrer della squadra con 24 punti (11 gol e 13 assist), seguito dal finlandese Juho M\u00e4kel\u00e4 e da Gabriel Vinatzer entrambi con 20 punti (8+12). Il calendario di Regular Season mette ora in programma per i Biancorossi la lunga trasferta in terra piemontese contro una Valpe in difficolt\u00e0, ma assolutamente da non sottovalutare da parte dei ragazzi di coach Scapinello, impegnati nel difendere il quinto posto fondamentale per l\u2019accesso diretto ai playoff. Il Valpellice, prima del turno di riposo infrasettimanale, era stato sconfitto 0-3 in trasferta dal Dobbiaco, nella sfida tra le deluse di questo campionato. Piemontesi che arrivano alla sfida contro l\u2019Alleghe dopo nove sconfitte consecutive, undicesima e ultima posizione occupata in classifica con 7 punti e il peggior attacco del torneo con 24 reti in diciassette partite giocate. Il migliore realizzatore della squadra \u00e8 il ventitreenne attaccante Filippo Salvai, autore di 5 gol e 2 assist.<br \/>\nNei 7 precedenti tra Alleghe e Valpellice il bilancio vede 3 successi Alleghesi e 4 Torresi. Civette che nei 3 precedenti al Cotta Morandini di Torre Pellice sono sempre uscite sconfitte. Nella gara di andata, disputata al De Toni di Alleghe il 28 ottobre, gli Alleghesi si sono imposti con un netto 5-0.<br \/>\n<strong>HC VALPELLICE &#8211; ALLEGHE hockey <\/strong>Sabato 16 dicembre ore 20:30 &#8211; Palaghiaccio Cotta Morandini di Torre Pellice (To). Arbitri: Willy Vinicio Volcan e Simone Lega con giudici di linea Aleksandr Petrov e Simone Vignolo. Collegamenti in DIRETTA RADIOFONICA su Radio Pi\u00f9 (www.radiopiu.net) con \u201cHockey al punto giusto\u201d, in studio Marco Gaz e da Torre Pellice interventi di Roberto Miana<\/p>\n<p>&nbsp;<\/p>\n<blockquote>\n<h3>IN CAMPO ANCHE IL FELTRE CHE OSPITA IL DOBBIACO<\/h3>\n<\/blockquote>\n<p><strong>REDAZIONE<\/strong> Tornano in campo anche i picchi di Feltre che stasera alle 19:30 giocheranno al PalaFeltre contro il Dobbiaco. Gli altoatesini escono da una bella vittoria contro il Bressanone e cercheranno di mettere in difficolt\u00e0 anche i feltrini che gioved\u00ec sera hanno perso il derby con l&#8217;Alleghe.<\/p>\n<p><strong>LA CLASSIFICA:\u00a0<\/strong>Caldaro 45, Pergine 40, Appiano e Varese 35, Alleghe 30, Feltre 28, Como e Fiemme 21, Bressanone 14, Dobbiaco 9, Valpellice 7<\/p>\n<p>&nbsp;<\/p>\n<p><span style=\"color: #0000ff;\"><strong>CALCIO<\/strong><\/span><\/p>\n<blockquote>\n<h3>AGORDINA E PIEVE OGGI IN CAMPO<\/h3>\n<\/blockquote>\n<p><strong><a class=\"dt-pswp-item\" href=\"https:\/\/www.radiopiu.net\/wordpress\/wp-content\/uploads\/2022\/04\/CALCIO.jpg\" data-dt-img-description=\"\" data-large_image_width=\"1920\" data-large_image_height=\"1280\"><img loading=\"lazy\" decoding=\"async\" class=\" wp-image-270520 alignleft\" src=\"https:\/\/www.radiopiu.net\/wordpress\/wp-content\/uploads\/2022\/04\/CALCIO-300x200.jpg\" alt=\"\" width=\"137\" height=\"91\" srcset=\"https:\/\/www.radiopiu.net\/wordpress\/wp-content\/uploads\/2022\/04\/CALCIO-300x200.jpg 300w, https:\/\/www.radiopiu.net\/wordpress\/wp-content\/uploads\/2022\/04\/CALCIO-1024x683.jpg 1024w, https:\/\/www.radiopiu.net\/wordpress\/wp-content\/uploads\/2022\/04\/CALCIO-768x512.jpg 768w, https:\/\/www.radiopiu.net\/wordpress\/wp-content\/uploads\/2022\/04\/CALCIO-1536x1024.jpg 1536w, https:\/\/www.radiopiu.net\/wordpress\/wp-content\/uploads\/2022\/04\/CALCIO.jpg 1920w\" sizes=\"auto, (max-width: 137px) 100vw, 137px\" \/><\/a>REDAZIONE<\/strong> Ultimo atto del girone di andata della Terza Categoria. Si giocano questo fine settimana le partite valide per il recupero della dodicesima giornata di campionato che non si erano giocate per il maltempo di due settimane fa. Sar\u00e0 una giornata spezzatino con le squadre che si sono concordate per disputare le partite tra oggi e domani. Agordina in campo oggi alle 15:30 contro il Valzoldana. In origine la partita doveva essere giocata in Zoldo ma si \u00e8 concordato per il cambio di campo quindi il match andr\u00e0 in scena all\u2019Ivano Dorigo di Agordo. Si prospetta una partita interessante con le squadre divise da un solo punto in classifica. I ragazzi di Agordo hanno bisogno di punti per iniziare al meglio la seconda fase della stagione. Sempre oggi, ma alle 15, in campo anche il Piave con i bellunesi che giocheranno a Salce contro Domegge. Sulla carta i cadorini sono i favoriti ma la squadra di Belluno ha saputo mettere in difficolt\u00e0 le squadre migliori del campionato provinciale.<\/p>\n<p><strong>LE PARTITE IN PROGRAMMA:<\/strong> Oggi alle 15\u00a0 Piave &#8211; Domegge, alle 15:30 Agordina &#8211; Valzoldana<\/p>\n<p><strong>LA CLASSIFICA DELLA TERZA CATEGORIA:<\/strong>\u00a0Gemelle 29, Auronzo 24, Domegge 23, San Vittore e Fortogna 22, Alpes Cesio 21, Agordina 18, Valzoldana 17, Piave, Dynamo Vellai e Cortina 15, Tambre 6, Lamonese 4, Cadore 1919 3<\/p>\n<p>&nbsp;<\/p>\n<p>&nbsp;<\/p>\n","protected":false},"excerpt":{"rendered":"<p>***** &nbsp; 40esimo di RADIOPIU\u2026. LA VOCE DELL\u2019EMOZIONE ISCRIVITI AL NOSTRO CANALE\u00a0\u00a0YOUTUBE PER SEGUIRE IN DIRETTA I PRINCIPALI PROGRAMMI DI RADIO PIU\u2019 E LE FUTURE DIRETTE IN ESTERNA. PER ISCRIVERTI CLICCA QUI\u00a0E PREMI\u00a0 \u201cIscriviti\u201d\u00a0 &nbsp; &nbsp; i podcast informativi del mattino &#8211; audio &#8211;\u00a0 LA RASSEGNA STAMPA NAZIONALE ALLA RADIO, OGNI GIORNO ALLE 5 E&hellip;<\/p>\n","protected":false},"author":4,"featured_media":366256,"comment_status":"closed","ping_status":"closed","sticky":false,"template":"","format":"standard","meta":{"_monsterinsights_skip_tracking":false,"_monsterinsights_sitenote_active":false,"_monsterinsights_sitenote_note":"","_monsterinsights_sitenote_category":0,"footnotes":""},"categories":[51,86,49],"tags":[],"class_list":["post-366101","post","type-post","status-publish","format-standard","has-post-thumbnail","hentry","category-evidenza-top","category-gr","category-news-18","category-51","category-86","category-49","description-off"],"img_url":"https:\/\/www.radiopiu.net\/wordpress\/wp-content\/uploads\/2023\/12\/e812616f-eeb3-4584-a03b-2f4a97817adc.jpg","_links":{"self":[{"href":"https:\/\/www.radiopiu.net\/wordpress\/wp-json\/wp\/v2\/posts\/366101","targetHints":{"allow":["GET"]}}],"collection":[{"href":"https:\/\/www.radiopiu.net\/wordpress\/wp-json\/wp\/v2\/posts"}],"about":[{"href":"https:\/\/www.radiopiu.net\/wordpress\/wp-json\/wp\/v2\/types\/post"}],"author":[{"embeddable":true,"href":"https:\/\/www.radiopiu.net\/wordpress\/wp-json\/wp\/v2\/users\/4"}],"replies":[{"embeddable":true,"href":"https:\/\/www.radiopiu.net\/wordpress\/wp-json\/wp\/v2\/comments?post=366101"}],"version-history":[{"count":0,"href":"https:\/\/www.radiopiu.net\/wordpress\/wp-json\/wp\/v2\/posts\/366101\/revisions"}],"wp:featuredmedia":[{"embeddable":true,"href":"https:\/\/www.radiopiu.net\/wordpress\/wp-json\/wp\/v2\/media\/366256"}],"wp:attachment":[{"href":"https:\/\/www.radiopiu.net\/wordpress\/wp-json\/wp\/v2\/media?parent=366101"}],"wp:term":[{"taxonomy":"category","embeddable":true,"href":"https:\/\/www.radiopiu.net\/wordpress\/wp-json\/wp\/v2\/categories?post=366101"},{"taxonomy":"post_tag","embeddable":true,"href":"https:\/\/www.radiopiu.net\/wordpress\/wp-json\/wp\/v2\/tags?post=366101"}],"curies":[{"name":"wp","href":"https:\/\/api.w.org\/{rel}","templated":true}]}}