{"id":366123,"date":"2023-12-15T05:03:22","date_gmt":"2023-12-15T04:03:22","guid":{"rendered":"https:\/\/www.radiopiu.net\/wordpress\/?p=366123"},"modified":"2023-12-15T05:04:20","modified_gmt":"2023-12-15T04:04:20","slug":"patteggiamento-per-diego-feltrin-il-padre-di-nicolo-24-mesi-per-omicidio-colposo-e-morte-come-conseguenza-di-reato","status":"publish","type":"post","link":"https:\/\/www.radiopiu.net\/wordpress\/patteggiamento-per-diego-feltrin-il-padre-di-nicolo-24-mesi-per-omicidio-colposo-e-morte-come-conseguenza-di-reato\/","title":{"rendered":"Patteggiamento per Diego Feltrin, il padre di Nicolo&#8217;: 24 mesi per omicidio colposo e morte come conseguenza di reato"},"content":{"rendered":"<p>\u00b0\u00b0\u00b0<\/p>\n<p>&nbsp;<\/p>\n<p><strong><img loading=\"lazy\" decoding=\"async\" class=\"alignleft\" src=\"https:\/\/www.radiopiu.net\/wordpress\/wp-content\/uploads\/2023\/12\/WhatsApp-Image-2022-07-30-at-14.46.35_censored-krcE-U46100453344946CQH-656x492@CorriereVeneto-Web-Veneto.jpg\" width=\"137\" height=\"103\" \/>BELLUNO <\/strong>La Procura ha proposto un accordo di patteggiamento a 24 mesi a Diego Feltrin, il padre del piccolo Nicolo&#8217;, la cui tragica morte scosse la comunit\u00e0 di Codissago. La pena \u00e8 sospesa e riguarda l&#8217;accusa di omicidio colposo e morte come conseguenza di reato. Se l&#8217;accordo sar\u00e0 accettato, Feltrin brucer\u00e0 la condizionale, ma eviter\u00e0 la detenzione. La morte di Diego non \u00e8 stata causata dall&#8217;ingestione di terriccio al parco giochi, come inizialmente ipotizzato, ma da un&#8217;intossicazione da sostanze stupefacenti rinvenute in casa. Attualmente, Diego Feltrin risiede nel pordenonese insieme alla compagna Serena.<\/p>\n<p>___<\/p>\n<p>&nbsp;<\/p>\n<p>ARCHIVIO RADIOPIU<\/p>\n<blockquote>\n<h3><em>Diego Feltrin, il padre del piccolo Nicol\u00f2 \u00e8 indagato,\u00a0 potrebbe aver violato l\u2019obbligo di vigilanza nei confronti del minore\u00a0 al parco Sydney di Codissago.\u00a0\u00a0<\/em><\/h3>\n<\/blockquote>\n<div class=\"flex-1 overflow-hidden\">\n<div class=\"react-scroll-to-bottom--css-udkat-79elbk h-full dark:bg-gray-800\">\n<div class=\"react-scroll-to-bottom--css-udkat-1n7m0yu\">\n<div class=\"flex flex-col text-sm dark:bg-gray-800\">\n<div class=\"group w-full text-gray-800 dark:text-gray-100 border-b border-black\/10 dark:border-gray-900\/50 bg-gray-50 dark:bg-[#444654]\">\n<div class=\"flex p-4 gap-4 text-base md:gap-6 md:max-w-2xl lg:max-w-[38rem] xl:max-w-3xl md:py-6 lg:px-0 m-auto\">\n<div class=\"relative flex w-[calc(100%-50px)] flex-col gap-1 md:gap-3 lg:w-[calc(100%-115px)]\">\n<div class=\"flex flex-grow flex-col gap-3\">\n<div class=\"min-h-[20px] flex flex-col items-start gap-4 whitespace-pre-wrap break-words\">\n<div class=\"markdown prose w-full break-words dark:prose-invert light\">\n<p><strong class=\"photoswipe-wrapper\"><a class=\"dt-pswp-item pspw-wrap-ready\" href=\"https:\/\/www.radiopiu.net\/wordpress\/wp-content\/uploads\/2022\/08\/SSSS.jpg\" data-dt-img-description=\"\" data-large_image_width=\"501\" data-large_image_height=\"286\"><img loading=\"lazy\" decoding=\"async\" class=\" wp-image-290285 alignleft\" src=\"https:\/\/www.radiopiu.net\/wordpress\/wp-content\/uploads\/2022\/08\/SSSS-150x150.jpg\" alt=\"\" width=\"89\" height=\"89\" \/><\/a>LONGARONE<\/strong>\u00a0\u00c8 stato un tragico epilogo per il piccolo Nicol\u00f2, il cui decesso prematuro \u00e8 stato attribuito all\u2019ingestione di hashish. Il pubblico ministero Simone Marcon ha tra le mani l\u2019autopsia\u00a0 del medico legale Antonello Cirnelli,\u00a0 consulenza\u00a0 dello scorso 3 agosto. Elementi\u00a0 che consentiranno al magistrato di concludere le indagini sul padre del bambino, Diego Feltrin. Secondo l\u2019ipotesi investigativa della Procura, la mattina del 28 luglio il bambino avrebbe ingerito droga trovata in casa e sarebbe poi deceduto per arresto cardiaco da intossicazione, mentre era in cura al Pronto Soccorso dell\u2019Ospedale Giovanni Paolo II di Pieve. Indagato per omicidio colposo il padre Diego Feltrin, difeso dall\u2019avvocato Massimiliano Xaiz<\/p>\n<\/div>\n<\/div>\n<\/div>\n<\/div>\n<\/div>\n<\/div>\n<\/div>\n<\/div>\n<\/div>\n<\/div>\n","protected":false},"excerpt":{"rendered":"<p>\u00b0\u00b0\u00b0 &nbsp; BELLUNO La Procura ha proposto un accordo di patteggiamento a 24 mesi a Diego Feltrin, il padre del piccolo Nicolo&#8217;, la cui tragica morte scosse la comunit\u00e0 di Codissago. La pena \u00e8 sospesa e riguarda l&#8217;accusa di omicidio colposo e morte come conseguenza di reato. Se l&#8217;accordo sar\u00e0 accettato, Feltrin brucer\u00e0 la condizionale,&hellip;<\/p>\n","protected":false},"author":4,"featured_media":366124,"comment_status":"closed","ping_status":"closed","sticky":false,"template":"","format":"standard","meta":{"_monsterinsights_skip_tracking":false,"_monsterinsights_sitenote_active":false,"_monsterinsights_sitenote_note":"","_monsterinsights_sitenote_category":0,"footnotes":""},"categories":[51,49],"tags":[],"class_list":["post-366123","post","type-post","status-publish","format-standard","has-post-thumbnail","hentry","category-evidenza-top","category-news-18","category-51","category-49","description-off"],"img_url":"https:\/\/www.radiopiu.net\/wordpress\/wp-content\/uploads\/2023\/12\/WhatsApp-Image-2022-07-30-at-14.46.35_censored-krcE-U46100453344946CQH-656x492@CorriereVeneto-Web-Veneto.jpg","_links":{"self":[{"href":"https:\/\/www.radiopiu.net\/wordpress\/wp-json\/wp\/v2\/posts\/366123","targetHints":{"allow":["GET"]}}],"collection":[{"href":"https:\/\/www.radiopiu.net\/wordpress\/wp-json\/wp\/v2\/posts"}],"about":[{"href":"https:\/\/www.radiopiu.net\/wordpress\/wp-json\/wp\/v2\/types\/post"}],"author":[{"embeddable":true,"href":"https:\/\/www.radiopiu.net\/wordpress\/wp-json\/wp\/v2\/users\/4"}],"replies":[{"embeddable":true,"href":"https:\/\/www.radiopiu.net\/wordpress\/wp-json\/wp\/v2\/comments?post=366123"}],"version-history":[{"count":0,"href":"https:\/\/www.radiopiu.net\/wordpress\/wp-json\/wp\/v2\/posts\/366123\/revisions"}],"wp:featuredmedia":[{"embeddable":true,"href":"https:\/\/www.radiopiu.net\/wordpress\/wp-json\/wp\/v2\/media\/366124"}],"wp:attachment":[{"href":"https:\/\/www.radiopiu.net\/wordpress\/wp-json\/wp\/v2\/media?parent=366123"}],"wp:term":[{"taxonomy":"category","embeddable":true,"href":"https:\/\/www.radiopiu.net\/wordpress\/wp-json\/wp\/v2\/categories?post=366123"},{"taxonomy":"post_tag","embeddable":true,"href":"https:\/\/www.radiopiu.net\/wordpress\/wp-json\/wp\/v2\/tags?post=366123"}],"curies":[{"name":"wp","href":"https:\/\/api.w.org\/{rel}","templated":true}]}}